{"id":835,"date":"2012-12-04T09:57:00","date_gmt":"2012-12-04T08:57:00","guid":{"rendered":"http:\/\/blogg.svenskakyrkan.se\/vandravagen\/2012\/12\/04\/vad-betyder-hosianna-egentligen\/"},"modified":"2012-12-04T09:57:00","modified_gmt":"2012-12-04T08:57:00","slug":"vad-betyder-hosianna-egentligen","status":"publish","type":"post","link":"https:\/\/blogg.svenskakyrkan.se\/vandravagen\/2012\/12\/04\/vad-betyder-hosianna-egentligen\/","title":{"rendered":"Vad betyder Hosianna egentligen?"},"content":{"rendered":"<div><a href=\"https:\/\/encrypted-tbn0.gstatic.com\/images?q=tbn:ANd9GcTB1sF6aSJjwqfeiXagnrw1tphmuCq0FzVov1QfIZ7Ti34UtN_apg\"><img decoding=\"async\" border=\"0\" src=\"https:\/\/encrypted-tbn0.gstatic.com\/images?q=tbn:ANd9GcTB1sF6aSJjwqfeiXagnrw1tphmuCq0FzVov1QfIZ7Ti34UtN_apg\"><\/a><\/div>\n<p>S\u00e5h\u00e4r i adventstider kanske en och annan funderar p\u00e5 vad ordet &#8221;Hosianna&#8221; som ju \u00e4r aktuellt d\u00e5 (men som jag redan n\u00e4mnt <a href=\"http:\/\/vagenixp.blogspot.se\/2012\/12\/glad-forsta-advent-varje-vecka.html\">ocks\u00e5 varje g\u00e5ng vi firar nattvard<\/a>) egentligen betyder?<\/p>\n<p>Hosianna \u00e4r ord av den handfull som f\u00e5tt st\u00e5 kvar o\u00f6versatt i bibeln \u00e4nda in i v\u00e5ra dagar (som annars &#8221;halleluja&#8221; och &#8221;<a href=\"http:\/\/vagenixp.blogspot.se\/2012\/10\/amen-vad-betyder-det-egentligen.html\">amen<\/a>&#8221;fr\u00e5n hebreiska, &#8221;abba&#8221; p\u00e5 arameiska och &#8221;kyrie&#8221; p\u00e5 grekiska).<\/p>\n<p>Jag har l\u00e4st en gnutta hebreiska och minns det vilda gl\u00e4djen (p\u00e5 ett mycket torrt akademiskt s\u00e4tt f\u00f6rst\u00e5s) n\u00e4r jag ins\u00e5g att jag faktiskt f\u00f6rstod ordet. Sedan dess har det hunnit bli lite mer oklart igen tyv\u00e4rr s\u00e5 till den h\u00e4r bloggposten har jag f\u00e5tt konsultera min jourhavande hebraist Simon och rett ut det hela med honom.<\/p>\n<p>Hosianna \u00e4r byggt p\u00e5 en hifil-stamform av verbet &#8221;jasha&#8221;(<span>\u05d9<\/span><span>\u05e9\u05c1\u05e2<\/span>), som \u00e4r ordet f\u00f6r att <i>r\u00e4dda<\/i> eller <i>fr\u00e4lsa<\/i>. Just hifilformen anv\u00e4nds n\u00e4r man vill att n\u00e5gon ska orsaka en f\u00f6r\u00e4ndring (Gud i det h\u00e4r fallet). Det lilla till\u00e4gget &#8221;nah&#8221; p\u00e5 slutet fungerar som f\u00f6rst\u00e4rkning (egentligen en fr\u00e5gepartikel) som insk\u00e4rper att det \u00e4r r\u00e4tt akut det hela.<\/p>\n<p>Det blev mycket grammatiska termer d\u00e4r men meningen blir ungef\u00e4r &#8221;Ordna r\u00e4ddning \u00e5t oss (med dubbla utropstecken)&#8221;. En hebr\u00e9 som trampar genom isen skulle kunna anv\u00e4nda frasen f\u00f6r att ropa p\u00e5 hj\u00e4lp, ordet kan anv\u00e4ndas helt vardagligt. I 2 sam 14:4 och 2 kung 6:26 anv\u00e4nds ordet n\u00e4r m\u00e4nniskor ber kungen om hj\u00e4lp.<\/p>\n<p>D\u00e5 kan man ju undra varf\u00f6r de sjunger det glatt och jublande medan viftar med palmblad under Jesu int\u00e5g. Jo, f\u00f6r de sjunger p\u00e5 en psalm ur psaltaren! Fr\u00e5n jubelpsalmen 118! D\u00e4r st\u00e5r det:<\/p>\n<\/p>\n<div><span>22<\/span>Stenen som husbyggarna ratade<\/div>\n<div>har blivit en h\u00f6rnsten.<\/div>\n<div><span>23<\/span>Detta \u00e4r Herrens eget verk,<\/div>\n<div>det st\u00e5r f\u00f6r v\u00e5ra \u00f6gon som ett under.<\/div>\n<div><span>24<\/span>Detta \u00e4r dagen d\u00e5 Herren grep in.<\/div>\n<div>L\u00e5t oss jubla och vara glada!<\/div>\n<div><b><span>25<\/span>Herre, hj\u00e4lp oss! (hosianna i grundtexten!)<\/b><\/div>\n<div><b>Herre, ge framg\u00e5ng!<\/b><\/div>\n<div><b><span>26<\/span>V\u00e4lsignad den som kommer i Herrens namn!<\/b><\/div>\n<div>Vi v\u00e4lsignar er fr\u00e5n Herrens hus.<\/div>\n<div><span>27<\/span>Herren \u00e4r Gud. Han gav oss ljus.<\/div>\n<div><b>Ordna er till procession, med kvistar i h\u00e4nderna,<\/b><\/div>\n<div><b>\u00e4nda till altarets horn!<\/b><\/div>\n<div><span>28<\/span>Du \u00e4r min Gud, jag vill tacka dig.<\/div>\n<div>Min Gud, jag vill h\u00f6ja ditt lov.<\/div>\n<div><span>29<\/span>Tacka Herren, ty han \u00e4r god,<\/div>\n<div>evigt varar hans n\u00e5d. (bibel 2000)<\/div>\n<\/p>\n<div>\n<div><b><br \/><\/b><\/div>\n<p><span>Som du kan se \u00e4r det samma ord som vi sjunger \u00e4n idag, och ropen p\u00e5 hj\u00e4lp tar allts\u00e5 lite f\u00e4rg av jubel. Bj\u00f6rn Frennesson, pr\u00e4st och doktor i semitiska spr\u00e5k, sa en g\u00e5ng att Hosianna kan \u00f6vers\u00e4ttas p\u00e5 en g\u00e5ng till &#8221;hj\u00e4lp!&#8221; och &#8221;hurra!&#8221;, och hurraet kommer allts\u00e5 fr\u00e5n sammanhanget i psalmen.<\/span><br \/><span><br \/><\/span><span>Och kvistarna i h\u00e4nderna finns d\u00e4r ocks\u00e5 i vers 27. Mycket intressant. Jag \u00e4lskar n\u00e4r man hittar fler och fler klangbottnar som f\u00f6rklarar bibeln.<\/span><br \/><span><br \/><\/span><span>Som gr\u00e4dde p\u00e5 moset s\u00e5 \u00e4r det till och med s\u00e5 att Jesu eget namn (p\u00e5 hebreiska &#8221;Joshua&#8221;) bygger p\u00e5 precis samma ordstam. Det betyder ungef\u00e4r &#8221;Gud \u00e4r r\u00e4ddningen&#8221;, vilket ju passar mycket bra som namn p\u00e5 fr\u00e4lsaren.<\/span><\/div>\n<ul><\/ul>\n","protected":false},"excerpt":{"rendered":"<p>S\u00e5h\u00e4r i adventstider kanske en och annan funderar p\u00e5 vad ordet &#8221;Hosianna&#8221; som ju \u00e4r aktuellt d\u00e5 (men som jag redan n\u00e4mnt ocks\u00e5 varje g\u00e5ng vi firar nattvard) egentligen betyder? Hosianna \u00e4r ord av den handfull som f\u00e5tt st\u00e5 kvar o\u00f6versatt i bibeln \u00e4nda in i v\u00e5ra dagar (som annars &#8221;halleluja&#8221; och &#8221;amen&#8221;fr\u00e5n hebreiska, &#8221;abba&#8221; [&hellip;]<\/p>\n","protected":false},"author":392,"featured_media":0,"comment_status":"open","ping_status":"open","sticky":false,"template":"","format":"standard","meta":{"_acf_changed":false,"footnotes":""},"categories":[14252,8252,45265],"tags":[],"class_list":["post-835","post","type-post","status-publish","format-standard","hentry","category-bibel","category-kyrkoaret","category-ord"],"acf":[],"yoast_head":"<!-- This site is optimized with the Yoast SEO plugin v27.1.1 - https:\/\/yoast.com\/product\/yoast-seo-wordpress\/ -->\n<title>Vad betyder Hosianna egentligen? - Vandra V\u00e4gen<\/title>\n<meta name=\"robots\" content=\"index, follow, max-snippet:-1, max-image-preview:large, max-video-preview:-1\" \/>\n<link rel=\"canonical\" href=\"https:\/\/blogg.svenskakyrkan.se\/vandravagen\/2012\/12\/04\/vad-betyder-hosianna-egentligen\/\" \/>\n<meta property=\"og:locale\" content=\"sv_SE\" \/>\n<meta property=\"og:type\" content=\"article\" \/>\n<meta property=\"og:title\" content=\"Vad betyder Hosianna egentligen? - Vandra V\u00e4gen\" \/>\n<meta property=\"og:description\" content=\"S\u00e5h\u00e4r i adventstider kanske en och annan funderar p\u00e5 vad ordet &#8221;Hosianna&#8221; som ju \u00e4r aktuellt d\u00e5 (men som jag redan n\u00e4mnt ocks\u00e5 varje g\u00e5ng vi firar nattvard) egentligen betyder? Hosianna \u00e4r ord av den handfull som f\u00e5tt st\u00e5 kvar o\u00f6versatt i bibeln \u00e4nda in i v\u00e5ra dagar (som annars &#8221;halleluja&#8221; och &#8221;amen&#8221;fr\u00e5n hebreiska, &#8221;abba&#8221; [&hellip;]\" \/>\n<meta property=\"og:url\" content=\"https:\/\/blogg.svenskakyrkan.se\/vandravagen\/2012\/12\/04\/vad-betyder-hosianna-egentligen\/\" \/>\n<meta property=\"og:site_name\" content=\"Vandra V\u00e4gen\" \/>\n<meta property=\"article:publisher\" content=\"http:\/\/facebook.com\/vandravagen\" \/>\n<meta property=\"article:published_time\" content=\"2012-12-04T08:57:00+00:00\" \/>\n<meta property=\"og:image\" content=\"https:\/\/encrypted-tbn0.gstatic.com\/images?q=tbn:ANd9GcTB1sF6aSJjwqfeiXagnrw1tphmuCq0FzVov1QfIZ7Ti34UtN_apg\" \/>\n<meta name=\"author\" content=\"Tomas Jarvid\" \/>\n<meta name=\"twitter:card\" content=\"summary_large_image\" \/>\n<meta name=\"twitter:creator\" content=\"@fadertomas\" \/>\n<meta name=\"twitter:site\" content=\"@fadertomas\" \/>\n<meta name=\"twitter:label1\" content=\"Skriven av\" \/>\n\t<meta name=\"twitter:data1\" content=\"Tomas Jarvid\" \/>\n\t<meta name=\"twitter:label2\" content=\"Ber\u00e4knad l\u00e4stid\" \/>\n\t<meta name=\"twitter:data2\" content=\"3 minuter\" \/>\n<script type=\"application\/ld+json\" class=\"yoast-schema-graph\">{\"@context\":\"https:\/\/schema.org\",\"@graph\":[{\"@type\":\"Article\",\"@id\":\"https:\/\/blogg.svenskakyrkan.se\/vandravagen\/2012\/12\/04\/vad-betyder-hosianna-egentligen\/#article\",\"isPartOf\":{\"@id\":\"https:\/\/blogg.svenskakyrkan.se\/vandravagen\/2012\/12\/04\/vad-betyder-hosianna-egentligen\/\"},\"author\":{\"name\":\"Tomas Jarvid\",\"@id\":\"https:\/\/blogg.svenskakyrkan.se\/vandravagen\/#\/schema\/person\/25da02d4f76b137d04291711e2c9fc16\"},\"headline\":\"Vad betyder Hosianna egentligen?\",\"datePublished\":\"2012-12-04T08:57:00+00:00\",\"mainEntityOfPage\":{\"@id\":\"https:\/\/blogg.svenskakyrkan.se\/vandravagen\/2012\/12\/04\/vad-betyder-hosianna-egentligen\/\"},\"wordCount\":557,\"commentCount\":8,\"publisher\":{\"@id\":\"https:\/\/blogg.svenskakyrkan.se\/vandravagen\/#organization\"},\"image\":{\"@id\":\"https:\/\/blogg.svenskakyrkan.se\/vandravagen\/2012\/12\/04\/vad-betyder-hosianna-egentligen\/#primaryimage\"},\"thumbnailUrl\":\"https:\/\/encrypted-tbn0.gstatic.com\/images?q=tbn:ANd9GcTB1sF6aSJjwqfeiXagnrw1tphmuCq0FzVov1QfIZ7Ti34UtN_apg\",\"articleSection\":[\"bibel\",\"kyrko\u00e5ret\",\"ord\"],\"inLanguage\":\"sv-SE\",\"potentialAction\":[{\"@type\":\"CommentAction\",\"name\":\"Comment\",\"target\":[\"https:\/\/blogg.svenskakyrkan.se\/vandravagen\/2012\/12\/04\/vad-betyder-hosianna-egentligen\/#respond\"]}]},{\"@type\":\"WebPage\",\"@id\":\"https:\/\/blogg.svenskakyrkan.se\/vandravagen\/2012\/12\/04\/vad-betyder-hosianna-egentligen\/\",\"url\":\"https:\/\/blogg.svenskakyrkan.se\/vandravagen\/2012\/12\/04\/vad-betyder-hosianna-egentligen\/\",\"name\":\"Vad betyder Hosianna egentligen? - Vandra V\u00e4gen\",\"isPartOf\":{\"@id\":\"https:\/\/blogg.svenskakyrkan.se\/vandravagen\/#website\"},\"primaryImageOfPage\":{\"@id\":\"https:\/\/blogg.svenskakyrkan.se\/vandravagen\/2012\/12\/04\/vad-betyder-hosianna-egentligen\/#primaryimage\"},\"image\":{\"@id\":\"https:\/\/blogg.svenskakyrkan.se\/vandravagen\/2012\/12\/04\/vad-betyder-hosianna-egentligen\/#primaryimage\"},\"thumbnailUrl\":\"https:\/\/encrypted-tbn0.gstatic.com\/images?q=tbn:ANd9GcTB1sF6aSJjwqfeiXagnrw1tphmuCq0FzVov1QfIZ7Ti34UtN_apg\",\"datePublished\":\"2012-12-04T08:57:00+00:00\",\"breadcrumb\":{\"@id\":\"https:\/\/blogg.svenskakyrkan.se\/vandravagen\/2012\/12\/04\/vad-betyder-hosianna-egentligen\/#breadcrumb\"},\"inLanguage\":\"sv-SE\",\"potentialAction\":[{\"@type\":\"ReadAction\",\"target\":[\"https:\/\/blogg.svenskakyrkan.se\/vandravagen\/2012\/12\/04\/vad-betyder-hosianna-egentligen\/\"]}]},{\"@type\":\"ImageObject\",\"inLanguage\":\"sv-SE\",\"@id\":\"https:\/\/blogg.svenskakyrkan.se\/vandravagen\/2012\/12\/04\/vad-betyder-hosianna-egentligen\/#primaryimage\",\"url\":\"https:\/\/encrypted-tbn0.gstatic.com\/images?q=tbn:ANd9GcTB1sF6aSJjwqfeiXagnrw1tphmuCq0FzVov1QfIZ7Ti34UtN_apg\",\"contentUrl\":\"https:\/\/encrypted-tbn0.gstatic.com\/images?q=tbn:ANd9GcTB1sF6aSJjwqfeiXagnrw1tphmuCq0FzVov1QfIZ7Ti34UtN_apg\"},{\"@type\":\"BreadcrumbList\",\"@id\":\"https:\/\/blogg.svenskakyrkan.se\/vandravagen\/2012\/12\/04\/vad-betyder-hosianna-egentligen\/#breadcrumb\",\"itemListElement\":[{\"@type\":\"ListItem\",\"position\":1,\"name\":\"Hem\",\"item\":\"https:\/\/blogg.svenskakyrkan.se\/vandravagen\/\"},{\"@type\":\"ListItem\",\"position\":2,\"name\":\"Vad betyder Hosianna egentligen?\"}]},{\"@type\":\"WebSite\",\"@id\":\"https:\/\/blogg.svenskakyrkan.se\/vandravagen\/#website\",\"url\":\"https:\/\/blogg.svenskakyrkan.se\/vandravagen\/\",\"name\":\"Vandra V\u00e4gen\",\"description\":\"-Mot en tro f\u00f6r hela livet\",\"publisher\":{\"@id\":\"https:\/\/blogg.svenskakyrkan.se\/vandravagen\/#organization\"},\"potentialAction\":[{\"@type\":\"SearchAction\",\"target\":{\"@type\":\"EntryPoint\",\"urlTemplate\":\"https:\/\/blogg.svenskakyrkan.se\/vandravagen\/?s={search_term_string}\"},\"query-input\":{\"@type\":\"PropertyValueSpecification\",\"valueRequired\":true,\"valueName\":\"search_term_string\"}}],\"inLanguage\":\"sv-SE\"},{\"@type\":\"Organization\",\"@id\":\"https:\/\/blogg.svenskakyrkan.se\/vandravagen\/#organization\",\"name\":\"ulricehamns pastorat\",\"alternateName\":\"ulricehamns pastorat\",\"url\":\"https:\/\/blogg.svenskakyrkan.se\/vandravagen\/\",\"logo\":{\"@type\":\"ImageObject\",\"inLanguage\":\"sv-SE\",\"@id\":\"https:\/\/blogg.svenskakyrkan.se\/vandravagen\/#\/schema\/logo\/image\/\",\"url\":\"https:\/\/blogg.svenskakyrkan.se\/vandravagen\/files\/2023\/05\/Ulr_logo_RGB.png\",\"contentUrl\":\"https:\/\/blogg.svenskakyrkan.se\/vandravagen\/files\/2023\/05\/Ulr_logo_RGB.png\",\"width\":205,\"height\":77,\"caption\":\"ulricehamns pastorat\"},\"image\":{\"@id\":\"https:\/\/blogg.svenskakyrkan.se\/vandravagen\/#\/schema\/logo\/image\/\"},\"sameAs\":[\"http:\/\/facebook.com\/vandravagen\",\"https:\/\/x.com\/fadertomas\",\"http:\/\/www.facebook.com\/svenskakyrkaniulricehamn\"]},{\"@type\":\"Person\",\"@id\":\"https:\/\/blogg.svenskakyrkan.se\/vandravagen\/#\/schema\/person\/25da02d4f76b137d04291711e2c9fc16\",\"name\":\"Tomas Jarvid\",\"image\":{\"@type\":\"ImageObject\",\"inLanguage\":\"sv-SE\",\"@id\":\"https:\/\/blogg.svenskakyrkan.se\/vandravagen\/#\/schema\/person\/image\/\",\"url\":\"https:\/\/secure.gravatar.com\/avatar\/7fa71899795e8f540f615a1f5ab25255dc27aa40f05ee7ddd21aac521e01bf50?s=96&d=identicon&r=g\",\"contentUrl\":\"https:\/\/secure.gravatar.com\/avatar\/7fa71899795e8f540f615a1f5ab25255dc27aa40f05ee7ddd21aac521e01bf50?s=96&d=identicon&r=g\",\"caption\":\"Tomas Jarvid\"},\"description\":\"Jag bor i Ulricehamn i V\u00e4sterg\u00f6tland och \u00e4r f\u00f6rsamlingspr\u00e4st i Svenska Kyrkan f\u00f6r Dalstorps f\u00f6rsamling i Kinds pastorat. P\u00e5 den h\u00e4r bloggen skriver jag ner tankar om vandringen som kristen.\",\"sameAs\":[\"http:\/\/www.vandravagen.se\"],\"url\":\"https:\/\/blogg.svenskakyrkan.se\/vandravagen\/author\/vandravagen\/\"}]}<\/script>\n<!-- \/ Yoast SEO plugin. -->","yoast_head_json":{"title":"Vad betyder Hosianna egentligen? - Vandra V\u00e4gen","robots":{"index":"index","follow":"follow","max-snippet":"max-snippet:-1","max-image-preview":"max-image-preview:large","max-video-preview":"max-video-preview:-1"},"canonical":"https:\/\/blogg.svenskakyrkan.se\/vandravagen\/2012\/12\/04\/vad-betyder-hosianna-egentligen\/","og_locale":"sv_SE","og_type":"article","og_title":"Vad betyder Hosianna egentligen? - Vandra V\u00e4gen","og_description":"S\u00e5h\u00e4r i adventstider kanske en och annan funderar p\u00e5 vad ordet &#8221;Hosianna&#8221; som ju \u00e4r aktuellt d\u00e5 (men som jag redan n\u00e4mnt ocks\u00e5 varje g\u00e5ng vi firar nattvard) egentligen betyder? Hosianna \u00e4r ord av den handfull som f\u00e5tt st\u00e5 kvar o\u00f6versatt i bibeln \u00e4nda in i v\u00e5ra dagar (som annars &#8221;halleluja&#8221; och &#8221;amen&#8221;fr\u00e5n hebreiska, &#8221;abba&#8221; [&hellip;]","og_url":"https:\/\/blogg.svenskakyrkan.se\/vandravagen\/2012\/12\/04\/vad-betyder-hosianna-egentligen\/","og_site_name":"Vandra V\u00e4gen","article_publisher":"http:\/\/facebook.com\/vandravagen","article_published_time":"2012-12-04T08:57:00+00:00","og_image":[{"url":"https:\/\/encrypted-tbn0.gstatic.com\/images?q=tbn:ANd9GcTB1sF6aSJjwqfeiXagnrw1tphmuCq0FzVov1QfIZ7Ti34UtN_apg","type":"","width":"","height":""}],"author":"Tomas Jarvid","twitter_card":"summary_large_image","twitter_creator":"@fadertomas","twitter_site":"@fadertomas","twitter_misc":{"Skriven av":"Tomas Jarvid","Ber\u00e4knad l\u00e4stid":"3 minuter"},"schema":{"@context":"https:\/\/schema.org","@graph":[{"@type":"Article","@id":"https:\/\/blogg.svenskakyrkan.se\/vandravagen\/2012\/12\/04\/vad-betyder-hosianna-egentligen\/#article","isPartOf":{"@id":"https:\/\/blogg.svenskakyrkan.se\/vandravagen\/2012\/12\/04\/vad-betyder-hosianna-egentligen\/"},"author":{"name":"Tomas Jarvid","@id":"https:\/\/blogg.svenskakyrkan.se\/vandravagen\/#\/schema\/person\/25da02d4f76b137d04291711e2c9fc16"},"headline":"Vad betyder Hosianna egentligen?","datePublished":"2012-12-04T08:57:00+00:00","mainEntityOfPage":{"@id":"https:\/\/blogg.svenskakyrkan.se\/vandravagen\/2012\/12\/04\/vad-betyder-hosianna-egentligen\/"},"wordCount":557,"commentCount":8,"publisher":{"@id":"https:\/\/blogg.svenskakyrkan.se\/vandravagen\/#organization"},"image":{"@id":"https:\/\/blogg.svenskakyrkan.se\/vandravagen\/2012\/12\/04\/vad-betyder-hosianna-egentligen\/#primaryimage"},"thumbnailUrl":"https:\/\/encrypted-tbn0.gstatic.com\/images?q=tbn:ANd9GcTB1sF6aSJjwqfeiXagnrw1tphmuCq0FzVov1QfIZ7Ti34UtN_apg","articleSection":["bibel","kyrko\u00e5ret","ord"],"inLanguage":"sv-SE","potentialAction":[{"@type":"CommentAction","name":"Comment","target":["https:\/\/blogg.svenskakyrkan.se\/vandravagen\/2012\/12\/04\/vad-betyder-hosianna-egentligen\/#respond"]}]},{"@type":"WebPage","@id":"https:\/\/blogg.svenskakyrkan.se\/vandravagen\/2012\/12\/04\/vad-betyder-hosianna-egentligen\/","url":"https:\/\/blogg.svenskakyrkan.se\/vandravagen\/2012\/12\/04\/vad-betyder-hosianna-egentligen\/","name":"Vad betyder Hosianna egentligen? - Vandra V\u00e4gen","isPartOf":{"@id":"https:\/\/blogg.svenskakyrkan.se\/vandravagen\/#website"},"primaryImageOfPage":{"@id":"https:\/\/blogg.svenskakyrkan.se\/vandravagen\/2012\/12\/04\/vad-betyder-hosianna-egentligen\/#primaryimage"},"image":{"@id":"https:\/\/blogg.svenskakyrkan.se\/vandravagen\/2012\/12\/04\/vad-betyder-hosianna-egentligen\/#primaryimage"},"thumbnailUrl":"https:\/\/encrypted-tbn0.gstatic.com\/images?q=tbn:ANd9GcTB1sF6aSJjwqfeiXagnrw1tphmuCq0FzVov1QfIZ7Ti34UtN_apg","datePublished":"2012-12-04T08:57:00+00:00","breadcrumb":{"@id":"https:\/\/blogg.svenskakyrkan.se\/vandravagen\/2012\/12\/04\/vad-betyder-hosianna-egentligen\/#breadcrumb"},"inLanguage":"sv-SE","potentialAction":[{"@type":"ReadAction","target":["https:\/\/blogg.svenskakyrkan.se\/vandravagen\/2012\/12\/04\/vad-betyder-hosianna-egentligen\/"]}]},{"@type":"ImageObject","inLanguage":"sv-SE","@id":"https:\/\/blogg.svenskakyrkan.se\/vandravagen\/2012\/12\/04\/vad-betyder-hosianna-egentligen\/#primaryimage","url":"https:\/\/encrypted-tbn0.gstatic.com\/images?q=tbn:ANd9GcTB1sF6aSJjwqfeiXagnrw1tphmuCq0FzVov1QfIZ7Ti34UtN_apg","contentUrl":"https:\/\/encrypted-tbn0.gstatic.com\/images?q=tbn:ANd9GcTB1sF6aSJjwqfeiXagnrw1tphmuCq0FzVov1QfIZ7Ti34UtN_apg"},{"@type":"BreadcrumbList","@id":"https:\/\/blogg.svenskakyrkan.se\/vandravagen\/2012\/12\/04\/vad-betyder-hosianna-egentligen\/#breadcrumb","itemListElement":[{"@type":"ListItem","position":1,"name":"Hem","item":"https:\/\/blogg.svenskakyrkan.se\/vandravagen\/"},{"@type":"ListItem","position":2,"name":"Vad betyder Hosianna egentligen?"}]},{"@type":"WebSite","@id":"https:\/\/blogg.svenskakyrkan.se\/vandravagen\/#website","url":"https:\/\/blogg.svenskakyrkan.se\/vandravagen\/","name":"Vandra V\u00e4gen","description":"-Mot en tro f\u00f6r hela livet","publisher":{"@id":"https:\/\/blogg.svenskakyrkan.se\/vandravagen\/#organization"},"potentialAction":[{"@type":"SearchAction","target":{"@type":"EntryPoint","urlTemplate":"https:\/\/blogg.svenskakyrkan.se\/vandravagen\/?s={search_term_string}"},"query-input":{"@type":"PropertyValueSpecification","valueRequired":true,"valueName":"search_term_string"}}],"inLanguage":"sv-SE"},{"@type":"Organization","@id":"https:\/\/blogg.svenskakyrkan.se\/vandravagen\/#organization","name":"ulricehamns pastorat","alternateName":"ulricehamns pastorat","url":"https:\/\/blogg.svenskakyrkan.se\/vandravagen\/","logo":{"@type":"ImageObject","inLanguage":"sv-SE","@id":"https:\/\/blogg.svenskakyrkan.se\/vandravagen\/#\/schema\/logo\/image\/","url":"https:\/\/blogg.svenskakyrkan.se\/vandravagen\/files\/2023\/05\/Ulr_logo_RGB.png","contentUrl":"https:\/\/blogg.svenskakyrkan.se\/vandravagen\/files\/2023\/05\/Ulr_logo_RGB.png","width":205,"height":77,"caption":"ulricehamns pastorat"},"image":{"@id":"https:\/\/blogg.svenskakyrkan.se\/vandravagen\/#\/schema\/logo\/image\/"},"sameAs":["http:\/\/facebook.com\/vandravagen","https:\/\/x.com\/fadertomas","http:\/\/www.facebook.com\/svenskakyrkaniulricehamn"]},{"@type":"Person","@id":"https:\/\/blogg.svenskakyrkan.se\/vandravagen\/#\/schema\/person\/25da02d4f76b137d04291711e2c9fc16","name":"Tomas Jarvid","image":{"@type":"ImageObject","inLanguage":"sv-SE","@id":"https:\/\/blogg.svenskakyrkan.se\/vandravagen\/#\/schema\/person\/image\/","url":"https:\/\/secure.gravatar.com\/avatar\/7fa71899795e8f540f615a1f5ab25255dc27aa40f05ee7ddd21aac521e01bf50?s=96&d=identicon&r=g","contentUrl":"https:\/\/secure.gravatar.com\/avatar\/7fa71899795e8f540f615a1f5ab25255dc27aa40f05ee7ddd21aac521e01bf50?s=96&d=identicon&r=g","caption":"Tomas Jarvid"},"description":"Jag bor i Ulricehamn i V\u00e4sterg\u00f6tland och \u00e4r f\u00f6rsamlingspr\u00e4st i Svenska Kyrkan f\u00f6r Dalstorps f\u00f6rsamling i Kinds pastorat. P\u00e5 den h\u00e4r bloggen skriver jag ner tankar om vandringen som kristen.","sameAs":["http:\/\/www.vandravagen.se"],"url":"https:\/\/blogg.svenskakyrkan.se\/vandravagen\/author\/vandravagen\/"}]}},"author_meta":{"ID":"392","user_nicename":"vandravagen","user_url":"http:\/\/www.vandravagen.se","user_registered":"2014-05-19 05:44:52","display_name":"Tomas Jarvid","first_name":"Tomas","last_name":"Jarvid","avatar":"https:\/\/secure.gravatar.com\/avatar\/7fa71899795e8f540f615a1f5ab25255dc27aa40f05ee7ddd21aac521e01bf50?s=96&d=identicon&r=g"},"featured_image":false,"bloginfo":{"name":"Vandra V\u00e4gen","url":"https:\/\/blogg.svenskakyrkan.se\/vandravagen"},"_links":{"self":[{"href":"https:\/\/blogg.svenskakyrkan.se\/vandravagen\/wp-json\/wp\/v2\/posts\/835","targetHints":{"allow":["GET"]}}],"collection":[{"href":"https:\/\/blogg.svenskakyrkan.se\/vandravagen\/wp-json\/wp\/v2\/posts"}],"about":[{"href":"https:\/\/blogg.svenskakyrkan.se\/vandravagen\/wp-json\/wp\/v2\/types\/post"}],"author":[{"embeddable":true,"href":"https:\/\/blogg.svenskakyrkan.se\/vandravagen\/wp-json\/wp\/v2\/users\/392"}],"replies":[{"embeddable":true,"href":"https:\/\/blogg.svenskakyrkan.se\/vandravagen\/wp-json\/wp\/v2\/comments?post=835"}],"version-history":[{"count":0,"href":"https:\/\/blogg.svenskakyrkan.se\/vandravagen\/wp-json\/wp\/v2\/posts\/835\/revisions"}],"wp:attachment":[{"href":"https:\/\/blogg.svenskakyrkan.se\/vandravagen\/wp-json\/wp\/v2\/media?parent=835"}],"wp:term":[{"taxonomy":"category","embeddable":true,"href":"https:\/\/blogg.svenskakyrkan.se\/vandravagen\/wp-json\/wp\/v2\/categories?post=835"},{"taxonomy":"post_tag","embeddable":true,"href":"https:\/\/blogg.svenskakyrkan.se\/vandravagen\/wp-json\/wp\/v2\/tags?post=835"}],"curies":[{"name":"wp","href":"https:\/\/api.w.org\/{rel}","templated":true}]}}