{"id":8358,"date":"2020-12-13T07:00:00","date_gmt":"2020-12-13T06:00:00","guid":{"rendered":"http:\/\/blogg.svenskakyrkan.se\/vandravagen\/?p=8358"},"modified":"2020-12-12T22:49:22","modified_gmt":"2020-12-12T21:49:22","slug":"9-blandade-tankar-pa-tredje-adventssondagen-2","status":"publish","type":"post","link":"https:\/\/blogg.svenskakyrkan.se\/vandravagen\/2020\/12\/13\/9-blandade-tankar-pa-tredje-adventssondagen-2\/","title":{"rendered":"9 blandade tankar p\u00e5 tredje adventss\u00f6ndagen"},"content":{"rendered":"\n\n\n<figure class=\"wp-block-image size-large is-style-default\"><img loading=\"lazy\" decoding=\"async\" width=\"899\" height=\"972\" src=\"https:\/\/blogg.svenskakyrkan.se\/vandravagen\/files\/2020\/12\/IMG_7183.jpg\" alt=\"\" class=\"wp-image-8359\" srcset=\"https:\/\/blogg.svenskakyrkan.se\/vandravagen\/files\/2020\/12\/IMG_7183.jpg 899w, https:\/\/blogg.svenskakyrkan.se\/vandravagen\/files\/2020\/12\/IMG_7183-300x324.jpg 300w, https:\/\/blogg.svenskakyrkan.se\/vandravagen\/files\/2020\/12\/IMG_7183-768x830.jpg 768w\" sizes=\"auto, (max-width: 899px) 100vw, 899px\" \/><figcaption>Lite s\u00e5 h\u00e4r f\u00f6re jul kan vi ju titta p\u00e5 tavlan d\u00e4r Maria med barnet i magen tr\u00e4ffar sin sl\u00e4kting Elisabet.<\/figcaption><\/figure>\n\n\n\n<ol class=\"wp-block-list\"><li>Glad s\u00f6ndag k\u00e4ra l\u00e4sare!<\/li><li>\u00c4nnu en s\u00f6ndag utan gudstj\u00e4nster. Jag har ocks\u00e5 f\u00e5tt veta att gudstj\u00e4nsterna kommer ligga nere under jul och ny\u00e5r, men idag ska jag i alla fall bemanna kyrkan mellan 10-12 om n\u00e5gra kommer dit f\u00f6r att ha enskild andakt. Sedan ska vi tr\u00e4ffa konfirmanderna via n\u00e4tet l\u00e4ngre in p\u00e5 eftermiddagen.<\/li><li>Detta att gudstj\u00e4nsterna ligger nere in p\u00e5 n\u00e4sta \u00e4r k\u00e4nns extra m\u00e4rkligt eftersom jag ska bli f\u00f6r\u00e4ldraledig fr\u00e5n 10 januari s\u00e5 ut\u00f6ver konfirmander och gudstj\u00e4nster d\u00e5 vi har konfirmandtr\u00e4ff blir det hemmalivet. Hade ju varit roligt att ha gudstj\u00e4nst ihop med f\u00f6rsamlingen innan dess k\u00e4nner jag.<\/li><li>Jag har n\u00e4stan haft sv\u00e5rt att komma ih\u00e5g att l\u00e4gga ut l\u00e4nkarna till mina bloggposter senaste tiden f\u00f6r mycket av det kreativa g\u00e5r \u00e5t till f\u00f6rsamlingens adventskalender. Den inneh\u00e5ller r\u00e4tt mycket trams men \u00e4ven en aning djupare budskap. Du kan f\u00f6lja den p\u00e5 dalstorps f\u00f6rsamling p\u00e5 Facebook eller <a href=\"https:\/\/www.youtube.com\/user\/TomasJarvid\">h\u00e4r p\u00e5 min youtubekanal<\/a>.<\/li><li>Jo just det, nu p\u00e5 morgonen avt\u00e4cker vi ju ocks\u00e5 tredje &#8221;ljustavlan&#8221; vid torget i Dalstorp. Det \u00e4r ju fint. G\u00e5 dit och titta (eller s\u00e5 kan du se den i n\u00e4mnda adventskalender).<\/li><li>Lillen h\u00e4r hemma har visst \u00e4ntligen f\u00e5tt n\u00e5gra av sina pl\u00e5gsamma t\u00e4nder s\u00e5 nu har han b\u00f6rjat sova och \u00e4ta igen och f\u00f6r\u00e4ldrarna drar en suck av l\u00e4ttnad.<\/li><li>Nu under coronatiden har jag mycket oftare \u00e4n tidigare f\u00e5tt ta emot saker m\u00e4nniskor vill jag ska be f\u00f6r. Det k\u00e4nns v\u00e4ldigt fint. Du som bloggl\u00e4sare kan g\u00e4rna ocks\u00e5 k\u00e4nna dig frimodig att h\u00f6ra av dig om du vill jag ska be f\u00f6r dig eller n\u00e5got som ligger dig n\u00e4ra. <\/li><li>Coronan k\u00e4nns n\u00e4rmare \u00e4n n\u00e5gonsin nu och jag har f\u00e5tt veta att jag har den i min egen sl\u00e4kt. Jag var ocks\u00e5 ute p\u00e5 n\u00e5gra \u00e4renden ig\u00e5r och blev sm\u00e5tt chockad av hur mycket folk det var i julhandeln. Nu kan jag ju inte klandra n\u00e5gon annan f\u00f6r jag var ju uppenbarligen sj\u00e4lv d\u00e4r, men jag hade inte riktigt r\u00e4knat med det, s\u00e5 mycket folk har jag inte sett sen i mars typ. Ta det f\u00f6rsiktigt och var r\u00e4dda om er och varandra.<\/li><li>Vad g\u00f6r du idag? Skriv en rad och ber\u00e4tta!<\/li><\/ol>\n\n\n\n<p><\/p>\n\n\n\n<p><\/p>\n","protected":false},"excerpt":{"rendered":"<p>Glad s\u00f6ndag k\u00e4ra l\u00e4sare! \u00c4nnu en s\u00f6ndag utan gudstj\u00e4nster. Jag har ocks\u00e5 f\u00e5tt veta att gudstj\u00e4nsterna kommer ligga nere under jul och ny\u00e5r, men idag ska jag i alla fall bemanna kyrkan mellan 10-12 om n\u00e5gra kommer dit f\u00f6r att ha enskild andakt. Sedan ska vi tr\u00e4ffa konfirmanderna via n\u00e4tet l\u00e4ngre in p\u00e5 eftermiddagen. Detta [&hellip;]<\/p>\n","protected":false},"author":392,"featured_media":8359,"comment_status":"open","ping_status":"open","sticky":false,"template":"","format":"standard","meta":{"_acf_changed":false,"footnotes":""},"categories":[9],"tags":[],"class_list":["post-8358","post","type-post","status-publish","format-standard","has-post-thumbnail","hentry","category-okategoriserade"],"acf":[],"yoast_head":"<!-- This site is optimized with the Yoast SEO plugin v27.1.1 - https:\/\/yoast.com\/product\/yoast-seo-wordpress\/ -->\n<title>9 blandade tankar p\u00e5 tredje adventss\u00f6ndagen - Vandra V\u00e4gen<\/title>\n<meta name=\"robots\" content=\"index, follow, max-snippet:-1, max-image-preview:large, max-video-preview:-1\" \/>\n<link rel=\"canonical\" href=\"https:\/\/blogg.svenskakyrkan.se\/vandravagen\/2020\/12\/13\/9-blandade-tankar-pa-tredje-adventssondagen-2\/\" \/>\n<meta property=\"og:locale\" content=\"sv_SE\" \/>\n<meta property=\"og:type\" content=\"article\" \/>\n<meta property=\"og:title\" content=\"9 blandade tankar p\u00e5 tredje adventss\u00f6ndagen - Vandra V\u00e4gen\" \/>\n<meta property=\"og:description\" content=\"Glad s\u00f6ndag k\u00e4ra l\u00e4sare! \u00c4nnu en s\u00f6ndag utan gudstj\u00e4nster. Jag har ocks\u00e5 f\u00e5tt veta att gudstj\u00e4nsterna kommer ligga nere under jul och ny\u00e5r, men idag ska jag i alla fall bemanna kyrkan mellan 10-12 om n\u00e5gra kommer dit f\u00f6r att ha enskild andakt. Sedan ska vi tr\u00e4ffa konfirmanderna via n\u00e4tet l\u00e4ngre in p\u00e5 eftermiddagen. Detta [&hellip;]\" \/>\n<meta property=\"og:url\" content=\"https:\/\/blogg.svenskakyrkan.se\/vandravagen\/2020\/12\/13\/9-blandade-tankar-pa-tredje-adventssondagen-2\/\" \/>\n<meta property=\"og:site_name\" content=\"Vandra V\u00e4gen\" \/>\n<meta property=\"article:publisher\" content=\"http:\/\/facebook.com\/vandravagen\" \/>\n<meta property=\"article:published_time\" content=\"2020-12-13T06:00:00+00:00\" \/>\n<meta property=\"og:image\" content=\"https:\/\/blogg.svenskakyrkan.se\/vandravagen\/files\/2020\/12\/IMG_7183.jpg\" \/>\n\t<meta property=\"og:image:width\" content=\"899\" \/>\n\t<meta property=\"og:image:height\" content=\"972\" \/>\n\t<meta property=\"og:image:type\" content=\"image\/jpeg\" \/>\n<meta name=\"author\" content=\"Tomas Jarvid\" \/>\n<meta name=\"twitter:card\" content=\"summary_large_image\" \/>\n<meta name=\"twitter:creator\" content=\"@fadertomas\" \/>\n<meta name=\"twitter:site\" content=\"@fadertomas\" \/>\n<meta name=\"twitter:label1\" content=\"Skriven av\" \/>\n\t<meta name=\"twitter:data1\" content=\"Tomas Jarvid\" \/>\n\t<meta name=\"twitter:label2\" content=\"Ber\u00e4knad l\u00e4stid\" \/>\n\t<meta name=\"twitter:data2\" content=\"2 minuter\" \/>\n<script type=\"application\/ld+json\" class=\"yoast-schema-graph\">{\"@context\":\"https:\/\/schema.org\",\"@graph\":[{\"@type\":\"Article\",\"@id\":\"https:\/\/blogg.svenskakyrkan.se\/vandravagen\/2020\/12\/13\/9-blandade-tankar-pa-tredje-adventssondagen-2\/#article\",\"isPartOf\":{\"@id\":\"https:\/\/blogg.svenskakyrkan.se\/vandravagen\/2020\/12\/13\/9-blandade-tankar-pa-tredje-adventssondagen-2\/\"},\"author\":{\"name\":\"Tomas Jarvid\",\"@id\":\"https:\/\/blogg.svenskakyrkan.se\/vandravagen\/#\/schema\/person\/25da02d4f76b137d04291711e2c9fc16\"},\"headline\":\"9 blandade tankar p\u00e5 tredje adventss\u00f6ndagen\",\"datePublished\":\"2020-12-13T06:00:00+00:00\",\"mainEntityOfPage\":{\"@id\":\"https:\/\/blogg.svenskakyrkan.se\/vandravagen\/2020\/12\/13\/9-blandade-tankar-pa-tredje-adventssondagen-2\/\"},\"wordCount\":465,\"commentCount\":4,\"publisher\":{\"@id\":\"https:\/\/blogg.svenskakyrkan.se\/vandravagen\/#organization\"},\"image\":{\"@id\":\"https:\/\/blogg.svenskakyrkan.se\/vandravagen\/2020\/12\/13\/9-blandade-tankar-pa-tredje-adventssondagen-2\/#primaryimage\"},\"thumbnailUrl\":\"https:\/\/blogg.svenskakyrkan.se\/vandravagen\/files\/2020\/12\/IMG_7183.jpg\",\"inLanguage\":\"sv-SE\",\"potentialAction\":[{\"@type\":\"CommentAction\",\"name\":\"Comment\",\"target\":[\"https:\/\/blogg.svenskakyrkan.se\/vandravagen\/2020\/12\/13\/9-blandade-tankar-pa-tredje-adventssondagen-2\/#respond\"]}]},{\"@type\":\"WebPage\",\"@id\":\"https:\/\/blogg.svenskakyrkan.se\/vandravagen\/2020\/12\/13\/9-blandade-tankar-pa-tredje-adventssondagen-2\/\",\"url\":\"https:\/\/blogg.svenskakyrkan.se\/vandravagen\/2020\/12\/13\/9-blandade-tankar-pa-tredje-adventssondagen-2\/\",\"name\":\"9 blandade tankar p\u00e5 tredje adventss\u00f6ndagen - Vandra V\u00e4gen\",\"isPartOf\":{\"@id\":\"https:\/\/blogg.svenskakyrkan.se\/vandravagen\/#website\"},\"primaryImageOfPage\":{\"@id\":\"https:\/\/blogg.svenskakyrkan.se\/vandravagen\/2020\/12\/13\/9-blandade-tankar-pa-tredje-adventssondagen-2\/#primaryimage\"},\"image\":{\"@id\":\"https:\/\/blogg.svenskakyrkan.se\/vandravagen\/2020\/12\/13\/9-blandade-tankar-pa-tredje-adventssondagen-2\/#primaryimage\"},\"thumbnailUrl\":\"https:\/\/blogg.svenskakyrkan.se\/vandravagen\/files\/2020\/12\/IMG_7183.jpg\",\"datePublished\":\"2020-12-13T06:00:00+00:00\",\"breadcrumb\":{\"@id\":\"https:\/\/blogg.svenskakyrkan.se\/vandravagen\/2020\/12\/13\/9-blandade-tankar-pa-tredje-adventssondagen-2\/#breadcrumb\"},\"inLanguage\":\"sv-SE\",\"potentialAction\":[{\"@type\":\"ReadAction\",\"target\":[\"https:\/\/blogg.svenskakyrkan.se\/vandravagen\/2020\/12\/13\/9-blandade-tankar-pa-tredje-adventssondagen-2\/\"]}]},{\"@type\":\"ImageObject\",\"inLanguage\":\"sv-SE\",\"@id\":\"https:\/\/blogg.svenskakyrkan.se\/vandravagen\/2020\/12\/13\/9-blandade-tankar-pa-tredje-adventssondagen-2\/#primaryimage\",\"url\":\"https:\/\/blogg.svenskakyrkan.se\/vandravagen\/files\/2020\/12\/IMG_7183.jpg\",\"contentUrl\":\"https:\/\/blogg.svenskakyrkan.se\/vandravagen\/files\/2020\/12\/IMG_7183.jpg\",\"width\":899,\"height\":972},{\"@type\":\"BreadcrumbList\",\"@id\":\"https:\/\/blogg.svenskakyrkan.se\/vandravagen\/2020\/12\/13\/9-blandade-tankar-pa-tredje-adventssondagen-2\/#breadcrumb\",\"itemListElement\":[{\"@type\":\"ListItem\",\"position\":1,\"name\":\"Hem\",\"item\":\"https:\/\/blogg.svenskakyrkan.se\/vandravagen\/\"},{\"@type\":\"ListItem\",\"position\":2,\"name\":\"9 blandade tankar p\u00e5 tredje adventss\u00f6ndagen\"}]},{\"@type\":\"WebSite\",\"@id\":\"https:\/\/blogg.svenskakyrkan.se\/vandravagen\/#website\",\"url\":\"https:\/\/blogg.svenskakyrkan.se\/vandravagen\/\",\"name\":\"Vandra V\u00e4gen\",\"description\":\"-Mot en tro f\u00f6r hela livet\",\"publisher\":{\"@id\":\"https:\/\/blogg.svenskakyrkan.se\/vandravagen\/#organization\"},\"potentialAction\":[{\"@type\":\"SearchAction\",\"target\":{\"@type\":\"EntryPoint\",\"urlTemplate\":\"https:\/\/blogg.svenskakyrkan.se\/vandravagen\/?s={search_term_string}\"},\"query-input\":{\"@type\":\"PropertyValueSpecification\",\"valueRequired\":true,\"valueName\":\"search_term_string\"}}],\"inLanguage\":\"sv-SE\"},{\"@type\":\"Organization\",\"@id\":\"https:\/\/blogg.svenskakyrkan.se\/vandravagen\/#organization\",\"name\":\"ulricehamns pastorat\",\"alternateName\":\"ulricehamns pastorat\",\"url\":\"https:\/\/blogg.svenskakyrkan.se\/vandravagen\/\",\"logo\":{\"@type\":\"ImageObject\",\"inLanguage\":\"sv-SE\",\"@id\":\"https:\/\/blogg.svenskakyrkan.se\/vandravagen\/#\/schema\/logo\/image\/\",\"url\":\"https:\/\/blogg.svenskakyrkan.se\/vandravagen\/files\/2023\/05\/Ulr_logo_RGB.png\",\"contentUrl\":\"https:\/\/blogg.svenskakyrkan.se\/vandravagen\/files\/2023\/05\/Ulr_logo_RGB.png\",\"width\":205,\"height\":77,\"caption\":\"ulricehamns pastorat\"},\"image\":{\"@id\":\"https:\/\/blogg.svenskakyrkan.se\/vandravagen\/#\/schema\/logo\/image\/\"},\"sameAs\":[\"http:\/\/facebook.com\/vandravagen\",\"https:\/\/x.com\/fadertomas\",\"http:\/\/www.facebook.com\/svenskakyrkaniulricehamn\"]},{\"@type\":\"Person\",\"@id\":\"https:\/\/blogg.svenskakyrkan.se\/vandravagen\/#\/schema\/person\/25da02d4f76b137d04291711e2c9fc16\",\"name\":\"Tomas Jarvid\",\"image\":{\"@type\":\"ImageObject\",\"inLanguage\":\"sv-SE\",\"@id\":\"https:\/\/blogg.svenskakyrkan.se\/vandravagen\/#\/schema\/person\/image\/\",\"url\":\"https:\/\/secure.gravatar.com\/avatar\/7fa71899795e8f540f615a1f5ab25255dc27aa40f05ee7ddd21aac521e01bf50?s=96&d=identicon&r=g\",\"contentUrl\":\"https:\/\/secure.gravatar.com\/avatar\/7fa71899795e8f540f615a1f5ab25255dc27aa40f05ee7ddd21aac521e01bf50?s=96&d=identicon&r=g\",\"caption\":\"Tomas Jarvid\"},\"description\":\"Jag bor i Ulricehamn i V\u00e4sterg\u00f6tland och \u00e4r f\u00f6rsamlingspr\u00e4st i Svenska Kyrkan f\u00f6r Dalstorps f\u00f6rsamling i Kinds pastorat. P\u00e5 den h\u00e4r bloggen skriver jag ner tankar om vandringen som kristen.\",\"sameAs\":[\"http:\/\/www.vandravagen.se\"],\"url\":\"https:\/\/blogg.svenskakyrkan.se\/vandravagen\/author\/vandravagen\/\"}]}<\/script>\n<!-- \/ Yoast SEO plugin. -->","yoast_head_json":{"title":"9 blandade tankar p\u00e5 tredje adventss\u00f6ndagen - Vandra V\u00e4gen","robots":{"index":"index","follow":"follow","max-snippet":"max-snippet:-1","max-image-preview":"max-image-preview:large","max-video-preview":"max-video-preview:-1"},"canonical":"https:\/\/blogg.svenskakyrkan.se\/vandravagen\/2020\/12\/13\/9-blandade-tankar-pa-tredje-adventssondagen-2\/","og_locale":"sv_SE","og_type":"article","og_title":"9 blandade tankar p\u00e5 tredje adventss\u00f6ndagen - Vandra V\u00e4gen","og_description":"Glad s\u00f6ndag k\u00e4ra l\u00e4sare! \u00c4nnu en s\u00f6ndag utan gudstj\u00e4nster. Jag har ocks\u00e5 f\u00e5tt veta att gudstj\u00e4nsterna kommer ligga nere under jul och ny\u00e5r, men idag ska jag i alla fall bemanna kyrkan mellan 10-12 om n\u00e5gra kommer dit f\u00f6r att ha enskild andakt. Sedan ska vi tr\u00e4ffa konfirmanderna via n\u00e4tet l\u00e4ngre in p\u00e5 eftermiddagen. Detta [&hellip;]","og_url":"https:\/\/blogg.svenskakyrkan.se\/vandravagen\/2020\/12\/13\/9-blandade-tankar-pa-tredje-adventssondagen-2\/","og_site_name":"Vandra V\u00e4gen","article_publisher":"http:\/\/facebook.com\/vandravagen","article_published_time":"2020-12-13T06:00:00+00:00","og_image":[{"width":899,"height":972,"url":"https:\/\/blogg.svenskakyrkan.se\/vandravagen\/files\/2020\/12\/IMG_7183.jpg","type":"image\/jpeg"}],"author":"Tomas Jarvid","twitter_card":"summary_large_image","twitter_creator":"@fadertomas","twitter_site":"@fadertomas","twitter_misc":{"Skriven av":"Tomas Jarvid","Ber\u00e4knad l\u00e4stid":"2 minuter"},"schema":{"@context":"https:\/\/schema.org","@graph":[{"@type":"Article","@id":"https:\/\/blogg.svenskakyrkan.se\/vandravagen\/2020\/12\/13\/9-blandade-tankar-pa-tredje-adventssondagen-2\/#article","isPartOf":{"@id":"https:\/\/blogg.svenskakyrkan.se\/vandravagen\/2020\/12\/13\/9-blandade-tankar-pa-tredje-adventssondagen-2\/"},"author":{"name":"Tomas Jarvid","@id":"https:\/\/blogg.svenskakyrkan.se\/vandravagen\/#\/schema\/person\/25da02d4f76b137d04291711e2c9fc16"},"headline":"9 blandade tankar p\u00e5 tredje adventss\u00f6ndagen","datePublished":"2020-12-13T06:00:00+00:00","mainEntityOfPage":{"@id":"https:\/\/blogg.svenskakyrkan.se\/vandravagen\/2020\/12\/13\/9-blandade-tankar-pa-tredje-adventssondagen-2\/"},"wordCount":465,"commentCount":4,"publisher":{"@id":"https:\/\/blogg.svenskakyrkan.se\/vandravagen\/#organization"},"image":{"@id":"https:\/\/blogg.svenskakyrkan.se\/vandravagen\/2020\/12\/13\/9-blandade-tankar-pa-tredje-adventssondagen-2\/#primaryimage"},"thumbnailUrl":"https:\/\/blogg.svenskakyrkan.se\/vandravagen\/files\/2020\/12\/IMG_7183.jpg","inLanguage":"sv-SE","potentialAction":[{"@type":"CommentAction","name":"Comment","target":["https:\/\/blogg.svenskakyrkan.se\/vandravagen\/2020\/12\/13\/9-blandade-tankar-pa-tredje-adventssondagen-2\/#respond"]}]},{"@type":"WebPage","@id":"https:\/\/blogg.svenskakyrkan.se\/vandravagen\/2020\/12\/13\/9-blandade-tankar-pa-tredje-adventssondagen-2\/","url":"https:\/\/blogg.svenskakyrkan.se\/vandravagen\/2020\/12\/13\/9-blandade-tankar-pa-tredje-adventssondagen-2\/","name":"9 blandade tankar p\u00e5 tredje adventss\u00f6ndagen - Vandra V\u00e4gen","isPartOf":{"@id":"https:\/\/blogg.svenskakyrkan.se\/vandravagen\/#website"},"primaryImageOfPage":{"@id":"https:\/\/blogg.svenskakyrkan.se\/vandravagen\/2020\/12\/13\/9-blandade-tankar-pa-tredje-adventssondagen-2\/#primaryimage"},"image":{"@id":"https:\/\/blogg.svenskakyrkan.se\/vandravagen\/2020\/12\/13\/9-blandade-tankar-pa-tredje-adventssondagen-2\/#primaryimage"},"thumbnailUrl":"https:\/\/blogg.svenskakyrkan.se\/vandravagen\/files\/2020\/12\/IMG_7183.jpg","datePublished":"2020-12-13T06:00:00+00:00","breadcrumb":{"@id":"https:\/\/blogg.svenskakyrkan.se\/vandravagen\/2020\/12\/13\/9-blandade-tankar-pa-tredje-adventssondagen-2\/#breadcrumb"},"inLanguage":"sv-SE","potentialAction":[{"@type":"ReadAction","target":["https:\/\/blogg.svenskakyrkan.se\/vandravagen\/2020\/12\/13\/9-blandade-tankar-pa-tredje-adventssondagen-2\/"]}]},{"@type":"ImageObject","inLanguage":"sv-SE","@id":"https:\/\/blogg.svenskakyrkan.se\/vandravagen\/2020\/12\/13\/9-blandade-tankar-pa-tredje-adventssondagen-2\/#primaryimage","url":"https:\/\/blogg.svenskakyrkan.se\/vandravagen\/files\/2020\/12\/IMG_7183.jpg","contentUrl":"https:\/\/blogg.svenskakyrkan.se\/vandravagen\/files\/2020\/12\/IMG_7183.jpg","width":899,"height":972},{"@type":"BreadcrumbList","@id":"https:\/\/blogg.svenskakyrkan.se\/vandravagen\/2020\/12\/13\/9-blandade-tankar-pa-tredje-adventssondagen-2\/#breadcrumb","itemListElement":[{"@type":"ListItem","position":1,"name":"Hem","item":"https:\/\/blogg.svenskakyrkan.se\/vandravagen\/"},{"@type":"ListItem","position":2,"name":"9 blandade tankar p\u00e5 tredje adventss\u00f6ndagen"}]},{"@type":"WebSite","@id":"https:\/\/blogg.svenskakyrkan.se\/vandravagen\/#website","url":"https:\/\/blogg.svenskakyrkan.se\/vandravagen\/","name":"Vandra V\u00e4gen","description":"-Mot en tro f\u00f6r hela livet","publisher":{"@id":"https:\/\/blogg.svenskakyrkan.se\/vandravagen\/#organization"},"potentialAction":[{"@type":"SearchAction","target":{"@type":"EntryPoint","urlTemplate":"https:\/\/blogg.svenskakyrkan.se\/vandravagen\/?s={search_term_string}"},"query-input":{"@type":"PropertyValueSpecification","valueRequired":true,"valueName":"search_term_string"}}],"inLanguage":"sv-SE"},{"@type":"Organization","@id":"https:\/\/blogg.svenskakyrkan.se\/vandravagen\/#organization","name":"ulricehamns pastorat","alternateName":"ulricehamns pastorat","url":"https:\/\/blogg.svenskakyrkan.se\/vandravagen\/","logo":{"@type":"ImageObject","inLanguage":"sv-SE","@id":"https:\/\/blogg.svenskakyrkan.se\/vandravagen\/#\/schema\/logo\/image\/","url":"https:\/\/blogg.svenskakyrkan.se\/vandravagen\/files\/2023\/05\/Ulr_logo_RGB.png","contentUrl":"https:\/\/blogg.svenskakyrkan.se\/vandravagen\/files\/2023\/05\/Ulr_logo_RGB.png","width":205,"height":77,"caption":"ulricehamns pastorat"},"image":{"@id":"https:\/\/blogg.svenskakyrkan.se\/vandravagen\/#\/schema\/logo\/image\/"},"sameAs":["http:\/\/facebook.com\/vandravagen","https:\/\/x.com\/fadertomas","http:\/\/www.facebook.com\/svenskakyrkaniulricehamn"]},{"@type":"Person","@id":"https:\/\/blogg.svenskakyrkan.se\/vandravagen\/#\/schema\/person\/25da02d4f76b137d04291711e2c9fc16","name":"Tomas Jarvid","image":{"@type":"ImageObject","inLanguage":"sv-SE","@id":"https:\/\/blogg.svenskakyrkan.se\/vandravagen\/#\/schema\/person\/image\/","url":"https:\/\/secure.gravatar.com\/avatar\/7fa71899795e8f540f615a1f5ab25255dc27aa40f05ee7ddd21aac521e01bf50?s=96&d=identicon&r=g","contentUrl":"https:\/\/secure.gravatar.com\/avatar\/7fa71899795e8f540f615a1f5ab25255dc27aa40f05ee7ddd21aac521e01bf50?s=96&d=identicon&r=g","caption":"Tomas Jarvid"},"description":"Jag bor i Ulricehamn i V\u00e4sterg\u00f6tland och \u00e4r f\u00f6rsamlingspr\u00e4st i Svenska Kyrkan f\u00f6r Dalstorps f\u00f6rsamling i Kinds pastorat. P\u00e5 den h\u00e4r bloggen skriver jag ner tankar om vandringen som kristen.","sameAs":["http:\/\/www.vandravagen.se"],"url":"https:\/\/blogg.svenskakyrkan.se\/vandravagen\/author\/vandravagen\/"}]}},"author_meta":{"ID":"392","user_nicename":"vandravagen","user_url":"http:\/\/www.vandravagen.se","user_registered":"2014-05-19 05:44:52","display_name":"Tomas Jarvid","first_name":"Tomas","last_name":"Jarvid","avatar":"https:\/\/secure.gravatar.com\/avatar\/7fa71899795e8f540f615a1f5ab25255dc27aa40f05ee7ddd21aac521e01bf50?s=96&d=identicon&r=g"},"featured_image":["https:\/\/blogg.svenskakyrkan.se\/vandravagen\/files\/2020\/12\/IMG_7183.jpg",899,972,false],"bloginfo":{"name":"Vandra V\u00e4gen","url":"https:\/\/blogg.svenskakyrkan.se\/vandravagen"},"_links":{"self":[{"href":"https:\/\/blogg.svenskakyrkan.se\/vandravagen\/wp-json\/wp\/v2\/posts\/8358","targetHints":{"allow":["GET"]}}],"collection":[{"href":"https:\/\/blogg.svenskakyrkan.se\/vandravagen\/wp-json\/wp\/v2\/posts"}],"about":[{"href":"https:\/\/blogg.svenskakyrkan.se\/vandravagen\/wp-json\/wp\/v2\/types\/post"}],"author":[{"embeddable":true,"href":"https:\/\/blogg.svenskakyrkan.se\/vandravagen\/wp-json\/wp\/v2\/users\/392"}],"replies":[{"embeddable":true,"href":"https:\/\/blogg.svenskakyrkan.se\/vandravagen\/wp-json\/wp\/v2\/comments?post=8358"}],"version-history":[{"count":1,"href":"https:\/\/blogg.svenskakyrkan.se\/vandravagen\/wp-json\/wp\/v2\/posts\/8358\/revisions"}],"predecessor-version":[{"id":8360,"href":"https:\/\/blogg.svenskakyrkan.se\/vandravagen\/wp-json\/wp\/v2\/posts\/8358\/revisions\/8360"}],"wp:featuredmedia":[{"embeddable":true,"href":"https:\/\/blogg.svenskakyrkan.se\/vandravagen\/wp-json\/wp\/v2\/media\/8359"}],"wp:attachment":[{"href":"https:\/\/blogg.svenskakyrkan.se\/vandravagen\/wp-json\/wp\/v2\/media?parent=8358"}],"wp:term":[{"taxonomy":"category","embeddable":true,"href":"https:\/\/blogg.svenskakyrkan.se\/vandravagen\/wp-json\/wp\/v2\/categories?post=8358"},{"taxonomy":"post_tag","embeddable":true,"href":"https:\/\/blogg.svenskakyrkan.se\/vandravagen\/wp-json\/wp\/v2\/tags?post=8358"}],"curies":[{"name":"wp","href":"https:\/\/api.w.org\/{rel}","templated":true}]}}