{"id":837,"date":"2012-12-03T09:34:00","date_gmt":"2012-12-03T08:34:00","guid":{"rendered":"http:\/\/blogg.svenskakyrkan.se\/vandravagen\/2012\/12\/03\/glad-forsta-advent-varje-vecka\/"},"modified":"2012-12-03T09:34:00","modified_gmt":"2012-12-03T08:34:00","slug":"glad-forsta-advent-varje-vecka","status":"publish","type":"post","link":"https:\/\/blogg.svenskakyrkan.se\/vandravagen\/2012\/12\/03\/glad-forsta-advent-varje-vecka\/","title":{"rendered":"Glad f\u00f6rsta advent! Varje vecka!"},"content":{"rendered":"<table align=\"center\" cellpadding=\"0\" cellspacing=\"0\">\n<tbody>\n<tr>\n<td><a href=\"http:\/\/artbible.net\/3JC\/-Mat-21,01-Entre_a_Jerusalem_Entry\/11%20ENLUMINURE%20EVANGELIAIRE%20OTTON%20III%20L%20ENTREE.jpg\"><img loading=\"lazy\" decoding=\"async\" border=\"0\" height=\"640\" src=\"http:\/\/artbible.net\/3JC\/-Mat-21,01-Entre_a_Jerusalem_Entry\/11%20ENLUMINURE%20EVANGELIAIRE%20OTTON%20III%20L%20ENTREE.jpg\" width=\"424\"><\/a><\/td>\n<\/tr>\n<tr>\n<td>Fest i Jerusalem n\u00e4r Jesus rider in, p\u00e5 en \u00e5sna<\/td>\n<\/tr>\n<\/tbody>\n<\/table>\n<p>I morse lade jag upp en storartad adventss\u00e5ng, ta g\u00e4rna och titta p\u00e5 den.<\/p>\n<p>Nu t\u00e4nkte jag citera dagens evangelietext, den v\u00e4lk\u00e4nda som \u00e4r d\u00e4r varje \u00e5r, om hur Jesus rider in p\u00e5 en \u00e5sna i Jerusalem.<\/p>\n<p><span>Evangeliet enligt Matteus kapitel 21, vers 1 &#8211; 9<\/span><br \/><span>N\u00e4r de n\u00e4rmade sig Jerusalem och kom till Betfage vid Olivberget skickade Jesus i v\u00e4g tv\u00e5 l\u00e4rjungar och sade till dem: \u201dG\u00e5 bort till byn d\u00e4r framme, s\u00e5 hittar ni genast ett \u00e5snesto som st\u00e5r bundet med ett f\u00f6l bredvid sig. Ta dem och led hit dem. Om n\u00e5gon s\u00e4ger n\u00e5got skall ni svara: Herren beh\u00f6ver dem, men han skall strax skicka tillbaka dem.\u201d Detta h\u00e4nde f\u00f6r att det som sagts genom profeten skulle uppfyllas: &#8217;S\u00e4g till dotter Sion: Se, din konung kommer till dig, \u00f6dmjuk och ridande p\u00e5 en \u00e5sna och p\u00e5 ett f\u00f6l, ett lastdjurs f\u00f6l.&#8217; L\u00e4rjungarna gick bort och gjorde s\u00e5 som Jesus hade sagt \u00e5t dem. De h\u00e4mtade \u00e5snan och f\u00f6let och lade sina mantlar p\u00e5 dem, och han satt upp. M\u00e5nga i folkmassan bredde ut sina mantlar p\u00e5 v\u00e4gen, andra skar kvistar fr\u00e5n tr\u00e4den och str\u00f6dde dem p\u00e5 v\u00e4gen. Och folket, b\u00e5de de som gick f\u00f6re och de som f\u00f6ljde efter, ropade: &#8217;Hosianna&#8217; Davids son! &#8217;V\u00e4lsignad \u00e4r han som kommer i Herrens namn.&#8217; Hosianna i h\u00f6jden!\u00a0<\/span><br \/><span><br \/><\/span><\/p>\n<div><span><span>Det \u00e4r kanske inte s\u00e5 ofta det firas nattvard p\u00e5 gudstj\u00e4nster i f\u00f6rsta advent. Det kommer m\u00e5nga som inte firar gudstj\u00e4nst s\u00e5 ofta och i m\u00e5nga f\u00f6rsamlingar f\u00f6rs\u00f6ker man g\u00f6ra gudstj\u00e4nsten s\u00e5 l\u00e4ttillg\u00e4nglig som m\u00f6jligt den dagen \u00e4ven om man firar m\u00e4ssa s\u00e5 gott som varje s\u00f6ndag annars. Det \u00e4r f\u00f6rst\u00e5eligt, men det g\u00f6r ocks\u00e5 att det finns en po\u00e4ng som man s\u00e4llan har chansen att peka p\u00e5 som pr\u00e4st.<\/span><\/span><\/div>\n<div><span><span><br \/><\/span><\/span><\/div>\n<div><span><span>Gudstj\u00e4nstliturgin best\u00e5r till mycket stor del av ord fr\u00e5n bibeln och \u00e4ven folkmassornas v\u00e4lkomstrop finns med. I &#8221;helig&#8221; som sjungs f\u00f6re nattvarden sjunger vi:<\/span><\/span><\/div>\n<div><span><span><br \/><\/span><\/span><\/div>\n<div><\/div>\n<div>\n<div>Helig, helig, helig, Herre Gud Sebaot,\u00a0himlarna och jorden \u00e4r fulla av Din h\u00e4rlighet.<\/div>\n<\/div>\n<div>\n<div>Hosianna i h\u00f6jden.<br \/>V\u00e4lsignad vare Han som kommer i Herrens namn.<br \/>Hosianna i h\u00f6jden.<\/div>\n<\/div>\n<div><span><br \/><\/span><\/div>\n<div><span>Den f\u00f6rsta raden \u00e5terger \u00e4nglarnas lovs\u00e5ng till Gud i Jesaja 6:3 d\u00e4r profeten f\u00e5r se Gud p\u00e5 sin tron. Och resten \u00e4r, som vi l\u00e4tt kan se, rakt av orden fr\u00e5n Jesu int\u00e5g i Jerusalem.<\/span><\/div>\n<div><span>Det h\u00e4r knyter Jesu int\u00e5g in i Jerusalem till nattvarden. Till den plats d\u00e4r vi f\u00e5r m\u00f6ta den helige, den som Jesaja darraden inf\u00f6r, f\u00f6r d\u00e4r kommer han till oss. Och vi f\u00e5r ta emot honom som v\u00e5r befriare, ta emot honom i br\u00f6d och vin och breda ut v\u00e5ra liv inf\u00f6r honom likt kl\u00e4derna folket la framf\u00f6r \u00e5snan.\u00a0<\/span><\/div>\n<div><span>Och vi f\u00e5r utbrista Hosianna, vi ocks\u00e5. Jag tror det b\u00f6rjar bli f\u00f6r l\u00e5ngt det h\u00e4r s\u00e5 vad &#8221;Hosianna&#8221; betyder f\u00e5r f\u00e5 ett eget blogginl\u00e4gg s\u00e5 snart jag f\u00e5r till det. Po\u00e4ngen f\u00f6r den h\u00e4r g\u00e5ngen \u00e4r att Jesu int\u00e5g \u00e4r n\u00e5got som kan vara en verklighet i v\u00e5ra liv idag, inte bara n\u00e5got vi minns h\u00e4nde f\u00f6r l\u00e4nge sedan. Gud vill komma till oss nu ocks\u00e5 f\u00f6r att hela v\u00e5ra s\u00e5r och f\u00f6rnya sin gemenskap med honom. L\u00e5t oss ta emot honom genom att ta oss tid f\u00f6r ett m\u00f6te. I gudstj\u00e4nster och hemandakt. Och ibland kommer han f\u00f6rst\u00e5s ocks\u00e5 inridande helt ov\u00e4ntat.<\/span><\/div>\n","protected":false},"excerpt":{"rendered":"<p>Fest i Jerusalem n\u00e4r Jesus rider in, p\u00e5 en \u00e5sna I morse lade jag upp en storartad adventss\u00e5ng, ta g\u00e4rna och titta p\u00e5 den. Nu t\u00e4nkte jag citera dagens evangelietext, den v\u00e4lk\u00e4nda som \u00e4r d\u00e4r varje \u00e5r, om hur Jesus rider in p\u00e5 en \u00e5sna i Jerusalem. Evangeliet enligt Matteus kapitel 21, vers 1 &#8211; [&hellip;]<\/p>\n","protected":false},"author":392,"featured_media":0,"comment_status":"open","ping_status":"open","sticky":false,"template":"","format":"standard","meta":{"_acf_changed":false,"footnotes":""},"categories":[14252,8265,8252],"tags":[],"class_list":["post-837","post","type-post","status-publish","format-standard","hentry","category-bibel","category-gudstjanst","category-kyrkoaret"],"acf":[],"yoast_head":"<!-- This site is optimized with the Yoast SEO plugin v27.1.1 - https:\/\/yoast.com\/product\/yoast-seo-wordpress\/ -->\n<title>Glad f\u00f6rsta advent! Varje vecka! - Vandra V\u00e4gen<\/title>\n<meta name=\"robots\" content=\"index, follow, max-snippet:-1, max-image-preview:large, max-video-preview:-1\" \/>\n<link rel=\"canonical\" href=\"https:\/\/blogg.svenskakyrkan.se\/vandravagen\/2012\/12\/03\/glad-forsta-advent-varje-vecka\/\" \/>\n<meta property=\"og:locale\" content=\"sv_SE\" \/>\n<meta property=\"og:type\" content=\"article\" \/>\n<meta property=\"og:title\" content=\"Glad f\u00f6rsta advent! Varje vecka! - Vandra V\u00e4gen\" \/>\n<meta property=\"og:description\" content=\"Fest i Jerusalem n\u00e4r Jesus rider in, p\u00e5 en \u00e5sna I morse lade jag upp en storartad adventss\u00e5ng, ta g\u00e4rna och titta p\u00e5 den. Nu t\u00e4nkte jag citera dagens evangelietext, den v\u00e4lk\u00e4nda som \u00e4r d\u00e4r varje \u00e5r, om hur Jesus rider in p\u00e5 en \u00e5sna i Jerusalem. Evangeliet enligt Matteus kapitel 21, vers 1 &#8211; [&hellip;]\" \/>\n<meta property=\"og:url\" content=\"https:\/\/blogg.svenskakyrkan.se\/vandravagen\/2012\/12\/03\/glad-forsta-advent-varje-vecka\/\" \/>\n<meta property=\"og:site_name\" content=\"Vandra V\u00e4gen\" \/>\n<meta property=\"article:publisher\" content=\"http:\/\/facebook.com\/vandravagen\" \/>\n<meta property=\"article:published_time\" content=\"2012-12-03T08:34:00+00:00\" \/>\n<meta property=\"og:image\" content=\"http:\/\/artbible.net\/3JC\/-Mat-21,01-Entre_a_Jerusalem_Entry\/11%20ENLUMINURE%20EVANGELIAIRE%20OTTON%20III%20L%20ENTREE.jpg\" \/>\n<meta name=\"author\" content=\"Tomas Jarvid\" \/>\n<meta name=\"twitter:card\" content=\"summary_large_image\" \/>\n<meta name=\"twitter:creator\" content=\"@fadertomas\" \/>\n<meta name=\"twitter:site\" content=\"@fadertomas\" \/>\n<meta name=\"twitter:label1\" content=\"Skriven av\" \/>\n\t<meta name=\"twitter:data1\" content=\"Tomas Jarvid\" \/>\n\t<meta name=\"twitter:label2\" content=\"Ber\u00e4knad l\u00e4stid\" \/>\n\t<meta name=\"twitter:data2\" content=\"3 minuter\" \/>\n<script type=\"application\/ld+json\" class=\"yoast-schema-graph\">{\"@context\":\"https:\/\/schema.org\",\"@graph\":[{\"@type\":\"Article\",\"@id\":\"https:\/\/blogg.svenskakyrkan.se\/vandravagen\/2012\/12\/03\/glad-forsta-advent-varje-vecka\/#article\",\"isPartOf\":{\"@id\":\"https:\/\/blogg.svenskakyrkan.se\/vandravagen\/2012\/12\/03\/glad-forsta-advent-varje-vecka\/\"},\"author\":{\"name\":\"Tomas Jarvid\",\"@id\":\"https:\/\/blogg.svenskakyrkan.se\/vandravagen\/#\/schema\/person\/25da02d4f76b137d04291711e2c9fc16\"},\"headline\":\"Glad f\u00f6rsta advent! Varje vecka!\",\"datePublished\":\"2012-12-03T08:34:00+00:00\",\"mainEntityOfPage\":{\"@id\":\"https:\/\/blogg.svenskakyrkan.se\/vandravagen\/2012\/12\/03\/glad-forsta-advent-varje-vecka\/\"},\"wordCount\":668,\"commentCount\":0,\"publisher\":{\"@id\":\"https:\/\/blogg.svenskakyrkan.se\/vandravagen\/#organization\"},\"image\":{\"@id\":\"https:\/\/blogg.svenskakyrkan.se\/vandravagen\/2012\/12\/03\/glad-forsta-advent-varje-vecka\/#primaryimage\"},\"thumbnailUrl\":\"http:\/\/artbible.net\/3JC\/-Mat-21,01-Entre_a_Jerusalem_Entry\/11%20ENLUMINURE%20EVANGELIAIRE%20OTTON%20III%20L%20ENTREE.jpg\",\"articleSection\":[\"bibel\",\"Gudstj\u00e4nst\",\"kyrko\u00e5ret\"],\"inLanguage\":\"sv-SE\",\"potentialAction\":[{\"@type\":\"CommentAction\",\"name\":\"Comment\",\"target\":[\"https:\/\/blogg.svenskakyrkan.se\/vandravagen\/2012\/12\/03\/glad-forsta-advent-varje-vecka\/#respond\"]}]},{\"@type\":\"WebPage\",\"@id\":\"https:\/\/blogg.svenskakyrkan.se\/vandravagen\/2012\/12\/03\/glad-forsta-advent-varje-vecka\/\",\"url\":\"https:\/\/blogg.svenskakyrkan.se\/vandravagen\/2012\/12\/03\/glad-forsta-advent-varje-vecka\/\",\"name\":\"Glad f\u00f6rsta advent! Varje vecka! - Vandra V\u00e4gen\",\"isPartOf\":{\"@id\":\"https:\/\/blogg.svenskakyrkan.se\/vandravagen\/#website\"},\"primaryImageOfPage\":{\"@id\":\"https:\/\/blogg.svenskakyrkan.se\/vandravagen\/2012\/12\/03\/glad-forsta-advent-varje-vecka\/#primaryimage\"},\"image\":{\"@id\":\"https:\/\/blogg.svenskakyrkan.se\/vandravagen\/2012\/12\/03\/glad-forsta-advent-varje-vecka\/#primaryimage\"},\"thumbnailUrl\":\"http:\/\/artbible.net\/3JC\/-Mat-21,01-Entre_a_Jerusalem_Entry\/11%20ENLUMINURE%20EVANGELIAIRE%20OTTON%20III%20L%20ENTREE.jpg\",\"datePublished\":\"2012-12-03T08:34:00+00:00\",\"breadcrumb\":{\"@id\":\"https:\/\/blogg.svenskakyrkan.se\/vandravagen\/2012\/12\/03\/glad-forsta-advent-varje-vecka\/#breadcrumb\"},\"inLanguage\":\"sv-SE\",\"potentialAction\":[{\"@type\":\"ReadAction\",\"target\":[\"https:\/\/blogg.svenskakyrkan.se\/vandravagen\/2012\/12\/03\/glad-forsta-advent-varje-vecka\/\"]}]},{\"@type\":\"ImageObject\",\"inLanguage\":\"sv-SE\",\"@id\":\"https:\/\/blogg.svenskakyrkan.se\/vandravagen\/2012\/12\/03\/glad-forsta-advent-varje-vecka\/#primaryimage\",\"url\":\"http:\/\/artbible.net\/3JC\/-Mat-21,01-Entre_a_Jerusalem_Entry\/11%20ENLUMINURE%20EVANGELIAIRE%20OTTON%20III%20L%20ENTREE.jpg\",\"contentUrl\":\"http:\/\/artbible.net\/3JC\/-Mat-21,01-Entre_a_Jerusalem_Entry\/11%20ENLUMINURE%20EVANGELIAIRE%20OTTON%20III%20L%20ENTREE.jpg\"},{\"@type\":\"BreadcrumbList\",\"@id\":\"https:\/\/blogg.svenskakyrkan.se\/vandravagen\/2012\/12\/03\/glad-forsta-advent-varje-vecka\/#breadcrumb\",\"itemListElement\":[{\"@type\":\"ListItem\",\"position\":1,\"name\":\"Hem\",\"item\":\"https:\/\/blogg.svenskakyrkan.se\/vandravagen\/\"},{\"@type\":\"ListItem\",\"position\":2,\"name\":\"Glad f\u00f6rsta advent! Varje vecka!\"}]},{\"@type\":\"WebSite\",\"@id\":\"https:\/\/blogg.svenskakyrkan.se\/vandravagen\/#website\",\"url\":\"https:\/\/blogg.svenskakyrkan.se\/vandravagen\/\",\"name\":\"Vandra V\u00e4gen\",\"description\":\"-Mot en tro f\u00f6r hela livet\",\"publisher\":{\"@id\":\"https:\/\/blogg.svenskakyrkan.se\/vandravagen\/#organization\"},\"potentialAction\":[{\"@type\":\"SearchAction\",\"target\":{\"@type\":\"EntryPoint\",\"urlTemplate\":\"https:\/\/blogg.svenskakyrkan.se\/vandravagen\/?s={search_term_string}\"},\"query-input\":{\"@type\":\"PropertyValueSpecification\",\"valueRequired\":true,\"valueName\":\"search_term_string\"}}],\"inLanguage\":\"sv-SE\"},{\"@type\":\"Organization\",\"@id\":\"https:\/\/blogg.svenskakyrkan.se\/vandravagen\/#organization\",\"name\":\"ulricehamns pastorat\",\"alternateName\":\"ulricehamns pastorat\",\"url\":\"https:\/\/blogg.svenskakyrkan.se\/vandravagen\/\",\"logo\":{\"@type\":\"ImageObject\",\"inLanguage\":\"sv-SE\",\"@id\":\"https:\/\/blogg.svenskakyrkan.se\/vandravagen\/#\/schema\/logo\/image\/\",\"url\":\"https:\/\/blogg.svenskakyrkan.se\/vandravagen\/files\/2023\/05\/Ulr_logo_RGB.png\",\"contentUrl\":\"https:\/\/blogg.svenskakyrkan.se\/vandravagen\/files\/2023\/05\/Ulr_logo_RGB.png\",\"width\":205,\"height\":77,\"caption\":\"ulricehamns pastorat\"},\"image\":{\"@id\":\"https:\/\/blogg.svenskakyrkan.se\/vandravagen\/#\/schema\/logo\/image\/\"},\"sameAs\":[\"http:\/\/facebook.com\/vandravagen\",\"https:\/\/x.com\/fadertomas\",\"http:\/\/www.facebook.com\/svenskakyrkaniulricehamn\"]},{\"@type\":\"Person\",\"@id\":\"https:\/\/blogg.svenskakyrkan.se\/vandravagen\/#\/schema\/person\/25da02d4f76b137d04291711e2c9fc16\",\"name\":\"Tomas Jarvid\",\"image\":{\"@type\":\"ImageObject\",\"inLanguage\":\"sv-SE\",\"@id\":\"https:\/\/blogg.svenskakyrkan.se\/vandravagen\/#\/schema\/person\/image\/\",\"url\":\"https:\/\/secure.gravatar.com\/avatar\/7fa71899795e8f540f615a1f5ab25255dc27aa40f05ee7ddd21aac521e01bf50?s=96&d=identicon&r=g\",\"contentUrl\":\"https:\/\/secure.gravatar.com\/avatar\/7fa71899795e8f540f615a1f5ab25255dc27aa40f05ee7ddd21aac521e01bf50?s=96&d=identicon&r=g\",\"caption\":\"Tomas Jarvid\"},\"description\":\"Jag bor i Ulricehamn i V\u00e4sterg\u00f6tland och \u00e4r f\u00f6rsamlingspr\u00e4st i Svenska Kyrkan f\u00f6r Dalstorps f\u00f6rsamling i Kinds pastorat. P\u00e5 den h\u00e4r bloggen skriver jag ner tankar om vandringen som kristen.\",\"sameAs\":[\"http:\/\/www.vandravagen.se\"],\"url\":\"https:\/\/blogg.svenskakyrkan.se\/vandravagen\/author\/vandravagen\/\"}]}<\/script>\n<!-- \/ Yoast SEO plugin. -->","yoast_head_json":{"title":"Glad f\u00f6rsta advent! Varje vecka! - Vandra V\u00e4gen","robots":{"index":"index","follow":"follow","max-snippet":"max-snippet:-1","max-image-preview":"max-image-preview:large","max-video-preview":"max-video-preview:-1"},"canonical":"https:\/\/blogg.svenskakyrkan.se\/vandravagen\/2012\/12\/03\/glad-forsta-advent-varje-vecka\/","og_locale":"sv_SE","og_type":"article","og_title":"Glad f\u00f6rsta advent! Varje vecka! - Vandra V\u00e4gen","og_description":"Fest i Jerusalem n\u00e4r Jesus rider in, p\u00e5 en \u00e5sna I morse lade jag upp en storartad adventss\u00e5ng, ta g\u00e4rna och titta p\u00e5 den. Nu t\u00e4nkte jag citera dagens evangelietext, den v\u00e4lk\u00e4nda som \u00e4r d\u00e4r varje \u00e5r, om hur Jesus rider in p\u00e5 en \u00e5sna i Jerusalem. Evangeliet enligt Matteus kapitel 21, vers 1 &#8211; [&hellip;]","og_url":"https:\/\/blogg.svenskakyrkan.se\/vandravagen\/2012\/12\/03\/glad-forsta-advent-varje-vecka\/","og_site_name":"Vandra V\u00e4gen","article_publisher":"http:\/\/facebook.com\/vandravagen","article_published_time":"2012-12-03T08:34:00+00:00","og_image":[{"url":"http:\/\/artbible.net\/3JC\/-Mat-21,01-Entre_a_Jerusalem_Entry\/11%20ENLUMINURE%20EVANGELIAIRE%20OTTON%20III%20L%20ENTREE.jpg","type":"","width":"","height":""}],"author":"Tomas Jarvid","twitter_card":"summary_large_image","twitter_creator":"@fadertomas","twitter_site":"@fadertomas","twitter_misc":{"Skriven av":"Tomas Jarvid","Ber\u00e4knad l\u00e4stid":"3 minuter"},"schema":{"@context":"https:\/\/schema.org","@graph":[{"@type":"Article","@id":"https:\/\/blogg.svenskakyrkan.se\/vandravagen\/2012\/12\/03\/glad-forsta-advent-varje-vecka\/#article","isPartOf":{"@id":"https:\/\/blogg.svenskakyrkan.se\/vandravagen\/2012\/12\/03\/glad-forsta-advent-varje-vecka\/"},"author":{"name":"Tomas Jarvid","@id":"https:\/\/blogg.svenskakyrkan.se\/vandravagen\/#\/schema\/person\/25da02d4f76b137d04291711e2c9fc16"},"headline":"Glad f\u00f6rsta advent! Varje vecka!","datePublished":"2012-12-03T08:34:00+00:00","mainEntityOfPage":{"@id":"https:\/\/blogg.svenskakyrkan.se\/vandravagen\/2012\/12\/03\/glad-forsta-advent-varje-vecka\/"},"wordCount":668,"commentCount":0,"publisher":{"@id":"https:\/\/blogg.svenskakyrkan.se\/vandravagen\/#organization"},"image":{"@id":"https:\/\/blogg.svenskakyrkan.se\/vandravagen\/2012\/12\/03\/glad-forsta-advent-varje-vecka\/#primaryimage"},"thumbnailUrl":"http:\/\/artbible.net\/3JC\/-Mat-21,01-Entre_a_Jerusalem_Entry\/11%20ENLUMINURE%20EVANGELIAIRE%20OTTON%20III%20L%20ENTREE.jpg","articleSection":["bibel","Gudstj\u00e4nst","kyrko\u00e5ret"],"inLanguage":"sv-SE","potentialAction":[{"@type":"CommentAction","name":"Comment","target":["https:\/\/blogg.svenskakyrkan.se\/vandravagen\/2012\/12\/03\/glad-forsta-advent-varje-vecka\/#respond"]}]},{"@type":"WebPage","@id":"https:\/\/blogg.svenskakyrkan.se\/vandravagen\/2012\/12\/03\/glad-forsta-advent-varje-vecka\/","url":"https:\/\/blogg.svenskakyrkan.se\/vandravagen\/2012\/12\/03\/glad-forsta-advent-varje-vecka\/","name":"Glad f\u00f6rsta advent! Varje vecka! - Vandra V\u00e4gen","isPartOf":{"@id":"https:\/\/blogg.svenskakyrkan.se\/vandravagen\/#website"},"primaryImageOfPage":{"@id":"https:\/\/blogg.svenskakyrkan.se\/vandravagen\/2012\/12\/03\/glad-forsta-advent-varje-vecka\/#primaryimage"},"image":{"@id":"https:\/\/blogg.svenskakyrkan.se\/vandravagen\/2012\/12\/03\/glad-forsta-advent-varje-vecka\/#primaryimage"},"thumbnailUrl":"http:\/\/artbible.net\/3JC\/-Mat-21,01-Entre_a_Jerusalem_Entry\/11%20ENLUMINURE%20EVANGELIAIRE%20OTTON%20III%20L%20ENTREE.jpg","datePublished":"2012-12-03T08:34:00+00:00","breadcrumb":{"@id":"https:\/\/blogg.svenskakyrkan.se\/vandravagen\/2012\/12\/03\/glad-forsta-advent-varje-vecka\/#breadcrumb"},"inLanguage":"sv-SE","potentialAction":[{"@type":"ReadAction","target":["https:\/\/blogg.svenskakyrkan.se\/vandravagen\/2012\/12\/03\/glad-forsta-advent-varje-vecka\/"]}]},{"@type":"ImageObject","inLanguage":"sv-SE","@id":"https:\/\/blogg.svenskakyrkan.se\/vandravagen\/2012\/12\/03\/glad-forsta-advent-varje-vecka\/#primaryimage","url":"http:\/\/artbible.net\/3JC\/-Mat-21,01-Entre_a_Jerusalem_Entry\/11%20ENLUMINURE%20EVANGELIAIRE%20OTTON%20III%20L%20ENTREE.jpg","contentUrl":"http:\/\/artbible.net\/3JC\/-Mat-21,01-Entre_a_Jerusalem_Entry\/11%20ENLUMINURE%20EVANGELIAIRE%20OTTON%20III%20L%20ENTREE.jpg"},{"@type":"BreadcrumbList","@id":"https:\/\/blogg.svenskakyrkan.se\/vandravagen\/2012\/12\/03\/glad-forsta-advent-varje-vecka\/#breadcrumb","itemListElement":[{"@type":"ListItem","position":1,"name":"Hem","item":"https:\/\/blogg.svenskakyrkan.se\/vandravagen\/"},{"@type":"ListItem","position":2,"name":"Glad f\u00f6rsta advent! Varje vecka!"}]},{"@type":"WebSite","@id":"https:\/\/blogg.svenskakyrkan.se\/vandravagen\/#website","url":"https:\/\/blogg.svenskakyrkan.se\/vandravagen\/","name":"Vandra V\u00e4gen","description":"-Mot en tro f\u00f6r hela livet","publisher":{"@id":"https:\/\/blogg.svenskakyrkan.se\/vandravagen\/#organization"},"potentialAction":[{"@type":"SearchAction","target":{"@type":"EntryPoint","urlTemplate":"https:\/\/blogg.svenskakyrkan.se\/vandravagen\/?s={search_term_string}"},"query-input":{"@type":"PropertyValueSpecification","valueRequired":true,"valueName":"search_term_string"}}],"inLanguage":"sv-SE"},{"@type":"Organization","@id":"https:\/\/blogg.svenskakyrkan.se\/vandravagen\/#organization","name":"ulricehamns pastorat","alternateName":"ulricehamns pastorat","url":"https:\/\/blogg.svenskakyrkan.se\/vandravagen\/","logo":{"@type":"ImageObject","inLanguage":"sv-SE","@id":"https:\/\/blogg.svenskakyrkan.se\/vandravagen\/#\/schema\/logo\/image\/","url":"https:\/\/blogg.svenskakyrkan.se\/vandravagen\/files\/2023\/05\/Ulr_logo_RGB.png","contentUrl":"https:\/\/blogg.svenskakyrkan.se\/vandravagen\/files\/2023\/05\/Ulr_logo_RGB.png","width":205,"height":77,"caption":"ulricehamns pastorat"},"image":{"@id":"https:\/\/blogg.svenskakyrkan.se\/vandravagen\/#\/schema\/logo\/image\/"},"sameAs":["http:\/\/facebook.com\/vandravagen","https:\/\/x.com\/fadertomas","http:\/\/www.facebook.com\/svenskakyrkaniulricehamn"]},{"@type":"Person","@id":"https:\/\/blogg.svenskakyrkan.se\/vandravagen\/#\/schema\/person\/25da02d4f76b137d04291711e2c9fc16","name":"Tomas Jarvid","image":{"@type":"ImageObject","inLanguage":"sv-SE","@id":"https:\/\/blogg.svenskakyrkan.se\/vandravagen\/#\/schema\/person\/image\/","url":"https:\/\/secure.gravatar.com\/avatar\/7fa71899795e8f540f615a1f5ab25255dc27aa40f05ee7ddd21aac521e01bf50?s=96&d=identicon&r=g","contentUrl":"https:\/\/secure.gravatar.com\/avatar\/7fa71899795e8f540f615a1f5ab25255dc27aa40f05ee7ddd21aac521e01bf50?s=96&d=identicon&r=g","caption":"Tomas Jarvid"},"description":"Jag bor i Ulricehamn i V\u00e4sterg\u00f6tland och \u00e4r f\u00f6rsamlingspr\u00e4st i Svenska Kyrkan f\u00f6r Dalstorps f\u00f6rsamling i Kinds pastorat. P\u00e5 den h\u00e4r bloggen skriver jag ner tankar om vandringen som kristen.","sameAs":["http:\/\/www.vandravagen.se"],"url":"https:\/\/blogg.svenskakyrkan.se\/vandravagen\/author\/vandravagen\/"}]}},"author_meta":{"ID":"392","user_nicename":"vandravagen","user_url":"http:\/\/www.vandravagen.se","user_registered":"2014-05-19 05:44:52","display_name":"Tomas Jarvid","first_name":"Tomas","last_name":"Jarvid","avatar":"https:\/\/secure.gravatar.com\/avatar\/7fa71899795e8f540f615a1f5ab25255dc27aa40f05ee7ddd21aac521e01bf50?s=96&d=identicon&r=g"},"featured_image":false,"bloginfo":{"name":"Vandra V\u00e4gen","url":"https:\/\/blogg.svenskakyrkan.se\/vandravagen"},"_links":{"self":[{"href":"https:\/\/blogg.svenskakyrkan.se\/vandravagen\/wp-json\/wp\/v2\/posts\/837","targetHints":{"allow":["GET"]}}],"collection":[{"href":"https:\/\/blogg.svenskakyrkan.se\/vandravagen\/wp-json\/wp\/v2\/posts"}],"about":[{"href":"https:\/\/blogg.svenskakyrkan.se\/vandravagen\/wp-json\/wp\/v2\/types\/post"}],"author":[{"embeddable":true,"href":"https:\/\/blogg.svenskakyrkan.se\/vandravagen\/wp-json\/wp\/v2\/users\/392"}],"replies":[{"embeddable":true,"href":"https:\/\/blogg.svenskakyrkan.se\/vandravagen\/wp-json\/wp\/v2\/comments?post=837"}],"version-history":[{"count":0,"href":"https:\/\/blogg.svenskakyrkan.se\/vandravagen\/wp-json\/wp\/v2\/posts\/837\/revisions"}],"wp:attachment":[{"href":"https:\/\/blogg.svenskakyrkan.se\/vandravagen\/wp-json\/wp\/v2\/media?parent=837"}],"wp:term":[{"taxonomy":"category","embeddable":true,"href":"https:\/\/blogg.svenskakyrkan.se\/vandravagen\/wp-json\/wp\/v2\/categories?post=837"},{"taxonomy":"post_tag","embeddable":true,"href":"https:\/\/blogg.svenskakyrkan.se\/vandravagen\/wp-json\/wp\/v2\/tags?post=837"}],"curies":[{"name":"wp","href":"https:\/\/api.w.org\/{rel}","templated":true}]}}