{"id":8393,"date":"2021-01-07T07:00:00","date_gmt":"2021-01-07T06:00:00","guid":{"rendered":"http:\/\/blogg.svenskakyrkan.se\/vandravagen\/?p=8393"},"modified":"2021-01-06T22:33:29","modified_gmt":"2021-01-06T21:33:29","slug":"julen-med-mellanosterns-glasogon","status":"publish","type":"post","link":"https:\/\/blogg.svenskakyrkan.se\/vandravagen\/2021\/01\/07\/julen-med-mellanosterns-glasogon\/","title":{"rendered":"Julen med mellan\u00f6sterns glas\u00f6gon"},"content":{"rendered":"\n\n\n<figure class=\"wp-block-image size-large is-style-default\"><img loading=\"lazy\" decoding=\"async\" width=\"1024\" height=\"1365\" src=\"https:\/\/blogg.svenskakyrkan.se\/vandravagen\/files\/2021\/01\/IMG_7575-1024x1365.jpg\" alt=\"\" class=\"wp-image-8395\" srcset=\"https:\/\/blogg.svenskakyrkan.se\/vandravagen\/files\/2021\/01\/IMG_7575-1024x1365.jpg 1024w, https:\/\/blogg.svenskakyrkan.se\/vandravagen\/files\/2021\/01\/IMG_7575-300x400.jpg 300w, https:\/\/blogg.svenskakyrkan.se\/vandravagen\/files\/2021\/01\/IMG_7575-768x1024.jpg 768w, https:\/\/blogg.svenskakyrkan.se\/vandravagen\/files\/2021\/01\/IMG_7575-1152x1536.jpg 1152w, https:\/\/blogg.svenskakyrkan.se\/vandravagen\/files\/2021\/01\/IMG_7575-1200x1600.jpg 1200w, https:\/\/blogg.svenskakyrkan.se\/vandravagen\/files\/2021\/01\/IMG_7575-rotated.jpg 1512w\" sizes=\"auto, (max-width: 1024px) 100vw, 1024px\" \/><\/figure>\n\n\n\n<p>Det blir alltid lite eftersl\u00e4pning p\u00e5 jultexterna. Det hade s\u00e4kert varit fint att komma med de h\u00e4r bloggposterna F\u00d6RE jul ist\u00e4llet men det \u00e4r ju under julhelgerna som jag brukar funderar p\u00e5 julbudskapet och f\u00f6rs\u00f6ka l\u00e4ra mig n\u00e5got nytt.<\/p>\n\n\n\n<p>Jag skrev f\u00f6r ett tag sedan &#8221;<a href=\"https:\/\/blogg.svenskakyrkan.se\/vandravagen\/2020\/12\/08\/en-prast-laser-the-first-christmas\/\">En pr\u00e4st l\u00e4ser The First Christmas<\/a>&#8221; d\u00e4r f\u00f6rfattarna har den  (liberala om man s\u00e5 vill) egenheten att de tycker det inte spelar n\u00e5gon som helst roll om n\u00e5got av det evangelierna beskriver kring julen har h\u00e4nt i verkligheten utan lika v\u00e4l kan vara fria p\u00e5hitt f\u00f6r att m\u00e5la upp en bra bakgrund till vem Jesus kommer visa sig vara l\u00e4ngre fram i livet. De har f\u00f6rvisso m\u00e5nga sp\u00e4nnande saker att ber\u00e4tta om Augustus och de andra men det var intressant att n\u00e4sta bok jag tittade i hade helt motsatt f\u00f6rh\u00e5llningss\u00e4tt.<\/p>\n\n\n\n<p>I &#8221;Jesus Through Middle Eastern Eyes&#8221; av Kenneth Bailey g\u00e5r f\u00f6rfattaren efter sitt l\u00e5nga liv som bibelforskare i mellan\u00f6stern igenom bland annat julber\u00e4ttelserna och s\u00e4tter dem i ett kulturellt sammanhang. D\u00e4r visar det sig att han tv\u00e4rtom tycker mycket av det som st\u00e5r i bibeln har pr\u00e4gel av historisk trov\u00e4rdighet och och lokalk\u00e4nnedom. D\u00e4remot beskriver han ocks\u00e5 hur det i den tidiga utombibliska texten &#8221;Jakobs protoevangelium&#8221; blev att m\u00e5nga legendaktiga element kom med i ber\u00e4ttelserna. Jag har skrivit tidigare om det. <a href=\"https:\/\/blogg.svenskakyrkan.se\/vandravagen\/2020\/02\/05\/ett-alternativt-julevangelium\/\">Jag har skrivit h\u00e4r om julen i Jakobs protoevangelium<\/a>.<\/p>\n\n\n\n<p>Bailey tar sig an n\u00e5gra saker som inte riktigt \u00e4r rimliga i v\u00e5r g\u00e4ngse f\u00f6rst\u00e5else av julber\u00e4ttelserna. <\/p>\n\n\n\n<p>N\u00e4r det g\u00e4ller Josefs h\u00e4rstamning i Betlehem menar han (tror jag fick detta fr\u00e5n Bailey?) att \u00e4ven om det \u00e4r orimligt att Josef skulle skattskrivas d\u00e4r hans f\u00f6rfader kom fr\u00e5n ett \u00e5rtusende tidigare s\u00e5 kan han mycket v\u00e4l ha beh\u00f6vt \u00e5ka dit f\u00f6r att han \u00e4gde egendom d\u00e4r eller kanske bott d\u00e4r som barn. Maria kanske fick f\u00f6lja med f\u00f6r att hon var utsatt och f\u00f6rem\u00e5l f\u00f6r elakt tal i Nasaret? <\/p>\n\n\n\n<p>Om det nu var s\u00e5, och om Josef dessutom \u00e4r av Davids sl\u00e4kt \u00e4r det helt orimligt att han skulle vara ok\u00e4nd i Betlehem. I en orientalisk milj\u00f6 hade han givetvis kunnat hitta n\u00e5gonstans att bo, om inte s\u00e5 bara genom att komma dit och ber\u00e4tta om n\u00e5gon d\u00e4r han \u00e4r sl\u00e4kt med. G\u00e4stfriheten \u00e4r helig i dessa kulturer. F\u00f6r den som d\u00e4rtill r\u00e4knas till en viktig sl\u00e4kt \u00e4r det f\u00f6rst\u00e5s s\u00e5 att folk h\u00f6ll ordning \u00e4ven p\u00e5 s\u00e5dant. Vem skulle l\u00e5ta n\u00e5gon av Davids sl\u00e4kt g\u00e5 utan husrum?<\/p>\n\n\n\n<p>Jag ska inte g\u00e5 igenom allt om hur det gick till med &#8221;h\u00e4rb\u00e4rget&#8221; och krubban och stallet f\u00f6r jag har redan tidigare skrivit om <a href=\"https:\/\/blogg.svenskakyrkan.se\/vandravagen\/2018\/12\/25\/kristus-i-krubba-men-inte-i-stall\/\">hur det verkligen var med att Jesus inte alls f\u00f6ddes i ett stall men \u00e4nd\u00e5 i en krubba<\/a>. L\u00e4s det, det h\u00e4r \u00e4r bra grejer att l\u00e4ra sig! P\u00e5 kuppen f\u00e5r man l\u00e4ra sig lite om husbyggessederna genom \u00e5rtusenden i trakterna. Bailey argumenterar f\u00f6rtr\u00e4ffligt h\u00e4r.<\/p>\n\n\n\n<p>\u00c4ven herdarna kommer upp. De \u00e4r ju fattiga och kan egentligen inte v\u00e4nta sig att f\u00e5 komma in d\u00e4r ett kungabarn f\u00f6tts. Men s\u00e5 f\u00e5r de h\u00e4r att tecknet F\u00d6R DEM \u00e4r att han \u00e4r lindad och i en krubba. Och d\u00e5 f\u00f6rst\u00e5r dem att just de \u00e4r v\u00e4lkomna! Att denne messias \u00e4r f\u00f6r dem. N\u00e4r de prisar Gud efter bes\u00f6ket hos barnet &#8221;f\u00f6r allt de f\u00e5tt h\u00f6ra och se&#8221; s\u00e5 ing\u00e5r det s\u00e4kert detta att de blev mottagna och v\u00e4lkomnade och inte bortvisade (f\u00f6r herdar ans\u00e5gs som skummisar som drev sina f\u00e5r d\u00e4r de egentligen inte fick beta och hade d\u00e4rf\u00f6r l\u00e5gt anseende).<\/p>\n\n\n\n<p>Som gr\u00e4dde p\u00e5 moset avslutar han med att damma av en gammal engelsk julh\u00e4lsning, i stil med v\u00e5rt kristna p\u00e5skrop. <\/p>\n\n\n\n<p>F\u00f6rst h\u00e4lsar den ene med &#8221;Fr\u00e4lsaren \u00e4r f\u00f6dd&#8221; och den andre svarar &#8221;han \u00e4r f\u00f6dd i en krubba&#8221;. Det sammanfattar v\u00e4ldigt mycket av det viktiga. Ut\u00f6ver mycket lullull \u00e4r det \u00e4nd\u00e5 k\u00e4rnan att Jesus f\u00f6ddes i enkelhet, var en av oss och mottogs av enkla m\u00e4nniskor.<\/p>\n\n\n\n<p>Vad s\u00e4ger du om allt detta? Skriv en kommentar!<\/p>\n","protected":false},"excerpt":{"rendered":"<p>Det blir alltid lite eftersl\u00e4pning p\u00e5 jultexterna. Det hade s\u00e4kert varit fint att komma med de h\u00e4r bloggposterna F\u00d6RE jul ist\u00e4llet men det \u00e4r ju under julhelgerna som jag brukar funderar p\u00e5 julbudskapet och f\u00f6rs\u00f6ka l\u00e4ra mig n\u00e5got nytt. Jag skrev f\u00f6r ett tag sedan &#8221;En pr\u00e4st l\u00e4ser The First Christmas&#8221; d\u00e4r f\u00f6rfattarna har den [&hellip;]<\/p>\n","protected":false},"author":392,"featured_media":8395,"comment_status":"open","ping_status":"open","sticky":false,"template":"","format":"standard","meta":{"_acf_changed":false,"footnotes":""},"categories":[14252,8298,8341,117],"tags":[],"class_list":["post-8393","post","type-post","status-publish","format-standard","has-post-thumbnail","hentry","category-bibel","category-bibeln","category-jul","category-teologi"],"acf":[],"yoast_head":"<!-- This site is optimized with the Yoast SEO plugin v27.1.1 - https:\/\/yoast.com\/product\/yoast-seo-wordpress\/ -->\n<title>Julen med mellan\u00f6sterns glas\u00f6gon - Vandra V\u00e4gen<\/title>\n<meta name=\"robots\" content=\"index, follow, max-snippet:-1, max-image-preview:large, max-video-preview:-1\" \/>\n<link rel=\"canonical\" href=\"https:\/\/blogg.svenskakyrkan.se\/vandravagen\/2021\/01\/07\/julen-med-mellanosterns-glasogon\/\" \/>\n<meta property=\"og:locale\" content=\"sv_SE\" \/>\n<meta property=\"og:type\" content=\"article\" \/>\n<meta property=\"og:title\" content=\"Julen med mellan\u00f6sterns glas\u00f6gon - Vandra V\u00e4gen\" \/>\n<meta property=\"og:description\" content=\"Det blir alltid lite eftersl\u00e4pning p\u00e5 jultexterna. Det hade s\u00e4kert varit fint att komma med de h\u00e4r bloggposterna F\u00d6RE jul ist\u00e4llet men det \u00e4r ju under julhelgerna som jag brukar funderar p\u00e5 julbudskapet och f\u00f6rs\u00f6ka l\u00e4ra mig n\u00e5got nytt. Jag skrev f\u00f6r ett tag sedan &#8221;En pr\u00e4st l\u00e4ser The First Christmas&#8221; d\u00e4r f\u00f6rfattarna har den [&hellip;]\" \/>\n<meta property=\"og:url\" content=\"https:\/\/blogg.svenskakyrkan.se\/vandravagen\/2021\/01\/07\/julen-med-mellanosterns-glasogon\/\" \/>\n<meta property=\"og:site_name\" content=\"Vandra V\u00e4gen\" \/>\n<meta property=\"article:publisher\" content=\"http:\/\/facebook.com\/vandravagen\" \/>\n<meta property=\"article:published_time\" content=\"2021-01-07T06:00:00+00:00\" \/>\n<meta property=\"og:image\" content=\"https:\/\/blogg.svenskakyrkan.se\/vandravagen\/files\/2021\/01\/IMG_7575-rotated.jpg\" \/>\n\t<meta property=\"og:image:width\" content=\"1512\" \/>\n\t<meta property=\"og:image:height\" content=\"2016\" \/>\n\t<meta property=\"og:image:type\" content=\"image\/jpeg\" \/>\n<meta name=\"author\" content=\"Tomas Jarvid\" \/>\n<meta name=\"twitter:card\" content=\"summary_large_image\" \/>\n<meta name=\"twitter:creator\" content=\"@fadertomas\" \/>\n<meta name=\"twitter:site\" content=\"@fadertomas\" \/>\n<meta name=\"twitter:label1\" content=\"Skriven av\" \/>\n\t<meta name=\"twitter:data1\" content=\"Tomas Jarvid\" \/>\n\t<meta name=\"twitter:label2\" content=\"Ber\u00e4knad l\u00e4stid\" \/>\n\t<meta name=\"twitter:data2\" content=\"4 minuter\" \/>\n<script type=\"application\/ld+json\" class=\"yoast-schema-graph\">{\"@context\":\"https:\/\/schema.org\",\"@graph\":[{\"@type\":\"Article\",\"@id\":\"https:\/\/blogg.svenskakyrkan.se\/vandravagen\/2021\/01\/07\/julen-med-mellanosterns-glasogon\/#article\",\"isPartOf\":{\"@id\":\"https:\/\/blogg.svenskakyrkan.se\/vandravagen\/2021\/01\/07\/julen-med-mellanosterns-glasogon\/\"},\"author\":{\"name\":\"Tomas Jarvid\",\"@id\":\"https:\/\/blogg.svenskakyrkan.se\/vandravagen\/#\/schema\/person\/25da02d4f76b137d04291711e2c9fc16\"},\"headline\":\"Julen med mellan\u00f6sterns glas\u00f6gon\",\"datePublished\":\"2021-01-07T06:00:00+00:00\",\"mainEntityOfPage\":{\"@id\":\"https:\/\/blogg.svenskakyrkan.se\/vandravagen\/2021\/01\/07\/julen-med-mellanosterns-glasogon\/\"},\"wordCount\":796,\"commentCount\":2,\"publisher\":{\"@id\":\"https:\/\/blogg.svenskakyrkan.se\/vandravagen\/#organization\"},\"image\":{\"@id\":\"https:\/\/blogg.svenskakyrkan.se\/vandravagen\/2021\/01\/07\/julen-med-mellanosterns-glasogon\/#primaryimage\"},\"thumbnailUrl\":\"https:\/\/blogg.svenskakyrkan.se\/vandravagen\/files\/2021\/01\/IMG_7575-rotated.jpg\",\"articleSection\":[\"bibel\",\"Bibeln\",\"jul\",\"Teologi\"],\"inLanguage\":\"sv-SE\",\"potentialAction\":[{\"@type\":\"CommentAction\",\"name\":\"Comment\",\"target\":[\"https:\/\/blogg.svenskakyrkan.se\/vandravagen\/2021\/01\/07\/julen-med-mellanosterns-glasogon\/#respond\"]}]},{\"@type\":\"WebPage\",\"@id\":\"https:\/\/blogg.svenskakyrkan.se\/vandravagen\/2021\/01\/07\/julen-med-mellanosterns-glasogon\/\",\"url\":\"https:\/\/blogg.svenskakyrkan.se\/vandravagen\/2021\/01\/07\/julen-med-mellanosterns-glasogon\/\",\"name\":\"Julen med mellan\u00f6sterns glas\u00f6gon - Vandra V\u00e4gen\",\"isPartOf\":{\"@id\":\"https:\/\/blogg.svenskakyrkan.se\/vandravagen\/#website\"},\"primaryImageOfPage\":{\"@id\":\"https:\/\/blogg.svenskakyrkan.se\/vandravagen\/2021\/01\/07\/julen-med-mellanosterns-glasogon\/#primaryimage\"},\"image\":{\"@id\":\"https:\/\/blogg.svenskakyrkan.se\/vandravagen\/2021\/01\/07\/julen-med-mellanosterns-glasogon\/#primaryimage\"},\"thumbnailUrl\":\"https:\/\/blogg.svenskakyrkan.se\/vandravagen\/files\/2021\/01\/IMG_7575-rotated.jpg\",\"datePublished\":\"2021-01-07T06:00:00+00:00\",\"breadcrumb\":{\"@id\":\"https:\/\/blogg.svenskakyrkan.se\/vandravagen\/2021\/01\/07\/julen-med-mellanosterns-glasogon\/#breadcrumb\"},\"inLanguage\":\"sv-SE\",\"potentialAction\":[{\"@type\":\"ReadAction\",\"target\":[\"https:\/\/blogg.svenskakyrkan.se\/vandravagen\/2021\/01\/07\/julen-med-mellanosterns-glasogon\/\"]}]},{\"@type\":\"ImageObject\",\"inLanguage\":\"sv-SE\",\"@id\":\"https:\/\/blogg.svenskakyrkan.se\/vandravagen\/2021\/01\/07\/julen-med-mellanosterns-glasogon\/#primaryimage\",\"url\":\"https:\/\/blogg.svenskakyrkan.se\/vandravagen\/files\/2021\/01\/IMG_7575-rotated.jpg\",\"contentUrl\":\"https:\/\/blogg.svenskakyrkan.se\/vandravagen\/files\/2021\/01\/IMG_7575-rotated.jpg\",\"width\":1512,\"height\":2016},{\"@type\":\"BreadcrumbList\",\"@id\":\"https:\/\/blogg.svenskakyrkan.se\/vandravagen\/2021\/01\/07\/julen-med-mellanosterns-glasogon\/#breadcrumb\",\"itemListElement\":[{\"@type\":\"ListItem\",\"position\":1,\"name\":\"Hem\",\"item\":\"https:\/\/blogg.svenskakyrkan.se\/vandravagen\/\"},{\"@type\":\"ListItem\",\"position\":2,\"name\":\"Julen med mellan\u00f6sterns glas\u00f6gon\"}]},{\"@type\":\"WebSite\",\"@id\":\"https:\/\/blogg.svenskakyrkan.se\/vandravagen\/#website\",\"url\":\"https:\/\/blogg.svenskakyrkan.se\/vandravagen\/\",\"name\":\"Vandra V\u00e4gen\",\"description\":\"-Mot en tro f\u00f6r hela livet\",\"publisher\":{\"@id\":\"https:\/\/blogg.svenskakyrkan.se\/vandravagen\/#organization\"},\"potentialAction\":[{\"@type\":\"SearchAction\",\"target\":{\"@type\":\"EntryPoint\",\"urlTemplate\":\"https:\/\/blogg.svenskakyrkan.se\/vandravagen\/?s={search_term_string}\"},\"query-input\":{\"@type\":\"PropertyValueSpecification\",\"valueRequired\":true,\"valueName\":\"search_term_string\"}}],\"inLanguage\":\"sv-SE\"},{\"@type\":\"Organization\",\"@id\":\"https:\/\/blogg.svenskakyrkan.se\/vandravagen\/#organization\",\"name\":\"ulricehamns pastorat\",\"alternateName\":\"ulricehamns pastorat\",\"url\":\"https:\/\/blogg.svenskakyrkan.se\/vandravagen\/\",\"logo\":{\"@type\":\"ImageObject\",\"inLanguage\":\"sv-SE\",\"@id\":\"https:\/\/blogg.svenskakyrkan.se\/vandravagen\/#\/schema\/logo\/image\/\",\"url\":\"https:\/\/blogg.svenskakyrkan.se\/vandravagen\/files\/2023\/05\/Ulr_logo_RGB.png\",\"contentUrl\":\"https:\/\/blogg.svenskakyrkan.se\/vandravagen\/files\/2023\/05\/Ulr_logo_RGB.png\",\"width\":205,\"height\":77,\"caption\":\"ulricehamns pastorat\"},\"image\":{\"@id\":\"https:\/\/blogg.svenskakyrkan.se\/vandravagen\/#\/schema\/logo\/image\/\"},\"sameAs\":[\"http:\/\/facebook.com\/vandravagen\",\"https:\/\/x.com\/fadertomas\",\"http:\/\/www.facebook.com\/svenskakyrkaniulricehamn\"]},{\"@type\":\"Person\",\"@id\":\"https:\/\/blogg.svenskakyrkan.se\/vandravagen\/#\/schema\/person\/25da02d4f76b137d04291711e2c9fc16\",\"name\":\"Tomas Jarvid\",\"image\":{\"@type\":\"ImageObject\",\"inLanguage\":\"sv-SE\",\"@id\":\"https:\/\/blogg.svenskakyrkan.se\/vandravagen\/#\/schema\/person\/image\/\",\"url\":\"https:\/\/secure.gravatar.com\/avatar\/7fa71899795e8f540f615a1f5ab25255dc27aa40f05ee7ddd21aac521e01bf50?s=96&d=identicon&r=g\",\"contentUrl\":\"https:\/\/secure.gravatar.com\/avatar\/7fa71899795e8f540f615a1f5ab25255dc27aa40f05ee7ddd21aac521e01bf50?s=96&d=identicon&r=g\",\"caption\":\"Tomas Jarvid\"},\"description\":\"Jag bor i Ulricehamn i V\u00e4sterg\u00f6tland och \u00e4r f\u00f6rsamlingspr\u00e4st i Svenska Kyrkan f\u00f6r Dalstorps f\u00f6rsamling i Kinds pastorat. P\u00e5 den h\u00e4r bloggen skriver jag ner tankar om vandringen som kristen.\",\"sameAs\":[\"http:\/\/www.vandravagen.se\"],\"url\":\"https:\/\/blogg.svenskakyrkan.se\/vandravagen\/author\/vandravagen\/\"}]}<\/script>\n<!-- \/ Yoast SEO plugin. -->","yoast_head_json":{"title":"Julen med mellan\u00f6sterns glas\u00f6gon - Vandra V\u00e4gen","robots":{"index":"index","follow":"follow","max-snippet":"max-snippet:-1","max-image-preview":"max-image-preview:large","max-video-preview":"max-video-preview:-1"},"canonical":"https:\/\/blogg.svenskakyrkan.se\/vandravagen\/2021\/01\/07\/julen-med-mellanosterns-glasogon\/","og_locale":"sv_SE","og_type":"article","og_title":"Julen med mellan\u00f6sterns glas\u00f6gon - Vandra V\u00e4gen","og_description":"Det blir alltid lite eftersl\u00e4pning p\u00e5 jultexterna. Det hade s\u00e4kert varit fint att komma med de h\u00e4r bloggposterna F\u00d6RE jul ist\u00e4llet men det \u00e4r ju under julhelgerna som jag brukar funderar p\u00e5 julbudskapet och f\u00f6rs\u00f6ka l\u00e4ra mig n\u00e5got nytt. Jag skrev f\u00f6r ett tag sedan &#8221;En pr\u00e4st l\u00e4ser The First Christmas&#8221; d\u00e4r f\u00f6rfattarna har den [&hellip;]","og_url":"https:\/\/blogg.svenskakyrkan.se\/vandravagen\/2021\/01\/07\/julen-med-mellanosterns-glasogon\/","og_site_name":"Vandra V\u00e4gen","article_publisher":"http:\/\/facebook.com\/vandravagen","article_published_time":"2021-01-07T06:00:00+00:00","og_image":[{"width":1512,"height":2016,"url":"https:\/\/blogg.svenskakyrkan.se\/vandravagen\/files\/2021\/01\/IMG_7575-rotated.jpg","type":"image\/jpeg"}],"author":"Tomas Jarvid","twitter_card":"summary_large_image","twitter_creator":"@fadertomas","twitter_site":"@fadertomas","twitter_misc":{"Skriven av":"Tomas Jarvid","Ber\u00e4knad l\u00e4stid":"4 minuter"},"schema":{"@context":"https:\/\/schema.org","@graph":[{"@type":"Article","@id":"https:\/\/blogg.svenskakyrkan.se\/vandravagen\/2021\/01\/07\/julen-med-mellanosterns-glasogon\/#article","isPartOf":{"@id":"https:\/\/blogg.svenskakyrkan.se\/vandravagen\/2021\/01\/07\/julen-med-mellanosterns-glasogon\/"},"author":{"name":"Tomas Jarvid","@id":"https:\/\/blogg.svenskakyrkan.se\/vandravagen\/#\/schema\/person\/25da02d4f76b137d04291711e2c9fc16"},"headline":"Julen med mellan\u00f6sterns glas\u00f6gon","datePublished":"2021-01-07T06:00:00+00:00","mainEntityOfPage":{"@id":"https:\/\/blogg.svenskakyrkan.se\/vandravagen\/2021\/01\/07\/julen-med-mellanosterns-glasogon\/"},"wordCount":796,"commentCount":2,"publisher":{"@id":"https:\/\/blogg.svenskakyrkan.se\/vandravagen\/#organization"},"image":{"@id":"https:\/\/blogg.svenskakyrkan.se\/vandravagen\/2021\/01\/07\/julen-med-mellanosterns-glasogon\/#primaryimage"},"thumbnailUrl":"https:\/\/blogg.svenskakyrkan.se\/vandravagen\/files\/2021\/01\/IMG_7575-rotated.jpg","articleSection":["bibel","Bibeln","jul","Teologi"],"inLanguage":"sv-SE","potentialAction":[{"@type":"CommentAction","name":"Comment","target":["https:\/\/blogg.svenskakyrkan.se\/vandravagen\/2021\/01\/07\/julen-med-mellanosterns-glasogon\/#respond"]}]},{"@type":"WebPage","@id":"https:\/\/blogg.svenskakyrkan.se\/vandravagen\/2021\/01\/07\/julen-med-mellanosterns-glasogon\/","url":"https:\/\/blogg.svenskakyrkan.se\/vandravagen\/2021\/01\/07\/julen-med-mellanosterns-glasogon\/","name":"Julen med mellan\u00f6sterns glas\u00f6gon - Vandra V\u00e4gen","isPartOf":{"@id":"https:\/\/blogg.svenskakyrkan.se\/vandravagen\/#website"},"primaryImageOfPage":{"@id":"https:\/\/blogg.svenskakyrkan.se\/vandravagen\/2021\/01\/07\/julen-med-mellanosterns-glasogon\/#primaryimage"},"image":{"@id":"https:\/\/blogg.svenskakyrkan.se\/vandravagen\/2021\/01\/07\/julen-med-mellanosterns-glasogon\/#primaryimage"},"thumbnailUrl":"https:\/\/blogg.svenskakyrkan.se\/vandravagen\/files\/2021\/01\/IMG_7575-rotated.jpg","datePublished":"2021-01-07T06:00:00+00:00","breadcrumb":{"@id":"https:\/\/blogg.svenskakyrkan.se\/vandravagen\/2021\/01\/07\/julen-med-mellanosterns-glasogon\/#breadcrumb"},"inLanguage":"sv-SE","potentialAction":[{"@type":"ReadAction","target":["https:\/\/blogg.svenskakyrkan.se\/vandravagen\/2021\/01\/07\/julen-med-mellanosterns-glasogon\/"]}]},{"@type":"ImageObject","inLanguage":"sv-SE","@id":"https:\/\/blogg.svenskakyrkan.se\/vandravagen\/2021\/01\/07\/julen-med-mellanosterns-glasogon\/#primaryimage","url":"https:\/\/blogg.svenskakyrkan.se\/vandravagen\/files\/2021\/01\/IMG_7575-rotated.jpg","contentUrl":"https:\/\/blogg.svenskakyrkan.se\/vandravagen\/files\/2021\/01\/IMG_7575-rotated.jpg","width":1512,"height":2016},{"@type":"BreadcrumbList","@id":"https:\/\/blogg.svenskakyrkan.se\/vandravagen\/2021\/01\/07\/julen-med-mellanosterns-glasogon\/#breadcrumb","itemListElement":[{"@type":"ListItem","position":1,"name":"Hem","item":"https:\/\/blogg.svenskakyrkan.se\/vandravagen\/"},{"@type":"ListItem","position":2,"name":"Julen med mellan\u00f6sterns glas\u00f6gon"}]},{"@type":"WebSite","@id":"https:\/\/blogg.svenskakyrkan.se\/vandravagen\/#website","url":"https:\/\/blogg.svenskakyrkan.se\/vandravagen\/","name":"Vandra V\u00e4gen","description":"-Mot en tro f\u00f6r hela livet","publisher":{"@id":"https:\/\/blogg.svenskakyrkan.se\/vandravagen\/#organization"},"potentialAction":[{"@type":"SearchAction","target":{"@type":"EntryPoint","urlTemplate":"https:\/\/blogg.svenskakyrkan.se\/vandravagen\/?s={search_term_string}"},"query-input":{"@type":"PropertyValueSpecification","valueRequired":true,"valueName":"search_term_string"}}],"inLanguage":"sv-SE"},{"@type":"Organization","@id":"https:\/\/blogg.svenskakyrkan.se\/vandravagen\/#organization","name":"ulricehamns pastorat","alternateName":"ulricehamns pastorat","url":"https:\/\/blogg.svenskakyrkan.se\/vandravagen\/","logo":{"@type":"ImageObject","inLanguage":"sv-SE","@id":"https:\/\/blogg.svenskakyrkan.se\/vandravagen\/#\/schema\/logo\/image\/","url":"https:\/\/blogg.svenskakyrkan.se\/vandravagen\/files\/2023\/05\/Ulr_logo_RGB.png","contentUrl":"https:\/\/blogg.svenskakyrkan.se\/vandravagen\/files\/2023\/05\/Ulr_logo_RGB.png","width":205,"height":77,"caption":"ulricehamns pastorat"},"image":{"@id":"https:\/\/blogg.svenskakyrkan.se\/vandravagen\/#\/schema\/logo\/image\/"},"sameAs":["http:\/\/facebook.com\/vandravagen","https:\/\/x.com\/fadertomas","http:\/\/www.facebook.com\/svenskakyrkaniulricehamn"]},{"@type":"Person","@id":"https:\/\/blogg.svenskakyrkan.se\/vandravagen\/#\/schema\/person\/25da02d4f76b137d04291711e2c9fc16","name":"Tomas Jarvid","image":{"@type":"ImageObject","inLanguage":"sv-SE","@id":"https:\/\/blogg.svenskakyrkan.se\/vandravagen\/#\/schema\/person\/image\/","url":"https:\/\/secure.gravatar.com\/avatar\/7fa71899795e8f540f615a1f5ab25255dc27aa40f05ee7ddd21aac521e01bf50?s=96&d=identicon&r=g","contentUrl":"https:\/\/secure.gravatar.com\/avatar\/7fa71899795e8f540f615a1f5ab25255dc27aa40f05ee7ddd21aac521e01bf50?s=96&d=identicon&r=g","caption":"Tomas Jarvid"},"description":"Jag bor i Ulricehamn i V\u00e4sterg\u00f6tland och \u00e4r f\u00f6rsamlingspr\u00e4st i Svenska Kyrkan f\u00f6r Dalstorps f\u00f6rsamling i Kinds pastorat. P\u00e5 den h\u00e4r bloggen skriver jag ner tankar om vandringen som kristen.","sameAs":["http:\/\/www.vandravagen.se"],"url":"https:\/\/blogg.svenskakyrkan.se\/vandravagen\/author\/vandravagen\/"}]}},"author_meta":{"ID":"392","user_nicename":"vandravagen","user_url":"http:\/\/www.vandravagen.se","user_registered":"2014-05-19 05:44:52","display_name":"Tomas Jarvid","first_name":"Tomas","last_name":"Jarvid","avatar":"https:\/\/secure.gravatar.com\/avatar\/7fa71899795e8f540f615a1f5ab25255dc27aa40f05ee7ddd21aac521e01bf50?s=96&d=identicon&r=g"},"featured_image":["https:\/\/blogg.svenskakyrkan.se\/vandravagen\/files\/2021\/01\/IMG_7575-1024x1365.jpg",1024,1365,true],"bloginfo":{"name":"Vandra V\u00e4gen","url":"https:\/\/blogg.svenskakyrkan.se\/vandravagen"},"_links":{"self":[{"href":"https:\/\/blogg.svenskakyrkan.se\/vandravagen\/wp-json\/wp\/v2\/posts\/8393","targetHints":{"allow":["GET"]}}],"collection":[{"href":"https:\/\/blogg.svenskakyrkan.se\/vandravagen\/wp-json\/wp\/v2\/posts"}],"about":[{"href":"https:\/\/blogg.svenskakyrkan.se\/vandravagen\/wp-json\/wp\/v2\/types\/post"}],"author":[{"embeddable":true,"href":"https:\/\/blogg.svenskakyrkan.se\/vandravagen\/wp-json\/wp\/v2\/users\/392"}],"replies":[{"embeddable":true,"href":"https:\/\/blogg.svenskakyrkan.se\/vandravagen\/wp-json\/wp\/v2\/comments?post=8393"}],"version-history":[{"count":1,"href":"https:\/\/blogg.svenskakyrkan.se\/vandravagen\/wp-json\/wp\/v2\/posts\/8393\/revisions"}],"predecessor-version":[{"id":8396,"href":"https:\/\/blogg.svenskakyrkan.se\/vandravagen\/wp-json\/wp\/v2\/posts\/8393\/revisions\/8396"}],"wp:featuredmedia":[{"embeddable":true,"href":"https:\/\/blogg.svenskakyrkan.se\/vandravagen\/wp-json\/wp\/v2\/media\/8395"}],"wp:attachment":[{"href":"https:\/\/blogg.svenskakyrkan.se\/vandravagen\/wp-json\/wp\/v2\/media?parent=8393"}],"wp:term":[{"taxonomy":"category","embeddable":true,"href":"https:\/\/blogg.svenskakyrkan.se\/vandravagen\/wp-json\/wp\/v2\/categories?post=8393"},{"taxonomy":"post_tag","embeddable":true,"href":"https:\/\/blogg.svenskakyrkan.se\/vandravagen\/wp-json\/wp\/v2\/tags?post=8393"}],"curies":[{"name":"wp","href":"https:\/\/api.w.org\/{rel}","templated":true}]}}