{"id":8397,"date":"2021-01-10T07:00:00","date_gmt":"2021-01-10T06:00:00","guid":{"rendered":"http:\/\/blogg.svenskakyrkan.se\/vandravagen\/?p=8397"},"modified":"2021-01-09T22:54:30","modified_gmt":"2021-01-09T21:54:30","slug":"8-blandade-tankar-pa-sondagen-53","status":"publish","type":"post","link":"https:\/\/blogg.svenskakyrkan.se\/vandravagen\/2021\/01\/10\/8-blandade-tankar-pa-sondagen-53\/","title":{"rendered":"8 blandade tankar p\u00e5 s\u00f6ndagen"},"content":{"rendered":"\n\n\n<figure class=\"wp-block-image size-large is-style-default\"><img loading=\"lazy\" decoding=\"async\" width=\"750\" height=\"916\" src=\"https:\/\/blogg.svenskakyrkan.se\/vandravagen\/files\/2021\/01\/IMG_7630.jpg\" alt=\"\" class=\"wp-image-8398\" srcset=\"https:\/\/blogg.svenskakyrkan.se\/vandravagen\/files\/2021\/01\/IMG_7630.jpg 750w, https:\/\/blogg.svenskakyrkan.se\/vandravagen\/files\/2021\/01\/IMG_7630-300x366.jpg 300w\" sizes=\"auto, (max-width: 750px) 100vw, 750px\" \/><figcaption>\u00c4nnu en fin ikon av de tre stj\u00e4rntydarna som hyllar Jesus.<\/figcaption><\/figure>\n\n\n\n<ol class=\"wp-block-list\"><li>Glad s\u00f6ndag k\u00e4ra l\u00e4sare!<\/li><li>Idag \u00e4r det s\u00f6ndagen efter trettondagen och d\u00e5 handlar evangeliel\u00e4sningarna om Jesu dop i Jordan av Johannes. D\u00e4r \u00e4r han pl\u00f6tsligt vuxen s\u00e5 det hoppar lite i tidsperspektiven men det \u00e4r \u00e5 andra sidan en startpunkt p\u00e5 hans verksamhet.<\/li><li>Kyrkan i Dalstorp \u00e4r \u00f6ppen f\u00f6r andakt mellan 10-12. F\u00f6r min egen del b\u00f6rjar nu f\u00f6r\u00e4ldraledigheten s\u00e5 jag \u00e4r inte d\u00e4r och bemannar. Det har som vanligt varit lite sv\u00e5rt att greppa n\u00e4r jag g\u00e5tt runt p\u00e5 kontoret de senaste dagarna och liksom tagit lite avsked.<\/li><li>En annan sak som h\u00e4nder nu imorgon \u00e4r att det l\u00e5nga h\u00e4rliga jullovet tar slut f\u00f6r barnen. Det har verkligen varit h\u00e4rligt att f\u00e5 s\u00e5 mycket tid med familjen. D\u00e4r \u00e4r en plussida personligen med de lugnare tiderna f\u00f6r pr\u00e4sten nu i coronatiderna.<\/li><li>Jag forts\u00e4tter springa. Jag har t\u00e4nkt tidigare att jag kunde testa en &#8221;runstreak&#8221; och springa lite varje dag men s\u00e5 pl\u00f6tsligt n\u00e4r det blivit n\u00e5gra dagar i rad \u00e4r det v\u00e4l bara att forts\u00e4tta p\u00e5 obest\u00e4md tid fram\u00f6ver?<\/li><li>Och nu har jag hunnit anv\u00e4nda l\u00e4ngdskidorna tv\u00e5 g\u00e5nger ocks\u00e5. Det \u00e4r ocks\u00e5 v\u00e4ldigt bra att det kommit sn\u00f6. M\u00e5 den ligga kvar till april.<\/li><li>Jo tackar som fr\u00e5gar pusslet med 2000 bitar \u00e4r lagt. Det blir l\u00e4tt lite besatthet \u00f6ver pusslandet men p\u00e5 ett sk\u00f6nt s\u00e4tt. Nu ska vi damma av grindslantenpusslet vi lade hemma n\u00e4r jag var 8 eller s\u00e5.<\/li><li>Vad g\u00f6r du idag? Skriv en rad och ber\u00e4tta!<\/li><\/ol>\n","protected":false},"excerpt":{"rendered":"<p>Glad s\u00f6ndag k\u00e4ra l\u00e4sare! Idag \u00e4r det s\u00f6ndagen efter trettondagen och d\u00e5 handlar evangeliel\u00e4sningarna om Jesu dop i Jordan av Johannes. D\u00e4r \u00e4r han pl\u00f6tsligt vuxen s\u00e5 det hoppar lite i tidsperspektiven men det \u00e4r \u00e5 andra sidan en startpunkt p\u00e5 hans verksamhet. Kyrkan i Dalstorp \u00e4r \u00f6ppen f\u00f6r andakt mellan 10-12. F\u00f6r min egen [&hellip;]<\/p>\n","protected":false},"author":392,"featured_media":8398,"comment_status":"open","ping_status":"open","sticky":false,"template":"","format":"standard","meta":{"_acf_changed":false,"footnotes":""},"categories":[9],"tags":[],"class_list":["post-8397","post","type-post","status-publish","format-standard","has-post-thumbnail","hentry","category-okategoriserade"],"acf":[],"yoast_head":"<!-- This site is optimized with the Yoast SEO plugin v27.1.1 - https:\/\/yoast.com\/product\/yoast-seo-wordpress\/ -->\n<title>8 blandade tankar p\u00e5 s\u00f6ndagen - Vandra V\u00e4gen<\/title>\n<meta name=\"robots\" content=\"index, follow, max-snippet:-1, max-image-preview:large, max-video-preview:-1\" \/>\n<link rel=\"canonical\" href=\"https:\/\/blogg.svenskakyrkan.se\/vandravagen\/2021\/01\/10\/8-blandade-tankar-pa-sondagen-53\/\" \/>\n<meta property=\"og:locale\" content=\"sv_SE\" \/>\n<meta property=\"og:type\" content=\"article\" \/>\n<meta property=\"og:title\" content=\"8 blandade tankar p\u00e5 s\u00f6ndagen - Vandra V\u00e4gen\" \/>\n<meta property=\"og:description\" content=\"Glad s\u00f6ndag k\u00e4ra l\u00e4sare! Idag \u00e4r det s\u00f6ndagen efter trettondagen och d\u00e5 handlar evangeliel\u00e4sningarna om Jesu dop i Jordan av Johannes. D\u00e4r \u00e4r han pl\u00f6tsligt vuxen s\u00e5 det hoppar lite i tidsperspektiven men det \u00e4r \u00e5 andra sidan en startpunkt p\u00e5 hans verksamhet. Kyrkan i Dalstorp \u00e4r \u00f6ppen f\u00f6r andakt mellan 10-12. F\u00f6r min egen [&hellip;]\" \/>\n<meta property=\"og:url\" content=\"https:\/\/blogg.svenskakyrkan.se\/vandravagen\/2021\/01\/10\/8-blandade-tankar-pa-sondagen-53\/\" \/>\n<meta property=\"og:site_name\" content=\"Vandra V\u00e4gen\" \/>\n<meta property=\"article:publisher\" content=\"http:\/\/facebook.com\/vandravagen\" \/>\n<meta property=\"article:published_time\" content=\"2021-01-10T06:00:00+00:00\" \/>\n<meta property=\"og:image\" content=\"https:\/\/blogg.svenskakyrkan.se\/vandravagen\/files\/2021\/01\/IMG_7630.jpg\" \/>\n\t<meta property=\"og:image:width\" content=\"750\" \/>\n\t<meta property=\"og:image:height\" content=\"916\" \/>\n\t<meta property=\"og:image:type\" content=\"image\/jpeg\" \/>\n<meta name=\"author\" content=\"Tomas Jarvid\" \/>\n<meta name=\"twitter:card\" content=\"summary_large_image\" \/>\n<meta name=\"twitter:creator\" content=\"@fadertomas\" \/>\n<meta name=\"twitter:site\" content=\"@fadertomas\" \/>\n<meta name=\"twitter:label1\" content=\"Skriven av\" \/>\n\t<meta name=\"twitter:data1\" content=\"Tomas Jarvid\" \/>\n\t<meta name=\"twitter:label2\" content=\"Ber\u00e4knad l\u00e4stid\" \/>\n\t<meta name=\"twitter:data2\" content=\"1 minut\" \/>\n<script type=\"application\/ld+json\" class=\"yoast-schema-graph\">{\"@context\":\"https:\/\/schema.org\",\"@graph\":[{\"@type\":\"Article\",\"@id\":\"https:\/\/blogg.svenskakyrkan.se\/vandravagen\/2021\/01\/10\/8-blandade-tankar-pa-sondagen-53\/#article\",\"isPartOf\":{\"@id\":\"https:\/\/blogg.svenskakyrkan.se\/vandravagen\/2021\/01\/10\/8-blandade-tankar-pa-sondagen-53\/\"},\"author\":{\"name\":\"Tomas Jarvid\",\"@id\":\"https:\/\/blogg.svenskakyrkan.se\/vandravagen\/#\/schema\/person\/25da02d4f76b137d04291711e2c9fc16\"},\"headline\":\"8 blandade tankar p\u00e5 s\u00f6ndagen\",\"datePublished\":\"2021-01-10T06:00:00+00:00\",\"mainEntityOfPage\":{\"@id\":\"https:\/\/blogg.svenskakyrkan.se\/vandravagen\/2021\/01\/10\/8-blandade-tankar-pa-sondagen-53\/\"},\"wordCount\":299,\"commentCount\":6,\"publisher\":{\"@id\":\"https:\/\/blogg.svenskakyrkan.se\/vandravagen\/#organization\"},\"image\":{\"@id\":\"https:\/\/blogg.svenskakyrkan.se\/vandravagen\/2021\/01\/10\/8-blandade-tankar-pa-sondagen-53\/#primaryimage\"},\"thumbnailUrl\":\"https:\/\/blogg.svenskakyrkan.se\/vandravagen\/files\/2021\/01\/IMG_7630.jpg\",\"inLanguage\":\"sv-SE\",\"potentialAction\":[{\"@type\":\"CommentAction\",\"name\":\"Comment\",\"target\":[\"https:\/\/blogg.svenskakyrkan.se\/vandravagen\/2021\/01\/10\/8-blandade-tankar-pa-sondagen-53\/#respond\"]}]},{\"@type\":\"WebPage\",\"@id\":\"https:\/\/blogg.svenskakyrkan.se\/vandravagen\/2021\/01\/10\/8-blandade-tankar-pa-sondagen-53\/\",\"url\":\"https:\/\/blogg.svenskakyrkan.se\/vandravagen\/2021\/01\/10\/8-blandade-tankar-pa-sondagen-53\/\",\"name\":\"8 blandade tankar p\u00e5 s\u00f6ndagen - Vandra V\u00e4gen\",\"isPartOf\":{\"@id\":\"https:\/\/blogg.svenskakyrkan.se\/vandravagen\/#website\"},\"primaryImageOfPage\":{\"@id\":\"https:\/\/blogg.svenskakyrkan.se\/vandravagen\/2021\/01\/10\/8-blandade-tankar-pa-sondagen-53\/#primaryimage\"},\"image\":{\"@id\":\"https:\/\/blogg.svenskakyrkan.se\/vandravagen\/2021\/01\/10\/8-blandade-tankar-pa-sondagen-53\/#primaryimage\"},\"thumbnailUrl\":\"https:\/\/blogg.svenskakyrkan.se\/vandravagen\/files\/2021\/01\/IMG_7630.jpg\",\"datePublished\":\"2021-01-10T06:00:00+00:00\",\"breadcrumb\":{\"@id\":\"https:\/\/blogg.svenskakyrkan.se\/vandravagen\/2021\/01\/10\/8-blandade-tankar-pa-sondagen-53\/#breadcrumb\"},\"inLanguage\":\"sv-SE\",\"potentialAction\":[{\"@type\":\"ReadAction\",\"target\":[\"https:\/\/blogg.svenskakyrkan.se\/vandravagen\/2021\/01\/10\/8-blandade-tankar-pa-sondagen-53\/\"]}]},{\"@type\":\"ImageObject\",\"inLanguage\":\"sv-SE\",\"@id\":\"https:\/\/blogg.svenskakyrkan.se\/vandravagen\/2021\/01\/10\/8-blandade-tankar-pa-sondagen-53\/#primaryimage\",\"url\":\"https:\/\/blogg.svenskakyrkan.se\/vandravagen\/files\/2021\/01\/IMG_7630.jpg\",\"contentUrl\":\"https:\/\/blogg.svenskakyrkan.se\/vandravagen\/files\/2021\/01\/IMG_7630.jpg\",\"width\":750,\"height\":916},{\"@type\":\"BreadcrumbList\",\"@id\":\"https:\/\/blogg.svenskakyrkan.se\/vandravagen\/2021\/01\/10\/8-blandade-tankar-pa-sondagen-53\/#breadcrumb\",\"itemListElement\":[{\"@type\":\"ListItem\",\"position\":1,\"name\":\"Hem\",\"item\":\"https:\/\/blogg.svenskakyrkan.se\/vandravagen\/\"},{\"@type\":\"ListItem\",\"position\":2,\"name\":\"8 blandade tankar p\u00e5 s\u00f6ndagen\"}]},{\"@type\":\"WebSite\",\"@id\":\"https:\/\/blogg.svenskakyrkan.se\/vandravagen\/#website\",\"url\":\"https:\/\/blogg.svenskakyrkan.se\/vandravagen\/\",\"name\":\"Vandra V\u00e4gen\",\"description\":\"-Mot en tro f\u00f6r hela livet\",\"publisher\":{\"@id\":\"https:\/\/blogg.svenskakyrkan.se\/vandravagen\/#organization\"},\"potentialAction\":[{\"@type\":\"SearchAction\",\"target\":{\"@type\":\"EntryPoint\",\"urlTemplate\":\"https:\/\/blogg.svenskakyrkan.se\/vandravagen\/?s={search_term_string}\"},\"query-input\":{\"@type\":\"PropertyValueSpecification\",\"valueRequired\":true,\"valueName\":\"search_term_string\"}}],\"inLanguage\":\"sv-SE\"},{\"@type\":\"Organization\",\"@id\":\"https:\/\/blogg.svenskakyrkan.se\/vandravagen\/#organization\",\"name\":\"ulricehamns pastorat\",\"alternateName\":\"ulricehamns pastorat\",\"url\":\"https:\/\/blogg.svenskakyrkan.se\/vandravagen\/\",\"logo\":{\"@type\":\"ImageObject\",\"inLanguage\":\"sv-SE\",\"@id\":\"https:\/\/blogg.svenskakyrkan.se\/vandravagen\/#\/schema\/logo\/image\/\",\"url\":\"https:\/\/blogg.svenskakyrkan.se\/vandravagen\/files\/2023\/05\/Ulr_logo_RGB.png\",\"contentUrl\":\"https:\/\/blogg.svenskakyrkan.se\/vandravagen\/files\/2023\/05\/Ulr_logo_RGB.png\",\"width\":205,\"height\":77,\"caption\":\"ulricehamns pastorat\"},\"image\":{\"@id\":\"https:\/\/blogg.svenskakyrkan.se\/vandravagen\/#\/schema\/logo\/image\/\"},\"sameAs\":[\"http:\/\/facebook.com\/vandravagen\",\"https:\/\/x.com\/fadertomas\",\"http:\/\/www.facebook.com\/svenskakyrkaniulricehamn\"]},{\"@type\":\"Person\",\"@id\":\"https:\/\/blogg.svenskakyrkan.se\/vandravagen\/#\/schema\/person\/25da02d4f76b137d04291711e2c9fc16\",\"name\":\"Tomas Jarvid\",\"image\":{\"@type\":\"ImageObject\",\"inLanguage\":\"sv-SE\",\"@id\":\"https:\/\/blogg.svenskakyrkan.se\/vandravagen\/#\/schema\/person\/image\/\",\"url\":\"https:\/\/secure.gravatar.com\/avatar\/7fa71899795e8f540f615a1f5ab25255dc27aa40f05ee7ddd21aac521e01bf50?s=96&d=identicon&r=g\",\"contentUrl\":\"https:\/\/secure.gravatar.com\/avatar\/7fa71899795e8f540f615a1f5ab25255dc27aa40f05ee7ddd21aac521e01bf50?s=96&d=identicon&r=g\",\"caption\":\"Tomas Jarvid\"},\"description\":\"Jag bor i Ulricehamn i V\u00e4sterg\u00f6tland och \u00e4r f\u00f6rsamlingspr\u00e4st i Svenska Kyrkan f\u00f6r Dalstorps f\u00f6rsamling i Kinds pastorat. P\u00e5 den h\u00e4r bloggen skriver jag ner tankar om vandringen som kristen.\",\"sameAs\":[\"http:\/\/www.vandravagen.se\"],\"url\":\"https:\/\/blogg.svenskakyrkan.se\/vandravagen\/author\/vandravagen\/\"}]}<\/script>\n<!-- \/ Yoast SEO plugin. -->","yoast_head_json":{"title":"8 blandade tankar p\u00e5 s\u00f6ndagen - Vandra V\u00e4gen","robots":{"index":"index","follow":"follow","max-snippet":"max-snippet:-1","max-image-preview":"max-image-preview:large","max-video-preview":"max-video-preview:-1"},"canonical":"https:\/\/blogg.svenskakyrkan.se\/vandravagen\/2021\/01\/10\/8-blandade-tankar-pa-sondagen-53\/","og_locale":"sv_SE","og_type":"article","og_title":"8 blandade tankar p\u00e5 s\u00f6ndagen - Vandra V\u00e4gen","og_description":"Glad s\u00f6ndag k\u00e4ra l\u00e4sare! Idag \u00e4r det s\u00f6ndagen efter trettondagen och d\u00e5 handlar evangeliel\u00e4sningarna om Jesu dop i Jordan av Johannes. D\u00e4r \u00e4r han pl\u00f6tsligt vuxen s\u00e5 det hoppar lite i tidsperspektiven men det \u00e4r \u00e5 andra sidan en startpunkt p\u00e5 hans verksamhet. Kyrkan i Dalstorp \u00e4r \u00f6ppen f\u00f6r andakt mellan 10-12. F\u00f6r min egen [&hellip;]","og_url":"https:\/\/blogg.svenskakyrkan.se\/vandravagen\/2021\/01\/10\/8-blandade-tankar-pa-sondagen-53\/","og_site_name":"Vandra V\u00e4gen","article_publisher":"http:\/\/facebook.com\/vandravagen","article_published_time":"2021-01-10T06:00:00+00:00","og_image":[{"width":750,"height":916,"url":"https:\/\/blogg.svenskakyrkan.se\/vandravagen\/files\/2021\/01\/IMG_7630.jpg","type":"image\/jpeg"}],"author":"Tomas Jarvid","twitter_card":"summary_large_image","twitter_creator":"@fadertomas","twitter_site":"@fadertomas","twitter_misc":{"Skriven av":"Tomas Jarvid","Ber\u00e4knad l\u00e4stid":"1 minut"},"schema":{"@context":"https:\/\/schema.org","@graph":[{"@type":"Article","@id":"https:\/\/blogg.svenskakyrkan.se\/vandravagen\/2021\/01\/10\/8-blandade-tankar-pa-sondagen-53\/#article","isPartOf":{"@id":"https:\/\/blogg.svenskakyrkan.se\/vandravagen\/2021\/01\/10\/8-blandade-tankar-pa-sondagen-53\/"},"author":{"name":"Tomas Jarvid","@id":"https:\/\/blogg.svenskakyrkan.se\/vandravagen\/#\/schema\/person\/25da02d4f76b137d04291711e2c9fc16"},"headline":"8 blandade tankar p\u00e5 s\u00f6ndagen","datePublished":"2021-01-10T06:00:00+00:00","mainEntityOfPage":{"@id":"https:\/\/blogg.svenskakyrkan.se\/vandravagen\/2021\/01\/10\/8-blandade-tankar-pa-sondagen-53\/"},"wordCount":299,"commentCount":6,"publisher":{"@id":"https:\/\/blogg.svenskakyrkan.se\/vandravagen\/#organization"},"image":{"@id":"https:\/\/blogg.svenskakyrkan.se\/vandravagen\/2021\/01\/10\/8-blandade-tankar-pa-sondagen-53\/#primaryimage"},"thumbnailUrl":"https:\/\/blogg.svenskakyrkan.se\/vandravagen\/files\/2021\/01\/IMG_7630.jpg","inLanguage":"sv-SE","potentialAction":[{"@type":"CommentAction","name":"Comment","target":["https:\/\/blogg.svenskakyrkan.se\/vandravagen\/2021\/01\/10\/8-blandade-tankar-pa-sondagen-53\/#respond"]}]},{"@type":"WebPage","@id":"https:\/\/blogg.svenskakyrkan.se\/vandravagen\/2021\/01\/10\/8-blandade-tankar-pa-sondagen-53\/","url":"https:\/\/blogg.svenskakyrkan.se\/vandravagen\/2021\/01\/10\/8-blandade-tankar-pa-sondagen-53\/","name":"8 blandade tankar p\u00e5 s\u00f6ndagen - Vandra V\u00e4gen","isPartOf":{"@id":"https:\/\/blogg.svenskakyrkan.se\/vandravagen\/#website"},"primaryImageOfPage":{"@id":"https:\/\/blogg.svenskakyrkan.se\/vandravagen\/2021\/01\/10\/8-blandade-tankar-pa-sondagen-53\/#primaryimage"},"image":{"@id":"https:\/\/blogg.svenskakyrkan.se\/vandravagen\/2021\/01\/10\/8-blandade-tankar-pa-sondagen-53\/#primaryimage"},"thumbnailUrl":"https:\/\/blogg.svenskakyrkan.se\/vandravagen\/files\/2021\/01\/IMG_7630.jpg","datePublished":"2021-01-10T06:00:00+00:00","breadcrumb":{"@id":"https:\/\/blogg.svenskakyrkan.se\/vandravagen\/2021\/01\/10\/8-blandade-tankar-pa-sondagen-53\/#breadcrumb"},"inLanguage":"sv-SE","potentialAction":[{"@type":"ReadAction","target":["https:\/\/blogg.svenskakyrkan.se\/vandravagen\/2021\/01\/10\/8-blandade-tankar-pa-sondagen-53\/"]}]},{"@type":"ImageObject","inLanguage":"sv-SE","@id":"https:\/\/blogg.svenskakyrkan.se\/vandravagen\/2021\/01\/10\/8-blandade-tankar-pa-sondagen-53\/#primaryimage","url":"https:\/\/blogg.svenskakyrkan.se\/vandravagen\/files\/2021\/01\/IMG_7630.jpg","contentUrl":"https:\/\/blogg.svenskakyrkan.se\/vandravagen\/files\/2021\/01\/IMG_7630.jpg","width":750,"height":916},{"@type":"BreadcrumbList","@id":"https:\/\/blogg.svenskakyrkan.se\/vandravagen\/2021\/01\/10\/8-blandade-tankar-pa-sondagen-53\/#breadcrumb","itemListElement":[{"@type":"ListItem","position":1,"name":"Hem","item":"https:\/\/blogg.svenskakyrkan.se\/vandravagen\/"},{"@type":"ListItem","position":2,"name":"8 blandade tankar p\u00e5 s\u00f6ndagen"}]},{"@type":"WebSite","@id":"https:\/\/blogg.svenskakyrkan.se\/vandravagen\/#website","url":"https:\/\/blogg.svenskakyrkan.se\/vandravagen\/","name":"Vandra V\u00e4gen","description":"-Mot en tro f\u00f6r hela livet","publisher":{"@id":"https:\/\/blogg.svenskakyrkan.se\/vandravagen\/#organization"},"potentialAction":[{"@type":"SearchAction","target":{"@type":"EntryPoint","urlTemplate":"https:\/\/blogg.svenskakyrkan.se\/vandravagen\/?s={search_term_string}"},"query-input":{"@type":"PropertyValueSpecification","valueRequired":true,"valueName":"search_term_string"}}],"inLanguage":"sv-SE"},{"@type":"Organization","@id":"https:\/\/blogg.svenskakyrkan.se\/vandravagen\/#organization","name":"ulricehamns pastorat","alternateName":"ulricehamns pastorat","url":"https:\/\/blogg.svenskakyrkan.se\/vandravagen\/","logo":{"@type":"ImageObject","inLanguage":"sv-SE","@id":"https:\/\/blogg.svenskakyrkan.se\/vandravagen\/#\/schema\/logo\/image\/","url":"https:\/\/blogg.svenskakyrkan.se\/vandravagen\/files\/2023\/05\/Ulr_logo_RGB.png","contentUrl":"https:\/\/blogg.svenskakyrkan.se\/vandravagen\/files\/2023\/05\/Ulr_logo_RGB.png","width":205,"height":77,"caption":"ulricehamns pastorat"},"image":{"@id":"https:\/\/blogg.svenskakyrkan.se\/vandravagen\/#\/schema\/logo\/image\/"},"sameAs":["http:\/\/facebook.com\/vandravagen","https:\/\/x.com\/fadertomas","http:\/\/www.facebook.com\/svenskakyrkaniulricehamn"]},{"@type":"Person","@id":"https:\/\/blogg.svenskakyrkan.se\/vandravagen\/#\/schema\/person\/25da02d4f76b137d04291711e2c9fc16","name":"Tomas Jarvid","image":{"@type":"ImageObject","inLanguage":"sv-SE","@id":"https:\/\/blogg.svenskakyrkan.se\/vandravagen\/#\/schema\/person\/image\/","url":"https:\/\/secure.gravatar.com\/avatar\/7fa71899795e8f540f615a1f5ab25255dc27aa40f05ee7ddd21aac521e01bf50?s=96&d=identicon&r=g","contentUrl":"https:\/\/secure.gravatar.com\/avatar\/7fa71899795e8f540f615a1f5ab25255dc27aa40f05ee7ddd21aac521e01bf50?s=96&d=identicon&r=g","caption":"Tomas Jarvid"},"description":"Jag bor i Ulricehamn i V\u00e4sterg\u00f6tland och \u00e4r f\u00f6rsamlingspr\u00e4st i Svenska Kyrkan f\u00f6r Dalstorps f\u00f6rsamling i Kinds pastorat. P\u00e5 den h\u00e4r bloggen skriver jag ner tankar om vandringen som kristen.","sameAs":["http:\/\/www.vandravagen.se"],"url":"https:\/\/blogg.svenskakyrkan.se\/vandravagen\/author\/vandravagen\/"}]}},"author_meta":{"ID":"392","user_nicename":"vandravagen","user_url":"http:\/\/www.vandravagen.se","user_registered":"2014-05-19 05:44:52","display_name":"Tomas Jarvid","first_name":"Tomas","last_name":"Jarvid","avatar":"https:\/\/secure.gravatar.com\/avatar\/7fa71899795e8f540f615a1f5ab25255dc27aa40f05ee7ddd21aac521e01bf50?s=96&d=identicon&r=g"},"featured_image":["https:\/\/blogg.svenskakyrkan.se\/vandravagen\/files\/2021\/01\/IMG_7630.jpg",750,916,false],"bloginfo":{"name":"Vandra V\u00e4gen","url":"https:\/\/blogg.svenskakyrkan.se\/vandravagen"},"_links":{"self":[{"href":"https:\/\/blogg.svenskakyrkan.se\/vandravagen\/wp-json\/wp\/v2\/posts\/8397","targetHints":{"allow":["GET"]}}],"collection":[{"href":"https:\/\/blogg.svenskakyrkan.se\/vandravagen\/wp-json\/wp\/v2\/posts"}],"about":[{"href":"https:\/\/blogg.svenskakyrkan.se\/vandravagen\/wp-json\/wp\/v2\/types\/post"}],"author":[{"embeddable":true,"href":"https:\/\/blogg.svenskakyrkan.se\/vandravagen\/wp-json\/wp\/v2\/users\/392"}],"replies":[{"embeddable":true,"href":"https:\/\/blogg.svenskakyrkan.se\/vandravagen\/wp-json\/wp\/v2\/comments?post=8397"}],"version-history":[{"count":1,"href":"https:\/\/blogg.svenskakyrkan.se\/vandravagen\/wp-json\/wp\/v2\/posts\/8397\/revisions"}],"predecessor-version":[{"id":8399,"href":"https:\/\/blogg.svenskakyrkan.se\/vandravagen\/wp-json\/wp\/v2\/posts\/8397\/revisions\/8399"}],"wp:featuredmedia":[{"embeddable":true,"href":"https:\/\/blogg.svenskakyrkan.se\/vandravagen\/wp-json\/wp\/v2\/media\/8398"}],"wp:attachment":[{"href":"https:\/\/blogg.svenskakyrkan.se\/vandravagen\/wp-json\/wp\/v2\/media?parent=8397"}],"wp:term":[{"taxonomy":"category","embeddable":true,"href":"https:\/\/blogg.svenskakyrkan.se\/vandravagen\/wp-json\/wp\/v2\/categories?post=8397"},{"taxonomy":"post_tag","embeddable":true,"href":"https:\/\/blogg.svenskakyrkan.se\/vandravagen\/wp-json\/wp\/v2\/tags?post=8397"}],"curies":[{"name":"wp","href":"https:\/\/api.w.org\/{rel}","templated":true}]}}