{"id":8424,"date":"2021-01-24T07:00:06","date_gmt":"2021-01-24T06:00:06","guid":{"rendered":"http:\/\/blogg.svenskakyrkan.se\/vandravagen\/?p=8424"},"modified":"2021-01-23T22:20:23","modified_gmt":"2021-01-23T21:20:23","slug":"9-blandade-tankar-pa-sondagen-117","status":"publish","type":"post","link":"https:\/\/blogg.svenskakyrkan.se\/vandravagen\/2021\/01\/24\/9-blandade-tankar-pa-sondagen-117\/","title":{"rendered":"9 blandade tankar p\u00e5 s\u00f6ndagen"},"content":{"rendered":"\n\n\n<figure class=\"wp-block-image size-large is-style-default\"><img loading=\"lazy\" decoding=\"async\" width=\"567\" height=\"440\" src=\"https:\/\/blogg.svenskakyrkan.se\/vandravagen\/files\/2021\/01\/IMG_7731.jpg\" alt=\"\" class=\"wp-image-8425\" srcset=\"https:\/\/blogg.svenskakyrkan.se\/vandravagen\/files\/2021\/01\/IMG_7731.jpg 567w, https:\/\/blogg.svenskakyrkan.se\/vandravagen\/files\/2021\/01\/IMG_7731-300x233.jpg 300w\" sizes=\"auto, (max-width: 567px) 100vw, 567px\" \/><figcaption>En rad stiliga karlar f\u00f6r hundra \u00e5r sedan eller s\u00e5. Enligt n\u00e5gon uppgift ska den h\u00e4r bilden ha med en sk\u00f6nhetst\u00e4vling att g\u00f6ra&#8230;<\/figcaption><\/figure>\n\n\n\n<ol class=\"wp-block-list\"><li>Glad s\u00f6ndag k\u00e4ra l\u00e4sare!<\/li><li>Idag \u00e4r det tredje s\u00f6ndagen efter trettondagen och dalstorps kyrka st\u00e5r \u00f6ppen med bemanning f\u00f6r personlig andakt 10-12. Sj\u00e4lv \u00e4r jag inte d\u00e4r d\u00e5 men p\u00e5 eftermiddagen ska jag vandra i Nittorps skogar med konfirmanderna. Det blir om b\u00f6n och lite lek och s\u00e5 f\u00e5r vi ta en titt p\u00e5 kyrkoruinen och se vad vi kan l\u00e4ra oss fr\u00e5n folk f\u00f6rr i tiden.<\/li><li>Temat f\u00f6r denna s\u00f6ndag \u00e4r &#8221;Jesus skapar tro&#8221; och det \u00e4r viktigt att komma ih\u00e5g. Att tron i sig \u00e4r en g\u00e5va som vi inte kan lyfta oss i h\u00e5ret till att ha eller inte. Sedan finns det andra sidor av det som s\u00e4ger att det \u00e4r ett dagligt val att leva utifr\u00e5n sin tro ocks\u00e5 f\u00f6rst\u00e5s men den \u00e4r Guds Ande som g\u00f6r tron p\u00e5 Gud verklig f\u00f6r oss.<\/li><li>L\u00e4st en bok om en massa olika ALGA-spel. M\u00e5nga jag k\u00e4nner igen och har spelat och m\u00e5nga som ser v\u00e4ldigt roliga ut. Och n\u00e5gra som ser j\u00e4ttetr\u00e5kiga ut f\u00f6rst\u00e5s. <\/li><li>Samtidigt v\u00e4xer pusslet av grindslanten sm\u00e4rtsamt l\u00e5ngsamt fram p\u00e5 golvet h\u00e4r. F\u00f6r\u00e4ldraledighetens andra vecka g\u00e5r mot sitt slut. Fast just pussla stora pussel \u00e4r vilda ett\u00e5ringar verkligen inte med och g\u00f6r. <\/li><li>Jag har ocks\u00e5 till slut f\u00e5tt p\u00e5 dubbd\u00e4cken och cyklat \u00e5rets f\u00f6rsta mil. Och d\u00e5 sm\u00e4lter det bort?!<\/li><li>Och s\u00e5 har jag \u00c4NTLIGEN f\u00e5tt \u00e5ka skidor p\u00e5 mossen i \u00d6lsremma. Det har jag velat i tre \u00e5r minst.<\/li><li>En annan rolig men jobbig sak vi g\u00f6r med j\u00e4mna mellanrum \u00e4r att titta p\u00e5 n\u00e5tt st\u00f6rre hus att bo i. Som nu. Hoppas det kan g\u00e5 v\u00e4gen f\u00f6r befolkningen i familjen har ju \u00f6kat med 50% sedan vi flyttade in h\u00e4r.<\/li><li>Vad g\u00f6r du idag? Skriv en rad och ber\u00e4tta!<\/li><\/ol>\n","protected":false},"excerpt":{"rendered":"<p>Glad s\u00f6ndag k\u00e4ra l\u00e4sare! Idag \u00e4r det tredje s\u00f6ndagen efter trettondagen och dalstorps kyrka st\u00e5r \u00f6ppen med bemanning f\u00f6r personlig andakt 10-12. Sj\u00e4lv \u00e4r jag inte d\u00e4r d\u00e5 men p\u00e5 eftermiddagen ska jag vandra i Nittorps skogar med konfirmanderna. Det blir om b\u00f6n och lite lek och s\u00e5 f\u00e5r vi ta en titt p\u00e5 kyrkoruinen [&hellip;]<\/p>\n","protected":false},"author":392,"featured_media":8425,"comment_status":"open","ping_status":"open","sticky":false,"template":"","format":"standard","meta":{"_acf_changed":false,"footnotes":""},"categories":[9],"tags":[],"class_list":["post-8424","post","type-post","status-publish","format-standard","has-post-thumbnail","hentry","category-okategoriserade"],"acf":[],"yoast_head":"<!-- This site is optimized with the Yoast SEO plugin v27.1.1 - https:\/\/yoast.com\/product\/yoast-seo-wordpress\/ -->\n<title>9 blandade tankar p\u00e5 s\u00f6ndagen - Vandra V\u00e4gen<\/title>\n<meta name=\"robots\" content=\"index, follow, max-snippet:-1, max-image-preview:large, max-video-preview:-1\" \/>\n<link rel=\"canonical\" href=\"https:\/\/blogg.svenskakyrkan.se\/vandravagen\/2021\/01\/24\/9-blandade-tankar-pa-sondagen-117\/\" \/>\n<meta property=\"og:locale\" content=\"sv_SE\" \/>\n<meta property=\"og:type\" content=\"article\" \/>\n<meta property=\"og:title\" content=\"9 blandade tankar p\u00e5 s\u00f6ndagen - Vandra V\u00e4gen\" \/>\n<meta property=\"og:description\" content=\"Glad s\u00f6ndag k\u00e4ra l\u00e4sare! Idag \u00e4r det tredje s\u00f6ndagen efter trettondagen och dalstorps kyrka st\u00e5r \u00f6ppen med bemanning f\u00f6r personlig andakt 10-12. Sj\u00e4lv \u00e4r jag inte d\u00e4r d\u00e5 men p\u00e5 eftermiddagen ska jag vandra i Nittorps skogar med konfirmanderna. Det blir om b\u00f6n och lite lek och s\u00e5 f\u00e5r vi ta en titt p\u00e5 kyrkoruinen [&hellip;]\" \/>\n<meta property=\"og:url\" content=\"https:\/\/blogg.svenskakyrkan.se\/vandravagen\/2021\/01\/24\/9-blandade-tankar-pa-sondagen-117\/\" \/>\n<meta property=\"og:site_name\" content=\"Vandra V\u00e4gen\" \/>\n<meta property=\"article:publisher\" content=\"http:\/\/facebook.com\/vandravagen\" \/>\n<meta property=\"article:published_time\" content=\"2021-01-24T06:00:06+00:00\" \/>\n<meta property=\"og:image\" content=\"https:\/\/blogg.svenskakyrkan.se\/vandravagen\/files\/2021\/01\/IMG_7731.jpg\" \/>\n\t<meta property=\"og:image:width\" content=\"567\" \/>\n\t<meta property=\"og:image:height\" content=\"440\" \/>\n\t<meta property=\"og:image:type\" content=\"image\/jpeg\" \/>\n<meta name=\"author\" content=\"Tomas Jarvid\" \/>\n<meta name=\"twitter:card\" content=\"summary_large_image\" \/>\n<meta name=\"twitter:creator\" content=\"@fadertomas\" \/>\n<meta name=\"twitter:site\" content=\"@fadertomas\" \/>\n<meta name=\"twitter:label1\" content=\"Skriven av\" \/>\n\t<meta name=\"twitter:data1\" content=\"Tomas Jarvid\" \/>\n\t<meta name=\"twitter:label2\" content=\"Ber\u00e4knad l\u00e4stid\" \/>\n\t<meta name=\"twitter:data2\" content=\"2 minuter\" \/>\n<script type=\"application\/ld+json\" class=\"yoast-schema-graph\">{\"@context\":\"https:\/\/schema.org\",\"@graph\":[{\"@type\":\"Article\",\"@id\":\"https:\/\/blogg.svenskakyrkan.se\/vandravagen\/2021\/01\/24\/9-blandade-tankar-pa-sondagen-117\/#article\",\"isPartOf\":{\"@id\":\"https:\/\/blogg.svenskakyrkan.se\/vandravagen\/2021\/01\/24\/9-blandade-tankar-pa-sondagen-117\/\"},\"author\":{\"name\":\"Tomas Jarvid\",\"@id\":\"https:\/\/blogg.svenskakyrkan.se\/vandravagen\/#\/schema\/person\/25da02d4f76b137d04291711e2c9fc16\"},\"headline\":\"9 blandade tankar p\u00e5 s\u00f6ndagen\",\"datePublished\":\"2021-01-24T06:00:06+00:00\",\"mainEntityOfPage\":{\"@id\":\"https:\/\/blogg.svenskakyrkan.se\/vandravagen\/2021\/01\/24\/9-blandade-tankar-pa-sondagen-117\/\"},\"wordCount\":376,\"commentCount\":4,\"publisher\":{\"@id\":\"https:\/\/blogg.svenskakyrkan.se\/vandravagen\/#organization\"},\"image\":{\"@id\":\"https:\/\/blogg.svenskakyrkan.se\/vandravagen\/2021\/01\/24\/9-blandade-tankar-pa-sondagen-117\/#primaryimage\"},\"thumbnailUrl\":\"https:\/\/blogg.svenskakyrkan.se\/vandravagen\/files\/2021\/01\/IMG_7731.jpg\",\"inLanguage\":\"sv-SE\",\"potentialAction\":[{\"@type\":\"CommentAction\",\"name\":\"Comment\",\"target\":[\"https:\/\/blogg.svenskakyrkan.se\/vandravagen\/2021\/01\/24\/9-blandade-tankar-pa-sondagen-117\/#respond\"]}]},{\"@type\":\"WebPage\",\"@id\":\"https:\/\/blogg.svenskakyrkan.se\/vandravagen\/2021\/01\/24\/9-blandade-tankar-pa-sondagen-117\/\",\"url\":\"https:\/\/blogg.svenskakyrkan.se\/vandravagen\/2021\/01\/24\/9-blandade-tankar-pa-sondagen-117\/\",\"name\":\"9 blandade tankar p\u00e5 s\u00f6ndagen - Vandra V\u00e4gen\",\"isPartOf\":{\"@id\":\"https:\/\/blogg.svenskakyrkan.se\/vandravagen\/#website\"},\"primaryImageOfPage\":{\"@id\":\"https:\/\/blogg.svenskakyrkan.se\/vandravagen\/2021\/01\/24\/9-blandade-tankar-pa-sondagen-117\/#primaryimage\"},\"image\":{\"@id\":\"https:\/\/blogg.svenskakyrkan.se\/vandravagen\/2021\/01\/24\/9-blandade-tankar-pa-sondagen-117\/#primaryimage\"},\"thumbnailUrl\":\"https:\/\/blogg.svenskakyrkan.se\/vandravagen\/files\/2021\/01\/IMG_7731.jpg\",\"datePublished\":\"2021-01-24T06:00:06+00:00\",\"breadcrumb\":{\"@id\":\"https:\/\/blogg.svenskakyrkan.se\/vandravagen\/2021\/01\/24\/9-blandade-tankar-pa-sondagen-117\/#breadcrumb\"},\"inLanguage\":\"sv-SE\",\"potentialAction\":[{\"@type\":\"ReadAction\",\"target\":[\"https:\/\/blogg.svenskakyrkan.se\/vandravagen\/2021\/01\/24\/9-blandade-tankar-pa-sondagen-117\/\"]}]},{\"@type\":\"ImageObject\",\"inLanguage\":\"sv-SE\",\"@id\":\"https:\/\/blogg.svenskakyrkan.se\/vandravagen\/2021\/01\/24\/9-blandade-tankar-pa-sondagen-117\/#primaryimage\",\"url\":\"https:\/\/blogg.svenskakyrkan.se\/vandravagen\/files\/2021\/01\/IMG_7731.jpg\",\"contentUrl\":\"https:\/\/blogg.svenskakyrkan.se\/vandravagen\/files\/2021\/01\/IMG_7731.jpg\",\"width\":567,\"height\":440},{\"@type\":\"BreadcrumbList\",\"@id\":\"https:\/\/blogg.svenskakyrkan.se\/vandravagen\/2021\/01\/24\/9-blandade-tankar-pa-sondagen-117\/#breadcrumb\",\"itemListElement\":[{\"@type\":\"ListItem\",\"position\":1,\"name\":\"Hem\",\"item\":\"https:\/\/blogg.svenskakyrkan.se\/vandravagen\/\"},{\"@type\":\"ListItem\",\"position\":2,\"name\":\"9 blandade tankar p\u00e5 s\u00f6ndagen\"}]},{\"@type\":\"WebSite\",\"@id\":\"https:\/\/blogg.svenskakyrkan.se\/vandravagen\/#website\",\"url\":\"https:\/\/blogg.svenskakyrkan.se\/vandravagen\/\",\"name\":\"Vandra V\u00e4gen\",\"description\":\"-Mot en tro f\u00f6r hela livet\",\"publisher\":{\"@id\":\"https:\/\/blogg.svenskakyrkan.se\/vandravagen\/#organization\"},\"potentialAction\":[{\"@type\":\"SearchAction\",\"target\":{\"@type\":\"EntryPoint\",\"urlTemplate\":\"https:\/\/blogg.svenskakyrkan.se\/vandravagen\/?s={search_term_string}\"},\"query-input\":{\"@type\":\"PropertyValueSpecification\",\"valueRequired\":true,\"valueName\":\"search_term_string\"}}],\"inLanguage\":\"sv-SE\"},{\"@type\":\"Organization\",\"@id\":\"https:\/\/blogg.svenskakyrkan.se\/vandravagen\/#organization\",\"name\":\"ulricehamns pastorat\",\"alternateName\":\"ulricehamns pastorat\",\"url\":\"https:\/\/blogg.svenskakyrkan.se\/vandravagen\/\",\"logo\":{\"@type\":\"ImageObject\",\"inLanguage\":\"sv-SE\",\"@id\":\"https:\/\/blogg.svenskakyrkan.se\/vandravagen\/#\/schema\/logo\/image\/\",\"url\":\"https:\/\/blogg.svenskakyrkan.se\/vandravagen\/files\/2023\/05\/Ulr_logo_RGB.png\",\"contentUrl\":\"https:\/\/blogg.svenskakyrkan.se\/vandravagen\/files\/2023\/05\/Ulr_logo_RGB.png\",\"width\":205,\"height\":77,\"caption\":\"ulricehamns pastorat\"},\"image\":{\"@id\":\"https:\/\/blogg.svenskakyrkan.se\/vandravagen\/#\/schema\/logo\/image\/\"},\"sameAs\":[\"http:\/\/facebook.com\/vandravagen\",\"https:\/\/x.com\/fadertomas\",\"http:\/\/www.facebook.com\/svenskakyrkaniulricehamn\"]},{\"@type\":\"Person\",\"@id\":\"https:\/\/blogg.svenskakyrkan.se\/vandravagen\/#\/schema\/person\/25da02d4f76b137d04291711e2c9fc16\",\"name\":\"Tomas Jarvid\",\"image\":{\"@type\":\"ImageObject\",\"inLanguage\":\"sv-SE\",\"@id\":\"https:\/\/blogg.svenskakyrkan.se\/vandravagen\/#\/schema\/person\/image\/\",\"url\":\"https:\/\/secure.gravatar.com\/avatar\/7fa71899795e8f540f615a1f5ab25255dc27aa40f05ee7ddd21aac521e01bf50?s=96&d=identicon&r=g\",\"contentUrl\":\"https:\/\/secure.gravatar.com\/avatar\/7fa71899795e8f540f615a1f5ab25255dc27aa40f05ee7ddd21aac521e01bf50?s=96&d=identicon&r=g\",\"caption\":\"Tomas Jarvid\"},\"description\":\"Jag bor i Ulricehamn i V\u00e4sterg\u00f6tland och \u00e4r f\u00f6rsamlingspr\u00e4st i Svenska Kyrkan f\u00f6r Dalstorps f\u00f6rsamling i Kinds pastorat. P\u00e5 den h\u00e4r bloggen skriver jag ner tankar om vandringen som kristen.\",\"sameAs\":[\"http:\/\/www.vandravagen.se\"],\"url\":\"https:\/\/blogg.svenskakyrkan.se\/vandravagen\/author\/vandravagen\/\"}]}<\/script>\n<!-- \/ Yoast SEO plugin. -->","yoast_head_json":{"title":"9 blandade tankar p\u00e5 s\u00f6ndagen - Vandra V\u00e4gen","robots":{"index":"index","follow":"follow","max-snippet":"max-snippet:-1","max-image-preview":"max-image-preview:large","max-video-preview":"max-video-preview:-1"},"canonical":"https:\/\/blogg.svenskakyrkan.se\/vandravagen\/2021\/01\/24\/9-blandade-tankar-pa-sondagen-117\/","og_locale":"sv_SE","og_type":"article","og_title":"9 blandade tankar p\u00e5 s\u00f6ndagen - Vandra V\u00e4gen","og_description":"Glad s\u00f6ndag k\u00e4ra l\u00e4sare! Idag \u00e4r det tredje s\u00f6ndagen efter trettondagen och dalstorps kyrka st\u00e5r \u00f6ppen med bemanning f\u00f6r personlig andakt 10-12. Sj\u00e4lv \u00e4r jag inte d\u00e4r d\u00e5 men p\u00e5 eftermiddagen ska jag vandra i Nittorps skogar med konfirmanderna. Det blir om b\u00f6n och lite lek och s\u00e5 f\u00e5r vi ta en titt p\u00e5 kyrkoruinen [&hellip;]","og_url":"https:\/\/blogg.svenskakyrkan.se\/vandravagen\/2021\/01\/24\/9-blandade-tankar-pa-sondagen-117\/","og_site_name":"Vandra V\u00e4gen","article_publisher":"http:\/\/facebook.com\/vandravagen","article_published_time":"2021-01-24T06:00:06+00:00","og_image":[{"width":567,"height":440,"url":"https:\/\/blogg.svenskakyrkan.se\/vandravagen\/files\/2021\/01\/IMG_7731.jpg","type":"image\/jpeg"}],"author":"Tomas Jarvid","twitter_card":"summary_large_image","twitter_creator":"@fadertomas","twitter_site":"@fadertomas","twitter_misc":{"Skriven av":"Tomas Jarvid","Ber\u00e4knad l\u00e4stid":"2 minuter"},"schema":{"@context":"https:\/\/schema.org","@graph":[{"@type":"Article","@id":"https:\/\/blogg.svenskakyrkan.se\/vandravagen\/2021\/01\/24\/9-blandade-tankar-pa-sondagen-117\/#article","isPartOf":{"@id":"https:\/\/blogg.svenskakyrkan.se\/vandravagen\/2021\/01\/24\/9-blandade-tankar-pa-sondagen-117\/"},"author":{"name":"Tomas Jarvid","@id":"https:\/\/blogg.svenskakyrkan.se\/vandravagen\/#\/schema\/person\/25da02d4f76b137d04291711e2c9fc16"},"headline":"9 blandade tankar p\u00e5 s\u00f6ndagen","datePublished":"2021-01-24T06:00:06+00:00","mainEntityOfPage":{"@id":"https:\/\/blogg.svenskakyrkan.se\/vandravagen\/2021\/01\/24\/9-blandade-tankar-pa-sondagen-117\/"},"wordCount":376,"commentCount":4,"publisher":{"@id":"https:\/\/blogg.svenskakyrkan.se\/vandravagen\/#organization"},"image":{"@id":"https:\/\/blogg.svenskakyrkan.se\/vandravagen\/2021\/01\/24\/9-blandade-tankar-pa-sondagen-117\/#primaryimage"},"thumbnailUrl":"https:\/\/blogg.svenskakyrkan.se\/vandravagen\/files\/2021\/01\/IMG_7731.jpg","inLanguage":"sv-SE","potentialAction":[{"@type":"CommentAction","name":"Comment","target":["https:\/\/blogg.svenskakyrkan.se\/vandravagen\/2021\/01\/24\/9-blandade-tankar-pa-sondagen-117\/#respond"]}]},{"@type":"WebPage","@id":"https:\/\/blogg.svenskakyrkan.se\/vandravagen\/2021\/01\/24\/9-blandade-tankar-pa-sondagen-117\/","url":"https:\/\/blogg.svenskakyrkan.se\/vandravagen\/2021\/01\/24\/9-blandade-tankar-pa-sondagen-117\/","name":"9 blandade tankar p\u00e5 s\u00f6ndagen - Vandra V\u00e4gen","isPartOf":{"@id":"https:\/\/blogg.svenskakyrkan.se\/vandravagen\/#website"},"primaryImageOfPage":{"@id":"https:\/\/blogg.svenskakyrkan.se\/vandravagen\/2021\/01\/24\/9-blandade-tankar-pa-sondagen-117\/#primaryimage"},"image":{"@id":"https:\/\/blogg.svenskakyrkan.se\/vandravagen\/2021\/01\/24\/9-blandade-tankar-pa-sondagen-117\/#primaryimage"},"thumbnailUrl":"https:\/\/blogg.svenskakyrkan.se\/vandravagen\/files\/2021\/01\/IMG_7731.jpg","datePublished":"2021-01-24T06:00:06+00:00","breadcrumb":{"@id":"https:\/\/blogg.svenskakyrkan.se\/vandravagen\/2021\/01\/24\/9-blandade-tankar-pa-sondagen-117\/#breadcrumb"},"inLanguage":"sv-SE","potentialAction":[{"@type":"ReadAction","target":["https:\/\/blogg.svenskakyrkan.se\/vandravagen\/2021\/01\/24\/9-blandade-tankar-pa-sondagen-117\/"]}]},{"@type":"ImageObject","inLanguage":"sv-SE","@id":"https:\/\/blogg.svenskakyrkan.se\/vandravagen\/2021\/01\/24\/9-blandade-tankar-pa-sondagen-117\/#primaryimage","url":"https:\/\/blogg.svenskakyrkan.se\/vandravagen\/files\/2021\/01\/IMG_7731.jpg","contentUrl":"https:\/\/blogg.svenskakyrkan.se\/vandravagen\/files\/2021\/01\/IMG_7731.jpg","width":567,"height":440},{"@type":"BreadcrumbList","@id":"https:\/\/blogg.svenskakyrkan.se\/vandravagen\/2021\/01\/24\/9-blandade-tankar-pa-sondagen-117\/#breadcrumb","itemListElement":[{"@type":"ListItem","position":1,"name":"Hem","item":"https:\/\/blogg.svenskakyrkan.se\/vandravagen\/"},{"@type":"ListItem","position":2,"name":"9 blandade tankar p\u00e5 s\u00f6ndagen"}]},{"@type":"WebSite","@id":"https:\/\/blogg.svenskakyrkan.se\/vandravagen\/#website","url":"https:\/\/blogg.svenskakyrkan.se\/vandravagen\/","name":"Vandra V\u00e4gen","description":"-Mot en tro f\u00f6r hela livet","publisher":{"@id":"https:\/\/blogg.svenskakyrkan.se\/vandravagen\/#organization"},"potentialAction":[{"@type":"SearchAction","target":{"@type":"EntryPoint","urlTemplate":"https:\/\/blogg.svenskakyrkan.se\/vandravagen\/?s={search_term_string}"},"query-input":{"@type":"PropertyValueSpecification","valueRequired":true,"valueName":"search_term_string"}}],"inLanguage":"sv-SE"},{"@type":"Organization","@id":"https:\/\/blogg.svenskakyrkan.se\/vandravagen\/#organization","name":"ulricehamns pastorat","alternateName":"ulricehamns pastorat","url":"https:\/\/blogg.svenskakyrkan.se\/vandravagen\/","logo":{"@type":"ImageObject","inLanguage":"sv-SE","@id":"https:\/\/blogg.svenskakyrkan.se\/vandravagen\/#\/schema\/logo\/image\/","url":"https:\/\/blogg.svenskakyrkan.se\/vandravagen\/files\/2023\/05\/Ulr_logo_RGB.png","contentUrl":"https:\/\/blogg.svenskakyrkan.se\/vandravagen\/files\/2023\/05\/Ulr_logo_RGB.png","width":205,"height":77,"caption":"ulricehamns pastorat"},"image":{"@id":"https:\/\/blogg.svenskakyrkan.se\/vandravagen\/#\/schema\/logo\/image\/"},"sameAs":["http:\/\/facebook.com\/vandravagen","https:\/\/x.com\/fadertomas","http:\/\/www.facebook.com\/svenskakyrkaniulricehamn"]},{"@type":"Person","@id":"https:\/\/blogg.svenskakyrkan.se\/vandravagen\/#\/schema\/person\/25da02d4f76b137d04291711e2c9fc16","name":"Tomas Jarvid","image":{"@type":"ImageObject","inLanguage":"sv-SE","@id":"https:\/\/blogg.svenskakyrkan.se\/vandravagen\/#\/schema\/person\/image\/","url":"https:\/\/secure.gravatar.com\/avatar\/7fa71899795e8f540f615a1f5ab25255dc27aa40f05ee7ddd21aac521e01bf50?s=96&d=identicon&r=g","contentUrl":"https:\/\/secure.gravatar.com\/avatar\/7fa71899795e8f540f615a1f5ab25255dc27aa40f05ee7ddd21aac521e01bf50?s=96&d=identicon&r=g","caption":"Tomas Jarvid"},"description":"Jag bor i Ulricehamn i V\u00e4sterg\u00f6tland och \u00e4r f\u00f6rsamlingspr\u00e4st i Svenska Kyrkan f\u00f6r Dalstorps f\u00f6rsamling i Kinds pastorat. P\u00e5 den h\u00e4r bloggen skriver jag ner tankar om vandringen som kristen.","sameAs":["http:\/\/www.vandravagen.se"],"url":"https:\/\/blogg.svenskakyrkan.se\/vandravagen\/author\/vandravagen\/"}]}},"author_meta":{"ID":"392","user_nicename":"vandravagen","user_url":"http:\/\/www.vandravagen.se","user_registered":"2014-05-19 05:44:52","display_name":"Tomas Jarvid","first_name":"Tomas","last_name":"Jarvid","avatar":"https:\/\/secure.gravatar.com\/avatar\/7fa71899795e8f540f615a1f5ab25255dc27aa40f05ee7ddd21aac521e01bf50?s=96&d=identicon&r=g"},"featured_image":["https:\/\/blogg.svenskakyrkan.se\/vandravagen\/files\/2021\/01\/IMG_7731.jpg",567,440,false],"bloginfo":{"name":"Vandra V\u00e4gen","url":"https:\/\/blogg.svenskakyrkan.se\/vandravagen"},"_links":{"self":[{"href":"https:\/\/blogg.svenskakyrkan.se\/vandravagen\/wp-json\/wp\/v2\/posts\/8424","targetHints":{"allow":["GET"]}}],"collection":[{"href":"https:\/\/blogg.svenskakyrkan.se\/vandravagen\/wp-json\/wp\/v2\/posts"}],"about":[{"href":"https:\/\/blogg.svenskakyrkan.se\/vandravagen\/wp-json\/wp\/v2\/types\/post"}],"author":[{"embeddable":true,"href":"https:\/\/blogg.svenskakyrkan.se\/vandravagen\/wp-json\/wp\/v2\/users\/392"}],"replies":[{"embeddable":true,"href":"https:\/\/blogg.svenskakyrkan.se\/vandravagen\/wp-json\/wp\/v2\/comments?post=8424"}],"version-history":[{"count":1,"href":"https:\/\/blogg.svenskakyrkan.se\/vandravagen\/wp-json\/wp\/v2\/posts\/8424\/revisions"}],"predecessor-version":[{"id":8426,"href":"https:\/\/blogg.svenskakyrkan.se\/vandravagen\/wp-json\/wp\/v2\/posts\/8424\/revisions\/8426"}],"wp:featuredmedia":[{"embeddable":true,"href":"https:\/\/blogg.svenskakyrkan.se\/vandravagen\/wp-json\/wp\/v2\/media\/8425"}],"wp:attachment":[{"href":"https:\/\/blogg.svenskakyrkan.se\/vandravagen\/wp-json\/wp\/v2\/media?parent=8424"}],"wp:term":[{"taxonomy":"category","embeddable":true,"href":"https:\/\/blogg.svenskakyrkan.se\/vandravagen\/wp-json\/wp\/v2\/categories?post=8424"},{"taxonomy":"post_tag","embeddable":true,"href":"https:\/\/blogg.svenskakyrkan.se\/vandravagen\/wp-json\/wp\/v2\/tags?post=8424"}],"curies":[{"name":"wp","href":"https:\/\/api.w.org\/{rel}","templated":true}]}}