{"id":8436,"date":"2021-02-02T07:00:05","date_gmt":"2021-02-02T06:00:05","guid":{"rendered":"http:\/\/blogg.svenskakyrkan.se\/vandravagen\/?p=8436"},"modified":"2021-02-01T22:29:11","modified_gmt":"2021-02-01T21:29:11","slug":"en-prast-laser-sova-ute","status":"publish","type":"post","link":"https:\/\/blogg.svenskakyrkan.se\/vandravagen\/2021\/02\/02\/en-prast-laser-sova-ute\/","title":{"rendered":"En pr\u00e4st l\u00e4ser &#8221;Sova ute&#8221;"},"content":{"rendered":"\n\n\n<figure class=\"wp-block-image size-large is-style-default\"><img loading=\"lazy\" decoding=\"async\" width=\"960\" height=\"1280\" src=\"https:\/\/blogg.svenskakyrkan.se\/vandravagen\/files\/2021\/01\/IMG_7768.jpg\" alt=\"\" class=\"wp-image-8437\" srcset=\"https:\/\/blogg.svenskakyrkan.se\/vandravagen\/files\/2021\/01\/IMG_7768.jpg 960w, https:\/\/blogg.svenskakyrkan.se\/vandravagen\/files\/2021\/01\/IMG_7768-300x400.jpg 300w, https:\/\/blogg.svenskakyrkan.se\/vandravagen\/files\/2021\/01\/IMG_7768-768x1024.jpg 768w\" sizes=\"auto, (max-width: 960px) 100vw, 960px\" \/><\/figure>\n\n\n\n<p>Markus Torgeby \u00e4r l\u00f6pare och lever av olika sk\u00e4l n\u00e4ra naturen och det v\u00e4ldigt enkla livet. Jag har skrivit f\u00f6r n\u00e5gra \u00e5r sedan om hans f\u00f6rsta bok &#8221;<a href=\"https:\/\/blogg.svenskakyrkan.se\/vandravagen\/2019\/08\/16\/en-prast-laser-loparens-hjarta-av-markus-torgeby\/\">L\u00f6parens hj\u00e4rta<\/a>&#8221; som \u00e4r en riktigt stark bok om att hitta sin plats i livet p\u00e5 extremt kr\u00e5ngliga v\u00e4gar. Markus flyttade ut i en t\u00e4ltk\u00e5ta i skogen i fyra \u00e5r f\u00f6r att l\u00e4ttare kunna hantera livet. N\u00e5got som i sig s\u00e4ger en del om paradoxen i detta med att leva enkelt. <\/p>\n\n\n\n<p>Nu har han skrivit en bok till och jag har \u00e4ntligen l\u00e4st den. Det h\u00e4r \u00e4r ocks\u00e5 en m\u00e4rklig bok. N\u00e4r jag h\u00f6rde att den handlade om att sova ute s\u00e5 s\u00e5g jag ju f\u00f6rst\u00e5s fram emot den (eftersom jag \u00e4ven i \u00f6vrigt l\u00e4ser alla friluftsb\u00f6cker jag kommer \u00f6ver) men den liknar egentligen inget annat i den &#8221;genren&#8221;. F\u00f6rst b\u00f6rjar f\u00f6rfattaren med en r\u00e4tt l\u00e5ng och vindlande inledning och sin morfar fiskaren och om livet p\u00e5 \u00f6arna utanf\u00f6r G\u00f6teborg. F\u00f6rst s\u00e5 sm\u00e5ningom b\u00f6rjar det verkligen handla om att sova ute och sedan kommer faktiskt en del handfasta tips men ocks\u00e5 en del m\u00e4rkliga utvikningar. Kapitlet om att elda \u00e4r till exempel kortare \u00e4n det som handlar om gr\u00f6t. Och s\u00e5 kommer det ett kapitel om att kl\u00e4ttra i tr\u00e4d. <\/p>\n\n\n\n<p>Grejen \u00e4r att det h\u00e4r egentligen \u00e4r en bok om livet. F\u00f6rfattaren vill f\u00f6rmedla hur utelivet spelar roll i hans liv och vill bjuda in oss andra p\u00e5 uppt\u00e4cksf\u00e4rd. Det \u00e4r ocks\u00e5 en v\u00e4ldigt fin bok att l\u00e4sa. Han har en v\u00e4ldigt personlig r\u00f6st. Just detta att han liksom talar till oss fr\u00e5n skogen g\u00f6r att man l\u00e4tt t\u00e4nker sig honom som n\u00e5got av en profet. Han v\u00e4jer inte f\u00f6r att p\u00e5peka hur orimliga v\u00e5ra liv \u00e4r i det moderna samh\u00e4llet och man f\u00e5r liksom k\u00e4nslan av att st\u00e5 och t\u00e4nka p\u00e5 det tillsammans med honom i skogsbrynet med ett \u00f6ga mot staden och ett mot tr\u00e4den. <\/p>\n\n\n\n<p>Jag rekommenderar g\u00e4rna boken, vare sig du \u00e4r sugen p\u00e5 utesovande eller inte. Passar bra f\u00f6r pilgrimer ocks\u00e5 skulle jag s\u00e4ga.<\/p>\n","protected":false},"excerpt":{"rendered":"<p>Markus Torgeby \u00e4r l\u00f6pare och lever av olika sk\u00e4l n\u00e4ra naturen och det v\u00e4ldigt enkla livet. Jag har skrivit f\u00f6r n\u00e5gra \u00e5r sedan om hans f\u00f6rsta bok &#8221;L\u00f6parens hj\u00e4rta&#8221; som \u00e4r en riktigt stark bok om att hitta sin plats i livet p\u00e5 extremt kr\u00e5ngliga v\u00e4gar. Markus flyttade ut i en t\u00e4ltk\u00e5ta i skogen i [&hellip;]<\/p>\n","protected":false},"author":392,"featured_media":8437,"comment_status":"open","ping_status":"open","sticky":false,"template":"","format":"standard","meta":{"_acf_changed":false,"footnotes":""},"categories":[8253,42374,9,77554],"tags":[],"class_list":["post-8436","post","type-post","status-publish","format-standard","has-post-thumbnail","hentry","category-bocker","category-boktips","category-okategoriserade","category-vara-manniska"],"acf":[],"yoast_head":"<!-- This site is optimized with the Yoast SEO plugin v27.1.1 - https:\/\/yoast.com\/product\/yoast-seo-wordpress\/ -->\n<title>En pr\u00e4st l\u00e4ser &quot;Sova ute&quot; - Vandra V\u00e4gen<\/title>\n<meta name=\"robots\" content=\"index, follow, max-snippet:-1, max-image-preview:large, max-video-preview:-1\" \/>\n<link rel=\"canonical\" href=\"https:\/\/blogg.svenskakyrkan.se\/vandravagen\/2021\/02\/02\/en-prast-laser-sova-ute\/\" \/>\n<meta property=\"og:locale\" content=\"sv_SE\" \/>\n<meta property=\"og:type\" content=\"article\" \/>\n<meta property=\"og:title\" content=\"En pr\u00e4st l\u00e4ser &quot;Sova ute&quot; - Vandra V\u00e4gen\" \/>\n<meta property=\"og:description\" content=\"Markus Torgeby \u00e4r l\u00f6pare och lever av olika sk\u00e4l n\u00e4ra naturen och det v\u00e4ldigt enkla livet. Jag har skrivit f\u00f6r n\u00e5gra \u00e5r sedan om hans f\u00f6rsta bok &#8221;L\u00f6parens hj\u00e4rta&#8221; som \u00e4r en riktigt stark bok om att hitta sin plats i livet p\u00e5 extremt kr\u00e5ngliga v\u00e4gar. Markus flyttade ut i en t\u00e4ltk\u00e5ta i skogen i [&hellip;]\" \/>\n<meta property=\"og:url\" content=\"https:\/\/blogg.svenskakyrkan.se\/vandravagen\/2021\/02\/02\/en-prast-laser-sova-ute\/\" \/>\n<meta property=\"og:site_name\" content=\"Vandra V\u00e4gen\" \/>\n<meta property=\"article:publisher\" content=\"http:\/\/facebook.com\/vandravagen\" \/>\n<meta property=\"article:published_time\" content=\"2021-02-02T06:00:05+00:00\" \/>\n<meta property=\"og:image\" content=\"https:\/\/blogg.svenskakyrkan.se\/vandravagen\/files\/2021\/01\/IMG_7768.jpg\" \/>\n\t<meta property=\"og:image:width\" content=\"960\" \/>\n\t<meta property=\"og:image:height\" content=\"1280\" \/>\n\t<meta property=\"og:image:type\" content=\"image\/jpeg\" \/>\n<meta name=\"author\" content=\"Tomas Jarvid\" \/>\n<meta name=\"twitter:card\" content=\"summary_large_image\" \/>\n<meta name=\"twitter:creator\" content=\"@fadertomas\" \/>\n<meta name=\"twitter:site\" content=\"@fadertomas\" \/>\n<meta name=\"twitter:label1\" content=\"Skriven av\" \/>\n\t<meta name=\"twitter:data1\" content=\"Tomas Jarvid\" \/>\n\t<meta name=\"twitter:label2\" content=\"Ber\u00e4knad l\u00e4stid\" \/>\n\t<meta name=\"twitter:data2\" content=\"2 minuter\" \/>\n<script type=\"application\/ld+json\" class=\"yoast-schema-graph\">{\"@context\":\"https:\/\/schema.org\",\"@graph\":[{\"@type\":\"Article\",\"@id\":\"https:\/\/blogg.svenskakyrkan.se\/vandravagen\/2021\/02\/02\/en-prast-laser-sova-ute\/#article\",\"isPartOf\":{\"@id\":\"https:\/\/blogg.svenskakyrkan.se\/vandravagen\/2021\/02\/02\/en-prast-laser-sova-ute\/\"},\"author\":{\"name\":\"Tomas Jarvid\",\"@id\":\"https:\/\/blogg.svenskakyrkan.se\/vandravagen\/#\/schema\/person\/25da02d4f76b137d04291711e2c9fc16\"},\"headline\":\"En pr\u00e4st l\u00e4ser &#8221;Sova ute&#8221;\",\"datePublished\":\"2021-02-02T06:00:05+00:00\",\"mainEntityOfPage\":{\"@id\":\"https:\/\/blogg.svenskakyrkan.se\/vandravagen\/2021\/02\/02\/en-prast-laser-sova-ute\/\"},\"wordCount\":409,\"commentCount\":6,\"publisher\":{\"@id\":\"https:\/\/blogg.svenskakyrkan.se\/vandravagen\/#organization\"},\"image\":{\"@id\":\"https:\/\/blogg.svenskakyrkan.se\/vandravagen\/2021\/02\/02\/en-prast-laser-sova-ute\/#primaryimage\"},\"thumbnailUrl\":\"https:\/\/blogg.svenskakyrkan.se\/vandravagen\/files\/2021\/01\/IMG_7768.jpg\",\"articleSection\":{\"0\":\"b\u00f6cker\",\"1\":\"boktips\",\"3\":\"vara m\u00e4nniska\"},\"inLanguage\":\"sv-SE\",\"potentialAction\":[{\"@type\":\"CommentAction\",\"name\":\"Comment\",\"target\":[\"https:\/\/blogg.svenskakyrkan.se\/vandravagen\/2021\/02\/02\/en-prast-laser-sova-ute\/#respond\"]}]},{\"@type\":\"WebPage\",\"@id\":\"https:\/\/blogg.svenskakyrkan.se\/vandravagen\/2021\/02\/02\/en-prast-laser-sova-ute\/\",\"url\":\"https:\/\/blogg.svenskakyrkan.se\/vandravagen\/2021\/02\/02\/en-prast-laser-sova-ute\/\",\"name\":\"En pr\u00e4st l\u00e4ser \\\"Sova ute\\\" - Vandra V\u00e4gen\",\"isPartOf\":{\"@id\":\"https:\/\/blogg.svenskakyrkan.se\/vandravagen\/#website\"},\"primaryImageOfPage\":{\"@id\":\"https:\/\/blogg.svenskakyrkan.se\/vandravagen\/2021\/02\/02\/en-prast-laser-sova-ute\/#primaryimage\"},\"image\":{\"@id\":\"https:\/\/blogg.svenskakyrkan.se\/vandravagen\/2021\/02\/02\/en-prast-laser-sova-ute\/#primaryimage\"},\"thumbnailUrl\":\"https:\/\/blogg.svenskakyrkan.se\/vandravagen\/files\/2021\/01\/IMG_7768.jpg\",\"datePublished\":\"2021-02-02T06:00:05+00:00\",\"breadcrumb\":{\"@id\":\"https:\/\/blogg.svenskakyrkan.se\/vandravagen\/2021\/02\/02\/en-prast-laser-sova-ute\/#breadcrumb\"},\"inLanguage\":\"sv-SE\",\"potentialAction\":[{\"@type\":\"ReadAction\",\"target\":[\"https:\/\/blogg.svenskakyrkan.se\/vandravagen\/2021\/02\/02\/en-prast-laser-sova-ute\/\"]}]},{\"@type\":\"ImageObject\",\"inLanguage\":\"sv-SE\",\"@id\":\"https:\/\/blogg.svenskakyrkan.se\/vandravagen\/2021\/02\/02\/en-prast-laser-sova-ute\/#primaryimage\",\"url\":\"https:\/\/blogg.svenskakyrkan.se\/vandravagen\/files\/2021\/01\/IMG_7768.jpg\",\"contentUrl\":\"https:\/\/blogg.svenskakyrkan.se\/vandravagen\/files\/2021\/01\/IMG_7768.jpg\",\"width\":960,\"height\":1280},{\"@type\":\"BreadcrumbList\",\"@id\":\"https:\/\/blogg.svenskakyrkan.se\/vandravagen\/2021\/02\/02\/en-prast-laser-sova-ute\/#breadcrumb\",\"itemListElement\":[{\"@type\":\"ListItem\",\"position\":1,\"name\":\"Hem\",\"item\":\"https:\/\/blogg.svenskakyrkan.se\/vandravagen\/\"},{\"@type\":\"ListItem\",\"position\":2,\"name\":\"En pr\u00e4st l\u00e4ser &#8221;Sova ute&#8221;\"}]},{\"@type\":\"WebSite\",\"@id\":\"https:\/\/blogg.svenskakyrkan.se\/vandravagen\/#website\",\"url\":\"https:\/\/blogg.svenskakyrkan.se\/vandravagen\/\",\"name\":\"Vandra V\u00e4gen\",\"description\":\"-Mot en tro f\u00f6r hela livet\",\"publisher\":{\"@id\":\"https:\/\/blogg.svenskakyrkan.se\/vandravagen\/#organization\"},\"potentialAction\":[{\"@type\":\"SearchAction\",\"target\":{\"@type\":\"EntryPoint\",\"urlTemplate\":\"https:\/\/blogg.svenskakyrkan.se\/vandravagen\/?s={search_term_string}\"},\"query-input\":{\"@type\":\"PropertyValueSpecification\",\"valueRequired\":true,\"valueName\":\"search_term_string\"}}],\"inLanguage\":\"sv-SE\"},{\"@type\":\"Organization\",\"@id\":\"https:\/\/blogg.svenskakyrkan.se\/vandravagen\/#organization\",\"name\":\"ulricehamns pastorat\",\"alternateName\":\"ulricehamns pastorat\",\"url\":\"https:\/\/blogg.svenskakyrkan.se\/vandravagen\/\",\"logo\":{\"@type\":\"ImageObject\",\"inLanguage\":\"sv-SE\",\"@id\":\"https:\/\/blogg.svenskakyrkan.se\/vandravagen\/#\/schema\/logo\/image\/\",\"url\":\"https:\/\/blogg.svenskakyrkan.se\/vandravagen\/files\/2023\/05\/Ulr_logo_RGB.png\",\"contentUrl\":\"https:\/\/blogg.svenskakyrkan.se\/vandravagen\/files\/2023\/05\/Ulr_logo_RGB.png\",\"width\":205,\"height\":77,\"caption\":\"ulricehamns pastorat\"},\"image\":{\"@id\":\"https:\/\/blogg.svenskakyrkan.se\/vandravagen\/#\/schema\/logo\/image\/\"},\"sameAs\":[\"http:\/\/facebook.com\/vandravagen\",\"https:\/\/x.com\/fadertomas\",\"http:\/\/www.facebook.com\/svenskakyrkaniulricehamn\"]},{\"@type\":\"Person\",\"@id\":\"https:\/\/blogg.svenskakyrkan.se\/vandravagen\/#\/schema\/person\/25da02d4f76b137d04291711e2c9fc16\",\"name\":\"Tomas Jarvid\",\"image\":{\"@type\":\"ImageObject\",\"inLanguage\":\"sv-SE\",\"@id\":\"https:\/\/blogg.svenskakyrkan.se\/vandravagen\/#\/schema\/person\/image\/\",\"url\":\"https:\/\/secure.gravatar.com\/avatar\/7fa71899795e8f540f615a1f5ab25255dc27aa40f05ee7ddd21aac521e01bf50?s=96&d=identicon&r=g\",\"contentUrl\":\"https:\/\/secure.gravatar.com\/avatar\/7fa71899795e8f540f615a1f5ab25255dc27aa40f05ee7ddd21aac521e01bf50?s=96&d=identicon&r=g\",\"caption\":\"Tomas Jarvid\"},\"description\":\"Jag bor i Ulricehamn i V\u00e4sterg\u00f6tland och \u00e4r f\u00f6rsamlingspr\u00e4st i Svenska Kyrkan f\u00f6r Dalstorps f\u00f6rsamling i Kinds pastorat. P\u00e5 den h\u00e4r bloggen skriver jag ner tankar om vandringen som kristen.\",\"sameAs\":[\"http:\/\/www.vandravagen.se\"],\"url\":\"https:\/\/blogg.svenskakyrkan.se\/vandravagen\/author\/vandravagen\/\"}]}<\/script>\n<!-- \/ Yoast SEO plugin. -->","yoast_head_json":{"title":"En pr\u00e4st l\u00e4ser \"Sova ute\" - Vandra V\u00e4gen","robots":{"index":"index","follow":"follow","max-snippet":"max-snippet:-1","max-image-preview":"max-image-preview:large","max-video-preview":"max-video-preview:-1"},"canonical":"https:\/\/blogg.svenskakyrkan.se\/vandravagen\/2021\/02\/02\/en-prast-laser-sova-ute\/","og_locale":"sv_SE","og_type":"article","og_title":"En pr\u00e4st l\u00e4ser \"Sova ute\" - Vandra V\u00e4gen","og_description":"Markus Torgeby \u00e4r l\u00f6pare och lever av olika sk\u00e4l n\u00e4ra naturen och det v\u00e4ldigt enkla livet. Jag har skrivit f\u00f6r n\u00e5gra \u00e5r sedan om hans f\u00f6rsta bok &#8221;L\u00f6parens hj\u00e4rta&#8221; som \u00e4r en riktigt stark bok om att hitta sin plats i livet p\u00e5 extremt kr\u00e5ngliga v\u00e4gar. Markus flyttade ut i en t\u00e4ltk\u00e5ta i skogen i [&hellip;]","og_url":"https:\/\/blogg.svenskakyrkan.se\/vandravagen\/2021\/02\/02\/en-prast-laser-sova-ute\/","og_site_name":"Vandra V\u00e4gen","article_publisher":"http:\/\/facebook.com\/vandravagen","article_published_time":"2021-02-02T06:00:05+00:00","og_image":[{"width":960,"height":1280,"url":"https:\/\/blogg.svenskakyrkan.se\/vandravagen\/files\/2021\/01\/IMG_7768.jpg","type":"image\/jpeg"}],"author":"Tomas Jarvid","twitter_card":"summary_large_image","twitter_creator":"@fadertomas","twitter_site":"@fadertomas","twitter_misc":{"Skriven av":"Tomas Jarvid","Ber\u00e4knad l\u00e4stid":"2 minuter"},"schema":{"@context":"https:\/\/schema.org","@graph":[{"@type":"Article","@id":"https:\/\/blogg.svenskakyrkan.se\/vandravagen\/2021\/02\/02\/en-prast-laser-sova-ute\/#article","isPartOf":{"@id":"https:\/\/blogg.svenskakyrkan.se\/vandravagen\/2021\/02\/02\/en-prast-laser-sova-ute\/"},"author":{"name":"Tomas Jarvid","@id":"https:\/\/blogg.svenskakyrkan.se\/vandravagen\/#\/schema\/person\/25da02d4f76b137d04291711e2c9fc16"},"headline":"En pr\u00e4st l\u00e4ser &#8221;Sova ute&#8221;","datePublished":"2021-02-02T06:00:05+00:00","mainEntityOfPage":{"@id":"https:\/\/blogg.svenskakyrkan.se\/vandravagen\/2021\/02\/02\/en-prast-laser-sova-ute\/"},"wordCount":409,"commentCount":6,"publisher":{"@id":"https:\/\/blogg.svenskakyrkan.se\/vandravagen\/#organization"},"image":{"@id":"https:\/\/blogg.svenskakyrkan.se\/vandravagen\/2021\/02\/02\/en-prast-laser-sova-ute\/#primaryimage"},"thumbnailUrl":"https:\/\/blogg.svenskakyrkan.se\/vandravagen\/files\/2021\/01\/IMG_7768.jpg","articleSection":{"0":"b\u00f6cker","1":"boktips","3":"vara m\u00e4nniska"},"inLanguage":"sv-SE","potentialAction":[{"@type":"CommentAction","name":"Comment","target":["https:\/\/blogg.svenskakyrkan.se\/vandravagen\/2021\/02\/02\/en-prast-laser-sova-ute\/#respond"]}]},{"@type":"WebPage","@id":"https:\/\/blogg.svenskakyrkan.se\/vandravagen\/2021\/02\/02\/en-prast-laser-sova-ute\/","url":"https:\/\/blogg.svenskakyrkan.se\/vandravagen\/2021\/02\/02\/en-prast-laser-sova-ute\/","name":"En pr\u00e4st l\u00e4ser \"Sova ute\" - Vandra V\u00e4gen","isPartOf":{"@id":"https:\/\/blogg.svenskakyrkan.se\/vandravagen\/#website"},"primaryImageOfPage":{"@id":"https:\/\/blogg.svenskakyrkan.se\/vandravagen\/2021\/02\/02\/en-prast-laser-sova-ute\/#primaryimage"},"image":{"@id":"https:\/\/blogg.svenskakyrkan.se\/vandravagen\/2021\/02\/02\/en-prast-laser-sova-ute\/#primaryimage"},"thumbnailUrl":"https:\/\/blogg.svenskakyrkan.se\/vandravagen\/files\/2021\/01\/IMG_7768.jpg","datePublished":"2021-02-02T06:00:05+00:00","breadcrumb":{"@id":"https:\/\/blogg.svenskakyrkan.se\/vandravagen\/2021\/02\/02\/en-prast-laser-sova-ute\/#breadcrumb"},"inLanguage":"sv-SE","potentialAction":[{"@type":"ReadAction","target":["https:\/\/blogg.svenskakyrkan.se\/vandravagen\/2021\/02\/02\/en-prast-laser-sova-ute\/"]}]},{"@type":"ImageObject","inLanguage":"sv-SE","@id":"https:\/\/blogg.svenskakyrkan.se\/vandravagen\/2021\/02\/02\/en-prast-laser-sova-ute\/#primaryimage","url":"https:\/\/blogg.svenskakyrkan.se\/vandravagen\/files\/2021\/01\/IMG_7768.jpg","contentUrl":"https:\/\/blogg.svenskakyrkan.se\/vandravagen\/files\/2021\/01\/IMG_7768.jpg","width":960,"height":1280},{"@type":"BreadcrumbList","@id":"https:\/\/blogg.svenskakyrkan.se\/vandravagen\/2021\/02\/02\/en-prast-laser-sova-ute\/#breadcrumb","itemListElement":[{"@type":"ListItem","position":1,"name":"Hem","item":"https:\/\/blogg.svenskakyrkan.se\/vandravagen\/"},{"@type":"ListItem","position":2,"name":"En pr\u00e4st l\u00e4ser &#8221;Sova ute&#8221;"}]},{"@type":"WebSite","@id":"https:\/\/blogg.svenskakyrkan.se\/vandravagen\/#website","url":"https:\/\/blogg.svenskakyrkan.se\/vandravagen\/","name":"Vandra V\u00e4gen","description":"-Mot en tro f\u00f6r hela livet","publisher":{"@id":"https:\/\/blogg.svenskakyrkan.se\/vandravagen\/#organization"},"potentialAction":[{"@type":"SearchAction","target":{"@type":"EntryPoint","urlTemplate":"https:\/\/blogg.svenskakyrkan.se\/vandravagen\/?s={search_term_string}"},"query-input":{"@type":"PropertyValueSpecification","valueRequired":true,"valueName":"search_term_string"}}],"inLanguage":"sv-SE"},{"@type":"Organization","@id":"https:\/\/blogg.svenskakyrkan.se\/vandravagen\/#organization","name":"ulricehamns pastorat","alternateName":"ulricehamns pastorat","url":"https:\/\/blogg.svenskakyrkan.se\/vandravagen\/","logo":{"@type":"ImageObject","inLanguage":"sv-SE","@id":"https:\/\/blogg.svenskakyrkan.se\/vandravagen\/#\/schema\/logo\/image\/","url":"https:\/\/blogg.svenskakyrkan.se\/vandravagen\/files\/2023\/05\/Ulr_logo_RGB.png","contentUrl":"https:\/\/blogg.svenskakyrkan.se\/vandravagen\/files\/2023\/05\/Ulr_logo_RGB.png","width":205,"height":77,"caption":"ulricehamns pastorat"},"image":{"@id":"https:\/\/blogg.svenskakyrkan.se\/vandravagen\/#\/schema\/logo\/image\/"},"sameAs":["http:\/\/facebook.com\/vandravagen","https:\/\/x.com\/fadertomas","http:\/\/www.facebook.com\/svenskakyrkaniulricehamn"]},{"@type":"Person","@id":"https:\/\/blogg.svenskakyrkan.se\/vandravagen\/#\/schema\/person\/25da02d4f76b137d04291711e2c9fc16","name":"Tomas Jarvid","image":{"@type":"ImageObject","inLanguage":"sv-SE","@id":"https:\/\/blogg.svenskakyrkan.se\/vandravagen\/#\/schema\/person\/image\/","url":"https:\/\/secure.gravatar.com\/avatar\/7fa71899795e8f540f615a1f5ab25255dc27aa40f05ee7ddd21aac521e01bf50?s=96&d=identicon&r=g","contentUrl":"https:\/\/secure.gravatar.com\/avatar\/7fa71899795e8f540f615a1f5ab25255dc27aa40f05ee7ddd21aac521e01bf50?s=96&d=identicon&r=g","caption":"Tomas Jarvid"},"description":"Jag bor i Ulricehamn i V\u00e4sterg\u00f6tland och \u00e4r f\u00f6rsamlingspr\u00e4st i Svenska Kyrkan f\u00f6r Dalstorps f\u00f6rsamling i Kinds pastorat. P\u00e5 den h\u00e4r bloggen skriver jag ner tankar om vandringen som kristen.","sameAs":["http:\/\/www.vandravagen.se"],"url":"https:\/\/blogg.svenskakyrkan.se\/vandravagen\/author\/vandravagen\/"}]}},"author_meta":{"ID":"392","user_nicename":"vandravagen","user_url":"http:\/\/www.vandravagen.se","user_registered":"2014-05-19 05:44:52","display_name":"Tomas Jarvid","first_name":"Tomas","last_name":"Jarvid","avatar":"https:\/\/secure.gravatar.com\/avatar\/7fa71899795e8f540f615a1f5ab25255dc27aa40f05ee7ddd21aac521e01bf50?s=96&d=identicon&r=g"},"featured_image":["https:\/\/blogg.svenskakyrkan.se\/vandravagen\/files\/2021\/01\/IMG_7768.jpg",960,1280,false],"bloginfo":{"name":"Vandra V\u00e4gen","url":"https:\/\/blogg.svenskakyrkan.se\/vandravagen"},"_links":{"self":[{"href":"https:\/\/blogg.svenskakyrkan.se\/vandravagen\/wp-json\/wp\/v2\/posts\/8436","targetHints":{"allow":["GET"]}}],"collection":[{"href":"https:\/\/blogg.svenskakyrkan.se\/vandravagen\/wp-json\/wp\/v2\/posts"}],"about":[{"href":"https:\/\/blogg.svenskakyrkan.se\/vandravagen\/wp-json\/wp\/v2\/types\/post"}],"author":[{"embeddable":true,"href":"https:\/\/blogg.svenskakyrkan.se\/vandravagen\/wp-json\/wp\/v2\/users\/392"}],"replies":[{"embeddable":true,"href":"https:\/\/blogg.svenskakyrkan.se\/vandravagen\/wp-json\/wp\/v2\/comments?post=8436"}],"version-history":[{"count":3,"href":"https:\/\/blogg.svenskakyrkan.se\/vandravagen\/wp-json\/wp\/v2\/posts\/8436\/revisions"}],"predecessor-version":[{"id":8440,"href":"https:\/\/blogg.svenskakyrkan.se\/vandravagen\/wp-json\/wp\/v2\/posts\/8436\/revisions\/8440"}],"wp:featuredmedia":[{"embeddable":true,"href":"https:\/\/blogg.svenskakyrkan.se\/vandravagen\/wp-json\/wp\/v2\/media\/8437"}],"wp:attachment":[{"href":"https:\/\/blogg.svenskakyrkan.se\/vandravagen\/wp-json\/wp\/v2\/media?parent=8436"}],"wp:term":[{"taxonomy":"category","embeddable":true,"href":"https:\/\/blogg.svenskakyrkan.se\/vandravagen\/wp-json\/wp\/v2\/categories?post=8436"},{"taxonomy":"post_tag","embeddable":true,"href":"https:\/\/blogg.svenskakyrkan.se\/vandravagen\/wp-json\/wp\/v2\/tags?post=8436"}],"curies":[{"name":"wp","href":"https:\/\/api.w.org\/{rel}","templated":true}]}}