{"id":8456,"date":"2021-02-10T07:00:00","date_gmt":"2021-02-10T06:00:00","guid":{"rendered":"http:\/\/blogg.svenskakyrkan.se\/vandravagen\/?p=8456"},"modified":"2021-02-09T21:21:05","modified_gmt":"2021-02-09T20:21:05","slug":"pahumanisering","status":"publish","type":"post","link":"https:\/\/blogg.svenskakyrkan.se\/vandravagen\/2021\/02\/10\/pahumanisering\/","title":{"rendered":"P\u00e5humanisering"},"content":{"rendered":"\n\n\n<figure class=\"wp-block-image size-large is-style-default\"><img loading=\"lazy\" decoding=\"async\" width=\"671\" height=\"528\" src=\"https:\/\/blogg.svenskakyrkan.se\/vandravagen\/files\/2021\/02\/IMG_7840.jpg\" alt=\"\" class=\"wp-image-8463\" srcset=\"https:\/\/blogg.svenskakyrkan.se\/vandravagen\/files\/2021\/02\/IMG_7840.jpg 671w, https:\/\/blogg.svenskakyrkan.se\/vandravagen\/files\/2021\/02\/IMG_7840-300x236.jpg 300w\" sizes=\"auto, (max-width: 671px) 100vw, 671px\" \/><figcaption>P\u00e5humanisering. G\u00f6r som Gud, bli m\u00e4nniska.<\/figcaption><\/figure>\n\n\n\n<p>M\u00e5nga har skrivit och sagt s\u00e5 mycket klokt om AVHUMANISERING. Denna process av att v\u00e4nja sig vid att se p\u00e5 n\u00e5gon som knappt m\u00e4nsklig f\u00f6r att sedan kunna behandla dem om\u00e4nskligt. S\u00e5 har man gjort med judar och slavar och fiender och s\u00e5 vidare genom historien och s\u00e5 \u00e4r det f\u00f6rst\u00e5s v\u00e4ldigt mycket i v\u00e5ra dagar. Politiska meningsmotst\u00e5ndare, flyktingar, romer karikeras p\u00e5 s\u00e4tt d\u00e4r de i gruppens \u00f6gon bara f\u00f6rtj\u00e4nar f\u00f6rakt. Det d\u00e4r har som sagt m\u00e5nga talat om. Man kan ocks\u00e5 g\u00e4rna g\u00e5 vidare och t\u00e4nka p\u00e5 hur vi f\u00f6rringar och f\u00f6rtingligar saker i naturen f\u00f6r att kunna handskas med dem efter eget huvud.<\/p>\n\n\n\n<p>Jag t\u00e4nker h\u00e4romdagen att man kunde ha ett nytt ord f\u00f6r att beskriva motr\u00f6relsen till avhumaniseringen. P\u00c5HUMANISERING blir det d\u00e5 (eller kanske bara &#8221;humanisering&#8221; men det l\u00e5ter inte lika klatschigt). Du f\u00e5r g\u00e4rna klippa ut bilden ovan och s\u00e4tta p\u00e5 anslagstavlan s\u00e5 kan du forts\u00e4tta meditera \u00f6ver ordets inneb\u00f6rd.<\/p>\n\n\n\n<p>P\u00e5humanisering \u00e4r att anstr\u00e4nga sig f\u00f6r att se p\u00e5 sin n\u00e4sta och se att &#8221;<a href=\"https:\/\/blogg.svenskakyrkan.se\/vandravagen\/2014\/05\/27\/dar-ar-ju-en-manniska\/\">D\u00e4r \u00e4r ju en m\u00e4nniska<\/a>&#8221;. I tider d\u00e4r polariseringen \u00f6kar s\u00e5 hamnar man l\u00e4tt p\u00e5 endera sidan och s\u00e5 lockas man in i logiken att l\u00f6sningen p\u00e5 problemet skulle vara om vi kan tillintetg\u00f6ra v\u00e5ra motst\u00e5ndare p\u00e5 andra sidan men det \u00e4r ju en destruktiv v\u00e4g. Hur sv\u00e5rt det \u00e4n \u00e4r (och det \u00e4r ju j\u00e4ttesv\u00e5rt!) s\u00e5 \u00e4r enda v\u00e4gen ut ur all denna avhumanisering att v\u00e4nda \u00e5t andra h\u00e5llet. Och p\u00e5humanisera. <\/p>\n\n\n\n<p>Och missf\u00f6rst\u00e5 mig inte. Den som g\u00f6r n\u00e5got ont ska st\u00e5 till svars f\u00f6r det och f\u00e5 ta sitt ansvar. Att f\u00f6rs\u00f6ka se n\u00e5gon som m\u00e4nniska \u00e4r ocks\u00e5 att inte f\u00f6rminska den till n\u00e5gon slags omyndighet.<\/p>\n\n\n\n<p>Och det \u00e4r olika sv\u00e5rt f\u00f6r oss. Jag t\u00e4nker mig att f\u00f6r n\u00e5gon \u00e4r det oerh\u00f6rt sv\u00e5rt att se p\u00e5 en flykting med humana \u00f6gon. F\u00f6r en annan \u00e4r det sv\u00e5rt att se s\u00e5 p\u00e5 den som trakasserar flyktingen. <\/p>\n\n\n\n<p>Jesus irriterade ju m\u00e5nga genom att se m\u00e4nniskor \u00f6verallt. I de sjuka, i de fattiga, i kvinnorna, men ocks\u00e5 s\u00e5 att han kunde tala till de lagl\u00e4rda och r\u00e5dsmedlemmar bortom deras olika roller och se dem f\u00f6r vad de var. Guds barn, s\u00e4ger Jesus att vi \u00e4r. V\u00e4rda att d\u00f6 f\u00f6r. \u00c4ven de som inte tycker som vi eller som inte \u00e4r som vi. Till och med f\u00f6r de onda ville han d\u00f6. <\/p>\n\n\n\n<p>L\u00e5t oss t\u00e4nka p\u00e5 det idag.<\/p>\n\n\n\n<p>Vad s\u00e4ger du om p\u00e5humaniseringen? Skriv en kommentar!<\/p>\n","protected":false},"excerpt":{"rendered":"<p>M\u00e5nga har skrivit och sagt s\u00e5 mycket klokt om AVHUMANISERING. Denna process av att v\u00e4nja sig vid att se p\u00e5 n\u00e5gon som knappt m\u00e4nsklig f\u00f6r att sedan kunna behandla dem om\u00e4nskligt. S\u00e5 har man gjort med judar och slavar och fiender och s\u00e5 vidare genom historien och s\u00e5 \u00e4r det f\u00f6rst\u00e5s v\u00e4ldigt mycket i v\u00e5ra [&hellip;]<\/p>\n","protected":false},"author":392,"featured_media":8463,"comment_status":"open","ping_status":"open","sticky":false,"template":"","format":"standard","meta":{"_acf_changed":false,"footnotes":""},"categories":[75887,80734,78265,8345,77554],"tags":[],"class_list":["post-8456","post","type-post","status-publish","format-standard","has-post-thumbnail","hentry","category-andlighet","category-helande","category-motkultur","category-relationer","category-vara-manniska"],"acf":[],"yoast_head":"<!-- This site is optimized with the Yoast SEO plugin v27.1.1 - https:\/\/yoast.com\/product\/yoast-seo-wordpress\/ -->\n<title>P\u00e5humanisering - Vandra V\u00e4gen<\/title>\n<meta name=\"robots\" content=\"index, follow, max-snippet:-1, max-image-preview:large, max-video-preview:-1\" \/>\n<link rel=\"canonical\" href=\"https:\/\/blogg.svenskakyrkan.se\/vandravagen\/2021\/02\/10\/pahumanisering\/\" \/>\n<meta property=\"og:locale\" content=\"sv_SE\" \/>\n<meta property=\"og:type\" content=\"article\" \/>\n<meta property=\"og:title\" content=\"P\u00e5humanisering - Vandra V\u00e4gen\" \/>\n<meta property=\"og:description\" content=\"M\u00e5nga har skrivit och sagt s\u00e5 mycket klokt om AVHUMANISERING. Denna process av att v\u00e4nja sig vid att se p\u00e5 n\u00e5gon som knappt m\u00e4nsklig f\u00f6r att sedan kunna behandla dem om\u00e4nskligt. S\u00e5 har man gjort med judar och slavar och fiender och s\u00e5 vidare genom historien och s\u00e5 \u00e4r det f\u00f6rst\u00e5s v\u00e4ldigt mycket i v\u00e5ra [&hellip;]\" \/>\n<meta property=\"og:url\" content=\"https:\/\/blogg.svenskakyrkan.se\/vandravagen\/2021\/02\/10\/pahumanisering\/\" \/>\n<meta property=\"og:site_name\" content=\"Vandra V\u00e4gen\" \/>\n<meta property=\"article:publisher\" content=\"http:\/\/facebook.com\/vandravagen\" \/>\n<meta property=\"article:published_time\" content=\"2021-02-10T06:00:00+00:00\" \/>\n<meta property=\"og:image\" content=\"https:\/\/blogg.svenskakyrkan.se\/vandravagen\/files\/2021\/02\/IMG_7840.jpg\" \/>\n\t<meta property=\"og:image:width\" content=\"671\" \/>\n\t<meta property=\"og:image:height\" content=\"528\" \/>\n\t<meta property=\"og:image:type\" content=\"image\/jpeg\" \/>\n<meta name=\"author\" content=\"Tomas Jarvid\" \/>\n<meta name=\"twitter:card\" content=\"summary_large_image\" \/>\n<meta name=\"twitter:creator\" content=\"@fadertomas\" \/>\n<meta name=\"twitter:site\" content=\"@fadertomas\" \/>\n<meta name=\"twitter:label1\" content=\"Skriven av\" \/>\n\t<meta name=\"twitter:data1\" content=\"Tomas Jarvid\" \/>\n\t<meta name=\"twitter:label2\" content=\"Ber\u00e4knad l\u00e4stid\" \/>\n\t<meta name=\"twitter:data2\" content=\"2 minuter\" \/>\n<script type=\"application\/ld+json\" class=\"yoast-schema-graph\">{\"@context\":\"https:\/\/schema.org\",\"@graph\":[{\"@type\":\"Article\",\"@id\":\"https:\/\/blogg.svenskakyrkan.se\/vandravagen\/2021\/02\/10\/pahumanisering\/#article\",\"isPartOf\":{\"@id\":\"https:\/\/blogg.svenskakyrkan.se\/vandravagen\/2021\/02\/10\/pahumanisering\/\"},\"author\":{\"name\":\"Tomas Jarvid\",\"@id\":\"https:\/\/blogg.svenskakyrkan.se\/vandravagen\/#\/schema\/person\/25da02d4f76b137d04291711e2c9fc16\"},\"headline\":\"P\u00e5humanisering\",\"datePublished\":\"2021-02-10T06:00:00+00:00\",\"mainEntityOfPage\":{\"@id\":\"https:\/\/blogg.svenskakyrkan.se\/vandravagen\/2021\/02\/10\/pahumanisering\/\"},\"wordCount\":499,\"commentCount\":12,\"publisher\":{\"@id\":\"https:\/\/blogg.svenskakyrkan.se\/vandravagen\/#organization\"},\"image\":{\"@id\":\"https:\/\/blogg.svenskakyrkan.se\/vandravagen\/2021\/02\/10\/pahumanisering\/#primaryimage\"},\"thumbnailUrl\":\"https:\/\/blogg.svenskakyrkan.se\/vandravagen\/files\/2021\/02\/IMG_7840.jpg\",\"articleSection\":[\"andlighet\",\"helande\",\"motkultur\",\"relationer\",\"vara m\u00e4nniska\"],\"inLanguage\":\"sv-SE\",\"potentialAction\":[{\"@type\":\"CommentAction\",\"name\":\"Comment\",\"target\":[\"https:\/\/blogg.svenskakyrkan.se\/vandravagen\/2021\/02\/10\/pahumanisering\/#respond\"]}]},{\"@type\":\"WebPage\",\"@id\":\"https:\/\/blogg.svenskakyrkan.se\/vandravagen\/2021\/02\/10\/pahumanisering\/\",\"url\":\"https:\/\/blogg.svenskakyrkan.se\/vandravagen\/2021\/02\/10\/pahumanisering\/\",\"name\":\"P\u00e5humanisering - Vandra V\u00e4gen\",\"isPartOf\":{\"@id\":\"https:\/\/blogg.svenskakyrkan.se\/vandravagen\/#website\"},\"primaryImageOfPage\":{\"@id\":\"https:\/\/blogg.svenskakyrkan.se\/vandravagen\/2021\/02\/10\/pahumanisering\/#primaryimage\"},\"image\":{\"@id\":\"https:\/\/blogg.svenskakyrkan.se\/vandravagen\/2021\/02\/10\/pahumanisering\/#primaryimage\"},\"thumbnailUrl\":\"https:\/\/blogg.svenskakyrkan.se\/vandravagen\/files\/2021\/02\/IMG_7840.jpg\",\"datePublished\":\"2021-02-10T06:00:00+00:00\",\"breadcrumb\":{\"@id\":\"https:\/\/blogg.svenskakyrkan.se\/vandravagen\/2021\/02\/10\/pahumanisering\/#breadcrumb\"},\"inLanguage\":\"sv-SE\",\"potentialAction\":[{\"@type\":\"ReadAction\",\"target\":[\"https:\/\/blogg.svenskakyrkan.se\/vandravagen\/2021\/02\/10\/pahumanisering\/\"]}]},{\"@type\":\"ImageObject\",\"inLanguage\":\"sv-SE\",\"@id\":\"https:\/\/blogg.svenskakyrkan.se\/vandravagen\/2021\/02\/10\/pahumanisering\/#primaryimage\",\"url\":\"https:\/\/blogg.svenskakyrkan.se\/vandravagen\/files\/2021\/02\/IMG_7840.jpg\",\"contentUrl\":\"https:\/\/blogg.svenskakyrkan.se\/vandravagen\/files\/2021\/02\/IMG_7840.jpg\",\"width\":671,\"height\":528},{\"@type\":\"BreadcrumbList\",\"@id\":\"https:\/\/blogg.svenskakyrkan.se\/vandravagen\/2021\/02\/10\/pahumanisering\/#breadcrumb\",\"itemListElement\":[{\"@type\":\"ListItem\",\"position\":1,\"name\":\"Hem\",\"item\":\"https:\/\/blogg.svenskakyrkan.se\/vandravagen\/\"},{\"@type\":\"ListItem\",\"position\":2,\"name\":\"P\u00e5humanisering\"}]},{\"@type\":\"WebSite\",\"@id\":\"https:\/\/blogg.svenskakyrkan.se\/vandravagen\/#website\",\"url\":\"https:\/\/blogg.svenskakyrkan.se\/vandravagen\/\",\"name\":\"Vandra V\u00e4gen\",\"description\":\"-Mot en tro f\u00f6r hela livet\",\"publisher\":{\"@id\":\"https:\/\/blogg.svenskakyrkan.se\/vandravagen\/#organization\"},\"potentialAction\":[{\"@type\":\"SearchAction\",\"target\":{\"@type\":\"EntryPoint\",\"urlTemplate\":\"https:\/\/blogg.svenskakyrkan.se\/vandravagen\/?s={search_term_string}\"},\"query-input\":{\"@type\":\"PropertyValueSpecification\",\"valueRequired\":true,\"valueName\":\"search_term_string\"}}],\"inLanguage\":\"sv-SE\"},{\"@type\":\"Organization\",\"@id\":\"https:\/\/blogg.svenskakyrkan.se\/vandravagen\/#organization\",\"name\":\"ulricehamns pastorat\",\"alternateName\":\"ulricehamns pastorat\",\"url\":\"https:\/\/blogg.svenskakyrkan.se\/vandravagen\/\",\"logo\":{\"@type\":\"ImageObject\",\"inLanguage\":\"sv-SE\",\"@id\":\"https:\/\/blogg.svenskakyrkan.se\/vandravagen\/#\/schema\/logo\/image\/\",\"url\":\"https:\/\/blogg.svenskakyrkan.se\/vandravagen\/files\/2023\/05\/Ulr_logo_RGB.png\",\"contentUrl\":\"https:\/\/blogg.svenskakyrkan.se\/vandravagen\/files\/2023\/05\/Ulr_logo_RGB.png\",\"width\":205,\"height\":77,\"caption\":\"ulricehamns pastorat\"},\"image\":{\"@id\":\"https:\/\/blogg.svenskakyrkan.se\/vandravagen\/#\/schema\/logo\/image\/\"},\"sameAs\":[\"http:\/\/facebook.com\/vandravagen\",\"https:\/\/x.com\/fadertomas\",\"http:\/\/www.facebook.com\/svenskakyrkaniulricehamn\"]},{\"@type\":\"Person\",\"@id\":\"https:\/\/blogg.svenskakyrkan.se\/vandravagen\/#\/schema\/person\/25da02d4f76b137d04291711e2c9fc16\",\"name\":\"Tomas Jarvid\",\"image\":{\"@type\":\"ImageObject\",\"inLanguage\":\"sv-SE\",\"@id\":\"https:\/\/blogg.svenskakyrkan.se\/vandravagen\/#\/schema\/person\/image\/\",\"url\":\"https:\/\/secure.gravatar.com\/avatar\/7fa71899795e8f540f615a1f5ab25255dc27aa40f05ee7ddd21aac521e01bf50?s=96&d=identicon&r=g\",\"contentUrl\":\"https:\/\/secure.gravatar.com\/avatar\/7fa71899795e8f540f615a1f5ab25255dc27aa40f05ee7ddd21aac521e01bf50?s=96&d=identicon&r=g\",\"caption\":\"Tomas Jarvid\"},\"description\":\"Jag bor i Ulricehamn i V\u00e4sterg\u00f6tland och \u00e4r f\u00f6rsamlingspr\u00e4st i Svenska Kyrkan f\u00f6r Dalstorps f\u00f6rsamling i Kinds pastorat. P\u00e5 den h\u00e4r bloggen skriver jag ner tankar om vandringen som kristen.\",\"sameAs\":[\"http:\/\/www.vandravagen.se\"],\"url\":\"https:\/\/blogg.svenskakyrkan.se\/vandravagen\/author\/vandravagen\/\"}]}<\/script>\n<!-- \/ Yoast SEO plugin. -->","yoast_head_json":{"title":"P\u00e5humanisering - Vandra V\u00e4gen","robots":{"index":"index","follow":"follow","max-snippet":"max-snippet:-1","max-image-preview":"max-image-preview:large","max-video-preview":"max-video-preview:-1"},"canonical":"https:\/\/blogg.svenskakyrkan.se\/vandravagen\/2021\/02\/10\/pahumanisering\/","og_locale":"sv_SE","og_type":"article","og_title":"P\u00e5humanisering - Vandra V\u00e4gen","og_description":"M\u00e5nga har skrivit och sagt s\u00e5 mycket klokt om AVHUMANISERING. Denna process av att v\u00e4nja sig vid att se p\u00e5 n\u00e5gon som knappt m\u00e4nsklig f\u00f6r att sedan kunna behandla dem om\u00e4nskligt. S\u00e5 har man gjort med judar och slavar och fiender och s\u00e5 vidare genom historien och s\u00e5 \u00e4r det f\u00f6rst\u00e5s v\u00e4ldigt mycket i v\u00e5ra [&hellip;]","og_url":"https:\/\/blogg.svenskakyrkan.se\/vandravagen\/2021\/02\/10\/pahumanisering\/","og_site_name":"Vandra V\u00e4gen","article_publisher":"http:\/\/facebook.com\/vandravagen","article_published_time":"2021-02-10T06:00:00+00:00","og_image":[{"width":671,"height":528,"url":"https:\/\/blogg.svenskakyrkan.se\/vandravagen\/files\/2021\/02\/IMG_7840.jpg","type":"image\/jpeg"}],"author":"Tomas Jarvid","twitter_card":"summary_large_image","twitter_creator":"@fadertomas","twitter_site":"@fadertomas","twitter_misc":{"Skriven av":"Tomas Jarvid","Ber\u00e4knad l\u00e4stid":"2 minuter"},"schema":{"@context":"https:\/\/schema.org","@graph":[{"@type":"Article","@id":"https:\/\/blogg.svenskakyrkan.se\/vandravagen\/2021\/02\/10\/pahumanisering\/#article","isPartOf":{"@id":"https:\/\/blogg.svenskakyrkan.se\/vandravagen\/2021\/02\/10\/pahumanisering\/"},"author":{"name":"Tomas Jarvid","@id":"https:\/\/blogg.svenskakyrkan.se\/vandravagen\/#\/schema\/person\/25da02d4f76b137d04291711e2c9fc16"},"headline":"P\u00e5humanisering","datePublished":"2021-02-10T06:00:00+00:00","mainEntityOfPage":{"@id":"https:\/\/blogg.svenskakyrkan.se\/vandravagen\/2021\/02\/10\/pahumanisering\/"},"wordCount":499,"commentCount":12,"publisher":{"@id":"https:\/\/blogg.svenskakyrkan.se\/vandravagen\/#organization"},"image":{"@id":"https:\/\/blogg.svenskakyrkan.se\/vandravagen\/2021\/02\/10\/pahumanisering\/#primaryimage"},"thumbnailUrl":"https:\/\/blogg.svenskakyrkan.se\/vandravagen\/files\/2021\/02\/IMG_7840.jpg","articleSection":["andlighet","helande","motkultur","relationer","vara m\u00e4nniska"],"inLanguage":"sv-SE","potentialAction":[{"@type":"CommentAction","name":"Comment","target":["https:\/\/blogg.svenskakyrkan.se\/vandravagen\/2021\/02\/10\/pahumanisering\/#respond"]}]},{"@type":"WebPage","@id":"https:\/\/blogg.svenskakyrkan.se\/vandravagen\/2021\/02\/10\/pahumanisering\/","url":"https:\/\/blogg.svenskakyrkan.se\/vandravagen\/2021\/02\/10\/pahumanisering\/","name":"P\u00e5humanisering - Vandra V\u00e4gen","isPartOf":{"@id":"https:\/\/blogg.svenskakyrkan.se\/vandravagen\/#website"},"primaryImageOfPage":{"@id":"https:\/\/blogg.svenskakyrkan.se\/vandravagen\/2021\/02\/10\/pahumanisering\/#primaryimage"},"image":{"@id":"https:\/\/blogg.svenskakyrkan.se\/vandravagen\/2021\/02\/10\/pahumanisering\/#primaryimage"},"thumbnailUrl":"https:\/\/blogg.svenskakyrkan.se\/vandravagen\/files\/2021\/02\/IMG_7840.jpg","datePublished":"2021-02-10T06:00:00+00:00","breadcrumb":{"@id":"https:\/\/blogg.svenskakyrkan.se\/vandravagen\/2021\/02\/10\/pahumanisering\/#breadcrumb"},"inLanguage":"sv-SE","potentialAction":[{"@type":"ReadAction","target":["https:\/\/blogg.svenskakyrkan.se\/vandravagen\/2021\/02\/10\/pahumanisering\/"]}]},{"@type":"ImageObject","inLanguage":"sv-SE","@id":"https:\/\/blogg.svenskakyrkan.se\/vandravagen\/2021\/02\/10\/pahumanisering\/#primaryimage","url":"https:\/\/blogg.svenskakyrkan.se\/vandravagen\/files\/2021\/02\/IMG_7840.jpg","contentUrl":"https:\/\/blogg.svenskakyrkan.se\/vandravagen\/files\/2021\/02\/IMG_7840.jpg","width":671,"height":528},{"@type":"BreadcrumbList","@id":"https:\/\/blogg.svenskakyrkan.se\/vandravagen\/2021\/02\/10\/pahumanisering\/#breadcrumb","itemListElement":[{"@type":"ListItem","position":1,"name":"Hem","item":"https:\/\/blogg.svenskakyrkan.se\/vandravagen\/"},{"@type":"ListItem","position":2,"name":"P\u00e5humanisering"}]},{"@type":"WebSite","@id":"https:\/\/blogg.svenskakyrkan.se\/vandravagen\/#website","url":"https:\/\/blogg.svenskakyrkan.se\/vandravagen\/","name":"Vandra V\u00e4gen","description":"-Mot en tro f\u00f6r hela livet","publisher":{"@id":"https:\/\/blogg.svenskakyrkan.se\/vandravagen\/#organization"},"potentialAction":[{"@type":"SearchAction","target":{"@type":"EntryPoint","urlTemplate":"https:\/\/blogg.svenskakyrkan.se\/vandravagen\/?s={search_term_string}"},"query-input":{"@type":"PropertyValueSpecification","valueRequired":true,"valueName":"search_term_string"}}],"inLanguage":"sv-SE"},{"@type":"Organization","@id":"https:\/\/blogg.svenskakyrkan.se\/vandravagen\/#organization","name":"ulricehamns pastorat","alternateName":"ulricehamns pastorat","url":"https:\/\/blogg.svenskakyrkan.se\/vandravagen\/","logo":{"@type":"ImageObject","inLanguage":"sv-SE","@id":"https:\/\/blogg.svenskakyrkan.se\/vandravagen\/#\/schema\/logo\/image\/","url":"https:\/\/blogg.svenskakyrkan.se\/vandravagen\/files\/2023\/05\/Ulr_logo_RGB.png","contentUrl":"https:\/\/blogg.svenskakyrkan.se\/vandravagen\/files\/2023\/05\/Ulr_logo_RGB.png","width":205,"height":77,"caption":"ulricehamns pastorat"},"image":{"@id":"https:\/\/blogg.svenskakyrkan.se\/vandravagen\/#\/schema\/logo\/image\/"},"sameAs":["http:\/\/facebook.com\/vandravagen","https:\/\/x.com\/fadertomas","http:\/\/www.facebook.com\/svenskakyrkaniulricehamn"]},{"@type":"Person","@id":"https:\/\/blogg.svenskakyrkan.se\/vandravagen\/#\/schema\/person\/25da02d4f76b137d04291711e2c9fc16","name":"Tomas Jarvid","image":{"@type":"ImageObject","inLanguage":"sv-SE","@id":"https:\/\/blogg.svenskakyrkan.se\/vandravagen\/#\/schema\/person\/image\/","url":"https:\/\/secure.gravatar.com\/avatar\/7fa71899795e8f540f615a1f5ab25255dc27aa40f05ee7ddd21aac521e01bf50?s=96&d=identicon&r=g","contentUrl":"https:\/\/secure.gravatar.com\/avatar\/7fa71899795e8f540f615a1f5ab25255dc27aa40f05ee7ddd21aac521e01bf50?s=96&d=identicon&r=g","caption":"Tomas Jarvid"},"description":"Jag bor i Ulricehamn i V\u00e4sterg\u00f6tland och \u00e4r f\u00f6rsamlingspr\u00e4st i Svenska Kyrkan f\u00f6r Dalstorps f\u00f6rsamling i Kinds pastorat. P\u00e5 den h\u00e4r bloggen skriver jag ner tankar om vandringen som kristen.","sameAs":["http:\/\/www.vandravagen.se"],"url":"https:\/\/blogg.svenskakyrkan.se\/vandravagen\/author\/vandravagen\/"}]}},"author_meta":{"ID":"392","user_nicename":"vandravagen","user_url":"http:\/\/www.vandravagen.se","user_registered":"2014-05-19 05:44:52","display_name":"Tomas Jarvid","first_name":"Tomas","last_name":"Jarvid","avatar":"https:\/\/secure.gravatar.com\/avatar\/7fa71899795e8f540f615a1f5ab25255dc27aa40f05ee7ddd21aac521e01bf50?s=96&d=identicon&r=g"},"featured_image":["https:\/\/blogg.svenskakyrkan.se\/vandravagen\/files\/2021\/02\/IMG_7840.jpg",671,528,false],"bloginfo":{"name":"Vandra V\u00e4gen","url":"https:\/\/blogg.svenskakyrkan.se\/vandravagen"},"_links":{"self":[{"href":"https:\/\/blogg.svenskakyrkan.se\/vandravagen\/wp-json\/wp\/v2\/posts\/8456","targetHints":{"allow":["GET"]}}],"collection":[{"href":"https:\/\/blogg.svenskakyrkan.se\/vandravagen\/wp-json\/wp\/v2\/posts"}],"about":[{"href":"https:\/\/blogg.svenskakyrkan.se\/vandravagen\/wp-json\/wp\/v2\/types\/post"}],"author":[{"embeddable":true,"href":"https:\/\/blogg.svenskakyrkan.se\/vandravagen\/wp-json\/wp\/v2\/users\/392"}],"replies":[{"embeddable":true,"href":"https:\/\/blogg.svenskakyrkan.se\/vandravagen\/wp-json\/wp\/v2\/comments?post=8456"}],"version-history":[{"count":2,"href":"https:\/\/blogg.svenskakyrkan.se\/vandravagen\/wp-json\/wp\/v2\/posts\/8456\/revisions"}],"predecessor-version":[{"id":8464,"href":"https:\/\/blogg.svenskakyrkan.se\/vandravagen\/wp-json\/wp\/v2\/posts\/8456\/revisions\/8464"}],"wp:featuredmedia":[{"embeddable":true,"href":"https:\/\/blogg.svenskakyrkan.se\/vandravagen\/wp-json\/wp\/v2\/media\/8463"}],"wp:attachment":[{"href":"https:\/\/blogg.svenskakyrkan.se\/vandravagen\/wp-json\/wp\/v2\/media?parent=8456"}],"wp:term":[{"taxonomy":"category","embeddable":true,"href":"https:\/\/blogg.svenskakyrkan.se\/vandravagen\/wp-json\/wp\/v2\/categories?post=8456"},{"taxonomy":"post_tag","embeddable":true,"href":"https:\/\/blogg.svenskakyrkan.se\/vandravagen\/wp-json\/wp\/v2\/tags?post=8456"}],"curies":[{"name":"wp","href":"https:\/\/api.w.org\/{rel}","templated":true}]}}