{"id":846,"date":"2012-11-27T19:44:00","date_gmt":"2012-11-27T18:44:00","guid":{"rendered":"http:\/\/blogg.svenskakyrkan.se\/vandravagen\/2012\/11\/27\/ikonen-i-fickan-av-owe-wikstrom\/"},"modified":"2012-11-27T19:44:00","modified_gmt":"2012-11-27T18:44:00","slug":"ikonen-i-fickan-av-owe-wikstrom","status":"publish","type":"post","link":"https:\/\/blogg.svenskakyrkan.se\/vandravagen\/2012\/11\/27\/ikonen-i-fickan-av-owe-wikstrom\/","title":{"rendered":"Ikonen i fickan av Owe Wikstr\u00f6m"},"content":{"rendered":"<table align=\"center\" cellpadding=\"0\" cellspacing=\"0\">\n<tbody>\n<tr>\n<td><a href=\"http:\/\/4.bp.blogspot.com\/-WzYwHjfWm7g\/TyPZ5nP4YnI\/AAAAAAAAADo\/1gNXAfZSUU0\/s1600\/blogger-image--91870851.jpg\"><img loading=\"lazy\" decoding=\"async\" border=\"0\" height=\"400\" src=\"http:\/\/4.bp.blogspot.com\/-WzYwHjfWm7g\/TyPZ5nP4YnI\/AAAAAAAAADo\/1gNXAfZSUU0\/s400\/blogger-image--91870851.jpg\" width=\"300\"><\/a><\/td>\n<\/tr>\n<tr>\n<td>Ikon med Jesus<\/td>\n<\/tr>\n<\/tbody>\n<\/table>\n<p>Jag har de senaste dagarna lyssnat p\u00e5 ljudboksversionen av Owe Wikstr\u00f6ms bok &#8221;<a href=\"http:\/\/www.adlibris.com\/se\/product.aspx?isbn=9127114473\">Ikonen i fic<\/a><a href=\"http:\/\/www.bokus.com\/bok\/9789127114470\/ikonen-i-fickan-om-yttre-och-inre-resor\/\">kan -om yttre och inre resor&#8221;<\/a>. Tack f\u00f6r det d\u00e4r med bibliotek \u00e4n en g\u00e5ng. Jag har nog l\u00e4st de flesta av Owe Wikstr\u00f6ms b\u00f6cker och uppskattar dem f\u00f6r den resonerande stilen och f\u00f6r de kunskaper f\u00f6rfattaren har.<\/p>\n<p>Ikonen i fickan handlar om resor, b\u00e5de i yttre mening och i inre. Sedan \u00e4r det inte alldeles enkelt att h\u00e5lla is\u00e4r de b\u00e5da. Vi reser ju ofta f\u00f6r att f\u00e5 nya vyer eller komma bort fr\u00e5n vardagen f\u00f6r att ha tid &#8221;att leva&#8221;. Owe f\u00f6rst\u00e5r en hel del av den moderne resen\u00e4rens psykologi (s\u00e5 \u00e4r han ocks\u00e5 professor i religionspsykologi) och den inledande delen av boken handlar om detta. Sedan tar han med oss p\u00e5 en personlig reflektion \u00f6ver hur en m\u00e4nniskas resa in\u00e5t mot inre djup kan se ut. Genom samtal med v\u00e4nner, konst och kultur och, f\u00f6r en del, tro.<\/p>\n<p>Om du \u00e4r s\u00f6kare rekommenderar jag den h\u00e4r boken. Om du kallar dig kristen rekommenderar jag den ocks\u00e5. Den tar avstamp fr\u00e5n lite ov\u00e4ntat h\u00e5ll in i andlighet f\u00f6r att till sist landa i Owe Wikstr\u00f6ms personliga tro. Utan tv\u00e4rs\u00e4kerhet eller arrogans.<\/p>\n<p>Det \u00e4r ocks\u00e5 given l\u00e4sning f\u00f6r pilgrimen. Allt finns ju d\u00e4r, den inre och den yttre resan och hur de h\u00e4nger ihop. Utan att man f\u00f6r den sakens skull m\u00e5ste l\u00e5tsas att man \u00e4r f\u00f6dd p\u00e5 medeltiden.<\/p>\n","protected":false},"excerpt":{"rendered":"<p>Ikon med Jesus Jag har de senaste dagarna lyssnat p\u00e5 ljudboksversionen av Owe Wikstr\u00f6ms bok &#8221;Ikonen i fickan -om yttre och inre resor&#8221;. Tack f\u00f6r det d\u00e4r med bibliotek \u00e4n en g\u00e5ng. Jag har nog l\u00e4st de flesta av Owe Wikstr\u00f6ms b\u00f6cker och uppskattar dem f\u00f6r den resonerande stilen och f\u00f6r de kunskaper f\u00f6rfattaren har. [&hellip;]<\/p>\n","protected":false},"author":392,"featured_media":0,"comment_status":"open","ping_status":"open","sticky":false,"template":"","format":"standard","meta":{"_acf_changed":false,"footnotes":""},"categories":[8253,42374,8331],"tags":[],"class_list":["post-846","post","type-post","status-publish","format-standard","hentry","category-bocker","category-boktips","category-pilgrim"],"acf":[],"yoast_head":"<!-- This site is optimized with the Yoast SEO plugin v27.1.1 - https:\/\/yoast.com\/product\/yoast-seo-wordpress\/ -->\n<title>Ikonen i fickan av Owe Wikstr\u00f6m - Vandra V\u00e4gen<\/title>\n<meta name=\"robots\" content=\"index, follow, max-snippet:-1, max-image-preview:large, max-video-preview:-1\" \/>\n<link rel=\"canonical\" href=\"https:\/\/blogg.svenskakyrkan.se\/vandravagen\/2012\/11\/27\/ikonen-i-fickan-av-owe-wikstrom\/\" \/>\n<meta property=\"og:locale\" content=\"sv_SE\" \/>\n<meta property=\"og:type\" content=\"article\" \/>\n<meta property=\"og:title\" content=\"Ikonen i fickan av Owe Wikstr\u00f6m - Vandra V\u00e4gen\" \/>\n<meta property=\"og:description\" content=\"Ikon med Jesus Jag har de senaste dagarna lyssnat p\u00e5 ljudboksversionen av Owe Wikstr\u00f6ms bok &#8221;Ikonen i fickan -om yttre och inre resor&#8221;. Tack f\u00f6r det d\u00e4r med bibliotek \u00e4n en g\u00e5ng. Jag har nog l\u00e4st de flesta av Owe Wikstr\u00f6ms b\u00f6cker och uppskattar dem f\u00f6r den resonerande stilen och f\u00f6r de kunskaper f\u00f6rfattaren har. [&hellip;]\" \/>\n<meta property=\"og:url\" content=\"https:\/\/blogg.svenskakyrkan.se\/vandravagen\/2012\/11\/27\/ikonen-i-fickan-av-owe-wikstrom\/\" \/>\n<meta property=\"og:site_name\" content=\"Vandra V\u00e4gen\" \/>\n<meta property=\"article:publisher\" content=\"http:\/\/facebook.com\/vandravagen\" \/>\n<meta property=\"article:published_time\" content=\"2012-11-27T18:44:00+00:00\" \/>\n<meta property=\"og:image\" content=\"http:\/\/4.bp.blogspot.com\/-WzYwHjfWm7g\/TyPZ5nP4YnI\/AAAAAAAAADo\/1gNXAfZSUU0\/s400\/blogger-image--91870851.jpg\" \/>\n<meta name=\"author\" content=\"Tomas Jarvid\" \/>\n<meta name=\"twitter:card\" content=\"summary_large_image\" \/>\n<meta name=\"twitter:creator\" content=\"@fadertomas\" \/>\n<meta name=\"twitter:site\" content=\"@fadertomas\" \/>\n<meta name=\"twitter:label1\" content=\"Skriven av\" \/>\n\t<meta name=\"twitter:data1\" content=\"Tomas Jarvid\" \/>\n\t<meta name=\"twitter:label2\" content=\"Ber\u00e4knad l\u00e4stid\" \/>\n\t<meta name=\"twitter:data2\" content=\"1 minut\" \/>\n<script type=\"application\/ld+json\" class=\"yoast-schema-graph\">{\"@context\":\"https:\/\/schema.org\",\"@graph\":[{\"@type\":\"Article\",\"@id\":\"https:\/\/blogg.svenskakyrkan.se\/vandravagen\/2012\/11\/27\/ikonen-i-fickan-av-owe-wikstrom\/#article\",\"isPartOf\":{\"@id\":\"https:\/\/blogg.svenskakyrkan.se\/vandravagen\/2012\/11\/27\/ikonen-i-fickan-av-owe-wikstrom\/\"},\"author\":{\"name\":\"Tomas Jarvid\",\"@id\":\"https:\/\/blogg.svenskakyrkan.se\/vandravagen\/#\/schema\/person\/25da02d4f76b137d04291711e2c9fc16\"},\"headline\":\"Ikonen i fickan av Owe Wikstr\u00f6m\",\"datePublished\":\"2012-11-27T18:44:00+00:00\",\"mainEntityOfPage\":{\"@id\":\"https:\/\/blogg.svenskakyrkan.se\/vandravagen\/2012\/11\/27\/ikonen-i-fickan-av-owe-wikstrom\/\"},\"wordCount\":286,\"commentCount\":0,\"publisher\":{\"@id\":\"https:\/\/blogg.svenskakyrkan.se\/vandravagen\/#organization\"},\"image\":{\"@id\":\"https:\/\/blogg.svenskakyrkan.se\/vandravagen\/2012\/11\/27\/ikonen-i-fickan-av-owe-wikstrom\/#primaryimage\"},\"thumbnailUrl\":\"http:\/\/4.bp.blogspot.com\/-WzYwHjfWm7g\/TyPZ5nP4YnI\/AAAAAAAAADo\/1gNXAfZSUU0\/s400\/blogger-image--91870851.jpg\",\"articleSection\":[\"b\u00f6cker\",\"boktips\",\"pilgrim\"],\"inLanguage\":\"sv-SE\",\"potentialAction\":[{\"@type\":\"CommentAction\",\"name\":\"Comment\",\"target\":[\"https:\/\/blogg.svenskakyrkan.se\/vandravagen\/2012\/11\/27\/ikonen-i-fickan-av-owe-wikstrom\/#respond\"]}]},{\"@type\":\"WebPage\",\"@id\":\"https:\/\/blogg.svenskakyrkan.se\/vandravagen\/2012\/11\/27\/ikonen-i-fickan-av-owe-wikstrom\/\",\"url\":\"https:\/\/blogg.svenskakyrkan.se\/vandravagen\/2012\/11\/27\/ikonen-i-fickan-av-owe-wikstrom\/\",\"name\":\"Ikonen i fickan av Owe Wikstr\u00f6m - Vandra V\u00e4gen\",\"isPartOf\":{\"@id\":\"https:\/\/blogg.svenskakyrkan.se\/vandravagen\/#website\"},\"primaryImageOfPage\":{\"@id\":\"https:\/\/blogg.svenskakyrkan.se\/vandravagen\/2012\/11\/27\/ikonen-i-fickan-av-owe-wikstrom\/#primaryimage\"},\"image\":{\"@id\":\"https:\/\/blogg.svenskakyrkan.se\/vandravagen\/2012\/11\/27\/ikonen-i-fickan-av-owe-wikstrom\/#primaryimage\"},\"thumbnailUrl\":\"http:\/\/4.bp.blogspot.com\/-WzYwHjfWm7g\/TyPZ5nP4YnI\/AAAAAAAAADo\/1gNXAfZSUU0\/s400\/blogger-image--91870851.jpg\",\"datePublished\":\"2012-11-27T18:44:00+00:00\",\"breadcrumb\":{\"@id\":\"https:\/\/blogg.svenskakyrkan.se\/vandravagen\/2012\/11\/27\/ikonen-i-fickan-av-owe-wikstrom\/#breadcrumb\"},\"inLanguage\":\"sv-SE\",\"potentialAction\":[{\"@type\":\"ReadAction\",\"target\":[\"https:\/\/blogg.svenskakyrkan.se\/vandravagen\/2012\/11\/27\/ikonen-i-fickan-av-owe-wikstrom\/\"]}]},{\"@type\":\"ImageObject\",\"inLanguage\":\"sv-SE\",\"@id\":\"https:\/\/blogg.svenskakyrkan.se\/vandravagen\/2012\/11\/27\/ikonen-i-fickan-av-owe-wikstrom\/#primaryimage\",\"url\":\"http:\/\/4.bp.blogspot.com\/-WzYwHjfWm7g\/TyPZ5nP4YnI\/AAAAAAAAADo\/1gNXAfZSUU0\/s400\/blogger-image--91870851.jpg\",\"contentUrl\":\"http:\/\/4.bp.blogspot.com\/-WzYwHjfWm7g\/TyPZ5nP4YnI\/AAAAAAAAADo\/1gNXAfZSUU0\/s400\/blogger-image--91870851.jpg\"},{\"@type\":\"BreadcrumbList\",\"@id\":\"https:\/\/blogg.svenskakyrkan.se\/vandravagen\/2012\/11\/27\/ikonen-i-fickan-av-owe-wikstrom\/#breadcrumb\",\"itemListElement\":[{\"@type\":\"ListItem\",\"position\":1,\"name\":\"Hem\",\"item\":\"https:\/\/blogg.svenskakyrkan.se\/vandravagen\/\"},{\"@type\":\"ListItem\",\"position\":2,\"name\":\"Ikonen i fickan av Owe Wikstr\u00f6m\"}]},{\"@type\":\"WebSite\",\"@id\":\"https:\/\/blogg.svenskakyrkan.se\/vandravagen\/#website\",\"url\":\"https:\/\/blogg.svenskakyrkan.se\/vandravagen\/\",\"name\":\"Vandra V\u00e4gen\",\"description\":\"-Mot en tro f\u00f6r hela livet\",\"publisher\":{\"@id\":\"https:\/\/blogg.svenskakyrkan.se\/vandravagen\/#organization\"},\"potentialAction\":[{\"@type\":\"SearchAction\",\"target\":{\"@type\":\"EntryPoint\",\"urlTemplate\":\"https:\/\/blogg.svenskakyrkan.se\/vandravagen\/?s={search_term_string}\"},\"query-input\":{\"@type\":\"PropertyValueSpecification\",\"valueRequired\":true,\"valueName\":\"search_term_string\"}}],\"inLanguage\":\"sv-SE\"},{\"@type\":\"Organization\",\"@id\":\"https:\/\/blogg.svenskakyrkan.se\/vandravagen\/#organization\",\"name\":\"ulricehamns pastorat\",\"alternateName\":\"ulricehamns pastorat\",\"url\":\"https:\/\/blogg.svenskakyrkan.se\/vandravagen\/\",\"logo\":{\"@type\":\"ImageObject\",\"inLanguage\":\"sv-SE\",\"@id\":\"https:\/\/blogg.svenskakyrkan.se\/vandravagen\/#\/schema\/logo\/image\/\",\"url\":\"https:\/\/blogg.svenskakyrkan.se\/vandravagen\/files\/2023\/05\/Ulr_logo_RGB.png\",\"contentUrl\":\"https:\/\/blogg.svenskakyrkan.se\/vandravagen\/files\/2023\/05\/Ulr_logo_RGB.png\",\"width\":205,\"height\":77,\"caption\":\"ulricehamns pastorat\"},\"image\":{\"@id\":\"https:\/\/blogg.svenskakyrkan.se\/vandravagen\/#\/schema\/logo\/image\/\"},\"sameAs\":[\"http:\/\/facebook.com\/vandravagen\",\"https:\/\/x.com\/fadertomas\",\"http:\/\/www.facebook.com\/svenskakyrkaniulricehamn\"]},{\"@type\":\"Person\",\"@id\":\"https:\/\/blogg.svenskakyrkan.se\/vandravagen\/#\/schema\/person\/25da02d4f76b137d04291711e2c9fc16\",\"name\":\"Tomas Jarvid\",\"image\":{\"@type\":\"ImageObject\",\"inLanguage\":\"sv-SE\",\"@id\":\"https:\/\/blogg.svenskakyrkan.se\/vandravagen\/#\/schema\/person\/image\/\",\"url\":\"https:\/\/secure.gravatar.com\/avatar\/7fa71899795e8f540f615a1f5ab25255dc27aa40f05ee7ddd21aac521e01bf50?s=96&d=identicon&r=g\",\"contentUrl\":\"https:\/\/secure.gravatar.com\/avatar\/7fa71899795e8f540f615a1f5ab25255dc27aa40f05ee7ddd21aac521e01bf50?s=96&d=identicon&r=g\",\"caption\":\"Tomas Jarvid\"},\"description\":\"Jag bor i Ulricehamn i V\u00e4sterg\u00f6tland och \u00e4r f\u00f6rsamlingspr\u00e4st i Svenska Kyrkan f\u00f6r Dalstorps f\u00f6rsamling i Kinds pastorat. P\u00e5 den h\u00e4r bloggen skriver jag ner tankar om vandringen som kristen.\",\"sameAs\":[\"http:\/\/www.vandravagen.se\"],\"url\":\"https:\/\/blogg.svenskakyrkan.se\/vandravagen\/author\/vandravagen\/\"}]}<\/script>\n<!-- \/ Yoast SEO plugin. -->","yoast_head_json":{"title":"Ikonen i fickan av Owe Wikstr\u00f6m - Vandra V\u00e4gen","robots":{"index":"index","follow":"follow","max-snippet":"max-snippet:-1","max-image-preview":"max-image-preview:large","max-video-preview":"max-video-preview:-1"},"canonical":"https:\/\/blogg.svenskakyrkan.se\/vandravagen\/2012\/11\/27\/ikonen-i-fickan-av-owe-wikstrom\/","og_locale":"sv_SE","og_type":"article","og_title":"Ikonen i fickan av Owe Wikstr\u00f6m - Vandra V\u00e4gen","og_description":"Ikon med Jesus Jag har de senaste dagarna lyssnat p\u00e5 ljudboksversionen av Owe Wikstr\u00f6ms bok &#8221;Ikonen i fickan -om yttre och inre resor&#8221;. Tack f\u00f6r det d\u00e4r med bibliotek \u00e4n en g\u00e5ng. Jag har nog l\u00e4st de flesta av Owe Wikstr\u00f6ms b\u00f6cker och uppskattar dem f\u00f6r den resonerande stilen och f\u00f6r de kunskaper f\u00f6rfattaren har. [&hellip;]","og_url":"https:\/\/blogg.svenskakyrkan.se\/vandravagen\/2012\/11\/27\/ikonen-i-fickan-av-owe-wikstrom\/","og_site_name":"Vandra V\u00e4gen","article_publisher":"http:\/\/facebook.com\/vandravagen","article_published_time":"2012-11-27T18:44:00+00:00","og_image":[{"url":"http:\/\/4.bp.blogspot.com\/-WzYwHjfWm7g\/TyPZ5nP4YnI\/AAAAAAAAADo\/1gNXAfZSUU0\/s400\/blogger-image--91870851.jpg","type":"","width":"","height":""}],"author":"Tomas Jarvid","twitter_card":"summary_large_image","twitter_creator":"@fadertomas","twitter_site":"@fadertomas","twitter_misc":{"Skriven av":"Tomas Jarvid","Ber\u00e4knad l\u00e4stid":"1 minut"},"schema":{"@context":"https:\/\/schema.org","@graph":[{"@type":"Article","@id":"https:\/\/blogg.svenskakyrkan.se\/vandravagen\/2012\/11\/27\/ikonen-i-fickan-av-owe-wikstrom\/#article","isPartOf":{"@id":"https:\/\/blogg.svenskakyrkan.se\/vandravagen\/2012\/11\/27\/ikonen-i-fickan-av-owe-wikstrom\/"},"author":{"name":"Tomas Jarvid","@id":"https:\/\/blogg.svenskakyrkan.se\/vandravagen\/#\/schema\/person\/25da02d4f76b137d04291711e2c9fc16"},"headline":"Ikonen i fickan av Owe Wikstr\u00f6m","datePublished":"2012-11-27T18:44:00+00:00","mainEntityOfPage":{"@id":"https:\/\/blogg.svenskakyrkan.se\/vandravagen\/2012\/11\/27\/ikonen-i-fickan-av-owe-wikstrom\/"},"wordCount":286,"commentCount":0,"publisher":{"@id":"https:\/\/blogg.svenskakyrkan.se\/vandravagen\/#organization"},"image":{"@id":"https:\/\/blogg.svenskakyrkan.se\/vandravagen\/2012\/11\/27\/ikonen-i-fickan-av-owe-wikstrom\/#primaryimage"},"thumbnailUrl":"http:\/\/4.bp.blogspot.com\/-WzYwHjfWm7g\/TyPZ5nP4YnI\/AAAAAAAAADo\/1gNXAfZSUU0\/s400\/blogger-image--91870851.jpg","articleSection":["b\u00f6cker","boktips","pilgrim"],"inLanguage":"sv-SE","potentialAction":[{"@type":"CommentAction","name":"Comment","target":["https:\/\/blogg.svenskakyrkan.se\/vandravagen\/2012\/11\/27\/ikonen-i-fickan-av-owe-wikstrom\/#respond"]}]},{"@type":"WebPage","@id":"https:\/\/blogg.svenskakyrkan.se\/vandravagen\/2012\/11\/27\/ikonen-i-fickan-av-owe-wikstrom\/","url":"https:\/\/blogg.svenskakyrkan.se\/vandravagen\/2012\/11\/27\/ikonen-i-fickan-av-owe-wikstrom\/","name":"Ikonen i fickan av Owe Wikstr\u00f6m - Vandra V\u00e4gen","isPartOf":{"@id":"https:\/\/blogg.svenskakyrkan.se\/vandravagen\/#website"},"primaryImageOfPage":{"@id":"https:\/\/blogg.svenskakyrkan.se\/vandravagen\/2012\/11\/27\/ikonen-i-fickan-av-owe-wikstrom\/#primaryimage"},"image":{"@id":"https:\/\/blogg.svenskakyrkan.se\/vandravagen\/2012\/11\/27\/ikonen-i-fickan-av-owe-wikstrom\/#primaryimage"},"thumbnailUrl":"http:\/\/4.bp.blogspot.com\/-WzYwHjfWm7g\/TyPZ5nP4YnI\/AAAAAAAAADo\/1gNXAfZSUU0\/s400\/blogger-image--91870851.jpg","datePublished":"2012-11-27T18:44:00+00:00","breadcrumb":{"@id":"https:\/\/blogg.svenskakyrkan.se\/vandravagen\/2012\/11\/27\/ikonen-i-fickan-av-owe-wikstrom\/#breadcrumb"},"inLanguage":"sv-SE","potentialAction":[{"@type":"ReadAction","target":["https:\/\/blogg.svenskakyrkan.se\/vandravagen\/2012\/11\/27\/ikonen-i-fickan-av-owe-wikstrom\/"]}]},{"@type":"ImageObject","inLanguage":"sv-SE","@id":"https:\/\/blogg.svenskakyrkan.se\/vandravagen\/2012\/11\/27\/ikonen-i-fickan-av-owe-wikstrom\/#primaryimage","url":"http:\/\/4.bp.blogspot.com\/-WzYwHjfWm7g\/TyPZ5nP4YnI\/AAAAAAAAADo\/1gNXAfZSUU0\/s400\/blogger-image--91870851.jpg","contentUrl":"http:\/\/4.bp.blogspot.com\/-WzYwHjfWm7g\/TyPZ5nP4YnI\/AAAAAAAAADo\/1gNXAfZSUU0\/s400\/blogger-image--91870851.jpg"},{"@type":"BreadcrumbList","@id":"https:\/\/blogg.svenskakyrkan.se\/vandravagen\/2012\/11\/27\/ikonen-i-fickan-av-owe-wikstrom\/#breadcrumb","itemListElement":[{"@type":"ListItem","position":1,"name":"Hem","item":"https:\/\/blogg.svenskakyrkan.se\/vandravagen\/"},{"@type":"ListItem","position":2,"name":"Ikonen i fickan av Owe Wikstr\u00f6m"}]},{"@type":"WebSite","@id":"https:\/\/blogg.svenskakyrkan.se\/vandravagen\/#website","url":"https:\/\/blogg.svenskakyrkan.se\/vandravagen\/","name":"Vandra V\u00e4gen","description":"-Mot en tro f\u00f6r hela livet","publisher":{"@id":"https:\/\/blogg.svenskakyrkan.se\/vandravagen\/#organization"},"potentialAction":[{"@type":"SearchAction","target":{"@type":"EntryPoint","urlTemplate":"https:\/\/blogg.svenskakyrkan.se\/vandravagen\/?s={search_term_string}"},"query-input":{"@type":"PropertyValueSpecification","valueRequired":true,"valueName":"search_term_string"}}],"inLanguage":"sv-SE"},{"@type":"Organization","@id":"https:\/\/blogg.svenskakyrkan.se\/vandravagen\/#organization","name":"ulricehamns pastorat","alternateName":"ulricehamns pastorat","url":"https:\/\/blogg.svenskakyrkan.se\/vandravagen\/","logo":{"@type":"ImageObject","inLanguage":"sv-SE","@id":"https:\/\/blogg.svenskakyrkan.se\/vandravagen\/#\/schema\/logo\/image\/","url":"https:\/\/blogg.svenskakyrkan.se\/vandravagen\/files\/2023\/05\/Ulr_logo_RGB.png","contentUrl":"https:\/\/blogg.svenskakyrkan.se\/vandravagen\/files\/2023\/05\/Ulr_logo_RGB.png","width":205,"height":77,"caption":"ulricehamns pastorat"},"image":{"@id":"https:\/\/blogg.svenskakyrkan.se\/vandravagen\/#\/schema\/logo\/image\/"},"sameAs":["http:\/\/facebook.com\/vandravagen","https:\/\/x.com\/fadertomas","http:\/\/www.facebook.com\/svenskakyrkaniulricehamn"]},{"@type":"Person","@id":"https:\/\/blogg.svenskakyrkan.se\/vandravagen\/#\/schema\/person\/25da02d4f76b137d04291711e2c9fc16","name":"Tomas Jarvid","image":{"@type":"ImageObject","inLanguage":"sv-SE","@id":"https:\/\/blogg.svenskakyrkan.se\/vandravagen\/#\/schema\/person\/image\/","url":"https:\/\/secure.gravatar.com\/avatar\/7fa71899795e8f540f615a1f5ab25255dc27aa40f05ee7ddd21aac521e01bf50?s=96&d=identicon&r=g","contentUrl":"https:\/\/secure.gravatar.com\/avatar\/7fa71899795e8f540f615a1f5ab25255dc27aa40f05ee7ddd21aac521e01bf50?s=96&d=identicon&r=g","caption":"Tomas Jarvid"},"description":"Jag bor i Ulricehamn i V\u00e4sterg\u00f6tland och \u00e4r f\u00f6rsamlingspr\u00e4st i Svenska Kyrkan f\u00f6r Dalstorps f\u00f6rsamling i Kinds pastorat. P\u00e5 den h\u00e4r bloggen skriver jag ner tankar om vandringen som kristen.","sameAs":["http:\/\/www.vandravagen.se"],"url":"https:\/\/blogg.svenskakyrkan.se\/vandravagen\/author\/vandravagen\/"}]}},"author_meta":{"ID":"392","user_nicename":"vandravagen","user_url":"http:\/\/www.vandravagen.se","user_registered":"2014-05-19 05:44:52","display_name":"Tomas Jarvid","first_name":"Tomas","last_name":"Jarvid","avatar":"https:\/\/secure.gravatar.com\/avatar\/7fa71899795e8f540f615a1f5ab25255dc27aa40f05ee7ddd21aac521e01bf50?s=96&d=identicon&r=g"},"featured_image":false,"bloginfo":{"name":"Vandra V\u00e4gen","url":"https:\/\/blogg.svenskakyrkan.se\/vandravagen"},"_links":{"self":[{"href":"https:\/\/blogg.svenskakyrkan.se\/vandravagen\/wp-json\/wp\/v2\/posts\/846","targetHints":{"allow":["GET"]}}],"collection":[{"href":"https:\/\/blogg.svenskakyrkan.se\/vandravagen\/wp-json\/wp\/v2\/posts"}],"about":[{"href":"https:\/\/blogg.svenskakyrkan.se\/vandravagen\/wp-json\/wp\/v2\/types\/post"}],"author":[{"embeddable":true,"href":"https:\/\/blogg.svenskakyrkan.se\/vandravagen\/wp-json\/wp\/v2\/users\/392"}],"replies":[{"embeddable":true,"href":"https:\/\/blogg.svenskakyrkan.se\/vandravagen\/wp-json\/wp\/v2\/comments?post=846"}],"version-history":[{"count":0,"href":"https:\/\/blogg.svenskakyrkan.se\/vandravagen\/wp-json\/wp\/v2\/posts\/846\/revisions"}],"wp:attachment":[{"href":"https:\/\/blogg.svenskakyrkan.se\/vandravagen\/wp-json\/wp\/v2\/media?parent=846"}],"wp:term":[{"taxonomy":"category","embeddable":true,"href":"https:\/\/blogg.svenskakyrkan.se\/vandravagen\/wp-json\/wp\/v2\/categories?post=846"},{"taxonomy":"post_tag","embeddable":true,"href":"https:\/\/blogg.svenskakyrkan.se\/vandravagen\/wp-json\/wp\/v2\/tags?post=846"}],"curies":[{"name":"wp","href":"https:\/\/api.w.org\/{rel}","templated":true}]}}