{"id":8473,"date":"2021-02-20T07:00:12","date_gmt":"2021-02-20T06:00:12","guid":{"rendered":"http:\/\/blogg.svenskakyrkan.se\/vandravagen\/?p=8473"},"modified":"2021-02-19T22:58:02","modified_gmt":"2021-02-19T21:58:02","slug":"vad-kom-jesus-for-att-radda-fran","status":"publish","type":"post","link":"https:\/\/blogg.svenskakyrkan.se\/vandravagen\/2021\/02\/20\/vad-kom-jesus-for-att-radda-fran\/","title":{"rendered":"Vad kom Jesus f\u00f6r att r\u00e4dda fr\u00e5n?"},"content":{"rendered":"\n\n\n<figure class=\"wp-block-image size-large is-style-default\"><img loading=\"lazy\" decoding=\"async\" width=\"623\" height=\"753\" src=\"https:\/\/blogg.svenskakyrkan.se\/vandravagen\/files\/2021\/02\/IMG_6698.png\" alt=\"\" class=\"wp-image-8475\" \/><figcaption>Ett ondskans n\u00e4t?<\/figcaption><\/figure>\n\n\n\n<p>Jag har bloggat en del i julas om Jesus i sitt mellan\u00f6sterliga sammanhang (stort tack \u00e4ven denna g\u00e5ng till &#8221;Jesus throught middle eastern eyes&#8221;). Jag har en till sak d\u00e4r som g\u00e5r in i s\u00e5dant jag t\u00e4nkt p\u00e5 l\u00e4nge. Fr\u00e5gan \u00e4r, vad \u00e4r det f\u00f6r fr\u00e4lsning Jesus kommer med egentligen? <strong>Vem vill Jesus fr\u00e4lsa?<\/strong><\/p>\n\n\n\n<p>Jesus kommer till ett samh\u00e4lle med lidande och fattiga m\u00e4nniskor. Som \u00e4r under f\u00f6rtryck och ockupation och d\u00e4r soldater kr\u00e4ver in pengar i skatt s\u00e5 att det blir \u00e4nnu sv\u00e5rare att klara \u00f6verlevnaden. I ett s\u00e5dant l\u00e4ge \u00e4r det sj\u00e4lvklart att <strong>m\u00e4nniskor l\u00e4ngtar efter en befriare. <\/strong>Och v\u00e4ldigt m\u00e5nga av de gammaltestamentliga f\u00f6rebilderna till messiasgestalter \u00e4r ocks\u00e5 just s\u00e5na milit\u00e4ra ledare som r\u00e4ddar folket fr\u00e5n deras fiender. S\u00e5dana som David eller Judith eller Mackabeerna eller s\u00e5. <\/p>\n\n\n\n<p>Det \u00e4r till och med s\u00e5 att det st\u00e5r saker p\u00e5 det temat om Jesus i evangeliets b\u00f6rjan.  \u00c4ngeln s\u00e4ger ju till Maria att <strong>hennes son ska sitta p\u00e5 Davids tron <\/strong>och h\u00e4rska f\u00f6r alltid \u00f6ver Jakob. Och den gamle Sakarias utbrister i att Gud ordnar &#8221;<strong>fr\u00e4lsning fr\u00e5n v\u00e5ra fiender och fr\u00e5n alla dem som hatar oss<\/strong>&#8221;.<\/p>\n\n\n\n<p>Men sedan forts\u00e4tter Sakarias &#8221;<strong>han ska fr\u00e4lsa sitt folk fr\u00e5n alla deras synder, och f\u00f6ra deras f\u00f6tter in p\u00e5 fredens v\u00e4g&#8221;<\/strong>. <\/p>\n\n\n\n<p>Ett f\u00f6rtryckt folk \u00e4r s\u00e4llan v\u00e4rst intresserade av att h\u00f6ra om sina EGNA synder (vem \u00e4r det f\u00f6rresten). I deras perspektiv framst\u00e5r de or\u00e4ttvisor de uts\u00e4tts f\u00f6r som s\u00e5 mycket st\u00f6rre \u00e4n n\u00e5got de sj\u00e4lva kan vara skuld till. Det blir liksom det som blir sj\u00e4lva tolkningsramen f\u00f6r vad man alls menar med synd och ondska. Likas\u00e5 formar det synen p\u00e5 vad fr\u00e4lsning inneb\u00e4r. <\/p>\n\n\n\n<p>Jesus ser helt klart annorlunda p\u00e5 saken. Han kommer visserligen p\u00e5 kant med den politiska makten och blir korsf\u00e4st av Rom men han har hela tiden en st\u00f6rre syn p\u00e5 det hela. Han ska fr\u00e4lsa fr\u00e5n alla synder. <\/p>\n\n\n\n<p>Kenneth Bailey p\u00e5minner om ett st\u00e4lle d\u00e4r Jesus f\u00e5r h\u00f6ra om hur Pilatus d\u00f6dat judar men inte svarar med ett f\u00f6rd\u00f6mande utan med att &#8221;om ni inte omv\u00e4nder er kommer det att g\u00e5 s\u00e5 ocks\u00e5 f\u00f6r er&#8221;. S\u00e5 vinner man inga popularitetspo\u00e4ng direkt. Jesus tycker det finns anledning till omv\u00e4ndelse f\u00f6r alla. <\/p>\n\n\n\n<p>Det \u00e4r mot andemakter och ondska, synd och d\u00f6d som Jesus k\u00e4mpar. Det \u00e4r dock inte alls s\u00e5 \u00f6verandligt som det l\u00e5ter i v\u00e5ra \u00f6ron. Man kan s\u00e4ga att hela v\u00e4rlden \u00e4r fast under ondskans v\u00e4lde och att detta manifesterar sig p\u00e5 en massa olika s\u00e4tt i konkreta och praktiska or\u00e4ttvisor och lidanden. Och vi \u00e4r alla lika fast i detta onda system, den f\u00f6rtryckte s\u00e5v\u00e4l som f\u00f6rtryckaren. Jesus har kommit som fr\u00e4lsare <strong>\u00e5t alla<\/strong>, f\u00f6r att \u00e5teruppr\u00e4tta Guds goda v\u00e4lde i v\u00e4rlden. F\u00f6r oss m\u00e4nniskor \u00e4r det f\u00f6rst\u00e5s sv\u00e5rt att h\u00f6ja blicken \u00f6ver det lidande vi sj\u00e4lva \u00e4r mitt i men Jesus har uppenbarligen f\u00f6rm\u00e5ga att h\u00f6ja blicken och g\u00e5 till roten p\u00e5 allt det onda. <\/p>\n\n\n\n<p>S\u00e5 det \u00e4r sant att Jesus ska r\u00e4dda oss fr\u00e5n v\u00e5ra fiender. Det \u00e4r bara det att han g\u00e5r till skurkarna p\u00e5 toppen. Alla andra ing\u00e5r i de han vill r\u00e4dda.<\/p>\n","protected":false},"excerpt":{"rendered":"<p>Jag har bloggat en del i julas om Jesus i sitt mellan\u00f6sterliga sammanhang (stort tack \u00e4ven denna g\u00e5ng till &#8221;Jesus throught middle eastern eyes&#8221;). Jag har en till sak d\u00e4r som g\u00e5r in i s\u00e5dant jag t\u00e4nkt p\u00e5 l\u00e4nge. Fr\u00e5gan \u00e4r, vad \u00e4r det f\u00f6r fr\u00e4lsning Jesus kommer med egentligen? Vem vill Jesus fr\u00e4lsa? Jesus [&hellip;]<\/p>\n","protected":false},"author":392,"featured_media":8475,"comment_status":"open","ping_status":"open","sticky":false,"template":"","format":"standard","meta":{"_acf_changed":false,"footnotes":""},"categories":[14252,81118,8298,8341,117],"tags":[],"class_list":["post-8473","post","type-post","status-publish","format-standard","has-post-thumbnail","hentry","category-bibel","category-bibelbocker","category-bibeln","category-jul","category-teologi"],"acf":[],"yoast_head":"<!-- This site is optimized with the Yoast SEO plugin v27.1.1 - https:\/\/yoast.com\/product\/yoast-seo-wordpress\/ -->\n<title>Vad kom Jesus f\u00f6r att r\u00e4dda fr\u00e5n? - Vandra V\u00e4gen<\/title>\n<meta name=\"robots\" content=\"index, follow, max-snippet:-1, max-image-preview:large, max-video-preview:-1\" \/>\n<link rel=\"canonical\" href=\"https:\/\/blogg.svenskakyrkan.se\/vandravagen\/2021\/02\/20\/vad-kom-jesus-for-att-radda-fran\/\" \/>\n<meta property=\"og:locale\" content=\"sv_SE\" \/>\n<meta property=\"og:type\" content=\"article\" \/>\n<meta property=\"og:title\" content=\"Vad kom Jesus f\u00f6r att r\u00e4dda fr\u00e5n? - Vandra V\u00e4gen\" \/>\n<meta property=\"og:description\" content=\"Jag har bloggat en del i julas om Jesus i sitt mellan\u00f6sterliga sammanhang (stort tack \u00e4ven denna g\u00e5ng till &#8221;Jesus throught middle eastern eyes&#8221;). Jag har en till sak d\u00e4r som g\u00e5r in i s\u00e5dant jag t\u00e4nkt p\u00e5 l\u00e4nge. Fr\u00e5gan \u00e4r, vad \u00e4r det f\u00f6r fr\u00e4lsning Jesus kommer med egentligen? Vem vill Jesus fr\u00e4lsa? Jesus [&hellip;]\" \/>\n<meta property=\"og:url\" content=\"https:\/\/blogg.svenskakyrkan.se\/vandravagen\/2021\/02\/20\/vad-kom-jesus-for-att-radda-fran\/\" \/>\n<meta property=\"og:site_name\" content=\"Vandra V\u00e4gen\" \/>\n<meta property=\"article:publisher\" content=\"http:\/\/facebook.com\/vandravagen\" \/>\n<meta property=\"article:published_time\" content=\"2021-02-20T06:00:12+00:00\" \/>\n<meta property=\"og:image\" content=\"https:\/\/blogg.svenskakyrkan.se\/vandravagen\/files\/2021\/02\/IMG_6698.png\" \/>\n\t<meta property=\"og:image:width\" content=\"623\" \/>\n\t<meta property=\"og:image:height\" content=\"753\" \/>\n\t<meta property=\"og:image:type\" content=\"image\/png\" \/>\n<meta name=\"author\" content=\"Tomas Jarvid\" \/>\n<meta name=\"twitter:card\" content=\"summary_large_image\" \/>\n<meta name=\"twitter:creator\" content=\"@fadertomas\" \/>\n<meta name=\"twitter:site\" content=\"@fadertomas\" \/>\n<meta name=\"twitter:label1\" content=\"Skriven av\" \/>\n\t<meta name=\"twitter:data1\" content=\"Tomas Jarvid\" \/>\n\t<meta name=\"twitter:label2\" content=\"Ber\u00e4knad l\u00e4stid\" \/>\n\t<meta name=\"twitter:data2\" content=\"3 minuter\" \/>\n<script type=\"application\/ld+json\" class=\"yoast-schema-graph\">{\"@context\":\"https:\/\/schema.org\",\"@graph\":[{\"@type\":\"Article\",\"@id\":\"https:\/\/blogg.svenskakyrkan.se\/vandravagen\/2021\/02\/20\/vad-kom-jesus-for-att-radda-fran\/#article\",\"isPartOf\":{\"@id\":\"https:\/\/blogg.svenskakyrkan.se\/vandravagen\/2021\/02\/20\/vad-kom-jesus-for-att-radda-fran\/\"},\"author\":{\"name\":\"Tomas Jarvid\",\"@id\":\"https:\/\/blogg.svenskakyrkan.se\/vandravagen\/#\/schema\/person\/25da02d4f76b137d04291711e2c9fc16\"},\"headline\":\"Vad kom Jesus f\u00f6r att r\u00e4dda fr\u00e5n?\",\"datePublished\":\"2021-02-20T06:00:12+00:00\",\"mainEntityOfPage\":{\"@id\":\"https:\/\/blogg.svenskakyrkan.se\/vandravagen\/2021\/02\/20\/vad-kom-jesus-for-att-radda-fran\/\"},\"wordCount\":636,\"commentCount\":1,\"publisher\":{\"@id\":\"https:\/\/blogg.svenskakyrkan.se\/vandravagen\/#organization\"},\"image\":{\"@id\":\"https:\/\/blogg.svenskakyrkan.se\/vandravagen\/2021\/02\/20\/vad-kom-jesus-for-att-radda-fran\/#primaryimage\"},\"thumbnailUrl\":\"https:\/\/blogg.svenskakyrkan.se\/vandravagen\/files\/2021\/02\/IMG_6698.png\",\"articleSection\":[\"bibel\",\"bibelb\u00f6cker\",\"Bibeln\",\"jul\",\"Teologi\"],\"inLanguage\":\"sv-SE\",\"potentialAction\":[{\"@type\":\"CommentAction\",\"name\":\"Comment\",\"target\":[\"https:\/\/blogg.svenskakyrkan.se\/vandravagen\/2021\/02\/20\/vad-kom-jesus-for-att-radda-fran\/#respond\"]}]},{\"@type\":\"WebPage\",\"@id\":\"https:\/\/blogg.svenskakyrkan.se\/vandravagen\/2021\/02\/20\/vad-kom-jesus-for-att-radda-fran\/\",\"url\":\"https:\/\/blogg.svenskakyrkan.se\/vandravagen\/2021\/02\/20\/vad-kom-jesus-for-att-radda-fran\/\",\"name\":\"Vad kom Jesus f\u00f6r att r\u00e4dda fr\u00e5n? - Vandra V\u00e4gen\",\"isPartOf\":{\"@id\":\"https:\/\/blogg.svenskakyrkan.se\/vandravagen\/#website\"},\"primaryImageOfPage\":{\"@id\":\"https:\/\/blogg.svenskakyrkan.se\/vandravagen\/2021\/02\/20\/vad-kom-jesus-for-att-radda-fran\/#primaryimage\"},\"image\":{\"@id\":\"https:\/\/blogg.svenskakyrkan.se\/vandravagen\/2021\/02\/20\/vad-kom-jesus-for-att-radda-fran\/#primaryimage\"},\"thumbnailUrl\":\"https:\/\/blogg.svenskakyrkan.se\/vandravagen\/files\/2021\/02\/IMG_6698.png\",\"datePublished\":\"2021-02-20T06:00:12+00:00\",\"breadcrumb\":{\"@id\":\"https:\/\/blogg.svenskakyrkan.se\/vandravagen\/2021\/02\/20\/vad-kom-jesus-for-att-radda-fran\/#breadcrumb\"},\"inLanguage\":\"sv-SE\",\"potentialAction\":[{\"@type\":\"ReadAction\",\"target\":[\"https:\/\/blogg.svenskakyrkan.se\/vandravagen\/2021\/02\/20\/vad-kom-jesus-for-att-radda-fran\/\"]}]},{\"@type\":\"ImageObject\",\"inLanguage\":\"sv-SE\",\"@id\":\"https:\/\/blogg.svenskakyrkan.se\/vandravagen\/2021\/02\/20\/vad-kom-jesus-for-att-radda-fran\/#primaryimage\",\"url\":\"https:\/\/blogg.svenskakyrkan.se\/vandravagen\/files\/2021\/02\/IMG_6698.png\",\"contentUrl\":\"https:\/\/blogg.svenskakyrkan.se\/vandravagen\/files\/2021\/02\/IMG_6698.png\",\"width\":623,\"height\":753},{\"@type\":\"BreadcrumbList\",\"@id\":\"https:\/\/blogg.svenskakyrkan.se\/vandravagen\/2021\/02\/20\/vad-kom-jesus-for-att-radda-fran\/#breadcrumb\",\"itemListElement\":[{\"@type\":\"ListItem\",\"position\":1,\"name\":\"Hem\",\"item\":\"https:\/\/blogg.svenskakyrkan.se\/vandravagen\/\"},{\"@type\":\"ListItem\",\"position\":2,\"name\":\"Vad kom Jesus f\u00f6r att r\u00e4dda fr\u00e5n?\"}]},{\"@type\":\"WebSite\",\"@id\":\"https:\/\/blogg.svenskakyrkan.se\/vandravagen\/#website\",\"url\":\"https:\/\/blogg.svenskakyrkan.se\/vandravagen\/\",\"name\":\"Vandra V\u00e4gen\",\"description\":\"-Mot en tro f\u00f6r hela livet\",\"publisher\":{\"@id\":\"https:\/\/blogg.svenskakyrkan.se\/vandravagen\/#organization\"},\"potentialAction\":[{\"@type\":\"SearchAction\",\"target\":{\"@type\":\"EntryPoint\",\"urlTemplate\":\"https:\/\/blogg.svenskakyrkan.se\/vandravagen\/?s={search_term_string}\"},\"query-input\":{\"@type\":\"PropertyValueSpecification\",\"valueRequired\":true,\"valueName\":\"search_term_string\"}}],\"inLanguage\":\"sv-SE\"},{\"@type\":\"Organization\",\"@id\":\"https:\/\/blogg.svenskakyrkan.se\/vandravagen\/#organization\",\"name\":\"ulricehamns pastorat\",\"alternateName\":\"ulricehamns pastorat\",\"url\":\"https:\/\/blogg.svenskakyrkan.se\/vandravagen\/\",\"logo\":{\"@type\":\"ImageObject\",\"inLanguage\":\"sv-SE\",\"@id\":\"https:\/\/blogg.svenskakyrkan.se\/vandravagen\/#\/schema\/logo\/image\/\",\"url\":\"https:\/\/blogg.svenskakyrkan.se\/vandravagen\/files\/2023\/05\/Ulr_logo_RGB.png\",\"contentUrl\":\"https:\/\/blogg.svenskakyrkan.se\/vandravagen\/files\/2023\/05\/Ulr_logo_RGB.png\",\"width\":205,\"height\":77,\"caption\":\"ulricehamns pastorat\"},\"image\":{\"@id\":\"https:\/\/blogg.svenskakyrkan.se\/vandravagen\/#\/schema\/logo\/image\/\"},\"sameAs\":[\"http:\/\/facebook.com\/vandravagen\",\"https:\/\/x.com\/fadertomas\",\"http:\/\/www.facebook.com\/svenskakyrkaniulricehamn\"]},{\"@type\":\"Person\",\"@id\":\"https:\/\/blogg.svenskakyrkan.se\/vandravagen\/#\/schema\/person\/25da02d4f76b137d04291711e2c9fc16\",\"name\":\"Tomas Jarvid\",\"image\":{\"@type\":\"ImageObject\",\"inLanguage\":\"sv-SE\",\"@id\":\"https:\/\/blogg.svenskakyrkan.se\/vandravagen\/#\/schema\/person\/image\/\",\"url\":\"https:\/\/secure.gravatar.com\/avatar\/7fa71899795e8f540f615a1f5ab25255dc27aa40f05ee7ddd21aac521e01bf50?s=96&d=identicon&r=g\",\"contentUrl\":\"https:\/\/secure.gravatar.com\/avatar\/7fa71899795e8f540f615a1f5ab25255dc27aa40f05ee7ddd21aac521e01bf50?s=96&d=identicon&r=g\",\"caption\":\"Tomas Jarvid\"},\"description\":\"Jag bor i Ulricehamn i V\u00e4sterg\u00f6tland och \u00e4r f\u00f6rsamlingspr\u00e4st i Svenska Kyrkan f\u00f6r Dalstorps f\u00f6rsamling i Kinds pastorat. P\u00e5 den h\u00e4r bloggen skriver jag ner tankar om vandringen som kristen.\",\"sameAs\":[\"http:\/\/www.vandravagen.se\"],\"url\":\"https:\/\/blogg.svenskakyrkan.se\/vandravagen\/author\/vandravagen\/\"}]}<\/script>\n<!-- \/ Yoast SEO plugin. -->","yoast_head_json":{"title":"Vad kom Jesus f\u00f6r att r\u00e4dda fr\u00e5n? - Vandra V\u00e4gen","robots":{"index":"index","follow":"follow","max-snippet":"max-snippet:-1","max-image-preview":"max-image-preview:large","max-video-preview":"max-video-preview:-1"},"canonical":"https:\/\/blogg.svenskakyrkan.se\/vandravagen\/2021\/02\/20\/vad-kom-jesus-for-att-radda-fran\/","og_locale":"sv_SE","og_type":"article","og_title":"Vad kom Jesus f\u00f6r att r\u00e4dda fr\u00e5n? - Vandra V\u00e4gen","og_description":"Jag har bloggat en del i julas om Jesus i sitt mellan\u00f6sterliga sammanhang (stort tack \u00e4ven denna g\u00e5ng till &#8221;Jesus throught middle eastern eyes&#8221;). Jag har en till sak d\u00e4r som g\u00e5r in i s\u00e5dant jag t\u00e4nkt p\u00e5 l\u00e4nge. Fr\u00e5gan \u00e4r, vad \u00e4r det f\u00f6r fr\u00e4lsning Jesus kommer med egentligen? Vem vill Jesus fr\u00e4lsa? Jesus [&hellip;]","og_url":"https:\/\/blogg.svenskakyrkan.se\/vandravagen\/2021\/02\/20\/vad-kom-jesus-for-att-radda-fran\/","og_site_name":"Vandra V\u00e4gen","article_publisher":"http:\/\/facebook.com\/vandravagen","article_published_time":"2021-02-20T06:00:12+00:00","og_image":[{"width":623,"height":753,"url":"https:\/\/blogg.svenskakyrkan.se\/vandravagen\/files\/2021\/02\/IMG_6698.png","type":"image\/png"}],"author":"Tomas Jarvid","twitter_card":"summary_large_image","twitter_creator":"@fadertomas","twitter_site":"@fadertomas","twitter_misc":{"Skriven av":"Tomas Jarvid","Ber\u00e4knad l\u00e4stid":"3 minuter"},"schema":{"@context":"https:\/\/schema.org","@graph":[{"@type":"Article","@id":"https:\/\/blogg.svenskakyrkan.se\/vandravagen\/2021\/02\/20\/vad-kom-jesus-for-att-radda-fran\/#article","isPartOf":{"@id":"https:\/\/blogg.svenskakyrkan.se\/vandravagen\/2021\/02\/20\/vad-kom-jesus-for-att-radda-fran\/"},"author":{"name":"Tomas Jarvid","@id":"https:\/\/blogg.svenskakyrkan.se\/vandravagen\/#\/schema\/person\/25da02d4f76b137d04291711e2c9fc16"},"headline":"Vad kom Jesus f\u00f6r att r\u00e4dda fr\u00e5n?","datePublished":"2021-02-20T06:00:12+00:00","mainEntityOfPage":{"@id":"https:\/\/blogg.svenskakyrkan.se\/vandravagen\/2021\/02\/20\/vad-kom-jesus-for-att-radda-fran\/"},"wordCount":636,"commentCount":1,"publisher":{"@id":"https:\/\/blogg.svenskakyrkan.se\/vandravagen\/#organization"},"image":{"@id":"https:\/\/blogg.svenskakyrkan.se\/vandravagen\/2021\/02\/20\/vad-kom-jesus-for-att-radda-fran\/#primaryimage"},"thumbnailUrl":"https:\/\/blogg.svenskakyrkan.se\/vandravagen\/files\/2021\/02\/IMG_6698.png","articleSection":["bibel","bibelb\u00f6cker","Bibeln","jul","Teologi"],"inLanguage":"sv-SE","potentialAction":[{"@type":"CommentAction","name":"Comment","target":["https:\/\/blogg.svenskakyrkan.se\/vandravagen\/2021\/02\/20\/vad-kom-jesus-for-att-radda-fran\/#respond"]}]},{"@type":"WebPage","@id":"https:\/\/blogg.svenskakyrkan.se\/vandravagen\/2021\/02\/20\/vad-kom-jesus-for-att-radda-fran\/","url":"https:\/\/blogg.svenskakyrkan.se\/vandravagen\/2021\/02\/20\/vad-kom-jesus-for-att-radda-fran\/","name":"Vad kom Jesus f\u00f6r att r\u00e4dda fr\u00e5n? - Vandra V\u00e4gen","isPartOf":{"@id":"https:\/\/blogg.svenskakyrkan.se\/vandravagen\/#website"},"primaryImageOfPage":{"@id":"https:\/\/blogg.svenskakyrkan.se\/vandravagen\/2021\/02\/20\/vad-kom-jesus-for-att-radda-fran\/#primaryimage"},"image":{"@id":"https:\/\/blogg.svenskakyrkan.se\/vandravagen\/2021\/02\/20\/vad-kom-jesus-for-att-radda-fran\/#primaryimage"},"thumbnailUrl":"https:\/\/blogg.svenskakyrkan.se\/vandravagen\/files\/2021\/02\/IMG_6698.png","datePublished":"2021-02-20T06:00:12+00:00","breadcrumb":{"@id":"https:\/\/blogg.svenskakyrkan.se\/vandravagen\/2021\/02\/20\/vad-kom-jesus-for-att-radda-fran\/#breadcrumb"},"inLanguage":"sv-SE","potentialAction":[{"@type":"ReadAction","target":["https:\/\/blogg.svenskakyrkan.se\/vandravagen\/2021\/02\/20\/vad-kom-jesus-for-att-radda-fran\/"]}]},{"@type":"ImageObject","inLanguage":"sv-SE","@id":"https:\/\/blogg.svenskakyrkan.se\/vandravagen\/2021\/02\/20\/vad-kom-jesus-for-att-radda-fran\/#primaryimage","url":"https:\/\/blogg.svenskakyrkan.se\/vandravagen\/files\/2021\/02\/IMG_6698.png","contentUrl":"https:\/\/blogg.svenskakyrkan.se\/vandravagen\/files\/2021\/02\/IMG_6698.png","width":623,"height":753},{"@type":"BreadcrumbList","@id":"https:\/\/blogg.svenskakyrkan.se\/vandravagen\/2021\/02\/20\/vad-kom-jesus-for-att-radda-fran\/#breadcrumb","itemListElement":[{"@type":"ListItem","position":1,"name":"Hem","item":"https:\/\/blogg.svenskakyrkan.se\/vandravagen\/"},{"@type":"ListItem","position":2,"name":"Vad kom Jesus f\u00f6r att r\u00e4dda fr\u00e5n?"}]},{"@type":"WebSite","@id":"https:\/\/blogg.svenskakyrkan.se\/vandravagen\/#website","url":"https:\/\/blogg.svenskakyrkan.se\/vandravagen\/","name":"Vandra V\u00e4gen","description":"-Mot en tro f\u00f6r hela livet","publisher":{"@id":"https:\/\/blogg.svenskakyrkan.se\/vandravagen\/#organization"},"potentialAction":[{"@type":"SearchAction","target":{"@type":"EntryPoint","urlTemplate":"https:\/\/blogg.svenskakyrkan.se\/vandravagen\/?s={search_term_string}"},"query-input":{"@type":"PropertyValueSpecification","valueRequired":true,"valueName":"search_term_string"}}],"inLanguage":"sv-SE"},{"@type":"Organization","@id":"https:\/\/blogg.svenskakyrkan.se\/vandravagen\/#organization","name":"ulricehamns pastorat","alternateName":"ulricehamns pastorat","url":"https:\/\/blogg.svenskakyrkan.se\/vandravagen\/","logo":{"@type":"ImageObject","inLanguage":"sv-SE","@id":"https:\/\/blogg.svenskakyrkan.se\/vandravagen\/#\/schema\/logo\/image\/","url":"https:\/\/blogg.svenskakyrkan.se\/vandravagen\/files\/2023\/05\/Ulr_logo_RGB.png","contentUrl":"https:\/\/blogg.svenskakyrkan.se\/vandravagen\/files\/2023\/05\/Ulr_logo_RGB.png","width":205,"height":77,"caption":"ulricehamns pastorat"},"image":{"@id":"https:\/\/blogg.svenskakyrkan.se\/vandravagen\/#\/schema\/logo\/image\/"},"sameAs":["http:\/\/facebook.com\/vandravagen","https:\/\/x.com\/fadertomas","http:\/\/www.facebook.com\/svenskakyrkaniulricehamn"]},{"@type":"Person","@id":"https:\/\/blogg.svenskakyrkan.se\/vandravagen\/#\/schema\/person\/25da02d4f76b137d04291711e2c9fc16","name":"Tomas Jarvid","image":{"@type":"ImageObject","inLanguage":"sv-SE","@id":"https:\/\/blogg.svenskakyrkan.se\/vandravagen\/#\/schema\/person\/image\/","url":"https:\/\/secure.gravatar.com\/avatar\/7fa71899795e8f540f615a1f5ab25255dc27aa40f05ee7ddd21aac521e01bf50?s=96&d=identicon&r=g","contentUrl":"https:\/\/secure.gravatar.com\/avatar\/7fa71899795e8f540f615a1f5ab25255dc27aa40f05ee7ddd21aac521e01bf50?s=96&d=identicon&r=g","caption":"Tomas Jarvid"},"description":"Jag bor i Ulricehamn i V\u00e4sterg\u00f6tland och \u00e4r f\u00f6rsamlingspr\u00e4st i Svenska Kyrkan f\u00f6r Dalstorps f\u00f6rsamling i Kinds pastorat. P\u00e5 den h\u00e4r bloggen skriver jag ner tankar om vandringen som kristen.","sameAs":["http:\/\/www.vandravagen.se"],"url":"https:\/\/blogg.svenskakyrkan.se\/vandravagen\/author\/vandravagen\/"}]}},"author_meta":{"ID":"392","user_nicename":"vandravagen","user_url":"http:\/\/www.vandravagen.se","user_registered":"2014-05-19 05:44:52","display_name":"Tomas Jarvid","first_name":"Tomas","last_name":"Jarvid","avatar":"https:\/\/secure.gravatar.com\/avatar\/7fa71899795e8f540f615a1f5ab25255dc27aa40f05ee7ddd21aac521e01bf50?s=96&d=identicon&r=g"},"featured_image":["https:\/\/blogg.svenskakyrkan.se\/vandravagen\/files\/2021\/02\/IMG_6698.png",623,753,false],"bloginfo":{"name":"Vandra V\u00e4gen","url":"https:\/\/blogg.svenskakyrkan.se\/vandravagen"},"_links":{"self":[{"href":"https:\/\/blogg.svenskakyrkan.se\/vandravagen\/wp-json\/wp\/v2\/posts\/8473","targetHints":{"allow":["GET"]}}],"collection":[{"href":"https:\/\/blogg.svenskakyrkan.se\/vandravagen\/wp-json\/wp\/v2\/posts"}],"about":[{"href":"https:\/\/blogg.svenskakyrkan.se\/vandravagen\/wp-json\/wp\/v2\/types\/post"}],"author":[{"embeddable":true,"href":"https:\/\/blogg.svenskakyrkan.se\/vandravagen\/wp-json\/wp\/v2\/users\/392"}],"replies":[{"embeddable":true,"href":"https:\/\/blogg.svenskakyrkan.se\/vandravagen\/wp-json\/wp\/v2\/comments?post=8473"}],"version-history":[{"count":2,"href":"https:\/\/blogg.svenskakyrkan.se\/vandravagen\/wp-json\/wp\/v2\/posts\/8473\/revisions"}],"predecessor-version":[{"id":8476,"href":"https:\/\/blogg.svenskakyrkan.se\/vandravagen\/wp-json\/wp\/v2\/posts\/8473\/revisions\/8476"}],"wp:featuredmedia":[{"embeddable":true,"href":"https:\/\/blogg.svenskakyrkan.se\/vandravagen\/wp-json\/wp\/v2\/media\/8475"}],"wp:attachment":[{"href":"https:\/\/blogg.svenskakyrkan.se\/vandravagen\/wp-json\/wp\/v2\/media?parent=8473"}],"wp:term":[{"taxonomy":"category","embeddable":true,"href":"https:\/\/blogg.svenskakyrkan.se\/vandravagen\/wp-json\/wp\/v2\/categories?post=8473"},{"taxonomy":"post_tag","embeddable":true,"href":"https:\/\/blogg.svenskakyrkan.se\/vandravagen\/wp-json\/wp\/v2\/tags?post=8473"}],"curies":[{"name":"wp","href":"https:\/\/api.w.org\/{rel}","templated":true}]}}