{"id":848,"date":"2012-11-26T17:26:00","date_gmt":"2012-11-26T16:26:00","guid":{"rendered":"http:\/\/blogg.svenskakyrkan.se\/vandravagen\/2012\/11\/26\/detta-forestaller-bilden\/"},"modified":"2012-11-26T17:26:00","modified_gmt":"2012-11-26T16:26:00","slug":"detta-forestaller-bilden","status":"publish","type":"post","link":"https:\/\/blogg.svenskakyrkan.se\/vandravagen\/2012\/11\/26\/detta-forestaller-bilden\/","title":{"rendered":"Detta f\u00f6rest\u00e4ller bilden!"},"content":{"rendered":"<div><a href=\"http:\/\/3.bp.blogspot.com\/-AWkqtgEHWeE\/UJujDKxWhZI\/AAAAAAAAA90\/n7zAMUhUPf4\/s1600\/blogger-image-618966427.jpg\"><img loading=\"lazy\" decoding=\"async\" border=\"0\" height=\"400\" src=\"http:\/\/3.bp.blogspot.com\/-AWkqtgEHWeE\/UJujDKxWhZI\/AAAAAAAAA90\/n7zAMUhUPf4\/s400\/blogger-image-618966427.jpg\" width=\"308\"><\/a><\/div>\n<div><\/div>\n<div>Jag ber s\u00e5 hemskt mycket om urs\u00e4kt att jag verkat gl\u00f6mma bort att ge det r\u00e4tta svaret p\u00e5 den sista i raden av bildg\u00e5tor f\u00f6r den h\u00e4r g\u00e5ngen. Jag m\u00e5ste ha t\u00e4nkt att det var klart n\u00e4r sista bilden var utlagd. N\u00e5v\u00e4l, Urban och Rosa kammar hem \u00e4ran av att ha svarat r\u00e4tt. Bilden f\u00f6rest\u00e4ller Simson i domarboken och hans k\u00e4resta Delila. Nu var det kanske inte n\u00e5gon speciellt trygg och bra relation de hade eftersom Delila hela tiden f\u00f6rs\u00f6kte f\u00f6rr\u00e5da Simson till hans fiender genom att komma p\u00e5 och undanr\u00f6ja det som var k\u00e4llan till hans styrka.<\/div>\n<div><\/div>\n<div>P\u00e5 bilden g\u00f6r hon n\u00e5got av sina misslyckade f\u00f6rs\u00f6k, det var ju i h\u00e5ret Simsons styrka satt. Jag skrev nyss lite om h\u00e5r hos Simson och andra &#8221;nasirer&#8221; (l\u00e4s &#8221;<a href=\"http:\/\/vagenixp.blogspot.se\/2012\/11\/nyklippt-med-nagra-langsokta.html\">Nyklippt och n\u00e5gra l\u00e5ngs\u00f6kta bibelreferenser<\/a>&#8221;). L\u00e4s g\u00e4rna hela historien om Simson i domarboken kapitel 13-16. En sp\u00e4nnande och p\u00e5 m\u00e5nga s\u00e4tt f\u00f6rbryllande historia.<\/div>\n<div><\/div>\n<div>Nu var d\u00e5 denna omg\u00e5ng med bildg\u00e5tor avslutad. Bilderna \u00e4r h\u00e4mtade fr\u00e5n ett f\u00f6rr\u00e5d med barnbiblar jag sprang p\u00e5. Vi f\u00e5r se n\u00e4r och hur det blir med forts\u00e4ttningen p\u00e5 serien.<\/div>\n<div><\/div><\/p>\n","protected":false},"excerpt":{"rendered":"<p>Jag ber s\u00e5 hemskt mycket om urs\u00e4kt att jag verkat gl\u00f6mma bort att ge det r\u00e4tta svaret p\u00e5 den sista i raden av bildg\u00e5tor f\u00f6r den h\u00e4r g\u00e5ngen. Jag m\u00e5ste ha t\u00e4nkt att det var klart n\u00e4r sista bilden var utlagd. N\u00e5v\u00e4l, Urban och Rosa kammar hem \u00e4ran av att ha svarat r\u00e4tt. Bilden f\u00f6rest\u00e4ller [&hellip;]<\/p>\n","protected":false},"author":392,"featured_media":0,"comment_status":"open","ping_status":"open","sticky":false,"template":"","format":"standard","meta":{"_acf_changed":false,"footnotes":""},"categories":[56],"tags":[],"class_list":["post-848","post","type-post","status-publish","format-standard","hentry","category-bilder"],"acf":[],"yoast_head":"<!-- This site is optimized with the Yoast SEO plugin v27.1.1 - https:\/\/yoast.com\/product\/yoast-seo-wordpress\/ -->\n<title>Detta f\u00f6rest\u00e4ller bilden! - Vandra V\u00e4gen<\/title>\n<meta name=\"robots\" content=\"index, follow, max-snippet:-1, max-image-preview:large, max-video-preview:-1\" \/>\n<link rel=\"canonical\" href=\"https:\/\/blogg.svenskakyrkan.se\/vandravagen\/2012\/11\/26\/detta-forestaller-bilden\/\" \/>\n<meta property=\"og:locale\" content=\"sv_SE\" \/>\n<meta property=\"og:type\" content=\"article\" \/>\n<meta property=\"og:title\" content=\"Detta f\u00f6rest\u00e4ller bilden! - Vandra V\u00e4gen\" \/>\n<meta property=\"og:description\" content=\"Jag ber s\u00e5 hemskt mycket om urs\u00e4kt att jag verkat gl\u00f6mma bort att ge det r\u00e4tta svaret p\u00e5 den sista i raden av bildg\u00e5tor f\u00f6r den h\u00e4r g\u00e5ngen. Jag m\u00e5ste ha t\u00e4nkt att det var klart n\u00e4r sista bilden var utlagd. N\u00e5v\u00e4l, Urban och Rosa kammar hem \u00e4ran av att ha svarat r\u00e4tt. Bilden f\u00f6rest\u00e4ller [&hellip;]\" \/>\n<meta property=\"og:url\" content=\"https:\/\/blogg.svenskakyrkan.se\/vandravagen\/2012\/11\/26\/detta-forestaller-bilden\/\" \/>\n<meta property=\"og:site_name\" content=\"Vandra V\u00e4gen\" \/>\n<meta property=\"article:publisher\" content=\"http:\/\/facebook.com\/vandravagen\" \/>\n<meta property=\"article:published_time\" content=\"2012-11-26T16:26:00+00:00\" \/>\n<meta property=\"og:image\" content=\"http:\/\/3.bp.blogspot.com\/-AWkqtgEHWeE\/UJujDKxWhZI\/AAAAAAAAA90\/n7zAMUhUPf4\/s400\/blogger-image-618966427.jpg\" \/>\n<meta name=\"author\" content=\"Tomas Jarvid\" \/>\n<meta name=\"twitter:card\" content=\"summary_large_image\" \/>\n<meta name=\"twitter:creator\" content=\"@fadertomas\" \/>\n<meta name=\"twitter:site\" content=\"@fadertomas\" \/>\n<meta name=\"twitter:label1\" content=\"Skriven av\" \/>\n\t<meta name=\"twitter:data1\" content=\"Tomas Jarvid\" \/>\n\t<meta name=\"twitter:label2\" content=\"Ber\u00e4knad l\u00e4stid\" \/>\n\t<meta name=\"twitter:data2\" content=\"1 minut\" \/>\n<script type=\"application\/ld+json\" class=\"yoast-schema-graph\">{\"@context\":\"https:\/\/schema.org\",\"@graph\":[{\"@type\":\"Article\",\"@id\":\"https:\/\/blogg.svenskakyrkan.se\/vandravagen\/2012\/11\/26\/detta-forestaller-bilden\/#article\",\"isPartOf\":{\"@id\":\"https:\/\/blogg.svenskakyrkan.se\/vandravagen\/2012\/11\/26\/detta-forestaller-bilden\/\"},\"author\":{\"name\":\"Tomas Jarvid\",\"@id\":\"https:\/\/blogg.svenskakyrkan.se\/vandravagen\/#\/schema\/person\/25da02d4f76b137d04291711e2c9fc16\"},\"headline\":\"Detta f\u00f6rest\u00e4ller bilden!\",\"datePublished\":\"2012-11-26T16:26:00+00:00\",\"mainEntityOfPage\":{\"@id\":\"https:\/\/blogg.svenskakyrkan.se\/vandravagen\/2012\/11\/26\/detta-forestaller-bilden\/\"},\"wordCount\":234,\"commentCount\":0,\"publisher\":{\"@id\":\"https:\/\/blogg.svenskakyrkan.se\/vandravagen\/#organization\"},\"image\":{\"@id\":\"https:\/\/blogg.svenskakyrkan.se\/vandravagen\/2012\/11\/26\/detta-forestaller-bilden\/#primaryimage\"},\"thumbnailUrl\":\"http:\/\/3.bp.blogspot.com\/-AWkqtgEHWeE\/UJujDKxWhZI\/AAAAAAAAA90\/n7zAMUhUPf4\/s400\/blogger-image-618966427.jpg\",\"articleSection\":[\"bilder\"],\"inLanguage\":\"sv-SE\",\"potentialAction\":[{\"@type\":\"CommentAction\",\"name\":\"Comment\",\"target\":[\"https:\/\/blogg.svenskakyrkan.se\/vandravagen\/2012\/11\/26\/detta-forestaller-bilden\/#respond\"]}]},{\"@type\":\"WebPage\",\"@id\":\"https:\/\/blogg.svenskakyrkan.se\/vandravagen\/2012\/11\/26\/detta-forestaller-bilden\/\",\"url\":\"https:\/\/blogg.svenskakyrkan.se\/vandravagen\/2012\/11\/26\/detta-forestaller-bilden\/\",\"name\":\"Detta f\u00f6rest\u00e4ller bilden! - Vandra V\u00e4gen\",\"isPartOf\":{\"@id\":\"https:\/\/blogg.svenskakyrkan.se\/vandravagen\/#website\"},\"primaryImageOfPage\":{\"@id\":\"https:\/\/blogg.svenskakyrkan.se\/vandravagen\/2012\/11\/26\/detta-forestaller-bilden\/#primaryimage\"},\"image\":{\"@id\":\"https:\/\/blogg.svenskakyrkan.se\/vandravagen\/2012\/11\/26\/detta-forestaller-bilden\/#primaryimage\"},\"thumbnailUrl\":\"http:\/\/3.bp.blogspot.com\/-AWkqtgEHWeE\/UJujDKxWhZI\/AAAAAAAAA90\/n7zAMUhUPf4\/s400\/blogger-image-618966427.jpg\",\"datePublished\":\"2012-11-26T16:26:00+00:00\",\"breadcrumb\":{\"@id\":\"https:\/\/blogg.svenskakyrkan.se\/vandravagen\/2012\/11\/26\/detta-forestaller-bilden\/#breadcrumb\"},\"inLanguage\":\"sv-SE\",\"potentialAction\":[{\"@type\":\"ReadAction\",\"target\":[\"https:\/\/blogg.svenskakyrkan.se\/vandravagen\/2012\/11\/26\/detta-forestaller-bilden\/\"]}]},{\"@type\":\"ImageObject\",\"inLanguage\":\"sv-SE\",\"@id\":\"https:\/\/blogg.svenskakyrkan.se\/vandravagen\/2012\/11\/26\/detta-forestaller-bilden\/#primaryimage\",\"url\":\"http:\/\/3.bp.blogspot.com\/-AWkqtgEHWeE\/UJujDKxWhZI\/AAAAAAAAA90\/n7zAMUhUPf4\/s400\/blogger-image-618966427.jpg\",\"contentUrl\":\"http:\/\/3.bp.blogspot.com\/-AWkqtgEHWeE\/UJujDKxWhZI\/AAAAAAAAA90\/n7zAMUhUPf4\/s400\/blogger-image-618966427.jpg\"},{\"@type\":\"BreadcrumbList\",\"@id\":\"https:\/\/blogg.svenskakyrkan.se\/vandravagen\/2012\/11\/26\/detta-forestaller-bilden\/#breadcrumb\",\"itemListElement\":[{\"@type\":\"ListItem\",\"position\":1,\"name\":\"Hem\",\"item\":\"https:\/\/blogg.svenskakyrkan.se\/vandravagen\/\"},{\"@type\":\"ListItem\",\"position\":2,\"name\":\"Detta f\u00f6rest\u00e4ller bilden!\"}]},{\"@type\":\"WebSite\",\"@id\":\"https:\/\/blogg.svenskakyrkan.se\/vandravagen\/#website\",\"url\":\"https:\/\/blogg.svenskakyrkan.se\/vandravagen\/\",\"name\":\"Vandra V\u00e4gen\",\"description\":\"-Mot en tro f\u00f6r hela livet\",\"publisher\":{\"@id\":\"https:\/\/blogg.svenskakyrkan.se\/vandravagen\/#organization\"},\"potentialAction\":[{\"@type\":\"SearchAction\",\"target\":{\"@type\":\"EntryPoint\",\"urlTemplate\":\"https:\/\/blogg.svenskakyrkan.se\/vandravagen\/?s={search_term_string}\"},\"query-input\":{\"@type\":\"PropertyValueSpecification\",\"valueRequired\":true,\"valueName\":\"search_term_string\"}}],\"inLanguage\":\"sv-SE\"},{\"@type\":\"Organization\",\"@id\":\"https:\/\/blogg.svenskakyrkan.se\/vandravagen\/#organization\",\"name\":\"ulricehamns pastorat\",\"alternateName\":\"ulricehamns pastorat\",\"url\":\"https:\/\/blogg.svenskakyrkan.se\/vandravagen\/\",\"logo\":{\"@type\":\"ImageObject\",\"inLanguage\":\"sv-SE\",\"@id\":\"https:\/\/blogg.svenskakyrkan.se\/vandravagen\/#\/schema\/logo\/image\/\",\"url\":\"https:\/\/blogg.svenskakyrkan.se\/vandravagen\/files\/2023\/05\/Ulr_logo_RGB.png\",\"contentUrl\":\"https:\/\/blogg.svenskakyrkan.se\/vandravagen\/files\/2023\/05\/Ulr_logo_RGB.png\",\"width\":205,\"height\":77,\"caption\":\"ulricehamns pastorat\"},\"image\":{\"@id\":\"https:\/\/blogg.svenskakyrkan.se\/vandravagen\/#\/schema\/logo\/image\/\"},\"sameAs\":[\"http:\/\/facebook.com\/vandravagen\",\"https:\/\/x.com\/fadertomas\",\"http:\/\/www.facebook.com\/svenskakyrkaniulricehamn\"]},{\"@type\":\"Person\",\"@id\":\"https:\/\/blogg.svenskakyrkan.se\/vandravagen\/#\/schema\/person\/25da02d4f76b137d04291711e2c9fc16\",\"name\":\"Tomas Jarvid\",\"image\":{\"@type\":\"ImageObject\",\"inLanguage\":\"sv-SE\",\"@id\":\"https:\/\/blogg.svenskakyrkan.se\/vandravagen\/#\/schema\/person\/image\/\",\"url\":\"https:\/\/secure.gravatar.com\/avatar\/7fa71899795e8f540f615a1f5ab25255dc27aa40f05ee7ddd21aac521e01bf50?s=96&d=identicon&r=g\",\"contentUrl\":\"https:\/\/secure.gravatar.com\/avatar\/7fa71899795e8f540f615a1f5ab25255dc27aa40f05ee7ddd21aac521e01bf50?s=96&d=identicon&r=g\",\"caption\":\"Tomas Jarvid\"},\"description\":\"Jag bor i Ulricehamn i V\u00e4sterg\u00f6tland och \u00e4r f\u00f6rsamlingspr\u00e4st i Svenska Kyrkan f\u00f6r Dalstorps f\u00f6rsamling i Kinds pastorat. P\u00e5 den h\u00e4r bloggen skriver jag ner tankar om vandringen som kristen.\",\"sameAs\":[\"http:\/\/www.vandravagen.se\"],\"url\":\"https:\/\/blogg.svenskakyrkan.se\/vandravagen\/author\/vandravagen\/\"}]}<\/script>\n<!-- \/ Yoast SEO plugin. -->","yoast_head_json":{"title":"Detta f\u00f6rest\u00e4ller bilden! - Vandra V\u00e4gen","robots":{"index":"index","follow":"follow","max-snippet":"max-snippet:-1","max-image-preview":"max-image-preview:large","max-video-preview":"max-video-preview:-1"},"canonical":"https:\/\/blogg.svenskakyrkan.se\/vandravagen\/2012\/11\/26\/detta-forestaller-bilden\/","og_locale":"sv_SE","og_type":"article","og_title":"Detta f\u00f6rest\u00e4ller bilden! - Vandra V\u00e4gen","og_description":"Jag ber s\u00e5 hemskt mycket om urs\u00e4kt att jag verkat gl\u00f6mma bort att ge det r\u00e4tta svaret p\u00e5 den sista i raden av bildg\u00e5tor f\u00f6r den h\u00e4r g\u00e5ngen. Jag m\u00e5ste ha t\u00e4nkt att det var klart n\u00e4r sista bilden var utlagd. N\u00e5v\u00e4l, Urban och Rosa kammar hem \u00e4ran av att ha svarat r\u00e4tt. Bilden f\u00f6rest\u00e4ller [&hellip;]","og_url":"https:\/\/blogg.svenskakyrkan.se\/vandravagen\/2012\/11\/26\/detta-forestaller-bilden\/","og_site_name":"Vandra V\u00e4gen","article_publisher":"http:\/\/facebook.com\/vandravagen","article_published_time":"2012-11-26T16:26:00+00:00","og_image":[{"url":"http:\/\/3.bp.blogspot.com\/-AWkqtgEHWeE\/UJujDKxWhZI\/AAAAAAAAA90\/n7zAMUhUPf4\/s400\/blogger-image-618966427.jpg","type":"","width":"","height":""}],"author":"Tomas Jarvid","twitter_card":"summary_large_image","twitter_creator":"@fadertomas","twitter_site":"@fadertomas","twitter_misc":{"Skriven av":"Tomas Jarvid","Ber\u00e4knad l\u00e4stid":"1 minut"},"schema":{"@context":"https:\/\/schema.org","@graph":[{"@type":"Article","@id":"https:\/\/blogg.svenskakyrkan.se\/vandravagen\/2012\/11\/26\/detta-forestaller-bilden\/#article","isPartOf":{"@id":"https:\/\/blogg.svenskakyrkan.se\/vandravagen\/2012\/11\/26\/detta-forestaller-bilden\/"},"author":{"name":"Tomas Jarvid","@id":"https:\/\/blogg.svenskakyrkan.se\/vandravagen\/#\/schema\/person\/25da02d4f76b137d04291711e2c9fc16"},"headline":"Detta f\u00f6rest\u00e4ller bilden!","datePublished":"2012-11-26T16:26:00+00:00","mainEntityOfPage":{"@id":"https:\/\/blogg.svenskakyrkan.se\/vandravagen\/2012\/11\/26\/detta-forestaller-bilden\/"},"wordCount":234,"commentCount":0,"publisher":{"@id":"https:\/\/blogg.svenskakyrkan.se\/vandravagen\/#organization"},"image":{"@id":"https:\/\/blogg.svenskakyrkan.se\/vandravagen\/2012\/11\/26\/detta-forestaller-bilden\/#primaryimage"},"thumbnailUrl":"http:\/\/3.bp.blogspot.com\/-AWkqtgEHWeE\/UJujDKxWhZI\/AAAAAAAAA90\/n7zAMUhUPf4\/s400\/blogger-image-618966427.jpg","articleSection":["bilder"],"inLanguage":"sv-SE","potentialAction":[{"@type":"CommentAction","name":"Comment","target":["https:\/\/blogg.svenskakyrkan.se\/vandravagen\/2012\/11\/26\/detta-forestaller-bilden\/#respond"]}]},{"@type":"WebPage","@id":"https:\/\/blogg.svenskakyrkan.se\/vandravagen\/2012\/11\/26\/detta-forestaller-bilden\/","url":"https:\/\/blogg.svenskakyrkan.se\/vandravagen\/2012\/11\/26\/detta-forestaller-bilden\/","name":"Detta f\u00f6rest\u00e4ller bilden! - Vandra V\u00e4gen","isPartOf":{"@id":"https:\/\/blogg.svenskakyrkan.se\/vandravagen\/#website"},"primaryImageOfPage":{"@id":"https:\/\/blogg.svenskakyrkan.se\/vandravagen\/2012\/11\/26\/detta-forestaller-bilden\/#primaryimage"},"image":{"@id":"https:\/\/blogg.svenskakyrkan.se\/vandravagen\/2012\/11\/26\/detta-forestaller-bilden\/#primaryimage"},"thumbnailUrl":"http:\/\/3.bp.blogspot.com\/-AWkqtgEHWeE\/UJujDKxWhZI\/AAAAAAAAA90\/n7zAMUhUPf4\/s400\/blogger-image-618966427.jpg","datePublished":"2012-11-26T16:26:00+00:00","breadcrumb":{"@id":"https:\/\/blogg.svenskakyrkan.se\/vandravagen\/2012\/11\/26\/detta-forestaller-bilden\/#breadcrumb"},"inLanguage":"sv-SE","potentialAction":[{"@type":"ReadAction","target":["https:\/\/blogg.svenskakyrkan.se\/vandravagen\/2012\/11\/26\/detta-forestaller-bilden\/"]}]},{"@type":"ImageObject","inLanguage":"sv-SE","@id":"https:\/\/blogg.svenskakyrkan.se\/vandravagen\/2012\/11\/26\/detta-forestaller-bilden\/#primaryimage","url":"http:\/\/3.bp.blogspot.com\/-AWkqtgEHWeE\/UJujDKxWhZI\/AAAAAAAAA90\/n7zAMUhUPf4\/s400\/blogger-image-618966427.jpg","contentUrl":"http:\/\/3.bp.blogspot.com\/-AWkqtgEHWeE\/UJujDKxWhZI\/AAAAAAAAA90\/n7zAMUhUPf4\/s400\/blogger-image-618966427.jpg"},{"@type":"BreadcrumbList","@id":"https:\/\/blogg.svenskakyrkan.se\/vandravagen\/2012\/11\/26\/detta-forestaller-bilden\/#breadcrumb","itemListElement":[{"@type":"ListItem","position":1,"name":"Hem","item":"https:\/\/blogg.svenskakyrkan.se\/vandravagen\/"},{"@type":"ListItem","position":2,"name":"Detta f\u00f6rest\u00e4ller bilden!"}]},{"@type":"WebSite","@id":"https:\/\/blogg.svenskakyrkan.se\/vandravagen\/#website","url":"https:\/\/blogg.svenskakyrkan.se\/vandravagen\/","name":"Vandra V\u00e4gen","description":"-Mot en tro f\u00f6r hela livet","publisher":{"@id":"https:\/\/blogg.svenskakyrkan.se\/vandravagen\/#organization"},"potentialAction":[{"@type":"SearchAction","target":{"@type":"EntryPoint","urlTemplate":"https:\/\/blogg.svenskakyrkan.se\/vandravagen\/?s={search_term_string}"},"query-input":{"@type":"PropertyValueSpecification","valueRequired":true,"valueName":"search_term_string"}}],"inLanguage":"sv-SE"},{"@type":"Organization","@id":"https:\/\/blogg.svenskakyrkan.se\/vandravagen\/#organization","name":"ulricehamns pastorat","alternateName":"ulricehamns pastorat","url":"https:\/\/blogg.svenskakyrkan.se\/vandravagen\/","logo":{"@type":"ImageObject","inLanguage":"sv-SE","@id":"https:\/\/blogg.svenskakyrkan.se\/vandravagen\/#\/schema\/logo\/image\/","url":"https:\/\/blogg.svenskakyrkan.se\/vandravagen\/files\/2023\/05\/Ulr_logo_RGB.png","contentUrl":"https:\/\/blogg.svenskakyrkan.se\/vandravagen\/files\/2023\/05\/Ulr_logo_RGB.png","width":205,"height":77,"caption":"ulricehamns pastorat"},"image":{"@id":"https:\/\/blogg.svenskakyrkan.se\/vandravagen\/#\/schema\/logo\/image\/"},"sameAs":["http:\/\/facebook.com\/vandravagen","https:\/\/x.com\/fadertomas","http:\/\/www.facebook.com\/svenskakyrkaniulricehamn"]},{"@type":"Person","@id":"https:\/\/blogg.svenskakyrkan.se\/vandravagen\/#\/schema\/person\/25da02d4f76b137d04291711e2c9fc16","name":"Tomas Jarvid","image":{"@type":"ImageObject","inLanguage":"sv-SE","@id":"https:\/\/blogg.svenskakyrkan.se\/vandravagen\/#\/schema\/person\/image\/","url":"https:\/\/secure.gravatar.com\/avatar\/7fa71899795e8f540f615a1f5ab25255dc27aa40f05ee7ddd21aac521e01bf50?s=96&d=identicon&r=g","contentUrl":"https:\/\/secure.gravatar.com\/avatar\/7fa71899795e8f540f615a1f5ab25255dc27aa40f05ee7ddd21aac521e01bf50?s=96&d=identicon&r=g","caption":"Tomas Jarvid"},"description":"Jag bor i Ulricehamn i V\u00e4sterg\u00f6tland och \u00e4r f\u00f6rsamlingspr\u00e4st i Svenska Kyrkan f\u00f6r Dalstorps f\u00f6rsamling i Kinds pastorat. P\u00e5 den h\u00e4r bloggen skriver jag ner tankar om vandringen som kristen.","sameAs":["http:\/\/www.vandravagen.se"],"url":"https:\/\/blogg.svenskakyrkan.se\/vandravagen\/author\/vandravagen\/"}]}},"author_meta":{"ID":"392","user_nicename":"vandravagen","user_url":"http:\/\/www.vandravagen.se","user_registered":"2014-05-19 05:44:52","display_name":"Tomas Jarvid","first_name":"Tomas","last_name":"Jarvid","avatar":"https:\/\/secure.gravatar.com\/avatar\/7fa71899795e8f540f615a1f5ab25255dc27aa40f05ee7ddd21aac521e01bf50?s=96&d=identicon&r=g"},"featured_image":false,"bloginfo":{"name":"Vandra V\u00e4gen","url":"https:\/\/blogg.svenskakyrkan.se\/vandravagen"},"_links":{"self":[{"href":"https:\/\/blogg.svenskakyrkan.se\/vandravagen\/wp-json\/wp\/v2\/posts\/848","targetHints":{"allow":["GET"]}}],"collection":[{"href":"https:\/\/blogg.svenskakyrkan.se\/vandravagen\/wp-json\/wp\/v2\/posts"}],"about":[{"href":"https:\/\/blogg.svenskakyrkan.se\/vandravagen\/wp-json\/wp\/v2\/types\/post"}],"author":[{"embeddable":true,"href":"https:\/\/blogg.svenskakyrkan.se\/vandravagen\/wp-json\/wp\/v2\/users\/392"}],"replies":[{"embeddable":true,"href":"https:\/\/blogg.svenskakyrkan.se\/vandravagen\/wp-json\/wp\/v2\/comments?post=848"}],"version-history":[{"count":0,"href":"https:\/\/blogg.svenskakyrkan.se\/vandravagen\/wp-json\/wp\/v2\/posts\/848\/revisions"}],"wp:attachment":[{"href":"https:\/\/blogg.svenskakyrkan.se\/vandravagen\/wp-json\/wp\/v2\/media?parent=848"}],"wp:term":[{"taxonomy":"category","embeddable":true,"href":"https:\/\/blogg.svenskakyrkan.se\/vandravagen\/wp-json\/wp\/v2\/categories?post=848"},{"taxonomy":"post_tag","embeddable":true,"href":"https:\/\/blogg.svenskakyrkan.se\/vandravagen\/wp-json\/wp\/v2\/tags?post=848"}],"curies":[{"name":"wp","href":"https:\/\/api.w.org\/{rel}","templated":true}]}}