{"id":8480,"date":"2021-02-28T07:00:03","date_gmt":"2021-02-28T06:00:03","guid":{"rendered":"http:\/\/blogg.svenskakyrkan.se\/vandravagen\/?p=8480"},"modified":"2021-02-27T20:45:22","modified_gmt":"2021-02-27T19:45:22","slug":"12-blandade-tankar-pa-sondagen-3","status":"publish","type":"post","link":"https:\/\/blogg.svenskakyrkan.se\/vandravagen\/2021\/02\/28\/12-blandade-tankar-pa-sondagen-3\/","title":{"rendered":"12 blandade tankar p\u00e5 s\u00f6ndagen"},"content":{"rendered":"\n\n\n<figure class=\"wp-block-image size-large is-style-default\"><img loading=\"lazy\" decoding=\"async\" width=\"962\" height=\"1280\" src=\"https:\/\/blogg.svenskakyrkan.se\/vandravagen\/files\/2021\/02\/IMG_8047.jpg\" alt=\"\" class=\"wp-image-8481\" srcset=\"https:\/\/blogg.svenskakyrkan.se\/vandravagen\/files\/2021\/02\/IMG_8047.jpg 962w, https:\/\/blogg.svenskakyrkan.se\/vandravagen\/files\/2021\/02\/IMG_8047-300x399.jpg 300w, https:\/\/blogg.svenskakyrkan.se\/vandravagen\/files\/2021\/02\/IMG_8047-768x1022.jpg 768w\" sizes=\"auto, (max-width: 962px) 100vw, 962px\" \/><figcaption>En bild fr\u00e5n min instagramvecka d\u00e5 jag \u00e4ntligen kunde visa upp Dalstorps kyrka. det bl\u00e5ser lite som ni ser&#8230; OCH JO! SHOUTOUT TILL MIN FRU SOM KLIPPT MIG!<\/figcaption><\/figure>\n\n\n\n<ol class=\"wp-block-list\"><li>Glad s\u00f6ndag k\u00e4ra l\u00e4sare!<\/li><li>F\u00f6r\u00e4ldralediglivet lunkar vidare men idag ska jag faktiskt g\u00f6ra riktigt mycket i f\u00f6rsamlingens tj\u00e4nst. Jag ska bemanna NITTORPS kyrka (vi har problem med v\u00e4rmen i Dalstorp s\u00e5 vi har bytt plats) mellan 10-12 f\u00f6r den som kommer f\u00f6r att be och ha andakt. Jag vet att det finns kantor och fastepsalmer, och m\u00f6jlighet att t\u00e4nda ljus.<\/li><li>Sen har vi ocks\u00e5 (utomhustr\u00e4ff) med konfirmanderna i Grims\u00e5s p\u00e5 eftermiddagen. Vi ska tala om att kristen tro har med ansvar f\u00f6r skapelsen att g\u00f6ra, titta p\u00e5 ett vindkraftverk p\u00e5 n\u00e4ra h\u00e5ll och s\u00e5dant. <\/li><li>En lite l\u00e4skig sak med att \u00e5ka \u00e4nda till Grims\u00e5s \u00e4r att det vid besiktningen visade sig att v\u00e5ra bilar har tv\u00e5 helt brutna och en snart kn\u00e4ckt fj\u00e4dringsfj\u00e4der. Jag ska k\u00f6ra med den som \u00e4r helast men det blir sk\u00f6nt n\u00e4r den kan vara bytt.<\/li><li>Den stora saken denna vecka \u00e4r annars att jag bemannar kontot @svenskakyrkan p\u00e5 instagram och har delat med mig av olika bilder fr\u00e5n min vardag som jag kunnat koppla p\u00e5 n\u00e5got s\u00e4tt till min kristna tro. Det har varit v\u00e4ldigt roligt, framf\u00f6rallt d\u00e5 det lett till att jag f\u00e5tt be f\u00f6r folk eller svara p\u00e5 olika fr\u00e5gor i chatten. G\u00e5 g\u00e4rna in och ta en titt. <\/li><li>Det \u00e4r roligt att f\u00f6rs\u00f6ka g\u00e5 lite utanf\u00f6r f\u00f6rv\u00e4ntningarna och det blir v\u00e4l ocks\u00e5 lite mer varierat n\u00e4r jag \u00e4r hemma. Det har blivit bilder p\u00e5 solen, en eld, gasmacken, begravningskl\u00e4der (i fredags var jag i tj\u00e4nst en stund), l\u00f6parkl\u00e4der, odling, bilprovningen (!), vegomat (d\u00e4r blev det diskussion minsann), tv\u00e4ttmaskinen, bloggen, sopor och annat. Nackdelen \u00e4r f\u00f6rst\u00e5s att det hade varit fint att visa upp lite mer av Dalstorps f\u00f6rsamling. Jag hoppas jag hinner r\u00e5dda ihop lite bilder medan jag sk\u00f6ter dagens sysslor. Nittorp och Grims\u00e5s borde \u00e5tminstone kunna komma med p\u00e5 bild p\u00e5 n\u00e5got s\u00e4tt. <\/li><li>Veckan har ju bara g\u00e5tt alldeles f\u00f6r fort. Jag hade g\u00e4rna tagit en till p\u00e5 en g\u00e5ng. Jag hade ju t\u00e4nkt ta upp lite tunga \u00e4mnen som skam och s\u00e5dant ocks\u00e5. Fast ok, jag hade ju en story om d\u00f6den och begravningar. Det \u00e4r ju ocks\u00e5 r\u00e4tt tungt. <\/li><li>Min fru \u00e4r v\u00e4ldigt bra p\u00e5 att g\u00f6ra fint h\u00e4r hemma. Nu har vi kommit en bra bit  p\u00e5 v\u00e5r rumsrockad. <\/li><li>Jo jag sprang en mil h\u00e4romdagen. Det har jag nog egentligen bara gjort en g\u00e5ng f\u00f6rut, n\u00e4r jag var med i r\u00e5dalunken 2011 eller s\u00e5. Nu var det med l\u00f6parvagn och s\u00e5 tog jag paus p\u00e5 ica. Tyv\u00e4rr fyllde jag p\u00e5 under vagnen med alldeles f\u00f6r mycket tung mat innan jag sprang upp hem. Det fick jag \u00e5ngra.<\/li><li>Lillen kl\u00e4ttrar p\u00e5 allt fr\u00e5n morgon till kv\u00e4ll. Ville bara f\u00e5 det sagt. Sk\u00f6nt att han kan f\u00e5 rasta sig lite mer ute nu i det mer l\u00e4ttvindiga v\u00e4dret.<\/li><li>Dagens favorittext \u00e4r den om Jakob som brottas med Gud. Jag bloggade om den 2012 vid denna tid &#8221;<a href=\"https:\/\/blogg.svenskakyrkan.se\/vandravagen\/2012\/03\/04\/flykten-och-den-kampande-tron\/\">Om flykten och den k\u00e4mpande tron<\/a>&#8221; och om det blir n\u00e5gon slags predikan idag t\u00e4nkte jag ta fr\u00e5n den texten. Den h\u00e5ller tycker jag.<\/li><li>Vad g\u00f6r du idag? skriv en rad och ber\u00e4tta (och v\u00e4lkommen om du hittat hit via instagram!)!<\/li><\/ol>\n","protected":false},"excerpt":{"rendered":"<p>Glad s\u00f6ndag k\u00e4ra l\u00e4sare! F\u00f6r\u00e4ldralediglivet lunkar vidare men idag ska jag faktiskt g\u00f6ra riktigt mycket i f\u00f6rsamlingens tj\u00e4nst. Jag ska bemanna NITTORPS kyrka (vi har problem med v\u00e4rmen i Dalstorp s\u00e5 vi har bytt plats) mellan 10-12 f\u00f6r den som kommer f\u00f6r att be och ha andakt. Jag vet att det finns kantor och fastepsalmer, [&hellip;]<\/p>\n","protected":false},"author":392,"featured_media":8481,"comment_status":"open","ping_status":"open","sticky":false,"template":"","format":"standard","meta":{"_acf_changed":false,"footnotes":""},"categories":[9],"tags":[],"class_list":["post-8480","post","type-post","status-publish","format-standard","has-post-thumbnail","hentry","category-okategoriserade"],"acf":[],"yoast_head":"<!-- This site is optimized with the Yoast SEO plugin v27.1.1 - https:\/\/yoast.com\/product\/yoast-seo-wordpress\/ -->\n<title>12 blandade tankar p\u00e5 s\u00f6ndagen - Vandra V\u00e4gen<\/title>\n<meta name=\"robots\" content=\"index, follow, max-snippet:-1, max-image-preview:large, max-video-preview:-1\" \/>\n<link rel=\"canonical\" href=\"https:\/\/blogg.svenskakyrkan.se\/vandravagen\/2021\/02\/28\/12-blandade-tankar-pa-sondagen-3\/\" \/>\n<meta property=\"og:locale\" content=\"sv_SE\" \/>\n<meta property=\"og:type\" content=\"article\" \/>\n<meta property=\"og:title\" content=\"12 blandade tankar p\u00e5 s\u00f6ndagen - Vandra V\u00e4gen\" \/>\n<meta property=\"og:description\" content=\"Glad s\u00f6ndag k\u00e4ra l\u00e4sare! F\u00f6r\u00e4ldralediglivet lunkar vidare men idag ska jag faktiskt g\u00f6ra riktigt mycket i f\u00f6rsamlingens tj\u00e4nst. Jag ska bemanna NITTORPS kyrka (vi har problem med v\u00e4rmen i Dalstorp s\u00e5 vi har bytt plats) mellan 10-12 f\u00f6r den som kommer f\u00f6r att be och ha andakt. Jag vet att det finns kantor och fastepsalmer, [&hellip;]\" \/>\n<meta property=\"og:url\" content=\"https:\/\/blogg.svenskakyrkan.se\/vandravagen\/2021\/02\/28\/12-blandade-tankar-pa-sondagen-3\/\" \/>\n<meta property=\"og:site_name\" content=\"Vandra V\u00e4gen\" \/>\n<meta property=\"article:publisher\" content=\"http:\/\/facebook.com\/vandravagen\" \/>\n<meta property=\"article:published_time\" content=\"2021-02-28T06:00:03+00:00\" \/>\n<meta property=\"og:image\" content=\"https:\/\/blogg.svenskakyrkan.se\/vandravagen\/files\/2021\/02\/IMG_8047.jpg\" \/>\n\t<meta property=\"og:image:width\" content=\"962\" \/>\n\t<meta property=\"og:image:height\" content=\"1280\" \/>\n\t<meta property=\"og:image:type\" content=\"image\/jpeg\" \/>\n<meta name=\"author\" content=\"Tomas Jarvid\" \/>\n<meta name=\"twitter:card\" content=\"summary_large_image\" \/>\n<meta name=\"twitter:creator\" content=\"@fadertomas\" \/>\n<meta name=\"twitter:site\" content=\"@fadertomas\" \/>\n<meta name=\"twitter:label1\" content=\"Skriven av\" \/>\n\t<meta name=\"twitter:data1\" content=\"Tomas Jarvid\" \/>\n\t<meta name=\"twitter:label2\" content=\"Ber\u00e4knad l\u00e4stid\" \/>\n\t<meta name=\"twitter:data2\" content=\"3 minuter\" \/>\n<script type=\"application\/ld+json\" class=\"yoast-schema-graph\">{\"@context\":\"https:\/\/schema.org\",\"@graph\":[{\"@type\":\"Article\",\"@id\":\"https:\/\/blogg.svenskakyrkan.se\/vandravagen\/2021\/02\/28\/12-blandade-tankar-pa-sondagen-3\/#article\",\"isPartOf\":{\"@id\":\"https:\/\/blogg.svenskakyrkan.se\/vandravagen\/2021\/02\/28\/12-blandade-tankar-pa-sondagen-3\/\"},\"author\":{\"name\":\"Tomas Jarvid\",\"@id\":\"https:\/\/blogg.svenskakyrkan.se\/vandravagen\/#\/schema\/person\/25da02d4f76b137d04291711e2c9fc16\"},\"headline\":\"12 blandade tankar p\u00e5 s\u00f6ndagen\",\"datePublished\":\"2021-02-28T06:00:03+00:00\",\"mainEntityOfPage\":{\"@id\":\"https:\/\/blogg.svenskakyrkan.se\/vandravagen\/2021\/02\/28\/12-blandade-tankar-pa-sondagen-3\/\"},\"wordCount\":642,\"commentCount\":2,\"publisher\":{\"@id\":\"https:\/\/blogg.svenskakyrkan.se\/vandravagen\/#organization\"},\"image\":{\"@id\":\"https:\/\/blogg.svenskakyrkan.se\/vandravagen\/2021\/02\/28\/12-blandade-tankar-pa-sondagen-3\/#primaryimage\"},\"thumbnailUrl\":\"https:\/\/blogg.svenskakyrkan.se\/vandravagen\/files\/2021\/02\/IMG_8047.jpg\",\"inLanguage\":\"sv-SE\",\"potentialAction\":[{\"@type\":\"CommentAction\",\"name\":\"Comment\",\"target\":[\"https:\/\/blogg.svenskakyrkan.se\/vandravagen\/2021\/02\/28\/12-blandade-tankar-pa-sondagen-3\/#respond\"]}]},{\"@type\":\"WebPage\",\"@id\":\"https:\/\/blogg.svenskakyrkan.se\/vandravagen\/2021\/02\/28\/12-blandade-tankar-pa-sondagen-3\/\",\"url\":\"https:\/\/blogg.svenskakyrkan.se\/vandravagen\/2021\/02\/28\/12-blandade-tankar-pa-sondagen-3\/\",\"name\":\"12 blandade tankar p\u00e5 s\u00f6ndagen - Vandra V\u00e4gen\",\"isPartOf\":{\"@id\":\"https:\/\/blogg.svenskakyrkan.se\/vandravagen\/#website\"},\"primaryImageOfPage\":{\"@id\":\"https:\/\/blogg.svenskakyrkan.se\/vandravagen\/2021\/02\/28\/12-blandade-tankar-pa-sondagen-3\/#primaryimage\"},\"image\":{\"@id\":\"https:\/\/blogg.svenskakyrkan.se\/vandravagen\/2021\/02\/28\/12-blandade-tankar-pa-sondagen-3\/#primaryimage\"},\"thumbnailUrl\":\"https:\/\/blogg.svenskakyrkan.se\/vandravagen\/files\/2021\/02\/IMG_8047.jpg\",\"datePublished\":\"2021-02-28T06:00:03+00:00\",\"breadcrumb\":{\"@id\":\"https:\/\/blogg.svenskakyrkan.se\/vandravagen\/2021\/02\/28\/12-blandade-tankar-pa-sondagen-3\/#breadcrumb\"},\"inLanguage\":\"sv-SE\",\"potentialAction\":[{\"@type\":\"ReadAction\",\"target\":[\"https:\/\/blogg.svenskakyrkan.se\/vandravagen\/2021\/02\/28\/12-blandade-tankar-pa-sondagen-3\/\"]}]},{\"@type\":\"ImageObject\",\"inLanguage\":\"sv-SE\",\"@id\":\"https:\/\/blogg.svenskakyrkan.se\/vandravagen\/2021\/02\/28\/12-blandade-tankar-pa-sondagen-3\/#primaryimage\",\"url\":\"https:\/\/blogg.svenskakyrkan.se\/vandravagen\/files\/2021\/02\/IMG_8047.jpg\",\"contentUrl\":\"https:\/\/blogg.svenskakyrkan.se\/vandravagen\/files\/2021\/02\/IMG_8047.jpg\",\"width\":962,\"height\":1280},{\"@type\":\"BreadcrumbList\",\"@id\":\"https:\/\/blogg.svenskakyrkan.se\/vandravagen\/2021\/02\/28\/12-blandade-tankar-pa-sondagen-3\/#breadcrumb\",\"itemListElement\":[{\"@type\":\"ListItem\",\"position\":1,\"name\":\"Hem\",\"item\":\"https:\/\/blogg.svenskakyrkan.se\/vandravagen\/\"},{\"@type\":\"ListItem\",\"position\":2,\"name\":\"12 blandade tankar p\u00e5 s\u00f6ndagen\"}]},{\"@type\":\"WebSite\",\"@id\":\"https:\/\/blogg.svenskakyrkan.se\/vandravagen\/#website\",\"url\":\"https:\/\/blogg.svenskakyrkan.se\/vandravagen\/\",\"name\":\"Vandra V\u00e4gen\",\"description\":\"-Mot en tro f\u00f6r hela livet\",\"publisher\":{\"@id\":\"https:\/\/blogg.svenskakyrkan.se\/vandravagen\/#organization\"},\"potentialAction\":[{\"@type\":\"SearchAction\",\"target\":{\"@type\":\"EntryPoint\",\"urlTemplate\":\"https:\/\/blogg.svenskakyrkan.se\/vandravagen\/?s={search_term_string}\"},\"query-input\":{\"@type\":\"PropertyValueSpecification\",\"valueRequired\":true,\"valueName\":\"search_term_string\"}}],\"inLanguage\":\"sv-SE\"},{\"@type\":\"Organization\",\"@id\":\"https:\/\/blogg.svenskakyrkan.se\/vandravagen\/#organization\",\"name\":\"ulricehamns pastorat\",\"alternateName\":\"ulricehamns pastorat\",\"url\":\"https:\/\/blogg.svenskakyrkan.se\/vandravagen\/\",\"logo\":{\"@type\":\"ImageObject\",\"inLanguage\":\"sv-SE\",\"@id\":\"https:\/\/blogg.svenskakyrkan.se\/vandravagen\/#\/schema\/logo\/image\/\",\"url\":\"https:\/\/blogg.svenskakyrkan.se\/vandravagen\/files\/2023\/05\/Ulr_logo_RGB.png\",\"contentUrl\":\"https:\/\/blogg.svenskakyrkan.se\/vandravagen\/files\/2023\/05\/Ulr_logo_RGB.png\",\"width\":205,\"height\":77,\"caption\":\"ulricehamns pastorat\"},\"image\":{\"@id\":\"https:\/\/blogg.svenskakyrkan.se\/vandravagen\/#\/schema\/logo\/image\/\"},\"sameAs\":[\"http:\/\/facebook.com\/vandravagen\",\"https:\/\/x.com\/fadertomas\",\"http:\/\/www.facebook.com\/svenskakyrkaniulricehamn\"]},{\"@type\":\"Person\",\"@id\":\"https:\/\/blogg.svenskakyrkan.se\/vandravagen\/#\/schema\/person\/25da02d4f76b137d04291711e2c9fc16\",\"name\":\"Tomas Jarvid\",\"image\":{\"@type\":\"ImageObject\",\"inLanguage\":\"sv-SE\",\"@id\":\"https:\/\/blogg.svenskakyrkan.se\/vandravagen\/#\/schema\/person\/image\/\",\"url\":\"https:\/\/secure.gravatar.com\/avatar\/7fa71899795e8f540f615a1f5ab25255dc27aa40f05ee7ddd21aac521e01bf50?s=96&d=identicon&r=g\",\"contentUrl\":\"https:\/\/secure.gravatar.com\/avatar\/7fa71899795e8f540f615a1f5ab25255dc27aa40f05ee7ddd21aac521e01bf50?s=96&d=identicon&r=g\",\"caption\":\"Tomas Jarvid\"},\"description\":\"Jag bor i Ulricehamn i V\u00e4sterg\u00f6tland och \u00e4r f\u00f6rsamlingspr\u00e4st i Svenska Kyrkan f\u00f6r Dalstorps f\u00f6rsamling i Kinds pastorat. P\u00e5 den h\u00e4r bloggen skriver jag ner tankar om vandringen som kristen.\",\"sameAs\":[\"http:\/\/www.vandravagen.se\"],\"url\":\"https:\/\/blogg.svenskakyrkan.se\/vandravagen\/author\/vandravagen\/\"}]}<\/script>\n<!-- \/ Yoast SEO plugin. -->","yoast_head_json":{"title":"12 blandade tankar p\u00e5 s\u00f6ndagen - Vandra V\u00e4gen","robots":{"index":"index","follow":"follow","max-snippet":"max-snippet:-1","max-image-preview":"max-image-preview:large","max-video-preview":"max-video-preview:-1"},"canonical":"https:\/\/blogg.svenskakyrkan.se\/vandravagen\/2021\/02\/28\/12-blandade-tankar-pa-sondagen-3\/","og_locale":"sv_SE","og_type":"article","og_title":"12 blandade tankar p\u00e5 s\u00f6ndagen - Vandra V\u00e4gen","og_description":"Glad s\u00f6ndag k\u00e4ra l\u00e4sare! F\u00f6r\u00e4ldralediglivet lunkar vidare men idag ska jag faktiskt g\u00f6ra riktigt mycket i f\u00f6rsamlingens tj\u00e4nst. Jag ska bemanna NITTORPS kyrka (vi har problem med v\u00e4rmen i Dalstorp s\u00e5 vi har bytt plats) mellan 10-12 f\u00f6r den som kommer f\u00f6r att be och ha andakt. Jag vet att det finns kantor och fastepsalmer, [&hellip;]","og_url":"https:\/\/blogg.svenskakyrkan.se\/vandravagen\/2021\/02\/28\/12-blandade-tankar-pa-sondagen-3\/","og_site_name":"Vandra V\u00e4gen","article_publisher":"http:\/\/facebook.com\/vandravagen","article_published_time":"2021-02-28T06:00:03+00:00","og_image":[{"width":962,"height":1280,"url":"https:\/\/blogg.svenskakyrkan.se\/vandravagen\/files\/2021\/02\/IMG_8047.jpg","type":"image\/jpeg"}],"author":"Tomas Jarvid","twitter_card":"summary_large_image","twitter_creator":"@fadertomas","twitter_site":"@fadertomas","twitter_misc":{"Skriven av":"Tomas Jarvid","Ber\u00e4knad l\u00e4stid":"3 minuter"},"schema":{"@context":"https:\/\/schema.org","@graph":[{"@type":"Article","@id":"https:\/\/blogg.svenskakyrkan.se\/vandravagen\/2021\/02\/28\/12-blandade-tankar-pa-sondagen-3\/#article","isPartOf":{"@id":"https:\/\/blogg.svenskakyrkan.se\/vandravagen\/2021\/02\/28\/12-blandade-tankar-pa-sondagen-3\/"},"author":{"name":"Tomas Jarvid","@id":"https:\/\/blogg.svenskakyrkan.se\/vandravagen\/#\/schema\/person\/25da02d4f76b137d04291711e2c9fc16"},"headline":"12 blandade tankar p\u00e5 s\u00f6ndagen","datePublished":"2021-02-28T06:00:03+00:00","mainEntityOfPage":{"@id":"https:\/\/blogg.svenskakyrkan.se\/vandravagen\/2021\/02\/28\/12-blandade-tankar-pa-sondagen-3\/"},"wordCount":642,"commentCount":2,"publisher":{"@id":"https:\/\/blogg.svenskakyrkan.se\/vandravagen\/#organization"},"image":{"@id":"https:\/\/blogg.svenskakyrkan.se\/vandravagen\/2021\/02\/28\/12-blandade-tankar-pa-sondagen-3\/#primaryimage"},"thumbnailUrl":"https:\/\/blogg.svenskakyrkan.se\/vandravagen\/files\/2021\/02\/IMG_8047.jpg","inLanguage":"sv-SE","potentialAction":[{"@type":"CommentAction","name":"Comment","target":["https:\/\/blogg.svenskakyrkan.se\/vandravagen\/2021\/02\/28\/12-blandade-tankar-pa-sondagen-3\/#respond"]}]},{"@type":"WebPage","@id":"https:\/\/blogg.svenskakyrkan.se\/vandravagen\/2021\/02\/28\/12-blandade-tankar-pa-sondagen-3\/","url":"https:\/\/blogg.svenskakyrkan.se\/vandravagen\/2021\/02\/28\/12-blandade-tankar-pa-sondagen-3\/","name":"12 blandade tankar p\u00e5 s\u00f6ndagen - Vandra V\u00e4gen","isPartOf":{"@id":"https:\/\/blogg.svenskakyrkan.se\/vandravagen\/#website"},"primaryImageOfPage":{"@id":"https:\/\/blogg.svenskakyrkan.se\/vandravagen\/2021\/02\/28\/12-blandade-tankar-pa-sondagen-3\/#primaryimage"},"image":{"@id":"https:\/\/blogg.svenskakyrkan.se\/vandravagen\/2021\/02\/28\/12-blandade-tankar-pa-sondagen-3\/#primaryimage"},"thumbnailUrl":"https:\/\/blogg.svenskakyrkan.se\/vandravagen\/files\/2021\/02\/IMG_8047.jpg","datePublished":"2021-02-28T06:00:03+00:00","breadcrumb":{"@id":"https:\/\/blogg.svenskakyrkan.se\/vandravagen\/2021\/02\/28\/12-blandade-tankar-pa-sondagen-3\/#breadcrumb"},"inLanguage":"sv-SE","potentialAction":[{"@type":"ReadAction","target":["https:\/\/blogg.svenskakyrkan.se\/vandravagen\/2021\/02\/28\/12-blandade-tankar-pa-sondagen-3\/"]}]},{"@type":"ImageObject","inLanguage":"sv-SE","@id":"https:\/\/blogg.svenskakyrkan.se\/vandravagen\/2021\/02\/28\/12-blandade-tankar-pa-sondagen-3\/#primaryimage","url":"https:\/\/blogg.svenskakyrkan.se\/vandravagen\/files\/2021\/02\/IMG_8047.jpg","contentUrl":"https:\/\/blogg.svenskakyrkan.se\/vandravagen\/files\/2021\/02\/IMG_8047.jpg","width":962,"height":1280},{"@type":"BreadcrumbList","@id":"https:\/\/blogg.svenskakyrkan.se\/vandravagen\/2021\/02\/28\/12-blandade-tankar-pa-sondagen-3\/#breadcrumb","itemListElement":[{"@type":"ListItem","position":1,"name":"Hem","item":"https:\/\/blogg.svenskakyrkan.se\/vandravagen\/"},{"@type":"ListItem","position":2,"name":"12 blandade tankar p\u00e5 s\u00f6ndagen"}]},{"@type":"WebSite","@id":"https:\/\/blogg.svenskakyrkan.se\/vandravagen\/#website","url":"https:\/\/blogg.svenskakyrkan.se\/vandravagen\/","name":"Vandra V\u00e4gen","description":"-Mot en tro f\u00f6r hela livet","publisher":{"@id":"https:\/\/blogg.svenskakyrkan.se\/vandravagen\/#organization"},"potentialAction":[{"@type":"SearchAction","target":{"@type":"EntryPoint","urlTemplate":"https:\/\/blogg.svenskakyrkan.se\/vandravagen\/?s={search_term_string}"},"query-input":{"@type":"PropertyValueSpecification","valueRequired":true,"valueName":"search_term_string"}}],"inLanguage":"sv-SE"},{"@type":"Organization","@id":"https:\/\/blogg.svenskakyrkan.se\/vandravagen\/#organization","name":"ulricehamns pastorat","alternateName":"ulricehamns pastorat","url":"https:\/\/blogg.svenskakyrkan.se\/vandravagen\/","logo":{"@type":"ImageObject","inLanguage":"sv-SE","@id":"https:\/\/blogg.svenskakyrkan.se\/vandravagen\/#\/schema\/logo\/image\/","url":"https:\/\/blogg.svenskakyrkan.se\/vandravagen\/files\/2023\/05\/Ulr_logo_RGB.png","contentUrl":"https:\/\/blogg.svenskakyrkan.se\/vandravagen\/files\/2023\/05\/Ulr_logo_RGB.png","width":205,"height":77,"caption":"ulricehamns pastorat"},"image":{"@id":"https:\/\/blogg.svenskakyrkan.se\/vandravagen\/#\/schema\/logo\/image\/"},"sameAs":["http:\/\/facebook.com\/vandravagen","https:\/\/x.com\/fadertomas","http:\/\/www.facebook.com\/svenskakyrkaniulricehamn"]},{"@type":"Person","@id":"https:\/\/blogg.svenskakyrkan.se\/vandravagen\/#\/schema\/person\/25da02d4f76b137d04291711e2c9fc16","name":"Tomas Jarvid","image":{"@type":"ImageObject","inLanguage":"sv-SE","@id":"https:\/\/blogg.svenskakyrkan.se\/vandravagen\/#\/schema\/person\/image\/","url":"https:\/\/secure.gravatar.com\/avatar\/7fa71899795e8f540f615a1f5ab25255dc27aa40f05ee7ddd21aac521e01bf50?s=96&d=identicon&r=g","contentUrl":"https:\/\/secure.gravatar.com\/avatar\/7fa71899795e8f540f615a1f5ab25255dc27aa40f05ee7ddd21aac521e01bf50?s=96&d=identicon&r=g","caption":"Tomas Jarvid"},"description":"Jag bor i Ulricehamn i V\u00e4sterg\u00f6tland och \u00e4r f\u00f6rsamlingspr\u00e4st i Svenska Kyrkan f\u00f6r Dalstorps f\u00f6rsamling i Kinds pastorat. P\u00e5 den h\u00e4r bloggen skriver jag ner tankar om vandringen som kristen.","sameAs":["http:\/\/www.vandravagen.se"],"url":"https:\/\/blogg.svenskakyrkan.se\/vandravagen\/author\/vandravagen\/"}]}},"author_meta":{"ID":"392","user_nicename":"vandravagen","user_url":"http:\/\/www.vandravagen.se","user_registered":"2014-05-19 05:44:52","display_name":"Tomas Jarvid","first_name":"Tomas","last_name":"Jarvid","avatar":"https:\/\/secure.gravatar.com\/avatar\/7fa71899795e8f540f615a1f5ab25255dc27aa40f05ee7ddd21aac521e01bf50?s=96&d=identicon&r=g"},"featured_image":["https:\/\/blogg.svenskakyrkan.se\/vandravagen\/files\/2021\/02\/IMG_8047.jpg",962,1280,false],"bloginfo":{"name":"Vandra V\u00e4gen","url":"https:\/\/blogg.svenskakyrkan.se\/vandravagen"},"_links":{"self":[{"href":"https:\/\/blogg.svenskakyrkan.se\/vandravagen\/wp-json\/wp\/v2\/posts\/8480","targetHints":{"allow":["GET"]}}],"collection":[{"href":"https:\/\/blogg.svenskakyrkan.se\/vandravagen\/wp-json\/wp\/v2\/posts"}],"about":[{"href":"https:\/\/blogg.svenskakyrkan.se\/vandravagen\/wp-json\/wp\/v2\/types\/post"}],"author":[{"embeddable":true,"href":"https:\/\/blogg.svenskakyrkan.se\/vandravagen\/wp-json\/wp\/v2\/users\/392"}],"replies":[{"embeddable":true,"href":"https:\/\/blogg.svenskakyrkan.se\/vandravagen\/wp-json\/wp\/v2\/comments?post=8480"}],"version-history":[{"count":1,"href":"https:\/\/blogg.svenskakyrkan.se\/vandravagen\/wp-json\/wp\/v2\/posts\/8480\/revisions"}],"predecessor-version":[{"id":8482,"href":"https:\/\/blogg.svenskakyrkan.se\/vandravagen\/wp-json\/wp\/v2\/posts\/8480\/revisions\/8482"}],"wp:featuredmedia":[{"embeddable":true,"href":"https:\/\/blogg.svenskakyrkan.se\/vandravagen\/wp-json\/wp\/v2\/media\/8481"}],"wp:attachment":[{"href":"https:\/\/blogg.svenskakyrkan.se\/vandravagen\/wp-json\/wp\/v2\/media?parent=8480"}],"wp:term":[{"taxonomy":"category","embeddable":true,"href":"https:\/\/blogg.svenskakyrkan.se\/vandravagen\/wp-json\/wp\/v2\/categories?post=8480"},{"taxonomy":"post_tag","embeddable":true,"href":"https:\/\/blogg.svenskakyrkan.se\/vandravagen\/wp-json\/wp\/v2\/tags?post=8480"}],"curies":[{"name":"wp","href":"https:\/\/api.w.org\/{rel}","templated":true}]}}