{"id":8484,"date":"2021-03-02T07:00:30","date_gmt":"2021-03-02T06:00:30","guid":{"rendered":"http:\/\/blogg.svenskakyrkan.se\/vandravagen\/?p=8484"},"modified":"2021-03-01T20:18:36","modified_gmt":"2021-03-01T19:18:36","slug":"kolaby-kyrka-i-bild","status":"publish","type":"post","link":"https:\/\/blogg.svenskakyrkan.se\/vandravagen\/2021\/03\/02\/kolaby-kyrka-i-bild\/","title":{"rendered":"K\u00f6laby kyrka i bild"},"content":{"rendered":"\n\n\n<figure class=\"wp-block-image size-large is-style-default\"><img loading=\"lazy\" decoding=\"async\" width=\"1024\" height=\"681\" src=\"https:\/\/blogg.svenskakyrkan.se\/vandravagen\/files\/2021\/03\/DSC_1179-1024x681.jpg\" alt=\"\" class=\"wp-image-8485\" srcset=\"https:\/\/blogg.svenskakyrkan.se\/vandravagen\/files\/2021\/03\/DSC_1179-1024x681.jpg 1024w, https:\/\/blogg.svenskakyrkan.se\/vandravagen\/files\/2021\/03\/DSC_1179-300x199.jpg 300w, https:\/\/blogg.svenskakyrkan.se\/vandravagen\/files\/2021\/03\/DSC_1179-768x511.jpg 768w, https:\/\/blogg.svenskakyrkan.se\/vandravagen\/files\/2021\/03\/DSC_1179-1200x798.jpg 1200w, https:\/\/blogg.svenskakyrkan.se\/vandravagen\/files\/2021\/03\/DSC_1179.jpg 1280w\" sizes=\"auto, (max-width: 1024px) 100vw, 1024px\" \/><figcaption>K\u00f6laby kyrka i vinterskrud genom den vackra &#8221;stigluckan&#8221;. <\/figcaption><\/figure>\n\n\n\n<p>Jag fick fira Gudstj\u00e4nst i K\u00f6laby kyrka (i t\u00e4torten Tr\u00e4det norr om Ulricehamn) f\u00f6r en tid sedan som min fru ledde. Jag hade aldrig tidigare varit d\u00e4r och eftersom jag sedan tidigare har haft en l\u00e5ng serie bloggposter h\u00e4r d\u00e4r jag fotograferat intressanta detaljer om olika kyrkor jag verkat i eller bes\u00f6kt s\u00e5 tyckte jag vi kunde \u00e5teruppta den vanan. Det kanske blir fler kyrkor i Redv\u00e4g med tiden. <\/p>\n\n\n\n<figure class=\"wp-block-image size-large is-style-default\"><img loading=\"lazy\" decoding=\"async\" width=\"1024\" height=\"681\" src=\"https:\/\/blogg.svenskakyrkan.se\/vandravagen\/files\/2021\/03\/DSC_1183-1024x681.jpg\" alt=\"\" class=\"wp-image-8486\" srcset=\"https:\/\/blogg.svenskakyrkan.se\/vandravagen\/files\/2021\/03\/DSC_1183-1024x681.jpg 1024w, https:\/\/blogg.svenskakyrkan.se\/vandravagen\/files\/2021\/03\/DSC_1183-300x199.jpg 300w, https:\/\/blogg.svenskakyrkan.se\/vandravagen\/files\/2021\/03\/DSC_1183-768x511.jpg 768w, https:\/\/blogg.svenskakyrkan.se\/vandravagen\/files\/2021\/03\/DSC_1183-1200x798.jpg 1200w, https:\/\/blogg.svenskakyrkan.se\/vandravagen\/files\/2021\/03\/DSC_1183.jpg 1280w\" sizes=\"auto, (max-width: 1024px) 100vw, 1024px\" \/><\/figure>\n\n\n\n<p>Det var en kall vinterdag vi var d\u00e4r och sn\u00f6n l\u00e5g vit runtom. Kyrkan har ett yttre som m\u00e5nga 1800-talskyrkor med lanternin p\u00e5 tornet. <\/p>\n\n\n\n<figure class=\"wp-block-image size-large is-style-default\"><img loading=\"lazy\" decoding=\"async\" width=\"1024\" height=\"681\" src=\"https:\/\/blogg.svenskakyrkan.se\/vandravagen\/files\/2021\/03\/DSC_1185-1024x681.jpg\" alt=\"\" class=\"wp-image-8487\" srcset=\"https:\/\/blogg.svenskakyrkan.se\/vandravagen\/files\/2021\/03\/DSC_1185-1024x681.jpg 1024w, https:\/\/blogg.svenskakyrkan.se\/vandravagen\/files\/2021\/03\/DSC_1185-300x199.jpg 300w, https:\/\/blogg.svenskakyrkan.se\/vandravagen\/files\/2021\/03\/DSC_1185-768x511.jpg 768w, https:\/\/blogg.svenskakyrkan.se\/vandravagen\/files\/2021\/03\/DSC_1185-1200x798.jpg 1200w, https:\/\/blogg.svenskakyrkan.se\/vandravagen\/files\/2021\/03\/DSC_1185.jpg 1280w\" sizes=\"auto, (max-width: 1024px) 100vw, 1024px\" \/><\/figure>\n\n\n\n<p>Lillen var med. Han fick ocks\u00e5 se sig omkring mot slutet av gudstj\u00e4nsten och uppskattade s\u00e4rskilt att g\u00e5 upp och ner f\u00f6r trappsteget till koret.<\/p>\n\n\n\n<figure class=\"wp-block-image size-large is-style-default\"><img loading=\"lazy\" decoding=\"async\" width=\"1024\" height=\"681\" src=\"https:\/\/blogg.svenskakyrkan.se\/vandravagen\/files\/2021\/03\/DSC_1187-1024x681.jpg\" alt=\"\" class=\"wp-image-8488\" srcset=\"https:\/\/blogg.svenskakyrkan.se\/vandravagen\/files\/2021\/03\/DSC_1187-1024x681.jpg 1024w, https:\/\/blogg.svenskakyrkan.se\/vandravagen\/files\/2021\/03\/DSC_1187-300x199.jpg 300w, https:\/\/blogg.svenskakyrkan.se\/vandravagen\/files\/2021\/03\/DSC_1187-768x511.jpg 768w, https:\/\/blogg.svenskakyrkan.se\/vandravagen\/files\/2021\/03\/DSC_1187-1200x798.jpg 1200w, https:\/\/blogg.svenskakyrkan.se\/vandravagen\/files\/2021\/03\/DSC_1187.jpg 1280w\" sizes=\"auto, (max-width: 1024px) 100vw, 1024px\" \/><\/figure>\n\n\n\n<p>P\u00e5 v\u00e4gen in m\u00f6ts man av en stor runsten i sakristian. Med ett tydligt kristet kors p\u00e5 s\u00e5 det \u00e4r till minne av n\u00e5gon av v\u00e5ra syskon f\u00f6r l\u00e4nge sedan.<\/p>\n\n\n\n<figure class=\"wp-block-image size-large is-style-default\"><img loading=\"lazy\" decoding=\"async\" width=\"851\" height=\"1280\" src=\"https:\/\/blogg.svenskakyrkan.se\/vandravagen\/files\/2021\/03\/DSC_1188.jpg\" alt=\"\" class=\"wp-image-8489\" srcset=\"https:\/\/blogg.svenskakyrkan.se\/vandravagen\/files\/2021\/03\/DSC_1188.jpg 851w, https:\/\/blogg.svenskakyrkan.se\/vandravagen\/files\/2021\/03\/DSC_1188-300x451.jpg 300w, https:\/\/blogg.svenskakyrkan.se\/vandravagen\/files\/2021\/03\/DSC_1188-768x1155.jpg 768w\" sizes=\"auto, (max-width: 851px) 100vw, 851px\" \/><\/figure>\n\n\n\n<p>Koret \u00e4r vackert, det h\u00e4r var under f\u00f6rfastan tror jag s\u00e5 f\u00e4rgen \u00e4r lila. Och bra psalmer var det ocks\u00e5 ser man p\u00e5 tavlorna. <\/p>\n\n\n\n<figure class=\"wp-block-image size-large is-style-default\"><img loading=\"lazy\" decoding=\"async\" width=\"851\" height=\"1280\" src=\"https:\/\/blogg.svenskakyrkan.se\/vandravagen\/files\/2021\/03\/DSC_1189.jpg\" alt=\"\" class=\"wp-image-8490\" srcset=\"https:\/\/blogg.svenskakyrkan.se\/vandravagen\/files\/2021\/03\/DSC_1189.jpg 851w, https:\/\/blogg.svenskakyrkan.se\/vandravagen\/files\/2021\/03\/DSC_1189-300x451.jpg 300w, https:\/\/blogg.svenskakyrkan.se\/vandravagen\/files\/2021\/03\/DSC_1189-768x1155.jpg 768w\" sizes=\"auto, (max-width: 851px) 100vw, 851px\" \/><\/figure>\n\n\n\n<p>Altartavlans motiv k\u00e4nns lite ovanligt. Vi ser Kristus mitt i himmelsf\u00e4rden. Han f\u00f6rsvinner upp p\u00e5 skyarna och l\u00e4rjungarna ser omskakade p\u00e5. D\u00e5 dyker det upp tv\u00e5 \u00e4nglar och s\u00e4ger till dem att p\u00e5 samma s\u00e4tt ska Jesus en dag \u00e5terv\u00e4nda p\u00e5 himlens moln (samma uttryck anv\u00e4nds om Gud i gamla testamentet) p\u00e5 Herrens dag d\u00e5 Guds seger ska bli synlig \u00f6verallt. Det syns p\u00e5 l\u00e4rjungarna att de har mycket att t\u00e4nka p\u00e5.<\/p>\n\n\n\n<figure class=\"wp-block-image size-large is-style-default\"><img loading=\"lazy\" decoding=\"async\" width=\"1024\" height=\"681\" src=\"https:\/\/blogg.svenskakyrkan.se\/vandravagen\/files\/2021\/03\/DSC_1193-1024x681.jpg\" alt=\"\" class=\"wp-image-8491\" srcset=\"https:\/\/blogg.svenskakyrkan.se\/vandravagen\/files\/2021\/03\/DSC_1193-1024x681.jpg 1024w, https:\/\/blogg.svenskakyrkan.se\/vandravagen\/files\/2021\/03\/DSC_1193-300x199.jpg 300w, https:\/\/blogg.svenskakyrkan.se\/vandravagen\/files\/2021\/03\/DSC_1193-768x511.jpg 768w, https:\/\/blogg.svenskakyrkan.se\/vandravagen\/files\/2021\/03\/DSC_1193-1200x798.jpg 1200w, https:\/\/blogg.svenskakyrkan.se\/vandravagen\/files\/2021\/03\/DSC_1193.jpg 1280w\" sizes=\"auto, (max-width: 1024px) 100vw, 1024px\" \/><\/figure>\n\n\n\n<p>Det finns rester av en gammal dopfunt men den nuvarande \u00e4r ocks\u00e5 vacker med uthuggna figurer runt. S\u00e5dant \u00e4r jag alltid svag f\u00f6r.<\/p>\n\n\n\n<figure class=\"wp-block-image size-large is-style-default\"><img loading=\"lazy\" decoding=\"async\" width=\"851\" height=\"1280\" src=\"https:\/\/blogg.svenskakyrkan.se\/vandravagen\/files\/2021\/03\/DSC_1194.jpg\" alt=\"\" class=\"wp-image-8492\" srcset=\"https:\/\/blogg.svenskakyrkan.se\/vandravagen\/files\/2021\/03\/DSC_1194.jpg 851w, https:\/\/blogg.svenskakyrkan.se\/vandravagen\/files\/2021\/03\/DSC_1194-300x451.jpg 300w, https:\/\/blogg.svenskakyrkan.se\/vandravagen\/files\/2021\/03\/DSC_1194-768x1155.jpg 768w\" sizes=\"auto, (max-width: 851px) 100vw, 851px\" \/><\/figure>\n\n\n\n<p>Jag brukar alltid smyga fram och titta n\u00e4rmare p\u00e5 tr\u00e4sniderier, som h\u00e4r p\u00e5 predikstolen. Det \u00e4r dels f\u00f6r att jag sj\u00e4lv sl\u00f6jdar en del i tr\u00e4 och tycker det \u00e4r roligt att fundera p\u00e5 hur de gjort (m\u00f6nstret p\u00e5 b\u00e5da sidorna om figuren h\u00e4r \u00e4r &#8221;uddsnitt&#8221; som \u00e4r ett v\u00e4ldigt vanligt folkligt m\u00f6nster) men ocks\u00e5 f\u00f6r att de ofta kan ha roliga utseenden. H\u00e4r ser vi en (som vanligt sk\u00e4ggl\u00f6s) Johannes med sin symbol \u00f6rnen. <\/p>\n\n\n\n<figure class=\"wp-block-image size-large is-style-default\"><img loading=\"lazy\" decoding=\"async\" width=\"1024\" height=\"681\" src=\"https:\/\/blogg.svenskakyrkan.se\/vandravagen\/files\/2021\/03\/DSC_1195-1024x681.jpg\" alt=\"\" class=\"wp-image-8493\" srcset=\"https:\/\/blogg.svenskakyrkan.se\/vandravagen\/files\/2021\/03\/DSC_1195-1024x681.jpg 1024w, https:\/\/blogg.svenskakyrkan.se\/vandravagen\/files\/2021\/03\/DSC_1195-300x199.jpg 300w, https:\/\/blogg.svenskakyrkan.se\/vandravagen\/files\/2021\/03\/DSC_1195-768x511.jpg 768w, https:\/\/blogg.svenskakyrkan.se\/vandravagen\/files\/2021\/03\/DSC_1195-1200x798.jpg 1200w, https:\/\/blogg.svenskakyrkan.se\/vandravagen\/files\/2021\/03\/DSC_1195.jpg 1280w\" sizes=\"auto, (max-width: 1024px) 100vw, 1024px\" \/><\/figure>\n\n\n\n<p>Och h\u00e4r ser jag inte vem det \u00e4r f\u00f6r det m\u00e4rker man nog b\u00e4st p\u00e5 vilken figur de har bredvid sig. Jag tycker i alla fall om ansiktet och h\u00e5ret h\u00e4r. Och boken under armen. <\/p>\n\n\n\n<p>Det var de bilder jag hann ta medan jag sprang efter sonen f\u00f6r att f\u00f6rhindra olyckor. Har du varit i K\u00f6laby kyrka? Skriv en kommentar och ber\u00e4tta!<\/p>\n","protected":false},"excerpt":{"rendered":"<p>Jag fick fira Gudstj\u00e4nst i K\u00f6laby kyrka (i t\u00e4torten Tr\u00e4det norr om Ulricehamn) f\u00f6r en tid sedan som min fru ledde. Jag hade aldrig tidigare varit d\u00e4r och eftersom jag sedan tidigare har haft en l\u00e5ng serie bloggposter h\u00e4r d\u00e4r jag fotograferat intressanta detaljer om olika kyrkor jag verkat i eller bes\u00f6kt s\u00e5 tyckte jag [&hellip;]<\/p>\n","protected":false},"author":392,"featured_media":8485,"comment_status":"open","ping_status":"open","sticky":false,"template":"","format":"standard","meta":{"_acf_changed":false,"footnotes":""},"categories":[56,81120],"tags":[],"class_list":["post-8484","post","type-post","status-publish","format-standard","has-post-thumbnail","hentry","category-bilder","category-kyrkobilder"],"acf":[],"yoast_head":"<!-- This site is optimized with the Yoast SEO plugin v27.1.1 - https:\/\/yoast.com\/product\/yoast-seo-wordpress\/ -->\n<title>K\u00f6laby kyrka i bild - Vandra V\u00e4gen<\/title>\n<meta name=\"robots\" content=\"index, follow, max-snippet:-1, max-image-preview:large, max-video-preview:-1\" \/>\n<link rel=\"canonical\" href=\"https:\/\/blogg.svenskakyrkan.se\/vandravagen\/2021\/03\/02\/kolaby-kyrka-i-bild\/\" \/>\n<meta property=\"og:locale\" content=\"sv_SE\" \/>\n<meta property=\"og:type\" content=\"article\" \/>\n<meta property=\"og:title\" content=\"K\u00f6laby kyrka i bild - Vandra V\u00e4gen\" \/>\n<meta property=\"og:description\" content=\"Jag fick fira Gudstj\u00e4nst i K\u00f6laby kyrka (i t\u00e4torten Tr\u00e4det norr om Ulricehamn) f\u00f6r en tid sedan som min fru ledde. Jag hade aldrig tidigare varit d\u00e4r och eftersom jag sedan tidigare har haft en l\u00e5ng serie bloggposter h\u00e4r d\u00e4r jag fotograferat intressanta detaljer om olika kyrkor jag verkat i eller bes\u00f6kt s\u00e5 tyckte jag [&hellip;]\" \/>\n<meta property=\"og:url\" content=\"https:\/\/blogg.svenskakyrkan.se\/vandravagen\/2021\/03\/02\/kolaby-kyrka-i-bild\/\" \/>\n<meta property=\"og:site_name\" content=\"Vandra V\u00e4gen\" \/>\n<meta property=\"article:publisher\" content=\"http:\/\/facebook.com\/vandravagen\" \/>\n<meta property=\"article:published_time\" content=\"2021-03-02T06:00:30+00:00\" \/>\n<meta property=\"og:image\" content=\"https:\/\/blogg.svenskakyrkan.se\/vandravagen\/files\/2021\/03\/DSC_1179.jpg\" \/>\n\t<meta property=\"og:image:width\" content=\"1280\" \/>\n\t<meta property=\"og:image:height\" content=\"851\" \/>\n\t<meta property=\"og:image:type\" content=\"image\/jpeg\" \/>\n<meta name=\"author\" content=\"Tomas Jarvid\" \/>\n<meta name=\"twitter:card\" content=\"summary_large_image\" \/>\n<meta name=\"twitter:creator\" content=\"@fadertomas\" \/>\n<meta name=\"twitter:site\" content=\"@fadertomas\" \/>\n<meta name=\"twitter:label1\" content=\"Skriven av\" \/>\n\t<meta name=\"twitter:data1\" content=\"Tomas Jarvid\" \/>\n\t<meta name=\"twitter:label2\" content=\"Ber\u00e4knad l\u00e4stid\" \/>\n\t<meta name=\"twitter:data2\" content=\"2 minuter\" \/>\n<script type=\"application\/ld+json\" class=\"yoast-schema-graph\">{\"@context\":\"https:\/\/schema.org\",\"@graph\":[{\"@type\":\"Article\",\"@id\":\"https:\/\/blogg.svenskakyrkan.se\/vandravagen\/2021\/03\/02\/kolaby-kyrka-i-bild\/#article\",\"isPartOf\":{\"@id\":\"https:\/\/blogg.svenskakyrkan.se\/vandravagen\/2021\/03\/02\/kolaby-kyrka-i-bild\/\"},\"author\":{\"name\":\"Tomas Jarvid\",\"@id\":\"https:\/\/blogg.svenskakyrkan.se\/vandravagen\/#\/schema\/person\/25da02d4f76b137d04291711e2c9fc16\"},\"headline\":\"K\u00f6laby kyrka i bild\",\"datePublished\":\"2021-03-02T06:00:30+00:00\",\"mainEntityOfPage\":{\"@id\":\"https:\/\/blogg.svenskakyrkan.se\/vandravagen\/2021\/03\/02\/kolaby-kyrka-i-bild\/\"},\"wordCount\":482,\"commentCount\":2,\"publisher\":{\"@id\":\"https:\/\/blogg.svenskakyrkan.se\/vandravagen\/#organization\"},\"image\":{\"@id\":\"https:\/\/blogg.svenskakyrkan.se\/vandravagen\/2021\/03\/02\/kolaby-kyrka-i-bild\/#primaryimage\"},\"thumbnailUrl\":\"https:\/\/blogg.svenskakyrkan.se\/vandravagen\/files\/2021\/03\/DSC_1179.jpg\",\"articleSection\":[\"bilder\",\"kyrkobilder\"],\"inLanguage\":\"sv-SE\",\"potentialAction\":[{\"@type\":\"CommentAction\",\"name\":\"Comment\",\"target\":[\"https:\/\/blogg.svenskakyrkan.se\/vandravagen\/2021\/03\/02\/kolaby-kyrka-i-bild\/#respond\"]}]},{\"@type\":\"WebPage\",\"@id\":\"https:\/\/blogg.svenskakyrkan.se\/vandravagen\/2021\/03\/02\/kolaby-kyrka-i-bild\/\",\"url\":\"https:\/\/blogg.svenskakyrkan.se\/vandravagen\/2021\/03\/02\/kolaby-kyrka-i-bild\/\",\"name\":\"K\u00f6laby kyrka i bild - Vandra V\u00e4gen\",\"isPartOf\":{\"@id\":\"https:\/\/blogg.svenskakyrkan.se\/vandravagen\/#website\"},\"primaryImageOfPage\":{\"@id\":\"https:\/\/blogg.svenskakyrkan.se\/vandravagen\/2021\/03\/02\/kolaby-kyrka-i-bild\/#primaryimage\"},\"image\":{\"@id\":\"https:\/\/blogg.svenskakyrkan.se\/vandravagen\/2021\/03\/02\/kolaby-kyrka-i-bild\/#primaryimage\"},\"thumbnailUrl\":\"https:\/\/blogg.svenskakyrkan.se\/vandravagen\/files\/2021\/03\/DSC_1179.jpg\",\"datePublished\":\"2021-03-02T06:00:30+00:00\",\"breadcrumb\":{\"@id\":\"https:\/\/blogg.svenskakyrkan.se\/vandravagen\/2021\/03\/02\/kolaby-kyrka-i-bild\/#breadcrumb\"},\"inLanguage\":\"sv-SE\",\"potentialAction\":[{\"@type\":\"ReadAction\",\"target\":[\"https:\/\/blogg.svenskakyrkan.se\/vandravagen\/2021\/03\/02\/kolaby-kyrka-i-bild\/\"]}]},{\"@type\":\"ImageObject\",\"inLanguage\":\"sv-SE\",\"@id\":\"https:\/\/blogg.svenskakyrkan.se\/vandravagen\/2021\/03\/02\/kolaby-kyrka-i-bild\/#primaryimage\",\"url\":\"https:\/\/blogg.svenskakyrkan.se\/vandravagen\/files\/2021\/03\/DSC_1179.jpg\",\"contentUrl\":\"https:\/\/blogg.svenskakyrkan.se\/vandravagen\/files\/2021\/03\/DSC_1179.jpg\",\"width\":1280,\"height\":851},{\"@type\":\"BreadcrumbList\",\"@id\":\"https:\/\/blogg.svenskakyrkan.se\/vandravagen\/2021\/03\/02\/kolaby-kyrka-i-bild\/#breadcrumb\",\"itemListElement\":[{\"@type\":\"ListItem\",\"position\":1,\"name\":\"Hem\",\"item\":\"https:\/\/blogg.svenskakyrkan.se\/vandravagen\/\"},{\"@type\":\"ListItem\",\"position\":2,\"name\":\"K\u00f6laby kyrka i bild\"}]},{\"@type\":\"WebSite\",\"@id\":\"https:\/\/blogg.svenskakyrkan.se\/vandravagen\/#website\",\"url\":\"https:\/\/blogg.svenskakyrkan.se\/vandravagen\/\",\"name\":\"Vandra V\u00e4gen\",\"description\":\"-Mot en tro f\u00f6r hela livet\",\"publisher\":{\"@id\":\"https:\/\/blogg.svenskakyrkan.se\/vandravagen\/#organization\"},\"potentialAction\":[{\"@type\":\"SearchAction\",\"target\":{\"@type\":\"EntryPoint\",\"urlTemplate\":\"https:\/\/blogg.svenskakyrkan.se\/vandravagen\/?s={search_term_string}\"},\"query-input\":{\"@type\":\"PropertyValueSpecification\",\"valueRequired\":true,\"valueName\":\"search_term_string\"}}],\"inLanguage\":\"sv-SE\"},{\"@type\":\"Organization\",\"@id\":\"https:\/\/blogg.svenskakyrkan.se\/vandravagen\/#organization\",\"name\":\"ulricehamns pastorat\",\"alternateName\":\"ulricehamns pastorat\",\"url\":\"https:\/\/blogg.svenskakyrkan.se\/vandravagen\/\",\"logo\":{\"@type\":\"ImageObject\",\"inLanguage\":\"sv-SE\",\"@id\":\"https:\/\/blogg.svenskakyrkan.se\/vandravagen\/#\/schema\/logo\/image\/\",\"url\":\"https:\/\/blogg.svenskakyrkan.se\/vandravagen\/files\/2023\/05\/Ulr_logo_RGB.png\",\"contentUrl\":\"https:\/\/blogg.svenskakyrkan.se\/vandravagen\/files\/2023\/05\/Ulr_logo_RGB.png\",\"width\":205,\"height\":77,\"caption\":\"ulricehamns pastorat\"},\"image\":{\"@id\":\"https:\/\/blogg.svenskakyrkan.se\/vandravagen\/#\/schema\/logo\/image\/\"},\"sameAs\":[\"http:\/\/facebook.com\/vandravagen\",\"https:\/\/x.com\/fadertomas\",\"http:\/\/www.facebook.com\/svenskakyrkaniulricehamn\"]},{\"@type\":\"Person\",\"@id\":\"https:\/\/blogg.svenskakyrkan.se\/vandravagen\/#\/schema\/person\/25da02d4f76b137d04291711e2c9fc16\",\"name\":\"Tomas Jarvid\",\"image\":{\"@type\":\"ImageObject\",\"inLanguage\":\"sv-SE\",\"@id\":\"https:\/\/blogg.svenskakyrkan.se\/vandravagen\/#\/schema\/person\/image\/\",\"url\":\"https:\/\/secure.gravatar.com\/avatar\/7fa71899795e8f540f615a1f5ab25255dc27aa40f05ee7ddd21aac521e01bf50?s=96&d=identicon&r=g\",\"contentUrl\":\"https:\/\/secure.gravatar.com\/avatar\/7fa71899795e8f540f615a1f5ab25255dc27aa40f05ee7ddd21aac521e01bf50?s=96&d=identicon&r=g\",\"caption\":\"Tomas Jarvid\"},\"description\":\"Jag bor i Ulricehamn i V\u00e4sterg\u00f6tland och \u00e4r f\u00f6rsamlingspr\u00e4st i Svenska Kyrkan f\u00f6r Dalstorps f\u00f6rsamling i Kinds pastorat. P\u00e5 den h\u00e4r bloggen skriver jag ner tankar om vandringen som kristen.\",\"sameAs\":[\"http:\/\/www.vandravagen.se\"],\"url\":\"https:\/\/blogg.svenskakyrkan.se\/vandravagen\/author\/vandravagen\/\"}]}<\/script>\n<!-- \/ Yoast SEO plugin. -->","yoast_head_json":{"title":"K\u00f6laby kyrka i bild - Vandra V\u00e4gen","robots":{"index":"index","follow":"follow","max-snippet":"max-snippet:-1","max-image-preview":"max-image-preview:large","max-video-preview":"max-video-preview:-1"},"canonical":"https:\/\/blogg.svenskakyrkan.se\/vandravagen\/2021\/03\/02\/kolaby-kyrka-i-bild\/","og_locale":"sv_SE","og_type":"article","og_title":"K\u00f6laby kyrka i bild - Vandra V\u00e4gen","og_description":"Jag fick fira Gudstj\u00e4nst i K\u00f6laby kyrka (i t\u00e4torten Tr\u00e4det norr om Ulricehamn) f\u00f6r en tid sedan som min fru ledde. Jag hade aldrig tidigare varit d\u00e4r och eftersom jag sedan tidigare har haft en l\u00e5ng serie bloggposter h\u00e4r d\u00e4r jag fotograferat intressanta detaljer om olika kyrkor jag verkat i eller bes\u00f6kt s\u00e5 tyckte jag [&hellip;]","og_url":"https:\/\/blogg.svenskakyrkan.se\/vandravagen\/2021\/03\/02\/kolaby-kyrka-i-bild\/","og_site_name":"Vandra V\u00e4gen","article_publisher":"http:\/\/facebook.com\/vandravagen","article_published_time":"2021-03-02T06:00:30+00:00","og_image":[{"width":1280,"height":851,"url":"https:\/\/blogg.svenskakyrkan.se\/vandravagen\/files\/2021\/03\/DSC_1179.jpg","type":"image\/jpeg"}],"author":"Tomas Jarvid","twitter_card":"summary_large_image","twitter_creator":"@fadertomas","twitter_site":"@fadertomas","twitter_misc":{"Skriven av":"Tomas Jarvid","Ber\u00e4knad l\u00e4stid":"2 minuter"},"schema":{"@context":"https:\/\/schema.org","@graph":[{"@type":"Article","@id":"https:\/\/blogg.svenskakyrkan.se\/vandravagen\/2021\/03\/02\/kolaby-kyrka-i-bild\/#article","isPartOf":{"@id":"https:\/\/blogg.svenskakyrkan.se\/vandravagen\/2021\/03\/02\/kolaby-kyrka-i-bild\/"},"author":{"name":"Tomas Jarvid","@id":"https:\/\/blogg.svenskakyrkan.se\/vandravagen\/#\/schema\/person\/25da02d4f76b137d04291711e2c9fc16"},"headline":"K\u00f6laby kyrka i bild","datePublished":"2021-03-02T06:00:30+00:00","mainEntityOfPage":{"@id":"https:\/\/blogg.svenskakyrkan.se\/vandravagen\/2021\/03\/02\/kolaby-kyrka-i-bild\/"},"wordCount":482,"commentCount":2,"publisher":{"@id":"https:\/\/blogg.svenskakyrkan.se\/vandravagen\/#organization"},"image":{"@id":"https:\/\/blogg.svenskakyrkan.se\/vandravagen\/2021\/03\/02\/kolaby-kyrka-i-bild\/#primaryimage"},"thumbnailUrl":"https:\/\/blogg.svenskakyrkan.se\/vandravagen\/files\/2021\/03\/DSC_1179.jpg","articleSection":["bilder","kyrkobilder"],"inLanguage":"sv-SE","potentialAction":[{"@type":"CommentAction","name":"Comment","target":["https:\/\/blogg.svenskakyrkan.se\/vandravagen\/2021\/03\/02\/kolaby-kyrka-i-bild\/#respond"]}]},{"@type":"WebPage","@id":"https:\/\/blogg.svenskakyrkan.se\/vandravagen\/2021\/03\/02\/kolaby-kyrka-i-bild\/","url":"https:\/\/blogg.svenskakyrkan.se\/vandravagen\/2021\/03\/02\/kolaby-kyrka-i-bild\/","name":"K\u00f6laby kyrka i bild - Vandra V\u00e4gen","isPartOf":{"@id":"https:\/\/blogg.svenskakyrkan.se\/vandravagen\/#website"},"primaryImageOfPage":{"@id":"https:\/\/blogg.svenskakyrkan.se\/vandravagen\/2021\/03\/02\/kolaby-kyrka-i-bild\/#primaryimage"},"image":{"@id":"https:\/\/blogg.svenskakyrkan.se\/vandravagen\/2021\/03\/02\/kolaby-kyrka-i-bild\/#primaryimage"},"thumbnailUrl":"https:\/\/blogg.svenskakyrkan.se\/vandravagen\/files\/2021\/03\/DSC_1179.jpg","datePublished":"2021-03-02T06:00:30+00:00","breadcrumb":{"@id":"https:\/\/blogg.svenskakyrkan.se\/vandravagen\/2021\/03\/02\/kolaby-kyrka-i-bild\/#breadcrumb"},"inLanguage":"sv-SE","potentialAction":[{"@type":"ReadAction","target":["https:\/\/blogg.svenskakyrkan.se\/vandravagen\/2021\/03\/02\/kolaby-kyrka-i-bild\/"]}]},{"@type":"ImageObject","inLanguage":"sv-SE","@id":"https:\/\/blogg.svenskakyrkan.se\/vandravagen\/2021\/03\/02\/kolaby-kyrka-i-bild\/#primaryimage","url":"https:\/\/blogg.svenskakyrkan.se\/vandravagen\/files\/2021\/03\/DSC_1179.jpg","contentUrl":"https:\/\/blogg.svenskakyrkan.se\/vandravagen\/files\/2021\/03\/DSC_1179.jpg","width":1280,"height":851},{"@type":"BreadcrumbList","@id":"https:\/\/blogg.svenskakyrkan.se\/vandravagen\/2021\/03\/02\/kolaby-kyrka-i-bild\/#breadcrumb","itemListElement":[{"@type":"ListItem","position":1,"name":"Hem","item":"https:\/\/blogg.svenskakyrkan.se\/vandravagen\/"},{"@type":"ListItem","position":2,"name":"K\u00f6laby kyrka i bild"}]},{"@type":"WebSite","@id":"https:\/\/blogg.svenskakyrkan.se\/vandravagen\/#website","url":"https:\/\/blogg.svenskakyrkan.se\/vandravagen\/","name":"Vandra V\u00e4gen","description":"-Mot en tro f\u00f6r hela livet","publisher":{"@id":"https:\/\/blogg.svenskakyrkan.se\/vandravagen\/#organization"},"potentialAction":[{"@type":"SearchAction","target":{"@type":"EntryPoint","urlTemplate":"https:\/\/blogg.svenskakyrkan.se\/vandravagen\/?s={search_term_string}"},"query-input":{"@type":"PropertyValueSpecification","valueRequired":true,"valueName":"search_term_string"}}],"inLanguage":"sv-SE"},{"@type":"Organization","@id":"https:\/\/blogg.svenskakyrkan.se\/vandravagen\/#organization","name":"ulricehamns pastorat","alternateName":"ulricehamns pastorat","url":"https:\/\/blogg.svenskakyrkan.se\/vandravagen\/","logo":{"@type":"ImageObject","inLanguage":"sv-SE","@id":"https:\/\/blogg.svenskakyrkan.se\/vandravagen\/#\/schema\/logo\/image\/","url":"https:\/\/blogg.svenskakyrkan.se\/vandravagen\/files\/2023\/05\/Ulr_logo_RGB.png","contentUrl":"https:\/\/blogg.svenskakyrkan.se\/vandravagen\/files\/2023\/05\/Ulr_logo_RGB.png","width":205,"height":77,"caption":"ulricehamns pastorat"},"image":{"@id":"https:\/\/blogg.svenskakyrkan.se\/vandravagen\/#\/schema\/logo\/image\/"},"sameAs":["http:\/\/facebook.com\/vandravagen","https:\/\/x.com\/fadertomas","http:\/\/www.facebook.com\/svenskakyrkaniulricehamn"]},{"@type":"Person","@id":"https:\/\/blogg.svenskakyrkan.se\/vandravagen\/#\/schema\/person\/25da02d4f76b137d04291711e2c9fc16","name":"Tomas Jarvid","image":{"@type":"ImageObject","inLanguage":"sv-SE","@id":"https:\/\/blogg.svenskakyrkan.se\/vandravagen\/#\/schema\/person\/image\/","url":"https:\/\/secure.gravatar.com\/avatar\/7fa71899795e8f540f615a1f5ab25255dc27aa40f05ee7ddd21aac521e01bf50?s=96&d=identicon&r=g","contentUrl":"https:\/\/secure.gravatar.com\/avatar\/7fa71899795e8f540f615a1f5ab25255dc27aa40f05ee7ddd21aac521e01bf50?s=96&d=identicon&r=g","caption":"Tomas Jarvid"},"description":"Jag bor i Ulricehamn i V\u00e4sterg\u00f6tland och \u00e4r f\u00f6rsamlingspr\u00e4st i Svenska Kyrkan f\u00f6r Dalstorps f\u00f6rsamling i Kinds pastorat. P\u00e5 den h\u00e4r bloggen skriver jag ner tankar om vandringen som kristen.","sameAs":["http:\/\/www.vandravagen.se"],"url":"https:\/\/blogg.svenskakyrkan.se\/vandravagen\/author\/vandravagen\/"}]}},"author_meta":{"ID":"392","user_nicename":"vandravagen","user_url":"http:\/\/www.vandravagen.se","user_registered":"2014-05-19 05:44:52","display_name":"Tomas Jarvid","first_name":"Tomas","last_name":"Jarvid","avatar":"https:\/\/secure.gravatar.com\/avatar\/7fa71899795e8f540f615a1f5ab25255dc27aa40f05ee7ddd21aac521e01bf50?s=96&d=identicon&r=g"},"featured_image":["https:\/\/blogg.svenskakyrkan.se\/vandravagen\/files\/2021\/03\/DSC_1179-1024x681.jpg",1024,681,true],"bloginfo":{"name":"Vandra V\u00e4gen","url":"https:\/\/blogg.svenskakyrkan.se\/vandravagen"},"_links":{"self":[{"href":"https:\/\/blogg.svenskakyrkan.se\/vandravagen\/wp-json\/wp\/v2\/posts\/8484","targetHints":{"allow":["GET"]}}],"collection":[{"href":"https:\/\/blogg.svenskakyrkan.se\/vandravagen\/wp-json\/wp\/v2\/posts"}],"about":[{"href":"https:\/\/blogg.svenskakyrkan.se\/vandravagen\/wp-json\/wp\/v2\/types\/post"}],"author":[{"embeddable":true,"href":"https:\/\/blogg.svenskakyrkan.se\/vandravagen\/wp-json\/wp\/v2\/users\/392"}],"replies":[{"embeddable":true,"href":"https:\/\/blogg.svenskakyrkan.se\/vandravagen\/wp-json\/wp\/v2\/comments?post=8484"}],"version-history":[{"count":1,"href":"https:\/\/blogg.svenskakyrkan.se\/vandravagen\/wp-json\/wp\/v2\/posts\/8484\/revisions"}],"predecessor-version":[{"id":8494,"href":"https:\/\/blogg.svenskakyrkan.se\/vandravagen\/wp-json\/wp\/v2\/posts\/8484\/revisions\/8494"}],"wp:featuredmedia":[{"embeddable":true,"href":"https:\/\/blogg.svenskakyrkan.se\/vandravagen\/wp-json\/wp\/v2\/media\/8485"}],"wp:attachment":[{"href":"https:\/\/blogg.svenskakyrkan.se\/vandravagen\/wp-json\/wp\/v2\/media?parent=8484"}],"wp:term":[{"taxonomy":"category","embeddable":true,"href":"https:\/\/blogg.svenskakyrkan.se\/vandravagen\/wp-json\/wp\/v2\/categories?post=8484"},{"taxonomy":"post_tag","embeddable":true,"href":"https:\/\/blogg.svenskakyrkan.se\/vandravagen\/wp-json\/wp\/v2\/tags?post=8484"}],"curies":[{"name":"wp","href":"https:\/\/api.w.org\/{rel}","templated":true}]}}