{"id":8510,"date":"2021-03-16T07:46:44","date_gmt":"2021-03-16T06:46:44","guid":{"rendered":"http:\/\/blogg.svenskakyrkan.se\/vandravagen\/?p=8510"},"modified":"2021-03-16T07:46:44","modified_gmt":"2021-03-16T06:46:44","slug":"sorgedikter-av-malin-lindqvist","status":"publish","type":"post","link":"https:\/\/blogg.svenskakyrkan.se\/vandravagen\/2021\/03\/16\/sorgedikter-av-malin-lindqvist\/","title":{"rendered":"Sorgedikter av Malin Lindqvist"},"content":{"rendered":"\n\n\n<figure class=\"wp-block-image size-large is-style-default\"><img loading=\"lazy\" decoding=\"async\" width=\"1024\" height=\"768\" src=\"https:\/\/blogg.svenskakyrkan.se\/vandravagen\/files\/2021\/03\/IMG_8090-1024x768.jpg\" alt=\"\" class=\"wp-image-8511\" srcset=\"https:\/\/blogg.svenskakyrkan.se\/vandravagen\/files\/2021\/03\/IMG_8090-1024x768.jpg 1024w, https:\/\/blogg.svenskakyrkan.se\/vandravagen\/files\/2021\/03\/IMG_8090-300x225.jpg 300w, https:\/\/blogg.svenskakyrkan.se\/vandravagen\/files\/2021\/03\/IMG_8090-768x576.jpg 768w, https:\/\/blogg.svenskakyrkan.se\/vandravagen\/files\/2021\/03\/IMG_8090-1200x900.jpg 1200w, https:\/\/blogg.svenskakyrkan.se\/vandravagen\/files\/2021\/03\/IMG_8090.jpg 1280w\" sizes=\"auto, (max-width: 1024px) 100vw, 1024px\" \/><\/figure>\n\n\n\n<p>Jag har f\u00e5tt lov av Malin Lindqvist att publicera dessa dikter om sorg. Sorg \u00e4r ett \u00e4mne som det talas sorgligt lite om i v\u00e5rt samh\u00e4lle idag fast det pr\u00e4glar s\u00e5 m\u00e5nga m\u00e4nniskors liv p\u00e5 ett eller annat s\u00e4tt. I ett samh\u00e4lle som ska vara s\u00e5 effektivt som v\u00e5rt \u00e4r det ocks\u00e5 ofta s\u00e5 att sorgen borde klaras av snabbt och effektivt s\u00e5 att livet kan g\u00e5 vidare s\u00e5 st\u00f6rningsfritt som m\u00f6jligt. S\u00e5 \u00e4r det ju inte, sorg inneb\u00e4r ju att v\u00e5r k\u00e4rlek till n\u00e5gon har blivit heml\u00f6s och det har vi att forts\u00e4tta leva med. <\/p>\n\n\n\n<p>Tack Malin f\u00f6r dina ord. Eftersom jag inte hade titlar p\u00e5 dikterna satte jag dem s\u00e5 h\u00e4r med lite mellanrum emellan. Hoppas det \u00e4r l\u00e4tt att l\u00e4sa s\u00e5. Om du som l\u00e4ser har n\u00e5gra egna tankar om sorg du vill dela f\u00e5r du g\u00e4rna skriva en rad i kommentarerna.<\/p>\n\n\n\n<p><strong>Till G\u00f6ran<\/strong><\/p>\n\n\n\n<p>H\u00f6r!!<\/p>\n\n\n\n<p>Kyrkklockans tord\u00f6n<br>ekar genom \u00e5rtusenden som g\u00e5tt<br>ekar f\u00f6r tidens flykt,<br>livets sk\u00f6ra l\u00e5ga,<br>som \u00e4nd\u00e5 b\u00e4rs av klockans klang<br>genom tiden,<br>in i evigheten,<br>h\u00e4r och nu.<\/p>\n\n\n\n<p>Tiden r\u00e4mnar, evigheten stannar&nbsp;<br>\u00f6gonblicket brister o\u00e4ndligen sakta,&nbsp;<br>faller ner i den l\u00e5ngsamma sorgens stumhet,<br>faller i min hand,<br>som sluter sig om evigheten,&nbsp;<br>och l\u00e5ter honom stanna d\u00e4r.<\/p>\n\n\n\n<p>Jag avviker ur dagens verklighet<br>r\u00e4tt ut till v\u00e4nster<br>g\u00e5r ner mig i tr\u00e4sket<br>d\u00e4r jag ska vara resten av livet.<\/p>\n\n\n\n<p>F\u00e4rdkamrater tar jag med mig<br>stadiga, trygga.<br>Vi st\u00f6ttar varandra<br>vilket beh\u00f6vs,<br>d\u00e5 vi \u00e4r d\u00e4r inget finns,&nbsp;<br>som borde finnas,<br>inget h\u00f6rs,<br>som b\u00f6rde h\u00f6ras.<\/p>\n\n\n\n<p>Stigen tar slut,<br>m\u00f6rkret djupnar<br>s\u00e5 ljuset vid horisonten syns.<br>Stigen som inte finns leder dit.<\/p>\n\n\n\n<p><\/p>\n\n\n\n<p><\/p>\n\n\n\n<p>Man vill ta ifr\u00e5n mig min sorg.<br>Det enda jag har kvar.<br>N\u00e4r jag inte kan vara n\u00e4ra,&nbsp;<br>n\u00e4r jag inte kan h\u00f6ra hans r\u00f6st,<br>inte f\u00e5 st\u00f6d och tr\u00f6st,<br>\u00e4r sorgen det enda jag har kvar.<br>Ta inte ifr\u00e5n mig min sorg.<\/p>\n\n\n\n<p><\/p>\n\n\n\n<p><\/p>\n\n\n\n<p>Man vill st\u00e4da hos mig,<br>mitt inre och mitt hus.<br>Draifr\u00e5n de sneda, dammiga gardinerna,<br>tv\u00e4tta f\u00f6nstren,<br>s\u00e5 den obarmh\u00e4rtiga verkligheten,&nbsp;<br>d\u00e4r han inte l\u00e4ngre finns,<br>d\u00e4r livet fortg\u00e5r i sin tomma om\u00f6jlighet,&nbsp;<br>fortg\u00e5r utan honom,<br>tr\u00e4nger sig in i mitt hus och min sj\u00e4l,<br>s\u00e5 jag ingenstans kommer undan.<\/p>\n\n\n\n<p>L\u00e5t mig \u00e5tminstone fa ha den fattiga illusionen kvar,<br>n\u00e5nstans f\u00e5 vara ifred fr\u00e5n den sm\u00e4rtsamma tillvaro jag f\u00f6rnekar.<br>Ta inte ifr\u00e5n mig min sorg.<\/p>\n\n\n\n<p>Av Malin Lindqvist i Huddinge<\/p>\n","protected":false},"excerpt":{"rendered":"<p>Jag har f\u00e5tt lov av Malin Lindqvist att publicera dessa dikter om sorg. Sorg \u00e4r ett \u00e4mne som det talas sorgligt lite om i v\u00e5rt samh\u00e4lle idag fast det pr\u00e4glar s\u00e5 m\u00e5nga m\u00e4nniskors liv p\u00e5 ett eller annat s\u00e4tt. I ett samh\u00e4lle som ska vara s\u00e5 effektivt som v\u00e5rt \u00e4r det ocks\u00e5 ofta s\u00e5 att [&hellip;]<\/p>\n","protected":false},"author":392,"featured_media":8511,"comment_status":"open","ping_status":"open","sticky":false,"template":"","format":"standard","meta":{"_acf_changed":false,"footnotes":""},"categories":[17159,83861,77554],"tags":[],"class_list":["post-8510","post","type-post","status-publish","format-standard","has-post-thumbnail","hentry","category-poesi","category-sorg","category-vara-manniska"],"acf":[],"yoast_head":"<!-- This site is optimized with the Yoast SEO plugin v27.1.1 - https:\/\/yoast.com\/product\/yoast-seo-wordpress\/ -->\n<title>Sorgedikter av Malin Lindqvist - Vandra V\u00e4gen<\/title>\n<meta name=\"robots\" content=\"index, follow, max-snippet:-1, max-image-preview:large, max-video-preview:-1\" \/>\n<link rel=\"canonical\" href=\"https:\/\/blogg.svenskakyrkan.se\/vandravagen\/2021\/03\/16\/sorgedikter-av-malin-lindqvist\/\" \/>\n<meta property=\"og:locale\" content=\"sv_SE\" \/>\n<meta property=\"og:type\" content=\"article\" \/>\n<meta property=\"og:title\" content=\"Sorgedikter av Malin Lindqvist - Vandra V\u00e4gen\" \/>\n<meta property=\"og:description\" content=\"Jag har f\u00e5tt lov av Malin Lindqvist att publicera dessa dikter om sorg. Sorg \u00e4r ett \u00e4mne som det talas sorgligt lite om i v\u00e5rt samh\u00e4lle idag fast det pr\u00e4glar s\u00e5 m\u00e5nga m\u00e4nniskors liv p\u00e5 ett eller annat s\u00e4tt. I ett samh\u00e4lle som ska vara s\u00e5 effektivt som v\u00e5rt \u00e4r det ocks\u00e5 ofta s\u00e5 att [&hellip;]\" \/>\n<meta property=\"og:url\" content=\"https:\/\/blogg.svenskakyrkan.se\/vandravagen\/2021\/03\/16\/sorgedikter-av-malin-lindqvist\/\" \/>\n<meta property=\"og:site_name\" content=\"Vandra V\u00e4gen\" \/>\n<meta property=\"article:publisher\" content=\"http:\/\/facebook.com\/vandravagen\" \/>\n<meta property=\"article:published_time\" content=\"2021-03-16T06:46:44+00:00\" \/>\n<meta property=\"og:image\" content=\"https:\/\/blogg.svenskakyrkan.se\/vandravagen\/files\/2021\/03\/IMG_8090.jpg\" \/>\n\t<meta property=\"og:image:width\" content=\"1280\" \/>\n\t<meta property=\"og:image:height\" content=\"960\" \/>\n\t<meta property=\"og:image:type\" content=\"image\/jpeg\" \/>\n<meta name=\"author\" content=\"Tomas Jarvid\" \/>\n<meta name=\"twitter:card\" content=\"summary_large_image\" \/>\n<meta name=\"twitter:creator\" content=\"@fadertomas\" \/>\n<meta name=\"twitter:site\" content=\"@fadertomas\" \/>\n<meta name=\"twitter:label1\" content=\"Skriven av\" \/>\n\t<meta name=\"twitter:data1\" content=\"Tomas Jarvid\" \/>\n\t<meta name=\"twitter:label2\" content=\"Ber\u00e4knad l\u00e4stid\" \/>\n\t<meta name=\"twitter:data2\" content=\"2 minuter\" \/>\n<script type=\"application\/ld+json\" class=\"yoast-schema-graph\">{\"@context\":\"https:\/\/schema.org\",\"@graph\":[{\"@type\":\"Article\",\"@id\":\"https:\/\/blogg.svenskakyrkan.se\/vandravagen\/2021\/03\/16\/sorgedikter-av-malin-lindqvist\/#article\",\"isPartOf\":{\"@id\":\"https:\/\/blogg.svenskakyrkan.se\/vandravagen\/2021\/03\/16\/sorgedikter-av-malin-lindqvist\/\"},\"author\":{\"name\":\"Tomas Jarvid\",\"@id\":\"https:\/\/blogg.svenskakyrkan.se\/vandravagen\/#\/schema\/person\/25da02d4f76b137d04291711e2c9fc16\"},\"headline\":\"Sorgedikter av Malin Lindqvist\",\"datePublished\":\"2021-03-16T06:46:44+00:00\",\"mainEntityOfPage\":{\"@id\":\"https:\/\/blogg.svenskakyrkan.se\/vandravagen\/2021\/03\/16\/sorgedikter-av-malin-lindqvist\/\"},\"wordCount\":473,\"commentCount\":2,\"publisher\":{\"@id\":\"https:\/\/blogg.svenskakyrkan.se\/vandravagen\/#organization\"},\"image\":{\"@id\":\"https:\/\/blogg.svenskakyrkan.se\/vandravagen\/2021\/03\/16\/sorgedikter-av-malin-lindqvist\/#primaryimage\"},\"thumbnailUrl\":\"https:\/\/blogg.svenskakyrkan.se\/vandravagen\/files\/2021\/03\/IMG_8090.jpg\",\"articleSection\":[\"poesi\",\"sorg\",\"vara m\u00e4nniska\"],\"inLanguage\":\"sv-SE\",\"potentialAction\":[{\"@type\":\"CommentAction\",\"name\":\"Comment\",\"target\":[\"https:\/\/blogg.svenskakyrkan.se\/vandravagen\/2021\/03\/16\/sorgedikter-av-malin-lindqvist\/#respond\"]}]},{\"@type\":\"WebPage\",\"@id\":\"https:\/\/blogg.svenskakyrkan.se\/vandravagen\/2021\/03\/16\/sorgedikter-av-malin-lindqvist\/\",\"url\":\"https:\/\/blogg.svenskakyrkan.se\/vandravagen\/2021\/03\/16\/sorgedikter-av-malin-lindqvist\/\",\"name\":\"Sorgedikter av Malin Lindqvist - Vandra V\u00e4gen\",\"isPartOf\":{\"@id\":\"https:\/\/blogg.svenskakyrkan.se\/vandravagen\/#website\"},\"primaryImageOfPage\":{\"@id\":\"https:\/\/blogg.svenskakyrkan.se\/vandravagen\/2021\/03\/16\/sorgedikter-av-malin-lindqvist\/#primaryimage\"},\"image\":{\"@id\":\"https:\/\/blogg.svenskakyrkan.se\/vandravagen\/2021\/03\/16\/sorgedikter-av-malin-lindqvist\/#primaryimage\"},\"thumbnailUrl\":\"https:\/\/blogg.svenskakyrkan.se\/vandravagen\/files\/2021\/03\/IMG_8090.jpg\",\"datePublished\":\"2021-03-16T06:46:44+00:00\",\"breadcrumb\":{\"@id\":\"https:\/\/blogg.svenskakyrkan.se\/vandravagen\/2021\/03\/16\/sorgedikter-av-malin-lindqvist\/#breadcrumb\"},\"inLanguage\":\"sv-SE\",\"potentialAction\":[{\"@type\":\"ReadAction\",\"target\":[\"https:\/\/blogg.svenskakyrkan.se\/vandravagen\/2021\/03\/16\/sorgedikter-av-malin-lindqvist\/\"]}]},{\"@type\":\"ImageObject\",\"inLanguage\":\"sv-SE\",\"@id\":\"https:\/\/blogg.svenskakyrkan.se\/vandravagen\/2021\/03\/16\/sorgedikter-av-malin-lindqvist\/#primaryimage\",\"url\":\"https:\/\/blogg.svenskakyrkan.se\/vandravagen\/files\/2021\/03\/IMG_8090.jpg\",\"contentUrl\":\"https:\/\/blogg.svenskakyrkan.se\/vandravagen\/files\/2021\/03\/IMG_8090.jpg\",\"width\":1280,\"height\":960},{\"@type\":\"BreadcrumbList\",\"@id\":\"https:\/\/blogg.svenskakyrkan.se\/vandravagen\/2021\/03\/16\/sorgedikter-av-malin-lindqvist\/#breadcrumb\",\"itemListElement\":[{\"@type\":\"ListItem\",\"position\":1,\"name\":\"Hem\",\"item\":\"https:\/\/blogg.svenskakyrkan.se\/vandravagen\/\"},{\"@type\":\"ListItem\",\"position\":2,\"name\":\"Sorgedikter av Malin Lindqvist\"}]},{\"@type\":\"WebSite\",\"@id\":\"https:\/\/blogg.svenskakyrkan.se\/vandravagen\/#website\",\"url\":\"https:\/\/blogg.svenskakyrkan.se\/vandravagen\/\",\"name\":\"Vandra V\u00e4gen\",\"description\":\"-Mot en tro f\u00f6r hela livet\",\"publisher\":{\"@id\":\"https:\/\/blogg.svenskakyrkan.se\/vandravagen\/#organization\"},\"potentialAction\":[{\"@type\":\"SearchAction\",\"target\":{\"@type\":\"EntryPoint\",\"urlTemplate\":\"https:\/\/blogg.svenskakyrkan.se\/vandravagen\/?s={search_term_string}\"},\"query-input\":{\"@type\":\"PropertyValueSpecification\",\"valueRequired\":true,\"valueName\":\"search_term_string\"}}],\"inLanguage\":\"sv-SE\"},{\"@type\":\"Organization\",\"@id\":\"https:\/\/blogg.svenskakyrkan.se\/vandravagen\/#organization\",\"name\":\"ulricehamns pastorat\",\"alternateName\":\"ulricehamns pastorat\",\"url\":\"https:\/\/blogg.svenskakyrkan.se\/vandravagen\/\",\"logo\":{\"@type\":\"ImageObject\",\"inLanguage\":\"sv-SE\",\"@id\":\"https:\/\/blogg.svenskakyrkan.se\/vandravagen\/#\/schema\/logo\/image\/\",\"url\":\"https:\/\/blogg.svenskakyrkan.se\/vandravagen\/files\/2023\/05\/Ulr_logo_RGB.png\",\"contentUrl\":\"https:\/\/blogg.svenskakyrkan.se\/vandravagen\/files\/2023\/05\/Ulr_logo_RGB.png\",\"width\":205,\"height\":77,\"caption\":\"ulricehamns pastorat\"},\"image\":{\"@id\":\"https:\/\/blogg.svenskakyrkan.se\/vandravagen\/#\/schema\/logo\/image\/\"},\"sameAs\":[\"http:\/\/facebook.com\/vandravagen\",\"https:\/\/x.com\/fadertomas\",\"http:\/\/www.facebook.com\/svenskakyrkaniulricehamn\"]},{\"@type\":\"Person\",\"@id\":\"https:\/\/blogg.svenskakyrkan.se\/vandravagen\/#\/schema\/person\/25da02d4f76b137d04291711e2c9fc16\",\"name\":\"Tomas Jarvid\",\"image\":{\"@type\":\"ImageObject\",\"inLanguage\":\"sv-SE\",\"@id\":\"https:\/\/blogg.svenskakyrkan.se\/vandravagen\/#\/schema\/person\/image\/\",\"url\":\"https:\/\/secure.gravatar.com\/avatar\/7fa71899795e8f540f615a1f5ab25255dc27aa40f05ee7ddd21aac521e01bf50?s=96&d=identicon&r=g\",\"contentUrl\":\"https:\/\/secure.gravatar.com\/avatar\/7fa71899795e8f540f615a1f5ab25255dc27aa40f05ee7ddd21aac521e01bf50?s=96&d=identicon&r=g\",\"caption\":\"Tomas Jarvid\"},\"description\":\"Jag bor i Ulricehamn i V\u00e4sterg\u00f6tland och \u00e4r f\u00f6rsamlingspr\u00e4st i Svenska Kyrkan f\u00f6r Dalstorps f\u00f6rsamling i Kinds pastorat. P\u00e5 den h\u00e4r bloggen skriver jag ner tankar om vandringen som kristen.\",\"sameAs\":[\"http:\/\/www.vandravagen.se\"],\"url\":\"https:\/\/blogg.svenskakyrkan.se\/vandravagen\/author\/vandravagen\/\"}]}<\/script>\n<!-- \/ Yoast SEO plugin. -->","yoast_head_json":{"title":"Sorgedikter av Malin Lindqvist - Vandra V\u00e4gen","robots":{"index":"index","follow":"follow","max-snippet":"max-snippet:-1","max-image-preview":"max-image-preview:large","max-video-preview":"max-video-preview:-1"},"canonical":"https:\/\/blogg.svenskakyrkan.se\/vandravagen\/2021\/03\/16\/sorgedikter-av-malin-lindqvist\/","og_locale":"sv_SE","og_type":"article","og_title":"Sorgedikter av Malin Lindqvist - Vandra V\u00e4gen","og_description":"Jag har f\u00e5tt lov av Malin Lindqvist att publicera dessa dikter om sorg. Sorg \u00e4r ett \u00e4mne som det talas sorgligt lite om i v\u00e5rt samh\u00e4lle idag fast det pr\u00e4glar s\u00e5 m\u00e5nga m\u00e4nniskors liv p\u00e5 ett eller annat s\u00e4tt. I ett samh\u00e4lle som ska vara s\u00e5 effektivt som v\u00e5rt \u00e4r det ocks\u00e5 ofta s\u00e5 att [&hellip;]","og_url":"https:\/\/blogg.svenskakyrkan.se\/vandravagen\/2021\/03\/16\/sorgedikter-av-malin-lindqvist\/","og_site_name":"Vandra V\u00e4gen","article_publisher":"http:\/\/facebook.com\/vandravagen","article_published_time":"2021-03-16T06:46:44+00:00","og_image":[{"width":1280,"height":960,"url":"https:\/\/blogg.svenskakyrkan.se\/vandravagen\/files\/2021\/03\/IMG_8090.jpg","type":"image\/jpeg"}],"author":"Tomas Jarvid","twitter_card":"summary_large_image","twitter_creator":"@fadertomas","twitter_site":"@fadertomas","twitter_misc":{"Skriven av":"Tomas Jarvid","Ber\u00e4knad l\u00e4stid":"2 minuter"},"schema":{"@context":"https:\/\/schema.org","@graph":[{"@type":"Article","@id":"https:\/\/blogg.svenskakyrkan.se\/vandravagen\/2021\/03\/16\/sorgedikter-av-malin-lindqvist\/#article","isPartOf":{"@id":"https:\/\/blogg.svenskakyrkan.se\/vandravagen\/2021\/03\/16\/sorgedikter-av-malin-lindqvist\/"},"author":{"name":"Tomas Jarvid","@id":"https:\/\/blogg.svenskakyrkan.se\/vandravagen\/#\/schema\/person\/25da02d4f76b137d04291711e2c9fc16"},"headline":"Sorgedikter av Malin Lindqvist","datePublished":"2021-03-16T06:46:44+00:00","mainEntityOfPage":{"@id":"https:\/\/blogg.svenskakyrkan.se\/vandravagen\/2021\/03\/16\/sorgedikter-av-malin-lindqvist\/"},"wordCount":473,"commentCount":2,"publisher":{"@id":"https:\/\/blogg.svenskakyrkan.se\/vandravagen\/#organization"},"image":{"@id":"https:\/\/blogg.svenskakyrkan.se\/vandravagen\/2021\/03\/16\/sorgedikter-av-malin-lindqvist\/#primaryimage"},"thumbnailUrl":"https:\/\/blogg.svenskakyrkan.se\/vandravagen\/files\/2021\/03\/IMG_8090.jpg","articleSection":["poesi","sorg","vara m\u00e4nniska"],"inLanguage":"sv-SE","potentialAction":[{"@type":"CommentAction","name":"Comment","target":["https:\/\/blogg.svenskakyrkan.se\/vandravagen\/2021\/03\/16\/sorgedikter-av-malin-lindqvist\/#respond"]}]},{"@type":"WebPage","@id":"https:\/\/blogg.svenskakyrkan.se\/vandravagen\/2021\/03\/16\/sorgedikter-av-malin-lindqvist\/","url":"https:\/\/blogg.svenskakyrkan.se\/vandravagen\/2021\/03\/16\/sorgedikter-av-malin-lindqvist\/","name":"Sorgedikter av Malin Lindqvist - Vandra V\u00e4gen","isPartOf":{"@id":"https:\/\/blogg.svenskakyrkan.se\/vandravagen\/#website"},"primaryImageOfPage":{"@id":"https:\/\/blogg.svenskakyrkan.se\/vandravagen\/2021\/03\/16\/sorgedikter-av-malin-lindqvist\/#primaryimage"},"image":{"@id":"https:\/\/blogg.svenskakyrkan.se\/vandravagen\/2021\/03\/16\/sorgedikter-av-malin-lindqvist\/#primaryimage"},"thumbnailUrl":"https:\/\/blogg.svenskakyrkan.se\/vandravagen\/files\/2021\/03\/IMG_8090.jpg","datePublished":"2021-03-16T06:46:44+00:00","breadcrumb":{"@id":"https:\/\/blogg.svenskakyrkan.se\/vandravagen\/2021\/03\/16\/sorgedikter-av-malin-lindqvist\/#breadcrumb"},"inLanguage":"sv-SE","potentialAction":[{"@type":"ReadAction","target":["https:\/\/blogg.svenskakyrkan.se\/vandravagen\/2021\/03\/16\/sorgedikter-av-malin-lindqvist\/"]}]},{"@type":"ImageObject","inLanguage":"sv-SE","@id":"https:\/\/blogg.svenskakyrkan.se\/vandravagen\/2021\/03\/16\/sorgedikter-av-malin-lindqvist\/#primaryimage","url":"https:\/\/blogg.svenskakyrkan.se\/vandravagen\/files\/2021\/03\/IMG_8090.jpg","contentUrl":"https:\/\/blogg.svenskakyrkan.se\/vandravagen\/files\/2021\/03\/IMG_8090.jpg","width":1280,"height":960},{"@type":"BreadcrumbList","@id":"https:\/\/blogg.svenskakyrkan.se\/vandravagen\/2021\/03\/16\/sorgedikter-av-malin-lindqvist\/#breadcrumb","itemListElement":[{"@type":"ListItem","position":1,"name":"Hem","item":"https:\/\/blogg.svenskakyrkan.se\/vandravagen\/"},{"@type":"ListItem","position":2,"name":"Sorgedikter av Malin Lindqvist"}]},{"@type":"WebSite","@id":"https:\/\/blogg.svenskakyrkan.se\/vandravagen\/#website","url":"https:\/\/blogg.svenskakyrkan.se\/vandravagen\/","name":"Vandra V\u00e4gen","description":"-Mot en tro f\u00f6r hela livet","publisher":{"@id":"https:\/\/blogg.svenskakyrkan.se\/vandravagen\/#organization"},"potentialAction":[{"@type":"SearchAction","target":{"@type":"EntryPoint","urlTemplate":"https:\/\/blogg.svenskakyrkan.se\/vandravagen\/?s={search_term_string}"},"query-input":{"@type":"PropertyValueSpecification","valueRequired":true,"valueName":"search_term_string"}}],"inLanguage":"sv-SE"},{"@type":"Organization","@id":"https:\/\/blogg.svenskakyrkan.se\/vandravagen\/#organization","name":"ulricehamns pastorat","alternateName":"ulricehamns pastorat","url":"https:\/\/blogg.svenskakyrkan.se\/vandravagen\/","logo":{"@type":"ImageObject","inLanguage":"sv-SE","@id":"https:\/\/blogg.svenskakyrkan.se\/vandravagen\/#\/schema\/logo\/image\/","url":"https:\/\/blogg.svenskakyrkan.se\/vandravagen\/files\/2023\/05\/Ulr_logo_RGB.png","contentUrl":"https:\/\/blogg.svenskakyrkan.se\/vandravagen\/files\/2023\/05\/Ulr_logo_RGB.png","width":205,"height":77,"caption":"ulricehamns pastorat"},"image":{"@id":"https:\/\/blogg.svenskakyrkan.se\/vandravagen\/#\/schema\/logo\/image\/"},"sameAs":["http:\/\/facebook.com\/vandravagen","https:\/\/x.com\/fadertomas","http:\/\/www.facebook.com\/svenskakyrkaniulricehamn"]},{"@type":"Person","@id":"https:\/\/blogg.svenskakyrkan.se\/vandravagen\/#\/schema\/person\/25da02d4f76b137d04291711e2c9fc16","name":"Tomas Jarvid","image":{"@type":"ImageObject","inLanguage":"sv-SE","@id":"https:\/\/blogg.svenskakyrkan.se\/vandravagen\/#\/schema\/person\/image\/","url":"https:\/\/secure.gravatar.com\/avatar\/7fa71899795e8f540f615a1f5ab25255dc27aa40f05ee7ddd21aac521e01bf50?s=96&d=identicon&r=g","contentUrl":"https:\/\/secure.gravatar.com\/avatar\/7fa71899795e8f540f615a1f5ab25255dc27aa40f05ee7ddd21aac521e01bf50?s=96&d=identicon&r=g","caption":"Tomas Jarvid"},"description":"Jag bor i Ulricehamn i V\u00e4sterg\u00f6tland och \u00e4r f\u00f6rsamlingspr\u00e4st i Svenska Kyrkan f\u00f6r Dalstorps f\u00f6rsamling i Kinds pastorat. P\u00e5 den h\u00e4r bloggen skriver jag ner tankar om vandringen som kristen.","sameAs":["http:\/\/www.vandravagen.se"],"url":"https:\/\/blogg.svenskakyrkan.se\/vandravagen\/author\/vandravagen\/"}]}},"author_meta":{"ID":"392","user_nicename":"vandravagen","user_url":"http:\/\/www.vandravagen.se","user_registered":"2014-05-19 05:44:52","display_name":"Tomas Jarvid","first_name":"Tomas","last_name":"Jarvid","avatar":"https:\/\/secure.gravatar.com\/avatar\/7fa71899795e8f540f615a1f5ab25255dc27aa40f05ee7ddd21aac521e01bf50?s=96&d=identicon&r=g"},"featured_image":["https:\/\/blogg.svenskakyrkan.se\/vandravagen\/files\/2021\/03\/IMG_8090-1024x768.jpg",1024,768,true],"bloginfo":{"name":"Vandra V\u00e4gen","url":"https:\/\/blogg.svenskakyrkan.se\/vandravagen"},"_links":{"self":[{"href":"https:\/\/blogg.svenskakyrkan.se\/vandravagen\/wp-json\/wp\/v2\/posts\/8510","targetHints":{"allow":["GET"]}}],"collection":[{"href":"https:\/\/blogg.svenskakyrkan.se\/vandravagen\/wp-json\/wp\/v2\/posts"}],"about":[{"href":"https:\/\/blogg.svenskakyrkan.se\/vandravagen\/wp-json\/wp\/v2\/types\/post"}],"author":[{"embeddable":true,"href":"https:\/\/blogg.svenskakyrkan.se\/vandravagen\/wp-json\/wp\/v2\/users\/392"}],"replies":[{"embeddable":true,"href":"https:\/\/blogg.svenskakyrkan.se\/vandravagen\/wp-json\/wp\/v2\/comments?post=8510"}],"version-history":[{"count":2,"href":"https:\/\/blogg.svenskakyrkan.se\/vandravagen\/wp-json\/wp\/v2\/posts\/8510\/revisions"}],"predecessor-version":[{"id":8513,"href":"https:\/\/blogg.svenskakyrkan.se\/vandravagen\/wp-json\/wp\/v2\/posts\/8510\/revisions\/8513"}],"wp:featuredmedia":[{"embeddable":true,"href":"https:\/\/blogg.svenskakyrkan.se\/vandravagen\/wp-json\/wp\/v2\/media\/8511"}],"wp:attachment":[{"href":"https:\/\/blogg.svenskakyrkan.se\/vandravagen\/wp-json\/wp\/v2\/media?parent=8510"}],"wp:term":[{"taxonomy":"category","embeddable":true,"href":"https:\/\/blogg.svenskakyrkan.se\/vandravagen\/wp-json\/wp\/v2\/categories?post=8510"},{"taxonomy":"post_tag","embeddable":true,"href":"https:\/\/blogg.svenskakyrkan.se\/vandravagen\/wp-json\/wp\/v2\/tags?post=8510"}],"curies":[{"name":"wp","href":"https:\/\/api.w.org\/{rel}","templated":true}]}}