{"id":8514,"date":"2021-03-21T07:00:22","date_gmt":"2021-03-21T06:00:22","guid":{"rendered":"http:\/\/blogg.svenskakyrkan.se\/vandravagen\/?p=8514"},"modified":"2021-03-20T19:22:40","modified_gmt":"2021-03-20T18:22:40","slug":"10-blandade-tankar-pa-sondagen-62","status":"publish","type":"post","link":"https:\/\/blogg.svenskakyrkan.se\/vandravagen\/2021\/03\/21\/10-blandade-tankar-pa-sondagen-62\/","title":{"rendered":"10 blandade tankar p\u00e5 s\u00f6ndagen"},"content":{"rendered":"\n\n\n<figure class=\"wp-block-image size-large is-style-default\"><img loading=\"lazy\" decoding=\"async\" width=\"763\" height=\"493\" src=\"https:\/\/blogg.svenskakyrkan.se\/vandravagen\/files\/2021\/03\/IMG_8176.jpg\" alt=\"\" class=\"wp-image-8515\" srcset=\"https:\/\/blogg.svenskakyrkan.se\/vandravagen\/files\/2021\/03\/IMG_8176.jpg 763w, https:\/\/blogg.svenskakyrkan.se\/vandravagen\/files\/2021\/03\/IMG_8176-300x194.jpg 300w\" sizes=\"auto, (max-width: 763px) 100vw, 763px\" \/><\/figure>\n\n\n\n<ol class=\"wp-block-list\"><li>Glad s\u00f6ndag k\u00e4ra l\u00e4sare!<\/li><li>Idag \u00e4r det &#8221;jungfru Marie beb\u00e5delsedag&#8221; (egentligen 25 mars om man vill vara petig men som ofta i v\u00e5rt land \u00e4r dagen flyttad till n\u00e4rmaste s\u00f6ndag). Det finns mycket sp\u00e4nnande med den dagen. Jag har f\u00f6rst\u00e5tt att det \u00e4ven \u00e4r ett gammalt datum f\u00f6r n\u00e4r den f\u00f6rsta p\u00e5sken egentligen var, och likas\u00e5 att v\u00e4rlden ska vara skapad nu vid v\u00e5rdagj\u00e4mningen. V\u00e5rdagj\u00e4mning sammanfaller ju dessutom av sig sj\u00e4lv med 9 m\u00e5nader till midvintern och julen. <\/li><li>Jag ska finnas i Nittorps kyrka 10-12 d\u00e5 kyrkan \u00e4r \u00f6ppen f\u00f6r andakt. Sedan ska vi ocks\u00e5 tr\u00e4ffa konfirmanderna utomhus (\u00e4nnu en g\u00e5ng) och som vi brukat g\u00f6ra varje \u00e5r tr\u00e4ffa n\u00e5gra medm\u00e4nniskor i trakten som kommit hit som flyktingar. Det brukar alltid vara en h\u00f6jdpunkt med fina m\u00f6ten, och s\u00e4kert n\u00e5got som g\u00e5r ganska bra att g\u00f6ra \u00e4ven om vi \u00e4r utomhus och det \u00e4r r\u00e4tt kallt.<\/li><li>Jag har varit f\u00f6rkyld f\u00f6r n\u00e5gra dagar sedan och det \u00e4r ju speciellt numera, vi har f\u00e5tt mat hemk\u00f6rd och allt s\u00e5dant \u00e4ven om ingen haft mer \u00e4n lite ont i halsen. Nu \u00e4r det sk\u00f6nt i n\u00e4sta vecka om alla \u00e4r tillbaka i skola och f\u00f6rskola igen. <\/li><li>Sedan har vi ju det ocks\u00e5 att utomhus k\u00e4nner jag inte av n\u00e5gra som helst allergibesv\u00e4r, men INNE HEMMA D\u00c4REMOT! Smart drag att s\u00e4tta det d\u00e4r stora p\u00e5skriset jag s\u00e5g till att vi h\u00e4mtade in p\u00e5 central och v\u00e4lbelyst plats.<\/li><li>Beb\u00e5delsedagen \u00e4r en v\u00e4ldigt fin dag i det kyrkliga \u00e5ret s\u00e5 idag har vi f\u00f6rberett n\u00e5gra jublande psalmer mitt i  faste- och pandemiallvaret. Ibland p\u00e5 dessa s\u00f6ndagar har jag improviserat ihop sm\u00e5 minipredikningar och jag har v\u00e4l just inte mycket nytt att s\u00e4ga om beb\u00e5delsen men som Luther ska ha sagt; p\u00e5 stora helgdagar ska man bara predika utifr\u00e5n gl\u00e4djen.<\/li><li>Har hittat <a href=\"https:\/\/www.bibels\u00e4llskapet.se\/wp-content\/uploads\/2021\/03\/Pilotoversattning_210316_-av_Mark.pdf\">markusevangeliet i bibels\u00e4llskapets <\/a>kommande bibel 2026 och tycker det \u00e4r j\u00e4ttesp\u00e4nnande! Ser fram emot en ny\u00f6vers\u00e4ttning av nya testamentet d\u00e4r nyare forskning om Jesu historiska sammanhang f\u00e5tt komma till tals!<\/li><li>Bilden till dagens bloggpost f\u00f6rest\u00e4ller enligt uppgift St Dunstan som en g\u00e5ng ska ha dragit Dj\u00e4vulen vid n\u00e4san med en gl\u00f6dgad t\u00e5ng s\u00e5 att hans br\u00e5k h\u00f6rdes minst tre miles bort!<\/li><li>Den h\u00e4r v\u00e5ren \u00e4r s\u00e5 kall just nu s\u00e5 att det egentligen \u00e4r vinter men det vill man ju inte t\u00e4nka att det \u00e4r.<\/li><li>Vad g\u00f6r du idag? Skriv en rad och ber\u00e4tta!<\/li><\/ol>\n","protected":false},"excerpt":{"rendered":"<p>Glad s\u00f6ndag k\u00e4ra l\u00e4sare! Idag \u00e4r det &#8221;jungfru Marie beb\u00e5delsedag&#8221; (egentligen 25 mars om man vill vara petig men som ofta i v\u00e5rt land \u00e4r dagen flyttad till n\u00e4rmaste s\u00f6ndag). Det finns mycket sp\u00e4nnande med den dagen. Jag har f\u00f6rst\u00e5tt att det \u00e4ven \u00e4r ett gammalt datum f\u00f6r n\u00e4r den f\u00f6rsta p\u00e5sken egentligen var, och [&hellip;]<\/p>\n","protected":false},"author":392,"featured_media":8515,"comment_status":"open","ping_status":"open","sticky":false,"template":"","format":"standard","meta":{"_acf_changed":false,"footnotes":""},"categories":[9],"tags":[],"class_list":["post-8514","post","type-post","status-publish","format-standard","has-post-thumbnail","hentry","category-okategoriserade"],"acf":[],"yoast_head":"<!-- This site is optimized with the Yoast SEO plugin v27.1.1 - https:\/\/yoast.com\/product\/yoast-seo-wordpress\/ -->\n<title>10 blandade tankar p\u00e5 s\u00f6ndagen - Vandra V\u00e4gen<\/title>\n<meta name=\"robots\" content=\"index, follow, max-snippet:-1, max-image-preview:large, max-video-preview:-1\" \/>\n<link rel=\"canonical\" href=\"https:\/\/blogg.svenskakyrkan.se\/vandravagen\/2021\/03\/21\/10-blandade-tankar-pa-sondagen-62\/\" \/>\n<meta property=\"og:locale\" content=\"sv_SE\" \/>\n<meta property=\"og:type\" content=\"article\" \/>\n<meta property=\"og:title\" content=\"10 blandade tankar p\u00e5 s\u00f6ndagen - Vandra V\u00e4gen\" \/>\n<meta property=\"og:description\" content=\"Glad s\u00f6ndag k\u00e4ra l\u00e4sare! Idag \u00e4r det &#8221;jungfru Marie beb\u00e5delsedag&#8221; (egentligen 25 mars om man vill vara petig men som ofta i v\u00e5rt land \u00e4r dagen flyttad till n\u00e4rmaste s\u00f6ndag). Det finns mycket sp\u00e4nnande med den dagen. Jag har f\u00f6rst\u00e5tt att det \u00e4ven \u00e4r ett gammalt datum f\u00f6r n\u00e4r den f\u00f6rsta p\u00e5sken egentligen var, och [&hellip;]\" \/>\n<meta property=\"og:url\" content=\"https:\/\/blogg.svenskakyrkan.se\/vandravagen\/2021\/03\/21\/10-blandade-tankar-pa-sondagen-62\/\" \/>\n<meta property=\"og:site_name\" content=\"Vandra V\u00e4gen\" \/>\n<meta property=\"article:publisher\" content=\"http:\/\/facebook.com\/vandravagen\" \/>\n<meta property=\"article:published_time\" content=\"2021-03-21T06:00:22+00:00\" \/>\n<meta property=\"og:image\" content=\"https:\/\/blogg.svenskakyrkan.se\/vandravagen\/files\/2021\/03\/IMG_8176.jpg\" \/>\n\t<meta property=\"og:image:width\" content=\"763\" \/>\n\t<meta property=\"og:image:height\" content=\"493\" \/>\n\t<meta property=\"og:image:type\" content=\"image\/jpeg\" \/>\n<meta name=\"author\" content=\"Tomas Jarvid\" \/>\n<meta name=\"twitter:card\" content=\"summary_large_image\" \/>\n<meta name=\"twitter:creator\" content=\"@fadertomas\" \/>\n<meta name=\"twitter:site\" content=\"@fadertomas\" \/>\n<meta name=\"twitter:label1\" content=\"Skriven av\" \/>\n\t<meta name=\"twitter:data1\" content=\"Tomas Jarvid\" \/>\n\t<meta name=\"twitter:label2\" content=\"Ber\u00e4knad l\u00e4stid\" \/>\n\t<meta name=\"twitter:data2\" content=\"2 minuter\" \/>\n<script type=\"application\/ld+json\" class=\"yoast-schema-graph\">{\"@context\":\"https:\/\/schema.org\",\"@graph\":[{\"@type\":\"Article\",\"@id\":\"https:\/\/blogg.svenskakyrkan.se\/vandravagen\/2021\/03\/21\/10-blandade-tankar-pa-sondagen-62\/#article\",\"isPartOf\":{\"@id\":\"https:\/\/blogg.svenskakyrkan.se\/vandravagen\/2021\/03\/21\/10-blandade-tankar-pa-sondagen-62\/\"},\"author\":{\"name\":\"Tomas Jarvid\",\"@id\":\"https:\/\/blogg.svenskakyrkan.se\/vandravagen\/#\/schema\/person\/25da02d4f76b137d04291711e2c9fc16\"},\"headline\":\"10 blandade tankar p\u00e5 s\u00f6ndagen\",\"datePublished\":\"2021-03-21T06:00:22+00:00\",\"mainEntityOfPage\":{\"@id\":\"https:\/\/blogg.svenskakyrkan.se\/vandravagen\/2021\/03\/21\/10-blandade-tankar-pa-sondagen-62\/\"},\"wordCount\":477,\"commentCount\":4,\"publisher\":{\"@id\":\"https:\/\/blogg.svenskakyrkan.se\/vandravagen\/#organization\"},\"image\":{\"@id\":\"https:\/\/blogg.svenskakyrkan.se\/vandravagen\/2021\/03\/21\/10-blandade-tankar-pa-sondagen-62\/#primaryimage\"},\"thumbnailUrl\":\"https:\/\/blogg.svenskakyrkan.se\/vandravagen\/files\/2021\/03\/IMG_8176.jpg\",\"inLanguage\":\"sv-SE\",\"potentialAction\":[{\"@type\":\"CommentAction\",\"name\":\"Comment\",\"target\":[\"https:\/\/blogg.svenskakyrkan.se\/vandravagen\/2021\/03\/21\/10-blandade-tankar-pa-sondagen-62\/#respond\"]}]},{\"@type\":\"WebPage\",\"@id\":\"https:\/\/blogg.svenskakyrkan.se\/vandravagen\/2021\/03\/21\/10-blandade-tankar-pa-sondagen-62\/\",\"url\":\"https:\/\/blogg.svenskakyrkan.se\/vandravagen\/2021\/03\/21\/10-blandade-tankar-pa-sondagen-62\/\",\"name\":\"10 blandade tankar p\u00e5 s\u00f6ndagen - Vandra V\u00e4gen\",\"isPartOf\":{\"@id\":\"https:\/\/blogg.svenskakyrkan.se\/vandravagen\/#website\"},\"primaryImageOfPage\":{\"@id\":\"https:\/\/blogg.svenskakyrkan.se\/vandravagen\/2021\/03\/21\/10-blandade-tankar-pa-sondagen-62\/#primaryimage\"},\"image\":{\"@id\":\"https:\/\/blogg.svenskakyrkan.se\/vandravagen\/2021\/03\/21\/10-blandade-tankar-pa-sondagen-62\/#primaryimage\"},\"thumbnailUrl\":\"https:\/\/blogg.svenskakyrkan.se\/vandravagen\/files\/2021\/03\/IMG_8176.jpg\",\"datePublished\":\"2021-03-21T06:00:22+00:00\",\"breadcrumb\":{\"@id\":\"https:\/\/blogg.svenskakyrkan.se\/vandravagen\/2021\/03\/21\/10-blandade-tankar-pa-sondagen-62\/#breadcrumb\"},\"inLanguage\":\"sv-SE\",\"potentialAction\":[{\"@type\":\"ReadAction\",\"target\":[\"https:\/\/blogg.svenskakyrkan.se\/vandravagen\/2021\/03\/21\/10-blandade-tankar-pa-sondagen-62\/\"]}]},{\"@type\":\"ImageObject\",\"inLanguage\":\"sv-SE\",\"@id\":\"https:\/\/blogg.svenskakyrkan.se\/vandravagen\/2021\/03\/21\/10-blandade-tankar-pa-sondagen-62\/#primaryimage\",\"url\":\"https:\/\/blogg.svenskakyrkan.se\/vandravagen\/files\/2021\/03\/IMG_8176.jpg\",\"contentUrl\":\"https:\/\/blogg.svenskakyrkan.se\/vandravagen\/files\/2021\/03\/IMG_8176.jpg\",\"width\":763,\"height\":493},{\"@type\":\"BreadcrumbList\",\"@id\":\"https:\/\/blogg.svenskakyrkan.se\/vandravagen\/2021\/03\/21\/10-blandade-tankar-pa-sondagen-62\/#breadcrumb\",\"itemListElement\":[{\"@type\":\"ListItem\",\"position\":1,\"name\":\"Hem\",\"item\":\"https:\/\/blogg.svenskakyrkan.se\/vandravagen\/\"},{\"@type\":\"ListItem\",\"position\":2,\"name\":\"10 blandade tankar p\u00e5 s\u00f6ndagen\"}]},{\"@type\":\"WebSite\",\"@id\":\"https:\/\/blogg.svenskakyrkan.se\/vandravagen\/#website\",\"url\":\"https:\/\/blogg.svenskakyrkan.se\/vandravagen\/\",\"name\":\"Vandra V\u00e4gen\",\"description\":\"-Mot en tro f\u00f6r hela livet\",\"publisher\":{\"@id\":\"https:\/\/blogg.svenskakyrkan.se\/vandravagen\/#organization\"},\"potentialAction\":[{\"@type\":\"SearchAction\",\"target\":{\"@type\":\"EntryPoint\",\"urlTemplate\":\"https:\/\/blogg.svenskakyrkan.se\/vandravagen\/?s={search_term_string}\"},\"query-input\":{\"@type\":\"PropertyValueSpecification\",\"valueRequired\":true,\"valueName\":\"search_term_string\"}}],\"inLanguage\":\"sv-SE\"},{\"@type\":\"Organization\",\"@id\":\"https:\/\/blogg.svenskakyrkan.se\/vandravagen\/#organization\",\"name\":\"ulricehamns pastorat\",\"alternateName\":\"ulricehamns pastorat\",\"url\":\"https:\/\/blogg.svenskakyrkan.se\/vandravagen\/\",\"logo\":{\"@type\":\"ImageObject\",\"inLanguage\":\"sv-SE\",\"@id\":\"https:\/\/blogg.svenskakyrkan.se\/vandravagen\/#\/schema\/logo\/image\/\",\"url\":\"https:\/\/blogg.svenskakyrkan.se\/vandravagen\/files\/2023\/05\/Ulr_logo_RGB.png\",\"contentUrl\":\"https:\/\/blogg.svenskakyrkan.se\/vandravagen\/files\/2023\/05\/Ulr_logo_RGB.png\",\"width\":205,\"height\":77,\"caption\":\"ulricehamns pastorat\"},\"image\":{\"@id\":\"https:\/\/blogg.svenskakyrkan.se\/vandravagen\/#\/schema\/logo\/image\/\"},\"sameAs\":[\"http:\/\/facebook.com\/vandravagen\",\"https:\/\/x.com\/fadertomas\",\"http:\/\/www.facebook.com\/svenskakyrkaniulricehamn\"]},{\"@type\":\"Person\",\"@id\":\"https:\/\/blogg.svenskakyrkan.se\/vandravagen\/#\/schema\/person\/25da02d4f76b137d04291711e2c9fc16\",\"name\":\"Tomas Jarvid\",\"image\":{\"@type\":\"ImageObject\",\"inLanguage\":\"sv-SE\",\"@id\":\"https:\/\/blogg.svenskakyrkan.se\/vandravagen\/#\/schema\/person\/image\/\",\"url\":\"https:\/\/secure.gravatar.com\/avatar\/7fa71899795e8f540f615a1f5ab25255dc27aa40f05ee7ddd21aac521e01bf50?s=96&d=identicon&r=g\",\"contentUrl\":\"https:\/\/secure.gravatar.com\/avatar\/7fa71899795e8f540f615a1f5ab25255dc27aa40f05ee7ddd21aac521e01bf50?s=96&d=identicon&r=g\",\"caption\":\"Tomas Jarvid\"},\"description\":\"Jag bor i Ulricehamn i V\u00e4sterg\u00f6tland och \u00e4r f\u00f6rsamlingspr\u00e4st i Svenska Kyrkan f\u00f6r Dalstorps f\u00f6rsamling i Kinds pastorat. P\u00e5 den h\u00e4r bloggen skriver jag ner tankar om vandringen som kristen.\",\"sameAs\":[\"http:\/\/www.vandravagen.se\"],\"url\":\"https:\/\/blogg.svenskakyrkan.se\/vandravagen\/author\/vandravagen\/\"}]}<\/script>\n<!-- \/ Yoast SEO plugin. -->","yoast_head_json":{"title":"10 blandade tankar p\u00e5 s\u00f6ndagen - Vandra V\u00e4gen","robots":{"index":"index","follow":"follow","max-snippet":"max-snippet:-1","max-image-preview":"max-image-preview:large","max-video-preview":"max-video-preview:-1"},"canonical":"https:\/\/blogg.svenskakyrkan.se\/vandravagen\/2021\/03\/21\/10-blandade-tankar-pa-sondagen-62\/","og_locale":"sv_SE","og_type":"article","og_title":"10 blandade tankar p\u00e5 s\u00f6ndagen - Vandra V\u00e4gen","og_description":"Glad s\u00f6ndag k\u00e4ra l\u00e4sare! Idag \u00e4r det &#8221;jungfru Marie beb\u00e5delsedag&#8221; (egentligen 25 mars om man vill vara petig men som ofta i v\u00e5rt land \u00e4r dagen flyttad till n\u00e4rmaste s\u00f6ndag). Det finns mycket sp\u00e4nnande med den dagen. Jag har f\u00f6rst\u00e5tt att det \u00e4ven \u00e4r ett gammalt datum f\u00f6r n\u00e4r den f\u00f6rsta p\u00e5sken egentligen var, och [&hellip;]","og_url":"https:\/\/blogg.svenskakyrkan.se\/vandravagen\/2021\/03\/21\/10-blandade-tankar-pa-sondagen-62\/","og_site_name":"Vandra V\u00e4gen","article_publisher":"http:\/\/facebook.com\/vandravagen","article_published_time":"2021-03-21T06:00:22+00:00","og_image":[{"width":763,"height":493,"url":"https:\/\/blogg.svenskakyrkan.se\/vandravagen\/files\/2021\/03\/IMG_8176.jpg","type":"image\/jpeg"}],"author":"Tomas Jarvid","twitter_card":"summary_large_image","twitter_creator":"@fadertomas","twitter_site":"@fadertomas","twitter_misc":{"Skriven av":"Tomas Jarvid","Ber\u00e4knad l\u00e4stid":"2 minuter"},"schema":{"@context":"https:\/\/schema.org","@graph":[{"@type":"Article","@id":"https:\/\/blogg.svenskakyrkan.se\/vandravagen\/2021\/03\/21\/10-blandade-tankar-pa-sondagen-62\/#article","isPartOf":{"@id":"https:\/\/blogg.svenskakyrkan.se\/vandravagen\/2021\/03\/21\/10-blandade-tankar-pa-sondagen-62\/"},"author":{"name":"Tomas Jarvid","@id":"https:\/\/blogg.svenskakyrkan.se\/vandravagen\/#\/schema\/person\/25da02d4f76b137d04291711e2c9fc16"},"headline":"10 blandade tankar p\u00e5 s\u00f6ndagen","datePublished":"2021-03-21T06:00:22+00:00","mainEntityOfPage":{"@id":"https:\/\/blogg.svenskakyrkan.se\/vandravagen\/2021\/03\/21\/10-blandade-tankar-pa-sondagen-62\/"},"wordCount":477,"commentCount":4,"publisher":{"@id":"https:\/\/blogg.svenskakyrkan.se\/vandravagen\/#organization"},"image":{"@id":"https:\/\/blogg.svenskakyrkan.se\/vandravagen\/2021\/03\/21\/10-blandade-tankar-pa-sondagen-62\/#primaryimage"},"thumbnailUrl":"https:\/\/blogg.svenskakyrkan.se\/vandravagen\/files\/2021\/03\/IMG_8176.jpg","inLanguage":"sv-SE","potentialAction":[{"@type":"CommentAction","name":"Comment","target":["https:\/\/blogg.svenskakyrkan.se\/vandravagen\/2021\/03\/21\/10-blandade-tankar-pa-sondagen-62\/#respond"]}]},{"@type":"WebPage","@id":"https:\/\/blogg.svenskakyrkan.se\/vandravagen\/2021\/03\/21\/10-blandade-tankar-pa-sondagen-62\/","url":"https:\/\/blogg.svenskakyrkan.se\/vandravagen\/2021\/03\/21\/10-blandade-tankar-pa-sondagen-62\/","name":"10 blandade tankar p\u00e5 s\u00f6ndagen - Vandra V\u00e4gen","isPartOf":{"@id":"https:\/\/blogg.svenskakyrkan.se\/vandravagen\/#website"},"primaryImageOfPage":{"@id":"https:\/\/blogg.svenskakyrkan.se\/vandravagen\/2021\/03\/21\/10-blandade-tankar-pa-sondagen-62\/#primaryimage"},"image":{"@id":"https:\/\/blogg.svenskakyrkan.se\/vandravagen\/2021\/03\/21\/10-blandade-tankar-pa-sondagen-62\/#primaryimage"},"thumbnailUrl":"https:\/\/blogg.svenskakyrkan.se\/vandravagen\/files\/2021\/03\/IMG_8176.jpg","datePublished":"2021-03-21T06:00:22+00:00","breadcrumb":{"@id":"https:\/\/blogg.svenskakyrkan.se\/vandravagen\/2021\/03\/21\/10-blandade-tankar-pa-sondagen-62\/#breadcrumb"},"inLanguage":"sv-SE","potentialAction":[{"@type":"ReadAction","target":["https:\/\/blogg.svenskakyrkan.se\/vandravagen\/2021\/03\/21\/10-blandade-tankar-pa-sondagen-62\/"]}]},{"@type":"ImageObject","inLanguage":"sv-SE","@id":"https:\/\/blogg.svenskakyrkan.se\/vandravagen\/2021\/03\/21\/10-blandade-tankar-pa-sondagen-62\/#primaryimage","url":"https:\/\/blogg.svenskakyrkan.se\/vandravagen\/files\/2021\/03\/IMG_8176.jpg","contentUrl":"https:\/\/blogg.svenskakyrkan.se\/vandravagen\/files\/2021\/03\/IMG_8176.jpg","width":763,"height":493},{"@type":"BreadcrumbList","@id":"https:\/\/blogg.svenskakyrkan.se\/vandravagen\/2021\/03\/21\/10-blandade-tankar-pa-sondagen-62\/#breadcrumb","itemListElement":[{"@type":"ListItem","position":1,"name":"Hem","item":"https:\/\/blogg.svenskakyrkan.se\/vandravagen\/"},{"@type":"ListItem","position":2,"name":"10 blandade tankar p\u00e5 s\u00f6ndagen"}]},{"@type":"WebSite","@id":"https:\/\/blogg.svenskakyrkan.se\/vandravagen\/#website","url":"https:\/\/blogg.svenskakyrkan.se\/vandravagen\/","name":"Vandra V\u00e4gen","description":"-Mot en tro f\u00f6r hela livet","publisher":{"@id":"https:\/\/blogg.svenskakyrkan.se\/vandravagen\/#organization"},"potentialAction":[{"@type":"SearchAction","target":{"@type":"EntryPoint","urlTemplate":"https:\/\/blogg.svenskakyrkan.se\/vandravagen\/?s={search_term_string}"},"query-input":{"@type":"PropertyValueSpecification","valueRequired":true,"valueName":"search_term_string"}}],"inLanguage":"sv-SE"},{"@type":"Organization","@id":"https:\/\/blogg.svenskakyrkan.se\/vandravagen\/#organization","name":"ulricehamns pastorat","alternateName":"ulricehamns pastorat","url":"https:\/\/blogg.svenskakyrkan.se\/vandravagen\/","logo":{"@type":"ImageObject","inLanguage":"sv-SE","@id":"https:\/\/blogg.svenskakyrkan.se\/vandravagen\/#\/schema\/logo\/image\/","url":"https:\/\/blogg.svenskakyrkan.se\/vandravagen\/files\/2023\/05\/Ulr_logo_RGB.png","contentUrl":"https:\/\/blogg.svenskakyrkan.se\/vandravagen\/files\/2023\/05\/Ulr_logo_RGB.png","width":205,"height":77,"caption":"ulricehamns pastorat"},"image":{"@id":"https:\/\/blogg.svenskakyrkan.se\/vandravagen\/#\/schema\/logo\/image\/"},"sameAs":["http:\/\/facebook.com\/vandravagen","https:\/\/x.com\/fadertomas","http:\/\/www.facebook.com\/svenskakyrkaniulricehamn"]},{"@type":"Person","@id":"https:\/\/blogg.svenskakyrkan.se\/vandravagen\/#\/schema\/person\/25da02d4f76b137d04291711e2c9fc16","name":"Tomas Jarvid","image":{"@type":"ImageObject","inLanguage":"sv-SE","@id":"https:\/\/blogg.svenskakyrkan.se\/vandravagen\/#\/schema\/person\/image\/","url":"https:\/\/secure.gravatar.com\/avatar\/7fa71899795e8f540f615a1f5ab25255dc27aa40f05ee7ddd21aac521e01bf50?s=96&d=identicon&r=g","contentUrl":"https:\/\/secure.gravatar.com\/avatar\/7fa71899795e8f540f615a1f5ab25255dc27aa40f05ee7ddd21aac521e01bf50?s=96&d=identicon&r=g","caption":"Tomas Jarvid"},"description":"Jag bor i Ulricehamn i V\u00e4sterg\u00f6tland och \u00e4r f\u00f6rsamlingspr\u00e4st i Svenska Kyrkan f\u00f6r Dalstorps f\u00f6rsamling i Kinds pastorat. P\u00e5 den h\u00e4r bloggen skriver jag ner tankar om vandringen som kristen.","sameAs":["http:\/\/www.vandravagen.se"],"url":"https:\/\/blogg.svenskakyrkan.se\/vandravagen\/author\/vandravagen\/"}]}},"author_meta":{"ID":"392","user_nicename":"vandravagen","user_url":"http:\/\/www.vandravagen.se","user_registered":"2014-05-19 05:44:52","display_name":"Tomas Jarvid","first_name":"Tomas","last_name":"Jarvid","avatar":"https:\/\/secure.gravatar.com\/avatar\/7fa71899795e8f540f615a1f5ab25255dc27aa40f05ee7ddd21aac521e01bf50?s=96&d=identicon&r=g"},"featured_image":["https:\/\/blogg.svenskakyrkan.se\/vandravagen\/files\/2021\/03\/IMG_8176.jpg",763,493,false],"bloginfo":{"name":"Vandra V\u00e4gen","url":"https:\/\/blogg.svenskakyrkan.se\/vandravagen"},"_links":{"self":[{"href":"https:\/\/blogg.svenskakyrkan.se\/vandravagen\/wp-json\/wp\/v2\/posts\/8514","targetHints":{"allow":["GET"]}}],"collection":[{"href":"https:\/\/blogg.svenskakyrkan.se\/vandravagen\/wp-json\/wp\/v2\/posts"}],"about":[{"href":"https:\/\/blogg.svenskakyrkan.se\/vandravagen\/wp-json\/wp\/v2\/types\/post"}],"author":[{"embeddable":true,"href":"https:\/\/blogg.svenskakyrkan.se\/vandravagen\/wp-json\/wp\/v2\/users\/392"}],"replies":[{"embeddable":true,"href":"https:\/\/blogg.svenskakyrkan.se\/vandravagen\/wp-json\/wp\/v2\/comments?post=8514"}],"version-history":[{"count":1,"href":"https:\/\/blogg.svenskakyrkan.se\/vandravagen\/wp-json\/wp\/v2\/posts\/8514\/revisions"}],"predecessor-version":[{"id":8516,"href":"https:\/\/blogg.svenskakyrkan.se\/vandravagen\/wp-json\/wp\/v2\/posts\/8514\/revisions\/8516"}],"wp:featuredmedia":[{"embeddable":true,"href":"https:\/\/blogg.svenskakyrkan.se\/vandravagen\/wp-json\/wp\/v2\/media\/8515"}],"wp:attachment":[{"href":"https:\/\/blogg.svenskakyrkan.se\/vandravagen\/wp-json\/wp\/v2\/media?parent=8514"}],"wp:term":[{"taxonomy":"category","embeddable":true,"href":"https:\/\/blogg.svenskakyrkan.se\/vandravagen\/wp-json\/wp\/v2\/categories?post=8514"},{"taxonomy":"post_tag","embeddable":true,"href":"https:\/\/blogg.svenskakyrkan.se\/vandravagen\/wp-json\/wp\/v2\/tags?post=8514"}],"curies":[{"name":"wp","href":"https:\/\/api.w.org\/{rel}","templated":true}]}}