{"id":852,"date":"2012-11-25T19:17:00","date_gmt":"2012-11-25T18:17:00","guid":{"rendered":"http:\/\/blogg.svenskakyrkan.se\/vandravagen\/2012\/11\/25\/veckans-7-visdomsord\/"},"modified":"2012-11-25T19:17:00","modified_gmt":"2012-11-25T18:17:00","slug":"veckans-7-visdomsord","status":"publish","type":"post","link":"https:\/\/blogg.svenskakyrkan.se\/vandravagen\/2012\/11\/25\/veckans-7-visdomsord\/","title":{"rendered":"Veckans 7 visdomsord"},"content":{"rendered":"<div>Jag tror en och annan retar sig p\u00e5 mitt s\u00e4tt att twittra. Jag tenderar att anv\u00e4nda Twitter som n\u00e5n slags citatbok och favoritmarkerar eller retweetar (skickar vidare till mina egna f\u00f6ljare) emellan\u00e5t h\u00e4mningsl\u00f6st mycket. Dessutom med f\u00f6rk\u00e4rlek f\u00f6r konstiga l\u00e5tsaskonton som tillh\u00f6r nu d\u00f6da personer.\u00a0<\/div>\n<div><\/div>\n<div>Jag f\u00f6rs\u00f6ker f\u00f6rst\u00e5s att l\u00e4gga band p\u00e5 mig och s\u00e5 kom jag p\u00e5 en snilleblixt! Jag kan ju s\u00e4tta ut veckans b\u00e4sta tweets h\u00e4r p\u00e5 bloggen ist\u00e4llet, de som \u00e4r v\u00e4rda att t\u00e4nkas mer p\u00e5. H\u00e5ll tillgodo, h\u00e4r \u00e4r veckans 7.<\/div>\n<div><\/div>\n<div><a href=\"http:\/\/2.bp.blogspot.com\/-T4wfcph3k6g\/ULIFYGwWg6I\/AAAAAAAABJw\/QNRboutdCxc\/s1600\/40%25.jpg\"><img decoding=\"async\" border=\"0\" src=\"http:\/\/2.bp.blogspot.com\/-T4wfcph3k6g\/ULIFYGwWg6I\/AAAAAAAABJw\/QNRboutdCxc\/s1600\/40%25.jpg\"><\/a><\/div>\n<div><\/div>\n<div>Med statistik kan man bevisa vad som helst, men tankev\u00e4ckande.<\/div>\n<div><\/div>\n<\/p>\n<table align=\"center\" cellpadding=\"0\" cellspacing=\"0\">\n<tbody>\n<tr>\n<td><a href=\"http:\/\/1.bp.blogspot.com\/-Btdj_kgaiYI\/ULIFZVIZZWI\/AAAAAAAABJ4\/zzFB-r_uXTM\/s1600\/do%CC%88den.jpg\"><img decoding=\"async\" border=\"0\" src=\"http:\/\/1.bp.blogspot.com\/-Btdj_kgaiYI\/ULIFZVIZZWI\/AAAAAAAABJ4\/zzFB-r_uXTM\/s1600\/do%CC%88den.jpg\"><\/a><\/td>\n<\/tr>\n<tr>\n<td><span>Liekvinnans humor \u00e4r alltid lika vass.<br \/><\/span><\/td>\n<\/tr>\n<\/tbody>\n<\/table>\n<table align=\"center\" cellpadding=\"0\" cellspacing=\"0\">\n<tbody>\n<tr>\n<td><a href=\"http:\/\/1.bp.blogspot.com\/-qXNIbn2whKk\/ULIFaHhh8SI\/AAAAAAAABKA\/2o0MAY607kE\/s1600\/judiskt.jpg\"><img decoding=\"async\" border=\"0\" src=\"http:\/\/1.bp.blogspot.com\/-qXNIbn2whKk\/ULIFaHhh8SI\/AAAAAAAABKA\/2o0MAY607kE\/s1600\/judiskt.jpg\"><\/a><\/td>\n<\/tr>\n<tr>\n<td>Om du skulle f\u00f6rs\u00f6ka vara som n\u00e5gon annan, vem skulle vilja vara som dig?<\/p>\n<\/td>\n<\/tr>\n<\/tbody>\n<\/table>\n<div><a href=\"http:\/\/2.bp.blogspot.com\/-246s-zEnG0Q\/ULIFaz-ZZ_I\/AAAAAAAABKI\/tZbqhH0Pa4o\/s1600\/keller.jpg\"><img loading=\"lazy\" decoding=\"async\" border=\"0\" height=\"76\" src=\"http:\/\/2.bp.blogspot.com\/-246s-zEnG0Q\/ULIFaz-ZZ_I\/AAAAAAAABKI\/tZbqhH0Pa4o\/s320\/keller.jpg\" width=\"320\"><\/a><\/div>\n<div><\/div>\n<div>Tim Keller \u00e4r pastor i New York<\/div>\n<div><\/div>\n<\/p>\n<div><a href=\"http:\/\/1.bp.blogspot.com\/-PaxdVG9ZOqo\/ULIFcGG27tI\/AAAAAAAABKM\/f1WE6Q5xIak\/s1600\/knipple.jpg\"><img decoding=\"async\" border=\"0\" src=\"http:\/\/1.bp.blogspot.com\/-PaxdVG9ZOqo\/ULIFcGG27tI\/AAAAAAAABKM\/f1WE6Q5xIak\/s1600\/knipple.jpg\"><\/a><\/div>\n<div><\/div>\n<div>Ta det lugnt. T\u00e4nk efter.<\/div>\n<div><\/div>\n<\/p>\n<div><a href=\"http:\/\/3.bp.blogspot.com\/-naR9Bbhk7Dw\/ULIFc1Z33lI\/AAAAAAAABKY\/O0F6oEmAzcg\/s1600\/lincoln.jpg\"><img decoding=\"async\" border=\"0\" src=\"http:\/\/3.bp.blogspot.com\/-naR9Bbhk7Dw\/ULIFc1Z33lI\/AAAAAAAABKY\/O0F6oEmAzcg\/s1600\/lincoln.jpg\"><\/a><\/div>\n<div><\/div>\n<div>Stor visdom!<\/div>\n<\/p>\n<div><a href=\"http:\/\/2.bp.blogspot.com\/-SG2aeGvfix8\/ULIFeKf3bWI\/AAAAAAAABKc\/SmTWWCqww4Q\/s1600\/pra%CC%88st.jpg\"><img decoding=\"async\" border=\"0\" src=\"http:\/\/2.bp.blogspot.com\/-SG2aeGvfix8\/ULIFeKf3bWI\/AAAAAAAABKc\/SmTWWCqww4Q\/s1600\/pra%CC%88st.jpg\"><\/a><\/div>\n<div><\/div>\n<div>Och till slut en smula om skolavslutningar i kyrkan&#8230;<\/div>\n<div><\/div>\n<div><\/div><\/p>\n","protected":false},"excerpt":{"rendered":"<p>Jag tror en och annan retar sig p\u00e5 mitt s\u00e4tt att twittra. Jag tenderar att anv\u00e4nda Twitter som n\u00e5n slags citatbok och favoritmarkerar eller retweetar (skickar vidare till mina egna f\u00f6ljare) emellan\u00e5t h\u00e4mningsl\u00f6st mycket. Dessutom med f\u00f6rk\u00e4rlek f\u00f6r konstiga l\u00e5tsaskonton som tillh\u00f6r nu d\u00f6da personer.\u00a0 Jag f\u00f6rs\u00f6ker f\u00f6rst\u00e5s att l\u00e4gga band p\u00e5 mig och s\u00e5 [&hellip;]<\/p>\n","protected":false},"author":392,"featured_media":0,"comment_status":"open","ping_status":"open","sticky":false,"template":"","format":"standard","meta":{"_acf_changed":false,"footnotes":""},"categories":[56,77554],"tags":[],"class_list":["post-852","post","type-post","status-publish","format-standard","hentry","category-bilder","category-vara-manniska"],"acf":[],"yoast_head":"<!-- This site is optimized with the Yoast SEO plugin v27.1.1 - https:\/\/yoast.com\/product\/yoast-seo-wordpress\/ -->\n<title>Veckans 7 visdomsord - Vandra V\u00e4gen<\/title>\n<meta name=\"robots\" content=\"index, follow, max-snippet:-1, max-image-preview:large, max-video-preview:-1\" \/>\n<link rel=\"canonical\" href=\"https:\/\/blogg.svenskakyrkan.se\/vandravagen\/2012\/11\/25\/veckans-7-visdomsord\/\" \/>\n<meta property=\"og:locale\" content=\"sv_SE\" \/>\n<meta property=\"og:type\" content=\"article\" \/>\n<meta property=\"og:title\" content=\"Veckans 7 visdomsord - Vandra V\u00e4gen\" \/>\n<meta property=\"og:description\" content=\"Jag tror en och annan retar sig p\u00e5 mitt s\u00e4tt att twittra. Jag tenderar att anv\u00e4nda Twitter som n\u00e5n slags citatbok och favoritmarkerar eller retweetar (skickar vidare till mina egna f\u00f6ljare) emellan\u00e5t h\u00e4mningsl\u00f6st mycket. Dessutom med f\u00f6rk\u00e4rlek f\u00f6r konstiga l\u00e5tsaskonton som tillh\u00f6r nu d\u00f6da personer.\u00a0 Jag f\u00f6rs\u00f6ker f\u00f6rst\u00e5s att l\u00e4gga band p\u00e5 mig och s\u00e5 [&hellip;]\" \/>\n<meta property=\"og:url\" content=\"https:\/\/blogg.svenskakyrkan.se\/vandravagen\/2012\/11\/25\/veckans-7-visdomsord\/\" \/>\n<meta property=\"og:site_name\" content=\"Vandra V\u00e4gen\" \/>\n<meta property=\"article:publisher\" content=\"http:\/\/facebook.com\/vandravagen\" \/>\n<meta property=\"article:published_time\" content=\"2012-11-25T18:17:00+00:00\" \/>\n<meta property=\"og:image\" content=\"http:\/\/2.bp.blogspot.com\/-T4wfcph3k6g\/ULIFYGwWg6I\/AAAAAAAABJw\/QNRboutdCxc\/s1600\/40%25.jpg\" \/>\n<meta name=\"author\" content=\"Tomas Jarvid\" \/>\n<meta name=\"twitter:card\" content=\"summary_large_image\" \/>\n<meta name=\"twitter:creator\" content=\"@fadertomas\" \/>\n<meta name=\"twitter:site\" content=\"@fadertomas\" \/>\n<meta name=\"twitter:label1\" content=\"Skriven av\" \/>\n\t<meta name=\"twitter:data1\" content=\"Tomas Jarvid\" \/>\n\t<meta name=\"twitter:label2\" content=\"Ber\u00e4knad l\u00e4stid\" \/>\n\t<meta name=\"twitter:data2\" content=\"1 minut\" \/>\n<script type=\"application\/ld+json\" class=\"yoast-schema-graph\">{\"@context\":\"https:\/\/schema.org\",\"@graph\":[{\"@type\":\"Article\",\"@id\":\"https:\/\/blogg.svenskakyrkan.se\/vandravagen\/2012\/11\/25\/veckans-7-visdomsord\/#article\",\"isPartOf\":{\"@id\":\"https:\/\/blogg.svenskakyrkan.se\/vandravagen\/2012\/11\/25\/veckans-7-visdomsord\/\"},\"author\":{\"name\":\"Tomas Jarvid\",\"@id\":\"https:\/\/blogg.svenskakyrkan.se\/vandravagen\/#\/schema\/person\/25da02d4f76b137d04291711e2c9fc16\"},\"headline\":\"Veckans 7 visdomsord\",\"datePublished\":\"2012-11-25T18:17:00+00:00\",\"mainEntityOfPage\":{\"@id\":\"https:\/\/blogg.svenskakyrkan.se\/vandravagen\/2012\/11\/25\/veckans-7-visdomsord\/\"},\"wordCount\":171,\"commentCount\":0,\"publisher\":{\"@id\":\"https:\/\/blogg.svenskakyrkan.se\/vandravagen\/#organization\"},\"image\":{\"@id\":\"https:\/\/blogg.svenskakyrkan.se\/vandravagen\/2012\/11\/25\/veckans-7-visdomsord\/#primaryimage\"},\"thumbnailUrl\":\"http:\/\/2.bp.blogspot.com\/-T4wfcph3k6g\/ULIFYGwWg6I\/AAAAAAAABJw\/QNRboutdCxc\/s1600\/40%25.jpg\",\"articleSection\":[\"bilder\",\"vara m\u00e4nniska\"],\"inLanguage\":\"sv-SE\",\"potentialAction\":[{\"@type\":\"CommentAction\",\"name\":\"Comment\",\"target\":[\"https:\/\/blogg.svenskakyrkan.se\/vandravagen\/2012\/11\/25\/veckans-7-visdomsord\/#respond\"]}]},{\"@type\":\"WebPage\",\"@id\":\"https:\/\/blogg.svenskakyrkan.se\/vandravagen\/2012\/11\/25\/veckans-7-visdomsord\/\",\"url\":\"https:\/\/blogg.svenskakyrkan.se\/vandravagen\/2012\/11\/25\/veckans-7-visdomsord\/\",\"name\":\"Veckans 7 visdomsord - Vandra V\u00e4gen\",\"isPartOf\":{\"@id\":\"https:\/\/blogg.svenskakyrkan.se\/vandravagen\/#website\"},\"primaryImageOfPage\":{\"@id\":\"https:\/\/blogg.svenskakyrkan.se\/vandravagen\/2012\/11\/25\/veckans-7-visdomsord\/#primaryimage\"},\"image\":{\"@id\":\"https:\/\/blogg.svenskakyrkan.se\/vandravagen\/2012\/11\/25\/veckans-7-visdomsord\/#primaryimage\"},\"thumbnailUrl\":\"http:\/\/2.bp.blogspot.com\/-T4wfcph3k6g\/ULIFYGwWg6I\/AAAAAAAABJw\/QNRboutdCxc\/s1600\/40%25.jpg\",\"datePublished\":\"2012-11-25T18:17:00+00:00\",\"breadcrumb\":{\"@id\":\"https:\/\/blogg.svenskakyrkan.se\/vandravagen\/2012\/11\/25\/veckans-7-visdomsord\/#breadcrumb\"},\"inLanguage\":\"sv-SE\",\"potentialAction\":[{\"@type\":\"ReadAction\",\"target\":[\"https:\/\/blogg.svenskakyrkan.se\/vandravagen\/2012\/11\/25\/veckans-7-visdomsord\/\"]}]},{\"@type\":\"ImageObject\",\"inLanguage\":\"sv-SE\",\"@id\":\"https:\/\/blogg.svenskakyrkan.se\/vandravagen\/2012\/11\/25\/veckans-7-visdomsord\/#primaryimage\",\"url\":\"http:\/\/2.bp.blogspot.com\/-T4wfcph3k6g\/ULIFYGwWg6I\/AAAAAAAABJw\/QNRboutdCxc\/s1600\/40%25.jpg\",\"contentUrl\":\"http:\/\/2.bp.blogspot.com\/-T4wfcph3k6g\/ULIFYGwWg6I\/AAAAAAAABJw\/QNRboutdCxc\/s1600\/40%25.jpg\"},{\"@type\":\"BreadcrumbList\",\"@id\":\"https:\/\/blogg.svenskakyrkan.se\/vandravagen\/2012\/11\/25\/veckans-7-visdomsord\/#breadcrumb\",\"itemListElement\":[{\"@type\":\"ListItem\",\"position\":1,\"name\":\"Hem\",\"item\":\"https:\/\/blogg.svenskakyrkan.se\/vandravagen\/\"},{\"@type\":\"ListItem\",\"position\":2,\"name\":\"Veckans 7 visdomsord\"}]},{\"@type\":\"WebSite\",\"@id\":\"https:\/\/blogg.svenskakyrkan.se\/vandravagen\/#website\",\"url\":\"https:\/\/blogg.svenskakyrkan.se\/vandravagen\/\",\"name\":\"Vandra V\u00e4gen\",\"description\":\"-Mot en tro f\u00f6r hela livet\",\"publisher\":{\"@id\":\"https:\/\/blogg.svenskakyrkan.se\/vandravagen\/#organization\"},\"potentialAction\":[{\"@type\":\"SearchAction\",\"target\":{\"@type\":\"EntryPoint\",\"urlTemplate\":\"https:\/\/blogg.svenskakyrkan.se\/vandravagen\/?s={search_term_string}\"},\"query-input\":{\"@type\":\"PropertyValueSpecification\",\"valueRequired\":true,\"valueName\":\"search_term_string\"}}],\"inLanguage\":\"sv-SE\"},{\"@type\":\"Organization\",\"@id\":\"https:\/\/blogg.svenskakyrkan.se\/vandravagen\/#organization\",\"name\":\"ulricehamns pastorat\",\"alternateName\":\"ulricehamns pastorat\",\"url\":\"https:\/\/blogg.svenskakyrkan.se\/vandravagen\/\",\"logo\":{\"@type\":\"ImageObject\",\"inLanguage\":\"sv-SE\",\"@id\":\"https:\/\/blogg.svenskakyrkan.se\/vandravagen\/#\/schema\/logo\/image\/\",\"url\":\"https:\/\/blogg.svenskakyrkan.se\/vandravagen\/files\/2023\/05\/Ulr_logo_RGB.png\",\"contentUrl\":\"https:\/\/blogg.svenskakyrkan.se\/vandravagen\/files\/2023\/05\/Ulr_logo_RGB.png\",\"width\":205,\"height\":77,\"caption\":\"ulricehamns pastorat\"},\"image\":{\"@id\":\"https:\/\/blogg.svenskakyrkan.se\/vandravagen\/#\/schema\/logo\/image\/\"},\"sameAs\":[\"http:\/\/facebook.com\/vandravagen\",\"https:\/\/x.com\/fadertomas\",\"http:\/\/www.facebook.com\/svenskakyrkaniulricehamn\"]},{\"@type\":\"Person\",\"@id\":\"https:\/\/blogg.svenskakyrkan.se\/vandravagen\/#\/schema\/person\/25da02d4f76b137d04291711e2c9fc16\",\"name\":\"Tomas Jarvid\",\"image\":{\"@type\":\"ImageObject\",\"inLanguage\":\"sv-SE\",\"@id\":\"https:\/\/blogg.svenskakyrkan.se\/vandravagen\/#\/schema\/person\/image\/\",\"url\":\"https:\/\/secure.gravatar.com\/avatar\/7fa71899795e8f540f615a1f5ab25255dc27aa40f05ee7ddd21aac521e01bf50?s=96&d=identicon&r=g\",\"contentUrl\":\"https:\/\/secure.gravatar.com\/avatar\/7fa71899795e8f540f615a1f5ab25255dc27aa40f05ee7ddd21aac521e01bf50?s=96&d=identicon&r=g\",\"caption\":\"Tomas Jarvid\"},\"description\":\"Jag bor i Ulricehamn i V\u00e4sterg\u00f6tland och \u00e4r f\u00f6rsamlingspr\u00e4st i Svenska Kyrkan f\u00f6r Dalstorps f\u00f6rsamling i Kinds pastorat. P\u00e5 den h\u00e4r bloggen skriver jag ner tankar om vandringen som kristen.\",\"sameAs\":[\"http:\/\/www.vandravagen.se\"],\"url\":\"https:\/\/blogg.svenskakyrkan.se\/vandravagen\/author\/vandravagen\/\"}]}<\/script>\n<!-- \/ Yoast SEO plugin. -->","yoast_head_json":{"title":"Veckans 7 visdomsord - Vandra V\u00e4gen","robots":{"index":"index","follow":"follow","max-snippet":"max-snippet:-1","max-image-preview":"max-image-preview:large","max-video-preview":"max-video-preview:-1"},"canonical":"https:\/\/blogg.svenskakyrkan.se\/vandravagen\/2012\/11\/25\/veckans-7-visdomsord\/","og_locale":"sv_SE","og_type":"article","og_title":"Veckans 7 visdomsord - Vandra V\u00e4gen","og_description":"Jag tror en och annan retar sig p\u00e5 mitt s\u00e4tt att twittra. Jag tenderar att anv\u00e4nda Twitter som n\u00e5n slags citatbok och favoritmarkerar eller retweetar (skickar vidare till mina egna f\u00f6ljare) emellan\u00e5t h\u00e4mningsl\u00f6st mycket. Dessutom med f\u00f6rk\u00e4rlek f\u00f6r konstiga l\u00e5tsaskonton som tillh\u00f6r nu d\u00f6da personer.\u00a0 Jag f\u00f6rs\u00f6ker f\u00f6rst\u00e5s att l\u00e4gga band p\u00e5 mig och s\u00e5 [&hellip;]","og_url":"https:\/\/blogg.svenskakyrkan.se\/vandravagen\/2012\/11\/25\/veckans-7-visdomsord\/","og_site_name":"Vandra V\u00e4gen","article_publisher":"http:\/\/facebook.com\/vandravagen","article_published_time":"2012-11-25T18:17:00+00:00","og_image":[{"url":"http:\/\/2.bp.blogspot.com\/-T4wfcph3k6g\/ULIFYGwWg6I\/AAAAAAAABJw\/QNRboutdCxc\/s1600\/40%25.jpg","type":"","width":"","height":""}],"author":"Tomas Jarvid","twitter_card":"summary_large_image","twitter_creator":"@fadertomas","twitter_site":"@fadertomas","twitter_misc":{"Skriven av":"Tomas Jarvid","Ber\u00e4knad l\u00e4stid":"1 minut"},"schema":{"@context":"https:\/\/schema.org","@graph":[{"@type":"Article","@id":"https:\/\/blogg.svenskakyrkan.se\/vandravagen\/2012\/11\/25\/veckans-7-visdomsord\/#article","isPartOf":{"@id":"https:\/\/blogg.svenskakyrkan.se\/vandravagen\/2012\/11\/25\/veckans-7-visdomsord\/"},"author":{"name":"Tomas Jarvid","@id":"https:\/\/blogg.svenskakyrkan.se\/vandravagen\/#\/schema\/person\/25da02d4f76b137d04291711e2c9fc16"},"headline":"Veckans 7 visdomsord","datePublished":"2012-11-25T18:17:00+00:00","mainEntityOfPage":{"@id":"https:\/\/blogg.svenskakyrkan.se\/vandravagen\/2012\/11\/25\/veckans-7-visdomsord\/"},"wordCount":171,"commentCount":0,"publisher":{"@id":"https:\/\/blogg.svenskakyrkan.se\/vandravagen\/#organization"},"image":{"@id":"https:\/\/blogg.svenskakyrkan.se\/vandravagen\/2012\/11\/25\/veckans-7-visdomsord\/#primaryimage"},"thumbnailUrl":"http:\/\/2.bp.blogspot.com\/-T4wfcph3k6g\/ULIFYGwWg6I\/AAAAAAAABJw\/QNRboutdCxc\/s1600\/40%25.jpg","articleSection":["bilder","vara m\u00e4nniska"],"inLanguage":"sv-SE","potentialAction":[{"@type":"CommentAction","name":"Comment","target":["https:\/\/blogg.svenskakyrkan.se\/vandravagen\/2012\/11\/25\/veckans-7-visdomsord\/#respond"]}]},{"@type":"WebPage","@id":"https:\/\/blogg.svenskakyrkan.se\/vandravagen\/2012\/11\/25\/veckans-7-visdomsord\/","url":"https:\/\/blogg.svenskakyrkan.se\/vandravagen\/2012\/11\/25\/veckans-7-visdomsord\/","name":"Veckans 7 visdomsord - Vandra V\u00e4gen","isPartOf":{"@id":"https:\/\/blogg.svenskakyrkan.se\/vandravagen\/#website"},"primaryImageOfPage":{"@id":"https:\/\/blogg.svenskakyrkan.se\/vandravagen\/2012\/11\/25\/veckans-7-visdomsord\/#primaryimage"},"image":{"@id":"https:\/\/blogg.svenskakyrkan.se\/vandravagen\/2012\/11\/25\/veckans-7-visdomsord\/#primaryimage"},"thumbnailUrl":"http:\/\/2.bp.blogspot.com\/-T4wfcph3k6g\/ULIFYGwWg6I\/AAAAAAAABJw\/QNRboutdCxc\/s1600\/40%25.jpg","datePublished":"2012-11-25T18:17:00+00:00","breadcrumb":{"@id":"https:\/\/blogg.svenskakyrkan.se\/vandravagen\/2012\/11\/25\/veckans-7-visdomsord\/#breadcrumb"},"inLanguage":"sv-SE","potentialAction":[{"@type":"ReadAction","target":["https:\/\/blogg.svenskakyrkan.se\/vandravagen\/2012\/11\/25\/veckans-7-visdomsord\/"]}]},{"@type":"ImageObject","inLanguage":"sv-SE","@id":"https:\/\/blogg.svenskakyrkan.se\/vandravagen\/2012\/11\/25\/veckans-7-visdomsord\/#primaryimage","url":"http:\/\/2.bp.blogspot.com\/-T4wfcph3k6g\/ULIFYGwWg6I\/AAAAAAAABJw\/QNRboutdCxc\/s1600\/40%25.jpg","contentUrl":"http:\/\/2.bp.blogspot.com\/-T4wfcph3k6g\/ULIFYGwWg6I\/AAAAAAAABJw\/QNRboutdCxc\/s1600\/40%25.jpg"},{"@type":"BreadcrumbList","@id":"https:\/\/blogg.svenskakyrkan.se\/vandravagen\/2012\/11\/25\/veckans-7-visdomsord\/#breadcrumb","itemListElement":[{"@type":"ListItem","position":1,"name":"Hem","item":"https:\/\/blogg.svenskakyrkan.se\/vandravagen\/"},{"@type":"ListItem","position":2,"name":"Veckans 7 visdomsord"}]},{"@type":"WebSite","@id":"https:\/\/blogg.svenskakyrkan.se\/vandravagen\/#website","url":"https:\/\/blogg.svenskakyrkan.se\/vandravagen\/","name":"Vandra V\u00e4gen","description":"-Mot en tro f\u00f6r hela livet","publisher":{"@id":"https:\/\/blogg.svenskakyrkan.se\/vandravagen\/#organization"},"potentialAction":[{"@type":"SearchAction","target":{"@type":"EntryPoint","urlTemplate":"https:\/\/blogg.svenskakyrkan.se\/vandravagen\/?s={search_term_string}"},"query-input":{"@type":"PropertyValueSpecification","valueRequired":true,"valueName":"search_term_string"}}],"inLanguage":"sv-SE"},{"@type":"Organization","@id":"https:\/\/blogg.svenskakyrkan.se\/vandravagen\/#organization","name":"ulricehamns pastorat","alternateName":"ulricehamns pastorat","url":"https:\/\/blogg.svenskakyrkan.se\/vandravagen\/","logo":{"@type":"ImageObject","inLanguage":"sv-SE","@id":"https:\/\/blogg.svenskakyrkan.se\/vandravagen\/#\/schema\/logo\/image\/","url":"https:\/\/blogg.svenskakyrkan.se\/vandravagen\/files\/2023\/05\/Ulr_logo_RGB.png","contentUrl":"https:\/\/blogg.svenskakyrkan.se\/vandravagen\/files\/2023\/05\/Ulr_logo_RGB.png","width":205,"height":77,"caption":"ulricehamns pastorat"},"image":{"@id":"https:\/\/blogg.svenskakyrkan.se\/vandravagen\/#\/schema\/logo\/image\/"},"sameAs":["http:\/\/facebook.com\/vandravagen","https:\/\/x.com\/fadertomas","http:\/\/www.facebook.com\/svenskakyrkaniulricehamn"]},{"@type":"Person","@id":"https:\/\/blogg.svenskakyrkan.se\/vandravagen\/#\/schema\/person\/25da02d4f76b137d04291711e2c9fc16","name":"Tomas Jarvid","image":{"@type":"ImageObject","inLanguage":"sv-SE","@id":"https:\/\/blogg.svenskakyrkan.se\/vandravagen\/#\/schema\/person\/image\/","url":"https:\/\/secure.gravatar.com\/avatar\/7fa71899795e8f540f615a1f5ab25255dc27aa40f05ee7ddd21aac521e01bf50?s=96&d=identicon&r=g","contentUrl":"https:\/\/secure.gravatar.com\/avatar\/7fa71899795e8f540f615a1f5ab25255dc27aa40f05ee7ddd21aac521e01bf50?s=96&d=identicon&r=g","caption":"Tomas Jarvid"},"description":"Jag bor i Ulricehamn i V\u00e4sterg\u00f6tland och \u00e4r f\u00f6rsamlingspr\u00e4st i Svenska Kyrkan f\u00f6r Dalstorps f\u00f6rsamling i Kinds pastorat. P\u00e5 den h\u00e4r bloggen skriver jag ner tankar om vandringen som kristen.","sameAs":["http:\/\/www.vandravagen.se"],"url":"https:\/\/blogg.svenskakyrkan.se\/vandravagen\/author\/vandravagen\/"}]}},"author_meta":{"ID":"392","user_nicename":"vandravagen","user_url":"http:\/\/www.vandravagen.se","user_registered":"2014-05-19 05:44:52","display_name":"Tomas Jarvid","first_name":"Tomas","last_name":"Jarvid","avatar":"https:\/\/secure.gravatar.com\/avatar\/7fa71899795e8f540f615a1f5ab25255dc27aa40f05ee7ddd21aac521e01bf50?s=96&d=identicon&r=g"},"featured_image":false,"bloginfo":{"name":"Vandra V\u00e4gen","url":"https:\/\/blogg.svenskakyrkan.se\/vandravagen"},"_links":{"self":[{"href":"https:\/\/blogg.svenskakyrkan.se\/vandravagen\/wp-json\/wp\/v2\/posts\/852","targetHints":{"allow":["GET"]}}],"collection":[{"href":"https:\/\/blogg.svenskakyrkan.se\/vandravagen\/wp-json\/wp\/v2\/posts"}],"about":[{"href":"https:\/\/blogg.svenskakyrkan.se\/vandravagen\/wp-json\/wp\/v2\/types\/post"}],"author":[{"embeddable":true,"href":"https:\/\/blogg.svenskakyrkan.se\/vandravagen\/wp-json\/wp\/v2\/users\/392"}],"replies":[{"embeddable":true,"href":"https:\/\/blogg.svenskakyrkan.se\/vandravagen\/wp-json\/wp\/v2\/comments?post=852"}],"version-history":[{"count":0,"href":"https:\/\/blogg.svenskakyrkan.se\/vandravagen\/wp-json\/wp\/v2\/posts\/852\/revisions"}],"wp:attachment":[{"href":"https:\/\/blogg.svenskakyrkan.se\/vandravagen\/wp-json\/wp\/v2\/media?parent=852"}],"wp:term":[{"taxonomy":"category","embeddable":true,"href":"https:\/\/blogg.svenskakyrkan.se\/vandravagen\/wp-json\/wp\/v2\/categories?post=852"},{"taxonomy":"post_tag","embeddable":true,"href":"https:\/\/blogg.svenskakyrkan.se\/vandravagen\/wp-json\/wp\/v2\/tags?post=852"}],"curies":[{"name":"wp","href":"https:\/\/api.w.org\/{rel}","templated":true}]}}