{"id":8520,"date":"2021-04-16T07:00:31","date_gmt":"2021-04-16T05:00:31","guid":{"rendered":"http:\/\/blogg.svenskakyrkan.se\/vandravagen\/?p=8520"},"modified":"2021-04-15T21:59:30","modified_gmt":"2021-04-15T19:59:30","slug":"en-prast-laser-everybody-lies","status":"publish","type":"post","link":"https:\/\/blogg.svenskakyrkan.se\/vandravagen\/2021\/04\/16\/en-prast-laser-everybody-lies\/","title":{"rendered":"En pr\u00e4st l\u00e4ser &#8221;Everybody lies&#8221;"},"content":{"rendered":"\n\n\n<figure class=\"wp-block-image size-large is-style-default\"><img loading=\"lazy\" decoding=\"async\" width=\"750\" height=\"791\" src=\"https:\/\/blogg.svenskakyrkan.se\/vandravagen\/files\/2021\/03\/IMG_8157.jpg\" alt=\"\" class=\"wp-image-8524\" srcset=\"https:\/\/blogg.svenskakyrkan.se\/vandravagen\/files\/2021\/03\/IMG_8157.jpg 750w, https:\/\/blogg.svenskakyrkan.se\/vandravagen\/files\/2021\/03\/IMG_8157-300x316.jpg 300w\" sizes=\"auto, (max-width: 750px) 100vw, 750px\" \/><\/figure>\n\n\n\n<p>Jag har lyssnat p\u00e5 &#8221;Everybody lies&#8221; av Seth Stephens-Davidowitz och det var fascinerande. Boken handlar om det man kallar &#8221;big data&#8221;, hur man kan hitta faktaunderlag till tidigare obesvarbara fr\u00e5gor med hj\u00e4lp av de stora datam\u00e4ngder vi kan f\u00e5 i v\u00e5r moderna v\u00e4rld, fr\u00e4mst via digitaliseringen.<\/p>\n\n\n\n<p>Boken g\u00e5r igenom en hel del sp\u00e4nnande saker, som att man med stora data kan g\u00f6ra sig en bild av rasismen i USA (genom att se p\u00e5 googles\u00f6kningar p\u00e5 n-ordet och d\u00e4rtill samk\u00f6ra en m\u00e4ngd olika statistik jag inte kan redog\u00f6ra f\u00f6r h\u00e4r) eller med satellitfoton kan avg\u00f6ra den ekonomiska utveckligen i utvecklingsl\u00e4nder (genom att se hur mycket elbelysning folket d\u00e4r har r\u00e5d att h\u00e5lla t\u00e4nd p\u00e5 natten). Han avsl\u00f6jar ocks\u00e5 att Freud hade fel om sina &#8221;freudianska fels\u00e4gningar&#8221; (som man kan se genom att unders\u00f6ka massor av stavfel p\u00e5 n\u00e4tet) eller om sin dr\u00f6mtydning (som man kan unders\u00f6ka d\u00e5 man f\u00e5tt in enorma m\u00e4ngder data om m\u00e4nniskors dr\u00f6mmar).<\/p>\n\n\n\n<p>Baksidan med de stora data \u00e4r f\u00f6rst\u00e5s kopplade till integritet och vad som h\u00e4nder d\u00e5 uppt\u00e4ckter som gjorts den h\u00e4r v\u00e4gen exploateras. Och det \u00e4r ofta det blir en ganska m\u00f6rk bild av m\u00e4nskligheten som framtr\u00e4der. Men kanske \u00e4r det ocks\u00e5 det enda s\u00e4ttet f\u00f6r m\u00e4nskligheten att forska p\u00e5 riktigt p\u00e5 sig sj\u00e4lv. Problemet med mer subjektiva metoder \u00e4r ju att vi ljuger och tillr\u00e4ttal\u00e4gger s\u00e5 mycket. B\u00e5de inf\u00f6r varandra och oss sj\u00e4lva.<\/p>\n\n\n\n<p>F\u00f6rfattaren f\u00f6rnyar det gamla uttrycket &#8221;j\u00e4mf\u00f6r inte din egen insida med andras utsida&#8221; till att bli &#8221;j\u00e4mf\u00f6r inte dina googles\u00f6kningar med andras Facebook&#8221;. P\u00e5 Facebook ljuger alla menar han. Vi har s\u00e5 mycket incitament att f\u00f6rsk\u00f6na f\u00f6r att v\u00e5ra liv ska se b\u00e4ttre ut. Men p\u00e5 google finns sanningen. Inte n\u00f6dv\u00e4ndigtvis p\u00e5 sidorna vi hamnar p\u00e5 men p\u00e5 det vi skriver i s\u00f6kf\u00e4ltet! <\/p>\n\n\n\n<p>P\u00e5 samma s\u00e4tt som v\u00e5ra b\u00f6ner avsl\u00f6jar inf\u00f6r oss sj\u00e4lva vad vi verkligen bryr oss om s\u00e5 kan v\u00e5ra googlingar avsl\u00f6ja vad vi verkligen drivs av eller s\u00f6ker, f\u00f6r d\u00e4r har vi inga sk\u00e4l att f\u00f6rst\u00e4lla oss. F\u00f6rfattaren medger ocks\u00e5 att det \u00e4r lite dystert med alla de mindre vackra sidorna som kommer i dagen men det \u00e4r ocks\u00e5 en suck av l\u00e4ttnad. Det \u00e4r inte bara jag som inte \u00e4r som den perfekta fasaden alla visar upp! Och genast \u00e4r vi mindre ensamma och skamfyllda mitt i el\u00e4ndet. P\u00e5 n\u00e5got paradoxalt s\u00e4tt visar det b\u00e5de p\u00e5 det fula och det fantastiska i att vara m\u00e4nniska. <\/p>\n\n\n\n<p>Har du n\u00e5gra tankar om detta? Skriv g\u00e4rna en rad!<\/p>\n","protected":false},"excerpt":{"rendered":"<p>Jag har lyssnat p\u00e5 &#8221;Everybody lies&#8221; av Seth Stephens-Davidowitz och det var fascinerande. Boken handlar om det man kallar &#8221;big data&#8221;, hur man kan hitta faktaunderlag till tidigare obesvarbara fr\u00e5gor med hj\u00e4lp av de stora datam\u00e4ngder vi kan f\u00e5 i v\u00e5r moderna v\u00e4rld, fr\u00e4mst via digitaliseringen. Boken g\u00e5r igenom en hel del sp\u00e4nnande saker, som [&hellip;]<\/p>\n","protected":false},"author":392,"featured_media":8525,"comment_status":"open","ping_status":"open","sticky":false,"template":"","format":"standard","meta":{"_acf_changed":false,"footnotes":""},"categories":[8253,42374,83860,77554],"tags":[],"class_list":["post-8520","post","type-post","status-publish","format-standard","has-post-thumbnail","hentry","category-bocker","category-boktips","category-skam","category-vara-manniska"],"acf":[],"yoast_head":"<!-- This site is optimized with the Yoast SEO plugin v27.1.1 - https:\/\/yoast.com\/product\/yoast-seo-wordpress\/ -->\n<title>En pr\u00e4st l\u00e4ser &quot;Everybody lies&quot; - Vandra V\u00e4gen<\/title>\n<meta name=\"robots\" content=\"index, follow, max-snippet:-1, max-image-preview:large, max-video-preview:-1\" \/>\n<link rel=\"canonical\" href=\"https:\/\/blogg.svenskakyrkan.se\/vandravagen\/2021\/04\/16\/en-prast-laser-everybody-lies\/\" \/>\n<meta property=\"og:locale\" content=\"sv_SE\" \/>\n<meta property=\"og:type\" content=\"article\" \/>\n<meta property=\"og:title\" content=\"En pr\u00e4st l\u00e4ser &quot;Everybody lies&quot; - Vandra V\u00e4gen\" \/>\n<meta property=\"og:description\" content=\"Jag har lyssnat p\u00e5 &#8221;Everybody lies&#8221; av Seth Stephens-Davidowitz och det var fascinerande. Boken handlar om det man kallar &#8221;big data&#8221;, hur man kan hitta faktaunderlag till tidigare obesvarbara fr\u00e5gor med hj\u00e4lp av de stora datam\u00e4ngder vi kan f\u00e5 i v\u00e5r moderna v\u00e4rld, fr\u00e4mst via digitaliseringen. Boken g\u00e5r igenom en hel del sp\u00e4nnande saker, som [&hellip;]\" \/>\n<meta property=\"og:url\" content=\"https:\/\/blogg.svenskakyrkan.se\/vandravagen\/2021\/04\/16\/en-prast-laser-everybody-lies\/\" \/>\n<meta property=\"og:site_name\" content=\"Vandra V\u00e4gen\" \/>\n<meta property=\"article:publisher\" content=\"http:\/\/facebook.com\/vandravagen\" \/>\n<meta property=\"article:published_time\" content=\"2021-04-16T05:00:31+00:00\" \/>\n<meta property=\"og:image\" content=\"https:\/\/blogg.svenskakyrkan.se\/vandravagen\/files\/2021\/03\/IMG_8157-1.jpg\" \/>\n\t<meta property=\"og:image:width\" content=\"750\" \/>\n\t<meta property=\"og:image:height\" content=\"791\" \/>\n\t<meta property=\"og:image:type\" content=\"image\/jpeg\" \/>\n<meta name=\"author\" content=\"Tomas Jarvid\" \/>\n<meta name=\"twitter:card\" content=\"summary_large_image\" \/>\n<meta name=\"twitter:creator\" content=\"@fadertomas\" \/>\n<meta name=\"twitter:site\" content=\"@fadertomas\" \/>\n<meta name=\"twitter:label1\" content=\"Skriven av\" \/>\n\t<meta name=\"twitter:data1\" content=\"Tomas Jarvid\" \/>\n\t<meta name=\"twitter:label2\" content=\"Ber\u00e4knad l\u00e4stid\" \/>\n\t<meta name=\"twitter:data2\" content=\"2 minuter\" \/>\n<script type=\"application\/ld+json\" class=\"yoast-schema-graph\">{\"@context\":\"https:\/\/schema.org\",\"@graph\":[{\"@type\":\"Article\",\"@id\":\"https:\/\/blogg.svenskakyrkan.se\/vandravagen\/2021\/04\/16\/en-prast-laser-everybody-lies\/#article\",\"isPartOf\":{\"@id\":\"https:\/\/blogg.svenskakyrkan.se\/vandravagen\/2021\/04\/16\/en-prast-laser-everybody-lies\/\"},\"author\":{\"name\":\"Tomas Jarvid\",\"@id\":\"https:\/\/blogg.svenskakyrkan.se\/vandravagen\/#\/schema\/person\/25da02d4f76b137d04291711e2c9fc16\"},\"headline\":\"En pr\u00e4st l\u00e4ser &#8221;Everybody lies&#8221;\",\"datePublished\":\"2021-04-16T05:00:31+00:00\",\"mainEntityOfPage\":{\"@id\":\"https:\/\/blogg.svenskakyrkan.se\/vandravagen\/2021\/04\/16\/en-prast-laser-everybody-lies\/\"},\"wordCount\":503,\"commentCount\":4,\"publisher\":{\"@id\":\"https:\/\/blogg.svenskakyrkan.se\/vandravagen\/#organization\"},\"image\":{\"@id\":\"https:\/\/blogg.svenskakyrkan.se\/vandravagen\/2021\/04\/16\/en-prast-laser-everybody-lies\/#primaryimage\"},\"thumbnailUrl\":\"https:\/\/blogg.svenskakyrkan.se\/vandravagen\/files\/2021\/03\/IMG_8157-1.jpg\",\"articleSection\":[\"b\u00f6cker\",\"boktips\",\"skam\",\"vara m\u00e4nniska\"],\"inLanguage\":\"sv-SE\",\"potentialAction\":[{\"@type\":\"CommentAction\",\"name\":\"Comment\",\"target\":[\"https:\/\/blogg.svenskakyrkan.se\/vandravagen\/2021\/04\/16\/en-prast-laser-everybody-lies\/#respond\"]}]},{\"@type\":\"WebPage\",\"@id\":\"https:\/\/blogg.svenskakyrkan.se\/vandravagen\/2021\/04\/16\/en-prast-laser-everybody-lies\/\",\"url\":\"https:\/\/blogg.svenskakyrkan.se\/vandravagen\/2021\/04\/16\/en-prast-laser-everybody-lies\/\",\"name\":\"En pr\u00e4st l\u00e4ser \\\"Everybody lies\\\" - Vandra V\u00e4gen\",\"isPartOf\":{\"@id\":\"https:\/\/blogg.svenskakyrkan.se\/vandravagen\/#website\"},\"primaryImageOfPage\":{\"@id\":\"https:\/\/blogg.svenskakyrkan.se\/vandravagen\/2021\/04\/16\/en-prast-laser-everybody-lies\/#primaryimage\"},\"image\":{\"@id\":\"https:\/\/blogg.svenskakyrkan.se\/vandravagen\/2021\/04\/16\/en-prast-laser-everybody-lies\/#primaryimage\"},\"thumbnailUrl\":\"https:\/\/blogg.svenskakyrkan.se\/vandravagen\/files\/2021\/03\/IMG_8157-1.jpg\",\"datePublished\":\"2021-04-16T05:00:31+00:00\",\"breadcrumb\":{\"@id\":\"https:\/\/blogg.svenskakyrkan.se\/vandravagen\/2021\/04\/16\/en-prast-laser-everybody-lies\/#breadcrumb\"},\"inLanguage\":\"sv-SE\",\"potentialAction\":[{\"@type\":\"ReadAction\",\"target\":[\"https:\/\/blogg.svenskakyrkan.se\/vandravagen\/2021\/04\/16\/en-prast-laser-everybody-lies\/\"]}]},{\"@type\":\"ImageObject\",\"inLanguage\":\"sv-SE\",\"@id\":\"https:\/\/blogg.svenskakyrkan.se\/vandravagen\/2021\/04\/16\/en-prast-laser-everybody-lies\/#primaryimage\",\"url\":\"https:\/\/blogg.svenskakyrkan.se\/vandravagen\/files\/2021\/03\/IMG_8157-1.jpg\",\"contentUrl\":\"https:\/\/blogg.svenskakyrkan.se\/vandravagen\/files\/2021\/03\/IMG_8157-1.jpg\",\"width\":750,\"height\":791},{\"@type\":\"BreadcrumbList\",\"@id\":\"https:\/\/blogg.svenskakyrkan.se\/vandravagen\/2021\/04\/16\/en-prast-laser-everybody-lies\/#breadcrumb\",\"itemListElement\":[{\"@type\":\"ListItem\",\"position\":1,\"name\":\"Hem\",\"item\":\"https:\/\/blogg.svenskakyrkan.se\/vandravagen\/\"},{\"@type\":\"ListItem\",\"position\":2,\"name\":\"En pr\u00e4st l\u00e4ser &#8221;Everybody lies&#8221;\"}]},{\"@type\":\"WebSite\",\"@id\":\"https:\/\/blogg.svenskakyrkan.se\/vandravagen\/#website\",\"url\":\"https:\/\/blogg.svenskakyrkan.se\/vandravagen\/\",\"name\":\"Vandra V\u00e4gen\",\"description\":\"-Mot en tro f\u00f6r hela livet\",\"publisher\":{\"@id\":\"https:\/\/blogg.svenskakyrkan.se\/vandravagen\/#organization\"},\"potentialAction\":[{\"@type\":\"SearchAction\",\"target\":{\"@type\":\"EntryPoint\",\"urlTemplate\":\"https:\/\/blogg.svenskakyrkan.se\/vandravagen\/?s={search_term_string}\"},\"query-input\":{\"@type\":\"PropertyValueSpecification\",\"valueRequired\":true,\"valueName\":\"search_term_string\"}}],\"inLanguage\":\"sv-SE\"},{\"@type\":\"Organization\",\"@id\":\"https:\/\/blogg.svenskakyrkan.se\/vandravagen\/#organization\",\"name\":\"ulricehamns pastorat\",\"alternateName\":\"ulricehamns pastorat\",\"url\":\"https:\/\/blogg.svenskakyrkan.se\/vandravagen\/\",\"logo\":{\"@type\":\"ImageObject\",\"inLanguage\":\"sv-SE\",\"@id\":\"https:\/\/blogg.svenskakyrkan.se\/vandravagen\/#\/schema\/logo\/image\/\",\"url\":\"https:\/\/blogg.svenskakyrkan.se\/vandravagen\/files\/2023\/05\/Ulr_logo_RGB.png\",\"contentUrl\":\"https:\/\/blogg.svenskakyrkan.se\/vandravagen\/files\/2023\/05\/Ulr_logo_RGB.png\",\"width\":205,\"height\":77,\"caption\":\"ulricehamns pastorat\"},\"image\":{\"@id\":\"https:\/\/blogg.svenskakyrkan.se\/vandravagen\/#\/schema\/logo\/image\/\"},\"sameAs\":[\"http:\/\/facebook.com\/vandravagen\",\"https:\/\/x.com\/fadertomas\",\"http:\/\/www.facebook.com\/svenskakyrkaniulricehamn\"]},{\"@type\":\"Person\",\"@id\":\"https:\/\/blogg.svenskakyrkan.se\/vandravagen\/#\/schema\/person\/25da02d4f76b137d04291711e2c9fc16\",\"name\":\"Tomas Jarvid\",\"image\":{\"@type\":\"ImageObject\",\"inLanguage\":\"sv-SE\",\"@id\":\"https:\/\/blogg.svenskakyrkan.se\/vandravagen\/#\/schema\/person\/image\/\",\"url\":\"https:\/\/secure.gravatar.com\/avatar\/7fa71899795e8f540f615a1f5ab25255dc27aa40f05ee7ddd21aac521e01bf50?s=96&d=identicon&r=g\",\"contentUrl\":\"https:\/\/secure.gravatar.com\/avatar\/7fa71899795e8f540f615a1f5ab25255dc27aa40f05ee7ddd21aac521e01bf50?s=96&d=identicon&r=g\",\"caption\":\"Tomas Jarvid\"},\"description\":\"Jag bor i Ulricehamn i V\u00e4sterg\u00f6tland och \u00e4r f\u00f6rsamlingspr\u00e4st i Svenska Kyrkan f\u00f6r Dalstorps f\u00f6rsamling i Kinds pastorat. P\u00e5 den h\u00e4r bloggen skriver jag ner tankar om vandringen som kristen.\",\"sameAs\":[\"http:\/\/www.vandravagen.se\"],\"url\":\"https:\/\/blogg.svenskakyrkan.se\/vandravagen\/author\/vandravagen\/\"}]}<\/script>\n<!-- \/ Yoast SEO plugin. -->","yoast_head_json":{"title":"En pr\u00e4st l\u00e4ser \"Everybody lies\" - Vandra V\u00e4gen","robots":{"index":"index","follow":"follow","max-snippet":"max-snippet:-1","max-image-preview":"max-image-preview:large","max-video-preview":"max-video-preview:-1"},"canonical":"https:\/\/blogg.svenskakyrkan.se\/vandravagen\/2021\/04\/16\/en-prast-laser-everybody-lies\/","og_locale":"sv_SE","og_type":"article","og_title":"En pr\u00e4st l\u00e4ser \"Everybody lies\" - Vandra V\u00e4gen","og_description":"Jag har lyssnat p\u00e5 &#8221;Everybody lies&#8221; av Seth Stephens-Davidowitz och det var fascinerande. Boken handlar om det man kallar &#8221;big data&#8221;, hur man kan hitta faktaunderlag till tidigare obesvarbara fr\u00e5gor med hj\u00e4lp av de stora datam\u00e4ngder vi kan f\u00e5 i v\u00e5r moderna v\u00e4rld, fr\u00e4mst via digitaliseringen. Boken g\u00e5r igenom en hel del sp\u00e4nnande saker, som [&hellip;]","og_url":"https:\/\/blogg.svenskakyrkan.se\/vandravagen\/2021\/04\/16\/en-prast-laser-everybody-lies\/","og_site_name":"Vandra V\u00e4gen","article_publisher":"http:\/\/facebook.com\/vandravagen","article_published_time":"2021-04-16T05:00:31+00:00","og_image":[{"width":750,"height":791,"url":"https:\/\/blogg.svenskakyrkan.se\/vandravagen\/files\/2021\/03\/IMG_8157-1.jpg","type":"image\/jpeg"}],"author":"Tomas Jarvid","twitter_card":"summary_large_image","twitter_creator":"@fadertomas","twitter_site":"@fadertomas","twitter_misc":{"Skriven av":"Tomas Jarvid","Ber\u00e4knad l\u00e4stid":"2 minuter"},"schema":{"@context":"https:\/\/schema.org","@graph":[{"@type":"Article","@id":"https:\/\/blogg.svenskakyrkan.se\/vandravagen\/2021\/04\/16\/en-prast-laser-everybody-lies\/#article","isPartOf":{"@id":"https:\/\/blogg.svenskakyrkan.se\/vandravagen\/2021\/04\/16\/en-prast-laser-everybody-lies\/"},"author":{"name":"Tomas Jarvid","@id":"https:\/\/blogg.svenskakyrkan.se\/vandravagen\/#\/schema\/person\/25da02d4f76b137d04291711e2c9fc16"},"headline":"En pr\u00e4st l\u00e4ser &#8221;Everybody lies&#8221;","datePublished":"2021-04-16T05:00:31+00:00","mainEntityOfPage":{"@id":"https:\/\/blogg.svenskakyrkan.se\/vandravagen\/2021\/04\/16\/en-prast-laser-everybody-lies\/"},"wordCount":503,"commentCount":4,"publisher":{"@id":"https:\/\/blogg.svenskakyrkan.se\/vandravagen\/#organization"},"image":{"@id":"https:\/\/blogg.svenskakyrkan.se\/vandravagen\/2021\/04\/16\/en-prast-laser-everybody-lies\/#primaryimage"},"thumbnailUrl":"https:\/\/blogg.svenskakyrkan.se\/vandravagen\/files\/2021\/03\/IMG_8157-1.jpg","articleSection":["b\u00f6cker","boktips","skam","vara m\u00e4nniska"],"inLanguage":"sv-SE","potentialAction":[{"@type":"CommentAction","name":"Comment","target":["https:\/\/blogg.svenskakyrkan.se\/vandravagen\/2021\/04\/16\/en-prast-laser-everybody-lies\/#respond"]}]},{"@type":"WebPage","@id":"https:\/\/blogg.svenskakyrkan.se\/vandravagen\/2021\/04\/16\/en-prast-laser-everybody-lies\/","url":"https:\/\/blogg.svenskakyrkan.se\/vandravagen\/2021\/04\/16\/en-prast-laser-everybody-lies\/","name":"En pr\u00e4st l\u00e4ser \"Everybody lies\" - Vandra V\u00e4gen","isPartOf":{"@id":"https:\/\/blogg.svenskakyrkan.se\/vandravagen\/#website"},"primaryImageOfPage":{"@id":"https:\/\/blogg.svenskakyrkan.se\/vandravagen\/2021\/04\/16\/en-prast-laser-everybody-lies\/#primaryimage"},"image":{"@id":"https:\/\/blogg.svenskakyrkan.se\/vandravagen\/2021\/04\/16\/en-prast-laser-everybody-lies\/#primaryimage"},"thumbnailUrl":"https:\/\/blogg.svenskakyrkan.se\/vandravagen\/files\/2021\/03\/IMG_8157-1.jpg","datePublished":"2021-04-16T05:00:31+00:00","breadcrumb":{"@id":"https:\/\/blogg.svenskakyrkan.se\/vandravagen\/2021\/04\/16\/en-prast-laser-everybody-lies\/#breadcrumb"},"inLanguage":"sv-SE","potentialAction":[{"@type":"ReadAction","target":["https:\/\/blogg.svenskakyrkan.se\/vandravagen\/2021\/04\/16\/en-prast-laser-everybody-lies\/"]}]},{"@type":"ImageObject","inLanguage":"sv-SE","@id":"https:\/\/blogg.svenskakyrkan.se\/vandravagen\/2021\/04\/16\/en-prast-laser-everybody-lies\/#primaryimage","url":"https:\/\/blogg.svenskakyrkan.se\/vandravagen\/files\/2021\/03\/IMG_8157-1.jpg","contentUrl":"https:\/\/blogg.svenskakyrkan.se\/vandravagen\/files\/2021\/03\/IMG_8157-1.jpg","width":750,"height":791},{"@type":"BreadcrumbList","@id":"https:\/\/blogg.svenskakyrkan.se\/vandravagen\/2021\/04\/16\/en-prast-laser-everybody-lies\/#breadcrumb","itemListElement":[{"@type":"ListItem","position":1,"name":"Hem","item":"https:\/\/blogg.svenskakyrkan.se\/vandravagen\/"},{"@type":"ListItem","position":2,"name":"En pr\u00e4st l\u00e4ser &#8221;Everybody lies&#8221;"}]},{"@type":"WebSite","@id":"https:\/\/blogg.svenskakyrkan.se\/vandravagen\/#website","url":"https:\/\/blogg.svenskakyrkan.se\/vandravagen\/","name":"Vandra V\u00e4gen","description":"-Mot en tro f\u00f6r hela livet","publisher":{"@id":"https:\/\/blogg.svenskakyrkan.se\/vandravagen\/#organization"},"potentialAction":[{"@type":"SearchAction","target":{"@type":"EntryPoint","urlTemplate":"https:\/\/blogg.svenskakyrkan.se\/vandravagen\/?s={search_term_string}"},"query-input":{"@type":"PropertyValueSpecification","valueRequired":true,"valueName":"search_term_string"}}],"inLanguage":"sv-SE"},{"@type":"Organization","@id":"https:\/\/blogg.svenskakyrkan.se\/vandravagen\/#organization","name":"ulricehamns pastorat","alternateName":"ulricehamns pastorat","url":"https:\/\/blogg.svenskakyrkan.se\/vandravagen\/","logo":{"@type":"ImageObject","inLanguage":"sv-SE","@id":"https:\/\/blogg.svenskakyrkan.se\/vandravagen\/#\/schema\/logo\/image\/","url":"https:\/\/blogg.svenskakyrkan.se\/vandravagen\/files\/2023\/05\/Ulr_logo_RGB.png","contentUrl":"https:\/\/blogg.svenskakyrkan.se\/vandravagen\/files\/2023\/05\/Ulr_logo_RGB.png","width":205,"height":77,"caption":"ulricehamns pastorat"},"image":{"@id":"https:\/\/blogg.svenskakyrkan.se\/vandravagen\/#\/schema\/logo\/image\/"},"sameAs":["http:\/\/facebook.com\/vandravagen","https:\/\/x.com\/fadertomas","http:\/\/www.facebook.com\/svenskakyrkaniulricehamn"]},{"@type":"Person","@id":"https:\/\/blogg.svenskakyrkan.se\/vandravagen\/#\/schema\/person\/25da02d4f76b137d04291711e2c9fc16","name":"Tomas Jarvid","image":{"@type":"ImageObject","inLanguage":"sv-SE","@id":"https:\/\/blogg.svenskakyrkan.se\/vandravagen\/#\/schema\/person\/image\/","url":"https:\/\/secure.gravatar.com\/avatar\/7fa71899795e8f540f615a1f5ab25255dc27aa40f05ee7ddd21aac521e01bf50?s=96&d=identicon&r=g","contentUrl":"https:\/\/secure.gravatar.com\/avatar\/7fa71899795e8f540f615a1f5ab25255dc27aa40f05ee7ddd21aac521e01bf50?s=96&d=identicon&r=g","caption":"Tomas Jarvid"},"description":"Jag bor i Ulricehamn i V\u00e4sterg\u00f6tland och \u00e4r f\u00f6rsamlingspr\u00e4st i Svenska Kyrkan f\u00f6r Dalstorps f\u00f6rsamling i Kinds pastorat. P\u00e5 den h\u00e4r bloggen skriver jag ner tankar om vandringen som kristen.","sameAs":["http:\/\/www.vandravagen.se"],"url":"https:\/\/blogg.svenskakyrkan.se\/vandravagen\/author\/vandravagen\/"}]}},"author_meta":{"ID":"392","user_nicename":"vandravagen","user_url":"http:\/\/www.vandravagen.se","user_registered":"2014-05-19 05:44:52","display_name":"Tomas Jarvid","first_name":"Tomas","last_name":"Jarvid","avatar":"https:\/\/secure.gravatar.com\/avatar\/7fa71899795e8f540f615a1f5ab25255dc27aa40f05ee7ddd21aac521e01bf50?s=96&d=identicon&r=g"},"featured_image":["https:\/\/blogg.svenskakyrkan.se\/vandravagen\/files\/2021\/03\/IMG_8157-1.jpg",750,791,false],"bloginfo":{"name":"Vandra V\u00e4gen","url":"https:\/\/blogg.svenskakyrkan.se\/vandravagen"},"_links":{"self":[{"href":"https:\/\/blogg.svenskakyrkan.se\/vandravagen\/wp-json\/wp\/v2\/posts\/8520","targetHints":{"allow":["GET"]}}],"collection":[{"href":"https:\/\/blogg.svenskakyrkan.se\/vandravagen\/wp-json\/wp\/v2\/posts"}],"about":[{"href":"https:\/\/blogg.svenskakyrkan.se\/vandravagen\/wp-json\/wp\/v2\/types\/post"}],"author":[{"embeddable":true,"href":"https:\/\/blogg.svenskakyrkan.se\/vandravagen\/wp-json\/wp\/v2\/users\/392"}],"replies":[{"embeddable":true,"href":"https:\/\/blogg.svenskakyrkan.se\/vandravagen\/wp-json\/wp\/v2\/comments?post=8520"}],"version-history":[{"count":2,"href":"https:\/\/blogg.svenskakyrkan.se\/vandravagen\/wp-json\/wp\/v2\/posts\/8520\/revisions"}],"predecessor-version":[{"id":8526,"href":"https:\/\/blogg.svenskakyrkan.se\/vandravagen\/wp-json\/wp\/v2\/posts\/8520\/revisions\/8526"}],"wp:featuredmedia":[{"embeddable":true,"href":"https:\/\/blogg.svenskakyrkan.se\/vandravagen\/wp-json\/wp\/v2\/media\/8525"}],"wp:attachment":[{"href":"https:\/\/blogg.svenskakyrkan.se\/vandravagen\/wp-json\/wp\/v2\/media?parent=8520"}],"wp:term":[{"taxonomy":"category","embeddable":true,"href":"https:\/\/blogg.svenskakyrkan.se\/vandravagen\/wp-json\/wp\/v2\/categories?post=8520"},{"taxonomy":"post_tag","embeddable":true,"href":"https:\/\/blogg.svenskakyrkan.se\/vandravagen\/wp-json\/wp\/v2\/tags?post=8520"}],"curies":[{"name":"wp","href":"https:\/\/api.w.org\/{rel}","templated":true}]}}