{"id":8530,"date":"2021-03-28T07:00:58","date_gmt":"2021-03-28T05:00:58","guid":{"rendered":"http:\/\/blogg.svenskakyrkan.se\/vandravagen\/?p=8530"},"modified":"2021-03-27T21:23:49","modified_gmt":"2021-03-27T20:23:49","slug":"8-blandade-tankar-pa-palmsondagen","status":"publish","type":"post","link":"https:\/\/blogg.svenskakyrkan.se\/vandravagen\/2021\/03\/28\/8-blandade-tankar-pa-palmsondagen\/","title":{"rendered":"8 blandade tankar p\u00e5 palms\u00f6ndagen"},"content":{"rendered":"\n\n\n<figure class=\"wp-block-image size-large is-style-default\"><img loading=\"lazy\" decoding=\"async\" width=\"1024\" height=\"872\" src=\"https:\/\/blogg.svenskakyrkan.se\/vandravagen\/files\/2021\/03\/IMG_8221-1024x872.jpg\" alt=\"\" class=\"wp-image-8531\" srcset=\"https:\/\/blogg.svenskakyrkan.se\/vandravagen\/files\/2021\/03\/IMG_8221-1024x872.jpg 1024w, https:\/\/blogg.svenskakyrkan.se\/vandravagen\/files\/2021\/03\/IMG_8221-300x255.jpg 300w, https:\/\/blogg.svenskakyrkan.se\/vandravagen\/files\/2021\/03\/IMG_8221-768x654.jpg 768w, https:\/\/blogg.svenskakyrkan.se\/vandravagen\/files\/2021\/03\/IMG_8221.jpg 1029w\" sizes=\"auto, (max-width: 1024px) 100vw, 1024px\" \/><figcaption>Tavla av Adam och Eva. Inte s\u00e5 insmickrande. \u00c4pplet ser inte s\u00e5 gott ut heller.<\/figcaption><\/figure>\n\n\n\n<ol class=\"wp-block-list\"><li>Glad s\u00f6ndag k\u00e4ra l\u00e4sare!<\/li><li>Idag \u00e4r det palms\u00f6ndagen, dagen som inleder &#8221;stilla veckan&#8221; fram till p\u00e5sken. Jag ska till Nittorp idag fast det \u00e4r Ulf som sk\u00f6ter \u00f6ppen kyrka, det ska n\u00e4mligen bli dop av en konfirmand vilket k\u00e4nns v\u00e4ldigt fint.<\/li><li>Jag har haft en ganska k\u00e4nslom\u00e4ssigt omtumlande vecka. Det f\u00f6rsta stora som h\u00e4nde var att jag blivit erbjuden och skrivit p\u00e5 f\u00f6r en ny tj\u00e4nst som pr\u00e4st i \u00c5sundens f\u00f6rsamling, Ulricehamns pastorat. Och i b\u00f6rjan p\u00e5 veckan skrev jag om detta till olika v\u00e4nner i f\u00f6rsamlingen och har tagit emot en del reaktioner. Jag tycker det k\u00e4nns b\u00e5de v\u00e4ldigt sorgligt, f\u00f6r jag tycker v\u00e4ldigt mycket om Dalstorps f\u00f6rsamling, och som n\u00e5got v\u00e4ldigt bra f\u00f6r mig och familjen. Min fr\u00e4msta b\u00f6n \u00e4r nu att det ska g\u00e5 bra att hitta en eftertr\u00e4dare.<\/li><li>Det andra stora som h\u00e4nt \u00e4r att vi tittat p\u00e5 och skrivit k\u00f6pekontrakt p\u00e5 ett hus h\u00e4r i Ulricehamn med plats f\u00f6r alla l\u00e5ng tid fram\u00f6ver. Det \u00e4r ju ocks\u00e5 omv\u00e4lvande f\u00f6r det \u00e4r den st\u00f6rsta aff\u00e4r vi n\u00e5gonsin gjort och en suck av l\u00e4ttnad att det \u00e4ntligen faller p\u00e5 plats.<\/li><li>Annat som h\u00e4nt \u00e4r att jag till slut sprungit f\u00f6r mycket och f\u00e5tt ont i benet. <\/li><li>Palms\u00f6ndagens evangelium med Jesus som rider in i Jerusalem p\u00e5 \u00e5snan \u00e4r nog det jag skrivit om allra mest h\u00e4r p\u00e5 bloggen, \u00e5tminstone i samband med advent d\u00e5 man l\u00e4ser om samma h\u00e4ndelse i gudstj\u00e4nsterna. Det finns mycket d\u00e4r. Kanske ocks\u00e5 n\u00e5got som passar f\u00f6r ett doptal idag.<\/li><li>Min fru har spelat in filmad p\u00e5skgudstj\u00e4nst i K\u00f6laby kyrka som g\u00e5r att se p\u00e5 s\u00e5 sm\u00e5ningom. Jag har ju visat bilder p\u00e5 K\u00f6laby kyrka h\u00e4r f\u00f6r ett tag sedan. V\u00e4ldigt lustigt att orten som hela mitt liv varit k\u00e4nd som Tr\u00e4det nu oftast heter K\u00f6laby ist\u00e4llet, f\u00f6r s\u00e5 heter socknen.<\/li><li>Vad g\u00f6r du idag? Skriv en rad och ber\u00e4tta!<\/li><\/ol>\n","protected":false},"excerpt":{"rendered":"<p>Glad s\u00f6ndag k\u00e4ra l\u00e4sare! Idag \u00e4r det palms\u00f6ndagen, dagen som inleder &#8221;stilla veckan&#8221; fram till p\u00e5sken. Jag ska till Nittorp idag fast det \u00e4r Ulf som sk\u00f6ter \u00f6ppen kyrka, det ska n\u00e4mligen bli dop av en konfirmand vilket k\u00e4nns v\u00e4ldigt fint. Jag har haft en ganska k\u00e4nslom\u00e4ssigt omtumlande vecka. Det f\u00f6rsta stora som h\u00e4nde var [&hellip;]<\/p>\n","protected":false},"author":392,"featured_media":8531,"comment_status":"open","ping_status":"open","sticky":false,"template":"","format":"standard","meta":{"_acf_changed":false,"footnotes":""},"categories":[9],"tags":[],"class_list":["post-8530","post","type-post","status-publish","format-standard","has-post-thumbnail","hentry","category-okategoriserade"],"acf":[],"yoast_head":"<!-- This site is optimized with the Yoast SEO plugin v27.1.1 - https:\/\/yoast.com\/product\/yoast-seo-wordpress\/ -->\n<title>8 blandade tankar p\u00e5 palms\u00f6ndagen - Vandra V\u00e4gen<\/title>\n<meta name=\"robots\" content=\"index, follow, max-snippet:-1, max-image-preview:large, max-video-preview:-1\" \/>\n<link rel=\"canonical\" href=\"https:\/\/blogg.svenskakyrkan.se\/vandravagen\/2021\/03\/28\/8-blandade-tankar-pa-palmsondagen\/\" \/>\n<meta property=\"og:locale\" content=\"sv_SE\" \/>\n<meta property=\"og:type\" content=\"article\" \/>\n<meta property=\"og:title\" content=\"8 blandade tankar p\u00e5 palms\u00f6ndagen - Vandra V\u00e4gen\" \/>\n<meta property=\"og:description\" content=\"Glad s\u00f6ndag k\u00e4ra l\u00e4sare! Idag \u00e4r det palms\u00f6ndagen, dagen som inleder &#8221;stilla veckan&#8221; fram till p\u00e5sken. Jag ska till Nittorp idag fast det \u00e4r Ulf som sk\u00f6ter \u00f6ppen kyrka, det ska n\u00e4mligen bli dop av en konfirmand vilket k\u00e4nns v\u00e4ldigt fint. Jag har haft en ganska k\u00e4nslom\u00e4ssigt omtumlande vecka. Det f\u00f6rsta stora som h\u00e4nde var [&hellip;]\" \/>\n<meta property=\"og:url\" content=\"https:\/\/blogg.svenskakyrkan.se\/vandravagen\/2021\/03\/28\/8-blandade-tankar-pa-palmsondagen\/\" \/>\n<meta property=\"og:site_name\" content=\"Vandra V\u00e4gen\" \/>\n<meta property=\"article:publisher\" content=\"http:\/\/facebook.com\/vandravagen\" \/>\n<meta property=\"article:published_time\" content=\"2021-03-28T05:00:58+00:00\" \/>\n<meta property=\"og:image\" content=\"https:\/\/blogg.svenskakyrkan.se\/vandravagen\/files\/2021\/03\/IMG_8221.jpg\" \/>\n\t<meta property=\"og:image:width\" content=\"1029\" \/>\n\t<meta property=\"og:image:height\" content=\"876\" \/>\n\t<meta property=\"og:image:type\" content=\"image\/jpeg\" \/>\n<meta name=\"author\" content=\"Tomas Jarvid\" \/>\n<meta name=\"twitter:card\" content=\"summary_large_image\" \/>\n<meta name=\"twitter:creator\" content=\"@fadertomas\" \/>\n<meta name=\"twitter:site\" content=\"@fadertomas\" \/>\n<meta name=\"twitter:label1\" content=\"Skriven av\" \/>\n\t<meta name=\"twitter:data1\" content=\"Tomas Jarvid\" \/>\n\t<meta name=\"twitter:label2\" content=\"Ber\u00e4knad l\u00e4stid\" \/>\n\t<meta name=\"twitter:data2\" content=\"2 minuter\" \/>\n<script type=\"application\/ld+json\" class=\"yoast-schema-graph\">{\"@context\":\"https:\/\/schema.org\",\"@graph\":[{\"@type\":\"Article\",\"@id\":\"https:\/\/blogg.svenskakyrkan.se\/vandravagen\/2021\/03\/28\/8-blandade-tankar-pa-palmsondagen\/#article\",\"isPartOf\":{\"@id\":\"https:\/\/blogg.svenskakyrkan.se\/vandravagen\/2021\/03\/28\/8-blandade-tankar-pa-palmsondagen\/\"},\"author\":{\"name\":\"Tomas Jarvid\",\"@id\":\"https:\/\/blogg.svenskakyrkan.se\/vandravagen\/#\/schema\/person\/25da02d4f76b137d04291711e2c9fc16\"},\"headline\":\"8 blandade tankar p\u00e5 palms\u00f6ndagen\",\"datePublished\":\"2021-03-28T05:00:58+00:00\",\"mainEntityOfPage\":{\"@id\":\"https:\/\/blogg.svenskakyrkan.se\/vandravagen\/2021\/03\/28\/8-blandade-tankar-pa-palmsondagen\/\"},\"wordCount\":398,\"commentCount\":12,\"publisher\":{\"@id\":\"https:\/\/blogg.svenskakyrkan.se\/vandravagen\/#organization\"},\"image\":{\"@id\":\"https:\/\/blogg.svenskakyrkan.se\/vandravagen\/2021\/03\/28\/8-blandade-tankar-pa-palmsondagen\/#primaryimage\"},\"thumbnailUrl\":\"https:\/\/blogg.svenskakyrkan.se\/vandravagen\/files\/2021\/03\/IMG_8221.jpg\",\"inLanguage\":\"sv-SE\",\"potentialAction\":[{\"@type\":\"CommentAction\",\"name\":\"Comment\",\"target\":[\"https:\/\/blogg.svenskakyrkan.se\/vandravagen\/2021\/03\/28\/8-blandade-tankar-pa-palmsondagen\/#respond\"]}]},{\"@type\":\"WebPage\",\"@id\":\"https:\/\/blogg.svenskakyrkan.se\/vandravagen\/2021\/03\/28\/8-blandade-tankar-pa-palmsondagen\/\",\"url\":\"https:\/\/blogg.svenskakyrkan.se\/vandravagen\/2021\/03\/28\/8-blandade-tankar-pa-palmsondagen\/\",\"name\":\"8 blandade tankar p\u00e5 palms\u00f6ndagen - Vandra V\u00e4gen\",\"isPartOf\":{\"@id\":\"https:\/\/blogg.svenskakyrkan.se\/vandravagen\/#website\"},\"primaryImageOfPage\":{\"@id\":\"https:\/\/blogg.svenskakyrkan.se\/vandravagen\/2021\/03\/28\/8-blandade-tankar-pa-palmsondagen\/#primaryimage\"},\"image\":{\"@id\":\"https:\/\/blogg.svenskakyrkan.se\/vandravagen\/2021\/03\/28\/8-blandade-tankar-pa-palmsondagen\/#primaryimage\"},\"thumbnailUrl\":\"https:\/\/blogg.svenskakyrkan.se\/vandravagen\/files\/2021\/03\/IMG_8221.jpg\",\"datePublished\":\"2021-03-28T05:00:58+00:00\",\"breadcrumb\":{\"@id\":\"https:\/\/blogg.svenskakyrkan.se\/vandravagen\/2021\/03\/28\/8-blandade-tankar-pa-palmsondagen\/#breadcrumb\"},\"inLanguage\":\"sv-SE\",\"potentialAction\":[{\"@type\":\"ReadAction\",\"target\":[\"https:\/\/blogg.svenskakyrkan.se\/vandravagen\/2021\/03\/28\/8-blandade-tankar-pa-palmsondagen\/\"]}]},{\"@type\":\"ImageObject\",\"inLanguage\":\"sv-SE\",\"@id\":\"https:\/\/blogg.svenskakyrkan.se\/vandravagen\/2021\/03\/28\/8-blandade-tankar-pa-palmsondagen\/#primaryimage\",\"url\":\"https:\/\/blogg.svenskakyrkan.se\/vandravagen\/files\/2021\/03\/IMG_8221.jpg\",\"contentUrl\":\"https:\/\/blogg.svenskakyrkan.se\/vandravagen\/files\/2021\/03\/IMG_8221.jpg\",\"width\":1029,\"height\":876},{\"@type\":\"BreadcrumbList\",\"@id\":\"https:\/\/blogg.svenskakyrkan.se\/vandravagen\/2021\/03\/28\/8-blandade-tankar-pa-palmsondagen\/#breadcrumb\",\"itemListElement\":[{\"@type\":\"ListItem\",\"position\":1,\"name\":\"Hem\",\"item\":\"https:\/\/blogg.svenskakyrkan.se\/vandravagen\/\"},{\"@type\":\"ListItem\",\"position\":2,\"name\":\"8 blandade tankar p\u00e5 palms\u00f6ndagen\"}]},{\"@type\":\"WebSite\",\"@id\":\"https:\/\/blogg.svenskakyrkan.se\/vandravagen\/#website\",\"url\":\"https:\/\/blogg.svenskakyrkan.se\/vandravagen\/\",\"name\":\"Vandra V\u00e4gen\",\"description\":\"-Mot en tro f\u00f6r hela livet\",\"publisher\":{\"@id\":\"https:\/\/blogg.svenskakyrkan.se\/vandravagen\/#organization\"},\"potentialAction\":[{\"@type\":\"SearchAction\",\"target\":{\"@type\":\"EntryPoint\",\"urlTemplate\":\"https:\/\/blogg.svenskakyrkan.se\/vandravagen\/?s={search_term_string}\"},\"query-input\":{\"@type\":\"PropertyValueSpecification\",\"valueRequired\":true,\"valueName\":\"search_term_string\"}}],\"inLanguage\":\"sv-SE\"},{\"@type\":\"Organization\",\"@id\":\"https:\/\/blogg.svenskakyrkan.se\/vandravagen\/#organization\",\"name\":\"ulricehamns pastorat\",\"alternateName\":\"ulricehamns pastorat\",\"url\":\"https:\/\/blogg.svenskakyrkan.se\/vandravagen\/\",\"logo\":{\"@type\":\"ImageObject\",\"inLanguage\":\"sv-SE\",\"@id\":\"https:\/\/blogg.svenskakyrkan.se\/vandravagen\/#\/schema\/logo\/image\/\",\"url\":\"https:\/\/blogg.svenskakyrkan.se\/vandravagen\/files\/2023\/05\/Ulr_logo_RGB.png\",\"contentUrl\":\"https:\/\/blogg.svenskakyrkan.se\/vandravagen\/files\/2023\/05\/Ulr_logo_RGB.png\",\"width\":205,\"height\":77,\"caption\":\"ulricehamns pastorat\"},\"image\":{\"@id\":\"https:\/\/blogg.svenskakyrkan.se\/vandravagen\/#\/schema\/logo\/image\/\"},\"sameAs\":[\"http:\/\/facebook.com\/vandravagen\",\"https:\/\/x.com\/fadertomas\",\"http:\/\/www.facebook.com\/svenskakyrkaniulricehamn\"]},{\"@type\":\"Person\",\"@id\":\"https:\/\/blogg.svenskakyrkan.se\/vandravagen\/#\/schema\/person\/25da02d4f76b137d04291711e2c9fc16\",\"name\":\"Tomas Jarvid\",\"image\":{\"@type\":\"ImageObject\",\"inLanguage\":\"sv-SE\",\"@id\":\"https:\/\/blogg.svenskakyrkan.se\/vandravagen\/#\/schema\/person\/image\/\",\"url\":\"https:\/\/secure.gravatar.com\/avatar\/7fa71899795e8f540f615a1f5ab25255dc27aa40f05ee7ddd21aac521e01bf50?s=96&d=identicon&r=g\",\"contentUrl\":\"https:\/\/secure.gravatar.com\/avatar\/7fa71899795e8f540f615a1f5ab25255dc27aa40f05ee7ddd21aac521e01bf50?s=96&d=identicon&r=g\",\"caption\":\"Tomas Jarvid\"},\"description\":\"Jag bor i Ulricehamn i V\u00e4sterg\u00f6tland och \u00e4r f\u00f6rsamlingspr\u00e4st i Svenska Kyrkan f\u00f6r Dalstorps f\u00f6rsamling i Kinds pastorat. P\u00e5 den h\u00e4r bloggen skriver jag ner tankar om vandringen som kristen.\",\"sameAs\":[\"http:\/\/www.vandravagen.se\"],\"url\":\"https:\/\/blogg.svenskakyrkan.se\/vandravagen\/author\/vandravagen\/\"}]}<\/script>\n<!-- \/ Yoast SEO plugin. -->","yoast_head_json":{"title":"8 blandade tankar p\u00e5 palms\u00f6ndagen - Vandra V\u00e4gen","robots":{"index":"index","follow":"follow","max-snippet":"max-snippet:-1","max-image-preview":"max-image-preview:large","max-video-preview":"max-video-preview:-1"},"canonical":"https:\/\/blogg.svenskakyrkan.se\/vandravagen\/2021\/03\/28\/8-blandade-tankar-pa-palmsondagen\/","og_locale":"sv_SE","og_type":"article","og_title":"8 blandade tankar p\u00e5 palms\u00f6ndagen - Vandra V\u00e4gen","og_description":"Glad s\u00f6ndag k\u00e4ra l\u00e4sare! Idag \u00e4r det palms\u00f6ndagen, dagen som inleder &#8221;stilla veckan&#8221; fram till p\u00e5sken. Jag ska till Nittorp idag fast det \u00e4r Ulf som sk\u00f6ter \u00f6ppen kyrka, det ska n\u00e4mligen bli dop av en konfirmand vilket k\u00e4nns v\u00e4ldigt fint. Jag har haft en ganska k\u00e4nslom\u00e4ssigt omtumlande vecka. Det f\u00f6rsta stora som h\u00e4nde var [&hellip;]","og_url":"https:\/\/blogg.svenskakyrkan.se\/vandravagen\/2021\/03\/28\/8-blandade-tankar-pa-palmsondagen\/","og_site_name":"Vandra V\u00e4gen","article_publisher":"http:\/\/facebook.com\/vandravagen","article_published_time":"2021-03-28T05:00:58+00:00","og_image":[{"width":1029,"height":876,"url":"https:\/\/blogg.svenskakyrkan.se\/vandravagen\/files\/2021\/03\/IMG_8221.jpg","type":"image\/jpeg"}],"author":"Tomas Jarvid","twitter_card":"summary_large_image","twitter_creator":"@fadertomas","twitter_site":"@fadertomas","twitter_misc":{"Skriven av":"Tomas Jarvid","Ber\u00e4knad l\u00e4stid":"2 minuter"},"schema":{"@context":"https:\/\/schema.org","@graph":[{"@type":"Article","@id":"https:\/\/blogg.svenskakyrkan.se\/vandravagen\/2021\/03\/28\/8-blandade-tankar-pa-palmsondagen\/#article","isPartOf":{"@id":"https:\/\/blogg.svenskakyrkan.se\/vandravagen\/2021\/03\/28\/8-blandade-tankar-pa-palmsondagen\/"},"author":{"name":"Tomas Jarvid","@id":"https:\/\/blogg.svenskakyrkan.se\/vandravagen\/#\/schema\/person\/25da02d4f76b137d04291711e2c9fc16"},"headline":"8 blandade tankar p\u00e5 palms\u00f6ndagen","datePublished":"2021-03-28T05:00:58+00:00","mainEntityOfPage":{"@id":"https:\/\/blogg.svenskakyrkan.se\/vandravagen\/2021\/03\/28\/8-blandade-tankar-pa-palmsondagen\/"},"wordCount":398,"commentCount":12,"publisher":{"@id":"https:\/\/blogg.svenskakyrkan.se\/vandravagen\/#organization"},"image":{"@id":"https:\/\/blogg.svenskakyrkan.se\/vandravagen\/2021\/03\/28\/8-blandade-tankar-pa-palmsondagen\/#primaryimage"},"thumbnailUrl":"https:\/\/blogg.svenskakyrkan.se\/vandravagen\/files\/2021\/03\/IMG_8221.jpg","inLanguage":"sv-SE","potentialAction":[{"@type":"CommentAction","name":"Comment","target":["https:\/\/blogg.svenskakyrkan.se\/vandravagen\/2021\/03\/28\/8-blandade-tankar-pa-palmsondagen\/#respond"]}]},{"@type":"WebPage","@id":"https:\/\/blogg.svenskakyrkan.se\/vandravagen\/2021\/03\/28\/8-blandade-tankar-pa-palmsondagen\/","url":"https:\/\/blogg.svenskakyrkan.se\/vandravagen\/2021\/03\/28\/8-blandade-tankar-pa-palmsondagen\/","name":"8 blandade tankar p\u00e5 palms\u00f6ndagen - Vandra V\u00e4gen","isPartOf":{"@id":"https:\/\/blogg.svenskakyrkan.se\/vandravagen\/#website"},"primaryImageOfPage":{"@id":"https:\/\/blogg.svenskakyrkan.se\/vandravagen\/2021\/03\/28\/8-blandade-tankar-pa-palmsondagen\/#primaryimage"},"image":{"@id":"https:\/\/blogg.svenskakyrkan.se\/vandravagen\/2021\/03\/28\/8-blandade-tankar-pa-palmsondagen\/#primaryimage"},"thumbnailUrl":"https:\/\/blogg.svenskakyrkan.se\/vandravagen\/files\/2021\/03\/IMG_8221.jpg","datePublished":"2021-03-28T05:00:58+00:00","breadcrumb":{"@id":"https:\/\/blogg.svenskakyrkan.se\/vandravagen\/2021\/03\/28\/8-blandade-tankar-pa-palmsondagen\/#breadcrumb"},"inLanguage":"sv-SE","potentialAction":[{"@type":"ReadAction","target":["https:\/\/blogg.svenskakyrkan.se\/vandravagen\/2021\/03\/28\/8-blandade-tankar-pa-palmsondagen\/"]}]},{"@type":"ImageObject","inLanguage":"sv-SE","@id":"https:\/\/blogg.svenskakyrkan.se\/vandravagen\/2021\/03\/28\/8-blandade-tankar-pa-palmsondagen\/#primaryimage","url":"https:\/\/blogg.svenskakyrkan.se\/vandravagen\/files\/2021\/03\/IMG_8221.jpg","contentUrl":"https:\/\/blogg.svenskakyrkan.se\/vandravagen\/files\/2021\/03\/IMG_8221.jpg","width":1029,"height":876},{"@type":"BreadcrumbList","@id":"https:\/\/blogg.svenskakyrkan.se\/vandravagen\/2021\/03\/28\/8-blandade-tankar-pa-palmsondagen\/#breadcrumb","itemListElement":[{"@type":"ListItem","position":1,"name":"Hem","item":"https:\/\/blogg.svenskakyrkan.se\/vandravagen\/"},{"@type":"ListItem","position":2,"name":"8 blandade tankar p\u00e5 palms\u00f6ndagen"}]},{"@type":"WebSite","@id":"https:\/\/blogg.svenskakyrkan.se\/vandravagen\/#website","url":"https:\/\/blogg.svenskakyrkan.se\/vandravagen\/","name":"Vandra V\u00e4gen","description":"-Mot en tro f\u00f6r hela livet","publisher":{"@id":"https:\/\/blogg.svenskakyrkan.se\/vandravagen\/#organization"},"potentialAction":[{"@type":"SearchAction","target":{"@type":"EntryPoint","urlTemplate":"https:\/\/blogg.svenskakyrkan.se\/vandravagen\/?s={search_term_string}"},"query-input":{"@type":"PropertyValueSpecification","valueRequired":true,"valueName":"search_term_string"}}],"inLanguage":"sv-SE"},{"@type":"Organization","@id":"https:\/\/blogg.svenskakyrkan.se\/vandravagen\/#organization","name":"ulricehamns pastorat","alternateName":"ulricehamns pastorat","url":"https:\/\/blogg.svenskakyrkan.se\/vandravagen\/","logo":{"@type":"ImageObject","inLanguage":"sv-SE","@id":"https:\/\/blogg.svenskakyrkan.se\/vandravagen\/#\/schema\/logo\/image\/","url":"https:\/\/blogg.svenskakyrkan.se\/vandravagen\/files\/2023\/05\/Ulr_logo_RGB.png","contentUrl":"https:\/\/blogg.svenskakyrkan.se\/vandravagen\/files\/2023\/05\/Ulr_logo_RGB.png","width":205,"height":77,"caption":"ulricehamns pastorat"},"image":{"@id":"https:\/\/blogg.svenskakyrkan.se\/vandravagen\/#\/schema\/logo\/image\/"},"sameAs":["http:\/\/facebook.com\/vandravagen","https:\/\/x.com\/fadertomas","http:\/\/www.facebook.com\/svenskakyrkaniulricehamn"]},{"@type":"Person","@id":"https:\/\/blogg.svenskakyrkan.se\/vandravagen\/#\/schema\/person\/25da02d4f76b137d04291711e2c9fc16","name":"Tomas Jarvid","image":{"@type":"ImageObject","inLanguage":"sv-SE","@id":"https:\/\/blogg.svenskakyrkan.se\/vandravagen\/#\/schema\/person\/image\/","url":"https:\/\/secure.gravatar.com\/avatar\/7fa71899795e8f540f615a1f5ab25255dc27aa40f05ee7ddd21aac521e01bf50?s=96&d=identicon&r=g","contentUrl":"https:\/\/secure.gravatar.com\/avatar\/7fa71899795e8f540f615a1f5ab25255dc27aa40f05ee7ddd21aac521e01bf50?s=96&d=identicon&r=g","caption":"Tomas Jarvid"},"description":"Jag bor i Ulricehamn i V\u00e4sterg\u00f6tland och \u00e4r f\u00f6rsamlingspr\u00e4st i Svenska Kyrkan f\u00f6r Dalstorps f\u00f6rsamling i Kinds pastorat. P\u00e5 den h\u00e4r bloggen skriver jag ner tankar om vandringen som kristen.","sameAs":["http:\/\/www.vandravagen.se"],"url":"https:\/\/blogg.svenskakyrkan.se\/vandravagen\/author\/vandravagen\/"}]}},"author_meta":{"ID":"392","user_nicename":"vandravagen","user_url":"http:\/\/www.vandravagen.se","user_registered":"2014-05-19 05:44:52","display_name":"Tomas Jarvid","first_name":"Tomas","last_name":"Jarvid","avatar":"https:\/\/secure.gravatar.com\/avatar\/7fa71899795e8f540f615a1f5ab25255dc27aa40f05ee7ddd21aac521e01bf50?s=96&d=identicon&r=g"},"featured_image":["https:\/\/blogg.svenskakyrkan.se\/vandravagen\/files\/2021\/03\/IMG_8221-1024x872.jpg",1024,872,true],"bloginfo":{"name":"Vandra V\u00e4gen","url":"https:\/\/blogg.svenskakyrkan.se\/vandravagen"},"_links":{"self":[{"href":"https:\/\/blogg.svenskakyrkan.se\/vandravagen\/wp-json\/wp\/v2\/posts\/8530","targetHints":{"allow":["GET"]}}],"collection":[{"href":"https:\/\/blogg.svenskakyrkan.se\/vandravagen\/wp-json\/wp\/v2\/posts"}],"about":[{"href":"https:\/\/blogg.svenskakyrkan.se\/vandravagen\/wp-json\/wp\/v2\/types\/post"}],"author":[{"embeddable":true,"href":"https:\/\/blogg.svenskakyrkan.se\/vandravagen\/wp-json\/wp\/v2\/users\/392"}],"replies":[{"embeddable":true,"href":"https:\/\/blogg.svenskakyrkan.se\/vandravagen\/wp-json\/wp\/v2\/comments?post=8530"}],"version-history":[{"count":1,"href":"https:\/\/blogg.svenskakyrkan.se\/vandravagen\/wp-json\/wp\/v2\/posts\/8530\/revisions"}],"predecessor-version":[{"id":8532,"href":"https:\/\/blogg.svenskakyrkan.se\/vandravagen\/wp-json\/wp\/v2\/posts\/8530\/revisions\/8532"}],"wp:featuredmedia":[{"embeddable":true,"href":"https:\/\/blogg.svenskakyrkan.se\/vandravagen\/wp-json\/wp\/v2\/media\/8531"}],"wp:attachment":[{"href":"https:\/\/blogg.svenskakyrkan.se\/vandravagen\/wp-json\/wp\/v2\/media?parent=8530"}],"wp:term":[{"taxonomy":"category","embeddable":true,"href":"https:\/\/blogg.svenskakyrkan.se\/vandravagen\/wp-json\/wp\/v2\/categories?post=8530"},{"taxonomy":"post_tag","embeddable":true,"href":"https:\/\/blogg.svenskakyrkan.se\/vandravagen\/wp-json\/wp\/v2\/tags?post=8530"}],"curies":[{"name":"wp","href":"https:\/\/api.w.org\/{rel}","templated":true}]}}