{"id":8570,"date":"2021-05-22T07:00:01","date_gmt":"2021-05-22T05:00:01","guid":{"rendered":"http:\/\/blogg.svenskakyrkan.se\/vandravagen\/?p=8570"},"modified":"2021-05-21T22:56:31","modified_gmt":"2021-05-21T20:56:31","slug":"en-prast-laser-om-alter-ego-effekten","status":"publish","type":"post","link":"https:\/\/blogg.svenskakyrkan.se\/vandravagen\/2021\/05\/22\/en-prast-laser-om-alter-ego-effekten\/","title":{"rendered":"En pr\u00e4st l\u00e4ser om &#8221;Alter Ego-effekten&#8221;"},"content":{"rendered":"\n\n\n<figure class=\"wp-block-image size-large is-style-default\"><img loading=\"lazy\" decoding=\"async\" width=\"750\" height=\"859\" src=\"https:\/\/blogg.svenskakyrkan.se\/vandravagen\/files\/2021\/05\/IMG_8325.jpg\" alt=\"\" class=\"wp-image-8572\" srcset=\"https:\/\/blogg.svenskakyrkan.se\/vandravagen\/files\/2021\/05\/IMG_8325.jpg 750w, https:\/\/blogg.svenskakyrkan.se\/vandravagen\/files\/2021\/05\/IMG_8325-300x344.jpg 300w\" sizes=\"auto, (max-width: 750px) 100vw, 750px\" \/><\/figure>\n\n\n\n<p>Jag har lyssnat p\u00e5 den h\u00e4r i mina \u00f6gon lite udda boken. Huvudtanken \u00e4r att man kan komma runt en hel del av sina sj\u00e4lvbildsrelaterade problem genom att i hemlighet skaffa sig ett alter ego. Som den skicklige men blide fotbollsspelaren i boken som n\u00e4r han ska spela match i sitt inre g\u00f6r det som batman eller en m\u00f6rdare fr\u00e5n en skr\u00e4ckfilm. Fokuset i boken \u00e4r v\u00e4ldigt mycket p\u00e5 karri\u00e4rsframg\u00e5ngar och ofta inom idrottens v\u00e4rld och det intresserar inte mig s\u00e5 mycket men det finns \u00e4nd\u00e5 en del att t\u00e4nka p\u00e5.<\/p>\n\n\n\n<p>Enligt vad som s\u00e4gs ska det vara effektivt. Jag kan inte s\u00e4ga att jag testat s\u00e5 mycket men jag tror det ligger mycket i det. Det \u00e4r l\u00e4ttare att veta hur man ska g\u00f6ra f\u00f6r att &#8221;g\u00f6ra som st\u00e5lmannen hade gjort nu&#8221; \u00e4n att f\u00f6rs\u00f6ka beskriva f\u00f6r sig sj\u00e4lv hur man borde agera annorlunda. S\u00e5 kan man &#8221;veta&#8221; hur man ska g\u00f6ra s\u00e5dant man egentligen inte l\u00e4rt sig \u00e4nnu. <\/p>\n\n\n\n<p>Det hela p\u00e5minner ocks\u00e5 ganska mycket om dumbos magiska fj\u00e4der. Egentligen g\u00f6r man ju sj\u00e4lv hela jobbet \u00e4nd\u00e5 men man har hittat ett s\u00e4tt att lura sig sj\u00e4lv s\u00e5 att det inte l\u00e5ser sig n\u00e4r man f\u00f6rs\u00f6ker. <\/p>\n\n\n\n<p>Jag har v\u00e4nt och vridit p\u00e5 det en del i huvudet och funderat p\u00e5 vad Bren\u00e9 Brown skulle s\u00e4ga. \u00c4r det h\u00e4r en bra krycka att h\u00e5lla sig i n\u00e4r man v\u00e5gar sig ut p\u00e5 nya marker eller \u00e4r det ett s\u00e4tt att slippa k\u00e4nna sig s\u00e5rbar och ta p\u00e5 sig en mask? Kanske lite av b\u00e5da. Det \u00e4r nog i vilket fall en oundviklig del av livet att vi anv\u00e4nder oss av f\u00f6rebilder, &#8221;role models&#8221; f\u00f6r att navigera i ok\u00e4nda situationer.<\/p>\n\n\n\n<p>Allt detta har ocks\u00e5 f\u00e5tt mig att t\u00e4nka p\u00e5 n\u00e5got den gamla religionspsykologen Hjalmar Sund\u00e9n skrev. Att bibliska ber\u00e4ttelser har en stor f\u00f6rtj\u00e4nst i att de ger oss tillg\u00e5ng till olika roller att spela gentemot Gud eller i olika existentiella situationer. Kanske man till exempel kan se att n\u00e4r jag tvivlar \u00e4r jag som l\u00e4rjungen Tomas och hitta tr\u00f6st i att det ju gick bra f\u00f6r honom. <\/p>\n\n\n\n<p>En annan sak man t\u00e4nker p\u00e5 \u00e4r &#8221;what would Jesus do&#8221;, wwjd. Det mottot \u00e4r ju klart p\u00e5 ett s\u00e4tt men brister f\u00f6r mig i att det \u00e4r v\u00e4ldigt sv\u00e5rt att leva sig in i hur Jesus skulle g\u00f6ra i n\u00e5gon viss situation. Evangelierna \u00e4r ju fulla av ber\u00e4ttelser om hur Jesus agerar briljant och med helt ov\u00e4ntade l\u00f6sningar i sv\u00e5ra situationer. Det ligger nog bortom min fantasi att leva mig in i att vara honom, hur bra f\u00f6rebild han \u00e4n \u00e4r.<\/p>\n","protected":false},"excerpt":{"rendered":"<p>Jag har lyssnat p\u00e5 den h\u00e4r i mina \u00f6gon lite udda boken. Huvudtanken \u00e4r att man kan komma runt en hel del av sina sj\u00e4lvbildsrelaterade problem genom att i hemlighet skaffa sig ett alter ego. Som den skicklige men blide fotbollsspelaren i boken som n\u00e4r han ska spela match i sitt inre g\u00f6r det som [&hellip;]<\/p>\n","protected":false},"author":392,"featured_media":8572,"comment_status":"open","ping_status":"open","sticky":false,"template":"","format":"standard","meta":{"_acf_changed":false,"footnotes":""},"categories":[8253,77554],"tags":[],"class_list":["post-8570","post","type-post","status-publish","format-standard","has-post-thumbnail","hentry","category-bocker","category-vara-manniska"],"acf":[],"yoast_head":"<!-- This site is optimized with the Yoast SEO plugin v27.1.1 - https:\/\/yoast.com\/product\/yoast-seo-wordpress\/ -->\n<title>En pr\u00e4st l\u00e4ser om &quot;Alter Ego-effekten&quot; - Vandra V\u00e4gen<\/title>\n<meta name=\"robots\" content=\"index, follow, max-snippet:-1, max-image-preview:large, max-video-preview:-1\" \/>\n<link rel=\"canonical\" href=\"https:\/\/blogg.svenskakyrkan.se\/vandravagen\/2021\/05\/22\/en-prast-laser-om-alter-ego-effekten\/\" \/>\n<meta property=\"og:locale\" content=\"sv_SE\" \/>\n<meta property=\"og:type\" content=\"article\" \/>\n<meta property=\"og:title\" content=\"En pr\u00e4st l\u00e4ser om &quot;Alter Ego-effekten&quot; - Vandra V\u00e4gen\" \/>\n<meta property=\"og:description\" content=\"Jag har lyssnat p\u00e5 den h\u00e4r i mina \u00f6gon lite udda boken. Huvudtanken \u00e4r att man kan komma runt en hel del av sina sj\u00e4lvbildsrelaterade problem genom att i hemlighet skaffa sig ett alter ego. Som den skicklige men blide fotbollsspelaren i boken som n\u00e4r han ska spela match i sitt inre g\u00f6r det som [&hellip;]\" \/>\n<meta property=\"og:url\" content=\"https:\/\/blogg.svenskakyrkan.se\/vandravagen\/2021\/05\/22\/en-prast-laser-om-alter-ego-effekten\/\" \/>\n<meta property=\"og:site_name\" content=\"Vandra V\u00e4gen\" \/>\n<meta property=\"article:publisher\" content=\"http:\/\/facebook.com\/vandravagen\" \/>\n<meta property=\"article:published_time\" content=\"2021-05-22T05:00:01+00:00\" \/>\n<meta property=\"og:image\" content=\"https:\/\/blogg.svenskakyrkan.se\/vandravagen\/files\/2021\/05\/IMG_8325.jpg\" \/>\n\t<meta property=\"og:image:width\" content=\"750\" \/>\n\t<meta property=\"og:image:height\" content=\"859\" \/>\n\t<meta property=\"og:image:type\" content=\"image\/jpeg\" \/>\n<meta name=\"author\" content=\"Tomas Jarvid\" \/>\n<meta name=\"twitter:card\" content=\"summary_large_image\" \/>\n<meta name=\"twitter:creator\" content=\"@fadertomas\" \/>\n<meta name=\"twitter:site\" content=\"@fadertomas\" \/>\n<meta name=\"twitter:label1\" content=\"Skriven av\" \/>\n\t<meta name=\"twitter:data1\" content=\"Tomas Jarvid\" \/>\n\t<meta name=\"twitter:label2\" content=\"Ber\u00e4knad l\u00e4stid\" \/>\n\t<meta name=\"twitter:data2\" content=\"3 minuter\" \/>\n<script type=\"application\/ld+json\" class=\"yoast-schema-graph\">{\"@context\":\"https:\/\/schema.org\",\"@graph\":[{\"@type\":\"Article\",\"@id\":\"https:\/\/blogg.svenskakyrkan.se\/vandravagen\/2021\/05\/22\/en-prast-laser-om-alter-ego-effekten\/#article\",\"isPartOf\":{\"@id\":\"https:\/\/blogg.svenskakyrkan.se\/vandravagen\/2021\/05\/22\/en-prast-laser-om-alter-ego-effekten\/\"},\"author\":{\"name\":\"Tomas Jarvid\",\"@id\":\"https:\/\/blogg.svenskakyrkan.se\/vandravagen\/#\/schema\/person\/25da02d4f76b137d04291711e2c9fc16\"},\"headline\":\"En pr\u00e4st l\u00e4ser om &#8221;Alter Ego-effekten&#8221;\",\"datePublished\":\"2021-05-22T05:00:01+00:00\",\"mainEntityOfPage\":{\"@id\":\"https:\/\/blogg.svenskakyrkan.se\/vandravagen\/2021\/05\/22\/en-prast-laser-om-alter-ego-effekten\/\"},\"wordCount\":510,\"commentCount\":6,\"publisher\":{\"@id\":\"https:\/\/blogg.svenskakyrkan.se\/vandravagen\/#organization\"},\"image\":{\"@id\":\"https:\/\/blogg.svenskakyrkan.se\/vandravagen\/2021\/05\/22\/en-prast-laser-om-alter-ego-effekten\/#primaryimage\"},\"thumbnailUrl\":\"https:\/\/blogg.svenskakyrkan.se\/vandravagen\/files\/2021\/05\/IMG_8325.jpg\",\"articleSection\":[\"b\u00f6cker\",\"vara m\u00e4nniska\"],\"inLanguage\":\"sv-SE\",\"potentialAction\":[{\"@type\":\"CommentAction\",\"name\":\"Comment\",\"target\":[\"https:\/\/blogg.svenskakyrkan.se\/vandravagen\/2021\/05\/22\/en-prast-laser-om-alter-ego-effekten\/#respond\"]}]},{\"@type\":\"WebPage\",\"@id\":\"https:\/\/blogg.svenskakyrkan.se\/vandravagen\/2021\/05\/22\/en-prast-laser-om-alter-ego-effekten\/\",\"url\":\"https:\/\/blogg.svenskakyrkan.se\/vandravagen\/2021\/05\/22\/en-prast-laser-om-alter-ego-effekten\/\",\"name\":\"En pr\u00e4st l\u00e4ser om \\\"Alter Ego-effekten\\\" - Vandra V\u00e4gen\",\"isPartOf\":{\"@id\":\"https:\/\/blogg.svenskakyrkan.se\/vandravagen\/#website\"},\"primaryImageOfPage\":{\"@id\":\"https:\/\/blogg.svenskakyrkan.se\/vandravagen\/2021\/05\/22\/en-prast-laser-om-alter-ego-effekten\/#primaryimage\"},\"image\":{\"@id\":\"https:\/\/blogg.svenskakyrkan.se\/vandravagen\/2021\/05\/22\/en-prast-laser-om-alter-ego-effekten\/#primaryimage\"},\"thumbnailUrl\":\"https:\/\/blogg.svenskakyrkan.se\/vandravagen\/files\/2021\/05\/IMG_8325.jpg\",\"datePublished\":\"2021-05-22T05:00:01+00:00\",\"breadcrumb\":{\"@id\":\"https:\/\/blogg.svenskakyrkan.se\/vandravagen\/2021\/05\/22\/en-prast-laser-om-alter-ego-effekten\/#breadcrumb\"},\"inLanguage\":\"sv-SE\",\"potentialAction\":[{\"@type\":\"ReadAction\",\"target\":[\"https:\/\/blogg.svenskakyrkan.se\/vandravagen\/2021\/05\/22\/en-prast-laser-om-alter-ego-effekten\/\"]}]},{\"@type\":\"ImageObject\",\"inLanguage\":\"sv-SE\",\"@id\":\"https:\/\/blogg.svenskakyrkan.se\/vandravagen\/2021\/05\/22\/en-prast-laser-om-alter-ego-effekten\/#primaryimage\",\"url\":\"https:\/\/blogg.svenskakyrkan.se\/vandravagen\/files\/2021\/05\/IMG_8325.jpg\",\"contentUrl\":\"https:\/\/blogg.svenskakyrkan.se\/vandravagen\/files\/2021\/05\/IMG_8325.jpg\",\"width\":750,\"height\":859},{\"@type\":\"BreadcrumbList\",\"@id\":\"https:\/\/blogg.svenskakyrkan.se\/vandravagen\/2021\/05\/22\/en-prast-laser-om-alter-ego-effekten\/#breadcrumb\",\"itemListElement\":[{\"@type\":\"ListItem\",\"position\":1,\"name\":\"Hem\",\"item\":\"https:\/\/blogg.svenskakyrkan.se\/vandravagen\/\"},{\"@type\":\"ListItem\",\"position\":2,\"name\":\"En pr\u00e4st l\u00e4ser om &#8221;Alter Ego-effekten&#8221;\"}]},{\"@type\":\"WebSite\",\"@id\":\"https:\/\/blogg.svenskakyrkan.se\/vandravagen\/#website\",\"url\":\"https:\/\/blogg.svenskakyrkan.se\/vandravagen\/\",\"name\":\"Vandra V\u00e4gen\",\"description\":\"-Mot en tro f\u00f6r hela livet\",\"publisher\":{\"@id\":\"https:\/\/blogg.svenskakyrkan.se\/vandravagen\/#organization\"},\"potentialAction\":[{\"@type\":\"SearchAction\",\"target\":{\"@type\":\"EntryPoint\",\"urlTemplate\":\"https:\/\/blogg.svenskakyrkan.se\/vandravagen\/?s={search_term_string}\"},\"query-input\":{\"@type\":\"PropertyValueSpecification\",\"valueRequired\":true,\"valueName\":\"search_term_string\"}}],\"inLanguage\":\"sv-SE\"},{\"@type\":\"Organization\",\"@id\":\"https:\/\/blogg.svenskakyrkan.se\/vandravagen\/#organization\",\"name\":\"ulricehamns pastorat\",\"alternateName\":\"ulricehamns pastorat\",\"url\":\"https:\/\/blogg.svenskakyrkan.se\/vandravagen\/\",\"logo\":{\"@type\":\"ImageObject\",\"inLanguage\":\"sv-SE\",\"@id\":\"https:\/\/blogg.svenskakyrkan.se\/vandravagen\/#\/schema\/logo\/image\/\",\"url\":\"https:\/\/blogg.svenskakyrkan.se\/vandravagen\/files\/2023\/05\/Ulr_logo_RGB.png\",\"contentUrl\":\"https:\/\/blogg.svenskakyrkan.se\/vandravagen\/files\/2023\/05\/Ulr_logo_RGB.png\",\"width\":205,\"height\":77,\"caption\":\"ulricehamns pastorat\"},\"image\":{\"@id\":\"https:\/\/blogg.svenskakyrkan.se\/vandravagen\/#\/schema\/logo\/image\/\"},\"sameAs\":[\"http:\/\/facebook.com\/vandravagen\",\"https:\/\/x.com\/fadertomas\",\"http:\/\/www.facebook.com\/svenskakyrkaniulricehamn\"]},{\"@type\":\"Person\",\"@id\":\"https:\/\/blogg.svenskakyrkan.se\/vandravagen\/#\/schema\/person\/25da02d4f76b137d04291711e2c9fc16\",\"name\":\"Tomas Jarvid\",\"image\":{\"@type\":\"ImageObject\",\"inLanguage\":\"sv-SE\",\"@id\":\"https:\/\/blogg.svenskakyrkan.se\/vandravagen\/#\/schema\/person\/image\/\",\"url\":\"https:\/\/secure.gravatar.com\/avatar\/7fa71899795e8f540f615a1f5ab25255dc27aa40f05ee7ddd21aac521e01bf50?s=96&d=identicon&r=g\",\"contentUrl\":\"https:\/\/secure.gravatar.com\/avatar\/7fa71899795e8f540f615a1f5ab25255dc27aa40f05ee7ddd21aac521e01bf50?s=96&d=identicon&r=g\",\"caption\":\"Tomas Jarvid\"},\"description\":\"Jag bor i Ulricehamn i V\u00e4sterg\u00f6tland och \u00e4r f\u00f6rsamlingspr\u00e4st i Svenska Kyrkan f\u00f6r Dalstorps f\u00f6rsamling i Kinds pastorat. P\u00e5 den h\u00e4r bloggen skriver jag ner tankar om vandringen som kristen.\",\"sameAs\":[\"http:\/\/www.vandravagen.se\"],\"url\":\"https:\/\/blogg.svenskakyrkan.se\/vandravagen\/author\/vandravagen\/\"}]}<\/script>\n<!-- \/ Yoast SEO plugin. -->","yoast_head_json":{"title":"En pr\u00e4st l\u00e4ser om \"Alter Ego-effekten\" - Vandra V\u00e4gen","robots":{"index":"index","follow":"follow","max-snippet":"max-snippet:-1","max-image-preview":"max-image-preview:large","max-video-preview":"max-video-preview:-1"},"canonical":"https:\/\/blogg.svenskakyrkan.se\/vandravagen\/2021\/05\/22\/en-prast-laser-om-alter-ego-effekten\/","og_locale":"sv_SE","og_type":"article","og_title":"En pr\u00e4st l\u00e4ser om \"Alter Ego-effekten\" - Vandra V\u00e4gen","og_description":"Jag har lyssnat p\u00e5 den h\u00e4r i mina \u00f6gon lite udda boken. Huvudtanken \u00e4r att man kan komma runt en hel del av sina sj\u00e4lvbildsrelaterade problem genom att i hemlighet skaffa sig ett alter ego. Som den skicklige men blide fotbollsspelaren i boken som n\u00e4r han ska spela match i sitt inre g\u00f6r det som [&hellip;]","og_url":"https:\/\/blogg.svenskakyrkan.se\/vandravagen\/2021\/05\/22\/en-prast-laser-om-alter-ego-effekten\/","og_site_name":"Vandra V\u00e4gen","article_publisher":"http:\/\/facebook.com\/vandravagen","article_published_time":"2021-05-22T05:00:01+00:00","og_image":[{"width":750,"height":859,"url":"https:\/\/blogg.svenskakyrkan.se\/vandravagen\/files\/2021\/05\/IMG_8325.jpg","type":"image\/jpeg"}],"author":"Tomas Jarvid","twitter_card":"summary_large_image","twitter_creator":"@fadertomas","twitter_site":"@fadertomas","twitter_misc":{"Skriven av":"Tomas Jarvid","Ber\u00e4knad l\u00e4stid":"3 minuter"},"schema":{"@context":"https:\/\/schema.org","@graph":[{"@type":"Article","@id":"https:\/\/blogg.svenskakyrkan.se\/vandravagen\/2021\/05\/22\/en-prast-laser-om-alter-ego-effekten\/#article","isPartOf":{"@id":"https:\/\/blogg.svenskakyrkan.se\/vandravagen\/2021\/05\/22\/en-prast-laser-om-alter-ego-effekten\/"},"author":{"name":"Tomas Jarvid","@id":"https:\/\/blogg.svenskakyrkan.se\/vandravagen\/#\/schema\/person\/25da02d4f76b137d04291711e2c9fc16"},"headline":"En pr\u00e4st l\u00e4ser om &#8221;Alter Ego-effekten&#8221;","datePublished":"2021-05-22T05:00:01+00:00","mainEntityOfPage":{"@id":"https:\/\/blogg.svenskakyrkan.se\/vandravagen\/2021\/05\/22\/en-prast-laser-om-alter-ego-effekten\/"},"wordCount":510,"commentCount":6,"publisher":{"@id":"https:\/\/blogg.svenskakyrkan.se\/vandravagen\/#organization"},"image":{"@id":"https:\/\/blogg.svenskakyrkan.se\/vandravagen\/2021\/05\/22\/en-prast-laser-om-alter-ego-effekten\/#primaryimage"},"thumbnailUrl":"https:\/\/blogg.svenskakyrkan.se\/vandravagen\/files\/2021\/05\/IMG_8325.jpg","articleSection":["b\u00f6cker","vara m\u00e4nniska"],"inLanguage":"sv-SE","potentialAction":[{"@type":"CommentAction","name":"Comment","target":["https:\/\/blogg.svenskakyrkan.se\/vandravagen\/2021\/05\/22\/en-prast-laser-om-alter-ego-effekten\/#respond"]}]},{"@type":"WebPage","@id":"https:\/\/blogg.svenskakyrkan.se\/vandravagen\/2021\/05\/22\/en-prast-laser-om-alter-ego-effekten\/","url":"https:\/\/blogg.svenskakyrkan.se\/vandravagen\/2021\/05\/22\/en-prast-laser-om-alter-ego-effekten\/","name":"En pr\u00e4st l\u00e4ser om \"Alter Ego-effekten\" - Vandra V\u00e4gen","isPartOf":{"@id":"https:\/\/blogg.svenskakyrkan.se\/vandravagen\/#website"},"primaryImageOfPage":{"@id":"https:\/\/blogg.svenskakyrkan.se\/vandravagen\/2021\/05\/22\/en-prast-laser-om-alter-ego-effekten\/#primaryimage"},"image":{"@id":"https:\/\/blogg.svenskakyrkan.se\/vandravagen\/2021\/05\/22\/en-prast-laser-om-alter-ego-effekten\/#primaryimage"},"thumbnailUrl":"https:\/\/blogg.svenskakyrkan.se\/vandravagen\/files\/2021\/05\/IMG_8325.jpg","datePublished":"2021-05-22T05:00:01+00:00","breadcrumb":{"@id":"https:\/\/blogg.svenskakyrkan.se\/vandravagen\/2021\/05\/22\/en-prast-laser-om-alter-ego-effekten\/#breadcrumb"},"inLanguage":"sv-SE","potentialAction":[{"@type":"ReadAction","target":["https:\/\/blogg.svenskakyrkan.se\/vandravagen\/2021\/05\/22\/en-prast-laser-om-alter-ego-effekten\/"]}]},{"@type":"ImageObject","inLanguage":"sv-SE","@id":"https:\/\/blogg.svenskakyrkan.se\/vandravagen\/2021\/05\/22\/en-prast-laser-om-alter-ego-effekten\/#primaryimage","url":"https:\/\/blogg.svenskakyrkan.se\/vandravagen\/files\/2021\/05\/IMG_8325.jpg","contentUrl":"https:\/\/blogg.svenskakyrkan.se\/vandravagen\/files\/2021\/05\/IMG_8325.jpg","width":750,"height":859},{"@type":"BreadcrumbList","@id":"https:\/\/blogg.svenskakyrkan.se\/vandravagen\/2021\/05\/22\/en-prast-laser-om-alter-ego-effekten\/#breadcrumb","itemListElement":[{"@type":"ListItem","position":1,"name":"Hem","item":"https:\/\/blogg.svenskakyrkan.se\/vandravagen\/"},{"@type":"ListItem","position":2,"name":"En pr\u00e4st l\u00e4ser om &#8221;Alter Ego-effekten&#8221;"}]},{"@type":"WebSite","@id":"https:\/\/blogg.svenskakyrkan.se\/vandravagen\/#website","url":"https:\/\/blogg.svenskakyrkan.se\/vandravagen\/","name":"Vandra V\u00e4gen","description":"-Mot en tro f\u00f6r hela livet","publisher":{"@id":"https:\/\/blogg.svenskakyrkan.se\/vandravagen\/#organization"},"potentialAction":[{"@type":"SearchAction","target":{"@type":"EntryPoint","urlTemplate":"https:\/\/blogg.svenskakyrkan.se\/vandravagen\/?s={search_term_string}"},"query-input":{"@type":"PropertyValueSpecification","valueRequired":true,"valueName":"search_term_string"}}],"inLanguage":"sv-SE"},{"@type":"Organization","@id":"https:\/\/blogg.svenskakyrkan.se\/vandravagen\/#organization","name":"ulricehamns pastorat","alternateName":"ulricehamns pastorat","url":"https:\/\/blogg.svenskakyrkan.se\/vandravagen\/","logo":{"@type":"ImageObject","inLanguage":"sv-SE","@id":"https:\/\/blogg.svenskakyrkan.se\/vandravagen\/#\/schema\/logo\/image\/","url":"https:\/\/blogg.svenskakyrkan.se\/vandravagen\/files\/2023\/05\/Ulr_logo_RGB.png","contentUrl":"https:\/\/blogg.svenskakyrkan.se\/vandravagen\/files\/2023\/05\/Ulr_logo_RGB.png","width":205,"height":77,"caption":"ulricehamns pastorat"},"image":{"@id":"https:\/\/blogg.svenskakyrkan.se\/vandravagen\/#\/schema\/logo\/image\/"},"sameAs":["http:\/\/facebook.com\/vandravagen","https:\/\/x.com\/fadertomas","http:\/\/www.facebook.com\/svenskakyrkaniulricehamn"]},{"@type":"Person","@id":"https:\/\/blogg.svenskakyrkan.se\/vandravagen\/#\/schema\/person\/25da02d4f76b137d04291711e2c9fc16","name":"Tomas Jarvid","image":{"@type":"ImageObject","inLanguage":"sv-SE","@id":"https:\/\/blogg.svenskakyrkan.se\/vandravagen\/#\/schema\/person\/image\/","url":"https:\/\/secure.gravatar.com\/avatar\/7fa71899795e8f540f615a1f5ab25255dc27aa40f05ee7ddd21aac521e01bf50?s=96&d=identicon&r=g","contentUrl":"https:\/\/secure.gravatar.com\/avatar\/7fa71899795e8f540f615a1f5ab25255dc27aa40f05ee7ddd21aac521e01bf50?s=96&d=identicon&r=g","caption":"Tomas Jarvid"},"description":"Jag bor i Ulricehamn i V\u00e4sterg\u00f6tland och \u00e4r f\u00f6rsamlingspr\u00e4st i Svenska Kyrkan f\u00f6r Dalstorps f\u00f6rsamling i Kinds pastorat. P\u00e5 den h\u00e4r bloggen skriver jag ner tankar om vandringen som kristen.","sameAs":["http:\/\/www.vandravagen.se"],"url":"https:\/\/blogg.svenskakyrkan.se\/vandravagen\/author\/vandravagen\/"}]}},"author_meta":{"ID":"392","user_nicename":"vandravagen","user_url":"http:\/\/www.vandravagen.se","user_registered":"2014-05-19 05:44:52","display_name":"Tomas Jarvid","first_name":"Tomas","last_name":"Jarvid","avatar":"https:\/\/secure.gravatar.com\/avatar\/7fa71899795e8f540f615a1f5ab25255dc27aa40f05ee7ddd21aac521e01bf50?s=96&d=identicon&r=g"},"featured_image":["https:\/\/blogg.svenskakyrkan.se\/vandravagen\/files\/2021\/05\/IMG_8325.jpg",750,859,false],"bloginfo":{"name":"Vandra V\u00e4gen","url":"https:\/\/blogg.svenskakyrkan.se\/vandravagen"},"_links":{"self":[{"href":"https:\/\/blogg.svenskakyrkan.se\/vandravagen\/wp-json\/wp\/v2\/posts\/8570","targetHints":{"allow":["GET"]}}],"collection":[{"href":"https:\/\/blogg.svenskakyrkan.se\/vandravagen\/wp-json\/wp\/v2\/posts"}],"about":[{"href":"https:\/\/blogg.svenskakyrkan.se\/vandravagen\/wp-json\/wp\/v2\/types\/post"}],"author":[{"embeddable":true,"href":"https:\/\/blogg.svenskakyrkan.se\/vandravagen\/wp-json\/wp\/v2\/users\/392"}],"replies":[{"embeddable":true,"href":"https:\/\/blogg.svenskakyrkan.se\/vandravagen\/wp-json\/wp\/v2\/comments?post=8570"}],"version-history":[{"count":2,"href":"https:\/\/blogg.svenskakyrkan.se\/vandravagen\/wp-json\/wp\/v2\/posts\/8570\/revisions"}],"predecessor-version":[{"id":8573,"href":"https:\/\/blogg.svenskakyrkan.se\/vandravagen\/wp-json\/wp\/v2\/posts\/8570\/revisions\/8573"}],"wp:featuredmedia":[{"embeddable":true,"href":"https:\/\/blogg.svenskakyrkan.se\/vandravagen\/wp-json\/wp\/v2\/media\/8572"}],"wp:attachment":[{"href":"https:\/\/blogg.svenskakyrkan.se\/vandravagen\/wp-json\/wp\/v2\/media?parent=8570"}],"wp:term":[{"taxonomy":"category","embeddable":true,"href":"https:\/\/blogg.svenskakyrkan.se\/vandravagen\/wp-json\/wp\/v2\/categories?post=8570"},{"taxonomy":"post_tag","embeddable":true,"href":"https:\/\/blogg.svenskakyrkan.se\/vandravagen\/wp-json\/wp\/v2\/tags?post=8570"}],"curies":[{"name":"wp","href":"https:\/\/api.w.org\/{rel}","templated":true}]}}