{"id":8577,"date":"2021-05-23T07:00:41","date_gmt":"2021-05-23T05:00:41","guid":{"rendered":"http:\/\/blogg.svenskakyrkan.se\/vandravagen\/?p=8577"},"modified":"2021-05-22T23:47:24","modified_gmt":"2021-05-22T21:47:24","slug":"9-blandade-tankar-pa-pingstdagen","status":"publish","type":"post","link":"https:\/\/blogg.svenskakyrkan.se\/vandravagen\/2021\/05\/23\/9-blandade-tankar-pa-pingstdagen\/","title":{"rendered":"9 blandade tankar p\u00e5 PINGSTDAGEN!"},"content":{"rendered":"\n\n\n<figure class=\"wp-block-image size-large is-style-default\"><img loading=\"lazy\" decoding=\"async\" width=\"500\" height=\"464\" src=\"https:\/\/blogg.svenskakyrkan.se\/vandravagen\/files\/2021\/05\/IMG_8580.png\" alt=\"\" class=\"wp-image-8578\" srcset=\"https:\/\/blogg.svenskakyrkan.se\/vandravagen\/files\/2021\/05\/IMG_8580.png 500w, https:\/\/blogg.svenskakyrkan.se\/vandravagen\/files\/2021\/05\/IMG_8580-300x278.png 300w\" sizes=\"auto, (max-width: 500px) 100vw, 500px\" \/><figcaption>Faktiskt ett pingstmotiv? Pingsten har en av sina r\u00f6tter i den judiska festen f\u00f6r att fira f\u00f6rbundet fr\u00e5n Sinai.<\/figcaption><\/figure>\n\n\n\n<ol class=\"wp-block-list\"><li>Glad s\u00f6ndag, och glad pingst k\u00e4ra l\u00e4sare!<\/li><li>Jag skrev PINGSTDAGEN med extra stora bokst\u00e4ver mest f\u00f6r att jag sj\u00e4lv ska fatta att det \u00e4r pingst nu. Det k\u00e4nns v\u00e4ldigt overkligt nu, det normala brukar vara att vi har en stor pingstv\u00e5rfest i f\u00f6rsamlingen. Gl\u00e4ds \u00e4nd\u00e5 \u00f6ver att smittoniv\u00e5erna verkar g\u00e5 ner och hoppas att det \u00e4r den sista striden vi ser nu.<\/li><li>Jag har kommit ur karant\u00e4nen nu f\u00f6r egen del och efter n\u00e5gra symtomfria dagar kan jag \u00e5tminstone handla p\u00e5 ica och s\u00e5 igen. Stora delar av familjen \u00e4r fortfarande i karant\u00e4n i och f\u00f6r sig men det ser ut som att fler kan vara klara med coviden helt de n\u00e4rmaste dagarna. Glad och tacksam att det varit s\u00e5 lindrigt f\u00f6r de som varit sjuka.<\/li><li>Min fru sprang en mil f\u00f6r f\u00f6rsta g\u00e5ngen ig\u00e5r. Det \u00e4r jag stolt \u00f6ver henne f\u00f6r. Det \u00e4r ocks\u00e5 v\u00e4ldigt sk\u00f6nt f\u00f6r egen del att vara ig\u00e5ng med springandet igen.<\/li><li>Pingstens \u00e4rende \u00e4r att p\u00e5minna om att Gud verkar i v\u00e4rlden och i m\u00e4nniskor med sin heliga Ande. M\u00e5 du f\u00e5 kraft, vishet och livsmod f\u00f6r den h\u00e4r dagen och n\u00e4sta!<\/li><li>Mitt byte av tj\u00e4nst blev pl\u00f6tsligt verkligare d\u00e5 jag nu har datum p\u00e5 b\u00e5de avskedsgudstj\u00e4nst i Dalstorp och v\u00e4lkomnande i \u00c5sunden. K\u00e4nns m\u00e4rkligt overkligt efter ett \u00e5r n\u00e4stan helt utan gudstj\u00e4nster. Kan man tro att det verkligen blir s\u00e5?<\/li><li>N\u00e4sta vecka ska jag i alla fall leda gudstj\u00e4nst f\u00f6r d\u00e5 blir det konfirmationsgudstj\u00e4nst, lives\u00e4nt p\u00e5 n\u00e4tet med endast konfirmander och ledare p\u00e5 plats i kyrkan men \u00e4nd\u00e5! <\/li><li>Som du kanske sett har det pl\u00f6tsligt blivit trendbrott p\u00e5 bloggen med en rad bloggposter under veckan som g\u00e5tt! Mest om olika b\u00f6cker jag l\u00e4st iofs.<\/li><li>Vad g\u00f6r du idag? Skriv en rad och ber\u00e4tta!<\/li><\/ol>\n","protected":false},"excerpt":{"rendered":"<p>Glad s\u00f6ndag, och glad pingst k\u00e4ra l\u00e4sare! Jag skrev PINGSTDAGEN med extra stora bokst\u00e4ver mest f\u00f6r att jag sj\u00e4lv ska fatta att det \u00e4r pingst nu. Det k\u00e4nns v\u00e4ldigt overkligt nu, det normala brukar vara att vi har en stor pingstv\u00e5rfest i f\u00f6rsamlingen. Gl\u00e4ds \u00e4nd\u00e5 \u00f6ver att smittoniv\u00e5erna verkar g\u00e5 ner och hoppas att det [&hellip;]<\/p>\n","protected":false},"author":392,"featured_media":0,"comment_status":"open","ping_status":"open","sticky":false,"template":"","format":"standard","meta":{"_acf_changed":false,"footnotes":""},"categories":[9],"tags":[],"class_list":["post-8577","post","type-post","status-publish","format-standard","hentry","category-okategoriserade"],"acf":[],"yoast_head":"<!-- This site is optimized with the Yoast SEO plugin v27.1.1 - https:\/\/yoast.com\/product\/yoast-seo-wordpress\/ -->\n<title>9 blandade tankar p\u00e5 PINGSTDAGEN! - Vandra V\u00e4gen<\/title>\n<meta name=\"robots\" content=\"index, follow, max-snippet:-1, max-image-preview:large, max-video-preview:-1\" \/>\n<link rel=\"canonical\" href=\"https:\/\/blogg.svenskakyrkan.se\/vandravagen\/2021\/05\/23\/9-blandade-tankar-pa-pingstdagen\/\" \/>\n<meta property=\"og:locale\" content=\"sv_SE\" \/>\n<meta property=\"og:type\" content=\"article\" \/>\n<meta property=\"og:title\" content=\"9 blandade tankar p\u00e5 PINGSTDAGEN! - Vandra V\u00e4gen\" \/>\n<meta property=\"og:description\" content=\"Glad s\u00f6ndag, och glad pingst k\u00e4ra l\u00e4sare! Jag skrev PINGSTDAGEN med extra stora bokst\u00e4ver mest f\u00f6r att jag sj\u00e4lv ska fatta att det \u00e4r pingst nu. Det k\u00e4nns v\u00e4ldigt overkligt nu, det normala brukar vara att vi har en stor pingstv\u00e5rfest i f\u00f6rsamlingen. Gl\u00e4ds \u00e4nd\u00e5 \u00f6ver att smittoniv\u00e5erna verkar g\u00e5 ner och hoppas att det [&hellip;]\" \/>\n<meta property=\"og:url\" content=\"https:\/\/blogg.svenskakyrkan.se\/vandravagen\/2021\/05\/23\/9-blandade-tankar-pa-pingstdagen\/\" \/>\n<meta property=\"og:site_name\" content=\"Vandra V\u00e4gen\" \/>\n<meta property=\"article:publisher\" content=\"http:\/\/facebook.com\/vandravagen\" \/>\n<meta property=\"article:published_time\" content=\"2021-05-23T05:00:41+00:00\" \/>\n<meta property=\"og:image\" content=\"https:\/\/blogg.svenskakyrkan.se\/vandravagen\/files\/2021\/05\/IMG_8580.png\" \/>\n<meta name=\"author\" content=\"Tomas Jarvid\" \/>\n<meta name=\"twitter:card\" content=\"summary_large_image\" \/>\n<meta name=\"twitter:creator\" content=\"@fadertomas\" \/>\n<meta name=\"twitter:site\" content=\"@fadertomas\" \/>\n<meta name=\"twitter:label1\" content=\"Skriven av\" \/>\n\t<meta name=\"twitter:data1\" content=\"Tomas Jarvid\" \/>\n\t<meta name=\"twitter:label2\" content=\"Ber\u00e4knad l\u00e4stid\" \/>\n\t<meta name=\"twitter:data2\" content=\"2 minuter\" \/>\n<script type=\"application\/ld+json\" class=\"yoast-schema-graph\">{\"@context\":\"https:\/\/schema.org\",\"@graph\":[{\"@type\":\"Article\",\"@id\":\"https:\/\/blogg.svenskakyrkan.se\/vandravagen\/2021\/05\/23\/9-blandade-tankar-pa-pingstdagen\/#article\",\"isPartOf\":{\"@id\":\"https:\/\/blogg.svenskakyrkan.se\/vandravagen\/2021\/05\/23\/9-blandade-tankar-pa-pingstdagen\/\"},\"author\":{\"name\":\"Tomas Jarvid\",\"@id\":\"https:\/\/blogg.svenskakyrkan.se\/vandravagen\/#\/schema\/person\/25da02d4f76b137d04291711e2c9fc16\"},\"headline\":\"9 blandade tankar p\u00e5 PINGSTDAGEN!\",\"datePublished\":\"2021-05-23T05:00:41+00:00\",\"mainEntityOfPage\":{\"@id\":\"https:\/\/blogg.svenskakyrkan.se\/vandravagen\/2021\/05\/23\/9-blandade-tankar-pa-pingstdagen\/\"},\"wordCount\":371,\"commentCount\":4,\"publisher\":{\"@id\":\"https:\/\/blogg.svenskakyrkan.se\/vandravagen\/#organization\"},\"image\":{\"@id\":\"https:\/\/blogg.svenskakyrkan.se\/vandravagen\/2021\/05\/23\/9-blandade-tankar-pa-pingstdagen\/#primaryimage\"},\"thumbnailUrl\":\"https:\/\/blogg.svenskakyrkan.se\/vandravagen\/files\/2021\/05\/IMG_8580.png\",\"inLanguage\":\"sv-SE\",\"potentialAction\":[{\"@type\":\"CommentAction\",\"name\":\"Comment\",\"target\":[\"https:\/\/blogg.svenskakyrkan.se\/vandravagen\/2021\/05\/23\/9-blandade-tankar-pa-pingstdagen\/#respond\"]}]},{\"@type\":\"WebPage\",\"@id\":\"https:\/\/blogg.svenskakyrkan.se\/vandravagen\/2021\/05\/23\/9-blandade-tankar-pa-pingstdagen\/\",\"url\":\"https:\/\/blogg.svenskakyrkan.se\/vandravagen\/2021\/05\/23\/9-blandade-tankar-pa-pingstdagen\/\",\"name\":\"9 blandade tankar p\u00e5 PINGSTDAGEN! - Vandra V\u00e4gen\",\"isPartOf\":{\"@id\":\"https:\/\/blogg.svenskakyrkan.se\/vandravagen\/#website\"},\"primaryImageOfPage\":{\"@id\":\"https:\/\/blogg.svenskakyrkan.se\/vandravagen\/2021\/05\/23\/9-blandade-tankar-pa-pingstdagen\/#primaryimage\"},\"image\":{\"@id\":\"https:\/\/blogg.svenskakyrkan.se\/vandravagen\/2021\/05\/23\/9-blandade-tankar-pa-pingstdagen\/#primaryimage\"},\"thumbnailUrl\":\"https:\/\/blogg.svenskakyrkan.se\/vandravagen\/files\/2021\/05\/IMG_8580.png\",\"datePublished\":\"2021-05-23T05:00:41+00:00\",\"breadcrumb\":{\"@id\":\"https:\/\/blogg.svenskakyrkan.se\/vandravagen\/2021\/05\/23\/9-blandade-tankar-pa-pingstdagen\/#breadcrumb\"},\"inLanguage\":\"sv-SE\",\"potentialAction\":[{\"@type\":\"ReadAction\",\"target\":[\"https:\/\/blogg.svenskakyrkan.se\/vandravagen\/2021\/05\/23\/9-blandade-tankar-pa-pingstdagen\/\"]}]},{\"@type\":\"ImageObject\",\"inLanguage\":\"sv-SE\",\"@id\":\"https:\/\/blogg.svenskakyrkan.se\/vandravagen\/2021\/05\/23\/9-blandade-tankar-pa-pingstdagen\/#primaryimage\",\"url\":\"https:\/\/blogg.svenskakyrkan.se\/vandravagen\/files\/2021\/05\/IMG_8580.png\",\"contentUrl\":\"https:\/\/blogg.svenskakyrkan.se\/vandravagen\/files\/2021\/05\/IMG_8580.png\"},{\"@type\":\"BreadcrumbList\",\"@id\":\"https:\/\/blogg.svenskakyrkan.se\/vandravagen\/2021\/05\/23\/9-blandade-tankar-pa-pingstdagen\/#breadcrumb\",\"itemListElement\":[{\"@type\":\"ListItem\",\"position\":1,\"name\":\"Hem\",\"item\":\"https:\/\/blogg.svenskakyrkan.se\/vandravagen\/\"},{\"@type\":\"ListItem\",\"position\":2,\"name\":\"9 blandade tankar p\u00e5 PINGSTDAGEN!\"}]},{\"@type\":\"WebSite\",\"@id\":\"https:\/\/blogg.svenskakyrkan.se\/vandravagen\/#website\",\"url\":\"https:\/\/blogg.svenskakyrkan.se\/vandravagen\/\",\"name\":\"Vandra V\u00e4gen\",\"description\":\"-Mot en tro f\u00f6r hela livet\",\"publisher\":{\"@id\":\"https:\/\/blogg.svenskakyrkan.se\/vandravagen\/#organization\"},\"potentialAction\":[{\"@type\":\"SearchAction\",\"target\":{\"@type\":\"EntryPoint\",\"urlTemplate\":\"https:\/\/blogg.svenskakyrkan.se\/vandravagen\/?s={search_term_string}\"},\"query-input\":{\"@type\":\"PropertyValueSpecification\",\"valueRequired\":true,\"valueName\":\"search_term_string\"}}],\"inLanguage\":\"sv-SE\"},{\"@type\":\"Organization\",\"@id\":\"https:\/\/blogg.svenskakyrkan.se\/vandravagen\/#organization\",\"name\":\"ulricehamns pastorat\",\"alternateName\":\"ulricehamns pastorat\",\"url\":\"https:\/\/blogg.svenskakyrkan.se\/vandravagen\/\",\"logo\":{\"@type\":\"ImageObject\",\"inLanguage\":\"sv-SE\",\"@id\":\"https:\/\/blogg.svenskakyrkan.se\/vandravagen\/#\/schema\/logo\/image\/\",\"url\":\"https:\/\/blogg.svenskakyrkan.se\/vandravagen\/files\/2023\/05\/Ulr_logo_RGB.png\",\"contentUrl\":\"https:\/\/blogg.svenskakyrkan.se\/vandravagen\/files\/2023\/05\/Ulr_logo_RGB.png\",\"width\":205,\"height\":77,\"caption\":\"ulricehamns pastorat\"},\"image\":{\"@id\":\"https:\/\/blogg.svenskakyrkan.se\/vandravagen\/#\/schema\/logo\/image\/\"},\"sameAs\":[\"http:\/\/facebook.com\/vandravagen\",\"https:\/\/x.com\/fadertomas\",\"http:\/\/www.facebook.com\/svenskakyrkaniulricehamn\"]},{\"@type\":\"Person\",\"@id\":\"https:\/\/blogg.svenskakyrkan.se\/vandravagen\/#\/schema\/person\/25da02d4f76b137d04291711e2c9fc16\",\"name\":\"Tomas Jarvid\",\"image\":{\"@type\":\"ImageObject\",\"inLanguage\":\"sv-SE\",\"@id\":\"https:\/\/blogg.svenskakyrkan.se\/vandravagen\/#\/schema\/person\/image\/\",\"url\":\"https:\/\/secure.gravatar.com\/avatar\/7fa71899795e8f540f615a1f5ab25255dc27aa40f05ee7ddd21aac521e01bf50?s=96&d=identicon&r=g\",\"contentUrl\":\"https:\/\/secure.gravatar.com\/avatar\/7fa71899795e8f540f615a1f5ab25255dc27aa40f05ee7ddd21aac521e01bf50?s=96&d=identicon&r=g\",\"caption\":\"Tomas Jarvid\"},\"description\":\"Jag bor i Ulricehamn i V\u00e4sterg\u00f6tland och \u00e4r f\u00f6rsamlingspr\u00e4st i Svenska Kyrkan f\u00f6r Dalstorps f\u00f6rsamling i Kinds pastorat. P\u00e5 den h\u00e4r bloggen skriver jag ner tankar om vandringen som kristen.\",\"sameAs\":[\"http:\/\/www.vandravagen.se\"],\"url\":\"https:\/\/blogg.svenskakyrkan.se\/vandravagen\/author\/vandravagen\/\"}]}<\/script>\n<!-- \/ Yoast SEO plugin. -->","yoast_head_json":{"title":"9 blandade tankar p\u00e5 PINGSTDAGEN! - Vandra V\u00e4gen","robots":{"index":"index","follow":"follow","max-snippet":"max-snippet:-1","max-image-preview":"max-image-preview:large","max-video-preview":"max-video-preview:-1"},"canonical":"https:\/\/blogg.svenskakyrkan.se\/vandravagen\/2021\/05\/23\/9-blandade-tankar-pa-pingstdagen\/","og_locale":"sv_SE","og_type":"article","og_title":"9 blandade tankar p\u00e5 PINGSTDAGEN! - Vandra V\u00e4gen","og_description":"Glad s\u00f6ndag, och glad pingst k\u00e4ra l\u00e4sare! Jag skrev PINGSTDAGEN med extra stora bokst\u00e4ver mest f\u00f6r att jag sj\u00e4lv ska fatta att det \u00e4r pingst nu. Det k\u00e4nns v\u00e4ldigt overkligt nu, det normala brukar vara att vi har en stor pingstv\u00e5rfest i f\u00f6rsamlingen. Gl\u00e4ds \u00e4nd\u00e5 \u00f6ver att smittoniv\u00e5erna verkar g\u00e5 ner och hoppas att det [&hellip;]","og_url":"https:\/\/blogg.svenskakyrkan.se\/vandravagen\/2021\/05\/23\/9-blandade-tankar-pa-pingstdagen\/","og_site_name":"Vandra V\u00e4gen","article_publisher":"http:\/\/facebook.com\/vandravagen","article_published_time":"2021-05-23T05:00:41+00:00","og_image":[{"url":"https:\/\/blogg.svenskakyrkan.se\/vandravagen\/files\/2021\/05\/IMG_8580.png","type":"","width":"","height":""}],"author":"Tomas Jarvid","twitter_card":"summary_large_image","twitter_creator":"@fadertomas","twitter_site":"@fadertomas","twitter_misc":{"Skriven av":"Tomas Jarvid","Ber\u00e4knad l\u00e4stid":"2 minuter"},"schema":{"@context":"https:\/\/schema.org","@graph":[{"@type":"Article","@id":"https:\/\/blogg.svenskakyrkan.se\/vandravagen\/2021\/05\/23\/9-blandade-tankar-pa-pingstdagen\/#article","isPartOf":{"@id":"https:\/\/blogg.svenskakyrkan.se\/vandravagen\/2021\/05\/23\/9-blandade-tankar-pa-pingstdagen\/"},"author":{"name":"Tomas Jarvid","@id":"https:\/\/blogg.svenskakyrkan.se\/vandravagen\/#\/schema\/person\/25da02d4f76b137d04291711e2c9fc16"},"headline":"9 blandade tankar p\u00e5 PINGSTDAGEN!","datePublished":"2021-05-23T05:00:41+00:00","mainEntityOfPage":{"@id":"https:\/\/blogg.svenskakyrkan.se\/vandravagen\/2021\/05\/23\/9-blandade-tankar-pa-pingstdagen\/"},"wordCount":371,"commentCount":4,"publisher":{"@id":"https:\/\/blogg.svenskakyrkan.se\/vandravagen\/#organization"},"image":{"@id":"https:\/\/blogg.svenskakyrkan.se\/vandravagen\/2021\/05\/23\/9-blandade-tankar-pa-pingstdagen\/#primaryimage"},"thumbnailUrl":"https:\/\/blogg.svenskakyrkan.se\/vandravagen\/files\/2021\/05\/IMG_8580.png","inLanguage":"sv-SE","potentialAction":[{"@type":"CommentAction","name":"Comment","target":["https:\/\/blogg.svenskakyrkan.se\/vandravagen\/2021\/05\/23\/9-blandade-tankar-pa-pingstdagen\/#respond"]}]},{"@type":"WebPage","@id":"https:\/\/blogg.svenskakyrkan.se\/vandravagen\/2021\/05\/23\/9-blandade-tankar-pa-pingstdagen\/","url":"https:\/\/blogg.svenskakyrkan.se\/vandravagen\/2021\/05\/23\/9-blandade-tankar-pa-pingstdagen\/","name":"9 blandade tankar p\u00e5 PINGSTDAGEN! - Vandra V\u00e4gen","isPartOf":{"@id":"https:\/\/blogg.svenskakyrkan.se\/vandravagen\/#website"},"primaryImageOfPage":{"@id":"https:\/\/blogg.svenskakyrkan.se\/vandravagen\/2021\/05\/23\/9-blandade-tankar-pa-pingstdagen\/#primaryimage"},"image":{"@id":"https:\/\/blogg.svenskakyrkan.se\/vandravagen\/2021\/05\/23\/9-blandade-tankar-pa-pingstdagen\/#primaryimage"},"thumbnailUrl":"https:\/\/blogg.svenskakyrkan.se\/vandravagen\/files\/2021\/05\/IMG_8580.png","datePublished":"2021-05-23T05:00:41+00:00","breadcrumb":{"@id":"https:\/\/blogg.svenskakyrkan.se\/vandravagen\/2021\/05\/23\/9-blandade-tankar-pa-pingstdagen\/#breadcrumb"},"inLanguage":"sv-SE","potentialAction":[{"@type":"ReadAction","target":["https:\/\/blogg.svenskakyrkan.se\/vandravagen\/2021\/05\/23\/9-blandade-tankar-pa-pingstdagen\/"]}]},{"@type":"ImageObject","inLanguage":"sv-SE","@id":"https:\/\/blogg.svenskakyrkan.se\/vandravagen\/2021\/05\/23\/9-blandade-tankar-pa-pingstdagen\/#primaryimage","url":"https:\/\/blogg.svenskakyrkan.se\/vandravagen\/files\/2021\/05\/IMG_8580.png","contentUrl":"https:\/\/blogg.svenskakyrkan.se\/vandravagen\/files\/2021\/05\/IMG_8580.png"},{"@type":"BreadcrumbList","@id":"https:\/\/blogg.svenskakyrkan.se\/vandravagen\/2021\/05\/23\/9-blandade-tankar-pa-pingstdagen\/#breadcrumb","itemListElement":[{"@type":"ListItem","position":1,"name":"Hem","item":"https:\/\/blogg.svenskakyrkan.se\/vandravagen\/"},{"@type":"ListItem","position":2,"name":"9 blandade tankar p\u00e5 PINGSTDAGEN!"}]},{"@type":"WebSite","@id":"https:\/\/blogg.svenskakyrkan.se\/vandravagen\/#website","url":"https:\/\/blogg.svenskakyrkan.se\/vandravagen\/","name":"Vandra V\u00e4gen","description":"-Mot en tro f\u00f6r hela livet","publisher":{"@id":"https:\/\/blogg.svenskakyrkan.se\/vandravagen\/#organization"},"potentialAction":[{"@type":"SearchAction","target":{"@type":"EntryPoint","urlTemplate":"https:\/\/blogg.svenskakyrkan.se\/vandravagen\/?s={search_term_string}"},"query-input":{"@type":"PropertyValueSpecification","valueRequired":true,"valueName":"search_term_string"}}],"inLanguage":"sv-SE"},{"@type":"Organization","@id":"https:\/\/blogg.svenskakyrkan.se\/vandravagen\/#organization","name":"ulricehamns pastorat","alternateName":"ulricehamns pastorat","url":"https:\/\/blogg.svenskakyrkan.se\/vandravagen\/","logo":{"@type":"ImageObject","inLanguage":"sv-SE","@id":"https:\/\/blogg.svenskakyrkan.se\/vandravagen\/#\/schema\/logo\/image\/","url":"https:\/\/blogg.svenskakyrkan.se\/vandravagen\/files\/2023\/05\/Ulr_logo_RGB.png","contentUrl":"https:\/\/blogg.svenskakyrkan.se\/vandravagen\/files\/2023\/05\/Ulr_logo_RGB.png","width":205,"height":77,"caption":"ulricehamns pastorat"},"image":{"@id":"https:\/\/blogg.svenskakyrkan.se\/vandravagen\/#\/schema\/logo\/image\/"},"sameAs":["http:\/\/facebook.com\/vandravagen","https:\/\/x.com\/fadertomas","http:\/\/www.facebook.com\/svenskakyrkaniulricehamn"]},{"@type":"Person","@id":"https:\/\/blogg.svenskakyrkan.se\/vandravagen\/#\/schema\/person\/25da02d4f76b137d04291711e2c9fc16","name":"Tomas Jarvid","image":{"@type":"ImageObject","inLanguage":"sv-SE","@id":"https:\/\/blogg.svenskakyrkan.se\/vandravagen\/#\/schema\/person\/image\/","url":"https:\/\/secure.gravatar.com\/avatar\/7fa71899795e8f540f615a1f5ab25255dc27aa40f05ee7ddd21aac521e01bf50?s=96&d=identicon&r=g","contentUrl":"https:\/\/secure.gravatar.com\/avatar\/7fa71899795e8f540f615a1f5ab25255dc27aa40f05ee7ddd21aac521e01bf50?s=96&d=identicon&r=g","caption":"Tomas Jarvid"},"description":"Jag bor i Ulricehamn i V\u00e4sterg\u00f6tland och \u00e4r f\u00f6rsamlingspr\u00e4st i Svenska Kyrkan f\u00f6r Dalstorps f\u00f6rsamling i Kinds pastorat. P\u00e5 den h\u00e4r bloggen skriver jag ner tankar om vandringen som kristen.","sameAs":["http:\/\/www.vandravagen.se"],"url":"https:\/\/blogg.svenskakyrkan.se\/vandravagen\/author\/vandravagen\/"}]}},"author_meta":{"ID":"392","user_nicename":"vandravagen","user_url":"http:\/\/www.vandravagen.se","user_registered":"2014-05-19 05:44:52","display_name":"Tomas Jarvid","first_name":"Tomas","last_name":"Jarvid","avatar":"https:\/\/secure.gravatar.com\/avatar\/7fa71899795e8f540f615a1f5ab25255dc27aa40f05ee7ddd21aac521e01bf50?s=96&d=identicon&r=g"},"featured_image":false,"bloginfo":{"name":"Vandra V\u00e4gen","url":"https:\/\/blogg.svenskakyrkan.se\/vandravagen"},"_links":{"self":[{"href":"https:\/\/blogg.svenskakyrkan.se\/vandravagen\/wp-json\/wp\/v2\/posts\/8577","targetHints":{"allow":["GET"]}}],"collection":[{"href":"https:\/\/blogg.svenskakyrkan.se\/vandravagen\/wp-json\/wp\/v2\/posts"}],"about":[{"href":"https:\/\/blogg.svenskakyrkan.se\/vandravagen\/wp-json\/wp\/v2\/types\/post"}],"author":[{"embeddable":true,"href":"https:\/\/blogg.svenskakyrkan.se\/vandravagen\/wp-json\/wp\/v2\/users\/392"}],"replies":[{"embeddable":true,"href":"https:\/\/blogg.svenskakyrkan.se\/vandravagen\/wp-json\/wp\/v2\/comments?post=8577"}],"version-history":[{"count":1,"href":"https:\/\/blogg.svenskakyrkan.se\/vandravagen\/wp-json\/wp\/v2\/posts\/8577\/revisions"}],"predecessor-version":[{"id":8579,"href":"https:\/\/blogg.svenskakyrkan.se\/vandravagen\/wp-json\/wp\/v2\/posts\/8577\/revisions\/8579"}],"wp:attachment":[{"href":"https:\/\/blogg.svenskakyrkan.se\/vandravagen\/wp-json\/wp\/v2\/media?parent=8577"}],"wp:term":[{"taxonomy":"category","embeddable":true,"href":"https:\/\/blogg.svenskakyrkan.se\/vandravagen\/wp-json\/wp\/v2\/categories?post=8577"},{"taxonomy":"post_tag","embeddable":true,"href":"https:\/\/blogg.svenskakyrkan.se\/vandravagen\/wp-json\/wp\/v2\/tags?post=8577"}],"curies":[{"name":"wp","href":"https:\/\/api.w.org\/{rel}","templated":true}]}}