{"id":858,"date":"2012-11-23T09:41:00","date_gmt":"2012-11-23T08:41:00","guid":{"rendered":"http:\/\/blogg.svenskakyrkan.se\/vandravagen\/2012\/11\/23\/historieatarna-drottning-kristina-och-jag\/"},"modified":"2012-11-23T09:41:00","modified_gmt":"2012-11-23T08:41:00","slug":"historieatarna-drottning-kristina-och-jag","status":"publish","type":"post","link":"https:\/\/blogg.svenskakyrkan.se\/vandravagen\/2012\/11\/23\/historieatarna-drottning-kristina-och-jag\/","title":{"rendered":"Historie\u00e4tarna, drottning Kristina och jag"},"content":{"rendered":"<table align=\"center\" cellpadding=\"0\" cellspacing=\"0\">\n<tbody>\n<tr>\n<td><a href=\"http:\/\/www.svt.se\/cachable_image\/1352204839000\/historieatarna\/article538812.svt\/ALTERNATES\/large\/haag_lundgren.jpg\"><img loading=\"lazy\" decoding=\"async\" border=\"0\" height=\"180\" src=\"http:\/\/www.svt.se\/cachable_image\/1352204839000\/historieatarna\/article538812.svt\/ALTERNATES\/large\/haag_lundgren.jpg\" width=\"320\"><\/a><\/td>\n<\/tr>\n<tr>\n<td>Historie\u00e4tare, foto svt<\/td>\n<\/tr>\n<\/tbody>\n<\/table>\n<table align=\"center\" cellpadding=\"0\" cellspacing=\"0\">\n<tbody>\n<tr>\n<td><a href=\"http:\/\/upload.wikimedia.org\/wikipedia\/commons\/thumb\/2\/2e\/Swedish_queen_Drottning_Kristina_portrait_by_S%C3%A9bastien_Bourdon_stor.jpg\/210px-Swedish_queen_Drottning_Kristina_portrait_by_S%C3%A9bastien_Bourdon_stor.jpg\"><img loading=\"lazy\" decoding=\"async\" border=\"0\" height=\"320\" src=\"http:\/\/upload.wikimedia.org\/wikipedia\/commons\/thumb\/2\/2e\/Swedish_queen_Drottning_Kristina_portrait_by_S%C3%A9bastien_Bourdon_stor.jpg\/210px-Swedish_queen_Drottning_Kristina_portrait_by_S%C3%A9bastien_Bourdon_stor.jpg\" width=\"244\"><\/a><\/td>\n<\/tr>\n<tr>\n<td>Drottning Kristina<\/td>\n<\/tr>\n<\/tbody>\n<\/table>\n<p>Jag verkar ha n\u00e5gon slags ov\u00e4ntad 1600-talsvecka. F\u00f6rst i och med att jag lyssnar p\u00e5 ljudboksversionen av Peter Englunds bok &#8221;<a href=\"http:\/\/www.adlibris.com\/se\/product.aspx?isbn=9100111201\">Silver<\/a><a href=\"http:\/\/www.bokus.com\/bok\/9789100114961\/silvermasken-en-kort-biografi-over-drottning-kristina\/\">masken<\/a>&#8221; om drottning Kristina (eller r\u00e4ttare sagt <i>kung<\/i> som var hennes titel \u00e4ven om hon var kvinna). Det \u00e4r en levande skildring av personen Kristina, men ocks\u00e5 av den tid hon levde i och som b\u00e5de \u00e4r s\u00e5 lik och s\u00e5 olik v\u00e5r egen.<\/p>\n<p>Jag har f\u00e5tt ut mycket av att se att m\u00e4nniskans str\u00e4van efter status i dyra och imponerande prylar eller tillst\u00e4llningar (och kanske ocks\u00e5 det att vara mindre noga med om man egentligen har r\u00e5d) \u00e4r n\u00e5got som verkar vara sig likt genom tiderna. Det har ocks\u00e5 varit intressant ur ett kyrkohistoriskt perspektiv att f\u00f6lja Kristinas k\u00e4nslor av ofrihet gentemot den lutherska ortodoxin i Sverige och den mer vitala katolicismen i Europa. Och s\u00e5 den lockande gryende moderna filosofin och vetenskapen som kastade om allt. Vad g\u00e4ller filosofin s\u00e5 dog ju Ren\u00e9e Descartes vid sin vistelse i Kristinas hov en kall vinter i Stockholm. Hans tankar gav i f\u00f6rl\u00e4ngningen hela upplysningsfilosofin och dess starkt osunda uppdelningar i dualism och mots\u00e4ttningar mellan f\u00f6rnuft och kropp\/k\u00e4nsla.<\/p>\n<p>Peter Englund \u00e4r alltid v\u00e4rd att l\u00e4sa. Det andra inslaget i min 1600-talsvecka \u00e4r tvprogrammet &#8221;<a href=\"http:\/\/www.svtplay.se\/video\/582869\/del-1-av-6-stormaktstiden\">historie\u00e4tarna<\/a>&#8221; p\u00e5 svt. Med mycket humor och d\u00e4rmed ocks\u00e5 pedagogisk finess f\u00e5r vi se hur det kunde vara att leva och \u00e4ta som en 1600-talsm\u00e4nniska. Hysteriskt roligt s\u00e4ger jag!<\/p>\n","protected":false},"excerpt":{"rendered":"<p>Historie\u00e4tare, foto svt Drottning Kristina Jag verkar ha n\u00e5gon slags ov\u00e4ntad 1600-talsvecka. F\u00f6rst i och med att jag lyssnar p\u00e5 ljudboksversionen av Peter Englunds bok &#8221;Silvermasken&#8221; om drottning Kristina (eller r\u00e4ttare sagt kung som var hennes titel \u00e4ven om hon var kvinna). Det \u00e4r en levande skildring av personen Kristina, men ocks\u00e5 av den tid [&hellip;]<\/p>\n","protected":false},"author":392,"featured_media":0,"comment_status":"open","ping_status":"open","sticky":false,"template":"","format":"standard","meta":{"_acf_changed":false,"footnotes":""},"categories":[8337],"tags":[],"class_list":["post-858","post","type-post","status-publish","format-standard","hentry","category-historia"],"acf":[],"yoast_head":"<!-- This site is optimized with the Yoast SEO plugin v27.1.1 - https:\/\/yoast.com\/product\/yoast-seo-wordpress\/ -->\n<title>Historie\u00e4tarna, drottning Kristina och jag - Vandra V\u00e4gen<\/title>\n<meta name=\"robots\" content=\"index, follow, max-snippet:-1, max-image-preview:large, max-video-preview:-1\" \/>\n<link rel=\"canonical\" href=\"https:\/\/blogg.svenskakyrkan.se\/vandravagen\/2012\/11\/23\/historieatarna-drottning-kristina-och-jag\/\" \/>\n<meta property=\"og:locale\" content=\"sv_SE\" \/>\n<meta property=\"og:type\" content=\"article\" \/>\n<meta property=\"og:title\" content=\"Historie\u00e4tarna, drottning Kristina och jag - Vandra V\u00e4gen\" \/>\n<meta property=\"og:description\" content=\"Historie\u00e4tare, foto svt Drottning Kristina Jag verkar ha n\u00e5gon slags ov\u00e4ntad 1600-talsvecka. F\u00f6rst i och med att jag lyssnar p\u00e5 ljudboksversionen av Peter Englunds bok &#8221;Silvermasken&#8221; om drottning Kristina (eller r\u00e4ttare sagt kung som var hennes titel \u00e4ven om hon var kvinna). Det \u00e4r en levande skildring av personen Kristina, men ocks\u00e5 av den tid [&hellip;]\" \/>\n<meta property=\"og:url\" content=\"https:\/\/blogg.svenskakyrkan.se\/vandravagen\/2012\/11\/23\/historieatarna-drottning-kristina-och-jag\/\" \/>\n<meta property=\"og:site_name\" content=\"Vandra V\u00e4gen\" \/>\n<meta property=\"article:publisher\" content=\"http:\/\/facebook.com\/vandravagen\" \/>\n<meta property=\"article:published_time\" content=\"2012-11-23T08:41:00+00:00\" \/>\n<meta property=\"og:image\" content=\"http:\/\/www.svt.se\/cachable_image\/1352204839000\/historieatarna\/article538812.svt\/ALTERNATES\/large\/haag_lundgren.jpg\" \/>\n<meta name=\"author\" content=\"Tomas Jarvid\" \/>\n<meta name=\"twitter:card\" content=\"summary_large_image\" \/>\n<meta name=\"twitter:creator\" content=\"@fadertomas\" \/>\n<meta name=\"twitter:site\" content=\"@fadertomas\" \/>\n<meta name=\"twitter:label1\" content=\"Skriven av\" \/>\n\t<meta name=\"twitter:data1\" content=\"Tomas Jarvid\" \/>\n\t<meta name=\"twitter:label2\" content=\"Ber\u00e4knad l\u00e4stid\" \/>\n\t<meta name=\"twitter:data2\" content=\"1 minut\" \/>\n<script type=\"application\/ld+json\" class=\"yoast-schema-graph\">{\"@context\":\"https:\/\/schema.org\",\"@graph\":[{\"@type\":\"Article\",\"@id\":\"https:\/\/blogg.svenskakyrkan.se\/vandravagen\/2012\/11\/23\/historieatarna-drottning-kristina-och-jag\/#article\",\"isPartOf\":{\"@id\":\"https:\/\/blogg.svenskakyrkan.se\/vandravagen\/2012\/11\/23\/historieatarna-drottning-kristina-och-jag\/\"},\"author\":{\"name\":\"Tomas Jarvid\",\"@id\":\"https:\/\/blogg.svenskakyrkan.se\/vandravagen\/#\/schema\/person\/25da02d4f76b137d04291711e2c9fc16\"},\"headline\":\"Historie\u00e4tarna, drottning Kristina och jag\",\"datePublished\":\"2012-11-23T08:41:00+00:00\",\"mainEntityOfPage\":{\"@id\":\"https:\/\/blogg.svenskakyrkan.se\/vandravagen\/2012\/11\/23\/historieatarna-drottning-kristina-och-jag\/\"},\"wordCount\":273,\"commentCount\":0,\"publisher\":{\"@id\":\"https:\/\/blogg.svenskakyrkan.se\/vandravagen\/#organization\"},\"image\":{\"@id\":\"https:\/\/blogg.svenskakyrkan.se\/vandravagen\/2012\/11\/23\/historieatarna-drottning-kristina-och-jag\/#primaryimage\"},\"thumbnailUrl\":\"http:\/\/www.svt.se\/cachable_image\/1352204839000\/historieatarna\/article538812.svt\/ALTERNATES\/large\/haag_lundgren.jpg\",\"articleSection\":[\"historia\"],\"inLanguage\":\"sv-SE\",\"potentialAction\":[{\"@type\":\"CommentAction\",\"name\":\"Comment\",\"target\":[\"https:\/\/blogg.svenskakyrkan.se\/vandravagen\/2012\/11\/23\/historieatarna-drottning-kristina-och-jag\/#respond\"]}]},{\"@type\":\"WebPage\",\"@id\":\"https:\/\/blogg.svenskakyrkan.se\/vandravagen\/2012\/11\/23\/historieatarna-drottning-kristina-och-jag\/\",\"url\":\"https:\/\/blogg.svenskakyrkan.se\/vandravagen\/2012\/11\/23\/historieatarna-drottning-kristina-och-jag\/\",\"name\":\"Historie\u00e4tarna, drottning Kristina och jag - Vandra V\u00e4gen\",\"isPartOf\":{\"@id\":\"https:\/\/blogg.svenskakyrkan.se\/vandravagen\/#website\"},\"primaryImageOfPage\":{\"@id\":\"https:\/\/blogg.svenskakyrkan.se\/vandravagen\/2012\/11\/23\/historieatarna-drottning-kristina-och-jag\/#primaryimage\"},\"image\":{\"@id\":\"https:\/\/blogg.svenskakyrkan.se\/vandravagen\/2012\/11\/23\/historieatarna-drottning-kristina-och-jag\/#primaryimage\"},\"thumbnailUrl\":\"http:\/\/www.svt.se\/cachable_image\/1352204839000\/historieatarna\/article538812.svt\/ALTERNATES\/large\/haag_lundgren.jpg\",\"datePublished\":\"2012-11-23T08:41:00+00:00\",\"breadcrumb\":{\"@id\":\"https:\/\/blogg.svenskakyrkan.se\/vandravagen\/2012\/11\/23\/historieatarna-drottning-kristina-och-jag\/#breadcrumb\"},\"inLanguage\":\"sv-SE\",\"potentialAction\":[{\"@type\":\"ReadAction\",\"target\":[\"https:\/\/blogg.svenskakyrkan.se\/vandravagen\/2012\/11\/23\/historieatarna-drottning-kristina-och-jag\/\"]}]},{\"@type\":\"ImageObject\",\"inLanguage\":\"sv-SE\",\"@id\":\"https:\/\/blogg.svenskakyrkan.se\/vandravagen\/2012\/11\/23\/historieatarna-drottning-kristina-och-jag\/#primaryimage\",\"url\":\"http:\/\/www.svt.se\/cachable_image\/1352204839000\/historieatarna\/article538812.svt\/ALTERNATES\/large\/haag_lundgren.jpg\",\"contentUrl\":\"http:\/\/www.svt.se\/cachable_image\/1352204839000\/historieatarna\/article538812.svt\/ALTERNATES\/large\/haag_lundgren.jpg\"},{\"@type\":\"BreadcrumbList\",\"@id\":\"https:\/\/blogg.svenskakyrkan.se\/vandravagen\/2012\/11\/23\/historieatarna-drottning-kristina-och-jag\/#breadcrumb\",\"itemListElement\":[{\"@type\":\"ListItem\",\"position\":1,\"name\":\"Hem\",\"item\":\"https:\/\/blogg.svenskakyrkan.se\/vandravagen\/\"},{\"@type\":\"ListItem\",\"position\":2,\"name\":\"Historie\u00e4tarna, drottning Kristina och jag\"}]},{\"@type\":\"WebSite\",\"@id\":\"https:\/\/blogg.svenskakyrkan.se\/vandravagen\/#website\",\"url\":\"https:\/\/blogg.svenskakyrkan.se\/vandravagen\/\",\"name\":\"Vandra V\u00e4gen\",\"description\":\"-Mot en tro f\u00f6r hela livet\",\"publisher\":{\"@id\":\"https:\/\/blogg.svenskakyrkan.se\/vandravagen\/#organization\"},\"potentialAction\":[{\"@type\":\"SearchAction\",\"target\":{\"@type\":\"EntryPoint\",\"urlTemplate\":\"https:\/\/blogg.svenskakyrkan.se\/vandravagen\/?s={search_term_string}\"},\"query-input\":{\"@type\":\"PropertyValueSpecification\",\"valueRequired\":true,\"valueName\":\"search_term_string\"}}],\"inLanguage\":\"sv-SE\"},{\"@type\":\"Organization\",\"@id\":\"https:\/\/blogg.svenskakyrkan.se\/vandravagen\/#organization\",\"name\":\"ulricehamns pastorat\",\"alternateName\":\"ulricehamns pastorat\",\"url\":\"https:\/\/blogg.svenskakyrkan.se\/vandravagen\/\",\"logo\":{\"@type\":\"ImageObject\",\"inLanguage\":\"sv-SE\",\"@id\":\"https:\/\/blogg.svenskakyrkan.se\/vandravagen\/#\/schema\/logo\/image\/\",\"url\":\"https:\/\/blogg.svenskakyrkan.se\/vandravagen\/files\/2023\/05\/Ulr_logo_RGB.png\",\"contentUrl\":\"https:\/\/blogg.svenskakyrkan.se\/vandravagen\/files\/2023\/05\/Ulr_logo_RGB.png\",\"width\":205,\"height\":77,\"caption\":\"ulricehamns pastorat\"},\"image\":{\"@id\":\"https:\/\/blogg.svenskakyrkan.se\/vandravagen\/#\/schema\/logo\/image\/\"},\"sameAs\":[\"http:\/\/facebook.com\/vandravagen\",\"https:\/\/x.com\/fadertomas\",\"http:\/\/www.facebook.com\/svenskakyrkaniulricehamn\"]},{\"@type\":\"Person\",\"@id\":\"https:\/\/blogg.svenskakyrkan.se\/vandravagen\/#\/schema\/person\/25da02d4f76b137d04291711e2c9fc16\",\"name\":\"Tomas Jarvid\",\"image\":{\"@type\":\"ImageObject\",\"inLanguage\":\"sv-SE\",\"@id\":\"https:\/\/blogg.svenskakyrkan.se\/vandravagen\/#\/schema\/person\/image\/\",\"url\":\"https:\/\/secure.gravatar.com\/avatar\/7fa71899795e8f540f615a1f5ab25255dc27aa40f05ee7ddd21aac521e01bf50?s=96&d=identicon&r=g\",\"contentUrl\":\"https:\/\/secure.gravatar.com\/avatar\/7fa71899795e8f540f615a1f5ab25255dc27aa40f05ee7ddd21aac521e01bf50?s=96&d=identicon&r=g\",\"caption\":\"Tomas Jarvid\"},\"description\":\"Jag bor i Ulricehamn i V\u00e4sterg\u00f6tland och \u00e4r f\u00f6rsamlingspr\u00e4st i Svenska Kyrkan f\u00f6r Dalstorps f\u00f6rsamling i Kinds pastorat. P\u00e5 den h\u00e4r bloggen skriver jag ner tankar om vandringen som kristen.\",\"sameAs\":[\"http:\/\/www.vandravagen.se\"],\"url\":\"https:\/\/blogg.svenskakyrkan.se\/vandravagen\/author\/vandravagen\/\"}]}<\/script>\n<!-- \/ Yoast SEO plugin. -->","yoast_head_json":{"title":"Historie\u00e4tarna, drottning Kristina och jag - Vandra V\u00e4gen","robots":{"index":"index","follow":"follow","max-snippet":"max-snippet:-1","max-image-preview":"max-image-preview:large","max-video-preview":"max-video-preview:-1"},"canonical":"https:\/\/blogg.svenskakyrkan.se\/vandravagen\/2012\/11\/23\/historieatarna-drottning-kristina-och-jag\/","og_locale":"sv_SE","og_type":"article","og_title":"Historie\u00e4tarna, drottning Kristina och jag - Vandra V\u00e4gen","og_description":"Historie\u00e4tare, foto svt Drottning Kristina Jag verkar ha n\u00e5gon slags ov\u00e4ntad 1600-talsvecka. F\u00f6rst i och med att jag lyssnar p\u00e5 ljudboksversionen av Peter Englunds bok &#8221;Silvermasken&#8221; om drottning Kristina (eller r\u00e4ttare sagt kung som var hennes titel \u00e4ven om hon var kvinna). Det \u00e4r en levande skildring av personen Kristina, men ocks\u00e5 av den tid [&hellip;]","og_url":"https:\/\/blogg.svenskakyrkan.se\/vandravagen\/2012\/11\/23\/historieatarna-drottning-kristina-och-jag\/","og_site_name":"Vandra V\u00e4gen","article_publisher":"http:\/\/facebook.com\/vandravagen","article_published_time":"2012-11-23T08:41:00+00:00","og_image":[{"url":"http:\/\/www.svt.se\/cachable_image\/1352204839000\/historieatarna\/article538812.svt\/ALTERNATES\/large\/haag_lundgren.jpg","type":"","width":"","height":""}],"author":"Tomas Jarvid","twitter_card":"summary_large_image","twitter_creator":"@fadertomas","twitter_site":"@fadertomas","twitter_misc":{"Skriven av":"Tomas Jarvid","Ber\u00e4knad l\u00e4stid":"1 minut"},"schema":{"@context":"https:\/\/schema.org","@graph":[{"@type":"Article","@id":"https:\/\/blogg.svenskakyrkan.se\/vandravagen\/2012\/11\/23\/historieatarna-drottning-kristina-och-jag\/#article","isPartOf":{"@id":"https:\/\/blogg.svenskakyrkan.se\/vandravagen\/2012\/11\/23\/historieatarna-drottning-kristina-och-jag\/"},"author":{"name":"Tomas Jarvid","@id":"https:\/\/blogg.svenskakyrkan.se\/vandravagen\/#\/schema\/person\/25da02d4f76b137d04291711e2c9fc16"},"headline":"Historie\u00e4tarna, drottning Kristina och jag","datePublished":"2012-11-23T08:41:00+00:00","mainEntityOfPage":{"@id":"https:\/\/blogg.svenskakyrkan.se\/vandravagen\/2012\/11\/23\/historieatarna-drottning-kristina-och-jag\/"},"wordCount":273,"commentCount":0,"publisher":{"@id":"https:\/\/blogg.svenskakyrkan.se\/vandravagen\/#organization"},"image":{"@id":"https:\/\/blogg.svenskakyrkan.se\/vandravagen\/2012\/11\/23\/historieatarna-drottning-kristina-och-jag\/#primaryimage"},"thumbnailUrl":"http:\/\/www.svt.se\/cachable_image\/1352204839000\/historieatarna\/article538812.svt\/ALTERNATES\/large\/haag_lundgren.jpg","articleSection":["historia"],"inLanguage":"sv-SE","potentialAction":[{"@type":"CommentAction","name":"Comment","target":["https:\/\/blogg.svenskakyrkan.se\/vandravagen\/2012\/11\/23\/historieatarna-drottning-kristina-och-jag\/#respond"]}]},{"@type":"WebPage","@id":"https:\/\/blogg.svenskakyrkan.se\/vandravagen\/2012\/11\/23\/historieatarna-drottning-kristina-och-jag\/","url":"https:\/\/blogg.svenskakyrkan.se\/vandravagen\/2012\/11\/23\/historieatarna-drottning-kristina-och-jag\/","name":"Historie\u00e4tarna, drottning Kristina och jag - Vandra V\u00e4gen","isPartOf":{"@id":"https:\/\/blogg.svenskakyrkan.se\/vandravagen\/#website"},"primaryImageOfPage":{"@id":"https:\/\/blogg.svenskakyrkan.se\/vandravagen\/2012\/11\/23\/historieatarna-drottning-kristina-och-jag\/#primaryimage"},"image":{"@id":"https:\/\/blogg.svenskakyrkan.se\/vandravagen\/2012\/11\/23\/historieatarna-drottning-kristina-och-jag\/#primaryimage"},"thumbnailUrl":"http:\/\/www.svt.se\/cachable_image\/1352204839000\/historieatarna\/article538812.svt\/ALTERNATES\/large\/haag_lundgren.jpg","datePublished":"2012-11-23T08:41:00+00:00","breadcrumb":{"@id":"https:\/\/blogg.svenskakyrkan.se\/vandravagen\/2012\/11\/23\/historieatarna-drottning-kristina-och-jag\/#breadcrumb"},"inLanguage":"sv-SE","potentialAction":[{"@type":"ReadAction","target":["https:\/\/blogg.svenskakyrkan.se\/vandravagen\/2012\/11\/23\/historieatarna-drottning-kristina-och-jag\/"]}]},{"@type":"ImageObject","inLanguage":"sv-SE","@id":"https:\/\/blogg.svenskakyrkan.se\/vandravagen\/2012\/11\/23\/historieatarna-drottning-kristina-och-jag\/#primaryimage","url":"http:\/\/www.svt.se\/cachable_image\/1352204839000\/historieatarna\/article538812.svt\/ALTERNATES\/large\/haag_lundgren.jpg","contentUrl":"http:\/\/www.svt.se\/cachable_image\/1352204839000\/historieatarna\/article538812.svt\/ALTERNATES\/large\/haag_lundgren.jpg"},{"@type":"BreadcrumbList","@id":"https:\/\/blogg.svenskakyrkan.se\/vandravagen\/2012\/11\/23\/historieatarna-drottning-kristina-och-jag\/#breadcrumb","itemListElement":[{"@type":"ListItem","position":1,"name":"Hem","item":"https:\/\/blogg.svenskakyrkan.se\/vandravagen\/"},{"@type":"ListItem","position":2,"name":"Historie\u00e4tarna, drottning Kristina och jag"}]},{"@type":"WebSite","@id":"https:\/\/blogg.svenskakyrkan.se\/vandravagen\/#website","url":"https:\/\/blogg.svenskakyrkan.se\/vandravagen\/","name":"Vandra V\u00e4gen","description":"-Mot en tro f\u00f6r hela livet","publisher":{"@id":"https:\/\/blogg.svenskakyrkan.se\/vandravagen\/#organization"},"potentialAction":[{"@type":"SearchAction","target":{"@type":"EntryPoint","urlTemplate":"https:\/\/blogg.svenskakyrkan.se\/vandravagen\/?s={search_term_string}"},"query-input":{"@type":"PropertyValueSpecification","valueRequired":true,"valueName":"search_term_string"}}],"inLanguage":"sv-SE"},{"@type":"Organization","@id":"https:\/\/blogg.svenskakyrkan.se\/vandravagen\/#organization","name":"ulricehamns pastorat","alternateName":"ulricehamns pastorat","url":"https:\/\/blogg.svenskakyrkan.se\/vandravagen\/","logo":{"@type":"ImageObject","inLanguage":"sv-SE","@id":"https:\/\/blogg.svenskakyrkan.se\/vandravagen\/#\/schema\/logo\/image\/","url":"https:\/\/blogg.svenskakyrkan.se\/vandravagen\/files\/2023\/05\/Ulr_logo_RGB.png","contentUrl":"https:\/\/blogg.svenskakyrkan.se\/vandravagen\/files\/2023\/05\/Ulr_logo_RGB.png","width":205,"height":77,"caption":"ulricehamns pastorat"},"image":{"@id":"https:\/\/blogg.svenskakyrkan.se\/vandravagen\/#\/schema\/logo\/image\/"},"sameAs":["http:\/\/facebook.com\/vandravagen","https:\/\/x.com\/fadertomas","http:\/\/www.facebook.com\/svenskakyrkaniulricehamn"]},{"@type":"Person","@id":"https:\/\/blogg.svenskakyrkan.se\/vandravagen\/#\/schema\/person\/25da02d4f76b137d04291711e2c9fc16","name":"Tomas Jarvid","image":{"@type":"ImageObject","inLanguage":"sv-SE","@id":"https:\/\/blogg.svenskakyrkan.se\/vandravagen\/#\/schema\/person\/image\/","url":"https:\/\/secure.gravatar.com\/avatar\/7fa71899795e8f540f615a1f5ab25255dc27aa40f05ee7ddd21aac521e01bf50?s=96&d=identicon&r=g","contentUrl":"https:\/\/secure.gravatar.com\/avatar\/7fa71899795e8f540f615a1f5ab25255dc27aa40f05ee7ddd21aac521e01bf50?s=96&d=identicon&r=g","caption":"Tomas Jarvid"},"description":"Jag bor i Ulricehamn i V\u00e4sterg\u00f6tland och \u00e4r f\u00f6rsamlingspr\u00e4st i Svenska Kyrkan f\u00f6r Dalstorps f\u00f6rsamling i Kinds pastorat. P\u00e5 den h\u00e4r bloggen skriver jag ner tankar om vandringen som kristen.","sameAs":["http:\/\/www.vandravagen.se"],"url":"https:\/\/blogg.svenskakyrkan.se\/vandravagen\/author\/vandravagen\/"}]}},"author_meta":{"ID":"392","user_nicename":"vandravagen","user_url":"http:\/\/www.vandravagen.se","user_registered":"2014-05-19 05:44:52","display_name":"Tomas Jarvid","first_name":"Tomas","last_name":"Jarvid","avatar":"https:\/\/secure.gravatar.com\/avatar\/7fa71899795e8f540f615a1f5ab25255dc27aa40f05ee7ddd21aac521e01bf50?s=96&d=identicon&r=g"},"featured_image":false,"bloginfo":{"name":"Vandra V\u00e4gen","url":"https:\/\/blogg.svenskakyrkan.se\/vandravagen"},"_links":{"self":[{"href":"https:\/\/blogg.svenskakyrkan.se\/vandravagen\/wp-json\/wp\/v2\/posts\/858","targetHints":{"allow":["GET"]}}],"collection":[{"href":"https:\/\/blogg.svenskakyrkan.se\/vandravagen\/wp-json\/wp\/v2\/posts"}],"about":[{"href":"https:\/\/blogg.svenskakyrkan.se\/vandravagen\/wp-json\/wp\/v2\/types\/post"}],"author":[{"embeddable":true,"href":"https:\/\/blogg.svenskakyrkan.se\/vandravagen\/wp-json\/wp\/v2\/users\/392"}],"replies":[{"embeddable":true,"href":"https:\/\/blogg.svenskakyrkan.se\/vandravagen\/wp-json\/wp\/v2\/comments?post=858"}],"version-history":[{"count":0,"href":"https:\/\/blogg.svenskakyrkan.se\/vandravagen\/wp-json\/wp\/v2\/posts\/858\/revisions"}],"wp:attachment":[{"href":"https:\/\/blogg.svenskakyrkan.se\/vandravagen\/wp-json\/wp\/v2\/media?parent=858"}],"wp:term":[{"taxonomy":"category","embeddable":true,"href":"https:\/\/blogg.svenskakyrkan.se\/vandravagen\/wp-json\/wp\/v2\/categories?post=858"},{"taxonomy":"post_tag","embeddable":true,"href":"https:\/\/blogg.svenskakyrkan.se\/vandravagen\/wp-json\/wp\/v2\/tags?post=858"}],"curies":[{"name":"wp","href":"https:\/\/api.w.org\/{rel}","templated":true}]}}