{"id":8596,"date":"2021-06-27T07:00:00","date_gmt":"2021-06-27T05:00:00","guid":{"rendered":"https:\/\/blogg.svenskakyrkan.se\/vandravagen\/?p=8596"},"modified":"2021-06-26T23:02:58","modified_gmt":"2021-06-26T21:02:58","slug":"10-blandade-tankar-pa-sondagen-66","status":"publish","type":"post","link":"https:\/\/blogg.svenskakyrkan.se\/vandravagen\/2021\/06\/27\/10-blandade-tankar-pa-sondagen-66\/","title":{"rendered":"10 blandade tankar p\u00e5 s\u00f6ndagen"},"content":{"rendered":"\n\n\n<figure class=\"wp-block-image size-large is-style-default\"><img loading=\"lazy\" decoding=\"async\" width=\"1024\" height=\"1167\" src=\"https:\/\/blogg.svenskakyrkan.se\/vandravagen\/files\/2021\/06\/IMG_8785-1024x1167.jpg\" alt=\"\" class=\"wp-image-8597\" srcset=\"https:\/\/blogg.svenskakyrkan.se\/vandravagen\/files\/2021\/06\/IMG_8785-1024x1167.jpg 1024w, https:\/\/blogg.svenskakyrkan.se\/vandravagen\/files\/2021\/06\/IMG_8785-300x342.jpg 300w, https:\/\/blogg.svenskakyrkan.se\/vandravagen\/files\/2021\/06\/IMG_8785-768x875.jpg 768w, https:\/\/blogg.svenskakyrkan.se\/vandravagen\/files\/2021\/06\/IMG_8785.jpg 1123w\" sizes=\"auto, (max-width: 1024px) 100vw, 1024px\" \/><figcaption>P\u00e5 det h\u00e4r fina all\u00f6vet vid v\u00e5r parkering har jag identifierat skalbaggen all\u00f6vbagge (duh) och jag tror att det h\u00e4r \u00e4r de sm\u00e5 sm\u00e5 fina \u00e4ggen den lagt. <\/figcaption><\/figure>\n\n\n\n<ol class=\"wp-block-list\"><li>Glad s\u00f6ndag och glad midsommar k\u00e4ra l\u00e4sare!<\/li><li>Midsommarhelgen \u00e4r en ganska konstig helg tycker jag och det \u00e4r ju som det \u00e4r att stora helger \u00e4r ganska dubbelbottnade f\u00f6r m\u00e5nga. F\u00f6r mig tror jag faktiskt att det blir tydligare med mycket s\u00e5dant n\u00e4r helgen liksom inte har n\u00e5gon plats i kyrko\u00e5ret. Annars kan man ju k\u00e4nna att man firat ordentligt oavsett bara man varit i kyrkan.<\/li><li>Idag ska min fru iv\u00e4g och leda gudstj\u00e4nst p\u00e5 olika h\u00e5ll. Sj\u00e4lv ska jag springa omkring i B\u00f6rstig medan barnen rider p\u00e5 ponnyer d\u00e4r. Roligt f\u00f6r dem och roligt f\u00f6r mig att f\u00e5 springa p\u00e5 andra stigar \u00e4n runt p\u00e5 de vanliga h\u00e4r hemma.<\/li><li>Nu har sommarorienteringen kommit ig\u00e5ng med hitta ut och naturpass och allt s\u00e5dant. Det \u00e4r v\u00e4ldigt roligt tycker jag. Ig\u00e5r kom jag till nya trakter ner mot Marb\u00e4ck och det \u00e4r s\u00e5 mycket bra p\u00e5 en g\u00e5ng. B\u00e5de skattjakt och uppt\u00e4cksf\u00e4rd i ett och s\u00e5 ser man ju mycket fint n\u00e4r man \u00e4r ute.<\/li><li>Nu har jag allts\u00e5 snart varit hemmapappa i snart ett halv\u00e5r. Det \u00e4r inte m\u00e5nga stunder \u00f6ver f\u00e5r man s\u00e4ga och tiden g\u00e5r rysligt fort. Fantastiskt och utmattande i olika grader av blandning. Konstigt att det redan \u00e4r halvv\u00e4gs.<\/li><li>Och om tv\u00e5 m\u00e5nader ska vi flytta (inom staden). Det b\u00f6rjar ocks\u00e5 dyka upp lite mer verkligt vid horisonten. <\/li><li>Dagens bild \u00e4r vad jag tror borde vara \u00e4ggen som all\u00f6vbaggarna p\u00e5 albusken utanf\u00f6r lagt. V\u00e4ldigt fin f\u00e4rg och n\u00e4pen storlek.<\/li><li>N\u00e4sta vecka ska min fru ha lite semester. Hoppas p\u00e5 att f\u00e5 tr\u00e4ffa min bror och hans barn och att sova i skogen.<\/li><li>Jo, och s\u00e5 ska jag f\u00e5 min f\u00f6rsta vaccinspruta p\u00e5 torsdag. Det k\u00e4nns ju som en milstolpe.<\/li><li>Vad g\u00f6r du idag och hur har du det s\u00e5 h\u00e4r p\u00e5 sommaren? Skriv en rad och ber\u00e4tta!<\/li><\/ol>\n","protected":false},"excerpt":{"rendered":"<p>Glad s\u00f6ndag och glad midsommar k\u00e4ra l\u00e4sare! Midsommarhelgen \u00e4r en ganska konstig helg tycker jag och det \u00e4r ju som det \u00e4r att stora helger \u00e4r ganska dubbelbottnade f\u00f6r m\u00e5nga. F\u00f6r mig tror jag faktiskt att det blir tydligare med mycket s\u00e5dant n\u00e4r helgen liksom inte har n\u00e5gon plats i kyrko\u00e5ret. Annars kan man ju [&hellip;]<\/p>\n","protected":false},"author":392,"featured_media":8597,"comment_status":"open","ping_status":"open","sticky":false,"template":"","format":"standard","meta":{"_acf_changed":false,"footnotes":""},"categories":[9],"tags":[],"class_list":["post-8596","post","type-post","status-publish","format-standard","has-post-thumbnail","hentry","category-okategoriserade"],"acf":[],"yoast_head":"<!-- This site is optimized with the Yoast SEO plugin v27.1.1 - https:\/\/yoast.com\/product\/yoast-seo-wordpress\/ -->\n<title>10 blandade tankar p\u00e5 s\u00f6ndagen - Vandra V\u00e4gen<\/title>\n<meta name=\"robots\" content=\"index, follow, max-snippet:-1, max-image-preview:large, max-video-preview:-1\" \/>\n<link rel=\"canonical\" href=\"https:\/\/blogg.svenskakyrkan.se\/vandravagen\/2021\/06\/27\/10-blandade-tankar-pa-sondagen-66\/\" \/>\n<meta property=\"og:locale\" content=\"sv_SE\" \/>\n<meta property=\"og:type\" content=\"article\" \/>\n<meta property=\"og:title\" content=\"10 blandade tankar p\u00e5 s\u00f6ndagen - Vandra V\u00e4gen\" \/>\n<meta property=\"og:description\" content=\"Glad s\u00f6ndag och glad midsommar k\u00e4ra l\u00e4sare! Midsommarhelgen \u00e4r en ganska konstig helg tycker jag och det \u00e4r ju som det \u00e4r att stora helger \u00e4r ganska dubbelbottnade f\u00f6r m\u00e5nga. F\u00f6r mig tror jag faktiskt att det blir tydligare med mycket s\u00e5dant n\u00e4r helgen liksom inte har n\u00e5gon plats i kyrko\u00e5ret. Annars kan man ju [&hellip;]\" \/>\n<meta property=\"og:url\" content=\"https:\/\/blogg.svenskakyrkan.se\/vandravagen\/2021\/06\/27\/10-blandade-tankar-pa-sondagen-66\/\" \/>\n<meta property=\"og:site_name\" content=\"Vandra V\u00e4gen\" \/>\n<meta property=\"article:publisher\" content=\"http:\/\/facebook.com\/vandravagen\" \/>\n<meta property=\"article:published_time\" content=\"2021-06-27T05:00:00+00:00\" \/>\n<meta property=\"og:image\" content=\"https:\/\/blogg.svenskakyrkan.se\/vandravagen\/files\/2021\/06\/IMG_8785.jpg\" \/>\n\t<meta property=\"og:image:width\" content=\"1123\" \/>\n\t<meta property=\"og:image:height\" content=\"1280\" \/>\n\t<meta property=\"og:image:type\" content=\"image\/jpeg\" \/>\n<meta name=\"author\" content=\"Tomas Jarvid\" \/>\n<meta name=\"twitter:card\" content=\"summary_large_image\" \/>\n<meta name=\"twitter:creator\" content=\"@fadertomas\" \/>\n<meta name=\"twitter:site\" content=\"@fadertomas\" \/>\n<meta name=\"twitter:label1\" content=\"Skriven av\" \/>\n\t<meta name=\"twitter:data1\" content=\"Tomas Jarvid\" \/>\n\t<meta name=\"twitter:label2\" content=\"Ber\u00e4knad l\u00e4stid\" \/>\n\t<meta name=\"twitter:data2\" content=\"2 minuter\" \/>\n<script type=\"application\/ld+json\" class=\"yoast-schema-graph\">{\"@context\":\"https:\/\/schema.org\",\"@graph\":[{\"@type\":\"Article\",\"@id\":\"https:\/\/blogg.svenskakyrkan.se\/vandravagen\/2021\/06\/27\/10-blandade-tankar-pa-sondagen-66\/#article\",\"isPartOf\":{\"@id\":\"https:\/\/blogg.svenskakyrkan.se\/vandravagen\/2021\/06\/27\/10-blandade-tankar-pa-sondagen-66\/\"},\"author\":{\"name\":\"Tomas Jarvid\",\"@id\":\"https:\/\/blogg.svenskakyrkan.se\/vandravagen\/#\/schema\/person\/25da02d4f76b137d04291711e2c9fc16\"},\"headline\":\"10 blandade tankar p\u00e5 s\u00f6ndagen\",\"datePublished\":\"2021-06-27T05:00:00+00:00\",\"mainEntityOfPage\":{\"@id\":\"https:\/\/blogg.svenskakyrkan.se\/vandravagen\/2021\/06\/27\/10-blandade-tankar-pa-sondagen-66\/\"},\"wordCount\":389,\"commentCount\":4,\"publisher\":{\"@id\":\"https:\/\/blogg.svenskakyrkan.se\/vandravagen\/#organization\"},\"image\":{\"@id\":\"https:\/\/blogg.svenskakyrkan.se\/vandravagen\/2021\/06\/27\/10-blandade-tankar-pa-sondagen-66\/#primaryimage\"},\"thumbnailUrl\":\"https:\/\/blogg.svenskakyrkan.se\/vandravagen\/files\/2021\/06\/IMG_8785.jpg\",\"inLanguage\":\"sv-SE\",\"potentialAction\":[{\"@type\":\"CommentAction\",\"name\":\"Comment\",\"target\":[\"https:\/\/blogg.svenskakyrkan.se\/vandravagen\/2021\/06\/27\/10-blandade-tankar-pa-sondagen-66\/#respond\"]}]},{\"@type\":\"WebPage\",\"@id\":\"https:\/\/blogg.svenskakyrkan.se\/vandravagen\/2021\/06\/27\/10-blandade-tankar-pa-sondagen-66\/\",\"url\":\"https:\/\/blogg.svenskakyrkan.se\/vandravagen\/2021\/06\/27\/10-blandade-tankar-pa-sondagen-66\/\",\"name\":\"10 blandade tankar p\u00e5 s\u00f6ndagen - Vandra V\u00e4gen\",\"isPartOf\":{\"@id\":\"https:\/\/blogg.svenskakyrkan.se\/vandravagen\/#website\"},\"primaryImageOfPage\":{\"@id\":\"https:\/\/blogg.svenskakyrkan.se\/vandravagen\/2021\/06\/27\/10-blandade-tankar-pa-sondagen-66\/#primaryimage\"},\"image\":{\"@id\":\"https:\/\/blogg.svenskakyrkan.se\/vandravagen\/2021\/06\/27\/10-blandade-tankar-pa-sondagen-66\/#primaryimage\"},\"thumbnailUrl\":\"https:\/\/blogg.svenskakyrkan.se\/vandravagen\/files\/2021\/06\/IMG_8785.jpg\",\"datePublished\":\"2021-06-27T05:00:00+00:00\",\"breadcrumb\":{\"@id\":\"https:\/\/blogg.svenskakyrkan.se\/vandravagen\/2021\/06\/27\/10-blandade-tankar-pa-sondagen-66\/#breadcrumb\"},\"inLanguage\":\"sv-SE\",\"potentialAction\":[{\"@type\":\"ReadAction\",\"target\":[\"https:\/\/blogg.svenskakyrkan.se\/vandravagen\/2021\/06\/27\/10-blandade-tankar-pa-sondagen-66\/\"]}]},{\"@type\":\"ImageObject\",\"inLanguage\":\"sv-SE\",\"@id\":\"https:\/\/blogg.svenskakyrkan.se\/vandravagen\/2021\/06\/27\/10-blandade-tankar-pa-sondagen-66\/#primaryimage\",\"url\":\"https:\/\/blogg.svenskakyrkan.se\/vandravagen\/files\/2021\/06\/IMG_8785.jpg\",\"contentUrl\":\"https:\/\/blogg.svenskakyrkan.se\/vandravagen\/files\/2021\/06\/IMG_8785.jpg\",\"width\":1123,\"height\":1280},{\"@type\":\"BreadcrumbList\",\"@id\":\"https:\/\/blogg.svenskakyrkan.se\/vandravagen\/2021\/06\/27\/10-blandade-tankar-pa-sondagen-66\/#breadcrumb\",\"itemListElement\":[{\"@type\":\"ListItem\",\"position\":1,\"name\":\"Hem\",\"item\":\"https:\/\/blogg.svenskakyrkan.se\/vandravagen\/\"},{\"@type\":\"ListItem\",\"position\":2,\"name\":\"10 blandade tankar p\u00e5 s\u00f6ndagen\"}]},{\"@type\":\"WebSite\",\"@id\":\"https:\/\/blogg.svenskakyrkan.se\/vandravagen\/#website\",\"url\":\"https:\/\/blogg.svenskakyrkan.se\/vandravagen\/\",\"name\":\"Vandra V\u00e4gen\",\"description\":\"-Mot en tro f\u00f6r hela livet\",\"publisher\":{\"@id\":\"https:\/\/blogg.svenskakyrkan.se\/vandravagen\/#organization\"},\"potentialAction\":[{\"@type\":\"SearchAction\",\"target\":{\"@type\":\"EntryPoint\",\"urlTemplate\":\"https:\/\/blogg.svenskakyrkan.se\/vandravagen\/?s={search_term_string}\"},\"query-input\":{\"@type\":\"PropertyValueSpecification\",\"valueRequired\":true,\"valueName\":\"search_term_string\"}}],\"inLanguage\":\"sv-SE\"},{\"@type\":\"Organization\",\"@id\":\"https:\/\/blogg.svenskakyrkan.se\/vandravagen\/#organization\",\"name\":\"ulricehamns pastorat\",\"alternateName\":\"ulricehamns pastorat\",\"url\":\"https:\/\/blogg.svenskakyrkan.se\/vandravagen\/\",\"logo\":{\"@type\":\"ImageObject\",\"inLanguage\":\"sv-SE\",\"@id\":\"https:\/\/blogg.svenskakyrkan.se\/vandravagen\/#\/schema\/logo\/image\/\",\"url\":\"https:\/\/blogg.svenskakyrkan.se\/vandravagen\/files\/2023\/05\/Ulr_logo_RGB.png\",\"contentUrl\":\"https:\/\/blogg.svenskakyrkan.se\/vandravagen\/files\/2023\/05\/Ulr_logo_RGB.png\",\"width\":205,\"height\":77,\"caption\":\"ulricehamns pastorat\"},\"image\":{\"@id\":\"https:\/\/blogg.svenskakyrkan.se\/vandravagen\/#\/schema\/logo\/image\/\"},\"sameAs\":[\"http:\/\/facebook.com\/vandravagen\",\"https:\/\/x.com\/fadertomas\",\"http:\/\/www.facebook.com\/svenskakyrkaniulricehamn\"]},{\"@type\":\"Person\",\"@id\":\"https:\/\/blogg.svenskakyrkan.se\/vandravagen\/#\/schema\/person\/25da02d4f76b137d04291711e2c9fc16\",\"name\":\"Tomas Jarvid\",\"image\":{\"@type\":\"ImageObject\",\"inLanguage\":\"sv-SE\",\"@id\":\"https:\/\/blogg.svenskakyrkan.se\/vandravagen\/#\/schema\/person\/image\/\",\"url\":\"https:\/\/secure.gravatar.com\/avatar\/7fa71899795e8f540f615a1f5ab25255dc27aa40f05ee7ddd21aac521e01bf50?s=96&d=identicon&r=g\",\"contentUrl\":\"https:\/\/secure.gravatar.com\/avatar\/7fa71899795e8f540f615a1f5ab25255dc27aa40f05ee7ddd21aac521e01bf50?s=96&d=identicon&r=g\",\"caption\":\"Tomas Jarvid\"},\"description\":\"Jag bor i Ulricehamn i V\u00e4sterg\u00f6tland och \u00e4r f\u00f6rsamlingspr\u00e4st i Svenska Kyrkan f\u00f6r Dalstorps f\u00f6rsamling i Kinds pastorat. P\u00e5 den h\u00e4r bloggen skriver jag ner tankar om vandringen som kristen.\",\"sameAs\":[\"http:\/\/www.vandravagen.se\"],\"url\":\"https:\/\/blogg.svenskakyrkan.se\/vandravagen\/author\/vandravagen\/\"}]}<\/script>\n<!-- \/ Yoast SEO plugin. -->","yoast_head_json":{"title":"10 blandade tankar p\u00e5 s\u00f6ndagen - Vandra V\u00e4gen","robots":{"index":"index","follow":"follow","max-snippet":"max-snippet:-1","max-image-preview":"max-image-preview:large","max-video-preview":"max-video-preview:-1"},"canonical":"https:\/\/blogg.svenskakyrkan.se\/vandravagen\/2021\/06\/27\/10-blandade-tankar-pa-sondagen-66\/","og_locale":"sv_SE","og_type":"article","og_title":"10 blandade tankar p\u00e5 s\u00f6ndagen - Vandra V\u00e4gen","og_description":"Glad s\u00f6ndag och glad midsommar k\u00e4ra l\u00e4sare! Midsommarhelgen \u00e4r en ganska konstig helg tycker jag och det \u00e4r ju som det \u00e4r att stora helger \u00e4r ganska dubbelbottnade f\u00f6r m\u00e5nga. F\u00f6r mig tror jag faktiskt att det blir tydligare med mycket s\u00e5dant n\u00e4r helgen liksom inte har n\u00e5gon plats i kyrko\u00e5ret. Annars kan man ju [&hellip;]","og_url":"https:\/\/blogg.svenskakyrkan.se\/vandravagen\/2021\/06\/27\/10-blandade-tankar-pa-sondagen-66\/","og_site_name":"Vandra V\u00e4gen","article_publisher":"http:\/\/facebook.com\/vandravagen","article_published_time":"2021-06-27T05:00:00+00:00","og_image":[{"width":1123,"height":1280,"url":"https:\/\/blogg.svenskakyrkan.se\/vandravagen\/files\/2021\/06\/IMG_8785.jpg","type":"image\/jpeg"}],"author":"Tomas Jarvid","twitter_card":"summary_large_image","twitter_creator":"@fadertomas","twitter_site":"@fadertomas","twitter_misc":{"Skriven av":"Tomas Jarvid","Ber\u00e4knad l\u00e4stid":"2 minuter"},"schema":{"@context":"https:\/\/schema.org","@graph":[{"@type":"Article","@id":"https:\/\/blogg.svenskakyrkan.se\/vandravagen\/2021\/06\/27\/10-blandade-tankar-pa-sondagen-66\/#article","isPartOf":{"@id":"https:\/\/blogg.svenskakyrkan.se\/vandravagen\/2021\/06\/27\/10-blandade-tankar-pa-sondagen-66\/"},"author":{"name":"Tomas Jarvid","@id":"https:\/\/blogg.svenskakyrkan.se\/vandravagen\/#\/schema\/person\/25da02d4f76b137d04291711e2c9fc16"},"headline":"10 blandade tankar p\u00e5 s\u00f6ndagen","datePublished":"2021-06-27T05:00:00+00:00","mainEntityOfPage":{"@id":"https:\/\/blogg.svenskakyrkan.se\/vandravagen\/2021\/06\/27\/10-blandade-tankar-pa-sondagen-66\/"},"wordCount":389,"commentCount":4,"publisher":{"@id":"https:\/\/blogg.svenskakyrkan.se\/vandravagen\/#organization"},"image":{"@id":"https:\/\/blogg.svenskakyrkan.se\/vandravagen\/2021\/06\/27\/10-blandade-tankar-pa-sondagen-66\/#primaryimage"},"thumbnailUrl":"https:\/\/blogg.svenskakyrkan.se\/vandravagen\/files\/2021\/06\/IMG_8785.jpg","inLanguage":"sv-SE","potentialAction":[{"@type":"CommentAction","name":"Comment","target":["https:\/\/blogg.svenskakyrkan.se\/vandravagen\/2021\/06\/27\/10-blandade-tankar-pa-sondagen-66\/#respond"]}]},{"@type":"WebPage","@id":"https:\/\/blogg.svenskakyrkan.se\/vandravagen\/2021\/06\/27\/10-blandade-tankar-pa-sondagen-66\/","url":"https:\/\/blogg.svenskakyrkan.se\/vandravagen\/2021\/06\/27\/10-blandade-tankar-pa-sondagen-66\/","name":"10 blandade tankar p\u00e5 s\u00f6ndagen - Vandra V\u00e4gen","isPartOf":{"@id":"https:\/\/blogg.svenskakyrkan.se\/vandravagen\/#website"},"primaryImageOfPage":{"@id":"https:\/\/blogg.svenskakyrkan.se\/vandravagen\/2021\/06\/27\/10-blandade-tankar-pa-sondagen-66\/#primaryimage"},"image":{"@id":"https:\/\/blogg.svenskakyrkan.se\/vandravagen\/2021\/06\/27\/10-blandade-tankar-pa-sondagen-66\/#primaryimage"},"thumbnailUrl":"https:\/\/blogg.svenskakyrkan.se\/vandravagen\/files\/2021\/06\/IMG_8785.jpg","datePublished":"2021-06-27T05:00:00+00:00","breadcrumb":{"@id":"https:\/\/blogg.svenskakyrkan.se\/vandravagen\/2021\/06\/27\/10-blandade-tankar-pa-sondagen-66\/#breadcrumb"},"inLanguage":"sv-SE","potentialAction":[{"@type":"ReadAction","target":["https:\/\/blogg.svenskakyrkan.se\/vandravagen\/2021\/06\/27\/10-blandade-tankar-pa-sondagen-66\/"]}]},{"@type":"ImageObject","inLanguage":"sv-SE","@id":"https:\/\/blogg.svenskakyrkan.se\/vandravagen\/2021\/06\/27\/10-blandade-tankar-pa-sondagen-66\/#primaryimage","url":"https:\/\/blogg.svenskakyrkan.se\/vandravagen\/files\/2021\/06\/IMG_8785.jpg","contentUrl":"https:\/\/blogg.svenskakyrkan.se\/vandravagen\/files\/2021\/06\/IMG_8785.jpg","width":1123,"height":1280},{"@type":"BreadcrumbList","@id":"https:\/\/blogg.svenskakyrkan.se\/vandravagen\/2021\/06\/27\/10-blandade-tankar-pa-sondagen-66\/#breadcrumb","itemListElement":[{"@type":"ListItem","position":1,"name":"Hem","item":"https:\/\/blogg.svenskakyrkan.se\/vandravagen\/"},{"@type":"ListItem","position":2,"name":"10 blandade tankar p\u00e5 s\u00f6ndagen"}]},{"@type":"WebSite","@id":"https:\/\/blogg.svenskakyrkan.se\/vandravagen\/#website","url":"https:\/\/blogg.svenskakyrkan.se\/vandravagen\/","name":"Vandra V\u00e4gen","description":"-Mot en tro f\u00f6r hela livet","publisher":{"@id":"https:\/\/blogg.svenskakyrkan.se\/vandravagen\/#organization"},"potentialAction":[{"@type":"SearchAction","target":{"@type":"EntryPoint","urlTemplate":"https:\/\/blogg.svenskakyrkan.se\/vandravagen\/?s={search_term_string}"},"query-input":{"@type":"PropertyValueSpecification","valueRequired":true,"valueName":"search_term_string"}}],"inLanguage":"sv-SE"},{"@type":"Organization","@id":"https:\/\/blogg.svenskakyrkan.se\/vandravagen\/#organization","name":"ulricehamns pastorat","alternateName":"ulricehamns pastorat","url":"https:\/\/blogg.svenskakyrkan.se\/vandravagen\/","logo":{"@type":"ImageObject","inLanguage":"sv-SE","@id":"https:\/\/blogg.svenskakyrkan.se\/vandravagen\/#\/schema\/logo\/image\/","url":"https:\/\/blogg.svenskakyrkan.se\/vandravagen\/files\/2023\/05\/Ulr_logo_RGB.png","contentUrl":"https:\/\/blogg.svenskakyrkan.se\/vandravagen\/files\/2023\/05\/Ulr_logo_RGB.png","width":205,"height":77,"caption":"ulricehamns pastorat"},"image":{"@id":"https:\/\/blogg.svenskakyrkan.se\/vandravagen\/#\/schema\/logo\/image\/"},"sameAs":["http:\/\/facebook.com\/vandravagen","https:\/\/x.com\/fadertomas","http:\/\/www.facebook.com\/svenskakyrkaniulricehamn"]},{"@type":"Person","@id":"https:\/\/blogg.svenskakyrkan.se\/vandravagen\/#\/schema\/person\/25da02d4f76b137d04291711e2c9fc16","name":"Tomas Jarvid","image":{"@type":"ImageObject","inLanguage":"sv-SE","@id":"https:\/\/blogg.svenskakyrkan.se\/vandravagen\/#\/schema\/person\/image\/","url":"https:\/\/secure.gravatar.com\/avatar\/7fa71899795e8f540f615a1f5ab25255dc27aa40f05ee7ddd21aac521e01bf50?s=96&d=identicon&r=g","contentUrl":"https:\/\/secure.gravatar.com\/avatar\/7fa71899795e8f540f615a1f5ab25255dc27aa40f05ee7ddd21aac521e01bf50?s=96&d=identicon&r=g","caption":"Tomas Jarvid"},"description":"Jag bor i Ulricehamn i V\u00e4sterg\u00f6tland och \u00e4r f\u00f6rsamlingspr\u00e4st i Svenska Kyrkan f\u00f6r Dalstorps f\u00f6rsamling i Kinds pastorat. P\u00e5 den h\u00e4r bloggen skriver jag ner tankar om vandringen som kristen.","sameAs":["http:\/\/www.vandravagen.se"],"url":"https:\/\/blogg.svenskakyrkan.se\/vandravagen\/author\/vandravagen\/"}]}},"author_meta":{"ID":"392","user_nicename":"vandravagen","user_url":"http:\/\/www.vandravagen.se","user_registered":"2014-05-19 05:44:52","display_name":"Tomas Jarvid","first_name":"Tomas","last_name":"Jarvid","avatar":"https:\/\/secure.gravatar.com\/avatar\/7fa71899795e8f540f615a1f5ab25255dc27aa40f05ee7ddd21aac521e01bf50?s=96&d=identicon&r=g"},"featured_image":["https:\/\/blogg.svenskakyrkan.se\/vandravagen\/files\/2021\/06\/IMG_8785-1024x1167.jpg",1024,1167,true],"bloginfo":{"name":"Vandra V\u00e4gen","url":"https:\/\/blogg.svenskakyrkan.se\/vandravagen"},"_links":{"self":[{"href":"https:\/\/blogg.svenskakyrkan.se\/vandravagen\/wp-json\/wp\/v2\/posts\/8596","targetHints":{"allow":["GET"]}}],"collection":[{"href":"https:\/\/blogg.svenskakyrkan.se\/vandravagen\/wp-json\/wp\/v2\/posts"}],"about":[{"href":"https:\/\/blogg.svenskakyrkan.se\/vandravagen\/wp-json\/wp\/v2\/types\/post"}],"author":[{"embeddable":true,"href":"https:\/\/blogg.svenskakyrkan.se\/vandravagen\/wp-json\/wp\/v2\/users\/392"}],"replies":[{"embeddable":true,"href":"https:\/\/blogg.svenskakyrkan.se\/vandravagen\/wp-json\/wp\/v2\/comments?post=8596"}],"version-history":[{"count":1,"href":"https:\/\/blogg.svenskakyrkan.se\/vandravagen\/wp-json\/wp\/v2\/posts\/8596\/revisions"}],"predecessor-version":[{"id":8598,"href":"https:\/\/blogg.svenskakyrkan.se\/vandravagen\/wp-json\/wp\/v2\/posts\/8596\/revisions\/8598"}],"wp:featuredmedia":[{"embeddable":true,"href":"https:\/\/blogg.svenskakyrkan.se\/vandravagen\/wp-json\/wp\/v2\/media\/8597"}],"wp:attachment":[{"href":"https:\/\/blogg.svenskakyrkan.se\/vandravagen\/wp-json\/wp\/v2\/media?parent=8596"}],"wp:term":[{"taxonomy":"category","embeddable":true,"href":"https:\/\/blogg.svenskakyrkan.se\/vandravagen\/wp-json\/wp\/v2\/categories?post=8596"},{"taxonomy":"post_tag","embeddable":true,"href":"https:\/\/blogg.svenskakyrkan.se\/vandravagen\/wp-json\/wp\/v2\/tags?post=8596"}],"curies":[{"name":"wp","href":"https:\/\/api.w.org\/{rel}","templated":true}]}}