{"id":861,"date":"2012-11-21T17:18:00","date_gmt":"2012-11-21T16:18:00","guid":{"rendered":"http:\/\/blogg.svenskakyrkan.se\/vandravagen\/2012\/11\/21\/nar-jag-langtade-efter-guds-dom\/"},"modified":"2012-11-21T17:18:00","modified_gmt":"2012-11-21T16:18:00","slug":"nar-jag-langtade-efter-guds-dom","status":"publish","type":"post","link":"https:\/\/blogg.svenskakyrkan.se\/vandravagen\/2012\/11\/21\/nar-jag-langtade-efter-guds-dom\/","title":{"rendered":"N\u00e4r jag l\u00e4ngtade efter Guds dom"},"content":{"rendered":"<table align=\"center\" cellpadding=\"0\" cellspacing=\"0\">\n<tbody>\n<tr>\n<td><a href=\"http:\/\/3.bp.blogspot.com\/-Ek3IEyYgSpU\/UKzHS7BTbJI\/AAAAAAAABFk\/rG7Hm02u-AQ\/s1600\/IMG_0074.JPG\"><img loading=\"lazy\" decoding=\"async\" border=\"0\" height=\"300\" src=\"http:\/\/3.bp.blogspot.com\/-Ek3IEyYgSpU\/UKzHS7BTbJI\/AAAAAAAABFk\/rG7Hm02u-AQ\/s400\/IMG_0074.JPG\" width=\"400\"><\/a><\/td>\n<\/tr>\n<tr>\n<td>M\u00e4nniskor som bor kring j\u00e4rnv\u00e4gssp\u00e5ren<\/td>\n<\/tr>\n<\/tbody>\n<\/table>\n<p>Jag skrev h\u00e4romdagen, i en av mina hittills mest l\u00e4sta bloggposter, om doms\u00f6ndagen: &#8221;<a href=\"http:\/\/vagenixp.blogspot.se\/2012\/11\/vem-vill-inte-tro-pa-en-gud-som-domer.html\">Vem vill INTE tro p\u00e5 en Gud som d\u00f6mer<\/a>&#8221;. Nu vill jag dela en upplevelse som lett mig in p\u00e5 de tankarna.<\/p>\n<p>F\u00f6r n\u00e5gra \u00e5r sedan var jag stipendiat p\u00e5 Filippinerna genom Svenska Kyrkans utbytesprogram (samma som ni l\u00e4st <a href=\"http:\/\/vagenixp.blogspot.se\/2012\/10\/ida-berggren-i-nagon-annans-vardag.html\">Ida Berggrens upplevelser<\/a> fr\u00e5n h\u00e4r p\u00e5 bloggen). D\u00e4r fick jag m\u00f6ta mycket som f\u00f6r\u00e4ndrade min syn p\u00e5 tillvaron. M\u00f6tet med filippinarna var fantastiskt genom deras stora m\u00e4nskliga v\u00e4rme men det gjorde ocks\u00e5 ont att se hur illa st\u00e4llt det var i landet. M\u00e4nniskor p\u00e5 landet var fattiga, m\u00e4nniskor som chansat p\u00e5 att flytta till staden var ofta \u00e4nnu fattigare och bodde i usla kojor. Staten var och \u00e4r fruktansv\u00e4rt korrupt och styrs av de gamla rikemanssl\u00e4kterna och milit\u00e4ren som berikar sig sj\u00e4lva.<\/p>\n<p>P\u00e5 n\u00e4tterna kunde jag ligga och t\u00e4nka p\u00e5 allt jag sett under dagen. Ofta hade jag sj\u00e4lv f\u00e5tt bo s\u00e5 fint det bara var m\u00f6jligt eftersom jag var g\u00e4st, men jag visste ju ocks\u00e5 att n\u00e4r jag l\u00e4mnade de utsatta m\u00e4nniskor jag bes\u00f6kt s\u00e5 var det en m\u00f6jlighet som de inte hade. De var fast i sin h\u00e5rda vardag som jag h\u00e4lsade p\u00e5 i f\u00f6r en kort stund. Hur m\u00e5nga s\u00e5lde sin kropp den h\u00e4r natten? Hur m\u00e5nga barn somnade hungriga och undern\u00e4rda?<\/p>\n<p>Och egentligen \u00e4r Filippinerna ett s\u00e5 rikt land. S\u00e5 m\u00e5nga naturtillg\u00e5ngar och en s\u00e5 vacker natur, och s\u00e5 kommer de pengarna inte m\u00e5nga till del.<\/p>\n<p>D\u00e5 kunde jag ofta ligga p\u00e5 n\u00e4tterna och be: -Kom snart tillbaka, Herre, och skipa r\u00e4tt p\u00e5 jorden. St\u00e4ll og\u00e4rningsm\u00e4nnen till svars f\u00f6r s\u00e5 h\u00e4r kan det inte f\u00e5 vara. Det \u00e4r helt oacceptabelt i mina \u00f6gon, hur mycket mer borde det inte vara det i dina?<\/p>\n<p>Jag ins\u00e5g att jag sj\u00e4lv var en liten kugge i det globala systemet jag ocks\u00e5, men r\u00e4dslan \u00f6ver min egen delaktighet i v\u00e4rldens ondska blev f\u00f6r en stund \u00f6verskuggad av den stora vreden och l\u00e4ngtan efter r\u00e4ttvisa f\u00f6r alla.<\/p>\n<p>De h\u00e4r k\u00e4nslorna var jag f\u00f6rst\u00e5s inte f\u00f6rst med. Psaltaren \u00e4r full av klagopsalmer och ordvalen \u00e4r ofta skr\u00e4mmande tuffa. I den femte psalmen st\u00e5r det:<\/p>\n<\/p>\n<div>\n<div><span>2<\/span>Lyssna p\u00e5 mig, Herre, h\u00f6r mina suckar!<\/div>\n<div><span>3<\/span>Ge akt p\u00e5 mitt rop, min konung och Gud,<\/div>\n<div>till dig g\u00e5r min b\u00f6n.<\/div>\n<div><span>4<\/span>Herre, om morgonen skall du h\u00f6ra min r\u00f6st,<\/div>\n<div>d\u00e5 bereder jag mitt offer och v\u00e4ntar.<\/div>\n<\/div>\n<div>\n<div><span>5<\/span>Du \u00e4r inte en Gud som kan t\u00e5la brott,<\/div>\n<div>ingen ond f\u00e5r bo hos dig.<\/div>\n<div><span>6<\/span>De \u00f6vermodiga skall skygga f\u00f6r din blick,<\/div>\n<div>du hatar alla og\u00e4rningsm\u00e4n.<\/div>\n<div><span>7<\/span>Du f\u00f6rg\u00f6r l\u00f6gnarna, Herre,<\/div>\n<div>m\u00f6rdare och bedragare avskyr du. (bibel 2000)<\/div>\n<\/div>\n","protected":false},"excerpt":{"rendered":"<p>M\u00e4nniskor som bor kring j\u00e4rnv\u00e4gssp\u00e5ren Jag skrev h\u00e4romdagen, i en av mina hittills mest l\u00e4sta bloggposter, om doms\u00f6ndagen: &#8221;Vem vill INTE tro p\u00e5 en Gud som d\u00f6mer&#8221;. Nu vill jag dela en upplevelse som lett mig in p\u00e5 de tankarna. F\u00f6r n\u00e5gra \u00e5r sedan var jag stipendiat p\u00e5 Filippinerna genom Svenska Kyrkans utbytesprogram (samma som [&hellip;]<\/p>\n","protected":false},"author":392,"featured_media":0,"comment_status":"open","ping_status":"open","sticky":false,"template":"","format":"standard","meta":{"_acf_changed":false,"footnotes":""},"categories":[14252,8252],"tags":[],"class_list":["post-861","post","type-post","status-publish","format-standard","hentry","category-bibel","category-kyrkoaret"],"acf":[],"yoast_head":"<!-- This site is optimized with the Yoast SEO plugin v27.1.1 - https:\/\/yoast.com\/product\/yoast-seo-wordpress\/ -->\n<title>N\u00e4r jag l\u00e4ngtade efter Guds dom - Vandra V\u00e4gen<\/title>\n<meta name=\"robots\" content=\"index, follow, max-snippet:-1, max-image-preview:large, max-video-preview:-1\" \/>\n<link rel=\"canonical\" href=\"https:\/\/blogg.svenskakyrkan.se\/vandravagen\/2012\/11\/21\/nar-jag-langtade-efter-guds-dom\/\" \/>\n<meta property=\"og:locale\" content=\"sv_SE\" \/>\n<meta property=\"og:type\" content=\"article\" \/>\n<meta property=\"og:title\" content=\"N\u00e4r jag l\u00e4ngtade efter Guds dom - Vandra V\u00e4gen\" \/>\n<meta property=\"og:description\" content=\"M\u00e4nniskor som bor kring j\u00e4rnv\u00e4gssp\u00e5ren Jag skrev h\u00e4romdagen, i en av mina hittills mest l\u00e4sta bloggposter, om doms\u00f6ndagen: &#8221;Vem vill INTE tro p\u00e5 en Gud som d\u00f6mer&#8221;. Nu vill jag dela en upplevelse som lett mig in p\u00e5 de tankarna. F\u00f6r n\u00e5gra \u00e5r sedan var jag stipendiat p\u00e5 Filippinerna genom Svenska Kyrkans utbytesprogram (samma som [&hellip;]\" \/>\n<meta property=\"og:url\" content=\"https:\/\/blogg.svenskakyrkan.se\/vandravagen\/2012\/11\/21\/nar-jag-langtade-efter-guds-dom\/\" \/>\n<meta property=\"og:site_name\" content=\"Vandra V\u00e4gen\" \/>\n<meta property=\"article:publisher\" content=\"http:\/\/facebook.com\/vandravagen\" \/>\n<meta property=\"article:published_time\" content=\"2012-11-21T16:18:00+00:00\" \/>\n<meta property=\"og:image\" content=\"http:\/\/3.bp.blogspot.com\/-Ek3IEyYgSpU\/UKzHS7BTbJI\/AAAAAAAABFk\/rG7Hm02u-AQ\/s400\/IMG_0074.JPG\" \/>\n<meta name=\"author\" content=\"Tomas Jarvid\" \/>\n<meta name=\"twitter:card\" content=\"summary_large_image\" \/>\n<meta name=\"twitter:creator\" content=\"@fadertomas\" \/>\n<meta name=\"twitter:site\" content=\"@fadertomas\" \/>\n<meta name=\"twitter:label1\" content=\"Skriven av\" \/>\n\t<meta name=\"twitter:data1\" content=\"Tomas Jarvid\" \/>\n\t<meta name=\"twitter:label2\" content=\"Ber\u00e4knad l\u00e4stid\" \/>\n\t<meta name=\"twitter:data2\" content=\"3 minuter\" \/>\n<script type=\"application\/ld+json\" class=\"yoast-schema-graph\">{\"@context\":\"https:\/\/schema.org\",\"@graph\":[{\"@type\":\"Article\",\"@id\":\"https:\/\/blogg.svenskakyrkan.se\/vandravagen\/2012\/11\/21\/nar-jag-langtade-efter-guds-dom\/#article\",\"isPartOf\":{\"@id\":\"https:\/\/blogg.svenskakyrkan.se\/vandravagen\/2012\/11\/21\/nar-jag-langtade-efter-guds-dom\/\"},\"author\":{\"name\":\"Tomas Jarvid\",\"@id\":\"https:\/\/blogg.svenskakyrkan.se\/vandravagen\/#\/schema\/person\/25da02d4f76b137d04291711e2c9fc16\"},\"headline\":\"N\u00e4r jag l\u00e4ngtade efter Guds dom\",\"datePublished\":\"2012-11-21T16:18:00+00:00\",\"mainEntityOfPage\":{\"@id\":\"https:\/\/blogg.svenskakyrkan.se\/vandravagen\/2012\/11\/21\/nar-jag-langtade-efter-guds-dom\/\"},\"wordCount\":525,\"commentCount\":0,\"publisher\":{\"@id\":\"https:\/\/blogg.svenskakyrkan.se\/vandravagen\/#organization\"},\"image\":{\"@id\":\"https:\/\/blogg.svenskakyrkan.se\/vandravagen\/2012\/11\/21\/nar-jag-langtade-efter-guds-dom\/#primaryimage\"},\"thumbnailUrl\":\"http:\/\/3.bp.blogspot.com\/-Ek3IEyYgSpU\/UKzHS7BTbJI\/AAAAAAAABFk\/rG7Hm02u-AQ\/s400\/IMG_0074.JPG\",\"articleSection\":[\"bibel\",\"kyrko\u00e5ret\"],\"inLanguage\":\"sv-SE\",\"potentialAction\":[{\"@type\":\"CommentAction\",\"name\":\"Comment\",\"target\":[\"https:\/\/blogg.svenskakyrkan.se\/vandravagen\/2012\/11\/21\/nar-jag-langtade-efter-guds-dom\/#respond\"]}]},{\"@type\":\"WebPage\",\"@id\":\"https:\/\/blogg.svenskakyrkan.se\/vandravagen\/2012\/11\/21\/nar-jag-langtade-efter-guds-dom\/\",\"url\":\"https:\/\/blogg.svenskakyrkan.se\/vandravagen\/2012\/11\/21\/nar-jag-langtade-efter-guds-dom\/\",\"name\":\"N\u00e4r jag l\u00e4ngtade efter Guds dom - Vandra V\u00e4gen\",\"isPartOf\":{\"@id\":\"https:\/\/blogg.svenskakyrkan.se\/vandravagen\/#website\"},\"primaryImageOfPage\":{\"@id\":\"https:\/\/blogg.svenskakyrkan.se\/vandravagen\/2012\/11\/21\/nar-jag-langtade-efter-guds-dom\/#primaryimage\"},\"image\":{\"@id\":\"https:\/\/blogg.svenskakyrkan.se\/vandravagen\/2012\/11\/21\/nar-jag-langtade-efter-guds-dom\/#primaryimage\"},\"thumbnailUrl\":\"http:\/\/3.bp.blogspot.com\/-Ek3IEyYgSpU\/UKzHS7BTbJI\/AAAAAAAABFk\/rG7Hm02u-AQ\/s400\/IMG_0074.JPG\",\"datePublished\":\"2012-11-21T16:18:00+00:00\",\"breadcrumb\":{\"@id\":\"https:\/\/blogg.svenskakyrkan.se\/vandravagen\/2012\/11\/21\/nar-jag-langtade-efter-guds-dom\/#breadcrumb\"},\"inLanguage\":\"sv-SE\",\"potentialAction\":[{\"@type\":\"ReadAction\",\"target\":[\"https:\/\/blogg.svenskakyrkan.se\/vandravagen\/2012\/11\/21\/nar-jag-langtade-efter-guds-dom\/\"]}]},{\"@type\":\"ImageObject\",\"inLanguage\":\"sv-SE\",\"@id\":\"https:\/\/blogg.svenskakyrkan.se\/vandravagen\/2012\/11\/21\/nar-jag-langtade-efter-guds-dom\/#primaryimage\",\"url\":\"http:\/\/3.bp.blogspot.com\/-Ek3IEyYgSpU\/UKzHS7BTbJI\/AAAAAAAABFk\/rG7Hm02u-AQ\/s400\/IMG_0074.JPG\",\"contentUrl\":\"http:\/\/3.bp.blogspot.com\/-Ek3IEyYgSpU\/UKzHS7BTbJI\/AAAAAAAABFk\/rG7Hm02u-AQ\/s400\/IMG_0074.JPG\"},{\"@type\":\"BreadcrumbList\",\"@id\":\"https:\/\/blogg.svenskakyrkan.se\/vandravagen\/2012\/11\/21\/nar-jag-langtade-efter-guds-dom\/#breadcrumb\",\"itemListElement\":[{\"@type\":\"ListItem\",\"position\":1,\"name\":\"Hem\",\"item\":\"https:\/\/blogg.svenskakyrkan.se\/vandravagen\/\"},{\"@type\":\"ListItem\",\"position\":2,\"name\":\"N\u00e4r jag l\u00e4ngtade efter Guds dom\"}]},{\"@type\":\"WebSite\",\"@id\":\"https:\/\/blogg.svenskakyrkan.se\/vandravagen\/#website\",\"url\":\"https:\/\/blogg.svenskakyrkan.se\/vandravagen\/\",\"name\":\"Vandra V\u00e4gen\",\"description\":\"-Mot en tro f\u00f6r hela livet\",\"publisher\":{\"@id\":\"https:\/\/blogg.svenskakyrkan.se\/vandravagen\/#organization\"},\"potentialAction\":[{\"@type\":\"SearchAction\",\"target\":{\"@type\":\"EntryPoint\",\"urlTemplate\":\"https:\/\/blogg.svenskakyrkan.se\/vandravagen\/?s={search_term_string}\"},\"query-input\":{\"@type\":\"PropertyValueSpecification\",\"valueRequired\":true,\"valueName\":\"search_term_string\"}}],\"inLanguage\":\"sv-SE\"},{\"@type\":\"Organization\",\"@id\":\"https:\/\/blogg.svenskakyrkan.se\/vandravagen\/#organization\",\"name\":\"ulricehamns pastorat\",\"alternateName\":\"ulricehamns pastorat\",\"url\":\"https:\/\/blogg.svenskakyrkan.se\/vandravagen\/\",\"logo\":{\"@type\":\"ImageObject\",\"inLanguage\":\"sv-SE\",\"@id\":\"https:\/\/blogg.svenskakyrkan.se\/vandravagen\/#\/schema\/logo\/image\/\",\"url\":\"https:\/\/blogg.svenskakyrkan.se\/vandravagen\/files\/2023\/05\/Ulr_logo_RGB.png\",\"contentUrl\":\"https:\/\/blogg.svenskakyrkan.se\/vandravagen\/files\/2023\/05\/Ulr_logo_RGB.png\",\"width\":205,\"height\":77,\"caption\":\"ulricehamns pastorat\"},\"image\":{\"@id\":\"https:\/\/blogg.svenskakyrkan.se\/vandravagen\/#\/schema\/logo\/image\/\"},\"sameAs\":[\"http:\/\/facebook.com\/vandravagen\",\"https:\/\/x.com\/fadertomas\",\"http:\/\/www.facebook.com\/svenskakyrkaniulricehamn\"]},{\"@type\":\"Person\",\"@id\":\"https:\/\/blogg.svenskakyrkan.se\/vandravagen\/#\/schema\/person\/25da02d4f76b137d04291711e2c9fc16\",\"name\":\"Tomas Jarvid\",\"image\":{\"@type\":\"ImageObject\",\"inLanguage\":\"sv-SE\",\"@id\":\"https:\/\/blogg.svenskakyrkan.se\/vandravagen\/#\/schema\/person\/image\/\",\"url\":\"https:\/\/secure.gravatar.com\/avatar\/7fa71899795e8f540f615a1f5ab25255dc27aa40f05ee7ddd21aac521e01bf50?s=96&d=identicon&r=g\",\"contentUrl\":\"https:\/\/secure.gravatar.com\/avatar\/7fa71899795e8f540f615a1f5ab25255dc27aa40f05ee7ddd21aac521e01bf50?s=96&d=identicon&r=g\",\"caption\":\"Tomas Jarvid\"},\"description\":\"Jag bor i Ulricehamn i V\u00e4sterg\u00f6tland och \u00e4r f\u00f6rsamlingspr\u00e4st i Svenska Kyrkan f\u00f6r Dalstorps f\u00f6rsamling i Kinds pastorat. P\u00e5 den h\u00e4r bloggen skriver jag ner tankar om vandringen som kristen.\",\"sameAs\":[\"http:\/\/www.vandravagen.se\"],\"url\":\"https:\/\/blogg.svenskakyrkan.se\/vandravagen\/author\/vandravagen\/\"}]}<\/script>\n<!-- \/ Yoast SEO plugin. -->","yoast_head_json":{"title":"N\u00e4r jag l\u00e4ngtade efter Guds dom - Vandra V\u00e4gen","robots":{"index":"index","follow":"follow","max-snippet":"max-snippet:-1","max-image-preview":"max-image-preview:large","max-video-preview":"max-video-preview:-1"},"canonical":"https:\/\/blogg.svenskakyrkan.se\/vandravagen\/2012\/11\/21\/nar-jag-langtade-efter-guds-dom\/","og_locale":"sv_SE","og_type":"article","og_title":"N\u00e4r jag l\u00e4ngtade efter Guds dom - Vandra V\u00e4gen","og_description":"M\u00e4nniskor som bor kring j\u00e4rnv\u00e4gssp\u00e5ren Jag skrev h\u00e4romdagen, i en av mina hittills mest l\u00e4sta bloggposter, om doms\u00f6ndagen: &#8221;Vem vill INTE tro p\u00e5 en Gud som d\u00f6mer&#8221;. Nu vill jag dela en upplevelse som lett mig in p\u00e5 de tankarna. F\u00f6r n\u00e5gra \u00e5r sedan var jag stipendiat p\u00e5 Filippinerna genom Svenska Kyrkans utbytesprogram (samma som [&hellip;]","og_url":"https:\/\/blogg.svenskakyrkan.se\/vandravagen\/2012\/11\/21\/nar-jag-langtade-efter-guds-dom\/","og_site_name":"Vandra V\u00e4gen","article_publisher":"http:\/\/facebook.com\/vandravagen","article_published_time":"2012-11-21T16:18:00+00:00","og_image":[{"url":"http:\/\/3.bp.blogspot.com\/-Ek3IEyYgSpU\/UKzHS7BTbJI\/AAAAAAAABFk\/rG7Hm02u-AQ\/s400\/IMG_0074.JPG","type":"","width":"","height":""}],"author":"Tomas Jarvid","twitter_card":"summary_large_image","twitter_creator":"@fadertomas","twitter_site":"@fadertomas","twitter_misc":{"Skriven av":"Tomas Jarvid","Ber\u00e4knad l\u00e4stid":"3 minuter"},"schema":{"@context":"https:\/\/schema.org","@graph":[{"@type":"Article","@id":"https:\/\/blogg.svenskakyrkan.se\/vandravagen\/2012\/11\/21\/nar-jag-langtade-efter-guds-dom\/#article","isPartOf":{"@id":"https:\/\/blogg.svenskakyrkan.se\/vandravagen\/2012\/11\/21\/nar-jag-langtade-efter-guds-dom\/"},"author":{"name":"Tomas Jarvid","@id":"https:\/\/blogg.svenskakyrkan.se\/vandravagen\/#\/schema\/person\/25da02d4f76b137d04291711e2c9fc16"},"headline":"N\u00e4r jag l\u00e4ngtade efter Guds dom","datePublished":"2012-11-21T16:18:00+00:00","mainEntityOfPage":{"@id":"https:\/\/blogg.svenskakyrkan.se\/vandravagen\/2012\/11\/21\/nar-jag-langtade-efter-guds-dom\/"},"wordCount":525,"commentCount":0,"publisher":{"@id":"https:\/\/blogg.svenskakyrkan.se\/vandravagen\/#organization"},"image":{"@id":"https:\/\/blogg.svenskakyrkan.se\/vandravagen\/2012\/11\/21\/nar-jag-langtade-efter-guds-dom\/#primaryimage"},"thumbnailUrl":"http:\/\/3.bp.blogspot.com\/-Ek3IEyYgSpU\/UKzHS7BTbJI\/AAAAAAAABFk\/rG7Hm02u-AQ\/s400\/IMG_0074.JPG","articleSection":["bibel","kyrko\u00e5ret"],"inLanguage":"sv-SE","potentialAction":[{"@type":"CommentAction","name":"Comment","target":["https:\/\/blogg.svenskakyrkan.se\/vandravagen\/2012\/11\/21\/nar-jag-langtade-efter-guds-dom\/#respond"]}]},{"@type":"WebPage","@id":"https:\/\/blogg.svenskakyrkan.se\/vandravagen\/2012\/11\/21\/nar-jag-langtade-efter-guds-dom\/","url":"https:\/\/blogg.svenskakyrkan.se\/vandravagen\/2012\/11\/21\/nar-jag-langtade-efter-guds-dom\/","name":"N\u00e4r jag l\u00e4ngtade efter Guds dom - Vandra V\u00e4gen","isPartOf":{"@id":"https:\/\/blogg.svenskakyrkan.se\/vandravagen\/#website"},"primaryImageOfPage":{"@id":"https:\/\/blogg.svenskakyrkan.se\/vandravagen\/2012\/11\/21\/nar-jag-langtade-efter-guds-dom\/#primaryimage"},"image":{"@id":"https:\/\/blogg.svenskakyrkan.se\/vandravagen\/2012\/11\/21\/nar-jag-langtade-efter-guds-dom\/#primaryimage"},"thumbnailUrl":"http:\/\/3.bp.blogspot.com\/-Ek3IEyYgSpU\/UKzHS7BTbJI\/AAAAAAAABFk\/rG7Hm02u-AQ\/s400\/IMG_0074.JPG","datePublished":"2012-11-21T16:18:00+00:00","breadcrumb":{"@id":"https:\/\/blogg.svenskakyrkan.se\/vandravagen\/2012\/11\/21\/nar-jag-langtade-efter-guds-dom\/#breadcrumb"},"inLanguage":"sv-SE","potentialAction":[{"@type":"ReadAction","target":["https:\/\/blogg.svenskakyrkan.se\/vandravagen\/2012\/11\/21\/nar-jag-langtade-efter-guds-dom\/"]}]},{"@type":"ImageObject","inLanguage":"sv-SE","@id":"https:\/\/blogg.svenskakyrkan.se\/vandravagen\/2012\/11\/21\/nar-jag-langtade-efter-guds-dom\/#primaryimage","url":"http:\/\/3.bp.blogspot.com\/-Ek3IEyYgSpU\/UKzHS7BTbJI\/AAAAAAAABFk\/rG7Hm02u-AQ\/s400\/IMG_0074.JPG","contentUrl":"http:\/\/3.bp.blogspot.com\/-Ek3IEyYgSpU\/UKzHS7BTbJI\/AAAAAAAABFk\/rG7Hm02u-AQ\/s400\/IMG_0074.JPG"},{"@type":"BreadcrumbList","@id":"https:\/\/blogg.svenskakyrkan.se\/vandravagen\/2012\/11\/21\/nar-jag-langtade-efter-guds-dom\/#breadcrumb","itemListElement":[{"@type":"ListItem","position":1,"name":"Hem","item":"https:\/\/blogg.svenskakyrkan.se\/vandravagen\/"},{"@type":"ListItem","position":2,"name":"N\u00e4r jag l\u00e4ngtade efter Guds dom"}]},{"@type":"WebSite","@id":"https:\/\/blogg.svenskakyrkan.se\/vandravagen\/#website","url":"https:\/\/blogg.svenskakyrkan.se\/vandravagen\/","name":"Vandra V\u00e4gen","description":"-Mot en tro f\u00f6r hela livet","publisher":{"@id":"https:\/\/blogg.svenskakyrkan.se\/vandravagen\/#organization"},"potentialAction":[{"@type":"SearchAction","target":{"@type":"EntryPoint","urlTemplate":"https:\/\/blogg.svenskakyrkan.se\/vandravagen\/?s={search_term_string}"},"query-input":{"@type":"PropertyValueSpecification","valueRequired":true,"valueName":"search_term_string"}}],"inLanguage":"sv-SE"},{"@type":"Organization","@id":"https:\/\/blogg.svenskakyrkan.se\/vandravagen\/#organization","name":"ulricehamns pastorat","alternateName":"ulricehamns pastorat","url":"https:\/\/blogg.svenskakyrkan.se\/vandravagen\/","logo":{"@type":"ImageObject","inLanguage":"sv-SE","@id":"https:\/\/blogg.svenskakyrkan.se\/vandravagen\/#\/schema\/logo\/image\/","url":"https:\/\/blogg.svenskakyrkan.se\/vandravagen\/files\/2023\/05\/Ulr_logo_RGB.png","contentUrl":"https:\/\/blogg.svenskakyrkan.se\/vandravagen\/files\/2023\/05\/Ulr_logo_RGB.png","width":205,"height":77,"caption":"ulricehamns pastorat"},"image":{"@id":"https:\/\/blogg.svenskakyrkan.se\/vandravagen\/#\/schema\/logo\/image\/"},"sameAs":["http:\/\/facebook.com\/vandravagen","https:\/\/x.com\/fadertomas","http:\/\/www.facebook.com\/svenskakyrkaniulricehamn"]},{"@type":"Person","@id":"https:\/\/blogg.svenskakyrkan.se\/vandravagen\/#\/schema\/person\/25da02d4f76b137d04291711e2c9fc16","name":"Tomas Jarvid","image":{"@type":"ImageObject","inLanguage":"sv-SE","@id":"https:\/\/blogg.svenskakyrkan.se\/vandravagen\/#\/schema\/person\/image\/","url":"https:\/\/secure.gravatar.com\/avatar\/7fa71899795e8f540f615a1f5ab25255dc27aa40f05ee7ddd21aac521e01bf50?s=96&d=identicon&r=g","contentUrl":"https:\/\/secure.gravatar.com\/avatar\/7fa71899795e8f540f615a1f5ab25255dc27aa40f05ee7ddd21aac521e01bf50?s=96&d=identicon&r=g","caption":"Tomas Jarvid"},"description":"Jag bor i Ulricehamn i V\u00e4sterg\u00f6tland och \u00e4r f\u00f6rsamlingspr\u00e4st i Svenska Kyrkan f\u00f6r Dalstorps f\u00f6rsamling i Kinds pastorat. P\u00e5 den h\u00e4r bloggen skriver jag ner tankar om vandringen som kristen.","sameAs":["http:\/\/www.vandravagen.se"],"url":"https:\/\/blogg.svenskakyrkan.se\/vandravagen\/author\/vandravagen\/"}]}},"author_meta":{"ID":"392","user_nicename":"vandravagen","user_url":"http:\/\/www.vandravagen.se","user_registered":"2014-05-19 05:44:52","display_name":"Tomas Jarvid","first_name":"Tomas","last_name":"Jarvid","avatar":"https:\/\/secure.gravatar.com\/avatar\/7fa71899795e8f540f615a1f5ab25255dc27aa40f05ee7ddd21aac521e01bf50?s=96&d=identicon&r=g"},"featured_image":false,"bloginfo":{"name":"Vandra V\u00e4gen","url":"https:\/\/blogg.svenskakyrkan.se\/vandravagen"},"_links":{"self":[{"href":"https:\/\/blogg.svenskakyrkan.se\/vandravagen\/wp-json\/wp\/v2\/posts\/861","targetHints":{"allow":["GET"]}}],"collection":[{"href":"https:\/\/blogg.svenskakyrkan.se\/vandravagen\/wp-json\/wp\/v2\/posts"}],"about":[{"href":"https:\/\/blogg.svenskakyrkan.se\/vandravagen\/wp-json\/wp\/v2\/types\/post"}],"author":[{"embeddable":true,"href":"https:\/\/blogg.svenskakyrkan.se\/vandravagen\/wp-json\/wp\/v2\/users\/392"}],"replies":[{"embeddable":true,"href":"https:\/\/blogg.svenskakyrkan.se\/vandravagen\/wp-json\/wp\/v2\/comments?post=861"}],"version-history":[{"count":0,"href":"https:\/\/blogg.svenskakyrkan.se\/vandravagen\/wp-json\/wp\/v2\/posts\/861\/revisions"}],"wp:attachment":[{"href":"https:\/\/blogg.svenskakyrkan.se\/vandravagen\/wp-json\/wp\/v2\/media?parent=861"}],"wp:term":[{"taxonomy":"category","embeddable":true,"href":"https:\/\/blogg.svenskakyrkan.se\/vandravagen\/wp-json\/wp\/v2\/categories?post=861"},{"taxonomy":"post_tag","embeddable":true,"href":"https:\/\/blogg.svenskakyrkan.se\/vandravagen\/wp-json\/wp\/v2\/tags?post=861"}],"curies":[{"name":"wp","href":"https:\/\/api.w.org\/{rel}","templated":true}]}}