{"id":8625,"date":"2021-08-25T07:00:00","date_gmt":"2021-08-25T05:00:00","guid":{"rendered":"https:\/\/blogg.svenskakyrkan.se\/vandravagen\/?p=8625"},"modified":"2021-08-24T22:17:28","modified_gmt":"2021-08-24T20:17:28","slug":"9-blandade-tankar-pa-onsdagen","status":"publish","type":"post","link":"https:\/\/blogg.svenskakyrkan.se\/vandravagen\/2021\/08\/25\/9-blandade-tankar-pa-onsdagen\/","title":{"rendered":"9 blandade tankar p\u00e5 onsdagen"},"content":{"rendered":"\n\n\n<figure class=\"wp-block-image size-large is-style-default\"><img loading=\"lazy\" decoding=\"async\" width=\"960\" height=\"1280\" src=\"https:\/\/blogg.svenskakyrkan.se\/vandravagen\/files\/2021\/08\/IMG_9258.jpg\" alt=\"\" class=\"wp-image-8626\" srcset=\"https:\/\/blogg.svenskakyrkan.se\/vandravagen\/files\/2021\/08\/IMG_9258.jpg 960w, https:\/\/blogg.svenskakyrkan.se\/vandravagen\/files\/2021\/08\/IMG_9258-300x400.jpg 300w, https:\/\/blogg.svenskakyrkan.se\/vandravagen\/files\/2021\/08\/IMG_9258-768x1024.jpg 768w\" sizes=\"auto, (max-width: 960px) 100vw, 960px\" \/><figcaption>Herr mafrodit och fru mafrodit parar sig.(Allts\u00e5 tv\u00e5 m\u00f6rdarsniglar. De \u00e4r ju hermafroditer)<\/figcaption><\/figure>\n\n\n\n<ol class=\"wp-block-list\"><li>Jag f\u00e5r \u00e4n en g\u00e5ng konstatera att de blandade s\u00f6ndagstankarna \u00e4r f\u00f6rsenade men d\u00e5 f\u00e5r jag v\u00e4l \u00f6nska dig en glad onsdag d\u00e5!<\/li><li>Att det blev s\u00e5 beror p\u00e5 att vi nu haft de mest hektiska flyttdagarna och en massa k\u00e5nkande och fixande fr\u00e5n morgon till kv\u00e4ll. Kanske beror det \u00e4nnu mer p\u00e5 att vi varit utan internet hemma tills nu och det blir liksom en sak f\u00f6r mycket att hantera. Nu \u00e4r vi i alla fall bosatta p\u00e5 min barndoms fredriksberg igen i Ulricehamn. Fr\u00e5n att ha bott i andra \u00e4nden p\u00e5 stan de senaste sex \u00e5ren. <\/li><li>Man kan ju konstatera att vi nog varit r\u00e4tt tr\u00e5ngbodda l\u00e4nge och nu tror jag alla barn ska f\u00e5 plats att bo med lite privatliv s\u00e5 l\u00e4nge de bor hemma med oss. \u00c5terst\u00e5r bara att g\u00f6ra ett hem av det nya.<\/li><li>N\u00e4r vi h\u00e4mtade flyttk\u00e4rran i Dalstorp fick jag de f\u00f6rsta lilla lasset k\u00f6rt, med mina bokl\u00e5dor fr\u00e5n kontoret i Dalstorp till det i G\u00e4llstads kyrka. Och p\u00e5 s\u00f6ndag ska jag avskedspredika. Kom g\u00e4rna till Dalstorps kyrka klockan 10 om du kan och vill. <\/li><li>Jag har ju knappt skrivit en predikan sen f\u00f6rra p\u00e5sken d\u00e5 pandemin st\u00e4ngde kyrkorna och \u00e4r lite villr\u00e5dig med vad jag vill ha sagt en dag som denna. Viktigast \u00e4r f\u00f6rst\u00e5s att f\u00e5 s\u00e4ga tack. Hoppas f\u00e5 lite skrivro h\u00e4r i flyttr\u00f6ran innan helgen.<\/li><li>Det v\u00e4cks ju ocks\u00e5 en hel del tankar p\u00e5 vad en pr\u00e4st egentligen ska \u00e5stadkomma i en f\u00f6rsamling och vad en f\u00f6rsamling \u00e4r. I Dalstorp har jag varit s\u00e5 v\u00e4ldigt mycket m\u00e5ngsysslare och det har ju varit roligt p\u00e5 m\u00e5nga s\u00e4tt, kanske lite spretigt p\u00e5 andra. Jag tycker sj\u00e4lv att motsatsen, att h\u00e5lla v\u00e4ldigt mycket p\u00e5 vad som \u00e4r ett jobb en pr\u00e4st, vore v\u00e4rre f\u00f6r mig.<\/li><li>Jag tr\u00e4ffade b\u00e5de arbetskamraterna och min eftertr\u00e4dare Monica ocks\u00e5 i veckan. Det var v\u00e4ldigt roligt. <\/li><li>Nu i flytten t\u00e4nkte jag ocks\u00e5 p\u00e5 den h\u00e4r gamla dikten fr\u00e5n n\u00e4r vi var p\u00e5 bb f\u00f6r n\u00e5gra \u00e5r sedan: &#8221;<a href=\"https:\/\/blogg.svenskakyrkan.se\/vandravagen\/2015\/11\/25\/hemresedagen\/\">Hemresedagen&#8221;<\/a><\/li><li>Hur har du det nu mitt i veckan? Skriv en rad och ber\u00e4tta!<\/li><\/ol>\n","protected":false},"excerpt":{"rendered":"<p>Jag f\u00e5r \u00e4n en g\u00e5ng konstatera att de blandade s\u00f6ndagstankarna \u00e4r f\u00f6rsenade men d\u00e5 f\u00e5r jag v\u00e4l \u00f6nska dig en glad onsdag d\u00e5! Att det blev s\u00e5 beror p\u00e5 att vi nu haft de mest hektiska flyttdagarna och en massa k\u00e5nkande och fixande fr\u00e5n morgon till kv\u00e4ll. Kanske beror det \u00e4nnu mer p\u00e5 att vi [&hellip;]<\/p>\n","protected":false},"author":392,"featured_media":8626,"comment_status":"open","ping_status":"open","sticky":false,"template":"","format":"standard","meta":{"_acf_changed":false,"footnotes":""},"categories":[9],"tags":[],"class_list":["post-8625","post","type-post","status-publish","format-standard","has-post-thumbnail","hentry","category-okategoriserade"],"acf":[],"yoast_head":"<!-- This site is optimized with the Yoast SEO plugin v27.1.1 - https:\/\/yoast.com\/product\/yoast-seo-wordpress\/ -->\n<title>9 blandade tankar p\u00e5 onsdagen - Vandra V\u00e4gen<\/title>\n<meta name=\"robots\" content=\"index, follow, max-snippet:-1, max-image-preview:large, max-video-preview:-1\" \/>\n<link rel=\"canonical\" href=\"https:\/\/blogg.svenskakyrkan.se\/vandravagen\/2021\/08\/25\/9-blandade-tankar-pa-onsdagen\/\" \/>\n<meta property=\"og:locale\" content=\"sv_SE\" \/>\n<meta property=\"og:type\" content=\"article\" \/>\n<meta property=\"og:title\" content=\"9 blandade tankar p\u00e5 onsdagen - Vandra V\u00e4gen\" \/>\n<meta property=\"og:description\" content=\"Jag f\u00e5r \u00e4n en g\u00e5ng konstatera att de blandade s\u00f6ndagstankarna \u00e4r f\u00f6rsenade men d\u00e5 f\u00e5r jag v\u00e4l \u00f6nska dig en glad onsdag d\u00e5! Att det blev s\u00e5 beror p\u00e5 att vi nu haft de mest hektiska flyttdagarna och en massa k\u00e5nkande och fixande fr\u00e5n morgon till kv\u00e4ll. Kanske beror det \u00e4nnu mer p\u00e5 att vi [&hellip;]\" \/>\n<meta property=\"og:url\" content=\"https:\/\/blogg.svenskakyrkan.se\/vandravagen\/2021\/08\/25\/9-blandade-tankar-pa-onsdagen\/\" \/>\n<meta property=\"og:site_name\" content=\"Vandra V\u00e4gen\" \/>\n<meta property=\"article:publisher\" content=\"http:\/\/facebook.com\/vandravagen\" \/>\n<meta property=\"article:published_time\" content=\"2021-08-25T05:00:00+00:00\" \/>\n<meta property=\"og:image\" content=\"https:\/\/blogg.svenskakyrkan.se\/vandravagen\/files\/2021\/08\/IMG_9258.jpg\" \/>\n\t<meta property=\"og:image:width\" content=\"960\" \/>\n\t<meta property=\"og:image:height\" content=\"1280\" \/>\n\t<meta property=\"og:image:type\" content=\"image\/jpeg\" \/>\n<meta name=\"author\" content=\"Tomas Jarvid\" \/>\n<meta name=\"twitter:card\" content=\"summary_large_image\" \/>\n<meta name=\"twitter:creator\" content=\"@fadertomas\" \/>\n<meta name=\"twitter:site\" content=\"@fadertomas\" \/>\n<meta name=\"twitter:label1\" content=\"Skriven av\" \/>\n\t<meta name=\"twitter:data1\" content=\"Tomas Jarvid\" \/>\n\t<meta name=\"twitter:label2\" content=\"Ber\u00e4knad l\u00e4stid\" \/>\n\t<meta name=\"twitter:data2\" content=\"2 minuter\" \/>\n<script type=\"application\/ld+json\" class=\"yoast-schema-graph\">{\"@context\":\"https:\/\/schema.org\",\"@graph\":[{\"@type\":\"Article\",\"@id\":\"https:\/\/blogg.svenskakyrkan.se\/vandravagen\/2021\/08\/25\/9-blandade-tankar-pa-onsdagen\/#article\",\"isPartOf\":{\"@id\":\"https:\/\/blogg.svenskakyrkan.se\/vandravagen\/2021\/08\/25\/9-blandade-tankar-pa-onsdagen\/\"},\"author\":{\"name\":\"Tomas Jarvid\",\"@id\":\"https:\/\/blogg.svenskakyrkan.se\/vandravagen\/#\/schema\/person\/25da02d4f76b137d04291711e2c9fc16\"},\"headline\":\"9 blandade tankar p\u00e5 onsdagen\",\"datePublished\":\"2021-08-25T05:00:00+00:00\",\"mainEntityOfPage\":{\"@id\":\"https:\/\/blogg.svenskakyrkan.se\/vandravagen\/2021\/08\/25\/9-blandade-tankar-pa-onsdagen\/\"},\"wordCount\":422,\"commentCount\":1,\"publisher\":{\"@id\":\"https:\/\/blogg.svenskakyrkan.se\/vandravagen\/#organization\"},\"image\":{\"@id\":\"https:\/\/blogg.svenskakyrkan.se\/vandravagen\/2021\/08\/25\/9-blandade-tankar-pa-onsdagen\/#primaryimage\"},\"thumbnailUrl\":\"https:\/\/blogg.svenskakyrkan.se\/vandravagen\/files\/2021\/08\/IMG_9258.jpg\",\"inLanguage\":\"sv-SE\",\"potentialAction\":[{\"@type\":\"CommentAction\",\"name\":\"Comment\",\"target\":[\"https:\/\/blogg.svenskakyrkan.se\/vandravagen\/2021\/08\/25\/9-blandade-tankar-pa-onsdagen\/#respond\"]}]},{\"@type\":\"WebPage\",\"@id\":\"https:\/\/blogg.svenskakyrkan.se\/vandravagen\/2021\/08\/25\/9-blandade-tankar-pa-onsdagen\/\",\"url\":\"https:\/\/blogg.svenskakyrkan.se\/vandravagen\/2021\/08\/25\/9-blandade-tankar-pa-onsdagen\/\",\"name\":\"9 blandade tankar p\u00e5 onsdagen - Vandra V\u00e4gen\",\"isPartOf\":{\"@id\":\"https:\/\/blogg.svenskakyrkan.se\/vandravagen\/#website\"},\"primaryImageOfPage\":{\"@id\":\"https:\/\/blogg.svenskakyrkan.se\/vandravagen\/2021\/08\/25\/9-blandade-tankar-pa-onsdagen\/#primaryimage\"},\"image\":{\"@id\":\"https:\/\/blogg.svenskakyrkan.se\/vandravagen\/2021\/08\/25\/9-blandade-tankar-pa-onsdagen\/#primaryimage\"},\"thumbnailUrl\":\"https:\/\/blogg.svenskakyrkan.se\/vandravagen\/files\/2021\/08\/IMG_9258.jpg\",\"datePublished\":\"2021-08-25T05:00:00+00:00\",\"breadcrumb\":{\"@id\":\"https:\/\/blogg.svenskakyrkan.se\/vandravagen\/2021\/08\/25\/9-blandade-tankar-pa-onsdagen\/#breadcrumb\"},\"inLanguage\":\"sv-SE\",\"potentialAction\":[{\"@type\":\"ReadAction\",\"target\":[\"https:\/\/blogg.svenskakyrkan.se\/vandravagen\/2021\/08\/25\/9-blandade-tankar-pa-onsdagen\/\"]}]},{\"@type\":\"ImageObject\",\"inLanguage\":\"sv-SE\",\"@id\":\"https:\/\/blogg.svenskakyrkan.se\/vandravagen\/2021\/08\/25\/9-blandade-tankar-pa-onsdagen\/#primaryimage\",\"url\":\"https:\/\/blogg.svenskakyrkan.se\/vandravagen\/files\/2021\/08\/IMG_9258.jpg\",\"contentUrl\":\"https:\/\/blogg.svenskakyrkan.se\/vandravagen\/files\/2021\/08\/IMG_9258.jpg\",\"width\":960,\"height\":1280},{\"@type\":\"BreadcrumbList\",\"@id\":\"https:\/\/blogg.svenskakyrkan.se\/vandravagen\/2021\/08\/25\/9-blandade-tankar-pa-onsdagen\/#breadcrumb\",\"itemListElement\":[{\"@type\":\"ListItem\",\"position\":1,\"name\":\"Hem\",\"item\":\"https:\/\/blogg.svenskakyrkan.se\/vandravagen\/\"},{\"@type\":\"ListItem\",\"position\":2,\"name\":\"9 blandade tankar p\u00e5 onsdagen\"}]},{\"@type\":\"WebSite\",\"@id\":\"https:\/\/blogg.svenskakyrkan.se\/vandravagen\/#website\",\"url\":\"https:\/\/blogg.svenskakyrkan.se\/vandravagen\/\",\"name\":\"Vandra V\u00e4gen\",\"description\":\"-Mot en tro f\u00f6r hela livet\",\"publisher\":{\"@id\":\"https:\/\/blogg.svenskakyrkan.se\/vandravagen\/#organization\"},\"potentialAction\":[{\"@type\":\"SearchAction\",\"target\":{\"@type\":\"EntryPoint\",\"urlTemplate\":\"https:\/\/blogg.svenskakyrkan.se\/vandravagen\/?s={search_term_string}\"},\"query-input\":{\"@type\":\"PropertyValueSpecification\",\"valueRequired\":true,\"valueName\":\"search_term_string\"}}],\"inLanguage\":\"sv-SE\"},{\"@type\":\"Organization\",\"@id\":\"https:\/\/blogg.svenskakyrkan.se\/vandravagen\/#organization\",\"name\":\"ulricehamns pastorat\",\"alternateName\":\"ulricehamns pastorat\",\"url\":\"https:\/\/blogg.svenskakyrkan.se\/vandravagen\/\",\"logo\":{\"@type\":\"ImageObject\",\"inLanguage\":\"sv-SE\",\"@id\":\"https:\/\/blogg.svenskakyrkan.se\/vandravagen\/#\/schema\/logo\/image\/\",\"url\":\"https:\/\/blogg.svenskakyrkan.se\/vandravagen\/files\/2023\/05\/Ulr_logo_RGB.png\",\"contentUrl\":\"https:\/\/blogg.svenskakyrkan.se\/vandravagen\/files\/2023\/05\/Ulr_logo_RGB.png\",\"width\":205,\"height\":77,\"caption\":\"ulricehamns pastorat\"},\"image\":{\"@id\":\"https:\/\/blogg.svenskakyrkan.se\/vandravagen\/#\/schema\/logo\/image\/\"},\"sameAs\":[\"http:\/\/facebook.com\/vandravagen\",\"https:\/\/x.com\/fadertomas\",\"http:\/\/www.facebook.com\/svenskakyrkaniulricehamn\"]},{\"@type\":\"Person\",\"@id\":\"https:\/\/blogg.svenskakyrkan.se\/vandravagen\/#\/schema\/person\/25da02d4f76b137d04291711e2c9fc16\",\"name\":\"Tomas Jarvid\",\"image\":{\"@type\":\"ImageObject\",\"inLanguage\":\"sv-SE\",\"@id\":\"https:\/\/blogg.svenskakyrkan.se\/vandravagen\/#\/schema\/person\/image\/\",\"url\":\"https:\/\/secure.gravatar.com\/avatar\/7fa71899795e8f540f615a1f5ab25255dc27aa40f05ee7ddd21aac521e01bf50?s=96&d=identicon&r=g\",\"contentUrl\":\"https:\/\/secure.gravatar.com\/avatar\/7fa71899795e8f540f615a1f5ab25255dc27aa40f05ee7ddd21aac521e01bf50?s=96&d=identicon&r=g\",\"caption\":\"Tomas Jarvid\"},\"description\":\"Jag bor i Ulricehamn i V\u00e4sterg\u00f6tland och \u00e4r f\u00f6rsamlingspr\u00e4st i Svenska Kyrkan f\u00f6r Dalstorps f\u00f6rsamling i Kinds pastorat. P\u00e5 den h\u00e4r bloggen skriver jag ner tankar om vandringen som kristen.\",\"sameAs\":[\"http:\/\/www.vandravagen.se\"],\"url\":\"https:\/\/blogg.svenskakyrkan.se\/vandravagen\/author\/vandravagen\/\"}]}<\/script>\n<!-- \/ Yoast SEO plugin. -->","yoast_head_json":{"title":"9 blandade tankar p\u00e5 onsdagen - Vandra V\u00e4gen","robots":{"index":"index","follow":"follow","max-snippet":"max-snippet:-1","max-image-preview":"max-image-preview:large","max-video-preview":"max-video-preview:-1"},"canonical":"https:\/\/blogg.svenskakyrkan.se\/vandravagen\/2021\/08\/25\/9-blandade-tankar-pa-onsdagen\/","og_locale":"sv_SE","og_type":"article","og_title":"9 blandade tankar p\u00e5 onsdagen - Vandra V\u00e4gen","og_description":"Jag f\u00e5r \u00e4n en g\u00e5ng konstatera att de blandade s\u00f6ndagstankarna \u00e4r f\u00f6rsenade men d\u00e5 f\u00e5r jag v\u00e4l \u00f6nska dig en glad onsdag d\u00e5! Att det blev s\u00e5 beror p\u00e5 att vi nu haft de mest hektiska flyttdagarna och en massa k\u00e5nkande och fixande fr\u00e5n morgon till kv\u00e4ll. Kanske beror det \u00e4nnu mer p\u00e5 att vi [&hellip;]","og_url":"https:\/\/blogg.svenskakyrkan.se\/vandravagen\/2021\/08\/25\/9-blandade-tankar-pa-onsdagen\/","og_site_name":"Vandra V\u00e4gen","article_publisher":"http:\/\/facebook.com\/vandravagen","article_published_time":"2021-08-25T05:00:00+00:00","og_image":[{"width":960,"height":1280,"url":"https:\/\/blogg.svenskakyrkan.se\/vandravagen\/files\/2021\/08\/IMG_9258.jpg","type":"image\/jpeg"}],"author":"Tomas Jarvid","twitter_card":"summary_large_image","twitter_creator":"@fadertomas","twitter_site":"@fadertomas","twitter_misc":{"Skriven av":"Tomas Jarvid","Ber\u00e4knad l\u00e4stid":"2 minuter"},"schema":{"@context":"https:\/\/schema.org","@graph":[{"@type":"Article","@id":"https:\/\/blogg.svenskakyrkan.se\/vandravagen\/2021\/08\/25\/9-blandade-tankar-pa-onsdagen\/#article","isPartOf":{"@id":"https:\/\/blogg.svenskakyrkan.se\/vandravagen\/2021\/08\/25\/9-blandade-tankar-pa-onsdagen\/"},"author":{"name":"Tomas Jarvid","@id":"https:\/\/blogg.svenskakyrkan.se\/vandravagen\/#\/schema\/person\/25da02d4f76b137d04291711e2c9fc16"},"headline":"9 blandade tankar p\u00e5 onsdagen","datePublished":"2021-08-25T05:00:00+00:00","mainEntityOfPage":{"@id":"https:\/\/blogg.svenskakyrkan.se\/vandravagen\/2021\/08\/25\/9-blandade-tankar-pa-onsdagen\/"},"wordCount":422,"commentCount":1,"publisher":{"@id":"https:\/\/blogg.svenskakyrkan.se\/vandravagen\/#organization"},"image":{"@id":"https:\/\/blogg.svenskakyrkan.se\/vandravagen\/2021\/08\/25\/9-blandade-tankar-pa-onsdagen\/#primaryimage"},"thumbnailUrl":"https:\/\/blogg.svenskakyrkan.se\/vandravagen\/files\/2021\/08\/IMG_9258.jpg","inLanguage":"sv-SE","potentialAction":[{"@type":"CommentAction","name":"Comment","target":["https:\/\/blogg.svenskakyrkan.se\/vandravagen\/2021\/08\/25\/9-blandade-tankar-pa-onsdagen\/#respond"]}]},{"@type":"WebPage","@id":"https:\/\/blogg.svenskakyrkan.se\/vandravagen\/2021\/08\/25\/9-blandade-tankar-pa-onsdagen\/","url":"https:\/\/blogg.svenskakyrkan.se\/vandravagen\/2021\/08\/25\/9-blandade-tankar-pa-onsdagen\/","name":"9 blandade tankar p\u00e5 onsdagen - Vandra V\u00e4gen","isPartOf":{"@id":"https:\/\/blogg.svenskakyrkan.se\/vandravagen\/#website"},"primaryImageOfPage":{"@id":"https:\/\/blogg.svenskakyrkan.se\/vandravagen\/2021\/08\/25\/9-blandade-tankar-pa-onsdagen\/#primaryimage"},"image":{"@id":"https:\/\/blogg.svenskakyrkan.se\/vandravagen\/2021\/08\/25\/9-blandade-tankar-pa-onsdagen\/#primaryimage"},"thumbnailUrl":"https:\/\/blogg.svenskakyrkan.se\/vandravagen\/files\/2021\/08\/IMG_9258.jpg","datePublished":"2021-08-25T05:00:00+00:00","breadcrumb":{"@id":"https:\/\/blogg.svenskakyrkan.se\/vandravagen\/2021\/08\/25\/9-blandade-tankar-pa-onsdagen\/#breadcrumb"},"inLanguage":"sv-SE","potentialAction":[{"@type":"ReadAction","target":["https:\/\/blogg.svenskakyrkan.se\/vandravagen\/2021\/08\/25\/9-blandade-tankar-pa-onsdagen\/"]}]},{"@type":"ImageObject","inLanguage":"sv-SE","@id":"https:\/\/blogg.svenskakyrkan.se\/vandravagen\/2021\/08\/25\/9-blandade-tankar-pa-onsdagen\/#primaryimage","url":"https:\/\/blogg.svenskakyrkan.se\/vandravagen\/files\/2021\/08\/IMG_9258.jpg","contentUrl":"https:\/\/blogg.svenskakyrkan.se\/vandravagen\/files\/2021\/08\/IMG_9258.jpg","width":960,"height":1280},{"@type":"BreadcrumbList","@id":"https:\/\/blogg.svenskakyrkan.se\/vandravagen\/2021\/08\/25\/9-blandade-tankar-pa-onsdagen\/#breadcrumb","itemListElement":[{"@type":"ListItem","position":1,"name":"Hem","item":"https:\/\/blogg.svenskakyrkan.se\/vandravagen\/"},{"@type":"ListItem","position":2,"name":"9 blandade tankar p\u00e5 onsdagen"}]},{"@type":"WebSite","@id":"https:\/\/blogg.svenskakyrkan.se\/vandravagen\/#website","url":"https:\/\/blogg.svenskakyrkan.se\/vandravagen\/","name":"Vandra V\u00e4gen","description":"-Mot en tro f\u00f6r hela livet","publisher":{"@id":"https:\/\/blogg.svenskakyrkan.se\/vandravagen\/#organization"},"potentialAction":[{"@type":"SearchAction","target":{"@type":"EntryPoint","urlTemplate":"https:\/\/blogg.svenskakyrkan.se\/vandravagen\/?s={search_term_string}"},"query-input":{"@type":"PropertyValueSpecification","valueRequired":true,"valueName":"search_term_string"}}],"inLanguage":"sv-SE"},{"@type":"Organization","@id":"https:\/\/blogg.svenskakyrkan.se\/vandravagen\/#organization","name":"ulricehamns pastorat","alternateName":"ulricehamns pastorat","url":"https:\/\/blogg.svenskakyrkan.se\/vandravagen\/","logo":{"@type":"ImageObject","inLanguage":"sv-SE","@id":"https:\/\/blogg.svenskakyrkan.se\/vandravagen\/#\/schema\/logo\/image\/","url":"https:\/\/blogg.svenskakyrkan.se\/vandravagen\/files\/2023\/05\/Ulr_logo_RGB.png","contentUrl":"https:\/\/blogg.svenskakyrkan.se\/vandravagen\/files\/2023\/05\/Ulr_logo_RGB.png","width":205,"height":77,"caption":"ulricehamns pastorat"},"image":{"@id":"https:\/\/blogg.svenskakyrkan.se\/vandravagen\/#\/schema\/logo\/image\/"},"sameAs":["http:\/\/facebook.com\/vandravagen","https:\/\/x.com\/fadertomas","http:\/\/www.facebook.com\/svenskakyrkaniulricehamn"]},{"@type":"Person","@id":"https:\/\/blogg.svenskakyrkan.se\/vandravagen\/#\/schema\/person\/25da02d4f76b137d04291711e2c9fc16","name":"Tomas Jarvid","image":{"@type":"ImageObject","inLanguage":"sv-SE","@id":"https:\/\/blogg.svenskakyrkan.se\/vandravagen\/#\/schema\/person\/image\/","url":"https:\/\/secure.gravatar.com\/avatar\/7fa71899795e8f540f615a1f5ab25255dc27aa40f05ee7ddd21aac521e01bf50?s=96&d=identicon&r=g","contentUrl":"https:\/\/secure.gravatar.com\/avatar\/7fa71899795e8f540f615a1f5ab25255dc27aa40f05ee7ddd21aac521e01bf50?s=96&d=identicon&r=g","caption":"Tomas Jarvid"},"description":"Jag bor i Ulricehamn i V\u00e4sterg\u00f6tland och \u00e4r f\u00f6rsamlingspr\u00e4st i Svenska Kyrkan f\u00f6r Dalstorps f\u00f6rsamling i Kinds pastorat. P\u00e5 den h\u00e4r bloggen skriver jag ner tankar om vandringen som kristen.","sameAs":["http:\/\/www.vandravagen.se"],"url":"https:\/\/blogg.svenskakyrkan.se\/vandravagen\/author\/vandravagen\/"}]}},"author_meta":{"ID":"392","user_nicename":"vandravagen","user_url":"http:\/\/www.vandravagen.se","user_registered":"2014-05-19 05:44:52","display_name":"Tomas Jarvid","first_name":"Tomas","last_name":"Jarvid","avatar":"https:\/\/secure.gravatar.com\/avatar\/7fa71899795e8f540f615a1f5ab25255dc27aa40f05ee7ddd21aac521e01bf50?s=96&d=identicon&r=g"},"featured_image":["https:\/\/blogg.svenskakyrkan.se\/vandravagen\/files\/2021\/08\/IMG_9258.jpg",960,1280,false],"bloginfo":{"name":"Vandra V\u00e4gen","url":"https:\/\/blogg.svenskakyrkan.se\/vandravagen"},"_links":{"self":[{"href":"https:\/\/blogg.svenskakyrkan.se\/vandravagen\/wp-json\/wp\/v2\/posts\/8625","targetHints":{"allow":["GET"]}}],"collection":[{"href":"https:\/\/blogg.svenskakyrkan.se\/vandravagen\/wp-json\/wp\/v2\/posts"}],"about":[{"href":"https:\/\/blogg.svenskakyrkan.se\/vandravagen\/wp-json\/wp\/v2\/types\/post"}],"author":[{"embeddable":true,"href":"https:\/\/blogg.svenskakyrkan.se\/vandravagen\/wp-json\/wp\/v2\/users\/392"}],"replies":[{"embeddable":true,"href":"https:\/\/blogg.svenskakyrkan.se\/vandravagen\/wp-json\/wp\/v2\/comments?post=8625"}],"version-history":[{"count":1,"href":"https:\/\/blogg.svenskakyrkan.se\/vandravagen\/wp-json\/wp\/v2\/posts\/8625\/revisions"}],"predecessor-version":[{"id":8627,"href":"https:\/\/blogg.svenskakyrkan.se\/vandravagen\/wp-json\/wp\/v2\/posts\/8625\/revisions\/8627"}],"wp:featuredmedia":[{"embeddable":true,"href":"https:\/\/blogg.svenskakyrkan.se\/vandravagen\/wp-json\/wp\/v2\/media\/8626"}],"wp:attachment":[{"href":"https:\/\/blogg.svenskakyrkan.se\/vandravagen\/wp-json\/wp\/v2\/media?parent=8625"}],"wp:term":[{"taxonomy":"category","embeddable":true,"href":"https:\/\/blogg.svenskakyrkan.se\/vandravagen\/wp-json\/wp\/v2\/categories?post=8625"},{"taxonomy":"post_tag","embeddable":true,"href":"https:\/\/blogg.svenskakyrkan.se\/vandravagen\/wp-json\/wp\/v2\/tags?post=8625"}],"curies":[{"name":"wp","href":"https:\/\/api.w.org\/{rel}","templated":true}]}}