{"id":8662,"date":"2021-10-19T07:00:00","date_gmt":"2021-10-19T05:00:00","guid":{"rendered":"https:\/\/blogg.svenskakyrkan.se\/vandravagen\/?p=8662"},"modified":"2021-10-18T22:26:30","modified_gmt":"2021-10-18T20:26:30","slug":"tabita-och-talita-nar-petrus-sager-nastan-samma-som-jesus","status":"publish","type":"post","link":"https:\/\/blogg.svenskakyrkan.se\/vandravagen\/2021\/10\/19\/tabita-och-talita-nar-petrus-sager-nastan-samma-som-jesus\/","title":{"rendered":"Tabita och Talita -n\u00e4r Petrus s\u00e4ger N\u00c4STAN samma som Jesus"},"content":{"rendered":"\n\n\n<div class=\"wp-block-image is-style-default\"><figure class=\"aligncenter size-large\"><img loading=\"lazy\" decoding=\"async\" width=\"569\" height=\"877\" src=\"https:\/\/blogg.svenskakyrkan.se\/vandravagen\/files\/2021\/10\/Saint_Tabitha.jpg\" alt=\"\" class=\"wp-image-8663\" srcset=\"https:\/\/blogg.svenskakyrkan.se\/vandravagen\/files\/2021\/10\/Saint_Tabitha.jpg 569w, https:\/\/blogg.svenskakyrkan.se\/vandravagen\/files\/2021\/10\/Saint_Tabitha-300x462.jpg 300w\" sizes=\"auto, (max-width: 569px) 100vw, 569px\" \/><figcaption>Den heliga Tabitas ikon fr\u00e5n \u00f6stlig tradition.<\/figcaption><\/figure><\/div>\n\n\n\n<p>En av bibell\u00e4sningarna f\u00f6r denna s\u00f6ndag \u00e4r fr\u00e5n apostlag\u00e4rningarnas nionde kapitel. Petrus blir d\u00e4r h\u00e4mtad till staden Joppe (en judisk hamnstad) f\u00f6r att hj\u00e4lpa en kristen kvinna d\u00e4r som hette <strong>&#8221;Tabita &#8211; p\u00e5 grekiska Dorkas&#8221;<\/strong> (apg 9:36. VI f\u00e5r h\u00f6ra att hennes liv var fullt av goda g\u00e4rningar och frikostighet mot de fattiga och man kan l\u00e4tt tro att det som sade som HENNES NAMN var \u00f6verfl\u00f6dig information. Men h\u00e4ng med!<\/p>\n\n\n\n<p>N\u00e4r Petrus kommer har Tabita tyv\u00e4rr d\u00f6tt i en sjukdom och p\u00e5 platsen s\u00f6rjs hon av flera \u00e4nkor, det vill s\u00e4ga fattiga och utsatta kvinnor utan f\u00f6rs\u00f6rjning som hon tagit sig an. Vi f\u00e5r h\u00f6ra n\u00e5got ov\u00e4ntat om att <strong>\u00e4nkorna visar upp de plagg (skjortor och mantlar) som Tabita gjorde medan hon var i livet<\/strong>. Det \u00e4r konstig information om man inte antar att hon faktiskt gjort dessa kl\u00e4der och sk\u00e4nkt dem till \u00e4nkorna s\u00e5 att dessa har kl\u00e4derna p\u00e5 sig och ser dem som p\u00e5tagliga tecken p\u00e5 hur god Tabita varit mot dem, t\u00e4nker jag.<\/p>\n\n\n\n<p>Det st\u00e5r sedan: <\/p>\n\n\n\n<blockquote class=\"wp-block-quote is-layout-flow wp-block-quote-is-layout-flow\"><p>Petrus sade \u00e5t alla att g\u00e5 ut och f\u00f6ll sedan p\u00e5 kn\u00e4 och bad. S\u00e5 v\u00e4nde han sig mot den d\u00f6da och sade: <strong>\u00bbTabita, stig upp!<\/strong>\u00ab Hon \u00f6ppnade \u00f6gonen, och n\u00e4r hon s\u00e5g Petrus satte hon sig upp.&nbsp;Han r\u00e4ckte henne handen och hj\u00e4lpte henne att resa sig. Sedan kallade han in de heliga och \u00e4nkorna och l\u00e4t dem se hur hon stod d\u00e4r levande.&nbsp;<\/p><cite>apg 9:40f<\/cite><\/blockquote>\n\n\n\n<p>H\u00e4r hoppade jag till i l\u00e4sningen, det h\u00e4r l\u00e5ter ju s\u00e5 v\u00e4ldigt bekant!! Om vi antar (vilket \u00e4r rimligt) att Petrus s\u00e4ger det han s\u00e4ger p\u00e5 arameiska s\u00e5 s\u00e4ger han s\u00e5 n\u00e4r som p\u00e5 en enda bokstav samma sak som Jesus sagt i Markusevangeliet kapitel fem d\u00e5 han v\u00e4cker liv i Jairos d\u00f6da dotter. D\u00e5 s\u00e4ger han &#8221;TALITA koum&#8221; vilken betyder &#8221;lilla flicka, stig upp&#8221;. Det h\u00e4r \u00e4r f\u00f6r bra sammantr\u00e4ffande f\u00f6r att vara en slump. Vi kan anta att antingen sade Petrus likadant som han h\u00f6rt Jesus s\u00e4ga i en liknande situation, eller s\u00e5 har apostlag\u00e4rningarnas f\u00f6rfattare velat koppla ihop h\u00e4ndelserna genom att ordna med ordvalet p\u00e5 detta s\u00e4tt (vilket i s\u00e5 fall f\u00f6ruts\u00e4tter att han har tillg\u00e5ng till markusevangeliet eller dess k\u00e4llor). <\/p>\n\n\n\n<p>F\u00f6r min del h\u00e5ller jag det inte osannolikt att orden kommer fr\u00e5n Petrus, liksom kanske \u00e4ven formuleringen i markusevangeliet har kommit fr\u00e5n hans minne via hans nedtecknare &#8221;Markus&#8221;. Det g\u00f6r p\u00e5 n\u00e5got s\u00e4tt det hela levande och n\u00e4ra att t\u00e4nka p\u00e5 hur Petrus levt med att ta efter det Jesus sagt och gjort. Till skillnad fr\u00e5n Jesus v\u00e4cker han f\u00f6rst\u00e5s inte upp d\u00f6da p\u00e5 egen hand utan genom b\u00f6n till Gud.<\/p>\n\n\n\n<p>S\u00e5 \u00e5ter till b\u00f6rjan. Det b\u00f6rjar som en hastig kommentar om Tabitas namn. Hon borde kanske kallats Dorkas eftersom texten var p\u00e5 grekiska men f\u00f6rfattaren valde att h\u00e4r kalla henne Tabita, av en god anledning. F\u00f6r att kunna lyfta fram hur h\u00e4ndelsen liknar den d\u00e4r Jesus v\u00e4ckte liv i Jairos dotter. <\/p>\n\n\n\n<p>Jag blir v\u00e4ldigt f\u00f6rtjust \u00f6ver s\u00e5na h\u00e4r sm\u00e5 finesser i bibeltexterna. Det sprider ocks\u00e5 en del ljus \u00f6ver hur bibeltexter fungerar som en samling hyperl\u00e4nkar, jag ska \u00e5terkomma till det i en bloggpost snart.<\/p>\n\n\n\n<p>Har du n\u00e5gra funderingar utifr\u00e5n det jag skrivit? Skriv en kommentar!<\/p>\n","protected":false},"excerpt":{"rendered":"<p>En av bibell\u00e4sningarna f\u00f6r denna s\u00f6ndag \u00e4r fr\u00e5n apostlag\u00e4rningarnas nionde kapitel. Petrus blir d\u00e4r h\u00e4mtad till staden Joppe (en judisk hamnstad) f\u00f6r att hj\u00e4lpa en kristen kvinna d\u00e4r som hette &#8221;Tabita &#8211; p\u00e5 grekiska Dorkas&#8221; (apg 9:36. VI f\u00e5r h\u00f6ra att hennes liv var fullt av goda g\u00e4rningar och frikostighet mot de fattiga och man [&hellip;]<\/p>\n","protected":false},"author":392,"featured_media":8663,"comment_status":"open","ping_status":"open","sticky":false,"template":"","format":"standard","meta":{"_acf_changed":false,"footnotes":""},"categories":[14252,8298],"tags":[],"class_list":["post-8662","post","type-post","status-publish","format-standard","has-post-thumbnail","hentry","category-bibel","category-bibeln"],"acf":[],"yoast_head":"<!-- This site is optimized with the Yoast SEO plugin v27.1.1 - https:\/\/yoast.com\/product\/yoast-seo-wordpress\/ -->\n<title>Tabita och Talita -n\u00e4r Petrus s\u00e4ger N\u00c4STAN samma som Jesus - Vandra V\u00e4gen<\/title>\n<meta name=\"robots\" content=\"index, follow, max-snippet:-1, max-image-preview:large, max-video-preview:-1\" \/>\n<link rel=\"canonical\" href=\"https:\/\/blogg.svenskakyrkan.se\/vandravagen\/2021\/10\/19\/tabita-och-talita-nar-petrus-sager-nastan-samma-som-jesus\/\" \/>\n<meta property=\"og:locale\" content=\"sv_SE\" \/>\n<meta property=\"og:type\" content=\"article\" \/>\n<meta property=\"og:title\" content=\"Tabita och Talita -n\u00e4r Petrus s\u00e4ger N\u00c4STAN samma som Jesus - Vandra V\u00e4gen\" \/>\n<meta property=\"og:description\" content=\"En av bibell\u00e4sningarna f\u00f6r denna s\u00f6ndag \u00e4r fr\u00e5n apostlag\u00e4rningarnas nionde kapitel. Petrus blir d\u00e4r h\u00e4mtad till staden Joppe (en judisk hamnstad) f\u00f6r att hj\u00e4lpa en kristen kvinna d\u00e4r som hette &#8221;Tabita &#8211; p\u00e5 grekiska Dorkas&#8221; (apg 9:36. VI f\u00e5r h\u00f6ra att hennes liv var fullt av goda g\u00e4rningar och frikostighet mot de fattiga och man [&hellip;]\" \/>\n<meta property=\"og:url\" content=\"https:\/\/blogg.svenskakyrkan.se\/vandravagen\/2021\/10\/19\/tabita-och-talita-nar-petrus-sager-nastan-samma-som-jesus\/\" \/>\n<meta property=\"og:site_name\" content=\"Vandra V\u00e4gen\" \/>\n<meta property=\"article:publisher\" content=\"http:\/\/facebook.com\/vandravagen\" \/>\n<meta property=\"article:published_time\" content=\"2021-10-19T05:00:00+00:00\" \/>\n<meta property=\"og:image\" content=\"https:\/\/blogg.svenskakyrkan.se\/vandravagen\/files\/2021\/10\/Saint_Tabitha.jpg\" \/>\n\t<meta property=\"og:image:width\" content=\"569\" \/>\n\t<meta property=\"og:image:height\" content=\"877\" \/>\n\t<meta property=\"og:image:type\" content=\"image\/jpeg\" \/>\n<meta name=\"author\" content=\"Tomas Jarvid\" \/>\n<meta name=\"twitter:card\" content=\"summary_large_image\" \/>\n<meta name=\"twitter:creator\" content=\"@fadertomas\" \/>\n<meta name=\"twitter:site\" content=\"@fadertomas\" \/>\n<meta name=\"twitter:label1\" content=\"Skriven av\" \/>\n\t<meta name=\"twitter:data1\" content=\"Tomas Jarvid\" \/>\n\t<meta name=\"twitter:label2\" content=\"Ber\u00e4knad l\u00e4stid\" \/>\n\t<meta name=\"twitter:data2\" content=\"3 minuter\" \/>\n<script type=\"application\/ld+json\" class=\"yoast-schema-graph\">{\"@context\":\"https:\/\/schema.org\",\"@graph\":[{\"@type\":\"Article\",\"@id\":\"https:\/\/blogg.svenskakyrkan.se\/vandravagen\/2021\/10\/19\/tabita-och-talita-nar-petrus-sager-nastan-samma-som-jesus\/#article\",\"isPartOf\":{\"@id\":\"https:\/\/blogg.svenskakyrkan.se\/vandravagen\/2021\/10\/19\/tabita-och-talita-nar-petrus-sager-nastan-samma-som-jesus\/\"},\"author\":{\"name\":\"Tomas Jarvid\",\"@id\":\"https:\/\/blogg.svenskakyrkan.se\/vandravagen\/#\/schema\/person\/25da02d4f76b137d04291711e2c9fc16\"},\"headline\":\"Tabita och Talita -n\u00e4r Petrus s\u00e4ger N\u00c4STAN samma som Jesus\",\"datePublished\":\"2021-10-19T05:00:00+00:00\",\"mainEntityOfPage\":{\"@id\":\"https:\/\/blogg.svenskakyrkan.se\/vandravagen\/2021\/10\/19\/tabita-och-talita-nar-petrus-sager-nastan-samma-som-jesus\/\"},\"wordCount\":648,\"commentCount\":2,\"publisher\":{\"@id\":\"https:\/\/blogg.svenskakyrkan.se\/vandravagen\/#organization\"},\"image\":{\"@id\":\"https:\/\/blogg.svenskakyrkan.se\/vandravagen\/2021\/10\/19\/tabita-och-talita-nar-petrus-sager-nastan-samma-som-jesus\/#primaryimage\"},\"thumbnailUrl\":\"https:\/\/blogg.svenskakyrkan.se\/vandravagen\/files\/2021\/10\/Saint_Tabitha.jpg\",\"articleSection\":[\"bibel\",\"Bibeln\"],\"inLanguage\":\"sv-SE\",\"potentialAction\":[{\"@type\":\"CommentAction\",\"name\":\"Comment\",\"target\":[\"https:\/\/blogg.svenskakyrkan.se\/vandravagen\/2021\/10\/19\/tabita-och-talita-nar-petrus-sager-nastan-samma-som-jesus\/#respond\"]}]},{\"@type\":\"WebPage\",\"@id\":\"https:\/\/blogg.svenskakyrkan.se\/vandravagen\/2021\/10\/19\/tabita-och-talita-nar-petrus-sager-nastan-samma-som-jesus\/\",\"url\":\"https:\/\/blogg.svenskakyrkan.se\/vandravagen\/2021\/10\/19\/tabita-och-talita-nar-petrus-sager-nastan-samma-som-jesus\/\",\"name\":\"Tabita och Talita -n\u00e4r Petrus s\u00e4ger N\u00c4STAN samma som Jesus - Vandra V\u00e4gen\",\"isPartOf\":{\"@id\":\"https:\/\/blogg.svenskakyrkan.se\/vandravagen\/#website\"},\"primaryImageOfPage\":{\"@id\":\"https:\/\/blogg.svenskakyrkan.se\/vandravagen\/2021\/10\/19\/tabita-och-talita-nar-petrus-sager-nastan-samma-som-jesus\/#primaryimage\"},\"image\":{\"@id\":\"https:\/\/blogg.svenskakyrkan.se\/vandravagen\/2021\/10\/19\/tabita-och-talita-nar-petrus-sager-nastan-samma-som-jesus\/#primaryimage\"},\"thumbnailUrl\":\"https:\/\/blogg.svenskakyrkan.se\/vandravagen\/files\/2021\/10\/Saint_Tabitha.jpg\",\"datePublished\":\"2021-10-19T05:00:00+00:00\",\"breadcrumb\":{\"@id\":\"https:\/\/blogg.svenskakyrkan.se\/vandravagen\/2021\/10\/19\/tabita-och-talita-nar-petrus-sager-nastan-samma-som-jesus\/#breadcrumb\"},\"inLanguage\":\"sv-SE\",\"potentialAction\":[{\"@type\":\"ReadAction\",\"target\":[\"https:\/\/blogg.svenskakyrkan.se\/vandravagen\/2021\/10\/19\/tabita-och-talita-nar-petrus-sager-nastan-samma-som-jesus\/\"]}]},{\"@type\":\"ImageObject\",\"inLanguage\":\"sv-SE\",\"@id\":\"https:\/\/blogg.svenskakyrkan.se\/vandravagen\/2021\/10\/19\/tabita-och-talita-nar-petrus-sager-nastan-samma-som-jesus\/#primaryimage\",\"url\":\"https:\/\/blogg.svenskakyrkan.se\/vandravagen\/files\/2021\/10\/Saint_Tabitha.jpg\",\"contentUrl\":\"https:\/\/blogg.svenskakyrkan.se\/vandravagen\/files\/2021\/10\/Saint_Tabitha.jpg\",\"width\":569,\"height\":877},{\"@type\":\"BreadcrumbList\",\"@id\":\"https:\/\/blogg.svenskakyrkan.se\/vandravagen\/2021\/10\/19\/tabita-och-talita-nar-petrus-sager-nastan-samma-som-jesus\/#breadcrumb\",\"itemListElement\":[{\"@type\":\"ListItem\",\"position\":1,\"name\":\"Hem\",\"item\":\"https:\/\/blogg.svenskakyrkan.se\/vandravagen\/\"},{\"@type\":\"ListItem\",\"position\":2,\"name\":\"Tabita och Talita -n\u00e4r Petrus s\u00e4ger N\u00c4STAN samma som Jesus\"}]},{\"@type\":\"WebSite\",\"@id\":\"https:\/\/blogg.svenskakyrkan.se\/vandravagen\/#website\",\"url\":\"https:\/\/blogg.svenskakyrkan.se\/vandravagen\/\",\"name\":\"Vandra V\u00e4gen\",\"description\":\"-Mot en tro f\u00f6r hela livet\",\"publisher\":{\"@id\":\"https:\/\/blogg.svenskakyrkan.se\/vandravagen\/#organization\"},\"potentialAction\":[{\"@type\":\"SearchAction\",\"target\":{\"@type\":\"EntryPoint\",\"urlTemplate\":\"https:\/\/blogg.svenskakyrkan.se\/vandravagen\/?s={search_term_string}\"},\"query-input\":{\"@type\":\"PropertyValueSpecification\",\"valueRequired\":true,\"valueName\":\"search_term_string\"}}],\"inLanguage\":\"sv-SE\"},{\"@type\":\"Organization\",\"@id\":\"https:\/\/blogg.svenskakyrkan.se\/vandravagen\/#organization\",\"name\":\"ulricehamns pastorat\",\"alternateName\":\"ulricehamns pastorat\",\"url\":\"https:\/\/blogg.svenskakyrkan.se\/vandravagen\/\",\"logo\":{\"@type\":\"ImageObject\",\"inLanguage\":\"sv-SE\",\"@id\":\"https:\/\/blogg.svenskakyrkan.se\/vandravagen\/#\/schema\/logo\/image\/\",\"url\":\"https:\/\/blogg.svenskakyrkan.se\/vandravagen\/files\/2023\/05\/Ulr_logo_RGB.png\",\"contentUrl\":\"https:\/\/blogg.svenskakyrkan.se\/vandravagen\/files\/2023\/05\/Ulr_logo_RGB.png\",\"width\":205,\"height\":77,\"caption\":\"ulricehamns pastorat\"},\"image\":{\"@id\":\"https:\/\/blogg.svenskakyrkan.se\/vandravagen\/#\/schema\/logo\/image\/\"},\"sameAs\":[\"http:\/\/facebook.com\/vandravagen\",\"https:\/\/x.com\/fadertomas\",\"http:\/\/www.facebook.com\/svenskakyrkaniulricehamn\"]},{\"@type\":\"Person\",\"@id\":\"https:\/\/blogg.svenskakyrkan.se\/vandravagen\/#\/schema\/person\/25da02d4f76b137d04291711e2c9fc16\",\"name\":\"Tomas Jarvid\",\"image\":{\"@type\":\"ImageObject\",\"inLanguage\":\"sv-SE\",\"@id\":\"https:\/\/blogg.svenskakyrkan.se\/vandravagen\/#\/schema\/person\/image\/\",\"url\":\"https:\/\/secure.gravatar.com\/avatar\/7fa71899795e8f540f615a1f5ab25255dc27aa40f05ee7ddd21aac521e01bf50?s=96&d=identicon&r=g\",\"contentUrl\":\"https:\/\/secure.gravatar.com\/avatar\/7fa71899795e8f540f615a1f5ab25255dc27aa40f05ee7ddd21aac521e01bf50?s=96&d=identicon&r=g\",\"caption\":\"Tomas Jarvid\"},\"description\":\"Jag bor i Ulricehamn i V\u00e4sterg\u00f6tland och \u00e4r f\u00f6rsamlingspr\u00e4st i Svenska Kyrkan f\u00f6r Dalstorps f\u00f6rsamling i Kinds pastorat. P\u00e5 den h\u00e4r bloggen skriver jag ner tankar om vandringen som kristen.\",\"sameAs\":[\"http:\/\/www.vandravagen.se\"],\"url\":\"https:\/\/blogg.svenskakyrkan.se\/vandravagen\/author\/vandravagen\/\"}]}<\/script>\n<!-- \/ Yoast SEO plugin. -->","yoast_head_json":{"title":"Tabita och Talita -n\u00e4r Petrus s\u00e4ger N\u00c4STAN samma som Jesus - Vandra V\u00e4gen","robots":{"index":"index","follow":"follow","max-snippet":"max-snippet:-1","max-image-preview":"max-image-preview:large","max-video-preview":"max-video-preview:-1"},"canonical":"https:\/\/blogg.svenskakyrkan.se\/vandravagen\/2021\/10\/19\/tabita-och-talita-nar-petrus-sager-nastan-samma-som-jesus\/","og_locale":"sv_SE","og_type":"article","og_title":"Tabita och Talita -n\u00e4r Petrus s\u00e4ger N\u00c4STAN samma som Jesus - Vandra V\u00e4gen","og_description":"En av bibell\u00e4sningarna f\u00f6r denna s\u00f6ndag \u00e4r fr\u00e5n apostlag\u00e4rningarnas nionde kapitel. Petrus blir d\u00e4r h\u00e4mtad till staden Joppe (en judisk hamnstad) f\u00f6r att hj\u00e4lpa en kristen kvinna d\u00e4r som hette &#8221;Tabita &#8211; p\u00e5 grekiska Dorkas&#8221; (apg 9:36. VI f\u00e5r h\u00f6ra att hennes liv var fullt av goda g\u00e4rningar och frikostighet mot de fattiga och man [&hellip;]","og_url":"https:\/\/blogg.svenskakyrkan.se\/vandravagen\/2021\/10\/19\/tabita-och-talita-nar-petrus-sager-nastan-samma-som-jesus\/","og_site_name":"Vandra V\u00e4gen","article_publisher":"http:\/\/facebook.com\/vandravagen","article_published_time":"2021-10-19T05:00:00+00:00","og_image":[{"width":569,"height":877,"url":"https:\/\/blogg.svenskakyrkan.se\/vandravagen\/files\/2021\/10\/Saint_Tabitha.jpg","type":"image\/jpeg"}],"author":"Tomas Jarvid","twitter_card":"summary_large_image","twitter_creator":"@fadertomas","twitter_site":"@fadertomas","twitter_misc":{"Skriven av":"Tomas Jarvid","Ber\u00e4knad l\u00e4stid":"3 minuter"},"schema":{"@context":"https:\/\/schema.org","@graph":[{"@type":"Article","@id":"https:\/\/blogg.svenskakyrkan.se\/vandravagen\/2021\/10\/19\/tabita-och-talita-nar-petrus-sager-nastan-samma-som-jesus\/#article","isPartOf":{"@id":"https:\/\/blogg.svenskakyrkan.se\/vandravagen\/2021\/10\/19\/tabita-och-talita-nar-petrus-sager-nastan-samma-som-jesus\/"},"author":{"name":"Tomas Jarvid","@id":"https:\/\/blogg.svenskakyrkan.se\/vandravagen\/#\/schema\/person\/25da02d4f76b137d04291711e2c9fc16"},"headline":"Tabita och Talita -n\u00e4r Petrus s\u00e4ger N\u00c4STAN samma som Jesus","datePublished":"2021-10-19T05:00:00+00:00","mainEntityOfPage":{"@id":"https:\/\/blogg.svenskakyrkan.se\/vandravagen\/2021\/10\/19\/tabita-och-talita-nar-petrus-sager-nastan-samma-som-jesus\/"},"wordCount":648,"commentCount":2,"publisher":{"@id":"https:\/\/blogg.svenskakyrkan.se\/vandravagen\/#organization"},"image":{"@id":"https:\/\/blogg.svenskakyrkan.se\/vandravagen\/2021\/10\/19\/tabita-och-talita-nar-petrus-sager-nastan-samma-som-jesus\/#primaryimage"},"thumbnailUrl":"https:\/\/blogg.svenskakyrkan.se\/vandravagen\/files\/2021\/10\/Saint_Tabitha.jpg","articleSection":["bibel","Bibeln"],"inLanguage":"sv-SE","potentialAction":[{"@type":"CommentAction","name":"Comment","target":["https:\/\/blogg.svenskakyrkan.se\/vandravagen\/2021\/10\/19\/tabita-och-talita-nar-petrus-sager-nastan-samma-som-jesus\/#respond"]}]},{"@type":"WebPage","@id":"https:\/\/blogg.svenskakyrkan.se\/vandravagen\/2021\/10\/19\/tabita-och-talita-nar-petrus-sager-nastan-samma-som-jesus\/","url":"https:\/\/blogg.svenskakyrkan.se\/vandravagen\/2021\/10\/19\/tabita-och-talita-nar-petrus-sager-nastan-samma-som-jesus\/","name":"Tabita och Talita -n\u00e4r Petrus s\u00e4ger N\u00c4STAN samma som Jesus - Vandra V\u00e4gen","isPartOf":{"@id":"https:\/\/blogg.svenskakyrkan.se\/vandravagen\/#website"},"primaryImageOfPage":{"@id":"https:\/\/blogg.svenskakyrkan.se\/vandravagen\/2021\/10\/19\/tabita-och-talita-nar-petrus-sager-nastan-samma-som-jesus\/#primaryimage"},"image":{"@id":"https:\/\/blogg.svenskakyrkan.se\/vandravagen\/2021\/10\/19\/tabita-och-talita-nar-petrus-sager-nastan-samma-som-jesus\/#primaryimage"},"thumbnailUrl":"https:\/\/blogg.svenskakyrkan.se\/vandravagen\/files\/2021\/10\/Saint_Tabitha.jpg","datePublished":"2021-10-19T05:00:00+00:00","breadcrumb":{"@id":"https:\/\/blogg.svenskakyrkan.se\/vandravagen\/2021\/10\/19\/tabita-och-talita-nar-petrus-sager-nastan-samma-som-jesus\/#breadcrumb"},"inLanguage":"sv-SE","potentialAction":[{"@type":"ReadAction","target":["https:\/\/blogg.svenskakyrkan.se\/vandravagen\/2021\/10\/19\/tabita-och-talita-nar-petrus-sager-nastan-samma-som-jesus\/"]}]},{"@type":"ImageObject","inLanguage":"sv-SE","@id":"https:\/\/blogg.svenskakyrkan.se\/vandravagen\/2021\/10\/19\/tabita-och-talita-nar-petrus-sager-nastan-samma-som-jesus\/#primaryimage","url":"https:\/\/blogg.svenskakyrkan.se\/vandravagen\/files\/2021\/10\/Saint_Tabitha.jpg","contentUrl":"https:\/\/blogg.svenskakyrkan.se\/vandravagen\/files\/2021\/10\/Saint_Tabitha.jpg","width":569,"height":877},{"@type":"BreadcrumbList","@id":"https:\/\/blogg.svenskakyrkan.se\/vandravagen\/2021\/10\/19\/tabita-och-talita-nar-petrus-sager-nastan-samma-som-jesus\/#breadcrumb","itemListElement":[{"@type":"ListItem","position":1,"name":"Hem","item":"https:\/\/blogg.svenskakyrkan.se\/vandravagen\/"},{"@type":"ListItem","position":2,"name":"Tabita och Talita -n\u00e4r Petrus s\u00e4ger N\u00c4STAN samma som Jesus"}]},{"@type":"WebSite","@id":"https:\/\/blogg.svenskakyrkan.se\/vandravagen\/#website","url":"https:\/\/blogg.svenskakyrkan.se\/vandravagen\/","name":"Vandra V\u00e4gen","description":"-Mot en tro f\u00f6r hela livet","publisher":{"@id":"https:\/\/blogg.svenskakyrkan.se\/vandravagen\/#organization"},"potentialAction":[{"@type":"SearchAction","target":{"@type":"EntryPoint","urlTemplate":"https:\/\/blogg.svenskakyrkan.se\/vandravagen\/?s={search_term_string}"},"query-input":{"@type":"PropertyValueSpecification","valueRequired":true,"valueName":"search_term_string"}}],"inLanguage":"sv-SE"},{"@type":"Organization","@id":"https:\/\/blogg.svenskakyrkan.se\/vandravagen\/#organization","name":"ulricehamns pastorat","alternateName":"ulricehamns pastorat","url":"https:\/\/blogg.svenskakyrkan.se\/vandravagen\/","logo":{"@type":"ImageObject","inLanguage":"sv-SE","@id":"https:\/\/blogg.svenskakyrkan.se\/vandravagen\/#\/schema\/logo\/image\/","url":"https:\/\/blogg.svenskakyrkan.se\/vandravagen\/files\/2023\/05\/Ulr_logo_RGB.png","contentUrl":"https:\/\/blogg.svenskakyrkan.se\/vandravagen\/files\/2023\/05\/Ulr_logo_RGB.png","width":205,"height":77,"caption":"ulricehamns pastorat"},"image":{"@id":"https:\/\/blogg.svenskakyrkan.se\/vandravagen\/#\/schema\/logo\/image\/"},"sameAs":["http:\/\/facebook.com\/vandravagen","https:\/\/x.com\/fadertomas","http:\/\/www.facebook.com\/svenskakyrkaniulricehamn"]},{"@type":"Person","@id":"https:\/\/blogg.svenskakyrkan.se\/vandravagen\/#\/schema\/person\/25da02d4f76b137d04291711e2c9fc16","name":"Tomas Jarvid","image":{"@type":"ImageObject","inLanguage":"sv-SE","@id":"https:\/\/blogg.svenskakyrkan.se\/vandravagen\/#\/schema\/person\/image\/","url":"https:\/\/secure.gravatar.com\/avatar\/7fa71899795e8f540f615a1f5ab25255dc27aa40f05ee7ddd21aac521e01bf50?s=96&d=identicon&r=g","contentUrl":"https:\/\/secure.gravatar.com\/avatar\/7fa71899795e8f540f615a1f5ab25255dc27aa40f05ee7ddd21aac521e01bf50?s=96&d=identicon&r=g","caption":"Tomas Jarvid"},"description":"Jag bor i Ulricehamn i V\u00e4sterg\u00f6tland och \u00e4r f\u00f6rsamlingspr\u00e4st i Svenska Kyrkan f\u00f6r Dalstorps f\u00f6rsamling i Kinds pastorat. P\u00e5 den h\u00e4r bloggen skriver jag ner tankar om vandringen som kristen.","sameAs":["http:\/\/www.vandravagen.se"],"url":"https:\/\/blogg.svenskakyrkan.se\/vandravagen\/author\/vandravagen\/"}]}},"author_meta":{"ID":"392","user_nicename":"vandravagen","user_url":"http:\/\/www.vandravagen.se","user_registered":"2014-05-19 05:44:52","display_name":"Tomas Jarvid","first_name":"Tomas","last_name":"Jarvid","avatar":"https:\/\/secure.gravatar.com\/avatar\/7fa71899795e8f540f615a1f5ab25255dc27aa40f05ee7ddd21aac521e01bf50?s=96&d=identicon&r=g"},"featured_image":["https:\/\/blogg.svenskakyrkan.se\/vandravagen\/files\/2021\/10\/Saint_Tabitha.jpg",569,877,false],"bloginfo":{"name":"Vandra V\u00e4gen","url":"https:\/\/blogg.svenskakyrkan.se\/vandravagen"},"_links":{"self":[{"href":"https:\/\/blogg.svenskakyrkan.se\/vandravagen\/wp-json\/wp\/v2\/posts\/8662","targetHints":{"allow":["GET"]}}],"collection":[{"href":"https:\/\/blogg.svenskakyrkan.se\/vandravagen\/wp-json\/wp\/v2\/posts"}],"about":[{"href":"https:\/\/blogg.svenskakyrkan.se\/vandravagen\/wp-json\/wp\/v2\/types\/post"}],"author":[{"embeddable":true,"href":"https:\/\/blogg.svenskakyrkan.se\/vandravagen\/wp-json\/wp\/v2\/users\/392"}],"replies":[{"embeddable":true,"href":"https:\/\/blogg.svenskakyrkan.se\/vandravagen\/wp-json\/wp\/v2\/comments?post=8662"}],"version-history":[{"count":2,"href":"https:\/\/blogg.svenskakyrkan.se\/vandravagen\/wp-json\/wp\/v2\/posts\/8662\/revisions"}],"predecessor-version":[{"id":8671,"href":"https:\/\/blogg.svenskakyrkan.se\/vandravagen\/wp-json\/wp\/v2\/posts\/8662\/revisions\/8671"}],"wp:featuredmedia":[{"embeddable":true,"href":"https:\/\/blogg.svenskakyrkan.se\/vandravagen\/wp-json\/wp\/v2\/media\/8663"}],"wp:attachment":[{"href":"https:\/\/blogg.svenskakyrkan.se\/vandravagen\/wp-json\/wp\/v2\/media?parent=8662"}],"wp:term":[{"taxonomy":"category","embeddable":true,"href":"https:\/\/blogg.svenskakyrkan.se\/vandravagen\/wp-json\/wp\/v2\/categories?post=8662"},{"taxonomy":"post_tag","embeddable":true,"href":"https:\/\/blogg.svenskakyrkan.se\/vandravagen\/wp-json\/wp\/v2\/tags?post=8662"}],"curies":[{"name":"wp","href":"https:\/\/api.w.org\/{rel}","templated":true}]}}