{"id":8665,"date":"2021-10-21T07:00:00","date_gmt":"2021-10-21T05:00:00","guid":{"rendered":"https:\/\/blogg.svenskakyrkan.se\/vandravagen\/?p=8665"},"modified":"2021-10-20T10:58:44","modified_gmt":"2021-10-20T08:58:44","slug":"en-bla-lank-i-bibeln","status":"publish","type":"post","link":"https:\/\/blogg.svenskakyrkan.se\/vandravagen\/2021\/10\/21\/en-bla-lank-i-bibeln\/","title":{"rendered":"En bl\u00e5 l\u00e4nk i bibeln"},"content":{"rendered":"\n\n\n<figure class=\"wp-block-image size-large is-style-default\"><img loading=\"lazy\" decoding=\"async\" width=\"872\" height=\"351\" src=\"https:\/\/blogg.svenskakyrkan.se\/vandravagen\/files\/2021\/10\/Namnlost.png\" alt=\"\" class=\"wp-image-8666\" srcset=\"https:\/\/blogg.svenskakyrkan.se\/vandravagen\/files\/2021\/10\/Namnlost.png 872w, https:\/\/blogg.svenskakyrkan.se\/vandravagen\/files\/2021\/10\/Namnlost-300x121.png 300w, https:\/\/blogg.svenskakyrkan.se\/vandravagen\/files\/2021\/10\/Namnlost-768x309.png 768w\" sizes=\"auto, (max-width: 872px) 100vw, 872px\" \/><\/figure>\n\n\n\n<p><a href=\"https:\/\/blogg.svenskakyrkan.se\/vandravagen\/2021\/10\/19\/tabita-och-talita-nar-petrus-sager-nastan-samma-som-jesus\/\">Texten p\u00e5 bilden skrev jag om h\u00e4romdagen h\u00e4r p\u00e5 bloggen.<\/a> Nu har jag trixat till en bl\u00e5 och understruken text i den s\u00e5 att den ska se ut som en hyperl\u00e4nk. F\u00f6r att illustrerar n\u00e5got alla borde veta om bibeltexter generellt. <strong>De \u00e4r fulla av l\u00e4nkar! <\/strong>P\u00e5 internet kan man ju klicka p\u00e5 l\u00e4nkar och komma vidare och bortsett fr\u00e5n att man f\u00f6rst\u00e5s inte kunde klicka vidare p\u00e5 de gamla papyrus och pergament bibeln skrevs ner p\u00e5 s\u00e5 fungerade det likadant p\u00e5 ett associativt plan. Med f\u00f6ruts\u00e4ttning f\u00f6rst\u00e5s att textens l\u00e4sare var v\u00e4ldigt v\u00e4lbekanta med resten av bibelns texter. <\/p>\n\n\n\n<p>Min bild \u00e4r ett typiskt exempel. Som jag skrev h\u00e4romdagen \u00e4r de understrukna orden en anspelning p\u00e5 Jesu ord d\u00e5 han v\u00e4ckte liv i en d\u00f6d flicka &#8221;TALITA, stig upp&#8221;. Bara en bokstav skiljer. <strong>Den vane l\u00e4saren \u00e4r t\u00e4nkt att koppla det och f\u00f6rst\u00e5 texten i ett sammanhang d\u00e4r man ocks\u00e5 har med Jesus och den d\u00f6da dottern i tankarna.<\/strong> Sedan finns det i sin tur ytterligare lager och l\u00e4nkar i ber\u00e4ttelsen om Jesus och flickan d\u00e4r han p\u00e5minner oss om Elia som uppv\u00e4ckte en \u00e4nkas dotter l\u00e5ngt tidigare i gamla testamentet. Till slut hamnar vi vid att <strong>bibeln \u00e4r en bok som talar intensivt mycket med sig sj\u00e4lv genom m\u00e4ngder av anspelningar<\/strong>. En del av dem \u00e4r direkt p\u00e5 ytan, av typen &#8221;detta sade han f\u00f6r att det som sagts genom profeten skulle uppfyllas&#8221;, annat f\u00f6rst\u00e5s av sammanhanget eller av finurliga ordlekar som den ovan. Detta med ordlekar \u00e4r nog betydligt vanligare i det hebreiska gamla testamentet men nya testamentets m\u00e4nniskor var ocks\u00e5 djupt p\u00e5verkade av den hebreiska v\u00e4rldsbilden.<\/p>\n\n\n\n<p>N\u00e5gon kanske an tycka det h\u00e4r l\u00e5ter avskr\u00e4ckande och det betyder givetvis att ingen av oss n\u00e5gonsin blir klar med att f\u00f6rst\u00e5 oss p\u00e5 bibeln, det finns s\u00e5 otroligt mycket att meditera \u00f6ver. Men det kanske just \u00e4r det som \u00e4r det roliga ocks\u00e5? Att \u00e5r efter \u00e5r l\u00e4gga bit vid bit och hela tiden uppt\u00e4cka nya saker. Bibeln \u00e4r inte t\u00e4nkt till att man ska bli f\u00e4rdig med den.<\/p>\n\n\n\n<p>Vad s\u00e4ger du om det h\u00e4r? Skriv en rad och ber\u00e4tta!<\/p>\n","protected":false},"excerpt":{"rendered":"<p>Texten p\u00e5 bilden skrev jag om h\u00e4romdagen h\u00e4r p\u00e5 bloggen. Nu har jag trixat till en bl\u00e5 och understruken text i den s\u00e5 att den ska se ut som en hyperl\u00e4nk. F\u00f6r att illustrerar n\u00e5got alla borde veta om bibeltexter generellt. De \u00e4r fulla av l\u00e4nkar! P\u00e5 internet kan man ju klicka p\u00e5 l\u00e4nkar och [&hellip;]<\/p>\n","protected":false},"author":392,"featured_media":8666,"comment_status":"open","ping_status":"open","sticky":false,"template":"","format":"standard","meta":{"_acf_changed":false,"footnotes":""},"categories":[14252,81118,8298],"tags":[],"class_list":["post-8665","post","type-post","status-publish","format-standard","has-post-thumbnail","hentry","category-bibel","category-bibelbocker","category-bibeln"],"acf":[],"yoast_head":"<!-- This site is optimized with the Yoast SEO plugin v27.1.1 - https:\/\/yoast.com\/product\/yoast-seo-wordpress\/ -->\n<title>En bl\u00e5 l\u00e4nk i bibeln - Vandra V\u00e4gen<\/title>\n<meta name=\"robots\" content=\"index, follow, max-snippet:-1, max-image-preview:large, max-video-preview:-1\" \/>\n<link rel=\"canonical\" href=\"https:\/\/blogg.svenskakyrkan.se\/vandravagen\/2021\/10\/21\/en-bla-lank-i-bibeln\/\" \/>\n<meta property=\"og:locale\" content=\"sv_SE\" \/>\n<meta property=\"og:type\" content=\"article\" \/>\n<meta property=\"og:title\" content=\"En bl\u00e5 l\u00e4nk i bibeln - Vandra V\u00e4gen\" \/>\n<meta property=\"og:description\" content=\"Texten p\u00e5 bilden skrev jag om h\u00e4romdagen h\u00e4r p\u00e5 bloggen. Nu har jag trixat till en bl\u00e5 och understruken text i den s\u00e5 att den ska se ut som en hyperl\u00e4nk. F\u00f6r att illustrerar n\u00e5got alla borde veta om bibeltexter generellt. De \u00e4r fulla av l\u00e4nkar! P\u00e5 internet kan man ju klicka p\u00e5 l\u00e4nkar och [&hellip;]\" \/>\n<meta property=\"og:url\" content=\"https:\/\/blogg.svenskakyrkan.se\/vandravagen\/2021\/10\/21\/en-bla-lank-i-bibeln\/\" \/>\n<meta property=\"og:site_name\" content=\"Vandra V\u00e4gen\" \/>\n<meta property=\"article:publisher\" content=\"http:\/\/facebook.com\/vandravagen\" \/>\n<meta property=\"article:published_time\" content=\"2021-10-21T05:00:00+00:00\" \/>\n<meta property=\"og:image\" content=\"https:\/\/blogg.svenskakyrkan.se\/vandravagen\/files\/2021\/10\/Namnlost.png\" \/>\n\t<meta property=\"og:image:width\" content=\"872\" \/>\n\t<meta property=\"og:image:height\" content=\"351\" \/>\n\t<meta property=\"og:image:type\" content=\"image\/png\" \/>\n<meta name=\"author\" content=\"Tomas Jarvid\" \/>\n<meta name=\"twitter:card\" content=\"summary_large_image\" \/>\n<meta name=\"twitter:creator\" content=\"@fadertomas\" \/>\n<meta name=\"twitter:site\" content=\"@fadertomas\" \/>\n<meta name=\"twitter:label1\" content=\"Skriven av\" \/>\n\t<meta name=\"twitter:data1\" content=\"Tomas Jarvid\" \/>\n\t<meta name=\"twitter:label2\" content=\"Ber\u00e4knad l\u00e4stid\" \/>\n\t<meta name=\"twitter:data2\" content=\"2 minuter\" \/>\n<script type=\"application\/ld+json\" class=\"yoast-schema-graph\">{\"@context\":\"https:\/\/schema.org\",\"@graph\":[{\"@type\":\"Article\",\"@id\":\"https:\/\/blogg.svenskakyrkan.se\/vandravagen\/2021\/10\/21\/en-bla-lank-i-bibeln\/#article\",\"isPartOf\":{\"@id\":\"https:\/\/blogg.svenskakyrkan.se\/vandravagen\/2021\/10\/21\/en-bla-lank-i-bibeln\/\"},\"author\":{\"name\":\"Tomas Jarvid\",\"@id\":\"https:\/\/blogg.svenskakyrkan.se\/vandravagen\/#\/schema\/person\/25da02d4f76b137d04291711e2c9fc16\"},\"headline\":\"En bl\u00e5 l\u00e4nk i bibeln\",\"datePublished\":\"2021-10-21T05:00:00+00:00\",\"mainEntityOfPage\":{\"@id\":\"https:\/\/blogg.svenskakyrkan.se\/vandravagen\/2021\/10\/21\/en-bla-lank-i-bibeln\/\"},\"wordCount\":408,\"commentCount\":4,\"publisher\":{\"@id\":\"https:\/\/blogg.svenskakyrkan.se\/vandravagen\/#organization\"},\"image\":{\"@id\":\"https:\/\/blogg.svenskakyrkan.se\/vandravagen\/2021\/10\/21\/en-bla-lank-i-bibeln\/#primaryimage\"},\"thumbnailUrl\":\"https:\/\/blogg.svenskakyrkan.se\/vandravagen\/files\/2021\/10\/Namnlost.png\",\"articleSection\":[\"bibel\",\"bibelb\u00f6cker\",\"Bibeln\"],\"inLanguage\":\"sv-SE\",\"potentialAction\":[{\"@type\":\"CommentAction\",\"name\":\"Comment\",\"target\":[\"https:\/\/blogg.svenskakyrkan.se\/vandravagen\/2021\/10\/21\/en-bla-lank-i-bibeln\/#respond\"]}]},{\"@type\":\"WebPage\",\"@id\":\"https:\/\/blogg.svenskakyrkan.se\/vandravagen\/2021\/10\/21\/en-bla-lank-i-bibeln\/\",\"url\":\"https:\/\/blogg.svenskakyrkan.se\/vandravagen\/2021\/10\/21\/en-bla-lank-i-bibeln\/\",\"name\":\"En bl\u00e5 l\u00e4nk i bibeln - Vandra V\u00e4gen\",\"isPartOf\":{\"@id\":\"https:\/\/blogg.svenskakyrkan.se\/vandravagen\/#website\"},\"primaryImageOfPage\":{\"@id\":\"https:\/\/blogg.svenskakyrkan.se\/vandravagen\/2021\/10\/21\/en-bla-lank-i-bibeln\/#primaryimage\"},\"image\":{\"@id\":\"https:\/\/blogg.svenskakyrkan.se\/vandravagen\/2021\/10\/21\/en-bla-lank-i-bibeln\/#primaryimage\"},\"thumbnailUrl\":\"https:\/\/blogg.svenskakyrkan.se\/vandravagen\/files\/2021\/10\/Namnlost.png\",\"datePublished\":\"2021-10-21T05:00:00+00:00\",\"breadcrumb\":{\"@id\":\"https:\/\/blogg.svenskakyrkan.se\/vandravagen\/2021\/10\/21\/en-bla-lank-i-bibeln\/#breadcrumb\"},\"inLanguage\":\"sv-SE\",\"potentialAction\":[{\"@type\":\"ReadAction\",\"target\":[\"https:\/\/blogg.svenskakyrkan.se\/vandravagen\/2021\/10\/21\/en-bla-lank-i-bibeln\/\"]}]},{\"@type\":\"ImageObject\",\"inLanguage\":\"sv-SE\",\"@id\":\"https:\/\/blogg.svenskakyrkan.se\/vandravagen\/2021\/10\/21\/en-bla-lank-i-bibeln\/#primaryimage\",\"url\":\"https:\/\/blogg.svenskakyrkan.se\/vandravagen\/files\/2021\/10\/Namnlost.png\",\"contentUrl\":\"https:\/\/blogg.svenskakyrkan.se\/vandravagen\/files\/2021\/10\/Namnlost.png\",\"width\":872,\"height\":351},{\"@type\":\"BreadcrumbList\",\"@id\":\"https:\/\/blogg.svenskakyrkan.se\/vandravagen\/2021\/10\/21\/en-bla-lank-i-bibeln\/#breadcrumb\",\"itemListElement\":[{\"@type\":\"ListItem\",\"position\":1,\"name\":\"Hem\",\"item\":\"https:\/\/blogg.svenskakyrkan.se\/vandravagen\/\"},{\"@type\":\"ListItem\",\"position\":2,\"name\":\"En bl\u00e5 l\u00e4nk i bibeln\"}]},{\"@type\":\"WebSite\",\"@id\":\"https:\/\/blogg.svenskakyrkan.se\/vandravagen\/#website\",\"url\":\"https:\/\/blogg.svenskakyrkan.se\/vandravagen\/\",\"name\":\"Vandra V\u00e4gen\",\"description\":\"-Mot en tro f\u00f6r hela livet\",\"publisher\":{\"@id\":\"https:\/\/blogg.svenskakyrkan.se\/vandravagen\/#organization\"},\"potentialAction\":[{\"@type\":\"SearchAction\",\"target\":{\"@type\":\"EntryPoint\",\"urlTemplate\":\"https:\/\/blogg.svenskakyrkan.se\/vandravagen\/?s={search_term_string}\"},\"query-input\":{\"@type\":\"PropertyValueSpecification\",\"valueRequired\":true,\"valueName\":\"search_term_string\"}}],\"inLanguage\":\"sv-SE\"},{\"@type\":\"Organization\",\"@id\":\"https:\/\/blogg.svenskakyrkan.se\/vandravagen\/#organization\",\"name\":\"ulricehamns pastorat\",\"alternateName\":\"ulricehamns pastorat\",\"url\":\"https:\/\/blogg.svenskakyrkan.se\/vandravagen\/\",\"logo\":{\"@type\":\"ImageObject\",\"inLanguage\":\"sv-SE\",\"@id\":\"https:\/\/blogg.svenskakyrkan.se\/vandravagen\/#\/schema\/logo\/image\/\",\"url\":\"https:\/\/blogg.svenskakyrkan.se\/vandravagen\/files\/2023\/05\/Ulr_logo_RGB.png\",\"contentUrl\":\"https:\/\/blogg.svenskakyrkan.se\/vandravagen\/files\/2023\/05\/Ulr_logo_RGB.png\",\"width\":205,\"height\":77,\"caption\":\"ulricehamns pastorat\"},\"image\":{\"@id\":\"https:\/\/blogg.svenskakyrkan.se\/vandravagen\/#\/schema\/logo\/image\/\"},\"sameAs\":[\"http:\/\/facebook.com\/vandravagen\",\"https:\/\/x.com\/fadertomas\",\"http:\/\/www.facebook.com\/svenskakyrkaniulricehamn\"]},{\"@type\":\"Person\",\"@id\":\"https:\/\/blogg.svenskakyrkan.se\/vandravagen\/#\/schema\/person\/25da02d4f76b137d04291711e2c9fc16\",\"name\":\"Tomas Jarvid\",\"image\":{\"@type\":\"ImageObject\",\"inLanguage\":\"sv-SE\",\"@id\":\"https:\/\/blogg.svenskakyrkan.se\/vandravagen\/#\/schema\/person\/image\/\",\"url\":\"https:\/\/secure.gravatar.com\/avatar\/7fa71899795e8f540f615a1f5ab25255dc27aa40f05ee7ddd21aac521e01bf50?s=96&d=identicon&r=g\",\"contentUrl\":\"https:\/\/secure.gravatar.com\/avatar\/7fa71899795e8f540f615a1f5ab25255dc27aa40f05ee7ddd21aac521e01bf50?s=96&d=identicon&r=g\",\"caption\":\"Tomas Jarvid\"},\"description\":\"Jag bor i Ulricehamn i V\u00e4sterg\u00f6tland och \u00e4r f\u00f6rsamlingspr\u00e4st i Svenska Kyrkan f\u00f6r Dalstorps f\u00f6rsamling i Kinds pastorat. P\u00e5 den h\u00e4r bloggen skriver jag ner tankar om vandringen som kristen.\",\"sameAs\":[\"http:\/\/www.vandravagen.se\"],\"url\":\"https:\/\/blogg.svenskakyrkan.se\/vandravagen\/author\/vandravagen\/\"}]}<\/script>\n<!-- \/ Yoast SEO plugin. -->","yoast_head_json":{"title":"En bl\u00e5 l\u00e4nk i bibeln - Vandra V\u00e4gen","robots":{"index":"index","follow":"follow","max-snippet":"max-snippet:-1","max-image-preview":"max-image-preview:large","max-video-preview":"max-video-preview:-1"},"canonical":"https:\/\/blogg.svenskakyrkan.se\/vandravagen\/2021\/10\/21\/en-bla-lank-i-bibeln\/","og_locale":"sv_SE","og_type":"article","og_title":"En bl\u00e5 l\u00e4nk i bibeln - Vandra V\u00e4gen","og_description":"Texten p\u00e5 bilden skrev jag om h\u00e4romdagen h\u00e4r p\u00e5 bloggen. Nu har jag trixat till en bl\u00e5 och understruken text i den s\u00e5 att den ska se ut som en hyperl\u00e4nk. F\u00f6r att illustrerar n\u00e5got alla borde veta om bibeltexter generellt. De \u00e4r fulla av l\u00e4nkar! P\u00e5 internet kan man ju klicka p\u00e5 l\u00e4nkar och [&hellip;]","og_url":"https:\/\/blogg.svenskakyrkan.se\/vandravagen\/2021\/10\/21\/en-bla-lank-i-bibeln\/","og_site_name":"Vandra V\u00e4gen","article_publisher":"http:\/\/facebook.com\/vandravagen","article_published_time":"2021-10-21T05:00:00+00:00","og_image":[{"width":872,"height":351,"url":"https:\/\/blogg.svenskakyrkan.se\/vandravagen\/files\/2021\/10\/Namnlost.png","type":"image\/png"}],"author":"Tomas Jarvid","twitter_card":"summary_large_image","twitter_creator":"@fadertomas","twitter_site":"@fadertomas","twitter_misc":{"Skriven av":"Tomas Jarvid","Ber\u00e4knad l\u00e4stid":"2 minuter"},"schema":{"@context":"https:\/\/schema.org","@graph":[{"@type":"Article","@id":"https:\/\/blogg.svenskakyrkan.se\/vandravagen\/2021\/10\/21\/en-bla-lank-i-bibeln\/#article","isPartOf":{"@id":"https:\/\/blogg.svenskakyrkan.se\/vandravagen\/2021\/10\/21\/en-bla-lank-i-bibeln\/"},"author":{"name":"Tomas Jarvid","@id":"https:\/\/blogg.svenskakyrkan.se\/vandravagen\/#\/schema\/person\/25da02d4f76b137d04291711e2c9fc16"},"headline":"En bl\u00e5 l\u00e4nk i bibeln","datePublished":"2021-10-21T05:00:00+00:00","mainEntityOfPage":{"@id":"https:\/\/blogg.svenskakyrkan.se\/vandravagen\/2021\/10\/21\/en-bla-lank-i-bibeln\/"},"wordCount":408,"commentCount":4,"publisher":{"@id":"https:\/\/blogg.svenskakyrkan.se\/vandravagen\/#organization"},"image":{"@id":"https:\/\/blogg.svenskakyrkan.se\/vandravagen\/2021\/10\/21\/en-bla-lank-i-bibeln\/#primaryimage"},"thumbnailUrl":"https:\/\/blogg.svenskakyrkan.se\/vandravagen\/files\/2021\/10\/Namnlost.png","articleSection":["bibel","bibelb\u00f6cker","Bibeln"],"inLanguage":"sv-SE","potentialAction":[{"@type":"CommentAction","name":"Comment","target":["https:\/\/blogg.svenskakyrkan.se\/vandravagen\/2021\/10\/21\/en-bla-lank-i-bibeln\/#respond"]}]},{"@type":"WebPage","@id":"https:\/\/blogg.svenskakyrkan.se\/vandravagen\/2021\/10\/21\/en-bla-lank-i-bibeln\/","url":"https:\/\/blogg.svenskakyrkan.se\/vandravagen\/2021\/10\/21\/en-bla-lank-i-bibeln\/","name":"En bl\u00e5 l\u00e4nk i bibeln - Vandra V\u00e4gen","isPartOf":{"@id":"https:\/\/blogg.svenskakyrkan.se\/vandravagen\/#website"},"primaryImageOfPage":{"@id":"https:\/\/blogg.svenskakyrkan.se\/vandravagen\/2021\/10\/21\/en-bla-lank-i-bibeln\/#primaryimage"},"image":{"@id":"https:\/\/blogg.svenskakyrkan.se\/vandravagen\/2021\/10\/21\/en-bla-lank-i-bibeln\/#primaryimage"},"thumbnailUrl":"https:\/\/blogg.svenskakyrkan.se\/vandravagen\/files\/2021\/10\/Namnlost.png","datePublished":"2021-10-21T05:00:00+00:00","breadcrumb":{"@id":"https:\/\/blogg.svenskakyrkan.se\/vandravagen\/2021\/10\/21\/en-bla-lank-i-bibeln\/#breadcrumb"},"inLanguage":"sv-SE","potentialAction":[{"@type":"ReadAction","target":["https:\/\/blogg.svenskakyrkan.se\/vandravagen\/2021\/10\/21\/en-bla-lank-i-bibeln\/"]}]},{"@type":"ImageObject","inLanguage":"sv-SE","@id":"https:\/\/blogg.svenskakyrkan.se\/vandravagen\/2021\/10\/21\/en-bla-lank-i-bibeln\/#primaryimage","url":"https:\/\/blogg.svenskakyrkan.se\/vandravagen\/files\/2021\/10\/Namnlost.png","contentUrl":"https:\/\/blogg.svenskakyrkan.se\/vandravagen\/files\/2021\/10\/Namnlost.png","width":872,"height":351},{"@type":"BreadcrumbList","@id":"https:\/\/blogg.svenskakyrkan.se\/vandravagen\/2021\/10\/21\/en-bla-lank-i-bibeln\/#breadcrumb","itemListElement":[{"@type":"ListItem","position":1,"name":"Hem","item":"https:\/\/blogg.svenskakyrkan.se\/vandravagen\/"},{"@type":"ListItem","position":2,"name":"En bl\u00e5 l\u00e4nk i bibeln"}]},{"@type":"WebSite","@id":"https:\/\/blogg.svenskakyrkan.se\/vandravagen\/#website","url":"https:\/\/blogg.svenskakyrkan.se\/vandravagen\/","name":"Vandra V\u00e4gen","description":"-Mot en tro f\u00f6r hela livet","publisher":{"@id":"https:\/\/blogg.svenskakyrkan.se\/vandravagen\/#organization"},"potentialAction":[{"@type":"SearchAction","target":{"@type":"EntryPoint","urlTemplate":"https:\/\/blogg.svenskakyrkan.se\/vandravagen\/?s={search_term_string}"},"query-input":{"@type":"PropertyValueSpecification","valueRequired":true,"valueName":"search_term_string"}}],"inLanguage":"sv-SE"},{"@type":"Organization","@id":"https:\/\/blogg.svenskakyrkan.se\/vandravagen\/#organization","name":"ulricehamns pastorat","alternateName":"ulricehamns pastorat","url":"https:\/\/blogg.svenskakyrkan.se\/vandravagen\/","logo":{"@type":"ImageObject","inLanguage":"sv-SE","@id":"https:\/\/blogg.svenskakyrkan.se\/vandravagen\/#\/schema\/logo\/image\/","url":"https:\/\/blogg.svenskakyrkan.se\/vandravagen\/files\/2023\/05\/Ulr_logo_RGB.png","contentUrl":"https:\/\/blogg.svenskakyrkan.se\/vandravagen\/files\/2023\/05\/Ulr_logo_RGB.png","width":205,"height":77,"caption":"ulricehamns pastorat"},"image":{"@id":"https:\/\/blogg.svenskakyrkan.se\/vandravagen\/#\/schema\/logo\/image\/"},"sameAs":["http:\/\/facebook.com\/vandravagen","https:\/\/x.com\/fadertomas","http:\/\/www.facebook.com\/svenskakyrkaniulricehamn"]},{"@type":"Person","@id":"https:\/\/blogg.svenskakyrkan.se\/vandravagen\/#\/schema\/person\/25da02d4f76b137d04291711e2c9fc16","name":"Tomas Jarvid","image":{"@type":"ImageObject","inLanguage":"sv-SE","@id":"https:\/\/blogg.svenskakyrkan.se\/vandravagen\/#\/schema\/person\/image\/","url":"https:\/\/secure.gravatar.com\/avatar\/7fa71899795e8f540f615a1f5ab25255dc27aa40f05ee7ddd21aac521e01bf50?s=96&d=identicon&r=g","contentUrl":"https:\/\/secure.gravatar.com\/avatar\/7fa71899795e8f540f615a1f5ab25255dc27aa40f05ee7ddd21aac521e01bf50?s=96&d=identicon&r=g","caption":"Tomas Jarvid"},"description":"Jag bor i Ulricehamn i V\u00e4sterg\u00f6tland och \u00e4r f\u00f6rsamlingspr\u00e4st i Svenska Kyrkan f\u00f6r Dalstorps f\u00f6rsamling i Kinds pastorat. P\u00e5 den h\u00e4r bloggen skriver jag ner tankar om vandringen som kristen.","sameAs":["http:\/\/www.vandravagen.se"],"url":"https:\/\/blogg.svenskakyrkan.se\/vandravagen\/author\/vandravagen\/"}]}},"author_meta":{"ID":"392","user_nicename":"vandravagen","user_url":"http:\/\/www.vandravagen.se","user_registered":"2014-05-19 05:44:52","display_name":"Tomas Jarvid","first_name":"Tomas","last_name":"Jarvid","avatar":"https:\/\/secure.gravatar.com\/avatar\/7fa71899795e8f540f615a1f5ab25255dc27aa40f05ee7ddd21aac521e01bf50?s=96&d=identicon&r=g"},"featured_image":["https:\/\/blogg.svenskakyrkan.se\/vandravagen\/files\/2021\/10\/Namnlost.png",872,351,false],"bloginfo":{"name":"Vandra V\u00e4gen","url":"https:\/\/blogg.svenskakyrkan.se\/vandravagen"},"_links":{"self":[{"href":"https:\/\/blogg.svenskakyrkan.se\/vandravagen\/wp-json\/wp\/v2\/posts\/8665","targetHints":{"allow":["GET"]}}],"collection":[{"href":"https:\/\/blogg.svenskakyrkan.se\/vandravagen\/wp-json\/wp\/v2\/posts"}],"about":[{"href":"https:\/\/blogg.svenskakyrkan.se\/vandravagen\/wp-json\/wp\/v2\/types\/post"}],"author":[{"embeddable":true,"href":"https:\/\/blogg.svenskakyrkan.se\/vandravagen\/wp-json\/wp\/v2\/users\/392"}],"replies":[{"embeddable":true,"href":"https:\/\/blogg.svenskakyrkan.se\/vandravagen\/wp-json\/wp\/v2\/comments?post=8665"}],"version-history":[{"count":2,"href":"https:\/\/blogg.svenskakyrkan.se\/vandravagen\/wp-json\/wp\/v2\/posts\/8665\/revisions"}],"predecessor-version":[{"id":8672,"href":"https:\/\/blogg.svenskakyrkan.se\/vandravagen\/wp-json\/wp\/v2\/posts\/8665\/revisions\/8672"}],"wp:featuredmedia":[{"embeddable":true,"href":"https:\/\/blogg.svenskakyrkan.se\/vandravagen\/wp-json\/wp\/v2\/media\/8666"}],"wp:attachment":[{"href":"https:\/\/blogg.svenskakyrkan.se\/vandravagen\/wp-json\/wp\/v2\/media?parent=8665"}],"wp:term":[{"taxonomy":"category","embeddable":true,"href":"https:\/\/blogg.svenskakyrkan.se\/vandravagen\/wp-json\/wp\/v2\/categories?post=8665"},{"taxonomy":"post_tag","embeddable":true,"href":"https:\/\/blogg.svenskakyrkan.se\/vandravagen\/wp-json\/wp\/v2\/tags?post=8665"}],"curies":[{"name":"wp","href":"https:\/\/api.w.org\/{rel}","templated":true}]}}