{"id":8673,"date":"2021-10-27T07:00:00","date_gmt":"2021-10-27T05:00:00","guid":{"rendered":"https:\/\/blogg.svenskakyrkan.se\/vandravagen\/?p=8673"},"modified":"2021-10-26T22:26:22","modified_gmt":"2021-10-26T20:26:22","slug":"bibeln-som-meditationstext","status":"publish","type":"post","link":"https:\/\/blogg.svenskakyrkan.se\/vandravagen\/2021\/10\/27\/bibeln-som-meditationstext\/","title":{"rendered":"Bibeln som meditationstext"},"content":{"rendered":"\n\n\n<figure class=\"wp-block-image size-large is-style-default\"><img loading=\"lazy\" decoding=\"async\" width=\"1024\" height=\"1391\" src=\"https:\/\/blogg.svenskakyrkan.se\/vandravagen\/files\/2021\/10\/IMG_9425-1024x1391.jpg\" alt=\"\" class=\"wp-image-8674\" srcset=\"https:\/\/blogg.svenskakyrkan.se\/vandravagen\/files\/2021\/10\/IMG_9425-1024x1391.jpg 1024w, https:\/\/blogg.svenskakyrkan.se\/vandravagen\/files\/2021\/10\/IMG_9425-300x407.jpg 300w, https:\/\/blogg.svenskakyrkan.se\/vandravagen\/files\/2021\/10\/IMG_9425-768x1043.jpg 768w, https:\/\/blogg.svenskakyrkan.se\/vandravagen\/files\/2021\/10\/IMG_9425-1131x1536.jpg 1131w, https:\/\/blogg.svenskakyrkan.se\/vandravagen\/files\/2021\/10\/IMG_9425-1200x1630.jpg 1200w, https:\/\/blogg.svenskakyrkan.se\/vandravagen\/files\/2021\/10\/IMG_9425.jpg 1508w\" sizes=\"auto, (max-width: 1024px) 100vw, 1024px\" \/><figcaption>Judith med Holofernes avhuggna huvud. En apokryf bibelbok som i sig sj\u00e4lv verkar vara en meditation \u00f6ver det judiska folkets situation?<\/figcaption><\/figure>\n\n\n\n<p>Jag har skrivit ganska mycket h\u00e4r om att l\u00e4sa och f\u00f6rst\u00e5 sig p\u00e5 bibeln. Senast om att bibeln \u00e4r full med l\u00e4nkar. Idag vill jag l\u00e4gga till att bibeln \u00e4r en text att meditera \u00f6ver. <\/p>\n\n\n\n<p>Det kan verka orimligt utifr\u00e5n att bibeln inneh\u00e5ller m\u00e5nga sv\u00e5rbegripliga texter. Ofta har man fullt upp med att f\u00f6rst\u00e5 vad man l\u00e4ser \u00f6ver huvud taget. Men h\u00e4ng med!<\/p>\n\n\n\n<p>Jag lyssnar mycket p\u00e5 ljudb\u00f6cker nu och n\u00e4r man lyssnar p\u00e5 det s\u00e4ttet p\u00e5 en bok i n\u00e5got ganska v\u00e4lbekant \u00e4mne s\u00e5 kan man hinna fundera mycket samtidigt p\u00e5 det man l\u00e4ser. D\u00e5 f\u00e5r jag ofta en k\u00e4nsla av att det viktigaste just nu egentligen inte \u00e4r jag tar del av en massa ny information (det kanske jag inte g\u00f6r), utan mer att jag f\u00e5r ett tillf\u00e4lle i n\u00e5gra timmar att fundera p\u00e5 \u00e4mnet. F\u00f6r en stund f\u00e5r jag rikta uppm\u00e4rksamheten mot mossornas v\u00e4rld eller retoriska finesser eller vad boken nu handlar om. Det blir som en meditation \u00f6ver de \u00e4mnena. <\/p>\n\n\n\n<p>Samma sak h\u00e4nder ocks\u00e5 n\u00e4r man l\u00e4ser om en bok (det g\u00f6r jag inte s\u00e5 ofta) och liksom redan vet hur det g\u00e5r. Det \u00e4r inte f\u00f6r att f\u00e5 veta hur det g\u00e5r man l\u00e4ser utan f\u00f6r att leva in sig i handlingen i boken. T\u00e4nker h\u00e4r p\u00e5 inbitna Harry Potter-fans och andra som kan b\u00f6cker utan och innan men som forts\u00e4tter att l\u00e4sa om och l\u00e4sa om f\u00f6r att f\u00e5 leva i den v\u00e4rlden och fundera p\u00e5 sina egna liv utifr\u00e5n det de  l\u00e4ser.<\/p>\n\n\n\n<p>Precis s\u00e5 t\u00e4nker jag att bibeln fungerar f\u00f6r den som blivit v\u00e4lbekant med den. Vi &#8221;vet hur det g\u00e5r&#8221; och bibeln \u00e4r \u00f6ver huvud taget inte n\u00e5gon faktabok som man l\u00e4ser f\u00f6r att l\u00e4ra sig nya fakta. D\u00e4remot f\u00e5r vi leva med ber\u00e4ttelserna och fundera om och om igen p\u00e5 hur de passar ihop med varandra och vad de vill s\u00e4ga oss. Bibelns ber\u00e4ttelser har s\u00e4llan en tydlig sensmoral heller utan betydelsen f\u00e5r just ge sig med tiden.<\/p>\n\n\n\n<p>Att bibeln \u00e4r &#8221;meditationslitteratur&#8221; har jag f\u00e5tt fr\u00e5n &#8221;the bible project&#8221; som jag som vanligt rekommenderar varmt. Vi f\u00e5r t\u00e4nka oss att bibeln tillkommit i en kultur som levt med texterna i \u00e5rhundraden och ber\u00e4ttat dem om och om igen. Det jag skrev om l\u00e4nkar i bibeln \u00e4r exempel p\u00e5 hur de som tecknat ner texterna s\u00e5g att de relaterade till varandra. <\/p>\n\n\n\n<p>S\u00e5 bibeln \u00e4r en bok vi l\u00e4ser f\u00f6r att f\u00e5 tillf\u00e4lle att se p\u00e5 v\u00e4rlden ur ett annat perspektiv, att &#8221;jorden \u00e4r Herrens och allt det rymmer&#8221;. Och sedan se oss omkring och se p\u00e5 v\u00e4rlden omkring oss med samma blick.<\/p>\n\n\n\n<p>Vad s\u00e4ger du om detta? Skriv en rad och ber\u00e4tta!<\/p>\n\n\n\n<p><\/p>\n","protected":false},"excerpt":{"rendered":"<p>Jag har skrivit ganska mycket h\u00e4r om att l\u00e4sa och f\u00f6rst\u00e5 sig p\u00e5 bibeln. Senast om att bibeln \u00e4r full med l\u00e4nkar. Idag vill jag l\u00e4gga till att bibeln \u00e4r en text att meditera \u00f6ver. Det kan verka orimligt utifr\u00e5n att bibeln inneh\u00e5ller m\u00e5nga sv\u00e5rbegripliga texter. Ofta har man fullt upp med att f\u00f6rst\u00e5 vad [&hellip;]<\/p>\n","protected":false},"author":392,"featured_media":8674,"comment_status":"open","ping_status":"open","sticky":false,"template":"","format":"standard","meta":{"_acf_changed":false,"footnotes":""},"categories":[14252,81118,8298],"tags":[],"class_list":["post-8673","post","type-post","status-publish","format-standard","has-post-thumbnail","hentry","category-bibel","category-bibelbocker","category-bibeln"],"acf":[],"yoast_head":"<!-- This site is optimized with the Yoast SEO plugin v27.1.1 - https:\/\/yoast.com\/product\/yoast-seo-wordpress\/ -->\n<title>Bibeln som meditationstext - Vandra V\u00e4gen<\/title>\n<meta name=\"robots\" content=\"index, follow, max-snippet:-1, max-image-preview:large, max-video-preview:-1\" \/>\n<link rel=\"canonical\" href=\"https:\/\/blogg.svenskakyrkan.se\/vandravagen\/2021\/10\/27\/bibeln-som-meditationstext\/\" \/>\n<meta property=\"og:locale\" content=\"sv_SE\" \/>\n<meta property=\"og:type\" content=\"article\" \/>\n<meta property=\"og:title\" content=\"Bibeln som meditationstext - Vandra V\u00e4gen\" \/>\n<meta property=\"og:description\" content=\"Jag har skrivit ganska mycket h\u00e4r om att l\u00e4sa och f\u00f6rst\u00e5 sig p\u00e5 bibeln. Senast om att bibeln \u00e4r full med l\u00e4nkar. Idag vill jag l\u00e4gga till att bibeln \u00e4r en text att meditera \u00f6ver. Det kan verka orimligt utifr\u00e5n att bibeln inneh\u00e5ller m\u00e5nga sv\u00e5rbegripliga texter. Ofta har man fullt upp med att f\u00f6rst\u00e5 vad [&hellip;]\" \/>\n<meta property=\"og:url\" content=\"https:\/\/blogg.svenskakyrkan.se\/vandravagen\/2021\/10\/27\/bibeln-som-meditationstext\/\" \/>\n<meta property=\"og:site_name\" content=\"Vandra V\u00e4gen\" \/>\n<meta property=\"article:publisher\" content=\"http:\/\/facebook.com\/vandravagen\" \/>\n<meta property=\"article:published_time\" content=\"2021-10-27T05:00:00+00:00\" \/>\n<meta property=\"og:image\" content=\"https:\/\/blogg.svenskakyrkan.se\/vandravagen\/files\/2021\/10\/IMG_9425.jpg\" \/>\n\t<meta property=\"og:image:width\" content=\"1508\" \/>\n\t<meta property=\"og:image:height\" content=\"2048\" \/>\n\t<meta property=\"og:image:type\" content=\"image\/jpeg\" \/>\n<meta name=\"author\" content=\"Tomas Jarvid\" \/>\n<meta name=\"twitter:card\" content=\"summary_large_image\" \/>\n<meta name=\"twitter:creator\" content=\"@fadertomas\" \/>\n<meta name=\"twitter:site\" content=\"@fadertomas\" \/>\n<meta name=\"twitter:label1\" content=\"Skriven av\" \/>\n\t<meta name=\"twitter:data1\" content=\"Tomas Jarvid\" \/>\n\t<meta name=\"twitter:label2\" content=\"Ber\u00e4knad l\u00e4stid\" \/>\n\t<meta name=\"twitter:data2\" content=\"3 minuter\" \/>\n<script type=\"application\/ld+json\" class=\"yoast-schema-graph\">{\"@context\":\"https:\/\/schema.org\",\"@graph\":[{\"@type\":\"Article\",\"@id\":\"https:\/\/blogg.svenskakyrkan.se\/vandravagen\/2021\/10\/27\/bibeln-som-meditationstext\/#article\",\"isPartOf\":{\"@id\":\"https:\/\/blogg.svenskakyrkan.se\/vandravagen\/2021\/10\/27\/bibeln-som-meditationstext\/\"},\"author\":{\"name\":\"Tomas Jarvid\",\"@id\":\"https:\/\/blogg.svenskakyrkan.se\/vandravagen\/#\/schema\/person\/25da02d4f76b137d04291711e2c9fc16\"},\"headline\":\"Bibeln som meditationstext\",\"datePublished\":\"2021-10-27T05:00:00+00:00\",\"mainEntityOfPage\":{\"@id\":\"https:\/\/blogg.svenskakyrkan.se\/vandravagen\/2021\/10\/27\/bibeln-som-meditationstext\/\"},\"wordCount\":541,\"commentCount\":6,\"publisher\":{\"@id\":\"https:\/\/blogg.svenskakyrkan.se\/vandravagen\/#organization\"},\"image\":{\"@id\":\"https:\/\/blogg.svenskakyrkan.se\/vandravagen\/2021\/10\/27\/bibeln-som-meditationstext\/#primaryimage\"},\"thumbnailUrl\":\"https:\/\/blogg.svenskakyrkan.se\/vandravagen\/files\/2021\/10\/IMG_9425.jpg\",\"articleSection\":[\"bibel\",\"bibelb\u00f6cker\",\"Bibeln\"],\"inLanguage\":\"sv-SE\",\"potentialAction\":[{\"@type\":\"CommentAction\",\"name\":\"Comment\",\"target\":[\"https:\/\/blogg.svenskakyrkan.se\/vandravagen\/2021\/10\/27\/bibeln-som-meditationstext\/#respond\"]}]},{\"@type\":\"WebPage\",\"@id\":\"https:\/\/blogg.svenskakyrkan.se\/vandravagen\/2021\/10\/27\/bibeln-som-meditationstext\/\",\"url\":\"https:\/\/blogg.svenskakyrkan.se\/vandravagen\/2021\/10\/27\/bibeln-som-meditationstext\/\",\"name\":\"Bibeln som meditationstext - Vandra V\u00e4gen\",\"isPartOf\":{\"@id\":\"https:\/\/blogg.svenskakyrkan.se\/vandravagen\/#website\"},\"primaryImageOfPage\":{\"@id\":\"https:\/\/blogg.svenskakyrkan.se\/vandravagen\/2021\/10\/27\/bibeln-som-meditationstext\/#primaryimage\"},\"image\":{\"@id\":\"https:\/\/blogg.svenskakyrkan.se\/vandravagen\/2021\/10\/27\/bibeln-som-meditationstext\/#primaryimage\"},\"thumbnailUrl\":\"https:\/\/blogg.svenskakyrkan.se\/vandravagen\/files\/2021\/10\/IMG_9425.jpg\",\"datePublished\":\"2021-10-27T05:00:00+00:00\",\"breadcrumb\":{\"@id\":\"https:\/\/blogg.svenskakyrkan.se\/vandravagen\/2021\/10\/27\/bibeln-som-meditationstext\/#breadcrumb\"},\"inLanguage\":\"sv-SE\",\"potentialAction\":[{\"@type\":\"ReadAction\",\"target\":[\"https:\/\/blogg.svenskakyrkan.se\/vandravagen\/2021\/10\/27\/bibeln-som-meditationstext\/\"]}]},{\"@type\":\"ImageObject\",\"inLanguage\":\"sv-SE\",\"@id\":\"https:\/\/blogg.svenskakyrkan.se\/vandravagen\/2021\/10\/27\/bibeln-som-meditationstext\/#primaryimage\",\"url\":\"https:\/\/blogg.svenskakyrkan.se\/vandravagen\/files\/2021\/10\/IMG_9425.jpg\",\"contentUrl\":\"https:\/\/blogg.svenskakyrkan.se\/vandravagen\/files\/2021\/10\/IMG_9425.jpg\",\"width\":1508,\"height\":2048},{\"@type\":\"BreadcrumbList\",\"@id\":\"https:\/\/blogg.svenskakyrkan.se\/vandravagen\/2021\/10\/27\/bibeln-som-meditationstext\/#breadcrumb\",\"itemListElement\":[{\"@type\":\"ListItem\",\"position\":1,\"name\":\"Hem\",\"item\":\"https:\/\/blogg.svenskakyrkan.se\/vandravagen\/\"},{\"@type\":\"ListItem\",\"position\":2,\"name\":\"Bibeln som meditationstext\"}]},{\"@type\":\"WebSite\",\"@id\":\"https:\/\/blogg.svenskakyrkan.se\/vandravagen\/#website\",\"url\":\"https:\/\/blogg.svenskakyrkan.se\/vandravagen\/\",\"name\":\"Vandra V\u00e4gen\",\"description\":\"-Mot en tro f\u00f6r hela livet\",\"publisher\":{\"@id\":\"https:\/\/blogg.svenskakyrkan.se\/vandravagen\/#organization\"},\"potentialAction\":[{\"@type\":\"SearchAction\",\"target\":{\"@type\":\"EntryPoint\",\"urlTemplate\":\"https:\/\/blogg.svenskakyrkan.se\/vandravagen\/?s={search_term_string}\"},\"query-input\":{\"@type\":\"PropertyValueSpecification\",\"valueRequired\":true,\"valueName\":\"search_term_string\"}}],\"inLanguage\":\"sv-SE\"},{\"@type\":\"Organization\",\"@id\":\"https:\/\/blogg.svenskakyrkan.se\/vandravagen\/#organization\",\"name\":\"ulricehamns pastorat\",\"alternateName\":\"ulricehamns pastorat\",\"url\":\"https:\/\/blogg.svenskakyrkan.se\/vandravagen\/\",\"logo\":{\"@type\":\"ImageObject\",\"inLanguage\":\"sv-SE\",\"@id\":\"https:\/\/blogg.svenskakyrkan.se\/vandravagen\/#\/schema\/logo\/image\/\",\"url\":\"https:\/\/blogg.svenskakyrkan.se\/vandravagen\/files\/2023\/05\/Ulr_logo_RGB.png\",\"contentUrl\":\"https:\/\/blogg.svenskakyrkan.se\/vandravagen\/files\/2023\/05\/Ulr_logo_RGB.png\",\"width\":205,\"height\":77,\"caption\":\"ulricehamns pastorat\"},\"image\":{\"@id\":\"https:\/\/blogg.svenskakyrkan.se\/vandravagen\/#\/schema\/logo\/image\/\"},\"sameAs\":[\"http:\/\/facebook.com\/vandravagen\",\"https:\/\/x.com\/fadertomas\",\"http:\/\/www.facebook.com\/svenskakyrkaniulricehamn\"]},{\"@type\":\"Person\",\"@id\":\"https:\/\/blogg.svenskakyrkan.se\/vandravagen\/#\/schema\/person\/25da02d4f76b137d04291711e2c9fc16\",\"name\":\"Tomas Jarvid\",\"image\":{\"@type\":\"ImageObject\",\"inLanguage\":\"sv-SE\",\"@id\":\"https:\/\/blogg.svenskakyrkan.se\/vandravagen\/#\/schema\/person\/image\/\",\"url\":\"https:\/\/secure.gravatar.com\/avatar\/7fa71899795e8f540f615a1f5ab25255dc27aa40f05ee7ddd21aac521e01bf50?s=96&d=identicon&r=g\",\"contentUrl\":\"https:\/\/secure.gravatar.com\/avatar\/7fa71899795e8f540f615a1f5ab25255dc27aa40f05ee7ddd21aac521e01bf50?s=96&d=identicon&r=g\",\"caption\":\"Tomas Jarvid\"},\"description\":\"Jag bor i Ulricehamn i V\u00e4sterg\u00f6tland och \u00e4r f\u00f6rsamlingspr\u00e4st i Svenska Kyrkan f\u00f6r Dalstorps f\u00f6rsamling i Kinds pastorat. P\u00e5 den h\u00e4r bloggen skriver jag ner tankar om vandringen som kristen.\",\"sameAs\":[\"http:\/\/www.vandravagen.se\"],\"url\":\"https:\/\/blogg.svenskakyrkan.se\/vandravagen\/author\/vandravagen\/\"}]}<\/script>\n<!-- \/ Yoast SEO plugin. -->","yoast_head_json":{"title":"Bibeln som meditationstext - Vandra V\u00e4gen","robots":{"index":"index","follow":"follow","max-snippet":"max-snippet:-1","max-image-preview":"max-image-preview:large","max-video-preview":"max-video-preview:-1"},"canonical":"https:\/\/blogg.svenskakyrkan.se\/vandravagen\/2021\/10\/27\/bibeln-som-meditationstext\/","og_locale":"sv_SE","og_type":"article","og_title":"Bibeln som meditationstext - Vandra V\u00e4gen","og_description":"Jag har skrivit ganska mycket h\u00e4r om att l\u00e4sa och f\u00f6rst\u00e5 sig p\u00e5 bibeln. Senast om att bibeln \u00e4r full med l\u00e4nkar. Idag vill jag l\u00e4gga till att bibeln \u00e4r en text att meditera \u00f6ver. Det kan verka orimligt utifr\u00e5n att bibeln inneh\u00e5ller m\u00e5nga sv\u00e5rbegripliga texter. Ofta har man fullt upp med att f\u00f6rst\u00e5 vad [&hellip;]","og_url":"https:\/\/blogg.svenskakyrkan.se\/vandravagen\/2021\/10\/27\/bibeln-som-meditationstext\/","og_site_name":"Vandra V\u00e4gen","article_publisher":"http:\/\/facebook.com\/vandravagen","article_published_time":"2021-10-27T05:00:00+00:00","og_image":[{"width":1508,"height":2048,"url":"https:\/\/blogg.svenskakyrkan.se\/vandravagen\/files\/2021\/10\/IMG_9425.jpg","type":"image\/jpeg"}],"author":"Tomas Jarvid","twitter_card":"summary_large_image","twitter_creator":"@fadertomas","twitter_site":"@fadertomas","twitter_misc":{"Skriven av":"Tomas Jarvid","Ber\u00e4knad l\u00e4stid":"3 minuter"},"schema":{"@context":"https:\/\/schema.org","@graph":[{"@type":"Article","@id":"https:\/\/blogg.svenskakyrkan.se\/vandravagen\/2021\/10\/27\/bibeln-som-meditationstext\/#article","isPartOf":{"@id":"https:\/\/blogg.svenskakyrkan.se\/vandravagen\/2021\/10\/27\/bibeln-som-meditationstext\/"},"author":{"name":"Tomas Jarvid","@id":"https:\/\/blogg.svenskakyrkan.se\/vandravagen\/#\/schema\/person\/25da02d4f76b137d04291711e2c9fc16"},"headline":"Bibeln som meditationstext","datePublished":"2021-10-27T05:00:00+00:00","mainEntityOfPage":{"@id":"https:\/\/blogg.svenskakyrkan.se\/vandravagen\/2021\/10\/27\/bibeln-som-meditationstext\/"},"wordCount":541,"commentCount":6,"publisher":{"@id":"https:\/\/blogg.svenskakyrkan.se\/vandravagen\/#organization"},"image":{"@id":"https:\/\/blogg.svenskakyrkan.se\/vandravagen\/2021\/10\/27\/bibeln-som-meditationstext\/#primaryimage"},"thumbnailUrl":"https:\/\/blogg.svenskakyrkan.se\/vandravagen\/files\/2021\/10\/IMG_9425.jpg","articleSection":["bibel","bibelb\u00f6cker","Bibeln"],"inLanguage":"sv-SE","potentialAction":[{"@type":"CommentAction","name":"Comment","target":["https:\/\/blogg.svenskakyrkan.se\/vandravagen\/2021\/10\/27\/bibeln-som-meditationstext\/#respond"]}]},{"@type":"WebPage","@id":"https:\/\/blogg.svenskakyrkan.se\/vandravagen\/2021\/10\/27\/bibeln-som-meditationstext\/","url":"https:\/\/blogg.svenskakyrkan.se\/vandravagen\/2021\/10\/27\/bibeln-som-meditationstext\/","name":"Bibeln som meditationstext - Vandra V\u00e4gen","isPartOf":{"@id":"https:\/\/blogg.svenskakyrkan.se\/vandravagen\/#website"},"primaryImageOfPage":{"@id":"https:\/\/blogg.svenskakyrkan.se\/vandravagen\/2021\/10\/27\/bibeln-som-meditationstext\/#primaryimage"},"image":{"@id":"https:\/\/blogg.svenskakyrkan.se\/vandravagen\/2021\/10\/27\/bibeln-som-meditationstext\/#primaryimage"},"thumbnailUrl":"https:\/\/blogg.svenskakyrkan.se\/vandravagen\/files\/2021\/10\/IMG_9425.jpg","datePublished":"2021-10-27T05:00:00+00:00","breadcrumb":{"@id":"https:\/\/blogg.svenskakyrkan.se\/vandravagen\/2021\/10\/27\/bibeln-som-meditationstext\/#breadcrumb"},"inLanguage":"sv-SE","potentialAction":[{"@type":"ReadAction","target":["https:\/\/blogg.svenskakyrkan.se\/vandravagen\/2021\/10\/27\/bibeln-som-meditationstext\/"]}]},{"@type":"ImageObject","inLanguage":"sv-SE","@id":"https:\/\/blogg.svenskakyrkan.se\/vandravagen\/2021\/10\/27\/bibeln-som-meditationstext\/#primaryimage","url":"https:\/\/blogg.svenskakyrkan.se\/vandravagen\/files\/2021\/10\/IMG_9425.jpg","contentUrl":"https:\/\/blogg.svenskakyrkan.se\/vandravagen\/files\/2021\/10\/IMG_9425.jpg","width":1508,"height":2048},{"@type":"BreadcrumbList","@id":"https:\/\/blogg.svenskakyrkan.se\/vandravagen\/2021\/10\/27\/bibeln-som-meditationstext\/#breadcrumb","itemListElement":[{"@type":"ListItem","position":1,"name":"Hem","item":"https:\/\/blogg.svenskakyrkan.se\/vandravagen\/"},{"@type":"ListItem","position":2,"name":"Bibeln som meditationstext"}]},{"@type":"WebSite","@id":"https:\/\/blogg.svenskakyrkan.se\/vandravagen\/#website","url":"https:\/\/blogg.svenskakyrkan.se\/vandravagen\/","name":"Vandra V\u00e4gen","description":"-Mot en tro f\u00f6r hela livet","publisher":{"@id":"https:\/\/blogg.svenskakyrkan.se\/vandravagen\/#organization"},"potentialAction":[{"@type":"SearchAction","target":{"@type":"EntryPoint","urlTemplate":"https:\/\/blogg.svenskakyrkan.se\/vandravagen\/?s={search_term_string}"},"query-input":{"@type":"PropertyValueSpecification","valueRequired":true,"valueName":"search_term_string"}}],"inLanguage":"sv-SE"},{"@type":"Organization","@id":"https:\/\/blogg.svenskakyrkan.se\/vandravagen\/#organization","name":"ulricehamns pastorat","alternateName":"ulricehamns pastorat","url":"https:\/\/blogg.svenskakyrkan.se\/vandravagen\/","logo":{"@type":"ImageObject","inLanguage":"sv-SE","@id":"https:\/\/blogg.svenskakyrkan.se\/vandravagen\/#\/schema\/logo\/image\/","url":"https:\/\/blogg.svenskakyrkan.se\/vandravagen\/files\/2023\/05\/Ulr_logo_RGB.png","contentUrl":"https:\/\/blogg.svenskakyrkan.se\/vandravagen\/files\/2023\/05\/Ulr_logo_RGB.png","width":205,"height":77,"caption":"ulricehamns pastorat"},"image":{"@id":"https:\/\/blogg.svenskakyrkan.se\/vandravagen\/#\/schema\/logo\/image\/"},"sameAs":["http:\/\/facebook.com\/vandravagen","https:\/\/x.com\/fadertomas","http:\/\/www.facebook.com\/svenskakyrkaniulricehamn"]},{"@type":"Person","@id":"https:\/\/blogg.svenskakyrkan.se\/vandravagen\/#\/schema\/person\/25da02d4f76b137d04291711e2c9fc16","name":"Tomas Jarvid","image":{"@type":"ImageObject","inLanguage":"sv-SE","@id":"https:\/\/blogg.svenskakyrkan.se\/vandravagen\/#\/schema\/person\/image\/","url":"https:\/\/secure.gravatar.com\/avatar\/7fa71899795e8f540f615a1f5ab25255dc27aa40f05ee7ddd21aac521e01bf50?s=96&d=identicon&r=g","contentUrl":"https:\/\/secure.gravatar.com\/avatar\/7fa71899795e8f540f615a1f5ab25255dc27aa40f05ee7ddd21aac521e01bf50?s=96&d=identicon&r=g","caption":"Tomas Jarvid"},"description":"Jag bor i Ulricehamn i V\u00e4sterg\u00f6tland och \u00e4r f\u00f6rsamlingspr\u00e4st i Svenska Kyrkan f\u00f6r Dalstorps f\u00f6rsamling i Kinds pastorat. P\u00e5 den h\u00e4r bloggen skriver jag ner tankar om vandringen som kristen.","sameAs":["http:\/\/www.vandravagen.se"],"url":"https:\/\/blogg.svenskakyrkan.se\/vandravagen\/author\/vandravagen\/"}]}},"author_meta":{"ID":"392","user_nicename":"vandravagen","user_url":"http:\/\/www.vandravagen.se","user_registered":"2014-05-19 05:44:52","display_name":"Tomas Jarvid","first_name":"Tomas","last_name":"Jarvid","avatar":"https:\/\/secure.gravatar.com\/avatar\/7fa71899795e8f540f615a1f5ab25255dc27aa40f05ee7ddd21aac521e01bf50?s=96&d=identicon&r=g"},"featured_image":["https:\/\/blogg.svenskakyrkan.se\/vandravagen\/files\/2021\/10\/IMG_9425-1024x1391.jpg",1024,1391,true],"bloginfo":{"name":"Vandra V\u00e4gen","url":"https:\/\/blogg.svenskakyrkan.se\/vandravagen"},"_links":{"self":[{"href":"https:\/\/blogg.svenskakyrkan.se\/vandravagen\/wp-json\/wp\/v2\/posts\/8673","targetHints":{"allow":["GET"]}}],"collection":[{"href":"https:\/\/blogg.svenskakyrkan.se\/vandravagen\/wp-json\/wp\/v2\/posts"}],"about":[{"href":"https:\/\/blogg.svenskakyrkan.se\/vandravagen\/wp-json\/wp\/v2\/types\/post"}],"author":[{"embeddable":true,"href":"https:\/\/blogg.svenskakyrkan.se\/vandravagen\/wp-json\/wp\/v2\/users\/392"}],"replies":[{"embeddable":true,"href":"https:\/\/blogg.svenskakyrkan.se\/vandravagen\/wp-json\/wp\/v2\/comments?post=8673"}],"version-history":[{"count":1,"href":"https:\/\/blogg.svenskakyrkan.se\/vandravagen\/wp-json\/wp\/v2\/posts\/8673\/revisions"}],"predecessor-version":[{"id":8675,"href":"https:\/\/blogg.svenskakyrkan.se\/vandravagen\/wp-json\/wp\/v2\/posts\/8673\/revisions\/8675"}],"wp:featuredmedia":[{"embeddable":true,"href":"https:\/\/blogg.svenskakyrkan.se\/vandravagen\/wp-json\/wp\/v2\/media\/8674"}],"wp:attachment":[{"href":"https:\/\/blogg.svenskakyrkan.se\/vandravagen\/wp-json\/wp\/v2\/media?parent=8673"}],"wp:term":[{"taxonomy":"category","embeddable":true,"href":"https:\/\/blogg.svenskakyrkan.se\/vandravagen\/wp-json\/wp\/v2\/categories?post=8673"},{"taxonomy":"post_tag","embeddable":true,"href":"https:\/\/blogg.svenskakyrkan.se\/vandravagen\/wp-json\/wp\/v2\/tags?post=8673"}],"curies":[{"name":"wp","href":"https:\/\/api.w.org\/{rel}","templated":true}]}}