{"id":8676,"date":"2021-10-24T07:00:00","date_gmt":"2021-10-24T05:00:00","guid":{"rendered":"https:\/\/blogg.svenskakyrkan.se\/vandravagen\/?p=8676"},"modified":"2021-10-24T08:26:20","modified_gmt":"2021-10-24T06:26:20","slug":"8-blandade-tankar-pa-sondagen-63","status":"publish","type":"post","link":"https:\/\/blogg.svenskakyrkan.se\/vandravagen\/2021\/10\/24\/8-blandade-tankar-pa-sondagen-63\/","title":{"rendered":"8 blandade tankar p\u00e5 s\u00f6ndagen"},"content":{"rendered":"\n\n\n<figure class=\"wp-block-image size-large is-style-default\"><img loading=\"lazy\" decoding=\"async\" width=\"750\" height=\"761\" src=\"https:\/\/blogg.svenskakyrkan.se\/vandravagen\/files\/2021\/10\/IMG_9506.jpg\" alt=\"\" class=\"wp-image-8677\" srcset=\"https:\/\/blogg.svenskakyrkan.se\/vandravagen\/files\/2021\/10\/IMG_9506.jpg 750w, https:\/\/blogg.svenskakyrkan.se\/vandravagen\/files\/2021\/10\/IMG_9506-300x304.jpg 300w\" sizes=\"auto, (max-width: 750px) 100vw, 750px\" \/><figcaption>Tr\u00f6tt moder Maria med piggt Jesusbarn. En otraditionell ikon.<\/figcaption><\/figure>\n\n\n\n<ol class=\"wp-block-list\"><li>Glad s\u00f6ndag k\u00e4ra l\u00e4sare!<\/li><li>Det har varit roligt att komma ut med n\u00e5gra riktiga bibelbloggposter i veckan. Idag \u00e4r det annars 21a s\u00f6ndagen efter trefaldighet (f\u00f6r\u00e4ldraledig som jag \u00e4r har jag r\u00e4tt d\u00e5lig koll p\u00e5 var exakt i \u00e5ret vi befinner oss s\u00e5 jag fick kolla). Jag och barnen och sv\u00e4rmor ska f\u00f6lja med min fru till Blidsberg och g\u00e5 p\u00e5 familjegudstj\u00e4nst och det blir ju en ny gudstj\u00e4nstlokal f\u00f6r min del s\u00e5 det k\u00e4nns lite sp\u00e4nnande.<\/li><li>F\u00e5r f\u00f6rs\u00f6ka hitta kameran i flyttlasset, det \u00e4r ju sed h\u00e4r p\u00e5 bloggen att fotoblogga om olika kyrkor.<\/li><li>Vi har hastigt och lustigt blivit med begagnad elbil som vi ska h\u00e4mta i veckan. Det b\u00e4sta av allt hade f\u00f6rst\u00e5s varit om vi klarat oss med en bil ist\u00e4llet men det framst\u00e5r v\u00e4ldigt tydligt att det inte kommer g\u00e5 efter jul n\u00e4r jag ska arbeta mer igen. Just detta med eldrivna fordon \u00e4r ju annars v\u00e4ldigt sp\u00e4nnande s\u00e5 det k\u00e4nns roligt.<\/li><li>St\u00f6tte p\u00e5 bilden till bloggposten p\u00e5 n\u00e5gon sida p\u00e5 polska p\u00e5 instagram s\u00e5 jag kan tyv\u00e4rr inte s\u00e4ga mer om vem som gjort den. Tycker den lyckas bra med att f\u00f6rmedla m\u00e4nsklig v\u00e4rme och en p\u00e5minnelse om att b\u00e5de Maria och Jesus \u00e4r verkliga m\u00e4nniskor, och heligheten har inte tagit skada f\u00f6r det tycker jag. Vad s\u00e4ger du?<\/li><li>Mer p\u00e5 det polska temat s\u00e5 har det varit polska snickare h\u00e4r och monterat upp en v\u00e4gg i v\u00e5rt hus. N\u00e4r de \u00e5kte ville de ta kort p\u00e5 mig och det f\u00f6rv\u00e5nade mig ju lite. De sa att de tyckte jag s\u00e5g ut som en av dem och tyckte det var komiskt. K\u00e4nns fint p\u00e5 n\u00e5got s\u00e4tt.<\/li><li>Nu ser jag i och f\u00f6r sig annorlunda ut f\u00f6r jag har f\u00f6rm\u00e5tt min fru att klippa h\u00e5ret p\u00e5 mig. Hon v\u00e5ndades \u00f6ver uppgiften och jag fick lova att ta p\u00e5 mig hela ansvaret f\u00f6r resultatet men jag tycker det blev bra. <\/li><li>Hur har du det just nu? Skriv en rad och ber\u00e4tta!<\/li><\/ol>\n","protected":false},"excerpt":{"rendered":"<p>Glad s\u00f6ndag k\u00e4ra l\u00e4sare! Det har varit roligt att komma ut med n\u00e5gra riktiga bibelbloggposter i veckan. Idag \u00e4r det annars 21a s\u00f6ndagen efter trefaldighet (f\u00f6r\u00e4ldraledig som jag \u00e4r har jag r\u00e4tt d\u00e5lig koll p\u00e5 var exakt i \u00e5ret vi befinner oss s\u00e5 jag fick kolla). Jag och barnen och sv\u00e4rmor ska f\u00f6lja med min [&hellip;]<\/p>\n","protected":false},"author":392,"featured_media":0,"comment_status":"open","ping_status":"open","sticky":false,"template":"","format":"standard","meta":{"_acf_changed":false,"footnotes":""},"categories":[9],"tags":[],"class_list":["post-8676","post","type-post","status-publish","format-standard","hentry","category-okategoriserade"],"acf":[],"yoast_head":"<!-- This site is optimized with the Yoast SEO plugin v27.1.1 - https:\/\/yoast.com\/product\/yoast-seo-wordpress\/ -->\n<title>8 blandade tankar p\u00e5 s\u00f6ndagen - Vandra V\u00e4gen<\/title>\n<meta name=\"robots\" content=\"index, follow, max-snippet:-1, max-image-preview:large, max-video-preview:-1\" \/>\n<link rel=\"canonical\" href=\"https:\/\/blogg.svenskakyrkan.se\/vandravagen\/2021\/10\/24\/8-blandade-tankar-pa-sondagen-63\/\" \/>\n<meta property=\"og:locale\" content=\"sv_SE\" \/>\n<meta property=\"og:type\" content=\"article\" \/>\n<meta property=\"og:title\" content=\"8 blandade tankar p\u00e5 s\u00f6ndagen - Vandra V\u00e4gen\" \/>\n<meta property=\"og:description\" content=\"Glad s\u00f6ndag k\u00e4ra l\u00e4sare! Det har varit roligt att komma ut med n\u00e5gra riktiga bibelbloggposter i veckan. Idag \u00e4r det annars 21a s\u00f6ndagen efter trefaldighet (f\u00f6r\u00e4ldraledig som jag \u00e4r har jag r\u00e4tt d\u00e5lig koll p\u00e5 var exakt i \u00e5ret vi befinner oss s\u00e5 jag fick kolla). Jag och barnen och sv\u00e4rmor ska f\u00f6lja med min [&hellip;]\" \/>\n<meta property=\"og:url\" content=\"https:\/\/blogg.svenskakyrkan.se\/vandravagen\/2021\/10\/24\/8-blandade-tankar-pa-sondagen-63\/\" \/>\n<meta property=\"og:site_name\" content=\"Vandra V\u00e4gen\" \/>\n<meta property=\"article:publisher\" content=\"http:\/\/facebook.com\/vandravagen\" \/>\n<meta property=\"article:published_time\" content=\"2021-10-24T05:00:00+00:00\" \/>\n<meta property=\"article:modified_time\" content=\"2021-10-24T06:26:20+00:00\" \/>\n<meta property=\"og:image\" content=\"https:\/\/blogg.svenskakyrkan.se\/vandravagen\/files\/2021\/10\/IMG_9506.jpg\" \/>\n<meta name=\"author\" content=\"Tomas Jarvid\" \/>\n<meta name=\"twitter:card\" content=\"summary_large_image\" \/>\n<meta name=\"twitter:creator\" content=\"@fadertomas\" \/>\n<meta name=\"twitter:site\" content=\"@fadertomas\" \/>\n<meta name=\"twitter:label1\" content=\"Skriven av\" \/>\n\t<meta name=\"twitter:data1\" content=\"Tomas Jarvid\" \/>\n\t<meta name=\"twitter:label2\" content=\"Ber\u00e4knad l\u00e4stid\" \/>\n\t<meta name=\"twitter:data2\" content=\"2 minuter\" \/>\n<script type=\"application\/ld+json\" class=\"yoast-schema-graph\">{\"@context\":\"https:\/\/schema.org\",\"@graph\":[{\"@type\":\"Article\",\"@id\":\"https:\/\/blogg.svenskakyrkan.se\/vandravagen\/2021\/10\/24\/8-blandade-tankar-pa-sondagen-63\/#article\",\"isPartOf\":{\"@id\":\"https:\/\/blogg.svenskakyrkan.se\/vandravagen\/2021\/10\/24\/8-blandade-tankar-pa-sondagen-63\/\"},\"author\":{\"name\":\"Tomas Jarvid\",\"@id\":\"https:\/\/blogg.svenskakyrkan.se\/vandravagen\/#\/schema\/person\/25da02d4f76b137d04291711e2c9fc16\"},\"headline\":\"8 blandade tankar p\u00e5 s\u00f6ndagen\",\"datePublished\":\"2021-10-24T05:00:00+00:00\",\"dateModified\":\"2021-10-24T06:26:20+00:00\",\"mainEntityOfPage\":{\"@id\":\"https:\/\/blogg.svenskakyrkan.se\/vandravagen\/2021\/10\/24\/8-blandade-tankar-pa-sondagen-63\/\"},\"wordCount\":401,\"commentCount\":1,\"publisher\":{\"@id\":\"https:\/\/blogg.svenskakyrkan.se\/vandravagen\/#organization\"},\"image\":{\"@id\":\"https:\/\/blogg.svenskakyrkan.se\/vandravagen\/2021\/10\/24\/8-blandade-tankar-pa-sondagen-63\/#primaryimage\"},\"thumbnailUrl\":\"https:\/\/blogg.svenskakyrkan.se\/vandravagen\/files\/2021\/10\/IMG_9506.jpg\",\"inLanguage\":\"sv-SE\",\"potentialAction\":[{\"@type\":\"CommentAction\",\"name\":\"Comment\",\"target\":[\"https:\/\/blogg.svenskakyrkan.se\/vandravagen\/2021\/10\/24\/8-blandade-tankar-pa-sondagen-63\/#respond\"]}]},{\"@type\":\"WebPage\",\"@id\":\"https:\/\/blogg.svenskakyrkan.se\/vandravagen\/2021\/10\/24\/8-blandade-tankar-pa-sondagen-63\/\",\"url\":\"https:\/\/blogg.svenskakyrkan.se\/vandravagen\/2021\/10\/24\/8-blandade-tankar-pa-sondagen-63\/\",\"name\":\"8 blandade tankar p\u00e5 s\u00f6ndagen - Vandra V\u00e4gen\",\"isPartOf\":{\"@id\":\"https:\/\/blogg.svenskakyrkan.se\/vandravagen\/#website\"},\"primaryImageOfPage\":{\"@id\":\"https:\/\/blogg.svenskakyrkan.se\/vandravagen\/2021\/10\/24\/8-blandade-tankar-pa-sondagen-63\/#primaryimage\"},\"image\":{\"@id\":\"https:\/\/blogg.svenskakyrkan.se\/vandravagen\/2021\/10\/24\/8-blandade-tankar-pa-sondagen-63\/#primaryimage\"},\"thumbnailUrl\":\"https:\/\/blogg.svenskakyrkan.se\/vandravagen\/files\/2021\/10\/IMG_9506.jpg\",\"datePublished\":\"2021-10-24T05:00:00+00:00\",\"dateModified\":\"2021-10-24T06:26:20+00:00\",\"breadcrumb\":{\"@id\":\"https:\/\/blogg.svenskakyrkan.se\/vandravagen\/2021\/10\/24\/8-blandade-tankar-pa-sondagen-63\/#breadcrumb\"},\"inLanguage\":\"sv-SE\",\"potentialAction\":[{\"@type\":\"ReadAction\",\"target\":[\"https:\/\/blogg.svenskakyrkan.se\/vandravagen\/2021\/10\/24\/8-blandade-tankar-pa-sondagen-63\/\"]}]},{\"@type\":\"ImageObject\",\"inLanguage\":\"sv-SE\",\"@id\":\"https:\/\/blogg.svenskakyrkan.se\/vandravagen\/2021\/10\/24\/8-blandade-tankar-pa-sondagen-63\/#primaryimage\",\"url\":\"https:\/\/blogg.svenskakyrkan.se\/vandravagen\/files\/2021\/10\/IMG_9506.jpg\",\"contentUrl\":\"https:\/\/blogg.svenskakyrkan.se\/vandravagen\/files\/2021\/10\/IMG_9506.jpg\"},{\"@type\":\"BreadcrumbList\",\"@id\":\"https:\/\/blogg.svenskakyrkan.se\/vandravagen\/2021\/10\/24\/8-blandade-tankar-pa-sondagen-63\/#breadcrumb\",\"itemListElement\":[{\"@type\":\"ListItem\",\"position\":1,\"name\":\"Hem\",\"item\":\"https:\/\/blogg.svenskakyrkan.se\/vandravagen\/\"},{\"@type\":\"ListItem\",\"position\":2,\"name\":\"8 blandade tankar p\u00e5 s\u00f6ndagen\"}]},{\"@type\":\"WebSite\",\"@id\":\"https:\/\/blogg.svenskakyrkan.se\/vandravagen\/#website\",\"url\":\"https:\/\/blogg.svenskakyrkan.se\/vandravagen\/\",\"name\":\"Vandra V\u00e4gen\",\"description\":\"-Mot en tro f\u00f6r hela livet\",\"publisher\":{\"@id\":\"https:\/\/blogg.svenskakyrkan.se\/vandravagen\/#organization\"},\"potentialAction\":[{\"@type\":\"SearchAction\",\"target\":{\"@type\":\"EntryPoint\",\"urlTemplate\":\"https:\/\/blogg.svenskakyrkan.se\/vandravagen\/?s={search_term_string}\"},\"query-input\":{\"@type\":\"PropertyValueSpecification\",\"valueRequired\":true,\"valueName\":\"search_term_string\"}}],\"inLanguage\":\"sv-SE\"},{\"@type\":\"Organization\",\"@id\":\"https:\/\/blogg.svenskakyrkan.se\/vandravagen\/#organization\",\"name\":\"ulricehamns pastorat\",\"alternateName\":\"ulricehamns pastorat\",\"url\":\"https:\/\/blogg.svenskakyrkan.se\/vandravagen\/\",\"logo\":{\"@type\":\"ImageObject\",\"inLanguage\":\"sv-SE\",\"@id\":\"https:\/\/blogg.svenskakyrkan.se\/vandravagen\/#\/schema\/logo\/image\/\",\"url\":\"https:\/\/blogg.svenskakyrkan.se\/vandravagen\/files\/2023\/05\/Ulr_logo_RGB.png\",\"contentUrl\":\"https:\/\/blogg.svenskakyrkan.se\/vandravagen\/files\/2023\/05\/Ulr_logo_RGB.png\",\"width\":205,\"height\":77,\"caption\":\"ulricehamns pastorat\"},\"image\":{\"@id\":\"https:\/\/blogg.svenskakyrkan.se\/vandravagen\/#\/schema\/logo\/image\/\"},\"sameAs\":[\"http:\/\/facebook.com\/vandravagen\",\"https:\/\/x.com\/fadertomas\",\"http:\/\/www.facebook.com\/svenskakyrkaniulricehamn\"]},{\"@type\":\"Person\",\"@id\":\"https:\/\/blogg.svenskakyrkan.se\/vandravagen\/#\/schema\/person\/25da02d4f76b137d04291711e2c9fc16\",\"name\":\"Tomas Jarvid\",\"image\":{\"@type\":\"ImageObject\",\"inLanguage\":\"sv-SE\",\"@id\":\"https:\/\/blogg.svenskakyrkan.se\/vandravagen\/#\/schema\/person\/image\/\",\"url\":\"https:\/\/secure.gravatar.com\/avatar\/7fa71899795e8f540f615a1f5ab25255dc27aa40f05ee7ddd21aac521e01bf50?s=96&d=identicon&r=g\",\"contentUrl\":\"https:\/\/secure.gravatar.com\/avatar\/7fa71899795e8f540f615a1f5ab25255dc27aa40f05ee7ddd21aac521e01bf50?s=96&d=identicon&r=g\",\"caption\":\"Tomas Jarvid\"},\"description\":\"Jag bor i Ulricehamn i V\u00e4sterg\u00f6tland och \u00e4r f\u00f6rsamlingspr\u00e4st i Svenska Kyrkan f\u00f6r Dalstorps f\u00f6rsamling i Kinds pastorat. P\u00e5 den h\u00e4r bloggen skriver jag ner tankar om vandringen som kristen.\",\"sameAs\":[\"http:\/\/www.vandravagen.se\"],\"url\":\"https:\/\/blogg.svenskakyrkan.se\/vandravagen\/author\/vandravagen\/\"}]}<\/script>\n<!-- \/ Yoast SEO plugin. -->","yoast_head_json":{"title":"8 blandade tankar p\u00e5 s\u00f6ndagen - Vandra V\u00e4gen","robots":{"index":"index","follow":"follow","max-snippet":"max-snippet:-1","max-image-preview":"max-image-preview:large","max-video-preview":"max-video-preview:-1"},"canonical":"https:\/\/blogg.svenskakyrkan.se\/vandravagen\/2021\/10\/24\/8-blandade-tankar-pa-sondagen-63\/","og_locale":"sv_SE","og_type":"article","og_title":"8 blandade tankar p\u00e5 s\u00f6ndagen - Vandra V\u00e4gen","og_description":"Glad s\u00f6ndag k\u00e4ra l\u00e4sare! Det har varit roligt att komma ut med n\u00e5gra riktiga bibelbloggposter i veckan. Idag \u00e4r det annars 21a s\u00f6ndagen efter trefaldighet (f\u00f6r\u00e4ldraledig som jag \u00e4r har jag r\u00e4tt d\u00e5lig koll p\u00e5 var exakt i \u00e5ret vi befinner oss s\u00e5 jag fick kolla). Jag och barnen och sv\u00e4rmor ska f\u00f6lja med min [&hellip;]","og_url":"https:\/\/blogg.svenskakyrkan.se\/vandravagen\/2021\/10\/24\/8-blandade-tankar-pa-sondagen-63\/","og_site_name":"Vandra V\u00e4gen","article_publisher":"http:\/\/facebook.com\/vandravagen","article_published_time":"2021-10-24T05:00:00+00:00","article_modified_time":"2021-10-24T06:26:20+00:00","og_image":[{"url":"https:\/\/blogg.svenskakyrkan.se\/vandravagen\/files\/2021\/10\/IMG_9506.jpg","type":"","width":"","height":""}],"author":"Tomas Jarvid","twitter_card":"summary_large_image","twitter_creator":"@fadertomas","twitter_site":"@fadertomas","twitter_misc":{"Skriven av":"Tomas Jarvid","Ber\u00e4knad l\u00e4stid":"2 minuter"},"schema":{"@context":"https:\/\/schema.org","@graph":[{"@type":"Article","@id":"https:\/\/blogg.svenskakyrkan.se\/vandravagen\/2021\/10\/24\/8-blandade-tankar-pa-sondagen-63\/#article","isPartOf":{"@id":"https:\/\/blogg.svenskakyrkan.se\/vandravagen\/2021\/10\/24\/8-blandade-tankar-pa-sondagen-63\/"},"author":{"name":"Tomas Jarvid","@id":"https:\/\/blogg.svenskakyrkan.se\/vandravagen\/#\/schema\/person\/25da02d4f76b137d04291711e2c9fc16"},"headline":"8 blandade tankar p\u00e5 s\u00f6ndagen","datePublished":"2021-10-24T05:00:00+00:00","dateModified":"2021-10-24T06:26:20+00:00","mainEntityOfPage":{"@id":"https:\/\/blogg.svenskakyrkan.se\/vandravagen\/2021\/10\/24\/8-blandade-tankar-pa-sondagen-63\/"},"wordCount":401,"commentCount":1,"publisher":{"@id":"https:\/\/blogg.svenskakyrkan.se\/vandravagen\/#organization"},"image":{"@id":"https:\/\/blogg.svenskakyrkan.se\/vandravagen\/2021\/10\/24\/8-blandade-tankar-pa-sondagen-63\/#primaryimage"},"thumbnailUrl":"https:\/\/blogg.svenskakyrkan.se\/vandravagen\/files\/2021\/10\/IMG_9506.jpg","inLanguage":"sv-SE","potentialAction":[{"@type":"CommentAction","name":"Comment","target":["https:\/\/blogg.svenskakyrkan.se\/vandravagen\/2021\/10\/24\/8-blandade-tankar-pa-sondagen-63\/#respond"]}]},{"@type":"WebPage","@id":"https:\/\/blogg.svenskakyrkan.se\/vandravagen\/2021\/10\/24\/8-blandade-tankar-pa-sondagen-63\/","url":"https:\/\/blogg.svenskakyrkan.se\/vandravagen\/2021\/10\/24\/8-blandade-tankar-pa-sondagen-63\/","name":"8 blandade tankar p\u00e5 s\u00f6ndagen - Vandra V\u00e4gen","isPartOf":{"@id":"https:\/\/blogg.svenskakyrkan.se\/vandravagen\/#website"},"primaryImageOfPage":{"@id":"https:\/\/blogg.svenskakyrkan.se\/vandravagen\/2021\/10\/24\/8-blandade-tankar-pa-sondagen-63\/#primaryimage"},"image":{"@id":"https:\/\/blogg.svenskakyrkan.se\/vandravagen\/2021\/10\/24\/8-blandade-tankar-pa-sondagen-63\/#primaryimage"},"thumbnailUrl":"https:\/\/blogg.svenskakyrkan.se\/vandravagen\/files\/2021\/10\/IMG_9506.jpg","datePublished":"2021-10-24T05:00:00+00:00","dateModified":"2021-10-24T06:26:20+00:00","breadcrumb":{"@id":"https:\/\/blogg.svenskakyrkan.se\/vandravagen\/2021\/10\/24\/8-blandade-tankar-pa-sondagen-63\/#breadcrumb"},"inLanguage":"sv-SE","potentialAction":[{"@type":"ReadAction","target":["https:\/\/blogg.svenskakyrkan.se\/vandravagen\/2021\/10\/24\/8-blandade-tankar-pa-sondagen-63\/"]}]},{"@type":"ImageObject","inLanguage":"sv-SE","@id":"https:\/\/blogg.svenskakyrkan.se\/vandravagen\/2021\/10\/24\/8-blandade-tankar-pa-sondagen-63\/#primaryimage","url":"https:\/\/blogg.svenskakyrkan.se\/vandravagen\/files\/2021\/10\/IMG_9506.jpg","contentUrl":"https:\/\/blogg.svenskakyrkan.se\/vandravagen\/files\/2021\/10\/IMG_9506.jpg"},{"@type":"BreadcrumbList","@id":"https:\/\/blogg.svenskakyrkan.se\/vandravagen\/2021\/10\/24\/8-blandade-tankar-pa-sondagen-63\/#breadcrumb","itemListElement":[{"@type":"ListItem","position":1,"name":"Hem","item":"https:\/\/blogg.svenskakyrkan.se\/vandravagen\/"},{"@type":"ListItem","position":2,"name":"8 blandade tankar p\u00e5 s\u00f6ndagen"}]},{"@type":"WebSite","@id":"https:\/\/blogg.svenskakyrkan.se\/vandravagen\/#website","url":"https:\/\/blogg.svenskakyrkan.se\/vandravagen\/","name":"Vandra V\u00e4gen","description":"-Mot en tro f\u00f6r hela livet","publisher":{"@id":"https:\/\/blogg.svenskakyrkan.se\/vandravagen\/#organization"},"potentialAction":[{"@type":"SearchAction","target":{"@type":"EntryPoint","urlTemplate":"https:\/\/blogg.svenskakyrkan.se\/vandravagen\/?s={search_term_string}"},"query-input":{"@type":"PropertyValueSpecification","valueRequired":true,"valueName":"search_term_string"}}],"inLanguage":"sv-SE"},{"@type":"Organization","@id":"https:\/\/blogg.svenskakyrkan.se\/vandravagen\/#organization","name":"ulricehamns pastorat","alternateName":"ulricehamns pastorat","url":"https:\/\/blogg.svenskakyrkan.se\/vandravagen\/","logo":{"@type":"ImageObject","inLanguage":"sv-SE","@id":"https:\/\/blogg.svenskakyrkan.se\/vandravagen\/#\/schema\/logo\/image\/","url":"https:\/\/blogg.svenskakyrkan.se\/vandravagen\/files\/2023\/05\/Ulr_logo_RGB.png","contentUrl":"https:\/\/blogg.svenskakyrkan.se\/vandravagen\/files\/2023\/05\/Ulr_logo_RGB.png","width":205,"height":77,"caption":"ulricehamns pastorat"},"image":{"@id":"https:\/\/blogg.svenskakyrkan.se\/vandravagen\/#\/schema\/logo\/image\/"},"sameAs":["http:\/\/facebook.com\/vandravagen","https:\/\/x.com\/fadertomas","http:\/\/www.facebook.com\/svenskakyrkaniulricehamn"]},{"@type":"Person","@id":"https:\/\/blogg.svenskakyrkan.se\/vandravagen\/#\/schema\/person\/25da02d4f76b137d04291711e2c9fc16","name":"Tomas Jarvid","image":{"@type":"ImageObject","inLanguage":"sv-SE","@id":"https:\/\/blogg.svenskakyrkan.se\/vandravagen\/#\/schema\/person\/image\/","url":"https:\/\/secure.gravatar.com\/avatar\/7fa71899795e8f540f615a1f5ab25255dc27aa40f05ee7ddd21aac521e01bf50?s=96&d=identicon&r=g","contentUrl":"https:\/\/secure.gravatar.com\/avatar\/7fa71899795e8f540f615a1f5ab25255dc27aa40f05ee7ddd21aac521e01bf50?s=96&d=identicon&r=g","caption":"Tomas Jarvid"},"description":"Jag bor i Ulricehamn i V\u00e4sterg\u00f6tland och \u00e4r f\u00f6rsamlingspr\u00e4st i Svenska Kyrkan f\u00f6r Dalstorps f\u00f6rsamling i Kinds pastorat. P\u00e5 den h\u00e4r bloggen skriver jag ner tankar om vandringen som kristen.","sameAs":["http:\/\/www.vandravagen.se"],"url":"https:\/\/blogg.svenskakyrkan.se\/vandravagen\/author\/vandravagen\/"}]}},"author_meta":{"ID":"392","user_nicename":"vandravagen","user_url":"http:\/\/www.vandravagen.se","user_registered":"2014-05-19 05:44:52","display_name":"Tomas Jarvid","first_name":"Tomas","last_name":"Jarvid","avatar":"https:\/\/secure.gravatar.com\/avatar\/7fa71899795e8f540f615a1f5ab25255dc27aa40f05ee7ddd21aac521e01bf50?s=96&d=identicon&r=g"},"featured_image":false,"bloginfo":{"name":"Vandra V\u00e4gen","url":"https:\/\/blogg.svenskakyrkan.se\/vandravagen"},"_links":{"self":[{"href":"https:\/\/blogg.svenskakyrkan.se\/vandravagen\/wp-json\/wp\/v2\/posts\/8676","targetHints":{"allow":["GET"]}}],"collection":[{"href":"https:\/\/blogg.svenskakyrkan.se\/vandravagen\/wp-json\/wp\/v2\/posts"}],"about":[{"href":"https:\/\/blogg.svenskakyrkan.se\/vandravagen\/wp-json\/wp\/v2\/types\/post"}],"author":[{"embeddable":true,"href":"https:\/\/blogg.svenskakyrkan.se\/vandravagen\/wp-json\/wp\/v2\/users\/392"}],"replies":[{"embeddable":true,"href":"https:\/\/blogg.svenskakyrkan.se\/vandravagen\/wp-json\/wp\/v2\/comments?post=8676"}],"version-history":[{"count":1,"href":"https:\/\/blogg.svenskakyrkan.se\/vandravagen\/wp-json\/wp\/v2\/posts\/8676\/revisions"}],"predecessor-version":[{"id":8678,"href":"https:\/\/blogg.svenskakyrkan.se\/vandravagen\/wp-json\/wp\/v2\/posts\/8676\/revisions\/8678"}],"wp:attachment":[{"href":"https:\/\/blogg.svenskakyrkan.se\/vandravagen\/wp-json\/wp\/v2\/media?parent=8676"}],"wp:term":[{"taxonomy":"category","embeddable":true,"href":"https:\/\/blogg.svenskakyrkan.se\/vandravagen\/wp-json\/wp\/v2\/categories?post=8676"},{"taxonomy":"post_tag","embeddable":true,"href":"https:\/\/blogg.svenskakyrkan.se\/vandravagen\/wp-json\/wp\/v2\/tags?post=8676"}],"curies":[{"name":"wp","href":"https:\/\/api.w.org\/{rel}","templated":true}]}}