{"id":873,"date":"2012-11-15T18:31:00","date_gmt":"2012-11-15T17:31:00","guid":{"rendered":"http:\/\/blogg.svenskakyrkan.se\/vandravagen\/2012\/11\/15\/vad-forestaller-bilden-del-vii\/"},"modified":"2012-11-15T18:31:00","modified_gmt":"2012-11-15T17:31:00","slug":"vad-forestaller-bilden-del-vii","status":"publish","type":"post","link":"https:\/\/blogg.svenskakyrkan.se\/vandravagen\/2012\/11\/15\/vad-forestaller-bilden-del-vii\/","title":{"rendered":"Vad f\u00f6rest\u00e4ller bilden del VII"},"content":{"rendered":"<div><\/div>\n<div><a href=\"http:\/\/2.bp.blogspot.com\/-8auvEWAPvic\/UJui4CIC5UI\/AAAAAAAAA9k\/SDkTGJt-8og\/s1600\/blogger-image-723664356.jpg\"><img loading=\"lazy\" decoding=\"async\" border=\"0\" height=\"320\" src=\"http:\/\/2.bp.blogspot.com\/-8auvEWAPvic\/UJui4CIC5UI\/AAAAAAAAA9k\/SDkTGJt-8og\/s320\/blogger-image-723664356.jpg\" width=\"262\"><\/a><\/div>\n<div><\/div>\n<div>Efter en tvekande start var det faktiskt flera stycken som svarade r\u00e4tt p\u00e5 f\u00f6rra bildg\u00e5tan. Det \u00e4r tur att man kan svara p\u00e5 s\u00e5 m\u00e5nga olika s\u00e4tt, annars blir det v\u00e4l pinsamt n\u00e4r n\u00e5gon redan kommenterat nedan. Jag har i alla fall f\u00e5tt svar i kommentarsf\u00e4lt, p\u00e5 twitter och p\u00e5 facebook. Och \u00e4ra, ber\u00f6mmelse och po\u00e4ng tillkommer:<\/div>\n<div>Eskil, Steffen och H\u00e5kan!<\/div>\n<div><\/div>\n<div>Svaret var mycket riktigt att det \u00e4r profeten Hesekiel bilden f\u00f6rest\u00e4ller. Det var nog en ganska sv\u00e5r fr\u00e5ga egentligen men Hesekiel \u00e4r tillsammans med Jesaja och Jeremia en av de stora profeterna i gamla testamentet. Bilden visar honom i en dal fylld av d\u00f6da ben som \u00e5terfinns i kapitel 37 i Hesekiels bok:<\/div>\n<div><\/div>\n<div><\/div>\n<div><span>1<\/span>Herrens hand r\u00f6rde vid mig, och med sin ande f\u00f6rde han mig bort och satte ner mig i dalen. Den var full av benknotor.\u00a0<span>2<\/span>Han ledde mig runt, och jag s\u00e5g dem ligga \u00f6verallt i dalen, helt f\u00f6rtorkade.\u00a0<span>3<\/span>Han fr\u00e5gade mig: &#8221;M\u00e4nniska, kan dessa ben f\u00e5 liv igen?&#8221; Jag svarade: &#8221;Herre, min Gud, det vet bara du.&#8221;\u00a0<span>4<\/span>Han sade: &#8221;Profetera och s\u00e4g till dessa ben: F\u00f6rtorkade ben, h\u00f6r Herrens ord!\u00a0<span>5<\/span>S\u00e5 s\u00e4ger Herren Gud: Jag skall fylla er med ande och ge er liv.\u00a0<span>6<\/span>Jag skall f\u00e4sta senor p\u00e5 er, b\u00e4dda in er i k\u00f6tt och dra hud \u00f6ver er, jag skall fylla er med ande och ge er liv. D\u00e5 skall ni inse att jag \u00e4r Herren.&#8221;<\/div>\n<div><span>7<\/span>Jag profeterade som jag hade blivit befalld. Medan jag profeterade h\u00f6rdes ett rasslande &#8211; det var ben som sattes till ben och fogades samman.\u00a0<span>8<\/span>Jag s\u00e5g att de fick senor och b\u00e4ddades in i k\u00f6tt och att hud drogs \u00f6ver dem. Men det fanns ingen ande i dem.<\/div>\n<div><span>9<\/span>Han sade till mig: &#8221;Profetera, m\u00e4nniska, profetera och s\u00e4g till anden: S\u00e5 s\u00e4ger Herren Gud: Kom, ande, fr\u00e5n de fyra v\u00e4derstrecken! Bl\u00e5s p\u00e5 dessa dr\u00e4pta och ge dem liv!&#8221;<\/div>\n<div><span>10<\/span>Jag profeterade som han hade befallt mig. D\u00e5 fylldes de av anden, de fick liv och reste sig upp, en v\u00e4ldig h\u00e4r.<\/div>\n<div><span>11<\/span>Han sade till mig: &#8221;M\u00e4nniska! Dessa ben \u00e4r Israels folk. De s\u00e4ger: V\u00e5ra ben \u00e4r f\u00f6rtorkade, v\u00e5rt hopp \u00e4r ute, vi \u00e4r f\u00f6rlorade.\u00a0<span>12<\/span>Profetera d\u00e4rf\u00f6r och s\u00e4g till dem: S\u00e5 s\u00e4ger Herren Gud: Jag skall \u00f6ppna era gravar och h\u00e4mta upp er ur dem, mitt folk, och f\u00f6ra er hem till Israels land.\u00a0<span>13<\/span>N\u00e4r jag \u00f6ppnar era gravar och h\u00e4mtar upp er ur dem, mitt folk, d\u00e5 skall ni inse att jag \u00e4r Herren.\u00a0<span>14<\/span>Jag skall fylla er med min ande och ge er liv och l\u00e5ta er bo i ert eget land. D\u00e5 skall ni inse att jag \u00e4r Herren. Jag har talat, och jag skall g\u00f6ra som jag har sagt, s\u00e4ger Herren.&#8221;<\/div>\n<\/p>\n<div><\/div>\n<div>Det \u00e4r en m\u00e4ktig ber\u00e4ttelse om uppst\u00e5ndelse och nytt liv. Profeten f\u00e5r ett budskap fr\u00e5n Gud om nytt liv och en framtid f\u00f6r det judiska folket. I m\u00e5nga kyrkor l\u00e4ser man den p\u00e5 p\u00e5sknatten som tolkning till Jesu uppst\u00e5ndelse som ger nytt liv \u00e5t v\u00e4rlden.\u00a0<\/div>\n<div><\/div>\n<div>&#8212;<\/div>\n<div><\/div>\n<div>S\u00e5 var det dags f\u00f6r \u00e4nnu en bild att gissa p\u00e5. Kanske \u00e4r den l\u00e4ttare men jag vet inte. Vad f\u00f6rest\u00e4ller den h\u00e4r bilden?<\/div>\n<div><\/div>\n<div><a href=\"https:\/\/lh5.googleusercontent.com\/-VcvA_JVwFa4\/UJui9U8UjxI\/AAAAAAAAA9s\/uxh8Mp905Z4\/s640\/blogger-image--1165988362.jpg\"><img loading=\"lazy\" decoding=\"async\" border=\"0\" height=\"400\" src=\"https:\/\/lh5.googleusercontent.com\/-VcvA_JVwFa4\/UJui9U8UjxI\/AAAAAAAAA9s\/uxh8Mp905Z4\/s400\/blogger-image--1165988362.jpg\" width=\"323\"><\/a><\/div>\n","protected":false},"excerpt":{"rendered":"<p>Efter en tvekande start var det faktiskt flera stycken som svarade r\u00e4tt p\u00e5 f\u00f6rra bildg\u00e5tan. Det \u00e4r tur att man kan svara p\u00e5 s\u00e5 m\u00e5nga olika s\u00e4tt, annars blir det v\u00e4l pinsamt n\u00e4r n\u00e5gon redan kommenterat nedan. Jag har i alla fall f\u00e5tt svar i kommentarsf\u00e4lt, p\u00e5 twitter och p\u00e5 facebook. Och \u00e4ra, ber\u00f6mmelse och [&hellip;]<\/p>\n","protected":false},"author":392,"featured_media":0,"comment_status":"open","ping_status":"open","sticky":false,"template":"","format":"standard","meta":{"_acf_changed":false,"footnotes":""},"categories":[14252,56],"tags":[],"class_list":["post-873","post","type-post","status-publish","format-standard","hentry","category-bibel","category-bilder"],"acf":[],"yoast_head":"<!-- This site is optimized with the Yoast SEO plugin v27.1.1 - https:\/\/yoast.com\/product\/yoast-seo-wordpress\/ -->\n<title>Vad f\u00f6rest\u00e4ller bilden del VII - Vandra V\u00e4gen<\/title>\n<meta name=\"robots\" content=\"index, follow, max-snippet:-1, max-image-preview:large, max-video-preview:-1\" \/>\n<link rel=\"canonical\" href=\"https:\/\/blogg.svenskakyrkan.se\/vandravagen\/2012\/11\/15\/vad-forestaller-bilden-del-vii\/\" \/>\n<meta property=\"og:locale\" content=\"sv_SE\" \/>\n<meta property=\"og:type\" content=\"article\" \/>\n<meta property=\"og:title\" content=\"Vad f\u00f6rest\u00e4ller bilden del VII - Vandra V\u00e4gen\" \/>\n<meta property=\"og:description\" content=\"Efter en tvekande start var det faktiskt flera stycken som svarade r\u00e4tt p\u00e5 f\u00f6rra bildg\u00e5tan. Det \u00e4r tur att man kan svara p\u00e5 s\u00e5 m\u00e5nga olika s\u00e4tt, annars blir det v\u00e4l pinsamt n\u00e4r n\u00e5gon redan kommenterat nedan. Jag har i alla fall f\u00e5tt svar i kommentarsf\u00e4lt, p\u00e5 twitter och p\u00e5 facebook. Och \u00e4ra, ber\u00f6mmelse och [&hellip;]\" \/>\n<meta property=\"og:url\" content=\"https:\/\/blogg.svenskakyrkan.se\/vandravagen\/2012\/11\/15\/vad-forestaller-bilden-del-vii\/\" \/>\n<meta property=\"og:site_name\" content=\"Vandra V\u00e4gen\" \/>\n<meta property=\"article:publisher\" content=\"http:\/\/facebook.com\/vandravagen\" \/>\n<meta property=\"article:published_time\" content=\"2012-11-15T17:31:00+00:00\" \/>\n<meta property=\"og:image\" content=\"http:\/\/2.bp.blogspot.com\/-8auvEWAPvic\/UJui4CIC5UI\/AAAAAAAAA9k\/SDkTGJt-8og\/s320\/blogger-image-723664356.jpg\" \/>\n<meta name=\"author\" content=\"Tomas Jarvid\" \/>\n<meta name=\"twitter:card\" content=\"summary_large_image\" \/>\n<meta name=\"twitter:creator\" content=\"@fadertomas\" \/>\n<meta name=\"twitter:site\" content=\"@fadertomas\" \/>\n<meta name=\"twitter:label1\" content=\"Skriven av\" \/>\n\t<meta name=\"twitter:data1\" content=\"Tomas Jarvid\" \/>\n\t<meta name=\"twitter:label2\" content=\"Ber\u00e4knad l\u00e4stid\" \/>\n\t<meta name=\"twitter:data2\" content=\"3 minuter\" \/>\n<script type=\"application\/ld+json\" class=\"yoast-schema-graph\">{\"@context\":\"https:\/\/schema.org\",\"@graph\":[{\"@type\":\"Article\",\"@id\":\"https:\/\/blogg.svenskakyrkan.se\/vandravagen\/2012\/11\/15\/vad-forestaller-bilden-del-vii\/#article\",\"isPartOf\":{\"@id\":\"https:\/\/blogg.svenskakyrkan.se\/vandravagen\/2012\/11\/15\/vad-forestaller-bilden-del-vii\/\"},\"author\":{\"name\":\"Tomas Jarvid\",\"@id\":\"https:\/\/blogg.svenskakyrkan.se\/vandravagen\/#\/schema\/person\/25da02d4f76b137d04291711e2c9fc16\"},\"headline\":\"Vad f\u00f6rest\u00e4ller bilden del VII\",\"datePublished\":\"2012-11-15T17:31:00+00:00\",\"mainEntityOfPage\":{\"@id\":\"https:\/\/blogg.svenskakyrkan.se\/vandravagen\/2012\/11\/15\/vad-forestaller-bilden-del-vii\/\"},\"wordCount\":598,\"commentCount\":2,\"publisher\":{\"@id\":\"https:\/\/blogg.svenskakyrkan.se\/vandravagen\/#organization\"},\"image\":{\"@id\":\"https:\/\/blogg.svenskakyrkan.se\/vandravagen\/2012\/11\/15\/vad-forestaller-bilden-del-vii\/#primaryimage\"},\"thumbnailUrl\":\"http:\/\/2.bp.blogspot.com\/-8auvEWAPvic\/UJui4CIC5UI\/AAAAAAAAA9k\/SDkTGJt-8og\/s320\/blogger-image-723664356.jpg\",\"articleSection\":[\"bibel\",\"bilder\"],\"inLanguage\":\"sv-SE\",\"potentialAction\":[{\"@type\":\"CommentAction\",\"name\":\"Comment\",\"target\":[\"https:\/\/blogg.svenskakyrkan.se\/vandravagen\/2012\/11\/15\/vad-forestaller-bilden-del-vii\/#respond\"]}]},{\"@type\":\"WebPage\",\"@id\":\"https:\/\/blogg.svenskakyrkan.se\/vandravagen\/2012\/11\/15\/vad-forestaller-bilden-del-vii\/\",\"url\":\"https:\/\/blogg.svenskakyrkan.se\/vandravagen\/2012\/11\/15\/vad-forestaller-bilden-del-vii\/\",\"name\":\"Vad f\u00f6rest\u00e4ller bilden del VII - Vandra V\u00e4gen\",\"isPartOf\":{\"@id\":\"https:\/\/blogg.svenskakyrkan.se\/vandravagen\/#website\"},\"primaryImageOfPage\":{\"@id\":\"https:\/\/blogg.svenskakyrkan.se\/vandravagen\/2012\/11\/15\/vad-forestaller-bilden-del-vii\/#primaryimage\"},\"image\":{\"@id\":\"https:\/\/blogg.svenskakyrkan.se\/vandravagen\/2012\/11\/15\/vad-forestaller-bilden-del-vii\/#primaryimage\"},\"thumbnailUrl\":\"http:\/\/2.bp.blogspot.com\/-8auvEWAPvic\/UJui4CIC5UI\/AAAAAAAAA9k\/SDkTGJt-8og\/s320\/blogger-image-723664356.jpg\",\"datePublished\":\"2012-11-15T17:31:00+00:00\",\"breadcrumb\":{\"@id\":\"https:\/\/blogg.svenskakyrkan.se\/vandravagen\/2012\/11\/15\/vad-forestaller-bilden-del-vii\/#breadcrumb\"},\"inLanguage\":\"sv-SE\",\"potentialAction\":[{\"@type\":\"ReadAction\",\"target\":[\"https:\/\/blogg.svenskakyrkan.se\/vandravagen\/2012\/11\/15\/vad-forestaller-bilden-del-vii\/\"]}]},{\"@type\":\"ImageObject\",\"inLanguage\":\"sv-SE\",\"@id\":\"https:\/\/blogg.svenskakyrkan.se\/vandravagen\/2012\/11\/15\/vad-forestaller-bilden-del-vii\/#primaryimage\",\"url\":\"http:\/\/2.bp.blogspot.com\/-8auvEWAPvic\/UJui4CIC5UI\/AAAAAAAAA9k\/SDkTGJt-8og\/s320\/blogger-image-723664356.jpg\",\"contentUrl\":\"http:\/\/2.bp.blogspot.com\/-8auvEWAPvic\/UJui4CIC5UI\/AAAAAAAAA9k\/SDkTGJt-8og\/s320\/blogger-image-723664356.jpg\"},{\"@type\":\"BreadcrumbList\",\"@id\":\"https:\/\/blogg.svenskakyrkan.se\/vandravagen\/2012\/11\/15\/vad-forestaller-bilden-del-vii\/#breadcrumb\",\"itemListElement\":[{\"@type\":\"ListItem\",\"position\":1,\"name\":\"Hem\",\"item\":\"https:\/\/blogg.svenskakyrkan.se\/vandravagen\/\"},{\"@type\":\"ListItem\",\"position\":2,\"name\":\"Vad f\u00f6rest\u00e4ller bilden del VII\"}]},{\"@type\":\"WebSite\",\"@id\":\"https:\/\/blogg.svenskakyrkan.se\/vandravagen\/#website\",\"url\":\"https:\/\/blogg.svenskakyrkan.se\/vandravagen\/\",\"name\":\"Vandra V\u00e4gen\",\"description\":\"-Mot en tro f\u00f6r hela livet\",\"publisher\":{\"@id\":\"https:\/\/blogg.svenskakyrkan.se\/vandravagen\/#organization\"},\"potentialAction\":[{\"@type\":\"SearchAction\",\"target\":{\"@type\":\"EntryPoint\",\"urlTemplate\":\"https:\/\/blogg.svenskakyrkan.se\/vandravagen\/?s={search_term_string}\"},\"query-input\":{\"@type\":\"PropertyValueSpecification\",\"valueRequired\":true,\"valueName\":\"search_term_string\"}}],\"inLanguage\":\"sv-SE\"},{\"@type\":\"Organization\",\"@id\":\"https:\/\/blogg.svenskakyrkan.se\/vandravagen\/#organization\",\"name\":\"ulricehamns pastorat\",\"alternateName\":\"ulricehamns pastorat\",\"url\":\"https:\/\/blogg.svenskakyrkan.se\/vandravagen\/\",\"logo\":{\"@type\":\"ImageObject\",\"inLanguage\":\"sv-SE\",\"@id\":\"https:\/\/blogg.svenskakyrkan.se\/vandravagen\/#\/schema\/logo\/image\/\",\"url\":\"https:\/\/blogg.svenskakyrkan.se\/vandravagen\/files\/2023\/05\/Ulr_logo_RGB.png\",\"contentUrl\":\"https:\/\/blogg.svenskakyrkan.se\/vandravagen\/files\/2023\/05\/Ulr_logo_RGB.png\",\"width\":205,\"height\":77,\"caption\":\"ulricehamns pastorat\"},\"image\":{\"@id\":\"https:\/\/blogg.svenskakyrkan.se\/vandravagen\/#\/schema\/logo\/image\/\"},\"sameAs\":[\"http:\/\/facebook.com\/vandravagen\",\"https:\/\/x.com\/fadertomas\",\"http:\/\/www.facebook.com\/svenskakyrkaniulricehamn\"]},{\"@type\":\"Person\",\"@id\":\"https:\/\/blogg.svenskakyrkan.se\/vandravagen\/#\/schema\/person\/25da02d4f76b137d04291711e2c9fc16\",\"name\":\"Tomas Jarvid\",\"image\":{\"@type\":\"ImageObject\",\"inLanguage\":\"sv-SE\",\"@id\":\"https:\/\/blogg.svenskakyrkan.se\/vandravagen\/#\/schema\/person\/image\/\",\"url\":\"https:\/\/secure.gravatar.com\/avatar\/7fa71899795e8f540f615a1f5ab25255dc27aa40f05ee7ddd21aac521e01bf50?s=96&d=identicon&r=g\",\"contentUrl\":\"https:\/\/secure.gravatar.com\/avatar\/7fa71899795e8f540f615a1f5ab25255dc27aa40f05ee7ddd21aac521e01bf50?s=96&d=identicon&r=g\",\"caption\":\"Tomas Jarvid\"},\"description\":\"Jag bor i Ulricehamn i V\u00e4sterg\u00f6tland och \u00e4r f\u00f6rsamlingspr\u00e4st i Svenska Kyrkan f\u00f6r Dalstorps f\u00f6rsamling i Kinds pastorat. P\u00e5 den h\u00e4r bloggen skriver jag ner tankar om vandringen som kristen.\",\"sameAs\":[\"http:\/\/www.vandravagen.se\"],\"url\":\"https:\/\/blogg.svenskakyrkan.se\/vandravagen\/author\/vandravagen\/\"}]}<\/script>\n<!-- \/ Yoast SEO plugin. -->","yoast_head_json":{"title":"Vad f\u00f6rest\u00e4ller bilden del VII - Vandra V\u00e4gen","robots":{"index":"index","follow":"follow","max-snippet":"max-snippet:-1","max-image-preview":"max-image-preview:large","max-video-preview":"max-video-preview:-1"},"canonical":"https:\/\/blogg.svenskakyrkan.se\/vandravagen\/2012\/11\/15\/vad-forestaller-bilden-del-vii\/","og_locale":"sv_SE","og_type":"article","og_title":"Vad f\u00f6rest\u00e4ller bilden del VII - Vandra V\u00e4gen","og_description":"Efter en tvekande start var det faktiskt flera stycken som svarade r\u00e4tt p\u00e5 f\u00f6rra bildg\u00e5tan. Det \u00e4r tur att man kan svara p\u00e5 s\u00e5 m\u00e5nga olika s\u00e4tt, annars blir det v\u00e4l pinsamt n\u00e4r n\u00e5gon redan kommenterat nedan. Jag har i alla fall f\u00e5tt svar i kommentarsf\u00e4lt, p\u00e5 twitter och p\u00e5 facebook. Och \u00e4ra, ber\u00f6mmelse och [&hellip;]","og_url":"https:\/\/blogg.svenskakyrkan.se\/vandravagen\/2012\/11\/15\/vad-forestaller-bilden-del-vii\/","og_site_name":"Vandra V\u00e4gen","article_publisher":"http:\/\/facebook.com\/vandravagen","article_published_time":"2012-11-15T17:31:00+00:00","og_image":[{"url":"http:\/\/2.bp.blogspot.com\/-8auvEWAPvic\/UJui4CIC5UI\/AAAAAAAAA9k\/SDkTGJt-8og\/s320\/blogger-image-723664356.jpg","type":"","width":"","height":""}],"author":"Tomas Jarvid","twitter_card":"summary_large_image","twitter_creator":"@fadertomas","twitter_site":"@fadertomas","twitter_misc":{"Skriven av":"Tomas Jarvid","Ber\u00e4knad l\u00e4stid":"3 minuter"},"schema":{"@context":"https:\/\/schema.org","@graph":[{"@type":"Article","@id":"https:\/\/blogg.svenskakyrkan.se\/vandravagen\/2012\/11\/15\/vad-forestaller-bilden-del-vii\/#article","isPartOf":{"@id":"https:\/\/blogg.svenskakyrkan.se\/vandravagen\/2012\/11\/15\/vad-forestaller-bilden-del-vii\/"},"author":{"name":"Tomas Jarvid","@id":"https:\/\/blogg.svenskakyrkan.se\/vandravagen\/#\/schema\/person\/25da02d4f76b137d04291711e2c9fc16"},"headline":"Vad f\u00f6rest\u00e4ller bilden del VII","datePublished":"2012-11-15T17:31:00+00:00","mainEntityOfPage":{"@id":"https:\/\/blogg.svenskakyrkan.se\/vandravagen\/2012\/11\/15\/vad-forestaller-bilden-del-vii\/"},"wordCount":598,"commentCount":2,"publisher":{"@id":"https:\/\/blogg.svenskakyrkan.se\/vandravagen\/#organization"},"image":{"@id":"https:\/\/blogg.svenskakyrkan.se\/vandravagen\/2012\/11\/15\/vad-forestaller-bilden-del-vii\/#primaryimage"},"thumbnailUrl":"http:\/\/2.bp.blogspot.com\/-8auvEWAPvic\/UJui4CIC5UI\/AAAAAAAAA9k\/SDkTGJt-8og\/s320\/blogger-image-723664356.jpg","articleSection":["bibel","bilder"],"inLanguage":"sv-SE","potentialAction":[{"@type":"CommentAction","name":"Comment","target":["https:\/\/blogg.svenskakyrkan.se\/vandravagen\/2012\/11\/15\/vad-forestaller-bilden-del-vii\/#respond"]}]},{"@type":"WebPage","@id":"https:\/\/blogg.svenskakyrkan.se\/vandravagen\/2012\/11\/15\/vad-forestaller-bilden-del-vii\/","url":"https:\/\/blogg.svenskakyrkan.se\/vandravagen\/2012\/11\/15\/vad-forestaller-bilden-del-vii\/","name":"Vad f\u00f6rest\u00e4ller bilden del VII - Vandra V\u00e4gen","isPartOf":{"@id":"https:\/\/blogg.svenskakyrkan.se\/vandravagen\/#website"},"primaryImageOfPage":{"@id":"https:\/\/blogg.svenskakyrkan.se\/vandravagen\/2012\/11\/15\/vad-forestaller-bilden-del-vii\/#primaryimage"},"image":{"@id":"https:\/\/blogg.svenskakyrkan.se\/vandravagen\/2012\/11\/15\/vad-forestaller-bilden-del-vii\/#primaryimage"},"thumbnailUrl":"http:\/\/2.bp.blogspot.com\/-8auvEWAPvic\/UJui4CIC5UI\/AAAAAAAAA9k\/SDkTGJt-8og\/s320\/blogger-image-723664356.jpg","datePublished":"2012-11-15T17:31:00+00:00","breadcrumb":{"@id":"https:\/\/blogg.svenskakyrkan.se\/vandravagen\/2012\/11\/15\/vad-forestaller-bilden-del-vii\/#breadcrumb"},"inLanguage":"sv-SE","potentialAction":[{"@type":"ReadAction","target":["https:\/\/blogg.svenskakyrkan.se\/vandravagen\/2012\/11\/15\/vad-forestaller-bilden-del-vii\/"]}]},{"@type":"ImageObject","inLanguage":"sv-SE","@id":"https:\/\/blogg.svenskakyrkan.se\/vandravagen\/2012\/11\/15\/vad-forestaller-bilden-del-vii\/#primaryimage","url":"http:\/\/2.bp.blogspot.com\/-8auvEWAPvic\/UJui4CIC5UI\/AAAAAAAAA9k\/SDkTGJt-8og\/s320\/blogger-image-723664356.jpg","contentUrl":"http:\/\/2.bp.blogspot.com\/-8auvEWAPvic\/UJui4CIC5UI\/AAAAAAAAA9k\/SDkTGJt-8og\/s320\/blogger-image-723664356.jpg"},{"@type":"BreadcrumbList","@id":"https:\/\/blogg.svenskakyrkan.se\/vandravagen\/2012\/11\/15\/vad-forestaller-bilden-del-vii\/#breadcrumb","itemListElement":[{"@type":"ListItem","position":1,"name":"Hem","item":"https:\/\/blogg.svenskakyrkan.se\/vandravagen\/"},{"@type":"ListItem","position":2,"name":"Vad f\u00f6rest\u00e4ller bilden del VII"}]},{"@type":"WebSite","@id":"https:\/\/blogg.svenskakyrkan.se\/vandravagen\/#website","url":"https:\/\/blogg.svenskakyrkan.se\/vandravagen\/","name":"Vandra V\u00e4gen","description":"-Mot en tro f\u00f6r hela livet","publisher":{"@id":"https:\/\/blogg.svenskakyrkan.se\/vandravagen\/#organization"},"potentialAction":[{"@type":"SearchAction","target":{"@type":"EntryPoint","urlTemplate":"https:\/\/blogg.svenskakyrkan.se\/vandravagen\/?s={search_term_string}"},"query-input":{"@type":"PropertyValueSpecification","valueRequired":true,"valueName":"search_term_string"}}],"inLanguage":"sv-SE"},{"@type":"Organization","@id":"https:\/\/blogg.svenskakyrkan.se\/vandravagen\/#organization","name":"ulricehamns pastorat","alternateName":"ulricehamns pastorat","url":"https:\/\/blogg.svenskakyrkan.se\/vandravagen\/","logo":{"@type":"ImageObject","inLanguage":"sv-SE","@id":"https:\/\/blogg.svenskakyrkan.se\/vandravagen\/#\/schema\/logo\/image\/","url":"https:\/\/blogg.svenskakyrkan.se\/vandravagen\/files\/2023\/05\/Ulr_logo_RGB.png","contentUrl":"https:\/\/blogg.svenskakyrkan.se\/vandravagen\/files\/2023\/05\/Ulr_logo_RGB.png","width":205,"height":77,"caption":"ulricehamns pastorat"},"image":{"@id":"https:\/\/blogg.svenskakyrkan.se\/vandravagen\/#\/schema\/logo\/image\/"},"sameAs":["http:\/\/facebook.com\/vandravagen","https:\/\/x.com\/fadertomas","http:\/\/www.facebook.com\/svenskakyrkaniulricehamn"]},{"@type":"Person","@id":"https:\/\/blogg.svenskakyrkan.se\/vandravagen\/#\/schema\/person\/25da02d4f76b137d04291711e2c9fc16","name":"Tomas Jarvid","image":{"@type":"ImageObject","inLanguage":"sv-SE","@id":"https:\/\/blogg.svenskakyrkan.se\/vandravagen\/#\/schema\/person\/image\/","url":"https:\/\/secure.gravatar.com\/avatar\/7fa71899795e8f540f615a1f5ab25255dc27aa40f05ee7ddd21aac521e01bf50?s=96&d=identicon&r=g","contentUrl":"https:\/\/secure.gravatar.com\/avatar\/7fa71899795e8f540f615a1f5ab25255dc27aa40f05ee7ddd21aac521e01bf50?s=96&d=identicon&r=g","caption":"Tomas Jarvid"},"description":"Jag bor i Ulricehamn i V\u00e4sterg\u00f6tland och \u00e4r f\u00f6rsamlingspr\u00e4st i Svenska Kyrkan f\u00f6r Dalstorps f\u00f6rsamling i Kinds pastorat. P\u00e5 den h\u00e4r bloggen skriver jag ner tankar om vandringen som kristen.","sameAs":["http:\/\/www.vandravagen.se"],"url":"https:\/\/blogg.svenskakyrkan.se\/vandravagen\/author\/vandravagen\/"}]}},"author_meta":{"ID":"392","user_nicename":"vandravagen","user_url":"http:\/\/www.vandravagen.se","user_registered":"2014-05-19 05:44:52","display_name":"Tomas Jarvid","first_name":"Tomas","last_name":"Jarvid","avatar":"https:\/\/secure.gravatar.com\/avatar\/7fa71899795e8f540f615a1f5ab25255dc27aa40f05ee7ddd21aac521e01bf50?s=96&d=identicon&r=g"},"featured_image":false,"bloginfo":{"name":"Vandra V\u00e4gen","url":"https:\/\/blogg.svenskakyrkan.se\/vandravagen"},"_links":{"self":[{"href":"https:\/\/blogg.svenskakyrkan.se\/vandravagen\/wp-json\/wp\/v2\/posts\/873","targetHints":{"allow":["GET"]}}],"collection":[{"href":"https:\/\/blogg.svenskakyrkan.se\/vandravagen\/wp-json\/wp\/v2\/posts"}],"about":[{"href":"https:\/\/blogg.svenskakyrkan.se\/vandravagen\/wp-json\/wp\/v2\/types\/post"}],"author":[{"embeddable":true,"href":"https:\/\/blogg.svenskakyrkan.se\/vandravagen\/wp-json\/wp\/v2\/users\/392"}],"replies":[{"embeddable":true,"href":"https:\/\/blogg.svenskakyrkan.se\/vandravagen\/wp-json\/wp\/v2\/comments?post=873"}],"version-history":[{"count":0,"href":"https:\/\/blogg.svenskakyrkan.se\/vandravagen\/wp-json\/wp\/v2\/posts\/873\/revisions"}],"wp:attachment":[{"href":"https:\/\/blogg.svenskakyrkan.se\/vandravagen\/wp-json\/wp\/v2\/media?parent=873"}],"wp:term":[{"taxonomy":"category","embeddable":true,"href":"https:\/\/blogg.svenskakyrkan.se\/vandravagen\/wp-json\/wp\/v2\/categories?post=873"},{"taxonomy":"post_tag","embeddable":true,"href":"https:\/\/blogg.svenskakyrkan.se\/vandravagen\/wp-json\/wp\/v2\/tags?post=873"}],"curies":[{"name":"wp","href":"https:\/\/api.w.org\/{rel}","templated":true}]}}