{"id":8736,"date":"2021-12-30T08:41:54","date_gmt":"2021-12-30T07:41:54","guid":{"rendered":"https:\/\/blogg.svenskakyrkan.se\/vandravagen\/?p=8736"},"modified":"2021-12-30T08:41:55","modified_gmt":"2021-12-30T07:41:55","slug":"en-stor-himmelsk-har","status":"publish","type":"post","link":"https:\/\/blogg.svenskakyrkan.se\/vandravagen\/2021\/12\/30\/en-stor-himmelsk-har\/","title":{"rendered":"En stor himmelsk h\u00e4r"},"content":{"rendered":"\n\n\n<figure class=\"wp-block-image size-large is-style-default\"><img loading=\"lazy\" decoding=\"async\" width=\"531\" height=\"680\" src=\"https:\/\/blogg.svenskakyrkan.se\/vandravagen\/files\/2021\/12\/Tetramorph_meteora.jpg\" alt=\"\" class=\"wp-image-8737\" srcset=\"https:\/\/blogg.svenskakyrkan.se\/vandravagen\/files\/2021\/12\/Tetramorph_meteora.jpg 531w, https:\/\/blogg.svenskakyrkan.se\/vandravagen\/files\/2021\/12\/Tetramorph_meteora-300x384.jpg 300w\" sizes=\"auto, (max-width: 531px) 100vw, 531px\" \/><figcaption>En biblisk kerub utifr\u00e5n hur den beskrivs i bibeln, inte s\u00e5 lik en knubbig bebis.<\/figcaption><\/figure>\n\n\n\n<p>Det \u00e4r ofta bra att fundera p\u00e5 vilket intryck en bibeltext kan ha gjort p\u00e5 sina f\u00f6rsta l\u00e4sare (eller \u00e5h\u00f6rare snarare f\u00f6r Bibeln var ju en &#8221;ljudbok&#8221;, n\u00e5got man l\u00e4ste h\u00f6gt). Idag kan vi fundera p\u00e5 \u00e4nglah\u00e4ren som sjunger f\u00f6r herdarna i natten!<\/p>\n\n\n\n<p>\u00c4nglar \u00e4r vanliga i bibeln, de f\u00f6rekommer i n\u00e4stan varenda bibelbok. Och ofta ter de sig v\u00e4ldigt annorlunda mot hur de ser ut nu f\u00f6r tiden i popul\u00e4ra bilder (Jag skrev h\u00e4r om &#8221;<a href=\"https:\/\/blogg.svenskakyrkan.se\/vandravagen\/2017\/08\/17\/anglar-har-inga-vingar\/\">\u00c4nglar har inga vingar<\/a>&#8221; till exempel). \u00c4nglar i bibeln \u00e4r allts\u00e5 inte knubbiga sm\u00e5 barn som p\u00e5 den h\u00e4r bilden:<\/p>\n\n\n\n<figure class=\"wp-block-image size-large is-style-default\"><img loading=\"lazy\" decoding=\"async\" width=\"216\" height=\"250\" src=\"https:\/\/blogg.svenskakyrkan.se\/vandravagen\/files\/2021\/12\/022wazEM11K2.jpeg\" alt=\"\" class=\"wp-image-8738\" \/><\/figure>\n\n\n\n<p>\u00c4nglar \u00e4r snarare de m\u00e4ktigaste skapade varelserna i kosmos och utg\u00f6r Guds &#8221;hov&#8221; eller s\u00e5. Jag har kollat runt lite och det \u00e4r \u00e4nd\u00e5 v\u00e4ldigt ovanligt med m\u00e5nga \u00e4nglar tillsammans i grupp, bara en enda \u00e4ngel verkar vara ett v\u00e4ldigt omtumlande m\u00f6te f\u00f6r bibelns m\u00e4nniskor. <\/p>\n\n\n\n<p>Det ligger n\u00e4ra till hands att n\u00e4r det nu dyker upp en &#8221;stor himmelsk h\u00e4r&#8221; vid Jesu f\u00f6delse s\u00e5 \u00e4r det f\u00f6rsta g\u00e5ngen n\u00e5got s\u00e5dant sker, det visar verkligen p\u00e5 det stora i det som h\u00e4nder. Vad finns det f\u00f6r andra \u00e4nglaarm\u00e9er i bibeln?<\/p>\n\n\n\n<p>Det finns stora strider mellan \u00e4nglar och det onda i Uppenbarelseboken i bibelns slut men dessa \u00e4r allts\u00e5 senare som ber\u00e4ttelser \u00e4n de vi h\u00f6r om vid Jesu f\u00f6delse. Det finns ocks\u00e5 exempel som n\u00e4r profeten Mika f\u00e5r se en skymt av de stora \u00e4nglaskarorna kring Guds tron men det \u00e4r ju d\u00e5 i form av en himlavision, inget som syns h\u00e4r p\u00e5 jorden. <\/p>\n\n\n\n<p>Jag vet egentligen bara ett riktigt exempel i gamla testamentet och det \u00e4r fr\u00e5n andra kungaboken 6. Profeten Elisha \u00e4r f\u00f6rf\u00f6ljd och omringad av en massa fiender och detta uppt\u00e4cker hans tj\u00e4nare pl\u00f6tsligt en morgon d\u00e5 de vaknar. Det st\u00e5r s\u00e5 h\u00e4r:<\/p>\n\n\n\n<blockquote class=\"wp-block-quote is-layout-flow wp-block-quote-is-layout-flow\"><p>P\u00e5 morgonen, d\u00e5 gudsmannens tj\u00e4nare kom ut, fick han se att staden var omringad av en truppstyrka med h\u00e4star och vagnar. \u00bbAck, herre, vad skall vi ta oss till?\u00ab ropade han.&nbsp;<\/p><p>Elisha svarade: \u00bb<strong>Var inte r\u00e4dd. Det \u00e4r fler p\u00e5 v\u00e5r sida \u00e4n p\u00e5 deras.<\/strong>\u00ab&nbsp;<\/p><p>Och han bad: \u00bbHerre, \u00f6ppna hans \u00f6gon, s\u00e5 att han ser!\u00ab D\u00e5 \u00f6ppnade Herren tj\u00e4narens \u00f6gon, och han s\u00e5g att<strong> berget var fullt av h\u00e4star och vagnar av eld kring Elisha<\/strong>. <\/p><\/blockquote>\n\n\n\n<p>S\u00e5 f\u00e5r de sen skymt av den osynliga verkligheten f\u00f6r en stund. Fienden sl\u00e5s sedan med blindhet s\u00e5 att de inte kan sl\u00e5ss. <\/p>\n\n\n\n<p>Jag tycker det \u00e4r en intressant parallell f\u00f6r det st\u00e4mmer med n\u00e5got som nog \u00e4r en po\u00e4ng med \u00e4nglarnas bes\u00f6k i Betlehem!<\/p>\n\n\n\n<p>Det s\u00e5 kallade julevangeliet b\u00f6rjar ju med att vi f\u00e5r h\u00f6ra om Kejsaren i Rom som styr och st\u00e4ller med hela v\u00e4rlden och skattskriver den. Det lilla barnet som f\u00f6ds \u00e4r hela tiden i kontrast till denna imperiemakt (l\u00e4s g\u00e4rna om &#8221;<a href=\"https:\/\/blogg.svenskakyrkan.se\/vandravagen\/2015\/08\/14\/jesus-med-kejsarens-titlar\/\">Jesus med kejsarens titlar&#8221;<\/a>). Kejsarens makt framst\u00e5r helt klart inte som lika \u00f6verl\u00e4gsen och \u00f6vertygande n\u00e4r Gud gl\u00e4ntar lite p\u00e5 f\u00f6rh\u00e4nget till den himmelska verkligheten och vi f\u00e5r se Guds makt. Det \u00e4r ocks\u00e5 en parallell hos b\u00e5de Lukas och i ber\u00e4ttelsen om Elisha att Gud kanske visserligen \u00e4r \u00f6verl\u00e4gset stark men anv\u00e4nder inte den makten till att bruka v\u00e5ld. En sista parallell h\u00e4r \u00e4r Jesus ord i samband med korsf\u00e4stelsen &#8221;Tror ni inte att om jag bad honom skulle Fadern skicka tolv legioner \u00e4nglar till min hj\u00e4lp&#8221; (ungef\u00e4r s\u00e5 s\u00e4ger han). <\/p>\n\n\n\n<p>Har jag missat n\u00e5gon \u00e4nglaarm\u00e9? S\u00e4g g\u00e4rna till! Och kommentera om du har n\u00e5gra tankar kring detta!<\/p>\n","protected":false},"excerpt":{"rendered":"<p>Det \u00e4r ofta bra att fundera p\u00e5 vilket intryck en bibeltext kan ha gjort p\u00e5 sina f\u00f6rsta l\u00e4sare (eller \u00e5h\u00f6rare snarare f\u00f6r Bibeln var ju en &#8221;ljudbok&#8221;, n\u00e5got man l\u00e4ste h\u00f6gt). Idag kan vi fundera p\u00e5 \u00e4nglah\u00e4ren som sjunger f\u00f6r herdarna i natten! \u00c4nglar \u00e4r vanliga i bibeln, de f\u00f6rekommer i n\u00e4stan varenda bibelbok. Och [&hellip;]<\/p>\n","protected":false},"author":392,"featured_media":8737,"comment_status":"open","ping_status":"open","sticky":false,"template":"","format":"standard","meta":{"_acf_changed":false,"footnotes":""},"categories":[14252,8298,8341],"tags":[],"class_list":["post-8736","post","type-post","status-publish","format-standard","has-post-thumbnail","hentry","category-bibel","category-bibeln","category-jul"],"acf":[],"yoast_head":"<!-- This site is optimized with the Yoast SEO plugin v27.1.1 - https:\/\/yoast.com\/product\/yoast-seo-wordpress\/ -->\n<title>En stor himmelsk h\u00e4r - Vandra V\u00e4gen<\/title>\n<meta name=\"robots\" content=\"index, follow, max-snippet:-1, max-image-preview:large, max-video-preview:-1\" \/>\n<link rel=\"canonical\" href=\"https:\/\/blogg.svenskakyrkan.se\/vandravagen\/2021\/12\/30\/en-stor-himmelsk-har\/\" \/>\n<meta property=\"og:locale\" content=\"sv_SE\" \/>\n<meta property=\"og:type\" content=\"article\" \/>\n<meta property=\"og:title\" content=\"En stor himmelsk h\u00e4r - Vandra V\u00e4gen\" \/>\n<meta property=\"og:description\" content=\"Det \u00e4r ofta bra att fundera p\u00e5 vilket intryck en bibeltext kan ha gjort p\u00e5 sina f\u00f6rsta l\u00e4sare (eller \u00e5h\u00f6rare snarare f\u00f6r Bibeln var ju en &#8221;ljudbok&#8221;, n\u00e5got man l\u00e4ste h\u00f6gt). Idag kan vi fundera p\u00e5 \u00e4nglah\u00e4ren som sjunger f\u00f6r herdarna i natten! \u00c4nglar \u00e4r vanliga i bibeln, de f\u00f6rekommer i n\u00e4stan varenda bibelbok. Och [&hellip;]\" \/>\n<meta property=\"og:url\" content=\"https:\/\/blogg.svenskakyrkan.se\/vandravagen\/2021\/12\/30\/en-stor-himmelsk-har\/\" \/>\n<meta property=\"og:site_name\" content=\"Vandra V\u00e4gen\" \/>\n<meta property=\"article:publisher\" content=\"http:\/\/facebook.com\/vandravagen\" \/>\n<meta property=\"article:published_time\" content=\"2021-12-30T07:41:54+00:00\" \/>\n<meta property=\"article:modified_time\" content=\"2021-12-30T07:41:55+00:00\" \/>\n<meta property=\"og:image\" content=\"https:\/\/blogg.svenskakyrkan.se\/vandravagen\/files\/2021\/12\/Tetramorph_meteora.jpg\" \/>\n\t<meta property=\"og:image:width\" content=\"531\" \/>\n\t<meta property=\"og:image:height\" content=\"680\" \/>\n\t<meta property=\"og:image:type\" content=\"image\/jpeg\" \/>\n<meta name=\"author\" content=\"Tomas Jarvid\" \/>\n<meta name=\"twitter:card\" content=\"summary_large_image\" \/>\n<meta name=\"twitter:creator\" content=\"@fadertomas\" \/>\n<meta name=\"twitter:site\" content=\"@fadertomas\" \/>\n<meta name=\"twitter:label1\" content=\"Skriven av\" \/>\n\t<meta name=\"twitter:data1\" content=\"Tomas Jarvid\" \/>\n\t<meta name=\"twitter:label2\" content=\"Ber\u00e4knad l\u00e4stid\" \/>\n\t<meta name=\"twitter:data2\" content=\"3 minuter\" \/>\n<script type=\"application\/ld+json\" class=\"yoast-schema-graph\">{\"@context\":\"https:\/\/schema.org\",\"@graph\":[{\"@type\":\"Article\",\"@id\":\"https:\/\/blogg.svenskakyrkan.se\/vandravagen\/2021\/12\/30\/en-stor-himmelsk-har\/#article\",\"isPartOf\":{\"@id\":\"https:\/\/blogg.svenskakyrkan.se\/vandravagen\/2021\/12\/30\/en-stor-himmelsk-har\/\"},\"author\":{\"name\":\"Tomas Jarvid\",\"@id\":\"https:\/\/blogg.svenskakyrkan.se\/vandravagen\/#\/schema\/person\/25da02d4f76b137d04291711e2c9fc16\"},\"headline\":\"En stor himmelsk h\u00e4r\",\"datePublished\":\"2021-12-30T07:41:54+00:00\",\"dateModified\":\"2021-12-30T07:41:55+00:00\",\"mainEntityOfPage\":{\"@id\":\"https:\/\/blogg.svenskakyrkan.se\/vandravagen\/2021\/12\/30\/en-stor-himmelsk-har\/\"},\"wordCount\":678,\"commentCount\":2,\"publisher\":{\"@id\":\"https:\/\/blogg.svenskakyrkan.se\/vandravagen\/#organization\"},\"image\":{\"@id\":\"https:\/\/blogg.svenskakyrkan.se\/vandravagen\/2021\/12\/30\/en-stor-himmelsk-har\/#primaryimage\"},\"thumbnailUrl\":\"https:\/\/blogg.svenskakyrkan.se\/vandravagen\/files\/2021\/12\/Tetramorph_meteora.jpg\",\"articleSection\":[\"bibel\",\"Bibeln\",\"jul\"],\"inLanguage\":\"sv-SE\",\"potentialAction\":[{\"@type\":\"CommentAction\",\"name\":\"Comment\",\"target\":[\"https:\/\/blogg.svenskakyrkan.se\/vandravagen\/2021\/12\/30\/en-stor-himmelsk-har\/#respond\"]}]},{\"@type\":\"WebPage\",\"@id\":\"https:\/\/blogg.svenskakyrkan.se\/vandravagen\/2021\/12\/30\/en-stor-himmelsk-har\/\",\"url\":\"https:\/\/blogg.svenskakyrkan.se\/vandravagen\/2021\/12\/30\/en-stor-himmelsk-har\/\",\"name\":\"En stor himmelsk h\u00e4r - Vandra V\u00e4gen\",\"isPartOf\":{\"@id\":\"https:\/\/blogg.svenskakyrkan.se\/vandravagen\/#website\"},\"primaryImageOfPage\":{\"@id\":\"https:\/\/blogg.svenskakyrkan.se\/vandravagen\/2021\/12\/30\/en-stor-himmelsk-har\/#primaryimage\"},\"image\":{\"@id\":\"https:\/\/blogg.svenskakyrkan.se\/vandravagen\/2021\/12\/30\/en-stor-himmelsk-har\/#primaryimage\"},\"thumbnailUrl\":\"https:\/\/blogg.svenskakyrkan.se\/vandravagen\/files\/2021\/12\/Tetramorph_meteora.jpg\",\"datePublished\":\"2021-12-30T07:41:54+00:00\",\"dateModified\":\"2021-12-30T07:41:55+00:00\",\"breadcrumb\":{\"@id\":\"https:\/\/blogg.svenskakyrkan.se\/vandravagen\/2021\/12\/30\/en-stor-himmelsk-har\/#breadcrumb\"},\"inLanguage\":\"sv-SE\",\"potentialAction\":[{\"@type\":\"ReadAction\",\"target\":[\"https:\/\/blogg.svenskakyrkan.se\/vandravagen\/2021\/12\/30\/en-stor-himmelsk-har\/\"]}]},{\"@type\":\"ImageObject\",\"inLanguage\":\"sv-SE\",\"@id\":\"https:\/\/blogg.svenskakyrkan.se\/vandravagen\/2021\/12\/30\/en-stor-himmelsk-har\/#primaryimage\",\"url\":\"https:\/\/blogg.svenskakyrkan.se\/vandravagen\/files\/2021\/12\/Tetramorph_meteora.jpg\",\"contentUrl\":\"https:\/\/blogg.svenskakyrkan.se\/vandravagen\/files\/2021\/12\/Tetramorph_meteora.jpg\",\"width\":531,\"height\":680},{\"@type\":\"BreadcrumbList\",\"@id\":\"https:\/\/blogg.svenskakyrkan.se\/vandravagen\/2021\/12\/30\/en-stor-himmelsk-har\/#breadcrumb\",\"itemListElement\":[{\"@type\":\"ListItem\",\"position\":1,\"name\":\"Hem\",\"item\":\"https:\/\/blogg.svenskakyrkan.se\/vandravagen\/\"},{\"@type\":\"ListItem\",\"position\":2,\"name\":\"En stor himmelsk h\u00e4r\"}]},{\"@type\":\"WebSite\",\"@id\":\"https:\/\/blogg.svenskakyrkan.se\/vandravagen\/#website\",\"url\":\"https:\/\/blogg.svenskakyrkan.se\/vandravagen\/\",\"name\":\"Vandra V\u00e4gen\",\"description\":\"-Mot en tro f\u00f6r hela livet\",\"publisher\":{\"@id\":\"https:\/\/blogg.svenskakyrkan.se\/vandravagen\/#organization\"},\"potentialAction\":[{\"@type\":\"SearchAction\",\"target\":{\"@type\":\"EntryPoint\",\"urlTemplate\":\"https:\/\/blogg.svenskakyrkan.se\/vandravagen\/?s={search_term_string}\"},\"query-input\":{\"@type\":\"PropertyValueSpecification\",\"valueRequired\":true,\"valueName\":\"search_term_string\"}}],\"inLanguage\":\"sv-SE\"},{\"@type\":\"Organization\",\"@id\":\"https:\/\/blogg.svenskakyrkan.se\/vandravagen\/#organization\",\"name\":\"ulricehamns pastorat\",\"alternateName\":\"ulricehamns pastorat\",\"url\":\"https:\/\/blogg.svenskakyrkan.se\/vandravagen\/\",\"logo\":{\"@type\":\"ImageObject\",\"inLanguage\":\"sv-SE\",\"@id\":\"https:\/\/blogg.svenskakyrkan.se\/vandravagen\/#\/schema\/logo\/image\/\",\"url\":\"https:\/\/blogg.svenskakyrkan.se\/vandravagen\/files\/2023\/05\/Ulr_logo_RGB.png\",\"contentUrl\":\"https:\/\/blogg.svenskakyrkan.se\/vandravagen\/files\/2023\/05\/Ulr_logo_RGB.png\",\"width\":205,\"height\":77,\"caption\":\"ulricehamns pastorat\"},\"image\":{\"@id\":\"https:\/\/blogg.svenskakyrkan.se\/vandravagen\/#\/schema\/logo\/image\/\"},\"sameAs\":[\"http:\/\/facebook.com\/vandravagen\",\"https:\/\/x.com\/fadertomas\",\"http:\/\/www.facebook.com\/svenskakyrkaniulricehamn\"]},{\"@type\":\"Person\",\"@id\":\"https:\/\/blogg.svenskakyrkan.se\/vandravagen\/#\/schema\/person\/25da02d4f76b137d04291711e2c9fc16\",\"name\":\"Tomas Jarvid\",\"image\":{\"@type\":\"ImageObject\",\"inLanguage\":\"sv-SE\",\"@id\":\"https:\/\/blogg.svenskakyrkan.se\/vandravagen\/#\/schema\/person\/image\/\",\"url\":\"https:\/\/secure.gravatar.com\/avatar\/7fa71899795e8f540f615a1f5ab25255dc27aa40f05ee7ddd21aac521e01bf50?s=96&d=identicon&r=g\",\"contentUrl\":\"https:\/\/secure.gravatar.com\/avatar\/7fa71899795e8f540f615a1f5ab25255dc27aa40f05ee7ddd21aac521e01bf50?s=96&d=identicon&r=g\",\"caption\":\"Tomas Jarvid\"},\"description\":\"Jag bor i Ulricehamn i V\u00e4sterg\u00f6tland och \u00e4r f\u00f6rsamlingspr\u00e4st i Svenska Kyrkan f\u00f6r Dalstorps f\u00f6rsamling i Kinds pastorat. P\u00e5 den h\u00e4r bloggen skriver jag ner tankar om vandringen som kristen.\",\"sameAs\":[\"http:\/\/www.vandravagen.se\"],\"url\":\"https:\/\/blogg.svenskakyrkan.se\/vandravagen\/author\/vandravagen\/\"}]}<\/script>\n<!-- \/ Yoast SEO plugin. -->","yoast_head_json":{"title":"En stor himmelsk h\u00e4r - Vandra V\u00e4gen","robots":{"index":"index","follow":"follow","max-snippet":"max-snippet:-1","max-image-preview":"max-image-preview:large","max-video-preview":"max-video-preview:-1"},"canonical":"https:\/\/blogg.svenskakyrkan.se\/vandravagen\/2021\/12\/30\/en-stor-himmelsk-har\/","og_locale":"sv_SE","og_type":"article","og_title":"En stor himmelsk h\u00e4r - Vandra V\u00e4gen","og_description":"Det \u00e4r ofta bra att fundera p\u00e5 vilket intryck en bibeltext kan ha gjort p\u00e5 sina f\u00f6rsta l\u00e4sare (eller \u00e5h\u00f6rare snarare f\u00f6r Bibeln var ju en &#8221;ljudbok&#8221;, n\u00e5got man l\u00e4ste h\u00f6gt). Idag kan vi fundera p\u00e5 \u00e4nglah\u00e4ren som sjunger f\u00f6r herdarna i natten! \u00c4nglar \u00e4r vanliga i bibeln, de f\u00f6rekommer i n\u00e4stan varenda bibelbok. Och [&hellip;]","og_url":"https:\/\/blogg.svenskakyrkan.se\/vandravagen\/2021\/12\/30\/en-stor-himmelsk-har\/","og_site_name":"Vandra V\u00e4gen","article_publisher":"http:\/\/facebook.com\/vandravagen","article_published_time":"2021-12-30T07:41:54+00:00","article_modified_time":"2021-12-30T07:41:55+00:00","og_image":[{"width":531,"height":680,"url":"https:\/\/blogg.svenskakyrkan.se\/vandravagen\/files\/2021\/12\/Tetramorph_meteora.jpg","type":"image\/jpeg"}],"author":"Tomas Jarvid","twitter_card":"summary_large_image","twitter_creator":"@fadertomas","twitter_site":"@fadertomas","twitter_misc":{"Skriven av":"Tomas Jarvid","Ber\u00e4knad l\u00e4stid":"3 minuter"},"schema":{"@context":"https:\/\/schema.org","@graph":[{"@type":"Article","@id":"https:\/\/blogg.svenskakyrkan.se\/vandravagen\/2021\/12\/30\/en-stor-himmelsk-har\/#article","isPartOf":{"@id":"https:\/\/blogg.svenskakyrkan.se\/vandravagen\/2021\/12\/30\/en-stor-himmelsk-har\/"},"author":{"name":"Tomas Jarvid","@id":"https:\/\/blogg.svenskakyrkan.se\/vandravagen\/#\/schema\/person\/25da02d4f76b137d04291711e2c9fc16"},"headline":"En stor himmelsk h\u00e4r","datePublished":"2021-12-30T07:41:54+00:00","dateModified":"2021-12-30T07:41:55+00:00","mainEntityOfPage":{"@id":"https:\/\/blogg.svenskakyrkan.se\/vandravagen\/2021\/12\/30\/en-stor-himmelsk-har\/"},"wordCount":678,"commentCount":2,"publisher":{"@id":"https:\/\/blogg.svenskakyrkan.se\/vandravagen\/#organization"},"image":{"@id":"https:\/\/blogg.svenskakyrkan.se\/vandravagen\/2021\/12\/30\/en-stor-himmelsk-har\/#primaryimage"},"thumbnailUrl":"https:\/\/blogg.svenskakyrkan.se\/vandravagen\/files\/2021\/12\/Tetramorph_meteora.jpg","articleSection":["bibel","Bibeln","jul"],"inLanguage":"sv-SE","potentialAction":[{"@type":"CommentAction","name":"Comment","target":["https:\/\/blogg.svenskakyrkan.se\/vandravagen\/2021\/12\/30\/en-stor-himmelsk-har\/#respond"]}]},{"@type":"WebPage","@id":"https:\/\/blogg.svenskakyrkan.se\/vandravagen\/2021\/12\/30\/en-stor-himmelsk-har\/","url":"https:\/\/blogg.svenskakyrkan.se\/vandravagen\/2021\/12\/30\/en-stor-himmelsk-har\/","name":"En stor himmelsk h\u00e4r - Vandra V\u00e4gen","isPartOf":{"@id":"https:\/\/blogg.svenskakyrkan.se\/vandravagen\/#website"},"primaryImageOfPage":{"@id":"https:\/\/blogg.svenskakyrkan.se\/vandravagen\/2021\/12\/30\/en-stor-himmelsk-har\/#primaryimage"},"image":{"@id":"https:\/\/blogg.svenskakyrkan.se\/vandravagen\/2021\/12\/30\/en-stor-himmelsk-har\/#primaryimage"},"thumbnailUrl":"https:\/\/blogg.svenskakyrkan.se\/vandravagen\/files\/2021\/12\/Tetramorph_meteora.jpg","datePublished":"2021-12-30T07:41:54+00:00","dateModified":"2021-12-30T07:41:55+00:00","breadcrumb":{"@id":"https:\/\/blogg.svenskakyrkan.se\/vandravagen\/2021\/12\/30\/en-stor-himmelsk-har\/#breadcrumb"},"inLanguage":"sv-SE","potentialAction":[{"@type":"ReadAction","target":["https:\/\/blogg.svenskakyrkan.se\/vandravagen\/2021\/12\/30\/en-stor-himmelsk-har\/"]}]},{"@type":"ImageObject","inLanguage":"sv-SE","@id":"https:\/\/blogg.svenskakyrkan.se\/vandravagen\/2021\/12\/30\/en-stor-himmelsk-har\/#primaryimage","url":"https:\/\/blogg.svenskakyrkan.se\/vandravagen\/files\/2021\/12\/Tetramorph_meteora.jpg","contentUrl":"https:\/\/blogg.svenskakyrkan.se\/vandravagen\/files\/2021\/12\/Tetramorph_meteora.jpg","width":531,"height":680},{"@type":"BreadcrumbList","@id":"https:\/\/blogg.svenskakyrkan.se\/vandravagen\/2021\/12\/30\/en-stor-himmelsk-har\/#breadcrumb","itemListElement":[{"@type":"ListItem","position":1,"name":"Hem","item":"https:\/\/blogg.svenskakyrkan.se\/vandravagen\/"},{"@type":"ListItem","position":2,"name":"En stor himmelsk h\u00e4r"}]},{"@type":"WebSite","@id":"https:\/\/blogg.svenskakyrkan.se\/vandravagen\/#website","url":"https:\/\/blogg.svenskakyrkan.se\/vandravagen\/","name":"Vandra V\u00e4gen","description":"-Mot en tro f\u00f6r hela livet","publisher":{"@id":"https:\/\/blogg.svenskakyrkan.se\/vandravagen\/#organization"},"potentialAction":[{"@type":"SearchAction","target":{"@type":"EntryPoint","urlTemplate":"https:\/\/blogg.svenskakyrkan.se\/vandravagen\/?s={search_term_string}"},"query-input":{"@type":"PropertyValueSpecification","valueRequired":true,"valueName":"search_term_string"}}],"inLanguage":"sv-SE"},{"@type":"Organization","@id":"https:\/\/blogg.svenskakyrkan.se\/vandravagen\/#organization","name":"ulricehamns pastorat","alternateName":"ulricehamns pastorat","url":"https:\/\/blogg.svenskakyrkan.se\/vandravagen\/","logo":{"@type":"ImageObject","inLanguage":"sv-SE","@id":"https:\/\/blogg.svenskakyrkan.se\/vandravagen\/#\/schema\/logo\/image\/","url":"https:\/\/blogg.svenskakyrkan.se\/vandravagen\/files\/2023\/05\/Ulr_logo_RGB.png","contentUrl":"https:\/\/blogg.svenskakyrkan.se\/vandravagen\/files\/2023\/05\/Ulr_logo_RGB.png","width":205,"height":77,"caption":"ulricehamns pastorat"},"image":{"@id":"https:\/\/blogg.svenskakyrkan.se\/vandravagen\/#\/schema\/logo\/image\/"},"sameAs":["http:\/\/facebook.com\/vandravagen","https:\/\/x.com\/fadertomas","http:\/\/www.facebook.com\/svenskakyrkaniulricehamn"]},{"@type":"Person","@id":"https:\/\/blogg.svenskakyrkan.se\/vandravagen\/#\/schema\/person\/25da02d4f76b137d04291711e2c9fc16","name":"Tomas Jarvid","image":{"@type":"ImageObject","inLanguage":"sv-SE","@id":"https:\/\/blogg.svenskakyrkan.se\/vandravagen\/#\/schema\/person\/image\/","url":"https:\/\/secure.gravatar.com\/avatar\/7fa71899795e8f540f615a1f5ab25255dc27aa40f05ee7ddd21aac521e01bf50?s=96&d=identicon&r=g","contentUrl":"https:\/\/secure.gravatar.com\/avatar\/7fa71899795e8f540f615a1f5ab25255dc27aa40f05ee7ddd21aac521e01bf50?s=96&d=identicon&r=g","caption":"Tomas Jarvid"},"description":"Jag bor i Ulricehamn i V\u00e4sterg\u00f6tland och \u00e4r f\u00f6rsamlingspr\u00e4st i Svenska Kyrkan f\u00f6r Dalstorps f\u00f6rsamling i Kinds pastorat. P\u00e5 den h\u00e4r bloggen skriver jag ner tankar om vandringen som kristen.","sameAs":["http:\/\/www.vandravagen.se"],"url":"https:\/\/blogg.svenskakyrkan.se\/vandravagen\/author\/vandravagen\/"}]}},"author_meta":{"ID":"392","user_nicename":"vandravagen","user_url":"http:\/\/www.vandravagen.se","user_registered":"2014-05-19 05:44:52","display_name":"Tomas Jarvid","first_name":"Tomas","last_name":"Jarvid","avatar":"https:\/\/secure.gravatar.com\/avatar\/7fa71899795e8f540f615a1f5ab25255dc27aa40f05ee7ddd21aac521e01bf50?s=96&d=identicon&r=g"},"featured_image":["https:\/\/blogg.svenskakyrkan.se\/vandravagen\/files\/2021\/12\/Tetramorph_meteora.jpg",531,680,false],"bloginfo":{"name":"Vandra V\u00e4gen","url":"https:\/\/blogg.svenskakyrkan.se\/vandravagen"},"_links":{"self":[{"href":"https:\/\/blogg.svenskakyrkan.se\/vandravagen\/wp-json\/wp\/v2\/posts\/8736","targetHints":{"allow":["GET"]}}],"collection":[{"href":"https:\/\/blogg.svenskakyrkan.se\/vandravagen\/wp-json\/wp\/v2\/posts"}],"about":[{"href":"https:\/\/blogg.svenskakyrkan.se\/vandravagen\/wp-json\/wp\/v2\/types\/post"}],"author":[{"embeddable":true,"href":"https:\/\/blogg.svenskakyrkan.se\/vandravagen\/wp-json\/wp\/v2\/users\/392"}],"replies":[{"embeddable":true,"href":"https:\/\/blogg.svenskakyrkan.se\/vandravagen\/wp-json\/wp\/v2\/comments?post=8736"}],"version-history":[{"count":2,"href":"https:\/\/blogg.svenskakyrkan.se\/vandravagen\/wp-json\/wp\/v2\/posts\/8736\/revisions"}],"predecessor-version":[{"id":8741,"href":"https:\/\/blogg.svenskakyrkan.se\/vandravagen\/wp-json\/wp\/v2\/posts\/8736\/revisions\/8741"}],"wp:featuredmedia":[{"embeddable":true,"href":"https:\/\/blogg.svenskakyrkan.se\/vandravagen\/wp-json\/wp\/v2\/media\/8737"}],"wp:attachment":[{"href":"https:\/\/blogg.svenskakyrkan.se\/vandravagen\/wp-json\/wp\/v2\/media?parent=8736"}],"wp:term":[{"taxonomy":"category","embeddable":true,"href":"https:\/\/blogg.svenskakyrkan.se\/vandravagen\/wp-json\/wp\/v2\/categories?post=8736"},{"taxonomy":"post_tag","embeddable":true,"href":"https:\/\/blogg.svenskakyrkan.se\/vandravagen\/wp-json\/wp\/v2\/tags?post=8736"}],"curies":[{"name":"wp","href":"https:\/\/api.w.org\/{rel}","templated":true}]}}