{"id":8758,"date":"2022-01-11T07:00:00","date_gmt":"2022-01-11T06:00:00","guid":{"rendered":"https:\/\/blogg.svenskakyrkan.se\/vandravagen\/?p=8758"},"modified":"2022-01-10T23:12:22","modified_gmt":"2022-01-10T22:12:22","slug":"jesus-blir-dopt-och-blir-en-ark","status":"publish","type":"post","link":"https:\/\/blogg.svenskakyrkan.se\/vandravagen\/2022\/01\/11\/jesus-blir-dopt-och-blir-en-ark\/","title":{"rendered":"Jesus blir d\u00f6pt och blir en ark"},"content":{"rendered":"\n\n\n<figure class=\"wp-block-image size-large\"><img loading=\"lazy\" decoding=\"async\" width=\"750\" height=\"873\" src=\"https:\/\/blogg.svenskakyrkan.se\/vandravagen\/files\/2022\/01\/IMG_9934.jpg\" alt=\"\" class=\"wp-image-8760\" srcset=\"https:\/\/blogg.svenskakyrkan.se\/vandravagen\/files\/2022\/01\/IMG_9934.jpg 750w, https:\/\/blogg.svenskakyrkan.se\/vandravagen\/files\/2022\/01\/IMG_9934-300x349.jpg 300w\" sizes=\"auto, (max-width: 750px) 100vw, 750px\" \/><figcaption>Johannes d\u00f6paren s\u00e4ger till sina l\u00e4rjungar att f\u00f6lja Jesus ist\u00e4llet.<\/figcaption><\/figure>\n\n\n\n<p>I s\u00f6ndags h\u00f6ll jag den h\u00e4r predikan p\u00e5 v\u00e5r f\u00f6rsta &#8221;\u00c5sundengudstj\u00e4nst&#8221; i Tv\u00e4rreds kyrka. N\u00e5gon sa att den var bra, jag hoppas hur som att den kan vara till gl\u00e4dje f\u00f6r dig. <\/p>\n\n\n\n<p><\/p>\n\n\n\n<p><strong>Jesu dop, \u00c5sundengudstj\u00e4nst i Tv\u00e4rred 9\/1 11.00<\/strong><\/p>\n\n\n\n<p>Man kan se p\u00e5 ber\u00e4ttelsen om Mose i vassen lite som att det handlar om ett dop. Eller r\u00e4ttare sagt \u00e4r det en av flera ber\u00e4ttelser som \u00e4r \u00e4ldre \u00e4n dopet men som kan hj\u00e4lpa oss f\u00f6rst\u00e5 vad dopet inneb\u00e4r. Till exempel blir Moses sj\u00e4lv r\u00e4ddad av Gud l\u00e5ngt innan han kan vara till n\u00e5gon nytta f\u00f6r Gud. Det \u00e4r den ordningen det \u00e4r f\u00f6r oss alla. Det \u00e4r en m\u00e4rklig historia med korg i vassen och allt och det hj\u00e4lper nog om man k\u00e4nner till hela den l\u00e5nga ber\u00e4ttelsen omkring. Vi f\u00e5r f\u00f6rst\u00e5 det som att Gud genom de h\u00e4r m\u00e4rkliga h\u00e4ndelserna r\u00e4ddar Moses fr\u00e5n en grym d\u00f6d som nyf\u00f6dd. Och det \u00e4r v\u00e4rt att l\u00e4gga m\u00e4rke till att de m\u00e4nniskor som \u00e4r inblandade i r\u00e4ddningen \u00e4r kvinnor allihop. Innan detta finns en ber\u00e4ttelse om de modiga Israelitiska barnmorskorna Shifra och Pua som skyddar de nyf\u00f6dda barnen och nu samverkar Mose mamma och syster och den Egyptiska prinsessan.<\/p>\n\n\n\n<p>I bibeln finns det ibland g\u00f6mda nycklar, eller jag brukar t\u00e4nka att de \u00e4r som s\u00e5na d\u00e4r bl\u00e5 l\u00e4nkar man ser p\u00e5 internet. N\u00e4r texten \u00e4r bl\u00e5 kan man klicka och hamna vidare p\u00e5 n\u00e5got annat som h\u00e4nger ihop. I bibeln s\u00e5 har vi ju tyv\u00e4rr inte klickl\u00e4nkar och dessutom s\u00e5 \u00e4r det ofta ganska g\u00f6mda saker. MEN om man skulle l\u00e4st bibeln p\u00e5 hebreiska och l\u00e4st om n\u00e4r Moses hamnar i en korg s\u00e5 skulle man kanske hoppa till \u00f6ver ordet f\u00f6r korg, att det \u00e4r samma ord som anv\u00e4nts tidigare f\u00f6r ett annat f\u00f6rem\u00e5l som flutit p\u00e5 vatten, n\u00e4mligen Noas ark. Och s\u00e5na h\u00e4r saker \u00e4r inte slumpm\u00e4ssiga utan n\u00e5gon har medvetet kopplat ihop de b\u00e5da ber\u00e4ttelserna med det ordet. Och det finns ju likheter. Noa och arken \u00e4r historien om hur allt gick under i floden utom dem som blev r\u00e4ddade i arken s\u00e5 att en framtid var m\u00f6jlig. Vattnet st\u00e5r som bild f\u00f6r kaosets makter, d\u00f6den och s\u00e5dant. Och n\u00e4r farao ville d\u00f6da alla hebreiska gossebarn i Nilen s\u00e5 fl\u00f6t Mose som i en ark p\u00e5 vattnet och fick till slut landa s\u00e4kert, och s\u00e5 tog historien inte slut med katastrofen utan det pekade fram mot r\u00e4ddning.<\/p>\n\n\n\n<p>Sen pekar ber\u00e4ttelsen fram\u00e5t ocks\u00e5. Lite senare \u00e4r hela israels folk hotat till livet och lyckas komma genom r\u00f6da havets vatten till ett liv p\u00e5 andra sidan. Och det \u00e4r nog den allra viktigaste ber\u00e4ttelsen i gamla testamentet vi har f\u00f6r att f\u00f6rst\u00e5 n\u00e5got om dopet. Israeliterna har varit slavar och Faraos \u00e4godelar men Gud \u00f6ppnar en utv\u00e4g f\u00f6r dem genom vattnet (precis som n\u00e4r det onda s\u00e5g ut att skulla vinna p\u00e5 Noas tid och d\u00e5 Mose var barn), ser till att deras pl\u00e5goandar inte kan hota dem mer och n\u00e4r de st\u00e5r p\u00e5 andra stranden s\u00e5 \u00e4r de inte slavar under n\u00e5gon och Gud s\u00e4ger att de f\u00e5r tillh\u00f6ra honom. De har blivit Guds folk. I en del kyrkor g\u00f6r man fortfarande s\u00e5 n\u00e4r man d\u00f6per att man doppar hela barnet i dopfunten (det \u00e4r d\u00e4rf\u00f6r de gamla dopfuntarna ofta \u00e4r s\u00e5 v\u00e4ldigt stora) och s\u00e5 \u00e4r det som att det g\u00e5r genom r\u00f6da havet, eller som att man d\u00f6r fr\u00e5n sitt gamla liv och uppst\u00e5r med Kristus. S\u00e5 p\u00e5 ett s\u00e4tt har man redan d\u00f6tt och lever med Gud redan h\u00e4r och nu. Vi f\u00e5r ett l\u00f6fte i dopet som handlar om samma sak. Att vi f\u00e5r lita p\u00e5 att vi tillh\u00f6r Gud, alltid \u00e4r v\u00e4lkomna till Gud inte p\u00e5 grund av n\u00e5got fint vi gjort utan f\u00f6r att han d\u00f6tt och uppst\u00e5tt f\u00f6r v\u00e5r skull. Och vi \u00e4r del i hans folk, kyrkan \u00f6ver hela jorden, en v\u00e4ldig massa syskon i Kristus.<\/p>\n\n\n\n<p>N\u00e4r folket hade g\u00e5tt genom havet och sedan genom \u00f6knen i 40 \u00e5r s\u00e5 gick de ocks\u00e5 p\u00e5 ett liknande s\u00e4tt in i landet Gud gav dem, genom floder Jordan, en mindre k\u00e4nd ber\u00e4ttelse kanske. Och sedan skulle de leva d\u00e4r efter lagarna Gud gav dem och vara som ett skyltf\u00f6nster eller s\u00e5, d\u00e4r alla folk kunde f\u00e5 se en skymt av hurdan Gud \u00e4r och vad Gud vill oss. Nu gick det ju d\u00e5ligt med det. De hade h\u00e5rda hj\u00e4rtan och hade sv\u00e5rt att lita p\u00e5 Gud och \u00e4lska varandra. S\u00e5 n\u00e4r johannes d\u00f6paren b\u00f6rjade d\u00f6pa var det p\u00e5 samma plats. De gick tillbaka dit de kommit in i landet fr\u00e5n, Jordan, och s\u00e5 liksom b\u00f6rjade de om d\u00e4r. Johannes d\u00f6pte dem som en omv\u00e4ndelse, nu skulle de b\u00f6rja om och vara Guds folk p\u00e5 det s\u00e4tt det var t\u00e4nkt. Och m\u00e5nga samlades d\u00e4r hos honom. De ville ju s\u00e5 g\u00e4rna f\u00f6r\u00e4ndras, det vet man ju nu i ny\u00e5rstider, man vill inte vara sitt gamla egoistiska och d\u00e5liga jag, man vill b\u00f6rja om. Vi l\u00e4ngtar efter det!<\/p>\n\n\n\n<p>Jag vet inte vad Johannes trodde om det, kunde man f\u00f6r\u00e4ndras p\u00e5 det s\u00e4ttet? Bara genom att best\u00e4mma sig? Han s\u00e4ger i alla fall att det ska komma en efter honom som \u00e4r st\u00f6rre \u00e4n honom! En som Johannes inte ens var v\u00e4rdig att knyta upp sandalremmarna p\u00e5 (och det f\u00f6rresten \u00e4r verkligen starka ord, det ans\u00e5gs orimligt att be en slav att knyta upp sandalremmar f\u00f6r det var en s\u00e5 l\u00e5g uppgift, men f\u00f6r Johannes vore det en alltf\u00f6r stor heder!). Han t\u00e4nkte sig nog att den som skulle komma var n\u00e5gon som verkligen hade Guds kraft och s\u00e4kert en v\u00e4ldigt str\u00e4ng domare. N\u00e5gon som visar oss vem Gud \u00e4r.<\/p>\n\n\n\n<p>Och s\u00e5 blir Jesus d\u00f6pt av Johannes. Det st\u00e5r att Guds Ande kom ner \u00f6ver honom i form av en duva och en r\u00f6st talade \u201dDu \u00e4r min \u00e4lskade son, min utvalde\u201d. En bekr\u00e4ftelse p\u00e5 att denne \u00e4r den de v\u00e4ntat p\u00e5. Den som visar oss hurdan Gud \u00e4r, och som ska utf\u00f6ra hans verk. Det kommer visa sig att han inte \u00e4r riktigt som Johannes trodde. S\u00e5 pass att Johannes fick fundera p\u00e5 om det verkligen var r\u00e4tt person han v\u00e4ntat p\u00e5 men det var det. Men det fanns mer n\u00e5d och barmh\u00e4rtighet hos Gud \u00e4n Johannes v\u00e5gade tro. Jesus kom f\u00f6r att r\u00e4dda. En fr\u00e4lsare. Det g\u00e5r n\u00e4mligen inte att bara best\u00e4mma sig f\u00f6r att bli en b\u00e4ttre m\u00e4nniska. Om Gud bara skulle d\u00f6ma v\u00e5ra g\u00e4rningar s\u00e5 \u00e4r l\u00e4get hoppl\u00f6st. Men han kom f\u00f6r att \u00f6ppna d\u00f6rren till en ark f\u00f6r oss. Vara en ark \u00e5t oss. Och han bj\u00f6d in syndare och hoppl\u00f6sa fall dit hela, hela tiden. S\u00e5na som vem som helst kunde se att de inte klarade att sk\u00e4rpa sig och bli goda m\u00e4nniskor. Och s\u00e5na som inte fattade alls sj\u00e4lva att de var betydligt v\u00e4rre \u00e4n de trodde. Och dig och mig. Sedan d\u00e4r inne i arken, eller om man t\u00e4nker sig att vi \u00e4r israels folk som vandrat genom havet och blivit Guds folk p\u00e5 andra sidan, s\u00e5 kan han b\u00f6rja det omst\u00e4ndiga arbetet med att hela oss och f\u00f6rvandla v\u00e5ra hj\u00e4rtan till k\u00e4rleksfulla s\u00e5dana, det tar l\u00e4ngre tid \u00e4n ett liv p\u00e5 jorden men han ska nog bli klar till slut. Po\u00e4ngen \u00e4r att han r\u00e4ddar oss i befintligt skick. Vi kanske d\u00f6pts som barn och d\u00e5 \u00e4r det uppenbart att vi inte har n\u00e5gra meriter att komma med. Inf\u00f6r Gud \u00e4r vi alltid f\u00f6rst och fr\u00e4mst hans barn, inte hans personal. S\u00e5 f\u00f6r Jesu Kristi skull och p\u00e5 grund av det han gjort f\u00f6r oss kan vi ta orden fr\u00e5n himlen som ord till oss. S\u00e5 f\u00e5r det vara kopplingen mellan Jesu dop och v\u00e5rt dop en g\u00e5ng l\u00e5ngt senare:<\/p>\n\n\n\n<p>Du \u00e4r mitt \u00e4lskade barn, jag har valt att vara din Gud och det kommer jag alltid vara.<\/p>\n","protected":false},"excerpt":{"rendered":"<p>I s\u00f6ndags h\u00f6ll jag den h\u00e4r predikan p\u00e5 v\u00e5r f\u00f6rsta &#8221;\u00c5sundengudstj\u00e4nst&#8221; i Tv\u00e4rreds kyrka. N\u00e5gon sa att den var bra, jag hoppas hur som att den kan vara till gl\u00e4dje f\u00f6r dig. Jesu dop, \u00c5sundengudstj\u00e4nst i Tv\u00e4rred 9\/1 11.00 Man kan se p\u00e5 ber\u00e4ttelsen om Mose i vassen lite som att det handlar om ett [&hellip;]<\/p>\n","protected":false},"author":392,"featured_media":8760,"comment_status":"open","ping_status":"open","sticky":false,"template":"","format":"standard","meta":{"_acf_changed":false,"footnotes":""},"categories":[8252,114],"tags":[],"class_list":["post-8758","post","type-post","status-publish","format-standard","has-post-thumbnail","hentry","category-kyrkoaret","category-predikan"],"acf":[],"yoast_head":"<!-- This site is optimized with the Yoast SEO plugin v27.1.1 - https:\/\/yoast.com\/product\/yoast-seo-wordpress\/ -->\n<title>Jesus blir d\u00f6pt och blir en ark - Vandra V\u00e4gen<\/title>\n<meta name=\"robots\" content=\"index, follow, max-snippet:-1, max-image-preview:large, max-video-preview:-1\" \/>\n<link rel=\"canonical\" href=\"https:\/\/blogg.svenskakyrkan.se\/vandravagen\/2022\/01\/11\/jesus-blir-dopt-och-blir-en-ark\/\" \/>\n<meta property=\"og:locale\" content=\"sv_SE\" \/>\n<meta property=\"og:type\" content=\"article\" \/>\n<meta property=\"og:title\" content=\"Jesus blir d\u00f6pt och blir en ark - Vandra V\u00e4gen\" \/>\n<meta property=\"og:description\" content=\"I s\u00f6ndags h\u00f6ll jag den h\u00e4r predikan p\u00e5 v\u00e5r f\u00f6rsta &#8221;\u00c5sundengudstj\u00e4nst&#8221; i Tv\u00e4rreds kyrka. N\u00e5gon sa att den var bra, jag hoppas hur som att den kan vara till gl\u00e4dje f\u00f6r dig. Jesu dop, \u00c5sundengudstj\u00e4nst i Tv\u00e4rred 9\/1 11.00 Man kan se p\u00e5 ber\u00e4ttelsen om Mose i vassen lite som att det handlar om ett [&hellip;]\" \/>\n<meta property=\"og:url\" content=\"https:\/\/blogg.svenskakyrkan.se\/vandravagen\/2022\/01\/11\/jesus-blir-dopt-och-blir-en-ark\/\" \/>\n<meta property=\"og:site_name\" content=\"Vandra V\u00e4gen\" \/>\n<meta property=\"article:publisher\" content=\"http:\/\/facebook.com\/vandravagen\" \/>\n<meta property=\"article:published_time\" content=\"2022-01-11T06:00:00+00:00\" \/>\n<meta property=\"og:image\" content=\"https:\/\/blogg.svenskakyrkan.se\/vandravagen\/files\/2022\/01\/IMG_9934.jpg\" \/>\n\t<meta property=\"og:image:width\" content=\"750\" \/>\n\t<meta property=\"og:image:height\" content=\"873\" \/>\n\t<meta property=\"og:image:type\" content=\"image\/jpeg\" \/>\n<meta name=\"author\" content=\"Tomas Jarvid\" \/>\n<meta name=\"twitter:card\" content=\"summary_large_image\" \/>\n<meta name=\"twitter:creator\" content=\"@fadertomas\" \/>\n<meta name=\"twitter:site\" content=\"@fadertomas\" \/>\n<meta name=\"twitter:label1\" content=\"Skriven av\" \/>\n\t<meta name=\"twitter:data1\" content=\"Tomas Jarvid\" \/>\n\t<meta name=\"twitter:label2\" content=\"Ber\u00e4knad l\u00e4stid\" \/>\n\t<meta name=\"twitter:data2\" content=\"8 minuter\" \/>\n<script type=\"application\/ld+json\" class=\"yoast-schema-graph\">{\"@context\":\"https:\/\/schema.org\",\"@graph\":[{\"@type\":\"Article\",\"@id\":\"https:\/\/blogg.svenskakyrkan.se\/vandravagen\/2022\/01\/11\/jesus-blir-dopt-och-blir-en-ark\/#article\",\"isPartOf\":{\"@id\":\"https:\/\/blogg.svenskakyrkan.se\/vandravagen\/2022\/01\/11\/jesus-blir-dopt-och-blir-en-ark\/\"},\"author\":{\"name\":\"Tomas Jarvid\",\"@id\":\"https:\/\/blogg.svenskakyrkan.se\/vandravagen\/#\/schema\/person\/25da02d4f76b137d04291711e2c9fc16\"},\"headline\":\"Jesus blir d\u00f6pt och blir en ark\",\"datePublished\":\"2022-01-11T06:00:00+00:00\",\"mainEntityOfPage\":{\"@id\":\"https:\/\/blogg.svenskakyrkan.se\/vandravagen\/2022\/01\/11\/jesus-blir-dopt-och-blir-en-ark\/\"},\"wordCount\":1549,\"commentCount\":2,\"publisher\":{\"@id\":\"https:\/\/blogg.svenskakyrkan.se\/vandravagen\/#organization\"},\"image\":{\"@id\":\"https:\/\/blogg.svenskakyrkan.se\/vandravagen\/2022\/01\/11\/jesus-blir-dopt-och-blir-en-ark\/#primaryimage\"},\"thumbnailUrl\":\"https:\/\/blogg.svenskakyrkan.se\/vandravagen\/files\/2022\/01\/IMG_9934.jpg\",\"articleSection\":[\"kyrko\u00e5ret\",\"predikan\"],\"inLanguage\":\"sv-SE\",\"potentialAction\":[{\"@type\":\"CommentAction\",\"name\":\"Comment\",\"target\":[\"https:\/\/blogg.svenskakyrkan.se\/vandravagen\/2022\/01\/11\/jesus-blir-dopt-och-blir-en-ark\/#respond\"]}]},{\"@type\":\"WebPage\",\"@id\":\"https:\/\/blogg.svenskakyrkan.se\/vandravagen\/2022\/01\/11\/jesus-blir-dopt-och-blir-en-ark\/\",\"url\":\"https:\/\/blogg.svenskakyrkan.se\/vandravagen\/2022\/01\/11\/jesus-blir-dopt-och-blir-en-ark\/\",\"name\":\"Jesus blir d\u00f6pt och blir en ark - Vandra V\u00e4gen\",\"isPartOf\":{\"@id\":\"https:\/\/blogg.svenskakyrkan.se\/vandravagen\/#website\"},\"primaryImageOfPage\":{\"@id\":\"https:\/\/blogg.svenskakyrkan.se\/vandravagen\/2022\/01\/11\/jesus-blir-dopt-och-blir-en-ark\/#primaryimage\"},\"image\":{\"@id\":\"https:\/\/blogg.svenskakyrkan.se\/vandravagen\/2022\/01\/11\/jesus-blir-dopt-och-blir-en-ark\/#primaryimage\"},\"thumbnailUrl\":\"https:\/\/blogg.svenskakyrkan.se\/vandravagen\/files\/2022\/01\/IMG_9934.jpg\",\"datePublished\":\"2022-01-11T06:00:00+00:00\",\"breadcrumb\":{\"@id\":\"https:\/\/blogg.svenskakyrkan.se\/vandravagen\/2022\/01\/11\/jesus-blir-dopt-och-blir-en-ark\/#breadcrumb\"},\"inLanguage\":\"sv-SE\",\"potentialAction\":[{\"@type\":\"ReadAction\",\"target\":[\"https:\/\/blogg.svenskakyrkan.se\/vandravagen\/2022\/01\/11\/jesus-blir-dopt-och-blir-en-ark\/\"]}]},{\"@type\":\"ImageObject\",\"inLanguage\":\"sv-SE\",\"@id\":\"https:\/\/blogg.svenskakyrkan.se\/vandravagen\/2022\/01\/11\/jesus-blir-dopt-och-blir-en-ark\/#primaryimage\",\"url\":\"https:\/\/blogg.svenskakyrkan.se\/vandravagen\/files\/2022\/01\/IMG_9934.jpg\",\"contentUrl\":\"https:\/\/blogg.svenskakyrkan.se\/vandravagen\/files\/2022\/01\/IMG_9934.jpg\",\"width\":750,\"height\":873},{\"@type\":\"BreadcrumbList\",\"@id\":\"https:\/\/blogg.svenskakyrkan.se\/vandravagen\/2022\/01\/11\/jesus-blir-dopt-och-blir-en-ark\/#breadcrumb\",\"itemListElement\":[{\"@type\":\"ListItem\",\"position\":1,\"name\":\"Hem\",\"item\":\"https:\/\/blogg.svenskakyrkan.se\/vandravagen\/\"},{\"@type\":\"ListItem\",\"position\":2,\"name\":\"Jesus blir d\u00f6pt och blir en ark\"}]},{\"@type\":\"WebSite\",\"@id\":\"https:\/\/blogg.svenskakyrkan.se\/vandravagen\/#website\",\"url\":\"https:\/\/blogg.svenskakyrkan.se\/vandravagen\/\",\"name\":\"Vandra V\u00e4gen\",\"description\":\"-Mot en tro f\u00f6r hela livet\",\"publisher\":{\"@id\":\"https:\/\/blogg.svenskakyrkan.se\/vandravagen\/#organization\"},\"potentialAction\":[{\"@type\":\"SearchAction\",\"target\":{\"@type\":\"EntryPoint\",\"urlTemplate\":\"https:\/\/blogg.svenskakyrkan.se\/vandravagen\/?s={search_term_string}\"},\"query-input\":{\"@type\":\"PropertyValueSpecification\",\"valueRequired\":true,\"valueName\":\"search_term_string\"}}],\"inLanguage\":\"sv-SE\"},{\"@type\":\"Organization\",\"@id\":\"https:\/\/blogg.svenskakyrkan.se\/vandravagen\/#organization\",\"name\":\"ulricehamns pastorat\",\"alternateName\":\"ulricehamns pastorat\",\"url\":\"https:\/\/blogg.svenskakyrkan.se\/vandravagen\/\",\"logo\":{\"@type\":\"ImageObject\",\"inLanguage\":\"sv-SE\",\"@id\":\"https:\/\/blogg.svenskakyrkan.se\/vandravagen\/#\/schema\/logo\/image\/\",\"url\":\"https:\/\/blogg.svenskakyrkan.se\/vandravagen\/files\/2023\/05\/Ulr_logo_RGB.png\",\"contentUrl\":\"https:\/\/blogg.svenskakyrkan.se\/vandravagen\/files\/2023\/05\/Ulr_logo_RGB.png\",\"width\":205,\"height\":77,\"caption\":\"ulricehamns pastorat\"},\"image\":{\"@id\":\"https:\/\/blogg.svenskakyrkan.se\/vandravagen\/#\/schema\/logo\/image\/\"},\"sameAs\":[\"http:\/\/facebook.com\/vandravagen\",\"https:\/\/x.com\/fadertomas\",\"http:\/\/www.facebook.com\/svenskakyrkaniulricehamn\"]},{\"@type\":\"Person\",\"@id\":\"https:\/\/blogg.svenskakyrkan.se\/vandravagen\/#\/schema\/person\/25da02d4f76b137d04291711e2c9fc16\",\"name\":\"Tomas Jarvid\",\"image\":{\"@type\":\"ImageObject\",\"inLanguage\":\"sv-SE\",\"@id\":\"https:\/\/blogg.svenskakyrkan.se\/vandravagen\/#\/schema\/person\/image\/\",\"url\":\"https:\/\/secure.gravatar.com\/avatar\/7fa71899795e8f540f615a1f5ab25255dc27aa40f05ee7ddd21aac521e01bf50?s=96&d=identicon&r=g\",\"contentUrl\":\"https:\/\/secure.gravatar.com\/avatar\/7fa71899795e8f540f615a1f5ab25255dc27aa40f05ee7ddd21aac521e01bf50?s=96&d=identicon&r=g\",\"caption\":\"Tomas Jarvid\"},\"description\":\"Jag bor i Ulricehamn i V\u00e4sterg\u00f6tland och \u00e4r f\u00f6rsamlingspr\u00e4st i Svenska Kyrkan f\u00f6r Dalstorps f\u00f6rsamling i Kinds pastorat. P\u00e5 den h\u00e4r bloggen skriver jag ner tankar om vandringen som kristen.\",\"sameAs\":[\"http:\/\/www.vandravagen.se\"],\"url\":\"https:\/\/blogg.svenskakyrkan.se\/vandravagen\/author\/vandravagen\/\"}]}<\/script>\n<!-- \/ Yoast SEO plugin. -->","yoast_head_json":{"title":"Jesus blir d\u00f6pt och blir en ark - Vandra V\u00e4gen","robots":{"index":"index","follow":"follow","max-snippet":"max-snippet:-1","max-image-preview":"max-image-preview:large","max-video-preview":"max-video-preview:-1"},"canonical":"https:\/\/blogg.svenskakyrkan.se\/vandravagen\/2022\/01\/11\/jesus-blir-dopt-och-blir-en-ark\/","og_locale":"sv_SE","og_type":"article","og_title":"Jesus blir d\u00f6pt och blir en ark - Vandra V\u00e4gen","og_description":"I s\u00f6ndags h\u00f6ll jag den h\u00e4r predikan p\u00e5 v\u00e5r f\u00f6rsta &#8221;\u00c5sundengudstj\u00e4nst&#8221; i Tv\u00e4rreds kyrka. N\u00e5gon sa att den var bra, jag hoppas hur som att den kan vara till gl\u00e4dje f\u00f6r dig. Jesu dop, \u00c5sundengudstj\u00e4nst i Tv\u00e4rred 9\/1 11.00 Man kan se p\u00e5 ber\u00e4ttelsen om Mose i vassen lite som att det handlar om ett [&hellip;]","og_url":"https:\/\/blogg.svenskakyrkan.se\/vandravagen\/2022\/01\/11\/jesus-blir-dopt-och-blir-en-ark\/","og_site_name":"Vandra V\u00e4gen","article_publisher":"http:\/\/facebook.com\/vandravagen","article_published_time":"2022-01-11T06:00:00+00:00","og_image":[{"width":750,"height":873,"url":"https:\/\/blogg.svenskakyrkan.se\/vandravagen\/files\/2022\/01\/IMG_9934.jpg","type":"image\/jpeg"}],"author":"Tomas Jarvid","twitter_card":"summary_large_image","twitter_creator":"@fadertomas","twitter_site":"@fadertomas","twitter_misc":{"Skriven av":"Tomas Jarvid","Ber\u00e4knad l\u00e4stid":"8 minuter"},"schema":{"@context":"https:\/\/schema.org","@graph":[{"@type":"Article","@id":"https:\/\/blogg.svenskakyrkan.se\/vandravagen\/2022\/01\/11\/jesus-blir-dopt-och-blir-en-ark\/#article","isPartOf":{"@id":"https:\/\/blogg.svenskakyrkan.se\/vandravagen\/2022\/01\/11\/jesus-blir-dopt-och-blir-en-ark\/"},"author":{"name":"Tomas Jarvid","@id":"https:\/\/blogg.svenskakyrkan.se\/vandravagen\/#\/schema\/person\/25da02d4f76b137d04291711e2c9fc16"},"headline":"Jesus blir d\u00f6pt och blir en ark","datePublished":"2022-01-11T06:00:00+00:00","mainEntityOfPage":{"@id":"https:\/\/blogg.svenskakyrkan.se\/vandravagen\/2022\/01\/11\/jesus-blir-dopt-och-blir-en-ark\/"},"wordCount":1549,"commentCount":2,"publisher":{"@id":"https:\/\/blogg.svenskakyrkan.se\/vandravagen\/#organization"},"image":{"@id":"https:\/\/blogg.svenskakyrkan.se\/vandravagen\/2022\/01\/11\/jesus-blir-dopt-och-blir-en-ark\/#primaryimage"},"thumbnailUrl":"https:\/\/blogg.svenskakyrkan.se\/vandravagen\/files\/2022\/01\/IMG_9934.jpg","articleSection":["kyrko\u00e5ret","predikan"],"inLanguage":"sv-SE","potentialAction":[{"@type":"CommentAction","name":"Comment","target":["https:\/\/blogg.svenskakyrkan.se\/vandravagen\/2022\/01\/11\/jesus-blir-dopt-och-blir-en-ark\/#respond"]}]},{"@type":"WebPage","@id":"https:\/\/blogg.svenskakyrkan.se\/vandravagen\/2022\/01\/11\/jesus-blir-dopt-och-blir-en-ark\/","url":"https:\/\/blogg.svenskakyrkan.se\/vandravagen\/2022\/01\/11\/jesus-blir-dopt-och-blir-en-ark\/","name":"Jesus blir d\u00f6pt och blir en ark - Vandra V\u00e4gen","isPartOf":{"@id":"https:\/\/blogg.svenskakyrkan.se\/vandravagen\/#website"},"primaryImageOfPage":{"@id":"https:\/\/blogg.svenskakyrkan.se\/vandravagen\/2022\/01\/11\/jesus-blir-dopt-och-blir-en-ark\/#primaryimage"},"image":{"@id":"https:\/\/blogg.svenskakyrkan.se\/vandravagen\/2022\/01\/11\/jesus-blir-dopt-och-blir-en-ark\/#primaryimage"},"thumbnailUrl":"https:\/\/blogg.svenskakyrkan.se\/vandravagen\/files\/2022\/01\/IMG_9934.jpg","datePublished":"2022-01-11T06:00:00+00:00","breadcrumb":{"@id":"https:\/\/blogg.svenskakyrkan.se\/vandravagen\/2022\/01\/11\/jesus-blir-dopt-och-blir-en-ark\/#breadcrumb"},"inLanguage":"sv-SE","potentialAction":[{"@type":"ReadAction","target":["https:\/\/blogg.svenskakyrkan.se\/vandravagen\/2022\/01\/11\/jesus-blir-dopt-och-blir-en-ark\/"]}]},{"@type":"ImageObject","inLanguage":"sv-SE","@id":"https:\/\/blogg.svenskakyrkan.se\/vandravagen\/2022\/01\/11\/jesus-blir-dopt-och-blir-en-ark\/#primaryimage","url":"https:\/\/blogg.svenskakyrkan.se\/vandravagen\/files\/2022\/01\/IMG_9934.jpg","contentUrl":"https:\/\/blogg.svenskakyrkan.se\/vandravagen\/files\/2022\/01\/IMG_9934.jpg","width":750,"height":873},{"@type":"BreadcrumbList","@id":"https:\/\/blogg.svenskakyrkan.se\/vandravagen\/2022\/01\/11\/jesus-blir-dopt-och-blir-en-ark\/#breadcrumb","itemListElement":[{"@type":"ListItem","position":1,"name":"Hem","item":"https:\/\/blogg.svenskakyrkan.se\/vandravagen\/"},{"@type":"ListItem","position":2,"name":"Jesus blir d\u00f6pt och blir en ark"}]},{"@type":"WebSite","@id":"https:\/\/blogg.svenskakyrkan.se\/vandravagen\/#website","url":"https:\/\/blogg.svenskakyrkan.se\/vandravagen\/","name":"Vandra V\u00e4gen","description":"-Mot en tro f\u00f6r hela livet","publisher":{"@id":"https:\/\/blogg.svenskakyrkan.se\/vandravagen\/#organization"},"potentialAction":[{"@type":"SearchAction","target":{"@type":"EntryPoint","urlTemplate":"https:\/\/blogg.svenskakyrkan.se\/vandravagen\/?s={search_term_string}"},"query-input":{"@type":"PropertyValueSpecification","valueRequired":true,"valueName":"search_term_string"}}],"inLanguage":"sv-SE"},{"@type":"Organization","@id":"https:\/\/blogg.svenskakyrkan.se\/vandravagen\/#organization","name":"ulricehamns pastorat","alternateName":"ulricehamns pastorat","url":"https:\/\/blogg.svenskakyrkan.se\/vandravagen\/","logo":{"@type":"ImageObject","inLanguage":"sv-SE","@id":"https:\/\/blogg.svenskakyrkan.se\/vandravagen\/#\/schema\/logo\/image\/","url":"https:\/\/blogg.svenskakyrkan.se\/vandravagen\/files\/2023\/05\/Ulr_logo_RGB.png","contentUrl":"https:\/\/blogg.svenskakyrkan.se\/vandravagen\/files\/2023\/05\/Ulr_logo_RGB.png","width":205,"height":77,"caption":"ulricehamns pastorat"},"image":{"@id":"https:\/\/blogg.svenskakyrkan.se\/vandravagen\/#\/schema\/logo\/image\/"},"sameAs":["http:\/\/facebook.com\/vandravagen","https:\/\/x.com\/fadertomas","http:\/\/www.facebook.com\/svenskakyrkaniulricehamn"]},{"@type":"Person","@id":"https:\/\/blogg.svenskakyrkan.se\/vandravagen\/#\/schema\/person\/25da02d4f76b137d04291711e2c9fc16","name":"Tomas Jarvid","image":{"@type":"ImageObject","inLanguage":"sv-SE","@id":"https:\/\/blogg.svenskakyrkan.se\/vandravagen\/#\/schema\/person\/image\/","url":"https:\/\/secure.gravatar.com\/avatar\/7fa71899795e8f540f615a1f5ab25255dc27aa40f05ee7ddd21aac521e01bf50?s=96&d=identicon&r=g","contentUrl":"https:\/\/secure.gravatar.com\/avatar\/7fa71899795e8f540f615a1f5ab25255dc27aa40f05ee7ddd21aac521e01bf50?s=96&d=identicon&r=g","caption":"Tomas Jarvid"},"description":"Jag bor i Ulricehamn i V\u00e4sterg\u00f6tland och \u00e4r f\u00f6rsamlingspr\u00e4st i Svenska Kyrkan f\u00f6r Dalstorps f\u00f6rsamling i Kinds pastorat. P\u00e5 den h\u00e4r bloggen skriver jag ner tankar om vandringen som kristen.","sameAs":["http:\/\/www.vandravagen.se"],"url":"https:\/\/blogg.svenskakyrkan.se\/vandravagen\/author\/vandravagen\/"}]}},"author_meta":{"ID":"392","user_nicename":"vandravagen","user_url":"http:\/\/www.vandravagen.se","user_registered":"2014-05-19 05:44:52","display_name":"Tomas Jarvid","first_name":"Tomas","last_name":"Jarvid","avatar":"https:\/\/secure.gravatar.com\/avatar\/7fa71899795e8f540f615a1f5ab25255dc27aa40f05ee7ddd21aac521e01bf50?s=96&d=identicon&r=g"},"featured_image":["https:\/\/blogg.svenskakyrkan.se\/vandravagen\/files\/2022\/01\/IMG_9934.jpg",750,873,false],"bloginfo":{"name":"Vandra V\u00e4gen","url":"https:\/\/blogg.svenskakyrkan.se\/vandravagen"},"_links":{"self":[{"href":"https:\/\/blogg.svenskakyrkan.se\/vandravagen\/wp-json\/wp\/v2\/posts\/8758","targetHints":{"allow":["GET"]}}],"collection":[{"href":"https:\/\/blogg.svenskakyrkan.se\/vandravagen\/wp-json\/wp\/v2\/posts"}],"about":[{"href":"https:\/\/blogg.svenskakyrkan.se\/vandravagen\/wp-json\/wp\/v2\/types\/post"}],"author":[{"embeddable":true,"href":"https:\/\/blogg.svenskakyrkan.se\/vandravagen\/wp-json\/wp\/v2\/users\/392"}],"replies":[{"embeddable":true,"href":"https:\/\/blogg.svenskakyrkan.se\/vandravagen\/wp-json\/wp\/v2\/comments?post=8758"}],"version-history":[{"count":2,"href":"https:\/\/blogg.svenskakyrkan.se\/vandravagen\/wp-json\/wp\/v2\/posts\/8758\/revisions"}],"predecessor-version":[{"id":8761,"href":"https:\/\/blogg.svenskakyrkan.se\/vandravagen\/wp-json\/wp\/v2\/posts\/8758\/revisions\/8761"}],"wp:featuredmedia":[{"embeddable":true,"href":"https:\/\/blogg.svenskakyrkan.se\/vandravagen\/wp-json\/wp\/v2\/media\/8760"}],"wp:attachment":[{"href":"https:\/\/blogg.svenskakyrkan.se\/vandravagen\/wp-json\/wp\/v2\/media?parent=8758"}],"wp:term":[{"taxonomy":"category","embeddable":true,"href":"https:\/\/blogg.svenskakyrkan.se\/vandravagen\/wp-json\/wp\/v2\/categories?post=8758"},{"taxonomy":"post_tag","embeddable":true,"href":"https:\/\/blogg.svenskakyrkan.se\/vandravagen\/wp-json\/wp\/v2\/tags?post=8758"}],"curies":[{"name":"wp","href":"https:\/\/api.w.org\/{rel}","templated":true}]}}