{"id":8778,"date":"2022-01-15T07:15:00","date_gmt":"2022-01-15T06:15:00","guid":{"rendered":"https:\/\/blogg.svenskakyrkan.se\/vandravagen\/?p=8778"},"modified":"2022-01-14T23:00:20","modified_gmt":"2022-01-14T22:00:20","slug":"kristen-konst-och-en-massvigsel-fran-indien","status":"publish","type":"post","link":"https:\/\/blogg.svenskakyrkan.se\/vandravagen\/2022\/01\/15\/kristen-konst-och-en-massvigsel-fran-indien\/","title":{"rendered":"Kristen konst och en massvigsel fr\u00e5n Indien"},"content":{"rendered":"\n\n\n<figure class=\"wp-block-image size-large is-style-default\"><img loading=\"lazy\" decoding=\"async\" width=\"598\" height=\"858\" src=\"https:\/\/blogg.svenskakyrkan.se\/vandravagen\/files\/2022\/01\/IMG_9892-2.png\" alt=\"\" class=\"wp-image-8781\" srcset=\"https:\/\/blogg.svenskakyrkan.se\/vandravagen\/files\/2022\/01\/IMG_9892-2.png 598w, https:\/\/blogg.svenskakyrkan.se\/vandravagen\/files\/2022\/01\/IMG_9892-2-300x430.png 300w\" sizes=\"auto, (max-width: 598px) 100vw, 598px\" \/><\/figure>\n\n\n\n<p>H\u00e4r \u00e4r \u00e4nnu en bloggpost med indiska kristna bilder jag g\u00e4rna visar er, k\u00e4ra bloggl\u00e4sare. F\u00f6rst ut \u00e4r n\u00e5gra bilder p\u00e5 Jesus mor Maria. den h\u00e4r f\u00f6rsta ser v\u00e4ldigt mild och ung ut men l\u00e5t er inte luras, under f\u00f6tterna har hon trampat p\u00e5 en orm!<\/p>\n\n\n\n<figure class=\"wp-block-image size-large is-style-default\"><img loading=\"lazy\" decoding=\"async\" width=\"605\" height=\"960\" src=\"https:\/\/blogg.svenskakyrkan.se\/vandravagen\/files\/2022\/01\/IMG_9881.jpg\" alt=\"\" class=\"wp-image-8782\" srcset=\"https:\/\/blogg.svenskakyrkan.se\/vandravagen\/files\/2022\/01\/IMG_9881.jpg 605w, https:\/\/blogg.svenskakyrkan.se\/vandravagen\/files\/2022\/01\/IMG_9881-300x476.jpg 300w\" sizes=\"auto, (max-width: 605px) 100vw, 605px\" \/><\/figure>\n\n\n\n<p>Denna andra Maria ger ett v\u00e4ldigt m\u00e4ktigt intryck. Den heliga Anden som duva finns med och bakom henne anar vi ett kors. Och \u00e4nglarna ser ut som dansare.<\/p>\n\n\n\n<figure class=\"wp-block-image size-large is-style-default\"><img loading=\"lazy\" decoding=\"async\" width=\"500\" height=\"542\" src=\"https:\/\/blogg.svenskakyrkan.se\/vandravagen\/files\/2022\/01\/IMG_9900.jpg\" alt=\"\" class=\"wp-image-8780\" srcset=\"https:\/\/blogg.svenskakyrkan.se\/vandravagen\/files\/2022\/01\/IMG_9900.jpg 500w, https:\/\/blogg.svenskakyrkan.se\/vandravagen\/files\/2022\/01\/IMG_9900-300x325.jpg 300w\" sizes=\"auto, (max-width: 500px) 100vw, 500px\" \/><\/figure>\n\n\n\n<p>Denna \u00e4r jag lite os\u00e4ker p\u00e5 om den f\u00f6rest\u00e4ller beb\u00e5delsen (d\u00e5 Gabriel s\u00e4ger till Maria att hon ska f\u00f6da Guds son) eller om det kanske \u00e4r Maria fr\u00e5n Magdala som \u00e4r vid graven och finner den tom och d\u00e4r n\u00e5gon i skinande vitt talar till henne om uppst\u00e5ndelsen.<\/p>\n\n\n\n<figure class=\"wp-block-image size-large is-style-default\"><img loading=\"lazy\" decoding=\"async\" width=\"763\" height=\"922\" src=\"https:\/\/blogg.svenskakyrkan.se\/vandravagen\/files\/2022\/01\/IMG_9886.jpg\" alt=\"\" class=\"wp-image-8783\" srcset=\"https:\/\/blogg.svenskakyrkan.se\/vandravagen\/files\/2022\/01\/IMG_9886.jpg 763w, https:\/\/blogg.svenskakyrkan.se\/vandravagen\/files\/2022\/01\/IMG_9886-300x363.jpg 300w\" sizes=\"auto, (max-width: 763px) 100vw, 763px\" \/><\/figure>\n\n\n\n<p>Denna f\u00f6rest\u00e4ller i alla fall Jesus n\u00e4r han m\u00f6tte kvinnan vid Sykars brunn. Hon h\u00e4mtar upp vatten \u00e5t honom och han hj\u00e4lper henne att hitta det levande vattnet. Man kan t\u00e4nka att tr\u00e4det \u00e4r som i Jesu liknelse om senapskornet, det ger skugga och det ger skydd \u00e5t himlens f\u00e5glar. Berget i bakgrunden \u00e4r spektakul\u00e4rt.<\/p>\n\n\n\n<figure class=\"wp-block-image size-large is-style-default\"><img loading=\"lazy\" decoding=\"async\" width=\"765\" height=\"922\" src=\"https:\/\/blogg.svenskakyrkan.se\/vandravagen\/files\/2022\/01\/IMG_9891.jpg\" alt=\"\" class=\"wp-image-8784\" srcset=\"https:\/\/blogg.svenskakyrkan.se\/vandravagen\/files\/2022\/01\/IMG_9891.jpg 765w, https:\/\/blogg.svenskakyrkan.se\/vandravagen\/files\/2022\/01\/IMG_9891-300x362.jpg 300w\" sizes=\"auto, (max-width: 765px) 100vw, 765px\" \/><\/figure>\n\n\n\n<p>Denna tavla i samma stil f\u00f6rest\u00e4ller br\u00f6llopet i Kana d\u00e4r Jesus f\u00f6rvandlade vatten till vin. Hans mor med r\u00f6d sl\u00f6ja s\u00e4ger \u00e5t tj\u00e4narna att g\u00f6ra som Jesus s\u00e4ger och han s\u00e4ger \u00e5t dem att h\u00e4lla upp vatten i krukorna. Sen ser vi h\u00e4r att vattnet som sedan \u00f6ses upp har blivit vin. Fina h\u00e4star, en stor orkester och en vacker festlokal f\u00e5r vi p\u00e5 ocks\u00e5 se!<\/p>\n\n\n\n<figure class=\"wp-block-image size-large is-style-default\"><img loading=\"lazy\" decoding=\"async\" width=\"1024\" height=\"684\" src=\"https:\/\/blogg.svenskakyrkan.se\/vandravagen\/files\/2022\/01\/IMG_9903.jpg\" alt=\"\" class=\"wp-image-8785\" srcset=\"https:\/\/blogg.svenskakyrkan.se\/vandravagen\/files\/2022\/01\/IMG_9903.jpg 1024w, https:\/\/blogg.svenskakyrkan.se\/vandravagen\/files\/2022\/01\/IMG_9903-300x200.jpg 300w, https:\/\/blogg.svenskakyrkan.se\/vandravagen\/files\/2022\/01\/IMG_9903-768x513.jpg 768w\" sizes=\"auto, (max-width: 1024px) 100vw, 1024px\" \/><\/figure>\n\n\n\n<p>Och denne vackra bild f\u00f6rest\u00e4ller hur Jesus tv\u00e4ttar l\u00e4rjungarnas f\u00f6tter. Han har gjort sig till allas tj\u00e4nare och vi ska ta efter honom.<\/p>\n\n\n\n<figure class=\"wp-block-image size-large is-style-default\"><img loading=\"lazy\" decoding=\"async\" width=\"567\" height=\"773\" src=\"https:\/\/blogg.svenskakyrkan.se\/vandravagen\/files\/2022\/01\/IMG_9901-2.jpg\" alt=\"\" class=\"wp-image-8786\" srcset=\"https:\/\/blogg.svenskakyrkan.se\/vandravagen\/files\/2022\/01\/IMG_9901-2.jpg 567w, https:\/\/blogg.svenskakyrkan.se\/vandravagen\/files\/2022\/01\/IMG_9901-2-300x409.jpg 300w\" sizes=\"auto, (max-width: 567px) 100vw, 567px\" \/><\/figure>\n\n\n\n<p>H\u00e4r ser Jesu mor sin son bli korsf\u00e4st. Han har h\u00e4r (redan) ett s\u00e5r i sidan.<\/p>\n\n\n\n<figure class=\"wp-block-image size-large is-style-default\"><img loading=\"lazy\" decoding=\"async\" width=\"500\" height=\"442\" src=\"https:\/\/blogg.svenskakyrkan.se\/vandravagen\/files\/2022\/01\/IMG_9899-2.jpg\" alt=\"\" class=\"wp-image-8787\" srcset=\"https:\/\/blogg.svenskakyrkan.se\/vandravagen\/files\/2022\/01\/IMG_9899-2.jpg 500w, https:\/\/blogg.svenskakyrkan.se\/vandravagen\/files\/2022\/01\/IMG_9899-2-300x265.jpg 300w\" sizes=\"auto, (max-width: 500px) 100vw, 500px\" \/><\/figure>\n\n\n\n<p>Och denna bild f\u00f6rest\u00e4ller kvinnorna som g\u00e5tt till graven f\u00f6r att g\u00f6ra iordning den d\u00f6da kroppen men finner graven tom. Kanske \u00e4r det Jesus sj\u00e4lv som kommer bakom dem, eller en \u00e4ngel?<\/p>\n\n\n\n<p><\/p>\n\n\n\n<figure class=\"wp-block-image size-large is-style-default\"><img loading=\"lazy\" decoding=\"async\" width=\"568\" height=\"454\" src=\"https:\/\/blogg.svenskakyrkan.se\/vandravagen\/files\/2022\/01\/IMG_9898-2.jpg\" alt=\"\" class=\"wp-image-8789\" srcset=\"https:\/\/blogg.svenskakyrkan.se\/vandravagen\/files\/2022\/01\/IMG_9898-2.jpg 568w, https:\/\/blogg.svenskakyrkan.se\/vandravagen\/files\/2022\/01\/IMG_9898-2-300x240.jpg 300w\" sizes=\"auto, (max-width: 568px) 100vw, 568px\" \/><\/figure>\n\n\n\n<p>Till sist vill jag bara dela med mig av n\u00e5gra saker till. H\u00e4r ser ni en indisk kyrka, bara f\u00f6r att f\u00e5 lite k\u00e4nsla f\u00f6r hur det kan se ut. Korset p\u00e5 taket \u00e4r typiskt, med Anden som kommer ner \u00f6ver det uppifr\u00e5n.<\/p>\n\n\n\n<figure class=\"wp-block-image size-large is-style-default\"><img loading=\"lazy\" decoding=\"async\" width=\"360\" height=\"240\" src=\"https:\/\/blogg.svenskakyrkan.se\/vandravagen\/files\/2022\/01\/IMG_9885.jpg\" alt=\"\" class=\"wp-image-8790\" srcset=\"https:\/\/blogg.svenskakyrkan.se\/vandravagen\/files\/2022\/01\/IMG_9885.jpg 360w, https:\/\/blogg.svenskakyrkan.se\/vandravagen\/files\/2022\/01\/IMG_9885-300x200.jpg 300w\" sizes=\"auto, (max-width: 360px) 100vw, 360px\" \/><\/figure>\n\n\n\n<p>Den h\u00e4r bilden f\u00f6rest\u00e4ller en massvigsel i Bangalore! 30 par gifter sig. D\u00e5 kan man ju t\u00e4nka p\u00e5 skumma sekter och s\u00e5 men det \u00e4r inte det det \u00e4r fr\u00e5ga om. Det \u00e4r kyrkan som har ordnat gratis vigsel till fattiga par och d\u00e5 lagt det vid ett och samma tillf\u00e4lle. Lite som vi idag har drop-in-vigslar i Sverige. I Indien \u00e4r vigslar dyra saker f\u00f6rst\u00e5s och m\u00e5nga \u00e4r ju fattiga. \u00c4ktenskap \u00e4r f\u00f6r \u00f6vrigt oftast arrangerade p\u00e5 ett eller annat s\u00e4tt mellan familjerna. Jag har intervjuat en pr\u00e4st som tillsammans med sin fru varit v\u00e4ldigt engagerade med att f\u00f6ra samman par s\u00e5 lyckat som m\u00f6jligt.<\/p>\n\n\n\n<p>Hoppas denna lilla utblick varit till gl\u00e4dje!<\/p>\n","protected":false},"excerpt":{"rendered":"<p>H\u00e4r \u00e4r \u00e4nnu en bloggpost med indiska kristna bilder jag g\u00e4rna visar er, k\u00e4ra bloggl\u00e4sare. F\u00f6rst ut \u00e4r n\u00e5gra bilder p\u00e5 Jesus mor Maria. den h\u00e4r f\u00f6rsta ser v\u00e4ldigt mild och ung ut men l\u00e5t er inte luras, under f\u00f6tterna har hon trampat p\u00e5 en orm! Denna andra Maria ger ett v\u00e4ldigt m\u00e4ktigt intryck. Den [&hellip;]<\/p>\n","protected":false},"author":392,"featured_media":8781,"comment_status":"open","ping_status":"open","sticky":false,"template":"","format":"standard","meta":{"_acf_changed":false,"footnotes":""},"categories":[56,33574],"tags":[],"class_list":["post-8778","post","type-post","status-publish","format-standard","has-post-thumbnail","hentry","category-bilder","category-kyrkan"],"acf":[],"yoast_head":"<!-- This site is optimized with the Yoast SEO plugin v27.1.1 - https:\/\/yoast.com\/product\/yoast-seo-wordpress\/ -->\n<title>Kristen konst och en massvigsel fr\u00e5n Indien - Vandra V\u00e4gen<\/title>\n<meta name=\"robots\" content=\"index, follow, max-snippet:-1, max-image-preview:large, max-video-preview:-1\" \/>\n<link rel=\"canonical\" href=\"https:\/\/blogg.svenskakyrkan.se\/vandravagen\/2022\/01\/15\/kristen-konst-och-en-massvigsel-fran-indien\/\" \/>\n<meta property=\"og:locale\" content=\"sv_SE\" \/>\n<meta property=\"og:type\" content=\"article\" \/>\n<meta property=\"og:title\" content=\"Kristen konst och en massvigsel fr\u00e5n Indien - Vandra V\u00e4gen\" \/>\n<meta property=\"og:description\" content=\"H\u00e4r \u00e4r \u00e4nnu en bloggpost med indiska kristna bilder jag g\u00e4rna visar er, k\u00e4ra bloggl\u00e4sare. F\u00f6rst ut \u00e4r n\u00e5gra bilder p\u00e5 Jesus mor Maria. den h\u00e4r f\u00f6rsta ser v\u00e4ldigt mild och ung ut men l\u00e5t er inte luras, under f\u00f6tterna har hon trampat p\u00e5 en orm! Denna andra Maria ger ett v\u00e4ldigt m\u00e4ktigt intryck. Den [&hellip;]\" \/>\n<meta property=\"og:url\" content=\"https:\/\/blogg.svenskakyrkan.se\/vandravagen\/2022\/01\/15\/kristen-konst-och-en-massvigsel-fran-indien\/\" \/>\n<meta property=\"og:site_name\" content=\"Vandra V\u00e4gen\" \/>\n<meta property=\"article:publisher\" content=\"http:\/\/facebook.com\/vandravagen\" \/>\n<meta property=\"article:published_time\" content=\"2022-01-15T06:15:00+00:00\" \/>\n<meta property=\"og:image\" content=\"https:\/\/blogg.svenskakyrkan.se\/vandravagen\/files\/2022\/01\/IMG_9892-2.png\" \/>\n\t<meta property=\"og:image:width\" content=\"598\" \/>\n\t<meta property=\"og:image:height\" content=\"858\" \/>\n\t<meta property=\"og:image:type\" content=\"image\/png\" \/>\n<meta name=\"author\" content=\"Tomas Jarvid\" \/>\n<meta name=\"twitter:card\" content=\"summary_large_image\" \/>\n<meta name=\"twitter:creator\" content=\"@fadertomas\" \/>\n<meta name=\"twitter:site\" content=\"@fadertomas\" \/>\n<meta name=\"twitter:label1\" content=\"Skriven av\" \/>\n\t<meta name=\"twitter:data1\" content=\"Tomas Jarvid\" \/>\n\t<meta name=\"twitter:label2\" content=\"Ber\u00e4knad l\u00e4stid\" \/>\n\t<meta name=\"twitter:data2\" content=\"3 minuter\" \/>\n<script type=\"application\/ld+json\" class=\"yoast-schema-graph\">{\"@context\":\"https:\/\/schema.org\",\"@graph\":[{\"@type\":\"Article\",\"@id\":\"https:\/\/blogg.svenskakyrkan.se\/vandravagen\/2022\/01\/15\/kristen-konst-och-en-massvigsel-fran-indien\/#article\",\"isPartOf\":{\"@id\":\"https:\/\/blogg.svenskakyrkan.se\/vandravagen\/2022\/01\/15\/kristen-konst-och-en-massvigsel-fran-indien\/\"},\"author\":{\"name\":\"Tomas Jarvid\",\"@id\":\"https:\/\/blogg.svenskakyrkan.se\/vandravagen\/#\/schema\/person\/25da02d4f76b137d04291711e2c9fc16\"},\"headline\":\"Kristen konst och en massvigsel fr\u00e5n Indien\",\"datePublished\":\"2022-01-15T06:15:00+00:00\",\"mainEntityOfPage\":{\"@id\":\"https:\/\/blogg.svenskakyrkan.se\/vandravagen\/2022\/01\/15\/kristen-konst-och-en-massvigsel-fran-indien\/\"},\"wordCount\":565,\"commentCount\":0,\"publisher\":{\"@id\":\"https:\/\/blogg.svenskakyrkan.se\/vandravagen\/#organization\"},\"image\":{\"@id\":\"https:\/\/blogg.svenskakyrkan.se\/vandravagen\/2022\/01\/15\/kristen-konst-och-en-massvigsel-fran-indien\/#primaryimage\"},\"thumbnailUrl\":\"https:\/\/blogg.svenskakyrkan.se\/vandravagen\/files\/2022\/01\/IMG_9892-2.png\",\"articleSection\":[\"bilder\",\"kyrkan\"],\"inLanguage\":\"sv-SE\",\"potentialAction\":[{\"@type\":\"CommentAction\",\"name\":\"Comment\",\"target\":[\"https:\/\/blogg.svenskakyrkan.se\/vandravagen\/2022\/01\/15\/kristen-konst-och-en-massvigsel-fran-indien\/#respond\"]}]},{\"@type\":\"WebPage\",\"@id\":\"https:\/\/blogg.svenskakyrkan.se\/vandravagen\/2022\/01\/15\/kristen-konst-och-en-massvigsel-fran-indien\/\",\"url\":\"https:\/\/blogg.svenskakyrkan.se\/vandravagen\/2022\/01\/15\/kristen-konst-och-en-massvigsel-fran-indien\/\",\"name\":\"Kristen konst och en massvigsel fr\u00e5n Indien - Vandra V\u00e4gen\",\"isPartOf\":{\"@id\":\"https:\/\/blogg.svenskakyrkan.se\/vandravagen\/#website\"},\"primaryImageOfPage\":{\"@id\":\"https:\/\/blogg.svenskakyrkan.se\/vandravagen\/2022\/01\/15\/kristen-konst-och-en-massvigsel-fran-indien\/#primaryimage\"},\"image\":{\"@id\":\"https:\/\/blogg.svenskakyrkan.se\/vandravagen\/2022\/01\/15\/kristen-konst-och-en-massvigsel-fran-indien\/#primaryimage\"},\"thumbnailUrl\":\"https:\/\/blogg.svenskakyrkan.se\/vandravagen\/files\/2022\/01\/IMG_9892-2.png\",\"datePublished\":\"2022-01-15T06:15:00+00:00\",\"breadcrumb\":{\"@id\":\"https:\/\/blogg.svenskakyrkan.se\/vandravagen\/2022\/01\/15\/kristen-konst-och-en-massvigsel-fran-indien\/#breadcrumb\"},\"inLanguage\":\"sv-SE\",\"potentialAction\":[{\"@type\":\"ReadAction\",\"target\":[\"https:\/\/blogg.svenskakyrkan.se\/vandravagen\/2022\/01\/15\/kristen-konst-och-en-massvigsel-fran-indien\/\"]}]},{\"@type\":\"ImageObject\",\"inLanguage\":\"sv-SE\",\"@id\":\"https:\/\/blogg.svenskakyrkan.se\/vandravagen\/2022\/01\/15\/kristen-konst-och-en-massvigsel-fran-indien\/#primaryimage\",\"url\":\"https:\/\/blogg.svenskakyrkan.se\/vandravagen\/files\/2022\/01\/IMG_9892-2.png\",\"contentUrl\":\"https:\/\/blogg.svenskakyrkan.se\/vandravagen\/files\/2022\/01\/IMG_9892-2.png\",\"width\":598,\"height\":858},{\"@type\":\"BreadcrumbList\",\"@id\":\"https:\/\/blogg.svenskakyrkan.se\/vandravagen\/2022\/01\/15\/kristen-konst-och-en-massvigsel-fran-indien\/#breadcrumb\",\"itemListElement\":[{\"@type\":\"ListItem\",\"position\":1,\"name\":\"Hem\",\"item\":\"https:\/\/blogg.svenskakyrkan.se\/vandravagen\/\"},{\"@type\":\"ListItem\",\"position\":2,\"name\":\"Kristen konst och en massvigsel fr\u00e5n Indien\"}]},{\"@type\":\"WebSite\",\"@id\":\"https:\/\/blogg.svenskakyrkan.se\/vandravagen\/#website\",\"url\":\"https:\/\/blogg.svenskakyrkan.se\/vandravagen\/\",\"name\":\"Vandra V\u00e4gen\",\"description\":\"-Mot en tro f\u00f6r hela livet\",\"publisher\":{\"@id\":\"https:\/\/blogg.svenskakyrkan.se\/vandravagen\/#organization\"},\"potentialAction\":[{\"@type\":\"SearchAction\",\"target\":{\"@type\":\"EntryPoint\",\"urlTemplate\":\"https:\/\/blogg.svenskakyrkan.se\/vandravagen\/?s={search_term_string}\"},\"query-input\":{\"@type\":\"PropertyValueSpecification\",\"valueRequired\":true,\"valueName\":\"search_term_string\"}}],\"inLanguage\":\"sv-SE\"},{\"@type\":\"Organization\",\"@id\":\"https:\/\/blogg.svenskakyrkan.se\/vandravagen\/#organization\",\"name\":\"ulricehamns pastorat\",\"alternateName\":\"ulricehamns pastorat\",\"url\":\"https:\/\/blogg.svenskakyrkan.se\/vandravagen\/\",\"logo\":{\"@type\":\"ImageObject\",\"inLanguage\":\"sv-SE\",\"@id\":\"https:\/\/blogg.svenskakyrkan.se\/vandravagen\/#\/schema\/logo\/image\/\",\"url\":\"https:\/\/blogg.svenskakyrkan.se\/vandravagen\/files\/2023\/05\/Ulr_logo_RGB.png\",\"contentUrl\":\"https:\/\/blogg.svenskakyrkan.se\/vandravagen\/files\/2023\/05\/Ulr_logo_RGB.png\",\"width\":205,\"height\":77,\"caption\":\"ulricehamns pastorat\"},\"image\":{\"@id\":\"https:\/\/blogg.svenskakyrkan.se\/vandravagen\/#\/schema\/logo\/image\/\"},\"sameAs\":[\"http:\/\/facebook.com\/vandravagen\",\"https:\/\/x.com\/fadertomas\",\"http:\/\/www.facebook.com\/svenskakyrkaniulricehamn\"]},{\"@type\":\"Person\",\"@id\":\"https:\/\/blogg.svenskakyrkan.se\/vandravagen\/#\/schema\/person\/25da02d4f76b137d04291711e2c9fc16\",\"name\":\"Tomas Jarvid\",\"image\":{\"@type\":\"ImageObject\",\"inLanguage\":\"sv-SE\",\"@id\":\"https:\/\/blogg.svenskakyrkan.se\/vandravagen\/#\/schema\/person\/image\/\",\"url\":\"https:\/\/secure.gravatar.com\/avatar\/7fa71899795e8f540f615a1f5ab25255dc27aa40f05ee7ddd21aac521e01bf50?s=96&d=identicon&r=g\",\"contentUrl\":\"https:\/\/secure.gravatar.com\/avatar\/7fa71899795e8f540f615a1f5ab25255dc27aa40f05ee7ddd21aac521e01bf50?s=96&d=identicon&r=g\",\"caption\":\"Tomas Jarvid\"},\"description\":\"Jag bor i Ulricehamn i V\u00e4sterg\u00f6tland och \u00e4r f\u00f6rsamlingspr\u00e4st i Svenska Kyrkan f\u00f6r Dalstorps f\u00f6rsamling i Kinds pastorat. P\u00e5 den h\u00e4r bloggen skriver jag ner tankar om vandringen som kristen.\",\"sameAs\":[\"http:\/\/www.vandravagen.se\"],\"url\":\"https:\/\/blogg.svenskakyrkan.se\/vandravagen\/author\/vandravagen\/\"}]}<\/script>\n<!-- \/ Yoast SEO plugin. -->","yoast_head_json":{"title":"Kristen konst och en massvigsel fr\u00e5n Indien - Vandra V\u00e4gen","robots":{"index":"index","follow":"follow","max-snippet":"max-snippet:-1","max-image-preview":"max-image-preview:large","max-video-preview":"max-video-preview:-1"},"canonical":"https:\/\/blogg.svenskakyrkan.se\/vandravagen\/2022\/01\/15\/kristen-konst-och-en-massvigsel-fran-indien\/","og_locale":"sv_SE","og_type":"article","og_title":"Kristen konst och en massvigsel fr\u00e5n Indien - Vandra V\u00e4gen","og_description":"H\u00e4r \u00e4r \u00e4nnu en bloggpost med indiska kristna bilder jag g\u00e4rna visar er, k\u00e4ra bloggl\u00e4sare. F\u00f6rst ut \u00e4r n\u00e5gra bilder p\u00e5 Jesus mor Maria. den h\u00e4r f\u00f6rsta ser v\u00e4ldigt mild och ung ut men l\u00e5t er inte luras, under f\u00f6tterna har hon trampat p\u00e5 en orm! Denna andra Maria ger ett v\u00e4ldigt m\u00e4ktigt intryck. Den [&hellip;]","og_url":"https:\/\/blogg.svenskakyrkan.se\/vandravagen\/2022\/01\/15\/kristen-konst-och-en-massvigsel-fran-indien\/","og_site_name":"Vandra V\u00e4gen","article_publisher":"http:\/\/facebook.com\/vandravagen","article_published_time":"2022-01-15T06:15:00+00:00","og_image":[{"width":598,"height":858,"url":"https:\/\/blogg.svenskakyrkan.se\/vandravagen\/files\/2022\/01\/IMG_9892-2.png","type":"image\/png"}],"author":"Tomas Jarvid","twitter_card":"summary_large_image","twitter_creator":"@fadertomas","twitter_site":"@fadertomas","twitter_misc":{"Skriven av":"Tomas Jarvid","Ber\u00e4knad l\u00e4stid":"3 minuter"},"schema":{"@context":"https:\/\/schema.org","@graph":[{"@type":"Article","@id":"https:\/\/blogg.svenskakyrkan.se\/vandravagen\/2022\/01\/15\/kristen-konst-och-en-massvigsel-fran-indien\/#article","isPartOf":{"@id":"https:\/\/blogg.svenskakyrkan.se\/vandravagen\/2022\/01\/15\/kristen-konst-och-en-massvigsel-fran-indien\/"},"author":{"name":"Tomas Jarvid","@id":"https:\/\/blogg.svenskakyrkan.se\/vandravagen\/#\/schema\/person\/25da02d4f76b137d04291711e2c9fc16"},"headline":"Kristen konst och en massvigsel fr\u00e5n Indien","datePublished":"2022-01-15T06:15:00+00:00","mainEntityOfPage":{"@id":"https:\/\/blogg.svenskakyrkan.se\/vandravagen\/2022\/01\/15\/kristen-konst-och-en-massvigsel-fran-indien\/"},"wordCount":565,"commentCount":0,"publisher":{"@id":"https:\/\/blogg.svenskakyrkan.se\/vandravagen\/#organization"},"image":{"@id":"https:\/\/blogg.svenskakyrkan.se\/vandravagen\/2022\/01\/15\/kristen-konst-och-en-massvigsel-fran-indien\/#primaryimage"},"thumbnailUrl":"https:\/\/blogg.svenskakyrkan.se\/vandravagen\/files\/2022\/01\/IMG_9892-2.png","articleSection":["bilder","kyrkan"],"inLanguage":"sv-SE","potentialAction":[{"@type":"CommentAction","name":"Comment","target":["https:\/\/blogg.svenskakyrkan.se\/vandravagen\/2022\/01\/15\/kristen-konst-och-en-massvigsel-fran-indien\/#respond"]}]},{"@type":"WebPage","@id":"https:\/\/blogg.svenskakyrkan.se\/vandravagen\/2022\/01\/15\/kristen-konst-och-en-massvigsel-fran-indien\/","url":"https:\/\/blogg.svenskakyrkan.se\/vandravagen\/2022\/01\/15\/kristen-konst-och-en-massvigsel-fran-indien\/","name":"Kristen konst och en massvigsel fr\u00e5n Indien - Vandra V\u00e4gen","isPartOf":{"@id":"https:\/\/blogg.svenskakyrkan.se\/vandravagen\/#website"},"primaryImageOfPage":{"@id":"https:\/\/blogg.svenskakyrkan.se\/vandravagen\/2022\/01\/15\/kristen-konst-och-en-massvigsel-fran-indien\/#primaryimage"},"image":{"@id":"https:\/\/blogg.svenskakyrkan.se\/vandravagen\/2022\/01\/15\/kristen-konst-och-en-massvigsel-fran-indien\/#primaryimage"},"thumbnailUrl":"https:\/\/blogg.svenskakyrkan.se\/vandravagen\/files\/2022\/01\/IMG_9892-2.png","datePublished":"2022-01-15T06:15:00+00:00","breadcrumb":{"@id":"https:\/\/blogg.svenskakyrkan.se\/vandravagen\/2022\/01\/15\/kristen-konst-och-en-massvigsel-fran-indien\/#breadcrumb"},"inLanguage":"sv-SE","potentialAction":[{"@type":"ReadAction","target":["https:\/\/blogg.svenskakyrkan.se\/vandravagen\/2022\/01\/15\/kristen-konst-och-en-massvigsel-fran-indien\/"]}]},{"@type":"ImageObject","inLanguage":"sv-SE","@id":"https:\/\/blogg.svenskakyrkan.se\/vandravagen\/2022\/01\/15\/kristen-konst-och-en-massvigsel-fran-indien\/#primaryimage","url":"https:\/\/blogg.svenskakyrkan.se\/vandravagen\/files\/2022\/01\/IMG_9892-2.png","contentUrl":"https:\/\/blogg.svenskakyrkan.se\/vandravagen\/files\/2022\/01\/IMG_9892-2.png","width":598,"height":858},{"@type":"BreadcrumbList","@id":"https:\/\/blogg.svenskakyrkan.se\/vandravagen\/2022\/01\/15\/kristen-konst-och-en-massvigsel-fran-indien\/#breadcrumb","itemListElement":[{"@type":"ListItem","position":1,"name":"Hem","item":"https:\/\/blogg.svenskakyrkan.se\/vandravagen\/"},{"@type":"ListItem","position":2,"name":"Kristen konst och en massvigsel fr\u00e5n Indien"}]},{"@type":"WebSite","@id":"https:\/\/blogg.svenskakyrkan.se\/vandravagen\/#website","url":"https:\/\/blogg.svenskakyrkan.se\/vandravagen\/","name":"Vandra V\u00e4gen","description":"-Mot en tro f\u00f6r hela livet","publisher":{"@id":"https:\/\/blogg.svenskakyrkan.se\/vandravagen\/#organization"},"potentialAction":[{"@type":"SearchAction","target":{"@type":"EntryPoint","urlTemplate":"https:\/\/blogg.svenskakyrkan.se\/vandravagen\/?s={search_term_string}"},"query-input":{"@type":"PropertyValueSpecification","valueRequired":true,"valueName":"search_term_string"}}],"inLanguage":"sv-SE"},{"@type":"Organization","@id":"https:\/\/blogg.svenskakyrkan.se\/vandravagen\/#organization","name":"ulricehamns pastorat","alternateName":"ulricehamns pastorat","url":"https:\/\/blogg.svenskakyrkan.se\/vandravagen\/","logo":{"@type":"ImageObject","inLanguage":"sv-SE","@id":"https:\/\/blogg.svenskakyrkan.se\/vandravagen\/#\/schema\/logo\/image\/","url":"https:\/\/blogg.svenskakyrkan.se\/vandravagen\/files\/2023\/05\/Ulr_logo_RGB.png","contentUrl":"https:\/\/blogg.svenskakyrkan.se\/vandravagen\/files\/2023\/05\/Ulr_logo_RGB.png","width":205,"height":77,"caption":"ulricehamns pastorat"},"image":{"@id":"https:\/\/blogg.svenskakyrkan.se\/vandravagen\/#\/schema\/logo\/image\/"},"sameAs":["http:\/\/facebook.com\/vandravagen","https:\/\/x.com\/fadertomas","http:\/\/www.facebook.com\/svenskakyrkaniulricehamn"]},{"@type":"Person","@id":"https:\/\/blogg.svenskakyrkan.se\/vandravagen\/#\/schema\/person\/25da02d4f76b137d04291711e2c9fc16","name":"Tomas Jarvid","image":{"@type":"ImageObject","inLanguage":"sv-SE","@id":"https:\/\/blogg.svenskakyrkan.se\/vandravagen\/#\/schema\/person\/image\/","url":"https:\/\/secure.gravatar.com\/avatar\/7fa71899795e8f540f615a1f5ab25255dc27aa40f05ee7ddd21aac521e01bf50?s=96&d=identicon&r=g","contentUrl":"https:\/\/secure.gravatar.com\/avatar\/7fa71899795e8f540f615a1f5ab25255dc27aa40f05ee7ddd21aac521e01bf50?s=96&d=identicon&r=g","caption":"Tomas Jarvid"},"description":"Jag bor i Ulricehamn i V\u00e4sterg\u00f6tland och \u00e4r f\u00f6rsamlingspr\u00e4st i Svenska Kyrkan f\u00f6r Dalstorps f\u00f6rsamling i Kinds pastorat. P\u00e5 den h\u00e4r bloggen skriver jag ner tankar om vandringen som kristen.","sameAs":["http:\/\/www.vandravagen.se"],"url":"https:\/\/blogg.svenskakyrkan.se\/vandravagen\/author\/vandravagen\/"}]}},"author_meta":{"ID":"392","user_nicename":"vandravagen","user_url":"http:\/\/www.vandravagen.se","user_registered":"2014-05-19 05:44:52","display_name":"Tomas Jarvid","first_name":"Tomas","last_name":"Jarvid","avatar":"https:\/\/secure.gravatar.com\/avatar\/7fa71899795e8f540f615a1f5ab25255dc27aa40f05ee7ddd21aac521e01bf50?s=96&d=identicon&r=g"},"featured_image":["https:\/\/blogg.svenskakyrkan.se\/vandravagen\/files\/2022\/01\/IMG_9892-2.png",598,858,false],"bloginfo":{"name":"Vandra V\u00e4gen","url":"https:\/\/blogg.svenskakyrkan.se\/vandravagen"},"_links":{"self":[{"href":"https:\/\/blogg.svenskakyrkan.se\/vandravagen\/wp-json\/wp\/v2\/posts\/8778","targetHints":{"allow":["GET"]}}],"collection":[{"href":"https:\/\/blogg.svenskakyrkan.se\/vandravagen\/wp-json\/wp\/v2\/posts"}],"about":[{"href":"https:\/\/blogg.svenskakyrkan.se\/vandravagen\/wp-json\/wp\/v2\/types\/post"}],"author":[{"embeddable":true,"href":"https:\/\/blogg.svenskakyrkan.se\/vandravagen\/wp-json\/wp\/v2\/users\/392"}],"replies":[{"embeddable":true,"href":"https:\/\/blogg.svenskakyrkan.se\/vandravagen\/wp-json\/wp\/v2\/comments?post=8778"}],"version-history":[{"count":2,"href":"https:\/\/blogg.svenskakyrkan.se\/vandravagen\/wp-json\/wp\/v2\/posts\/8778\/revisions"}],"predecessor-version":[{"id":8792,"href":"https:\/\/blogg.svenskakyrkan.se\/vandravagen\/wp-json\/wp\/v2\/posts\/8778\/revisions\/8792"}],"wp:featuredmedia":[{"embeddable":true,"href":"https:\/\/blogg.svenskakyrkan.se\/vandravagen\/wp-json\/wp\/v2\/media\/8781"}],"wp:attachment":[{"href":"https:\/\/blogg.svenskakyrkan.se\/vandravagen\/wp-json\/wp\/v2\/media?parent=8778"}],"wp:term":[{"taxonomy":"category","embeddable":true,"href":"https:\/\/blogg.svenskakyrkan.se\/vandravagen\/wp-json\/wp\/v2\/categories?post=8778"},{"taxonomy":"post_tag","embeddable":true,"href":"https:\/\/blogg.svenskakyrkan.se\/vandravagen\/wp-json\/wp\/v2\/tags?post=8778"}],"curies":[{"name":"wp","href":"https:\/\/api.w.org\/{rel}","templated":true}]}}