{"id":878,"date":"2012-11-13T19:19:00","date_gmt":"2012-11-13T18:19:00","guid":{"rendered":"http:\/\/blogg.svenskakyrkan.se\/vandravagen\/2012\/11\/13\/lystring-skaraborgare-larsake-w-persson-kommer\/"},"modified":"2012-11-13T19:19:00","modified_gmt":"2012-11-13T18:19:00","slug":"lystring-skaraborgare-larsake-w-persson-kommer","status":"publish","type":"post","link":"https:\/\/blogg.svenskakyrkan.se\/vandravagen\/2012\/11\/13\/lystring-skaraborgare-larsake-w-persson-kommer\/","title":{"rendered":"Lystring skaraborgare! Lars\u00c5ke W Persson kommer!"},"content":{"rendered":"<div>Jag skrev f\u00f6r ett tag sedan om Lars\u00e5ke W Perssons bok &#8221;<a href=\"http:\/\/vagenixp.blogspot.se\/2012\/09\/hur-hel-kan-man-bli.html\">hur hel kan man bli<\/a>&#8221;. Nu har du som finns i trakten av Lidk\u00f6ping chansen att h\u00f6ra honom tala om det sj\u00e4lv. Den 19e november klockan 19 i EFS-kyrkan i Lidk\u00f6ping (intill den stora Nicolaikyrkan) kan man h\u00f6ra och se honom live.\u00a0<\/div>\n<div><\/div>\n<div>Jag vet att han \u00e4r en klok man med mycket att komma med. Det \u00e4r dessutom gratis s\u00e5 inget att tveka om. Vem vill inte veta hur hel man kan bli i livet? Och om du inte varit i EFS-kyrkan innan och oroar dig f\u00f6r att g\u00e5 dit s\u00e5 g\u00f6r inte det. De \u00e4r s\u00e4kert j\u00e4ttetrevliga.<\/div>\n<div><\/div>\n<div><\/div>\n<div><span><br \/><\/span><\/div>\n<div><span><span>H\u00e4r \u00e4r affishen:<\/span><\/span><\/div>\n<\/p>\n<div><\/div>\n<div><\/div>\n<div><\/div>\n<div><\/div>\n<div><a href=\"http:\/\/2.bp.blogspot.com\/-OuFcZ5xUrKw\/UKIn4jcJNlI\/AAAAAAAAA_0\/JTLMfJcgEQQ\/s1600\/Hur+hel+kan+man+bli+nov+2012%5B1%5D.jpg\"><img loading=\"lazy\" decoding=\"async\" border=\"0\" height=\"640\" src=\"http:\/\/2.bp.blogspot.com\/-OuFcZ5xUrKw\/UKIn4jcJNlI\/AAAAAAAAA_0\/JTLMfJcgEQQ\/s640\/Hur+hel+kan+man+bli+nov+2012%5B1%5D.jpg\" width=\"452\"><\/a><\/div><\/p>\n","protected":false},"excerpt":{"rendered":"<p>Jag skrev f\u00f6r ett tag sedan om Lars\u00e5ke W Perssons bok &#8221;hur hel kan man bli&#8221;. Nu har du som finns i trakten av Lidk\u00f6ping chansen att h\u00f6ra honom tala om det sj\u00e4lv. Den 19e november klockan 19 i EFS-kyrkan i Lidk\u00f6ping (intill den stora Nicolaikyrkan) kan man h\u00f6ra och se honom live.\u00a0 Jag vet [&hellip;]<\/p>\n","protected":false},"author":392,"featured_media":0,"comment_status":"open","ping_status":"open","sticky":false,"template":"","format":"standard","meta":{"_acf_changed":false,"footnotes":""},"categories":[76766],"tags":[],"class_list":["post-878","post","type-post","status-publish","format-standard","hentry","category-blandat"],"acf":[],"yoast_head":"<!-- This site is optimized with the Yoast SEO plugin v27.1.1 - https:\/\/yoast.com\/product\/yoast-seo-wordpress\/ -->\n<title>Lystring skaraborgare! Lars\u00c5ke W Persson kommer! - Vandra V\u00e4gen<\/title>\n<meta name=\"robots\" content=\"index, follow, max-snippet:-1, max-image-preview:large, max-video-preview:-1\" \/>\n<link rel=\"canonical\" href=\"https:\/\/blogg.svenskakyrkan.se\/vandravagen\/2012\/11\/13\/lystring-skaraborgare-larsake-w-persson-kommer\/\" \/>\n<meta property=\"og:locale\" content=\"sv_SE\" \/>\n<meta property=\"og:type\" content=\"article\" \/>\n<meta property=\"og:title\" content=\"Lystring skaraborgare! Lars\u00c5ke W Persson kommer! - Vandra V\u00e4gen\" \/>\n<meta property=\"og:description\" content=\"Jag skrev f\u00f6r ett tag sedan om Lars\u00e5ke W Perssons bok &#8221;hur hel kan man bli&#8221;. Nu har du som finns i trakten av Lidk\u00f6ping chansen att h\u00f6ra honom tala om det sj\u00e4lv. Den 19e november klockan 19 i EFS-kyrkan i Lidk\u00f6ping (intill den stora Nicolaikyrkan) kan man h\u00f6ra och se honom live.\u00a0 Jag vet [&hellip;]\" \/>\n<meta property=\"og:url\" content=\"https:\/\/blogg.svenskakyrkan.se\/vandravagen\/2012\/11\/13\/lystring-skaraborgare-larsake-w-persson-kommer\/\" \/>\n<meta property=\"og:site_name\" content=\"Vandra V\u00e4gen\" \/>\n<meta property=\"article:publisher\" content=\"http:\/\/facebook.com\/vandravagen\" \/>\n<meta property=\"article:published_time\" content=\"2012-11-13T18:19:00+00:00\" \/>\n<meta property=\"og:image\" content=\"http:\/\/2.bp.blogspot.com\/-OuFcZ5xUrKw\/UKIn4jcJNlI\/AAAAAAAAA_0\/JTLMfJcgEQQ\/s640\/Hur+hel+kan+man+bli+nov+2012%5B1%5D.jpg\" \/>\n<meta name=\"author\" content=\"Tomas Jarvid\" \/>\n<meta name=\"twitter:card\" content=\"summary_large_image\" \/>\n<meta name=\"twitter:creator\" content=\"@fadertomas\" \/>\n<meta name=\"twitter:site\" content=\"@fadertomas\" \/>\n<meta name=\"twitter:label1\" content=\"Skriven av\" \/>\n\t<meta name=\"twitter:data1\" content=\"Tomas Jarvid\" \/>\n\t<meta name=\"twitter:label2\" content=\"Ber\u00e4knad l\u00e4stid\" \/>\n\t<meta name=\"twitter:data2\" content=\"1 minut\" \/>\n<script type=\"application\/ld+json\" class=\"yoast-schema-graph\">{\"@context\":\"https:\/\/schema.org\",\"@graph\":[{\"@type\":\"Article\",\"@id\":\"https:\/\/blogg.svenskakyrkan.se\/vandravagen\/2012\/11\/13\/lystring-skaraborgare-larsake-w-persson-kommer\/#article\",\"isPartOf\":{\"@id\":\"https:\/\/blogg.svenskakyrkan.se\/vandravagen\/2012\/11\/13\/lystring-skaraborgare-larsake-w-persson-kommer\/\"},\"author\":{\"name\":\"Tomas Jarvid\",\"@id\":\"https:\/\/blogg.svenskakyrkan.se\/vandravagen\/#\/schema\/person\/25da02d4f76b137d04291711e2c9fc16\"},\"headline\":\"Lystring skaraborgare! Lars\u00c5ke W Persson kommer!\",\"datePublished\":\"2012-11-13T18:19:00+00:00\",\"mainEntityOfPage\":{\"@id\":\"https:\/\/blogg.svenskakyrkan.se\/vandravagen\/2012\/11\/13\/lystring-skaraborgare-larsake-w-persson-kommer\/\"},\"wordCount\":130,\"commentCount\":0,\"publisher\":{\"@id\":\"https:\/\/blogg.svenskakyrkan.se\/vandravagen\/#organization\"},\"image\":{\"@id\":\"https:\/\/blogg.svenskakyrkan.se\/vandravagen\/2012\/11\/13\/lystring-skaraborgare-larsake-w-persson-kommer\/#primaryimage\"},\"thumbnailUrl\":\"http:\/\/2.bp.blogspot.com\/-OuFcZ5xUrKw\/UKIn4jcJNlI\/AAAAAAAAA_0\/JTLMfJcgEQQ\/s640\/Hur+hel+kan+man+bli+nov+2012%5B1%5D.jpg\",\"articleSection\":[\"blandat\"],\"inLanguage\":\"sv-SE\",\"potentialAction\":[{\"@type\":\"CommentAction\",\"name\":\"Comment\",\"target\":[\"https:\/\/blogg.svenskakyrkan.se\/vandravagen\/2012\/11\/13\/lystring-skaraborgare-larsake-w-persson-kommer\/#respond\"]}]},{\"@type\":\"WebPage\",\"@id\":\"https:\/\/blogg.svenskakyrkan.se\/vandravagen\/2012\/11\/13\/lystring-skaraborgare-larsake-w-persson-kommer\/\",\"url\":\"https:\/\/blogg.svenskakyrkan.se\/vandravagen\/2012\/11\/13\/lystring-skaraborgare-larsake-w-persson-kommer\/\",\"name\":\"Lystring skaraborgare! Lars\u00c5ke W Persson kommer! - Vandra V\u00e4gen\",\"isPartOf\":{\"@id\":\"https:\/\/blogg.svenskakyrkan.se\/vandravagen\/#website\"},\"primaryImageOfPage\":{\"@id\":\"https:\/\/blogg.svenskakyrkan.se\/vandravagen\/2012\/11\/13\/lystring-skaraborgare-larsake-w-persson-kommer\/#primaryimage\"},\"image\":{\"@id\":\"https:\/\/blogg.svenskakyrkan.se\/vandravagen\/2012\/11\/13\/lystring-skaraborgare-larsake-w-persson-kommer\/#primaryimage\"},\"thumbnailUrl\":\"http:\/\/2.bp.blogspot.com\/-OuFcZ5xUrKw\/UKIn4jcJNlI\/AAAAAAAAA_0\/JTLMfJcgEQQ\/s640\/Hur+hel+kan+man+bli+nov+2012%5B1%5D.jpg\",\"datePublished\":\"2012-11-13T18:19:00+00:00\",\"breadcrumb\":{\"@id\":\"https:\/\/blogg.svenskakyrkan.se\/vandravagen\/2012\/11\/13\/lystring-skaraborgare-larsake-w-persson-kommer\/#breadcrumb\"},\"inLanguage\":\"sv-SE\",\"potentialAction\":[{\"@type\":\"ReadAction\",\"target\":[\"https:\/\/blogg.svenskakyrkan.se\/vandravagen\/2012\/11\/13\/lystring-skaraborgare-larsake-w-persson-kommer\/\"]}]},{\"@type\":\"ImageObject\",\"inLanguage\":\"sv-SE\",\"@id\":\"https:\/\/blogg.svenskakyrkan.se\/vandravagen\/2012\/11\/13\/lystring-skaraborgare-larsake-w-persson-kommer\/#primaryimage\",\"url\":\"http:\/\/2.bp.blogspot.com\/-OuFcZ5xUrKw\/UKIn4jcJNlI\/AAAAAAAAA_0\/JTLMfJcgEQQ\/s640\/Hur+hel+kan+man+bli+nov+2012%5B1%5D.jpg\",\"contentUrl\":\"http:\/\/2.bp.blogspot.com\/-OuFcZ5xUrKw\/UKIn4jcJNlI\/AAAAAAAAA_0\/JTLMfJcgEQQ\/s640\/Hur+hel+kan+man+bli+nov+2012%5B1%5D.jpg\"},{\"@type\":\"BreadcrumbList\",\"@id\":\"https:\/\/blogg.svenskakyrkan.se\/vandravagen\/2012\/11\/13\/lystring-skaraborgare-larsake-w-persson-kommer\/#breadcrumb\",\"itemListElement\":[{\"@type\":\"ListItem\",\"position\":1,\"name\":\"Hem\",\"item\":\"https:\/\/blogg.svenskakyrkan.se\/vandravagen\/\"},{\"@type\":\"ListItem\",\"position\":2,\"name\":\"Lystring skaraborgare! Lars\u00c5ke W Persson kommer!\"}]},{\"@type\":\"WebSite\",\"@id\":\"https:\/\/blogg.svenskakyrkan.se\/vandravagen\/#website\",\"url\":\"https:\/\/blogg.svenskakyrkan.se\/vandravagen\/\",\"name\":\"Vandra V\u00e4gen\",\"description\":\"-Mot en tro f\u00f6r hela livet\",\"publisher\":{\"@id\":\"https:\/\/blogg.svenskakyrkan.se\/vandravagen\/#organization\"},\"potentialAction\":[{\"@type\":\"SearchAction\",\"target\":{\"@type\":\"EntryPoint\",\"urlTemplate\":\"https:\/\/blogg.svenskakyrkan.se\/vandravagen\/?s={search_term_string}\"},\"query-input\":{\"@type\":\"PropertyValueSpecification\",\"valueRequired\":true,\"valueName\":\"search_term_string\"}}],\"inLanguage\":\"sv-SE\"},{\"@type\":\"Organization\",\"@id\":\"https:\/\/blogg.svenskakyrkan.se\/vandravagen\/#organization\",\"name\":\"ulricehamns pastorat\",\"alternateName\":\"ulricehamns pastorat\",\"url\":\"https:\/\/blogg.svenskakyrkan.se\/vandravagen\/\",\"logo\":{\"@type\":\"ImageObject\",\"inLanguage\":\"sv-SE\",\"@id\":\"https:\/\/blogg.svenskakyrkan.se\/vandravagen\/#\/schema\/logo\/image\/\",\"url\":\"https:\/\/blogg.svenskakyrkan.se\/vandravagen\/files\/2023\/05\/Ulr_logo_RGB.png\",\"contentUrl\":\"https:\/\/blogg.svenskakyrkan.se\/vandravagen\/files\/2023\/05\/Ulr_logo_RGB.png\",\"width\":205,\"height\":77,\"caption\":\"ulricehamns pastorat\"},\"image\":{\"@id\":\"https:\/\/blogg.svenskakyrkan.se\/vandravagen\/#\/schema\/logo\/image\/\"},\"sameAs\":[\"http:\/\/facebook.com\/vandravagen\",\"https:\/\/x.com\/fadertomas\",\"http:\/\/www.facebook.com\/svenskakyrkaniulricehamn\"]},{\"@type\":\"Person\",\"@id\":\"https:\/\/blogg.svenskakyrkan.se\/vandravagen\/#\/schema\/person\/25da02d4f76b137d04291711e2c9fc16\",\"name\":\"Tomas Jarvid\",\"image\":{\"@type\":\"ImageObject\",\"inLanguage\":\"sv-SE\",\"@id\":\"https:\/\/blogg.svenskakyrkan.se\/vandravagen\/#\/schema\/person\/image\/\",\"url\":\"https:\/\/secure.gravatar.com\/avatar\/7fa71899795e8f540f615a1f5ab25255dc27aa40f05ee7ddd21aac521e01bf50?s=96&d=identicon&r=g\",\"contentUrl\":\"https:\/\/secure.gravatar.com\/avatar\/7fa71899795e8f540f615a1f5ab25255dc27aa40f05ee7ddd21aac521e01bf50?s=96&d=identicon&r=g\",\"caption\":\"Tomas Jarvid\"},\"description\":\"Jag bor i Ulricehamn i V\u00e4sterg\u00f6tland och \u00e4r f\u00f6rsamlingspr\u00e4st i Svenska Kyrkan f\u00f6r Dalstorps f\u00f6rsamling i Kinds pastorat. P\u00e5 den h\u00e4r bloggen skriver jag ner tankar om vandringen som kristen.\",\"sameAs\":[\"http:\/\/www.vandravagen.se\"],\"url\":\"https:\/\/blogg.svenskakyrkan.se\/vandravagen\/author\/vandravagen\/\"}]}<\/script>\n<!-- \/ Yoast SEO plugin. -->","yoast_head_json":{"title":"Lystring skaraborgare! Lars\u00c5ke W Persson kommer! - Vandra V\u00e4gen","robots":{"index":"index","follow":"follow","max-snippet":"max-snippet:-1","max-image-preview":"max-image-preview:large","max-video-preview":"max-video-preview:-1"},"canonical":"https:\/\/blogg.svenskakyrkan.se\/vandravagen\/2012\/11\/13\/lystring-skaraborgare-larsake-w-persson-kommer\/","og_locale":"sv_SE","og_type":"article","og_title":"Lystring skaraborgare! Lars\u00c5ke W Persson kommer! - Vandra V\u00e4gen","og_description":"Jag skrev f\u00f6r ett tag sedan om Lars\u00e5ke W Perssons bok &#8221;hur hel kan man bli&#8221;. Nu har du som finns i trakten av Lidk\u00f6ping chansen att h\u00f6ra honom tala om det sj\u00e4lv. Den 19e november klockan 19 i EFS-kyrkan i Lidk\u00f6ping (intill den stora Nicolaikyrkan) kan man h\u00f6ra och se honom live.\u00a0 Jag vet [&hellip;]","og_url":"https:\/\/blogg.svenskakyrkan.se\/vandravagen\/2012\/11\/13\/lystring-skaraborgare-larsake-w-persson-kommer\/","og_site_name":"Vandra V\u00e4gen","article_publisher":"http:\/\/facebook.com\/vandravagen","article_published_time":"2012-11-13T18:19:00+00:00","og_image":[{"url":"http:\/\/2.bp.blogspot.com\/-OuFcZ5xUrKw\/UKIn4jcJNlI\/AAAAAAAAA_0\/JTLMfJcgEQQ\/s640\/Hur+hel+kan+man+bli+nov+2012%5B1%5D.jpg","type":"","width":"","height":""}],"author":"Tomas Jarvid","twitter_card":"summary_large_image","twitter_creator":"@fadertomas","twitter_site":"@fadertomas","twitter_misc":{"Skriven av":"Tomas Jarvid","Ber\u00e4knad l\u00e4stid":"1 minut"},"schema":{"@context":"https:\/\/schema.org","@graph":[{"@type":"Article","@id":"https:\/\/blogg.svenskakyrkan.se\/vandravagen\/2012\/11\/13\/lystring-skaraborgare-larsake-w-persson-kommer\/#article","isPartOf":{"@id":"https:\/\/blogg.svenskakyrkan.se\/vandravagen\/2012\/11\/13\/lystring-skaraborgare-larsake-w-persson-kommer\/"},"author":{"name":"Tomas Jarvid","@id":"https:\/\/blogg.svenskakyrkan.se\/vandravagen\/#\/schema\/person\/25da02d4f76b137d04291711e2c9fc16"},"headline":"Lystring skaraborgare! Lars\u00c5ke W Persson kommer!","datePublished":"2012-11-13T18:19:00+00:00","mainEntityOfPage":{"@id":"https:\/\/blogg.svenskakyrkan.se\/vandravagen\/2012\/11\/13\/lystring-skaraborgare-larsake-w-persson-kommer\/"},"wordCount":130,"commentCount":0,"publisher":{"@id":"https:\/\/blogg.svenskakyrkan.se\/vandravagen\/#organization"},"image":{"@id":"https:\/\/blogg.svenskakyrkan.se\/vandravagen\/2012\/11\/13\/lystring-skaraborgare-larsake-w-persson-kommer\/#primaryimage"},"thumbnailUrl":"http:\/\/2.bp.blogspot.com\/-OuFcZ5xUrKw\/UKIn4jcJNlI\/AAAAAAAAA_0\/JTLMfJcgEQQ\/s640\/Hur+hel+kan+man+bli+nov+2012%5B1%5D.jpg","articleSection":["blandat"],"inLanguage":"sv-SE","potentialAction":[{"@type":"CommentAction","name":"Comment","target":["https:\/\/blogg.svenskakyrkan.se\/vandravagen\/2012\/11\/13\/lystring-skaraborgare-larsake-w-persson-kommer\/#respond"]}]},{"@type":"WebPage","@id":"https:\/\/blogg.svenskakyrkan.se\/vandravagen\/2012\/11\/13\/lystring-skaraborgare-larsake-w-persson-kommer\/","url":"https:\/\/blogg.svenskakyrkan.se\/vandravagen\/2012\/11\/13\/lystring-skaraborgare-larsake-w-persson-kommer\/","name":"Lystring skaraborgare! Lars\u00c5ke W Persson kommer! - Vandra V\u00e4gen","isPartOf":{"@id":"https:\/\/blogg.svenskakyrkan.se\/vandravagen\/#website"},"primaryImageOfPage":{"@id":"https:\/\/blogg.svenskakyrkan.se\/vandravagen\/2012\/11\/13\/lystring-skaraborgare-larsake-w-persson-kommer\/#primaryimage"},"image":{"@id":"https:\/\/blogg.svenskakyrkan.se\/vandravagen\/2012\/11\/13\/lystring-skaraborgare-larsake-w-persson-kommer\/#primaryimage"},"thumbnailUrl":"http:\/\/2.bp.blogspot.com\/-OuFcZ5xUrKw\/UKIn4jcJNlI\/AAAAAAAAA_0\/JTLMfJcgEQQ\/s640\/Hur+hel+kan+man+bli+nov+2012%5B1%5D.jpg","datePublished":"2012-11-13T18:19:00+00:00","breadcrumb":{"@id":"https:\/\/blogg.svenskakyrkan.se\/vandravagen\/2012\/11\/13\/lystring-skaraborgare-larsake-w-persson-kommer\/#breadcrumb"},"inLanguage":"sv-SE","potentialAction":[{"@type":"ReadAction","target":["https:\/\/blogg.svenskakyrkan.se\/vandravagen\/2012\/11\/13\/lystring-skaraborgare-larsake-w-persson-kommer\/"]}]},{"@type":"ImageObject","inLanguage":"sv-SE","@id":"https:\/\/blogg.svenskakyrkan.se\/vandravagen\/2012\/11\/13\/lystring-skaraborgare-larsake-w-persson-kommer\/#primaryimage","url":"http:\/\/2.bp.blogspot.com\/-OuFcZ5xUrKw\/UKIn4jcJNlI\/AAAAAAAAA_0\/JTLMfJcgEQQ\/s640\/Hur+hel+kan+man+bli+nov+2012%5B1%5D.jpg","contentUrl":"http:\/\/2.bp.blogspot.com\/-OuFcZ5xUrKw\/UKIn4jcJNlI\/AAAAAAAAA_0\/JTLMfJcgEQQ\/s640\/Hur+hel+kan+man+bli+nov+2012%5B1%5D.jpg"},{"@type":"BreadcrumbList","@id":"https:\/\/blogg.svenskakyrkan.se\/vandravagen\/2012\/11\/13\/lystring-skaraborgare-larsake-w-persson-kommer\/#breadcrumb","itemListElement":[{"@type":"ListItem","position":1,"name":"Hem","item":"https:\/\/blogg.svenskakyrkan.se\/vandravagen\/"},{"@type":"ListItem","position":2,"name":"Lystring skaraborgare! Lars\u00c5ke W Persson kommer!"}]},{"@type":"WebSite","@id":"https:\/\/blogg.svenskakyrkan.se\/vandravagen\/#website","url":"https:\/\/blogg.svenskakyrkan.se\/vandravagen\/","name":"Vandra V\u00e4gen","description":"-Mot en tro f\u00f6r hela livet","publisher":{"@id":"https:\/\/blogg.svenskakyrkan.se\/vandravagen\/#organization"},"potentialAction":[{"@type":"SearchAction","target":{"@type":"EntryPoint","urlTemplate":"https:\/\/blogg.svenskakyrkan.se\/vandravagen\/?s={search_term_string}"},"query-input":{"@type":"PropertyValueSpecification","valueRequired":true,"valueName":"search_term_string"}}],"inLanguage":"sv-SE"},{"@type":"Organization","@id":"https:\/\/blogg.svenskakyrkan.se\/vandravagen\/#organization","name":"ulricehamns pastorat","alternateName":"ulricehamns pastorat","url":"https:\/\/blogg.svenskakyrkan.se\/vandravagen\/","logo":{"@type":"ImageObject","inLanguage":"sv-SE","@id":"https:\/\/blogg.svenskakyrkan.se\/vandravagen\/#\/schema\/logo\/image\/","url":"https:\/\/blogg.svenskakyrkan.se\/vandravagen\/files\/2023\/05\/Ulr_logo_RGB.png","contentUrl":"https:\/\/blogg.svenskakyrkan.se\/vandravagen\/files\/2023\/05\/Ulr_logo_RGB.png","width":205,"height":77,"caption":"ulricehamns pastorat"},"image":{"@id":"https:\/\/blogg.svenskakyrkan.se\/vandravagen\/#\/schema\/logo\/image\/"},"sameAs":["http:\/\/facebook.com\/vandravagen","https:\/\/x.com\/fadertomas","http:\/\/www.facebook.com\/svenskakyrkaniulricehamn"]},{"@type":"Person","@id":"https:\/\/blogg.svenskakyrkan.se\/vandravagen\/#\/schema\/person\/25da02d4f76b137d04291711e2c9fc16","name":"Tomas Jarvid","image":{"@type":"ImageObject","inLanguage":"sv-SE","@id":"https:\/\/blogg.svenskakyrkan.se\/vandravagen\/#\/schema\/person\/image\/","url":"https:\/\/secure.gravatar.com\/avatar\/7fa71899795e8f540f615a1f5ab25255dc27aa40f05ee7ddd21aac521e01bf50?s=96&d=identicon&r=g","contentUrl":"https:\/\/secure.gravatar.com\/avatar\/7fa71899795e8f540f615a1f5ab25255dc27aa40f05ee7ddd21aac521e01bf50?s=96&d=identicon&r=g","caption":"Tomas Jarvid"},"description":"Jag bor i Ulricehamn i V\u00e4sterg\u00f6tland och \u00e4r f\u00f6rsamlingspr\u00e4st i Svenska Kyrkan f\u00f6r Dalstorps f\u00f6rsamling i Kinds pastorat. P\u00e5 den h\u00e4r bloggen skriver jag ner tankar om vandringen som kristen.","sameAs":["http:\/\/www.vandravagen.se"],"url":"https:\/\/blogg.svenskakyrkan.se\/vandravagen\/author\/vandravagen\/"}]}},"author_meta":{"ID":"392","user_nicename":"vandravagen","user_url":"http:\/\/www.vandravagen.se","user_registered":"2014-05-19 05:44:52","display_name":"Tomas Jarvid","first_name":"Tomas","last_name":"Jarvid","avatar":"https:\/\/secure.gravatar.com\/avatar\/7fa71899795e8f540f615a1f5ab25255dc27aa40f05ee7ddd21aac521e01bf50?s=96&d=identicon&r=g"},"featured_image":false,"bloginfo":{"name":"Vandra V\u00e4gen","url":"https:\/\/blogg.svenskakyrkan.se\/vandravagen"},"_links":{"self":[{"href":"https:\/\/blogg.svenskakyrkan.se\/vandravagen\/wp-json\/wp\/v2\/posts\/878","targetHints":{"allow":["GET"]}}],"collection":[{"href":"https:\/\/blogg.svenskakyrkan.se\/vandravagen\/wp-json\/wp\/v2\/posts"}],"about":[{"href":"https:\/\/blogg.svenskakyrkan.se\/vandravagen\/wp-json\/wp\/v2\/types\/post"}],"author":[{"embeddable":true,"href":"https:\/\/blogg.svenskakyrkan.se\/vandravagen\/wp-json\/wp\/v2\/users\/392"}],"replies":[{"embeddable":true,"href":"https:\/\/blogg.svenskakyrkan.se\/vandravagen\/wp-json\/wp\/v2\/comments?post=878"}],"version-history":[{"count":0,"href":"https:\/\/blogg.svenskakyrkan.se\/vandravagen\/wp-json\/wp\/v2\/posts\/878\/revisions"}],"wp:attachment":[{"href":"https:\/\/blogg.svenskakyrkan.se\/vandravagen\/wp-json\/wp\/v2\/media?parent=878"}],"wp:term":[{"taxonomy":"category","embeddable":true,"href":"https:\/\/blogg.svenskakyrkan.se\/vandravagen\/wp-json\/wp\/v2\/categories?post=878"},{"taxonomy":"post_tag","embeddable":true,"href":"https:\/\/blogg.svenskakyrkan.se\/vandravagen\/wp-json\/wp\/v2\/tags?post=878"}],"curies":[{"name":"wp","href":"https:\/\/api.w.org\/{rel}","templated":true}]}}