{"id":880,"date":"2012-11-13T10:29:00","date_gmt":"2012-11-13T09:29:00","guid":{"rendered":"http:\/\/blogg.svenskakyrkan.se\/vandravagen\/2012\/11\/13\/mission-med-inkulturation\/"},"modified":"2012-11-13T10:29:00","modified_gmt":"2012-11-13T09:29:00","slug":"mission-med-inkulturation","status":"publish","type":"post","link":"https:\/\/blogg.svenskakyrkan.se\/vandravagen\/2012\/11\/13\/mission-med-inkulturation\/","title":{"rendered":"Mission med inkulturation"},"content":{"rendered":"<table align=\"center\" cellpadding=\"0\" cellspacing=\"0\">\n<tbody>\n<tr>\n<td><a href=\"http:\/\/upload.wikimedia.org\/wikipedia\/commons\/thumb\/8\/8f\/Matteo_Ricci_2.jpg\/200px-Matteo_Ricci_2.jpg\"><img loading=\"lazy\" decoding=\"async\" border=\"0\" height=\"400\" src=\"http:\/\/upload.wikimedia.org\/wikipedia\/commons\/thumb\/8\/8f\/Matteo_Ricci_2.jpg\/200px-Matteo_Ricci_2.jpg\" width=\"299\"><\/a><\/td>\n<\/tr>\n<tr>\n<td>Matteo Ricci i kinesiska kl\u00e4der, han anpassar sig&#8230;<\/td>\n<\/tr>\n<\/tbody>\n<\/table>\n<div><\/div>\n<div><span>Den v\u00e4stliga kristna missionen har m\u00e5nga g\u00e5nger kritiserats och ofta med r\u00e4tta f\u00f6r att vara blind f\u00f6r sin egen kultur. M\u00e5nga g\u00e5nger har att bli kristen varit synonymt med att bli n\u00e5gon slags n\u00e4stanv\u00e4sterl\u00e4nning. I sydafrika kunde det till exempel h\u00e4nda att den som blev kristen f\u00f6rv\u00e4ntades b\u00f6rja g\u00e5 i byxor och sluta kl\u00e4 sig som en \u201dvilde\u201d.<\/span><\/div>\n<div><span><\/span><\/div>\n<div><span>Den kritiken \u00e4r ofta ber\u00e4ttigad men det finns vackra undantag i missionens historia. N\u00e5gra snabba nedslag i kyrkohistorien:<\/span><\/div>\n<div><span><\/span><\/div>\n<div><span>I den keltiska kyrkan (som jag kommer att skriva en hel del om inom kort) spreds evangeliet genom pilgrimsvandrande munkar. Dessa var kelter sj\u00e4lva och hade arbetat ut i sina egna liv vad det innebar f\u00f6r dem att vara b\u00e5de kelt och kristen samtidigt. Den keltiska kristendomen hade d\u00e4rf\u00f6r verkligen en fot i kulturen och en i den kristna teologin.<\/span><\/div>\n<div><span><\/span><\/div>\n<div><span>Om man som mission\u00e4r kommer fr\u00e5n en annan kultur blir det mer komplicerat men en del har varit b\u00e4ttre \u00e4n andra p\u00e5 att lyssna. Jag t\u00e4nker h\u00e4r till exempel p\u00e5 den tidiga jesuitmissionen d\u00e4r m\u00e4n som Matteo Ricci och Fracis Xavier reste till Kina och Japan och levde som en i den kulturen. Med kinesisk h\u00e5rpiska och mandarindr\u00e4kt f\u00f6r Ricci till exempel. Andra jesuiter arbetade p\u00e5 att bygga upp sm\u00e5 goda samh\u00e4llen i latinamerika som frodades s\u00e5 mycket att det v\u00e4ckte de girigare kolonisat\u00f6rernas avund. Om ni inte sett filmen \u201dthe mission\u201d som handlar om dessa byar s\u00e5 g\u00f6r det! Den \u00e4r ett m\u00e4sterverk!<\/span><\/div>\n<div><span><\/span><\/div>\n<div><span>Jesuiternas mission gick under ledordet \u201dinkulturation\u201d, som jag skrev i ett annat blogginl\u00e4gg m\u00e5ste den kristna tron f\u00e5 f\u00e4ste p\u00e5 olika s\u00e4tt i olika kulturer.<\/span><\/div>\n<div><span><\/span><\/div>\n<div><span>Slutligen t\u00e4nker jag p\u00e5 den m\u00e4rkliga boken \u201d<a href=\"http:\/\/www.adlibris.com\/se\/product.aspx?isbn=9173872407\">Driven av k\u00e4rlek<\/a>\u201d av Bruce Olsson. Den handlar om Bruces upplevelse av att vara kallad till Motillonfolket i regnskogen och hur han efter sv\u00e5ra vederm\u00f6dor lyckades knyta an till dem och dela sin tro med dem. Och sj\u00e4lv blev f\u00f6r\u00e4ndrad f\u00f6r livet. Det \u00e4r insatsen kan man s\u00e4ga.<\/span><\/div>\n","protected":false},"excerpt":{"rendered":"<p>Matteo Ricci i kinesiska kl\u00e4der, han anpassar sig&#8230; Den v\u00e4stliga kristna missionen har m\u00e5nga g\u00e5nger kritiserats och ofta med r\u00e4tta f\u00f6r att vara blind f\u00f6r sin egen kultur. M\u00e5nga g\u00e5nger har att bli kristen varit synonymt med att bli n\u00e5gon slags n\u00e4stanv\u00e4sterl\u00e4nning. I sydafrika kunde det till exempel h\u00e4nda att den som blev kristen f\u00f6rv\u00e4ntades [&hellip;]<\/p>\n","protected":false},"author":392,"featured_media":0,"comment_status":"open","ping_status":"open","sticky":false,"template":"","format":"standard","meta":{"_acf_changed":false,"footnotes":""},"categories":[8253,8287],"tags":[],"class_list":["post-880","post","type-post","status-publish","format-standard","hentry","category-bocker","category-mission"],"acf":[],"yoast_head":"<!-- This site is optimized with the Yoast SEO plugin v27.1.1 - https:\/\/yoast.com\/product\/yoast-seo-wordpress\/ -->\n<title>Mission med inkulturation - Vandra V\u00e4gen<\/title>\n<meta name=\"robots\" content=\"index, follow, max-snippet:-1, max-image-preview:large, max-video-preview:-1\" \/>\n<link rel=\"canonical\" href=\"https:\/\/blogg.svenskakyrkan.se\/vandravagen\/2012\/11\/13\/mission-med-inkulturation\/\" \/>\n<meta property=\"og:locale\" content=\"sv_SE\" \/>\n<meta property=\"og:type\" content=\"article\" \/>\n<meta property=\"og:title\" content=\"Mission med inkulturation - Vandra V\u00e4gen\" \/>\n<meta property=\"og:description\" content=\"Matteo Ricci i kinesiska kl\u00e4der, han anpassar sig&#8230; Den v\u00e4stliga kristna missionen har m\u00e5nga g\u00e5nger kritiserats och ofta med r\u00e4tta f\u00f6r att vara blind f\u00f6r sin egen kultur. M\u00e5nga g\u00e5nger har att bli kristen varit synonymt med att bli n\u00e5gon slags n\u00e4stanv\u00e4sterl\u00e4nning. I sydafrika kunde det till exempel h\u00e4nda att den som blev kristen f\u00f6rv\u00e4ntades [&hellip;]\" \/>\n<meta property=\"og:url\" content=\"https:\/\/blogg.svenskakyrkan.se\/vandravagen\/2012\/11\/13\/mission-med-inkulturation\/\" \/>\n<meta property=\"og:site_name\" content=\"Vandra V\u00e4gen\" \/>\n<meta property=\"article:publisher\" content=\"http:\/\/facebook.com\/vandravagen\" \/>\n<meta property=\"article:published_time\" content=\"2012-11-13T09:29:00+00:00\" \/>\n<meta property=\"og:image\" content=\"http:\/\/upload.wikimedia.org\/wikipedia\/commons\/thumb\/8\/8f\/Matteo_Ricci_2.jpg\/200px-Matteo_Ricci_2.jpg\" \/>\n<meta name=\"author\" content=\"Tomas Jarvid\" \/>\n<meta name=\"twitter:card\" content=\"summary_large_image\" \/>\n<meta name=\"twitter:creator\" content=\"@fadertomas\" \/>\n<meta name=\"twitter:site\" content=\"@fadertomas\" \/>\n<meta name=\"twitter:label1\" content=\"Skriven av\" \/>\n\t<meta name=\"twitter:data1\" content=\"Tomas Jarvid\" \/>\n\t<meta name=\"twitter:label2\" content=\"Ber\u00e4knad l\u00e4stid\" \/>\n\t<meta name=\"twitter:data2\" content=\"2 minuter\" \/>\n<script type=\"application\/ld+json\" class=\"yoast-schema-graph\">{\"@context\":\"https:\/\/schema.org\",\"@graph\":[{\"@type\":\"Article\",\"@id\":\"https:\/\/blogg.svenskakyrkan.se\/vandravagen\/2012\/11\/13\/mission-med-inkulturation\/#article\",\"isPartOf\":{\"@id\":\"https:\/\/blogg.svenskakyrkan.se\/vandravagen\/2012\/11\/13\/mission-med-inkulturation\/\"},\"author\":{\"name\":\"Tomas Jarvid\",\"@id\":\"https:\/\/blogg.svenskakyrkan.se\/vandravagen\/#\/schema\/person\/25da02d4f76b137d04291711e2c9fc16\"},\"headline\":\"Mission med inkulturation\",\"datePublished\":\"2012-11-13T09:29:00+00:00\",\"mainEntityOfPage\":{\"@id\":\"https:\/\/blogg.svenskakyrkan.se\/vandravagen\/2012\/11\/13\/mission-med-inkulturation\/\"},\"wordCount\":384,\"commentCount\":1,\"publisher\":{\"@id\":\"https:\/\/blogg.svenskakyrkan.se\/vandravagen\/#organization\"},\"image\":{\"@id\":\"https:\/\/blogg.svenskakyrkan.se\/vandravagen\/2012\/11\/13\/mission-med-inkulturation\/#primaryimage\"},\"thumbnailUrl\":\"http:\/\/upload.wikimedia.org\/wikipedia\/commons\/thumb\/8\/8f\/Matteo_Ricci_2.jpg\/200px-Matteo_Ricci_2.jpg\",\"articleSection\":[\"b\u00f6cker\",\"mission\"],\"inLanguage\":\"sv-SE\",\"potentialAction\":[{\"@type\":\"CommentAction\",\"name\":\"Comment\",\"target\":[\"https:\/\/blogg.svenskakyrkan.se\/vandravagen\/2012\/11\/13\/mission-med-inkulturation\/#respond\"]}]},{\"@type\":\"WebPage\",\"@id\":\"https:\/\/blogg.svenskakyrkan.se\/vandravagen\/2012\/11\/13\/mission-med-inkulturation\/\",\"url\":\"https:\/\/blogg.svenskakyrkan.se\/vandravagen\/2012\/11\/13\/mission-med-inkulturation\/\",\"name\":\"Mission med inkulturation - Vandra V\u00e4gen\",\"isPartOf\":{\"@id\":\"https:\/\/blogg.svenskakyrkan.se\/vandravagen\/#website\"},\"primaryImageOfPage\":{\"@id\":\"https:\/\/blogg.svenskakyrkan.se\/vandravagen\/2012\/11\/13\/mission-med-inkulturation\/#primaryimage\"},\"image\":{\"@id\":\"https:\/\/blogg.svenskakyrkan.se\/vandravagen\/2012\/11\/13\/mission-med-inkulturation\/#primaryimage\"},\"thumbnailUrl\":\"http:\/\/upload.wikimedia.org\/wikipedia\/commons\/thumb\/8\/8f\/Matteo_Ricci_2.jpg\/200px-Matteo_Ricci_2.jpg\",\"datePublished\":\"2012-11-13T09:29:00+00:00\",\"breadcrumb\":{\"@id\":\"https:\/\/blogg.svenskakyrkan.se\/vandravagen\/2012\/11\/13\/mission-med-inkulturation\/#breadcrumb\"},\"inLanguage\":\"sv-SE\",\"potentialAction\":[{\"@type\":\"ReadAction\",\"target\":[\"https:\/\/blogg.svenskakyrkan.se\/vandravagen\/2012\/11\/13\/mission-med-inkulturation\/\"]}]},{\"@type\":\"ImageObject\",\"inLanguage\":\"sv-SE\",\"@id\":\"https:\/\/blogg.svenskakyrkan.se\/vandravagen\/2012\/11\/13\/mission-med-inkulturation\/#primaryimage\",\"url\":\"http:\/\/upload.wikimedia.org\/wikipedia\/commons\/thumb\/8\/8f\/Matteo_Ricci_2.jpg\/200px-Matteo_Ricci_2.jpg\",\"contentUrl\":\"http:\/\/upload.wikimedia.org\/wikipedia\/commons\/thumb\/8\/8f\/Matteo_Ricci_2.jpg\/200px-Matteo_Ricci_2.jpg\"},{\"@type\":\"BreadcrumbList\",\"@id\":\"https:\/\/blogg.svenskakyrkan.se\/vandravagen\/2012\/11\/13\/mission-med-inkulturation\/#breadcrumb\",\"itemListElement\":[{\"@type\":\"ListItem\",\"position\":1,\"name\":\"Hem\",\"item\":\"https:\/\/blogg.svenskakyrkan.se\/vandravagen\/\"},{\"@type\":\"ListItem\",\"position\":2,\"name\":\"Mission med inkulturation\"}]},{\"@type\":\"WebSite\",\"@id\":\"https:\/\/blogg.svenskakyrkan.se\/vandravagen\/#website\",\"url\":\"https:\/\/blogg.svenskakyrkan.se\/vandravagen\/\",\"name\":\"Vandra V\u00e4gen\",\"description\":\"-Mot en tro f\u00f6r hela livet\",\"publisher\":{\"@id\":\"https:\/\/blogg.svenskakyrkan.se\/vandravagen\/#organization\"},\"potentialAction\":[{\"@type\":\"SearchAction\",\"target\":{\"@type\":\"EntryPoint\",\"urlTemplate\":\"https:\/\/blogg.svenskakyrkan.se\/vandravagen\/?s={search_term_string}\"},\"query-input\":{\"@type\":\"PropertyValueSpecification\",\"valueRequired\":true,\"valueName\":\"search_term_string\"}}],\"inLanguage\":\"sv-SE\"},{\"@type\":\"Organization\",\"@id\":\"https:\/\/blogg.svenskakyrkan.se\/vandravagen\/#organization\",\"name\":\"ulricehamns pastorat\",\"alternateName\":\"ulricehamns pastorat\",\"url\":\"https:\/\/blogg.svenskakyrkan.se\/vandravagen\/\",\"logo\":{\"@type\":\"ImageObject\",\"inLanguage\":\"sv-SE\",\"@id\":\"https:\/\/blogg.svenskakyrkan.se\/vandravagen\/#\/schema\/logo\/image\/\",\"url\":\"https:\/\/blogg.svenskakyrkan.se\/vandravagen\/files\/2023\/05\/Ulr_logo_RGB.png\",\"contentUrl\":\"https:\/\/blogg.svenskakyrkan.se\/vandravagen\/files\/2023\/05\/Ulr_logo_RGB.png\",\"width\":205,\"height\":77,\"caption\":\"ulricehamns pastorat\"},\"image\":{\"@id\":\"https:\/\/blogg.svenskakyrkan.se\/vandravagen\/#\/schema\/logo\/image\/\"},\"sameAs\":[\"http:\/\/facebook.com\/vandravagen\",\"https:\/\/x.com\/fadertomas\",\"http:\/\/www.facebook.com\/svenskakyrkaniulricehamn\"]},{\"@type\":\"Person\",\"@id\":\"https:\/\/blogg.svenskakyrkan.se\/vandravagen\/#\/schema\/person\/25da02d4f76b137d04291711e2c9fc16\",\"name\":\"Tomas Jarvid\",\"image\":{\"@type\":\"ImageObject\",\"inLanguage\":\"sv-SE\",\"@id\":\"https:\/\/blogg.svenskakyrkan.se\/vandravagen\/#\/schema\/person\/image\/\",\"url\":\"https:\/\/secure.gravatar.com\/avatar\/7fa71899795e8f540f615a1f5ab25255dc27aa40f05ee7ddd21aac521e01bf50?s=96&d=identicon&r=g\",\"contentUrl\":\"https:\/\/secure.gravatar.com\/avatar\/7fa71899795e8f540f615a1f5ab25255dc27aa40f05ee7ddd21aac521e01bf50?s=96&d=identicon&r=g\",\"caption\":\"Tomas Jarvid\"},\"description\":\"Jag bor i Ulricehamn i V\u00e4sterg\u00f6tland och \u00e4r f\u00f6rsamlingspr\u00e4st i Svenska Kyrkan f\u00f6r Dalstorps f\u00f6rsamling i Kinds pastorat. P\u00e5 den h\u00e4r bloggen skriver jag ner tankar om vandringen som kristen.\",\"sameAs\":[\"http:\/\/www.vandravagen.se\"],\"url\":\"https:\/\/blogg.svenskakyrkan.se\/vandravagen\/author\/vandravagen\/\"}]}<\/script>\n<!-- \/ Yoast SEO plugin. -->","yoast_head_json":{"title":"Mission med inkulturation - Vandra V\u00e4gen","robots":{"index":"index","follow":"follow","max-snippet":"max-snippet:-1","max-image-preview":"max-image-preview:large","max-video-preview":"max-video-preview:-1"},"canonical":"https:\/\/blogg.svenskakyrkan.se\/vandravagen\/2012\/11\/13\/mission-med-inkulturation\/","og_locale":"sv_SE","og_type":"article","og_title":"Mission med inkulturation - Vandra V\u00e4gen","og_description":"Matteo Ricci i kinesiska kl\u00e4der, han anpassar sig&#8230; Den v\u00e4stliga kristna missionen har m\u00e5nga g\u00e5nger kritiserats och ofta med r\u00e4tta f\u00f6r att vara blind f\u00f6r sin egen kultur. M\u00e5nga g\u00e5nger har att bli kristen varit synonymt med att bli n\u00e5gon slags n\u00e4stanv\u00e4sterl\u00e4nning. I sydafrika kunde det till exempel h\u00e4nda att den som blev kristen f\u00f6rv\u00e4ntades [&hellip;]","og_url":"https:\/\/blogg.svenskakyrkan.se\/vandravagen\/2012\/11\/13\/mission-med-inkulturation\/","og_site_name":"Vandra V\u00e4gen","article_publisher":"http:\/\/facebook.com\/vandravagen","article_published_time":"2012-11-13T09:29:00+00:00","og_image":[{"url":"http:\/\/upload.wikimedia.org\/wikipedia\/commons\/thumb\/8\/8f\/Matteo_Ricci_2.jpg\/200px-Matteo_Ricci_2.jpg","type":"","width":"","height":""}],"author":"Tomas Jarvid","twitter_card":"summary_large_image","twitter_creator":"@fadertomas","twitter_site":"@fadertomas","twitter_misc":{"Skriven av":"Tomas Jarvid","Ber\u00e4knad l\u00e4stid":"2 minuter"},"schema":{"@context":"https:\/\/schema.org","@graph":[{"@type":"Article","@id":"https:\/\/blogg.svenskakyrkan.se\/vandravagen\/2012\/11\/13\/mission-med-inkulturation\/#article","isPartOf":{"@id":"https:\/\/blogg.svenskakyrkan.se\/vandravagen\/2012\/11\/13\/mission-med-inkulturation\/"},"author":{"name":"Tomas Jarvid","@id":"https:\/\/blogg.svenskakyrkan.se\/vandravagen\/#\/schema\/person\/25da02d4f76b137d04291711e2c9fc16"},"headline":"Mission med inkulturation","datePublished":"2012-11-13T09:29:00+00:00","mainEntityOfPage":{"@id":"https:\/\/blogg.svenskakyrkan.se\/vandravagen\/2012\/11\/13\/mission-med-inkulturation\/"},"wordCount":384,"commentCount":1,"publisher":{"@id":"https:\/\/blogg.svenskakyrkan.se\/vandravagen\/#organization"},"image":{"@id":"https:\/\/blogg.svenskakyrkan.se\/vandravagen\/2012\/11\/13\/mission-med-inkulturation\/#primaryimage"},"thumbnailUrl":"http:\/\/upload.wikimedia.org\/wikipedia\/commons\/thumb\/8\/8f\/Matteo_Ricci_2.jpg\/200px-Matteo_Ricci_2.jpg","articleSection":["b\u00f6cker","mission"],"inLanguage":"sv-SE","potentialAction":[{"@type":"CommentAction","name":"Comment","target":["https:\/\/blogg.svenskakyrkan.se\/vandravagen\/2012\/11\/13\/mission-med-inkulturation\/#respond"]}]},{"@type":"WebPage","@id":"https:\/\/blogg.svenskakyrkan.se\/vandravagen\/2012\/11\/13\/mission-med-inkulturation\/","url":"https:\/\/blogg.svenskakyrkan.se\/vandravagen\/2012\/11\/13\/mission-med-inkulturation\/","name":"Mission med inkulturation - Vandra V\u00e4gen","isPartOf":{"@id":"https:\/\/blogg.svenskakyrkan.se\/vandravagen\/#website"},"primaryImageOfPage":{"@id":"https:\/\/blogg.svenskakyrkan.se\/vandravagen\/2012\/11\/13\/mission-med-inkulturation\/#primaryimage"},"image":{"@id":"https:\/\/blogg.svenskakyrkan.se\/vandravagen\/2012\/11\/13\/mission-med-inkulturation\/#primaryimage"},"thumbnailUrl":"http:\/\/upload.wikimedia.org\/wikipedia\/commons\/thumb\/8\/8f\/Matteo_Ricci_2.jpg\/200px-Matteo_Ricci_2.jpg","datePublished":"2012-11-13T09:29:00+00:00","breadcrumb":{"@id":"https:\/\/blogg.svenskakyrkan.se\/vandravagen\/2012\/11\/13\/mission-med-inkulturation\/#breadcrumb"},"inLanguage":"sv-SE","potentialAction":[{"@type":"ReadAction","target":["https:\/\/blogg.svenskakyrkan.se\/vandravagen\/2012\/11\/13\/mission-med-inkulturation\/"]}]},{"@type":"ImageObject","inLanguage":"sv-SE","@id":"https:\/\/blogg.svenskakyrkan.se\/vandravagen\/2012\/11\/13\/mission-med-inkulturation\/#primaryimage","url":"http:\/\/upload.wikimedia.org\/wikipedia\/commons\/thumb\/8\/8f\/Matteo_Ricci_2.jpg\/200px-Matteo_Ricci_2.jpg","contentUrl":"http:\/\/upload.wikimedia.org\/wikipedia\/commons\/thumb\/8\/8f\/Matteo_Ricci_2.jpg\/200px-Matteo_Ricci_2.jpg"},{"@type":"BreadcrumbList","@id":"https:\/\/blogg.svenskakyrkan.se\/vandravagen\/2012\/11\/13\/mission-med-inkulturation\/#breadcrumb","itemListElement":[{"@type":"ListItem","position":1,"name":"Hem","item":"https:\/\/blogg.svenskakyrkan.se\/vandravagen\/"},{"@type":"ListItem","position":2,"name":"Mission med inkulturation"}]},{"@type":"WebSite","@id":"https:\/\/blogg.svenskakyrkan.se\/vandravagen\/#website","url":"https:\/\/blogg.svenskakyrkan.se\/vandravagen\/","name":"Vandra V\u00e4gen","description":"-Mot en tro f\u00f6r hela livet","publisher":{"@id":"https:\/\/blogg.svenskakyrkan.se\/vandravagen\/#organization"},"potentialAction":[{"@type":"SearchAction","target":{"@type":"EntryPoint","urlTemplate":"https:\/\/blogg.svenskakyrkan.se\/vandravagen\/?s={search_term_string}"},"query-input":{"@type":"PropertyValueSpecification","valueRequired":true,"valueName":"search_term_string"}}],"inLanguage":"sv-SE"},{"@type":"Organization","@id":"https:\/\/blogg.svenskakyrkan.se\/vandravagen\/#organization","name":"ulricehamns pastorat","alternateName":"ulricehamns pastorat","url":"https:\/\/blogg.svenskakyrkan.se\/vandravagen\/","logo":{"@type":"ImageObject","inLanguage":"sv-SE","@id":"https:\/\/blogg.svenskakyrkan.se\/vandravagen\/#\/schema\/logo\/image\/","url":"https:\/\/blogg.svenskakyrkan.se\/vandravagen\/files\/2023\/05\/Ulr_logo_RGB.png","contentUrl":"https:\/\/blogg.svenskakyrkan.se\/vandravagen\/files\/2023\/05\/Ulr_logo_RGB.png","width":205,"height":77,"caption":"ulricehamns pastorat"},"image":{"@id":"https:\/\/blogg.svenskakyrkan.se\/vandravagen\/#\/schema\/logo\/image\/"},"sameAs":["http:\/\/facebook.com\/vandravagen","https:\/\/x.com\/fadertomas","http:\/\/www.facebook.com\/svenskakyrkaniulricehamn"]},{"@type":"Person","@id":"https:\/\/blogg.svenskakyrkan.se\/vandravagen\/#\/schema\/person\/25da02d4f76b137d04291711e2c9fc16","name":"Tomas Jarvid","image":{"@type":"ImageObject","inLanguage":"sv-SE","@id":"https:\/\/blogg.svenskakyrkan.se\/vandravagen\/#\/schema\/person\/image\/","url":"https:\/\/secure.gravatar.com\/avatar\/7fa71899795e8f540f615a1f5ab25255dc27aa40f05ee7ddd21aac521e01bf50?s=96&d=identicon&r=g","contentUrl":"https:\/\/secure.gravatar.com\/avatar\/7fa71899795e8f540f615a1f5ab25255dc27aa40f05ee7ddd21aac521e01bf50?s=96&d=identicon&r=g","caption":"Tomas Jarvid"},"description":"Jag bor i Ulricehamn i V\u00e4sterg\u00f6tland och \u00e4r f\u00f6rsamlingspr\u00e4st i Svenska Kyrkan f\u00f6r Dalstorps f\u00f6rsamling i Kinds pastorat. P\u00e5 den h\u00e4r bloggen skriver jag ner tankar om vandringen som kristen.","sameAs":["http:\/\/www.vandravagen.se"],"url":"https:\/\/blogg.svenskakyrkan.se\/vandravagen\/author\/vandravagen\/"}]}},"author_meta":{"ID":"392","user_nicename":"vandravagen","user_url":"http:\/\/www.vandravagen.se","user_registered":"2014-05-19 05:44:52","display_name":"Tomas Jarvid","first_name":"Tomas","last_name":"Jarvid","avatar":"https:\/\/secure.gravatar.com\/avatar\/7fa71899795e8f540f615a1f5ab25255dc27aa40f05ee7ddd21aac521e01bf50?s=96&d=identicon&r=g"},"featured_image":false,"bloginfo":{"name":"Vandra V\u00e4gen","url":"https:\/\/blogg.svenskakyrkan.se\/vandravagen"},"_links":{"self":[{"href":"https:\/\/blogg.svenskakyrkan.se\/vandravagen\/wp-json\/wp\/v2\/posts\/880","targetHints":{"allow":["GET"]}}],"collection":[{"href":"https:\/\/blogg.svenskakyrkan.se\/vandravagen\/wp-json\/wp\/v2\/posts"}],"about":[{"href":"https:\/\/blogg.svenskakyrkan.se\/vandravagen\/wp-json\/wp\/v2\/types\/post"}],"author":[{"embeddable":true,"href":"https:\/\/blogg.svenskakyrkan.se\/vandravagen\/wp-json\/wp\/v2\/users\/392"}],"replies":[{"embeddable":true,"href":"https:\/\/blogg.svenskakyrkan.se\/vandravagen\/wp-json\/wp\/v2\/comments?post=880"}],"version-history":[{"count":0,"href":"https:\/\/blogg.svenskakyrkan.se\/vandravagen\/wp-json\/wp\/v2\/posts\/880\/revisions"}],"wp:attachment":[{"href":"https:\/\/blogg.svenskakyrkan.se\/vandravagen\/wp-json\/wp\/v2\/media?parent=880"}],"wp:term":[{"taxonomy":"category","embeddable":true,"href":"https:\/\/blogg.svenskakyrkan.se\/vandravagen\/wp-json\/wp\/v2\/categories?post=880"},{"taxonomy":"post_tag","embeddable":true,"href":"https:\/\/blogg.svenskakyrkan.se\/vandravagen\/wp-json\/wp\/v2\/tags?post=880"}],"curies":[{"name":"wp","href":"https:\/\/api.w.org\/{rel}","templated":true}]}}