{"id":8801,"date":"2022-01-20T10:33:06","date_gmt":"2022-01-20T09:33:06","guid":{"rendered":"https:\/\/blogg.svenskakyrkan.se\/vandravagen\/?p=8801"},"modified":"2022-01-20T10:33:07","modified_gmt":"2022-01-20T09:33:07","slug":"en-kyrka-som-blir-yngre-med-aren","status":"publish","type":"post","link":"https:\/\/blogg.svenskakyrkan.se\/vandravagen\/2022\/01\/20\/en-kyrka-som-blir-yngre-med-aren\/","title":{"rendered":"En kyrka som blir yngre med \u00e5ren"},"content":{"rendered":"\n\n\n<figure class=\"wp-block-image size-large\"><img loading=\"lazy\" decoding=\"async\" width=\"750\" height=\"866\" src=\"https:\/\/blogg.svenskakyrkan.se\/vandravagen\/files\/2022\/01\/IMG_9752.jpg\" alt=\"\" class=\"wp-image-8803\" srcset=\"https:\/\/blogg.svenskakyrkan.se\/vandravagen\/files\/2022\/01\/IMG_9752.jpg 750w, https:\/\/blogg.svenskakyrkan.se\/vandravagen\/files\/2022\/01\/IMG_9752-300x346.jpg 300w\" sizes=\"auto, (max-width: 750px) 100vw, 750px\" \/><figcaption>Ocks\u00e5 en bild f\u00f6r kyrkan som kvinna. H\u00e4r Maria som breder sin bl\u00e5 kappa till skydd \u00f6ver alla fr\u00e5n de d\u00e4r fulingarna som springer runt och f\u00f6rs\u00f6ker komma \u00e5t dem.<\/figcaption><\/figure>\n\n\n\n<p>Som ni kanske minns l\u00e4ser jag mig l\u00e5ngsamt fram genom &#8221;De apostoliska f\u00e4derna&#8221;, en samling kristna skrifter fr\u00e5n tiden precis efter nya testamentets tillkomst. Till exempel skrev jag h\u00e4r om <a href=\"https:\/\/blogg.svenskakyrkan.se\/vandravagen\/2020\/11\/13\/ignatios-brev-till-filadelfierna\/\">&#8221;Ignatios brev till filadelfierna<\/a>&#8221;. <\/p>\n\n\n\n<p>Det som f\u00f6ljer ber\u00e4ttade jag f\u00f6rst p\u00e5 ren inspiration f\u00f6r mitt f\u00f6rsamlingsr\u00e5d i \u00c5sunden och s\u00e5 t\u00e4nkte jag det kan vara fint f\u00f6r fler att ta del av. <\/p>\n\n\n\n<p>Sist i samlingen finns en riktigt l\u00e5ng och ganska kr\u00e5nglig skrift som heter &#8221;Hermas herden&#8221; och som haft lite olika status i kyrkan under \u00e5rhundradena. D\u00e4r beskriver en person sina olika syner och gudomliga bud som han f\u00e5r ta emot och de uttolkningar han f\u00e5r av dem. D\u00e4r har jag st\u00f6tt p\u00e5 en serie syner som talade till mig.<\/p>\n\n\n\n<p>I en synerna f\u00e5r ber\u00e4ttaren se en kvinna i tre olika former. I den <strong>f\u00f6rsta <\/strong>\u00e4r hon <strong>mycket gammal <\/strong>och sitter p\u00e5 en stol. I den <strong>andra ser hon yngre ut <\/strong>och st\u00e5r upp men har en gammal m\u00e4nniskas hy och h\u00e5r. I den <strong>tredje <\/strong>\u00e4r hon <strong>helt ung<\/strong> och vacker och sitter p\u00e5 en b\u00e4nk men har alltj\u00e4mt en gammal m\u00e4nniskas h\u00e5r. <\/p>\n\n\n\n<p>Uttolkningen \u00e4r sedan att kvinnan \u00e4r kyrkan eller kanske ber\u00e4ttarens egen f\u00f6rsamling. Den har blivit gammal och tappat all ork eftersom den f\u00f6rsvagats i sitt hopp &#8221;p\u00e5 grund av er svaghet och tveh\u00e5gsenhet, n\u00e4r de gamla inte l\u00e4ngre har n\u00e5got hopp om att f\u00f6ryngras v\u00e4ntar de inte p\u00e5 n\u00e5got annat \u00e4n att avsomna&#8221;. Vardagens b\u00f6rdor har tr\u00f6ttat ut henne. F\u00f6r oss idag kan det vara lite ironiskt att se kyrkan d\u00e5 som gammal, nu \u00e4r den ju flera tusen \u00e5r \u00e4ldre.<\/p>\n\n\n\n<p>Men sedan blir allts\u00e5 kvinnan, kyrkan, yngre! Pl\u00f6tsligt har det h\u00e4nt goda saker och modet har \u00e5terv\u00e4nt, kraften fl\u00f6dade till igen! Och hon reser sig fr\u00e5n sin tr\u00f6tta stol. Sedan \u00e4r hon till slut s\u00e5 f\u00f6rnyad att hon gl\u00f6mt sina gamla sorger utan t\u00e4nker p\u00e5 det glada budskap hon f\u00e5tt. B\u00e4nken st\u00e5r f\u00f6r att hon sitter p\u00e5 en stadig grund. Styrkt i tron och hoppet av Gud.<\/p>\n\n\n\n<p>Jag tycker att det \u00e4r en syn som talar till mig. Kyrkan, eller ens egen tro f\u00f6r den delen, kan bli s\u00e5 modf\u00e4lld och tyngas ner av alla sina bekymmer. Vara gammal och tr\u00f6g och det k\u00e4nns som att den \u00e4r tynande och inte har n\u00e5gon framtid. Men s\u00e5 har det f\u00f6rst\u00e5s varit i m\u00e5nga tider i historien (eller v\u00e5rt liv) och sedan har det kommit n\u00e5gon f\u00f6rnyelser\u00f6relse som gjort att Guds Ande p\u00e5 nytt fyllt kyrkan med kraft och riktning och tro och hopp. Kyrkan har p\u00e5 ett s\u00e4tt alltid varit i kris f\u00f6r vi lever ju in denna ofullkomliga tillvaro men den har ocks\u00e5 alltid levt vidare och f\u00f6rnyats. <\/p>\n\n\n\n<p>Det f\u00e5r vara min b\u00f6n f\u00f6r min f\u00f6rsamling och f\u00f6r kyrkan att vi ska bli yngre med \u00e5ren. Fyllda med nytt mod men kanske med det gamla gr\u00e5a h\u00e5ret kvar och visdom som samlats genom \u00e5ren. I slut\u00e4ndan kommer det nya livet i kyrkan fr\u00e5n Gud sj\u00e4lv och fr\u00e5n att evangeliet blir levande f\u00f6r oss. <\/p>\n\n\n\n<p>Jag hittade de h\u00e4r orden i psaltaren som kan passa som b\u00f6n kring detta!<\/p>\n\n\n\n<blockquote class=\"wp-block-quote is-layout-flow wp-block-quote-is-layout-flow\"><p>Vill du inte ge oss liv igen, s\u00e5 att ditt folk kan gl\u00e4djas \u00f6ver dig? <\/p><p>Herre visa oss din godhet och ge oss din hj\u00e4lp! <\/p><cite>Psaltaren 85:7-8<\/cite><\/blockquote>\n","protected":false},"excerpt":{"rendered":"<p>Som ni kanske minns l\u00e4ser jag mig l\u00e5ngsamt fram genom &#8221;De apostoliska f\u00e4derna&#8221;, en samling kristna skrifter fr\u00e5n tiden precis efter nya testamentets tillkomst. Till exempel skrev jag h\u00e4r om &#8221;Ignatios brev till filadelfierna&#8221;. Det som f\u00f6ljer ber\u00e4ttade jag f\u00f6rst p\u00e5 ren inspiration f\u00f6r mitt f\u00f6rsamlingsr\u00e5d i \u00c5sunden och s\u00e5 t\u00e4nkte jag det kan vara [&hellip;]<\/p>\n","protected":false},"author":392,"featured_media":8803,"comment_status":"open","ping_status":"open","sticky":false,"template":"","format":"standard","meta":{"_acf_changed":false,"footnotes":""},"categories":[75887,83862,33559,80734,8337,33574],"tags":[],"class_list":["post-8801","post","type-post","status-publish","format-standard","has-post-thumbnail","hentry","category-andlighet","category-apostoliska-faderna","category-berattelser","category-helande","category-historia","category-kyrkan"],"acf":[],"yoast_head":"<!-- This site is optimized with the Yoast SEO plugin v27.1.1 - https:\/\/yoast.com\/product\/yoast-seo-wordpress\/ -->\n<title>En kyrka som blir yngre med \u00e5ren - Vandra V\u00e4gen<\/title>\n<meta name=\"robots\" content=\"index, follow, max-snippet:-1, max-image-preview:large, max-video-preview:-1\" \/>\n<link rel=\"canonical\" href=\"https:\/\/blogg.svenskakyrkan.se\/vandravagen\/2022\/01\/20\/en-kyrka-som-blir-yngre-med-aren\/\" \/>\n<meta property=\"og:locale\" content=\"sv_SE\" \/>\n<meta property=\"og:type\" content=\"article\" \/>\n<meta property=\"og:title\" content=\"En kyrka som blir yngre med \u00e5ren - Vandra V\u00e4gen\" \/>\n<meta property=\"og:description\" content=\"Som ni kanske minns l\u00e4ser jag mig l\u00e5ngsamt fram genom &#8221;De apostoliska f\u00e4derna&#8221;, en samling kristna skrifter fr\u00e5n tiden precis efter nya testamentets tillkomst. Till exempel skrev jag h\u00e4r om &#8221;Ignatios brev till filadelfierna&#8221;. Det som f\u00f6ljer ber\u00e4ttade jag f\u00f6rst p\u00e5 ren inspiration f\u00f6r mitt f\u00f6rsamlingsr\u00e5d i \u00c5sunden och s\u00e5 t\u00e4nkte jag det kan vara [&hellip;]\" \/>\n<meta property=\"og:url\" content=\"https:\/\/blogg.svenskakyrkan.se\/vandravagen\/2022\/01\/20\/en-kyrka-som-blir-yngre-med-aren\/\" \/>\n<meta property=\"og:site_name\" content=\"Vandra V\u00e4gen\" \/>\n<meta property=\"article:publisher\" content=\"http:\/\/facebook.com\/vandravagen\" \/>\n<meta property=\"article:published_time\" content=\"2022-01-20T09:33:06+00:00\" \/>\n<meta property=\"article:modified_time\" content=\"2022-01-20T09:33:07+00:00\" \/>\n<meta property=\"og:image\" content=\"https:\/\/blogg.svenskakyrkan.se\/vandravagen\/files\/2022\/01\/IMG_9752.jpg\" \/>\n\t<meta property=\"og:image:width\" content=\"750\" \/>\n\t<meta property=\"og:image:height\" content=\"866\" \/>\n\t<meta property=\"og:image:type\" content=\"image\/jpeg\" \/>\n<meta name=\"author\" content=\"Tomas Jarvid\" \/>\n<meta name=\"twitter:card\" content=\"summary_large_image\" \/>\n<meta name=\"twitter:creator\" content=\"@fadertomas\" \/>\n<meta name=\"twitter:site\" content=\"@fadertomas\" \/>\n<meta name=\"twitter:label1\" content=\"Skriven av\" \/>\n\t<meta name=\"twitter:data1\" content=\"Tomas Jarvid\" \/>\n\t<meta name=\"twitter:label2\" content=\"Ber\u00e4knad l\u00e4stid\" \/>\n\t<meta name=\"twitter:data2\" content=\"3 minuter\" \/>\n<script type=\"application\/ld+json\" class=\"yoast-schema-graph\">{\"@context\":\"https:\/\/schema.org\",\"@graph\":[{\"@type\":\"Article\",\"@id\":\"https:\/\/blogg.svenskakyrkan.se\/vandravagen\/2022\/01\/20\/en-kyrka-som-blir-yngre-med-aren\/#article\",\"isPartOf\":{\"@id\":\"https:\/\/blogg.svenskakyrkan.se\/vandravagen\/2022\/01\/20\/en-kyrka-som-blir-yngre-med-aren\/\"},\"author\":{\"name\":\"Tomas Jarvid\",\"@id\":\"https:\/\/blogg.svenskakyrkan.se\/vandravagen\/#\/schema\/person\/25da02d4f76b137d04291711e2c9fc16\"},\"headline\":\"En kyrka som blir yngre med \u00e5ren\",\"datePublished\":\"2022-01-20T09:33:06+00:00\",\"dateModified\":\"2022-01-20T09:33:07+00:00\",\"mainEntityOfPage\":{\"@id\":\"https:\/\/blogg.svenskakyrkan.se\/vandravagen\/2022\/01\/20\/en-kyrka-som-blir-yngre-med-aren\/\"},\"wordCount\":669,\"commentCount\":3,\"publisher\":{\"@id\":\"https:\/\/blogg.svenskakyrkan.se\/vandravagen\/#organization\"},\"image\":{\"@id\":\"https:\/\/blogg.svenskakyrkan.se\/vandravagen\/2022\/01\/20\/en-kyrka-som-blir-yngre-med-aren\/#primaryimage\"},\"thumbnailUrl\":\"https:\/\/blogg.svenskakyrkan.se\/vandravagen\/files\/2022\/01\/IMG_9752.jpg\",\"articleSection\":[\"andlighet\",\"apostoliska f\u00e4derna\",\"ber\u00e4ttelser\",\"helande\",\"historia\",\"kyrkan\"],\"inLanguage\":\"sv-SE\",\"potentialAction\":[{\"@type\":\"CommentAction\",\"name\":\"Comment\",\"target\":[\"https:\/\/blogg.svenskakyrkan.se\/vandravagen\/2022\/01\/20\/en-kyrka-som-blir-yngre-med-aren\/#respond\"]}]},{\"@type\":\"WebPage\",\"@id\":\"https:\/\/blogg.svenskakyrkan.se\/vandravagen\/2022\/01\/20\/en-kyrka-som-blir-yngre-med-aren\/\",\"url\":\"https:\/\/blogg.svenskakyrkan.se\/vandravagen\/2022\/01\/20\/en-kyrka-som-blir-yngre-med-aren\/\",\"name\":\"En kyrka som blir yngre med \u00e5ren - Vandra V\u00e4gen\",\"isPartOf\":{\"@id\":\"https:\/\/blogg.svenskakyrkan.se\/vandravagen\/#website\"},\"primaryImageOfPage\":{\"@id\":\"https:\/\/blogg.svenskakyrkan.se\/vandravagen\/2022\/01\/20\/en-kyrka-som-blir-yngre-med-aren\/#primaryimage\"},\"image\":{\"@id\":\"https:\/\/blogg.svenskakyrkan.se\/vandravagen\/2022\/01\/20\/en-kyrka-som-blir-yngre-med-aren\/#primaryimage\"},\"thumbnailUrl\":\"https:\/\/blogg.svenskakyrkan.se\/vandravagen\/files\/2022\/01\/IMG_9752.jpg\",\"datePublished\":\"2022-01-20T09:33:06+00:00\",\"dateModified\":\"2022-01-20T09:33:07+00:00\",\"breadcrumb\":{\"@id\":\"https:\/\/blogg.svenskakyrkan.se\/vandravagen\/2022\/01\/20\/en-kyrka-som-blir-yngre-med-aren\/#breadcrumb\"},\"inLanguage\":\"sv-SE\",\"potentialAction\":[{\"@type\":\"ReadAction\",\"target\":[\"https:\/\/blogg.svenskakyrkan.se\/vandravagen\/2022\/01\/20\/en-kyrka-som-blir-yngre-med-aren\/\"]}]},{\"@type\":\"ImageObject\",\"inLanguage\":\"sv-SE\",\"@id\":\"https:\/\/blogg.svenskakyrkan.se\/vandravagen\/2022\/01\/20\/en-kyrka-som-blir-yngre-med-aren\/#primaryimage\",\"url\":\"https:\/\/blogg.svenskakyrkan.se\/vandravagen\/files\/2022\/01\/IMG_9752.jpg\",\"contentUrl\":\"https:\/\/blogg.svenskakyrkan.se\/vandravagen\/files\/2022\/01\/IMG_9752.jpg\",\"width\":750,\"height\":866},{\"@type\":\"BreadcrumbList\",\"@id\":\"https:\/\/blogg.svenskakyrkan.se\/vandravagen\/2022\/01\/20\/en-kyrka-som-blir-yngre-med-aren\/#breadcrumb\",\"itemListElement\":[{\"@type\":\"ListItem\",\"position\":1,\"name\":\"Hem\",\"item\":\"https:\/\/blogg.svenskakyrkan.se\/vandravagen\/\"},{\"@type\":\"ListItem\",\"position\":2,\"name\":\"En kyrka som blir yngre med \u00e5ren\"}]},{\"@type\":\"WebSite\",\"@id\":\"https:\/\/blogg.svenskakyrkan.se\/vandravagen\/#website\",\"url\":\"https:\/\/blogg.svenskakyrkan.se\/vandravagen\/\",\"name\":\"Vandra V\u00e4gen\",\"description\":\"-Mot en tro f\u00f6r hela livet\",\"publisher\":{\"@id\":\"https:\/\/blogg.svenskakyrkan.se\/vandravagen\/#organization\"},\"potentialAction\":[{\"@type\":\"SearchAction\",\"target\":{\"@type\":\"EntryPoint\",\"urlTemplate\":\"https:\/\/blogg.svenskakyrkan.se\/vandravagen\/?s={search_term_string}\"},\"query-input\":{\"@type\":\"PropertyValueSpecification\",\"valueRequired\":true,\"valueName\":\"search_term_string\"}}],\"inLanguage\":\"sv-SE\"},{\"@type\":\"Organization\",\"@id\":\"https:\/\/blogg.svenskakyrkan.se\/vandravagen\/#organization\",\"name\":\"ulricehamns pastorat\",\"alternateName\":\"ulricehamns pastorat\",\"url\":\"https:\/\/blogg.svenskakyrkan.se\/vandravagen\/\",\"logo\":{\"@type\":\"ImageObject\",\"inLanguage\":\"sv-SE\",\"@id\":\"https:\/\/blogg.svenskakyrkan.se\/vandravagen\/#\/schema\/logo\/image\/\",\"url\":\"https:\/\/blogg.svenskakyrkan.se\/vandravagen\/files\/2023\/05\/Ulr_logo_RGB.png\",\"contentUrl\":\"https:\/\/blogg.svenskakyrkan.se\/vandravagen\/files\/2023\/05\/Ulr_logo_RGB.png\",\"width\":205,\"height\":77,\"caption\":\"ulricehamns pastorat\"},\"image\":{\"@id\":\"https:\/\/blogg.svenskakyrkan.se\/vandravagen\/#\/schema\/logo\/image\/\"},\"sameAs\":[\"http:\/\/facebook.com\/vandravagen\",\"https:\/\/x.com\/fadertomas\",\"http:\/\/www.facebook.com\/svenskakyrkaniulricehamn\"]},{\"@type\":\"Person\",\"@id\":\"https:\/\/blogg.svenskakyrkan.se\/vandravagen\/#\/schema\/person\/25da02d4f76b137d04291711e2c9fc16\",\"name\":\"Tomas Jarvid\",\"image\":{\"@type\":\"ImageObject\",\"inLanguage\":\"sv-SE\",\"@id\":\"https:\/\/blogg.svenskakyrkan.se\/vandravagen\/#\/schema\/person\/image\/\",\"url\":\"https:\/\/secure.gravatar.com\/avatar\/7fa71899795e8f540f615a1f5ab25255dc27aa40f05ee7ddd21aac521e01bf50?s=96&d=identicon&r=g\",\"contentUrl\":\"https:\/\/secure.gravatar.com\/avatar\/7fa71899795e8f540f615a1f5ab25255dc27aa40f05ee7ddd21aac521e01bf50?s=96&d=identicon&r=g\",\"caption\":\"Tomas Jarvid\"},\"description\":\"Jag bor i Ulricehamn i V\u00e4sterg\u00f6tland och \u00e4r f\u00f6rsamlingspr\u00e4st i Svenska Kyrkan f\u00f6r Dalstorps f\u00f6rsamling i Kinds pastorat. P\u00e5 den h\u00e4r bloggen skriver jag ner tankar om vandringen som kristen.\",\"sameAs\":[\"http:\/\/www.vandravagen.se\"],\"url\":\"https:\/\/blogg.svenskakyrkan.se\/vandravagen\/author\/vandravagen\/\"}]}<\/script>\n<!-- \/ Yoast SEO plugin. -->","yoast_head_json":{"title":"En kyrka som blir yngre med \u00e5ren - Vandra V\u00e4gen","robots":{"index":"index","follow":"follow","max-snippet":"max-snippet:-1","max-image-preview":"max-image-preview:large","max-video-preview":"max-video-preview:-1"},"canonical":"https:\/\/blogg.svenskakyrkan.se\/vandravagen\/2022\/01\/20\/en-kyrka-som-blir-yngre-med-aren\/","og_locale":"sv_SE","og_type":"article","og_title":"En kyrka som blir yngre med \u00e5ren - Vandra V\u00e4gen","og_description":"Som ni kanske minns l\u00e4ser jag mig l\u00e5ngsamt fram genom &#8221;De apostoliska f\u00e4derna&#8221;, en samling kristna skrifter fr\u00e5n tiden precis efter nya testamentets tillkomst. Till exempel skrev jag h\u00e4r om &#8221;Ignatios brev till filadelfierna&#8221;. Det som f\u00f6ljer ber\u00e4ttade jag f\u00f6rst p\u00e5 ren inspiration f\u00f6r mitt f\u00f6rsamlingsr\u00e5d i \u00c5sunden och s\u00e5 t\u00e4nkte jag det kan vara [&hellip;]","og_url":"https:\/\/blogg.svenskakyrkan.se\/vandravagen\/2022\/01\/20\/en-kyrka-som-blir-yngre-med-aren\/","og_site_name":"Vandra V\u00e4gen","article_publisher":"http:\/\/facebook.com\/vandravagen","article_published_time":"2022-01-20T09:33:06+00:00","article_modified_time":"2022-01-20T09:33:07+00:00","og_image":[{"width":750,"height":866,"url":"https:\/\/blogg.svenskakyrkan.se\/vandravagen\/files\/2022\/01\/IMG_9752.jpg","type":"image\/jpeg"}],"author":"Tomas Jarvid","twitter_card":"summary_large_image","twitter_creator":"@fadertomas","twitter_site":"@fadertomas","twitter_misc":{"Skriven av":"Tomas Jarvid","Ber\u00e4knad l\u00e4stid":"3 minuter"},"schema":{"@context":"https:\/\/schema.org","@graph":[{"@type":"Article","@id":"https:\/\/blogg.svenskakyrkan.se\/vandravagen\/2022\/01\/20\/en-kyrka-som-blir-yngre-med-aren\/#article","isPartOf":{"@id":"https:\/\/blogg.svenskakyrkan.se\/vandravagen\/2022\/01\/20\/en-kyrka-som-blir-yngre-med-aren\/"},"author":{"name":"Tomas Jarvid","@id":"https:\/\/blogg.svenskakyrkan.se\/vandravagen\/#\/schema\/person\/25da02d4f76b137d04291711e2c9fc16"},"headline":"En kyrka som blir yngre med \u00e5ren","datePublished":"2022-01-20T09:33:06+00:00","dateModified":"2022-01-20T09:33:07+00:00","mainEntityOfPage":{"@id":"https:\/\/blogg.svenskakyrkan.se\/vandravagen\/2022\/01\/20\/en-kyrka-som-blir-yngre-med-aren\/"},"wordCount":669,"commentCount":3,"publisher":{"@id":"https:\/\/blogg.svenskakyrkan.se\/vandravagen\/#organization"},"image":{"@id":"https:\/\/blogg.svenskakyrkan.se\/vandravagen\/2022\/01\/20\/en-kyrka-som-blir-yngre-med-aren\/#primaryimage"},"thumbnailUrl":"https:\/\/blogg.svenskakyrkan.se\/vandravagen\/files\/2022\/01\/IMG_9752.jpg","articleSection":["andlighet","apostoliska f\u00e4derna","ber\u00e4ttelser","helande","historia","kyrkan"],"inLanguage":"sv-SE","potentialAction":[{"@type":"CommentAction","name":"Comment","target":["https:\/\/blogg.svenskakyrkan.se\/vandravagen\/2022\/01\/20\/en-kyrka-som-blir-yngre-med-aren\/#respond"]}]},{"@type":"WebPage","@id":"https:\/\/blogg.svenskakyrkan.se\/vandravagen\/2022\/01\/20\/en-kyrka-som-blir-yngre-med-aren\/","url":"https:\/\/blogg.svenskakyrkan.se\/vandravagen\/2022\/01\/20\/en-kyrka-som-blir-yngre-med-aren\/","name":"En kyrka som blir yngre med \u00e5ren - Vandra V\u00e4gen","isPartOf":{"@id":"https:\/\/blogg.svenskakyrkan.se\/vandravagen\/#website"},"primaryImageOfPage":{"@id":"https:\/\/blogg.svenskakyrkan.se\/vandravagen\/2022\/01\/20\/en-kyrka-som-blir-yngre-med-aren\/#primaryimage"},"image":{"@id":"https:\/\/blogg.svenskakyrkan.se\/vandravagen\/2022\/01\/20\/en-kyrka-som-blir-yngre-med-aren\/#primaryimage"},"thumbnailUrl":"https:\/\/blogg.svenskakyrkan.se\/vandravagen\/files\/2022\/01\/IMG_9752.jpg","datePublished":"2022-01-20T09:33:06+00:00","dateModified":"2022-01-20T09:33:07+00:00","breadcrumb":{"@id":"https:\/\/blogg.svenskakyrkan.se\/vandravagen\/2022\/01\/20\/en-kyrka-som-blir-yngre-med-aren\/#breadcrumb"},"inLanguage":"sv-SE","potentialAction":[{"@type":"ReadAction","target":["https:\/\/blogg.svenskakyrkan.se\/vandravagen\/2022\/01\/20\/en-kyrka-som-blir-yngre-med-aren\/"]}]},{"@type":"ImageObject","inLanguage":"sv-SE","@id":"https:\/\/blogg.svenskakyrkan.se\/vandravagen\/2022\/01\/20\/en-kyrka-som-blir-yngre-med-aren\/#primaryimage","url":"https:\/\/blogg.svenskakyrkan.se\/vandravagen\/files\/2022\/01\/IMG_9752.jpg","contentUrl":"https:\/\/blogg.svenskakyrkan.se\/vandravagen\/files\/2022\/01\/IMG_9752.jpg","width":750,"height":866},{"@type":"BreadcrumbList","@id":"https:\/\/blogg.svenskakyrkan.se\/vandravagen\/2022\/01\/20\/en-kyrka-som-blir-yngre-med-aren\/#breadcrumb","itemListElement":[{"@type":"ListItem","position":1,"name":"Hem","item":"https:\/\/blogg.svenskakyrkan.se\/vandravagen\/"},{"@type":"ListItem","position":2,"name":"En kyrka som blir yngre med \u00e5ren"}]},{"@type":"WebSite","@id":"https:\/\/blogg.svenskakyrkan.se\/vandravagen\/#website","url":"https:\/\/blogg.svenskakyrkan.se\/vandravagen\/","name":"Vandra V\u00e4gen","description":"-Mot en tro f\u00f6r hela livet","publisher":{"@id":"https:\/\/blogg.svenskakyrkan.se\/vandravagen\/#organization"},"potentialAction":[{"@type":"SearchAction","target":{"@type":"EntryPoint","urlTemplate":"https:\/\/blogg.svenskakyrkan.se\/vandravagen\/?s={search_term_string}"},"query-input":{"@type":"PropertyValueSpecification","valueRequired":true,"valueName":"search_term_string"}}],"inLanguage":"sv-SE"},{"@type":"Organization","@id":"https:\/\/blogg.svenskakyrkan.se\/vandravagen\/#organization","name":"ulricehamns pastorat","alternateName":"ulricehamns pastorat","url":"https:\/\/blogg.svenskakyrkan.se\/vandravagen\/","logo":{"@type":"ImageObject","inLanguage":"sv-SE","@id":"https:\/\/blogg.svenskakyrkan.se\/vandravagen\/#\/schema\/logo\/image\/","url":"https:\/\/blogg.svenskakyrkan.se\/vandravagen\/files\/2023\/05\/Ulr_logo_RGB.png","contentUrl":"https:\/\/blogg.svenskakyrkan.se\/vandravagen\/files\/2023\/05\/Ulr_logo_RGB.png","width":205,"height":77,"caption":"ulricehamns pastorat"},"image":{"@id":"https:\/\/blogg.svenskakyrkan.se\/vandravagen\/#\/schema\/logo\/image\/"},"sameAs":["http:\/\/facebook.com\/vandravagen","https:\/\/x.com\/fadertomas","http:\/\/www.facebook.com\/svenskakyrkaniulricehamn"]},{"@type":"Person","@id":"https:\/\/blogg.svenskakyrkan.se\/vandravagen\/#\/schema\/person\/25da02d4f76b137d04291711e2c9fc16","name":"Tomas Jarvid","image":{"@type":"ImageObject","inLanguage":"sv-SE","@id":"https:\/\/blogg.svenskakyrkan.se\/vandravagen\/#\/schema\/person\/image\/","url":"https:\/\/secure.gravatar.com\/avatar\/7fa71899795e8f540f615a1f5ab25255dc27aa40f05ee7ddd21aac521e01bf50?s=96&d=identicon&r=g","contentUrl":"https:\/\/secure.gravatar.com\/avatar\/7fa71899795e8f540f615a1f5ab25255dc27aa40f05ee7ddd21aac521e01bf50?s=96&d=identicon&r=g","caption":"Tomas Jarvid"},"description":"Jag bor i Ulricehamn i V\u00e4sterg\u00f6tland och \u00e4r f\u00f6rsamlingspr\u00e4st i Svenska Kyrkan f\u00f6r Dalstorps f\u00f6rsamling i Kinds pastorat. P\u00e5 den h\u00e4r bloggen skriver jag ner tankar om vandringen som kristen.","sameAs":["http:\/\/www.vandravagen.se"],"url":"https:\/\/blogg.svenskakyrkan.se\/vandravagen\/author\/vandravagen\/"}]}},"author_meta":{"ID":"392","user_nicename":"vandravagen","user_url":"http:\/\/www.vandravagen.se","user_registered":"2014-05-19 05:44:52","display_name":"Tomas Jarvid","first_name":"Tomas","last_name":"Jarvid","avatar":"https:\/\/secure.gravatar.com\/avatar\/7fa71899795e8f540f615a1f5ab25255dc27aa40f05ee7ddd21aac521e01bf50?s=96&d=identicon&r=g"},"featured_image":["https:\/\/blogg.svenskakyrkan.se\/vandravagen\/files\/2022\/01\/IMG_9752.jpg",750,866,false],"bloginfo":{"name":"Vandra V\u00e4gen","url":"https:\/\/blogg.svenskakyrkan.se\/vandravagen"},"_links":{"self":[{"href":"https:\/\/blogg.svenskakyrkan.se\/vandravagen\/wp-json\/wp\/v2\/posts\/8801","targetHints":{"allow":["GET"]}}],"collection":[{"href":"https:\/\/blogg.svenskakyrkan.se\/vandravagen\/wp-json\/wp\/v2\/posts"}],"about":[{"href":"https:\/\/blogg.svenskakyrkan.se\/vandravagen\/wp-json\/wp\/v2\/types\/post"}],"author":[{"embeddable":true,"href":"https:\/\/blogg.svenskakyrkan.se\/vandravagen\/wp-json\/wp\/v2\/users\/392"}],"replies":[{"embeddable":true,"href":"https:\/\/blogg.svenskakyrkan.se\/vandravagen\/wp-json\/wp\/v2\/comments?post=8801"}],"version-history":[{"count":2,"href":"https:\/\/blogg.svenskakyrkan.se\/vandravagen\/wp-json\/wp\/v2\/posts\/8801\/revisions"}],"predecessor-version":[{"id":8804,"href":"https:\/\/blogg.svenskakyrkan.se\/vandravagen\/wp-json\/wp\/v2\/posts\/8801\/revisions\/8804"}],"wp:featuredmedia":[{"embeddable":true,"href":"https:\/\/blogg.svenskakyrkan.se\/vandravagen\/wp-json\/wp\/v2\/media\/8803"}],"wp:attachment":[{"href":"https:\/\/blogg.svenskakyrkan.se\/vandravagen\/wp-json\/wp\/v2\/media?parent=8801"}],"wp:term":[{"taxonomy":"category","embeddable":true,"href":"https:\/\/blogg.svenskakyrkan.se\/vandravagen\/wp-json\/wp\/v2\/categories?post=8801"},{"taxonomy":"post_tag","embeddable":true,"href":"https:\/\/blogg.svenskakyrkan.se\/vandravagen\/wp-json\/wp\/v2\/tags?post=8801"}],"curies":[{"name":"wp","href":"https:\/\/api.w.org\/{rel}","templated":true}]}}