{"id":8809,"date":"2022-01-26T09:23:17","date_gmt":"2022-01-26T08:23:17","guid":{"rendered":"https:\/\/blogg.svenskakyrkan.se\/vandravagen\/?p=8809"},"modified":"2022-01-26T09:23:18","modified_gmt":"2022-01-26T08:23:18","slug":"en-som-sagt-mig-allt-som-jag-har-gjort","status":"publish","type":"post","link":"https:\/\/blogg.svenskakyrkan.se\/vandravagen\/2022\/01\/26\/en-som-sagt-mig-allt-som-jag-har-gjort\/","title":{"rendered":"En som sagt mig allt som jag har gjort"},"content":{"rendered":"\n\n\n<figure class=\"wp-block-image size-large\"><img loading=\"lazy\" decoding=\"async\" width=\"1024\" height=\"706\" src=\"https:\/\/blogg.svenskakyrkan.se\/vandravagen\/files\/2022\/01\/IMG_4379-1024x706.jpg\" alt=\"\" class=\"wp-image-8811\" srcset=\"https:\/\/blogg.svenskakyrkan.se\/vandravagen\/files\/2022\/01\/IMG_4379-1024x706.jpg 1024w, https:\/\/blogg.svenskakyrkan.se\/vandravagen\/files\/2022\/01\/IMG_4379-300x207.jpg 300w, https:\/\/blogg.svenskakyrkan.se\/vandravagen\/files\/2022\/01\/IMG_4379-768x530.jpg 768w, https:\/\/blogg.svenskakyrkan.se\/vandravagen\/files\/2022\/01\/IMG_4379-1200x828.jpg 1200w, https:\/\/blogg.svenskakyrkan.se\/vandravagen\/files\/2022\/01\/IMG_4379.jpg 1521w\" sizes=\"auto, (max-width: 1024px) 100vw, 1024px\" \/><figcaption>&#8221;En som sagt mig allt jag gjort&#8221; hade ju kunnat vara en skr\u00e4mmande anklagande r\u00f6st ocks\u00e5! Men inte n\u00e4r det \u00e4r Jesus som talar.<\/figcaption><\/figure>\n\n\n\n<p>I f\u00f6rra veckan publicerades den h\u00e4r p\u00e5 bloggen &#8221;tankar inf\u00f6r helgen&#8221; men min vana trogen l\u00e4gger jag texten h\u00e4r ocks\u00e5 ifall jag n\u00e5r n\u00e5gon ytterligare p\u00e5 det s\u00e4ttet.<\/p>\n\n\n\n<p><strong>Jesus skapar tro<\/strong><\/p>\n\n\n\n<p>I denna s\u00f6ndags bibeltext ur Johannesevangeliet finns n\u00e5gra ord som betyder mycket f\u00f6r mig. En ensam kvinna vid Sykars brunn har talat med Jesus och skyndar sedan f\u00f6r att ber\u00e4tta om det f\u00f6r de andra i byn. Hon s\u00e4ger:<\/p>\n\n\n\n<p>\u201dKom s\u00e5 f\u00e5r ni se en man som har sagt mig allt som jag har gjort. Kan han vara Messias?\u201d<\/p>\n\n\n\n<p>Hon hade blivit genomsk\u00e5dad av Jesus. N\u00e4r de pratade m\u00e4rkte hon att han visste allt om henne. Och det var inte n\u00e5got vidare l\u00e4tt liv hon levde. Alla som har k\u00e4nt av skam \u00f6ver n\u00e5got i sitt liv vet att man g\u00e4rna g\u00f6mmer det man sk\u00e4ms \u00f6ver. Man vill f\u00f6r allt i v\u00e4rlden inte att n\u00e5gon ska f\u00e5 veta om ens trassliga relationer eller ensamhet eller vad det nu kan vara. S\u00e5 var det s\u00e4kert f\u00f6r kvinnan vid Sykar ocks\u00e5 men nu hade hon allts\u00e5 \u00e4nd\u00e5 blivit genomsk\u00e5dad. Och det var fantastiskt! Egentligen l\u00e4ngtar vi ju mer \u00e4n n\u00e5got annat efter just det. Att bli sedda och h\u00f6rda. Inte beh\u00f6va vara p\u00e5 n\u00e5got s\u00e4rskilt s\u00e4tt f\u00f6r att f\u00e5 lov att vara med. Men vi har ocks\u00e5 alla l\u00e4rt oss att det g\u00f6r ont att bli d\u00f6md av den vi sl\u00e4ppt n\u00e4ra. Att det \u00e4r farligt att ge bort information som andra kan anv\u00e4nda som vapen mot oss. S\u00e5 vi d\u00f6ljer v\u00e5ra skamfulla hemligheter f\u00f6r varandra och ibland har vi nog inget b\u00e4ttre alternativ.<\/p>\n\n\n\n<p>Med Jesus var det tydligen v\u00e4ldigt annorlunda. N\u00e4r han genomsk\u00e5dade henne och visste allt om henne var det n\u00e5got gott! Det kom ingen dom. Ist\u00e4llet f\u00f6r att s\u00e5ra helade han. Det var ofarligt att han visste allt om henne f\u00f6r han ville henne v\u00e4l.<\/p>\n\n\n\n<p>De andra i byn hade nog en ganska klar uppfattning om vad \u201dallt hon gjort\u201d innebar.&nbsp; Vi kan misst\u00e4nka av ber\u00e4ttelsen att hon var ganska illa sedd. Nu flockades grannarna kring henne och kring Jesus. De fick honom att stanna i flera dagar i byn s\u00e5 att fler fick tala med honom och de \u201dkom till tro\u201d. De sa \u201dNu \u00e4r det inte l\u00e4ngre vad du har sagt som f\u00e5r oss att tro. Vi har sj\u00e4lva h\u00f6rt honom och vet att han verkligen \u00e4r v\u00e4rldens fr\u00e4lsare\u201d.<\/p>\n\n\n\n<p>Att \u201dkomma till tro\u201d handlade f\u00f6r deras del om att l\u00e4ra k\u00e4nna Jesus och hoppas p\u00e5 honom. Och s\u00e5 \u00e4r det str\u00e4ngt taget ocks\u00e5 f\u00f6r oss. En sida av att tro har f\u00f6rst\u00e5s med trons inneh\u00e5ll att g\u00f6ra. Att det finns en Gud som \u00e4r skapare och fr\u00e4lsare och verkar i v\u00e4rlden med sin heliga Ande. En annan sida \u00e4r att lita p\u00e5 att Gud \u00e4r min Gud. Den tron v\u00e4xer fram i m\u00f6tet med Jesus.<\/p>\n\n\n\n<p>Tro stavas i regel \u201dtillit\u201d i den kristna tron. Och tillit \u00e4r s\u00e5dant som v\u00e4xer fram \u00f6ver tid n\u00e4r n\u00e5gon visar sig vara p\u00e5litlig. S\u00e5 \u00e4r det i vardagen oss m\u00e4nniskor emellan och eftersom det \u00e4r s\u00e5 vi fungerar tror jag inte det \u00e4r annorlunda n\u00e4r det g\u00e4ller tro p\u00e5 Gud. Tro \u00e4r att lita p\u00e5 att Jesus \u00e4r den han s\u00e4ger sig vara.<\/p>\n\n\n\n<p><strong>Om du vill kan du be med mig:<\/strong><\/p>\n\n\n\n<p>Gud, kom och genomsk\u00e5da mig med din k\u00e4rleksfulla blick. L\u00e5t ditt ljus lysa till helande i mina m\u00f6rka vr\u00e5r. Lyssna till mig n\u00e4r jag f\u00f6rs\u00f6ker s\u00e4ga det som \u00e4r sant om mitt liv. L\u00e5t mig f\u00e5 vara din och l\u00e5t mig lita p\u00e5 att du \u00e4r min Gud. Amen<\/p>\n","protected":false},"excerpt":{"rendered":"<p>I f\u00f6rra veckan publicerades den h\u00e4r p\u00e5 bloggen &#8221;tankar inf\u00f6r helgen&#8221; men min vana trogen l\u00e4gger jag texten h\u00e4r ocks\u00e5 ifall jag n\u00e5r n\u00e5gon ytterligare p\u00e5 det s\u00e4ttet. Jesus skapar tro I denna s\u00f6ndags bibeltext ur Johannesevangeliet finns n\u00e5gra ord som betyder mycket f\u00f6r mig. En ensam kvinna vid Sykars brunn har talat med Jesus [&hellip;]<\/p>\n","protected":false},"author":392,"featured_media":8811,"comment_status":"open","ping_status":"open","sticky":false,"template":"","format":"standard","meta":{"_acf_changed":false,"footnotes":""},"categories":[33574,8252,9,117],"tags":[],"class_list":["post-8809","post","type-post","status-publish","format-standard","has-post-thumbnail","hentry","category-kyrkan","category-kyrkoaret","category-okategoriserade","category-teologi"],"acf":[],"yoast_head":"<!-- This site is optimized with the Yoast SEO plugin v27.1.1 - https:\/\/yoast.com\/product\/yoast-seo-wordpress\/ -->\n<title>En som sagt mig allt som jag har gjort - Vandra V\u00e4gen<\/title>\n<meta name=\"robots\" content=\"index, follow, max-snippet:-1, max-image-preview:large, max-video-preview:-1\" \/>\n<link rel=\"canonical\" href=\"https:\/\/blogg.svenskakyrkan.se\/vandravagen\/2022\/01\/26\/en-som-sagt-mig-allt-som-jag-har-gjort\/\" \/>\n<meta property=\"og:locale\" content=\"sv_SE\" \/>\n<meta property=\"og:type\" content=\"article\" \/>\n<meta property=\"og:title\" content=\"En som sagt mig allt som jag har gjort - Vandra V\u00e4gen\" \/>\n<meta property=\"og:description\" content=\"I f\u00f6rra veckan publicerades den h\u00e4r p\u00e5 bloggen &#8221;tankar inf\u00f6r helgen&#8221; men min vana trogen l\u00e4gger jag texten h\u00e4r ocks\u00e5 ifall jag n\u00e5r n\u00e5gon ytterligare p\u00e5 det s\u00e4ttet. Jesus skapar tro I denna s\u00f6ndags bibeltext ur Johannesevangeliet finns n\u00e5gra ord som betyder mycket f\u00f6r mig. En ensam kvinna vid Sykars brunn har talat med Jesus [&hellip;]\" \/>\n<meta property=\"og:url\" content=\"https:\/\/blogg.svenskakyrkan.se\/vandravagen\/2022\/01\/26\/en-som-sagt-mig-allt-som-jag-har-gjort\/\" \/>\n<meta property=\"og:site_name\" content=\"Vandra V\u00e4gen\" \/>\n<meta property=\"article:publisher\" content=\"http:\/\/facebook.com\/vandravagen\" \/>\n<meta property=\"article:published_time\" content=\"2022-01-26T08:23:17+00:00\" \/>\n<meta property=\"article:modified_time\" content=\"2022-01-26T08:23:18+00:00\" \/>\n<meta property=\"og:image\" content=\"https:\/\/blogg.svenskakyrkan.se\/vandravagen\/files\/2022\/01\/IMG_4379.jpg\" \/>\n\t<meta property=\"og:image:width\" content=\"1521\" \/>\n\t<meta property=\"og:image:height\" content=\"1049\" \/>\n\t<meta property=\"og:image:type\" content=\"image\/jpeg\" \/>\n<meta name=\"author\" content=\"Tomas Jarvid\" \/>\n<meta name=\"twitter:card\" content=\"summary_large_image\" \/>\n<meta name=\"twitter:creator\" content=\"@fadertomas\" \/>\n<meta name=\"twitter:site\" content=\"@fadertomas\" \/>\n<meta name=\"twitter:label1\" content=\"Skriven av\" \/>\n\t<meta name=\"twitter:data1\" content=\"Tomas Jarvid\" \/>\n\t<meta name=\"twitter:label2\" content=\"Ber\u00e4knad l\u00e4stid\" \/>\n\t<meta name=\"twitter:data2\" content=\"4 minuter\" \/>\n<script type=\"application\/ld+json\" class=\"yoast-schema-graph\">{\"@context\":\"https:\/\/schema.org\",\"@graph\":[{\"@type\":\"Article\",\"@id\":\"https:\/\/blogg.svenskakyrkan.se\/vandravagen\/2022\/01\/26\/en-som-sagt-mig-allt-som-jag-har-gjort\/#article\",\"isPartOf\":{\"@id\":\"https:\/\/blogg.svenskakyrkan.se\/vandravagen\/2022\/01\/26\/en-som-sagt-mig-allt-som-jag-har-gjort\/\"},\"author\":{\"name\":\"Tomas Jarvid\",\"@id\":\"https:\/\/blogg.svenskakyrkan.se\/vandravagen\/#\/schema\/person\/25da02d4f76b137d04291711e2c9fc16\"},\"headline\":\"En som sagt mig allt som jag har gjort\",\"datePublished\":\"2022-01-26T08:23:17+00:00\",\"dateModified\":\"2022-01-26T08:23:18+00:00\",\"mainEntityOfPage\":{\"@id\":\"https:\/\/blogg.svenskakyrkan.se\/vandravagen\/2022\/01\/26\/en-som-sagt-mig-allt-som-jag-har-gjort\/\"},\"wordCount\":727,\"commentCount\":6,\"publisher\":{\"@id\":\"https:\/\/blogg.svenskakyrkan.se\/vandravagen\/#organization\"},\"image\":{\"@id\":\"https:\/\/blogg.svenskakyrkan.se\/vandravagen\/2022\/01\/26\/en-som-sagt-mig-allt-som-jag-har-gjort\/#primaryimage\"},\"thumbnailUrl\":\"https:\/\/blogg.svenskakyrkan.se\/vandravagen\/files\/2022\/01\/IMG_4379.jpg\",\"articleSection\":{\"0\":\"kyrkan\",\"1\":\"kyrko\u00e5ret\",\"3\":\"Teologi\"},\"inLanguage\":\"sv-SE\",\"potentialAction\":[{\"@type\":\"CommentAction\",\"name\":\"Comment\",\"target\":[\"https:\/\/blogg.svenskakyrkan.se\/vandravagen\/2022\/01\/26\/en-som-sagt-mig-allt-som-jag-har-gjort\/#respond\"]}]},{\"@type\":\"WebPage\",\"@id\":\"https:\/\/blogg.svenskakyrkan.se\/vandravagen\/2022\/01\/26\/en-som-sagt-mig-allt-som-jag-har-gjort\/\",\"url\":\"https:\/\/blogg.svenskakyrkan.se\/vandravagen\/2022\/01\/26\/en-som-sagt-mig-allt-som-jag-har-gjort\/\",\"name\":\"En som sagt mig allt som jag har gjort - Vandra V\u00e4gen\",\"isPartOf\":{\"@id\":\"https:\/\/blogg.svenskakyrkan.se\/vandravagen\/#website\"},\"primaryImageOfPage\":{\"@id\":\"https:\/\/blogg.svenskakyrkan.se\/vandravagen\/2022\/01\/26\/en-som-sagt-mig-allt-som-jag-har-gjort\/#primaryimage\"},\"image\":{\"@id\":\"https:\/\/blogg.svenskakyrkan.se\/vandravagen\/2022\/01\/26\/en-som-sagt-mig-allt-som-jag-har-gjort\/#primaryimage\"},\"thumbnailUrl\":\"https:\/\/blogg.svenskakyrkan.se\/vandravagen\/files\/2022\/01\/IMG_4379.jpg\",\"datePublished\":\"2022-01-26T08:23:17+00:00\",\"dateModified\":\"2022-01-26T08:23:18+00:00\",\"breadcrumb\":{\"@id\":\"https:\/\/blogg.svenskakyrkan.se\/vandravagen\/2022\/01\/26\/en-som-sagt-mig-allt-som-jag-har-gjort\/#breadcrumb\"},\"inLanguage\":\"sv-SE\",\"potentialAction\":[{\"@type\":\"ReadAction\",\"target\":[\"https:\/\/blogg.svenskakyrkan.se\/vandravagen\/2022\/01\/26\/en-som-sagt-mig-allt-som-jag-har-gjort\/\"]}]},{\"@type\":\"ImageObject\",\"inLanguage\":\"sv-SE\",\"@id\":\"https:\/\/blogg.svenskakyrkan.se\/vandravagen\/2022\/01\/26\/en-som-sagt-mig-allt-som-jag-har-gjort\/#primaryimage\",\"url\":\"https:\/\/blogg.svenskakyrkan.se\/vandravagen\/files\/2022\/01\/IMG_4379.jpg\",\"contentUrl\":\"https:\/\/blogg.svenskakyrkan.se\/vandravagen\/files\/2022\/01\/IMG_4379.jpg\",\"width\":1521,\"height\":1049},{\"@type\":\"BreadcrumbList\",\"@id\":\"https:\/\/blogg.svenskakyrkan.se\/vandravagen\/2022\/01\/26\/en-som-sagt-mig-allt-som-jag-har-gjort\/#breadcrumb\",\"itemListElement\":[{\"@type\":\"ListItem\",\"position\":1,\"name\":\"Hem\",\"item\":\"https:\/\/blogg.svenskakyrkan.se\/vandravagen\/\"},{\"@type\":\"ListItem\",\"position\":2,\"name\":\"En som sagt mig allt som jag har gjort\"}]},{\"@type\":\"WebSite\",\"@id\":\"https:\/\/blogg.svenskakyrkan.se\/vandravagen\/#website\",\"url\":\"https:\/\/blogg.svenskakyrkan.se\/vandravagen\/\",\"name\":\"Vandra V\u00e4gen\",\"description\":\"-Mot en tro f\u00f6r hela livet\",\"publisher\":{\"@id\":\"https:\/\/blogg.svenskakyrkan.se\/vandravagen\/#organization\"},\"potentialAction\":[{\"@type\":\"SearchAction\",\"target\":{\"@type\":\"EntryPoint\",\"urlTemplate\":\"https:\/\/blogg.svenskakyrkan.se\/vandravagen\/?s={search_term_string}\"},\"query-input\":{\"@type\":\"PropertyValueSpecification\",\"valueRequired\":true,\"valueName\":\"search_term_string\"}}],\"inLanguage\":\"sv-SE\"},{\"@type\":\"Organization\",\"@id\":\"https:\/\/blogg.svenskakyrkan.se\/vandravagen\/#organization\",\"name\":\"ulricehamns pastorat\",\"alternateName\":\"ulricehamns pastorat\",\"url\":\"https:\/\/blogg.svenskakyrkan.se\/vandravagen\/\",\"logo\":{\"@type\":\"ImageObject\",\"inLanguage\":\"sv-SE\",\"@id\":\"https:\/\/blogg.svenskakyrkan.se\/vandravagen\/#\/schema\/logo\/image\/\",\"url\":\"https:\/\/blogg.svenskakyrkan.se\/vandravagen\/files\/2023\/05\/Ulr_logo_RGB.png\",\"contentUrl\":\"https:\/\/blogg.svenskakyrkan.se\/vandravagen\/files\/2023\/05\/Ulr_logo_RGB.png\",\"width\":205,\"height\":77,\"caption\":\"ulricehamns pastorat\"},\"image\":{\"@id\":\"https:\/\/blogg.svenskakyrkan.se\/vandravagen\/#\/schema\/logo\/image\/\"},\"sameAs\":[\"http:\/\/facebook.com\/vandravagen\",\"https:\/\/x.com\/fadertomas\",\"http:\/\/www.facebook.com\/svenskakyrkaniulricehamn\"]},{\"@type\":\"Person\",\"@id\":\"https:\/\/blogg.svenskakyrkan.se\/vandravagen\/#\/schema\/person\/25da02d4f76b137d04291711e2c9fc16\",\"name\":\"Tomas Jarvid\",\"image\":{\"@type\":\"ImageObject\",\"inLanguage\":\"sv-SE\",\"@id\":\"https:\/\/blogg.svenskakyrkan.se\/vandravagen\/#\/schema\/person\/image\/\",\"url\":\"https:\/\/secure.gravatar.com\/avatar\/7fa71899795e8f540f615a1f5ab25255dc27aa40f05ee7ddd21aac521e01bf50?s=96&d=identicon&r=g\",\"contentUrl\":\"https:\/\/secure.gravatar.com\/avatar\/7fa71899795e8f540f615a1f5ab25255dc27aa40f05ee7ddd21aac521e01bf50?s=96&d=identicon&r=g\",\"caption\":\"Tomas Jarvid\"},\"description\":\"Jag bor i Ulricehamn i V\u00e4sterg\u00f6tland och \u00e4r f\u00f6rsamlingspr\u00e4st i Svenska Kyrkan f\u00f6r Dalstorps f\u00f6rsamling i Kinds pastorat. P\u00e5 den h\u00e4r bloggen skriver jag ner tankar om vandringen som kristen.\",\"sameAs\":[\"http:\/\/www.vandravagen.se\"],\"url\":\"https:\/\/blogg.svenskakyrkan.se\/vandravagen\/author\/vandravagen\/\"}]}<\/script>\n<!-- \/ Yoast SEO plugin. -->","yoast_head_json":{"title":"En som sagt mig allt som jag har gjort - Vandra V\u00e4gen","robots":{"index":"index","follow":"follow","max-snippet":"max-snippet:-1","max-image-preview":"max-image-preview:large","max-video-preview":"max-video-preview:-1"},"canonical":"https:\/\/blogg.svenskakyrkan.se\/vandravagen\/2022\/01\/26\/en-som-sagt-mig-allt-som-jag-har-gjort\/","og_locale":"sv_SE","og_type":"article","og_title":"En som sagt mig allt som jag har gjort - Vandra V\u00e4gen","og_description":"I f\u00f6rra veckan publicerades den h\u00e4r p\u00e5 bloggen &#8221;tankar inf\u00f6r helgen&#8221; men min vana trogen l\u00e4gger jag texten h\u00e4r ocks\u00e5 ifall jag n\u00e5r n\u00e5gon ytterligare p\u00e5 det s\u00e4ttet. Jesus skapar tro I denna s\u00f6ndags bibeltext ur Johannesevangeliet finns n\u00e5gra ord som betyder mycket f\u00f6r mig. En ensam kvinna vid Sykars brunn har talat med Jesus [&hellip;]","og_url":"https:\/\/blogg.svenskakyrkan.se\/vandravagen\/2022\/01\/26\/en-som-sagt-mig-allt-som-jag-har-gjort\/","og_site_name":"Vandra V\u00e4gen","article_publisher":"http:\/\/facebook.com\/vandravagen","article_published_time":"2022-01-26T08:23:17+00:00","article_modified_time":"2022-01-26T08:23:18+00:00","og_image":[{"width":1521,"height":1049,"url":"https:\/\/blogg.svenskakyrkan.se\/vandravagen\/files\/2022\/01\/IMG_4379.jpg","type":"image\/jpeg"}],"author":"Tomas Jarvid","twitter_card":"summary_large_image","twitter_creator":"@fadertomas","twitter_site":"@fadertomas","twitter_misc":{"Skriven av":"Tomas Jarvid","Ber\u00e4knad l\u00e4stid":"4 minuter"},"schema":{"@context":"https:\/\/schema.org","@graph":[{"@type":"Article","@id":"https:\/\/blogg.svenskakyrkan.se\/vandravagen\/2022\/01\/26\/en-som-sagt-mig-allt-som-jag-har-gjort\/#article","isPartOf":{"@id":"https:\/\/blogg.svenskakyrkan.se\/vandravagen\/2022\/01\/26\/en-som-sagt-mig-allt-som-jag-har-gjort\/"},"author":{"name":"Tomas Jarvid","@id":"https:\/\/blogg.svenskakyrkan.se\/vandravagen\/#\/schema\/person\/25da02d4f76b137d04291711e2c9fc16"},"headline":"En som sagt mig allt som jag har gjort","datePublished":"2022-01-26T08:23:17+00:00","dateModified":"2022-01-26T08:23:18+00:00","mainEntityOfPage":{"@id":"https:\/\/blogg.svenskakyrkan.se\/vandravagen\/2022\/01\/26\/en-som-sagt-mig-allt-som-jag-har-gjort\/"},"wordCount":727,"commentCount":6,"publisher":{"@id":"https:\/\/blogg.svenskakyrkan.se\/vandravagen\/#organization"},"image":{"@id":"https:\/\/blogg.svenskakyrkan.se\/vandravagen\/2022\/01\/26\/en-som-sagt-mig-allt-som-jag-har-gjort\/#primaryimage"},"thumbnailUrl":"https:\/\/blogg.svenskakyrkan.se\/vandravagen\/files\/2022\/01\/IMG_4379.jpg","articleSection":{"0":"kyrkan","1":"kyrko\u00e5ret","3":"Teologi"},"inLanguage":"sv-SE","potentialAction":[{"@type":"CommentAction","name":"Comment","target":["https:\/\/blogg.svenskakyrkan.se\/vandravagen\/2022\/01\/26\/en-som-sagt-mig-allt-som-jag-har-gjort\/#respond"]}]},{"@type":"WebPage","@id":"https:\/\/blogg.svenskakyrkan.se\/vandravagen\/2022\/01\/26\/en-som-sagt-mig-allt-som-jag-har-gjort\/","url":"https:\/\/blogg.svenskakyrkan.se\/vandravagen\/2022\/01\/26\/en-som-sagt-mig-allt-som-jag-har-gjort\/","name":"En som sagt mig allt som jag har gjort - Vandra V\u00e4gen","isPartOf":{"@id":"https:\/\/blogg.svenskakyrkan.se\/vandravagen\/#website"},"primaryImageOfPage":{"@id":"https:\/\/blogg.svenskakyrkan.se\/vandravagen\/2022\/01\/26\/en-som-sagt-mig-allt-som-jag-har-gjort\/#primaryimage"},"image":{"@id":"https:\/\/blogg.svenskakyrkan.se\/vandravagen\/2022\/01\/26\/en-som-sagt-mig-allt-som-jag-har-gjort\/#primaryimage"},"thumbnailUrl":"https:\/\/blogg.svenskakyrkan.se\/vandravagen\/files\/2022\/01\/IMG_4379.jpg","datePublished":"2022-01-26T08:23:17+00:00","dateModified":"2022-01-26T08:23:18+00:00","breadcrumb":{"@id":"https:\/\/blogg.svenskakyrkan.se\/vandravagen\/2022\/01\/26\/en-som-sagt-mig-allt-som-jag-har-gjort\/#breadcrumb"},"inLanguage":"sv-SE","potentialAction":[{"@type":"ReadAction","target":["https:\/\/blogg.svenskakyrkan.se\/vandravagen\/2022\/01\/26\/en-som-sagt-mig-allt-som-jag-har-gjort\/"]}]},{"@type":"ImageObject","inLanguage":"sv-SE","@id":"https:\/\/blogg.svenskakyrkan.se\/vandravagen\/2022\/01\/26\/en-som-sagt-mig-allt-som-jag-har-gjort\/#primaryimage","url":"https:\/\/blogg.svenskakyrkan.se\/vandravagen\/files\/2022\/01\/IMG_4379.jpg","contentUrl":"https:\/\/blogg.svenskakyrkan.se\/vandravagen\/files\/2022\/01\/IMG_4379.jpg","width":1521,"height":1049},{"@type":"BreadcrumbList","@id":"https:\/\/blogg.svenskakyrkan.se\/vandravagen\/2022\/01\/26\/en-som-sagt-mig-allt-som-jag-har-gjort\/#breadcrumb","itemListElement":[{"@type":"ListItem","position":1,"name":"Hem","item":"https:\/\/blogg.svenskakyrkan.se\/vandravagen\/"},{"@type":"ListItem","position":2,"name":"En som sagt mig allt som jag har gjort"}]},{"@type":"WebSite","@id":"https:\/\/blogg.svenskakyrkan.se\/vandravagen\/#website","url":"https:\/\/blogg.svenskakyrkan.se\/vandravagen\/","name":"Vandra V\u00e4gen","description":"-Mot en tro f\u00f6r hela livet","publisher":{"@id":"https:\/\/blogg.svenskakyrkan.se\/vandravagen\/#organization"},"potentialAction":[{"@type":"SearchAction","target":{"@type":"EntryPoint","urlTemplate":"https:\/\/blogg.svenskakyrkan.se\/vandravagen\/?s={search_term_string}"},"query-input":{"@type":"PropertyValueSpecification","valueRequired":true,"valueName":"search_term_string"}}],"inLanguage":"sv-SE"},{"@type":"Organization","@id":"https:\/\/blogg.svenskakyrkan.se\/vandravagen\/#organization","name":"ulricehamns pastorat","alternateName":"ulricehamns pastorat","url":"https:\/\/blogg.svenskakyrkan.se\/vandravagen\/","logo":{"@type":"ImageObject","inLanguage":"sv-SE","@id":"https:\/\/blogg.svenskakyrkan.se\/vandravagen\/#\/schema\/logo\/image\/","url":"https:\/\/blogg.svenskakyrkan.se\/vandravagen\/files\/2023\/05\/Ulr_logo_RGB.png","contentUrl":"https:\/\/blogg.svenskakyrkan.se\/vandravagen\/files\/2023\/05\/Ulr_logo_RGB.png","width":205,"height":77,"caption":"ulricehamns pastorat"},"image":{"@id":"https:\/\/blogg.svenskakyrkan.se\/vandravagen\/#\/schema\/logo\/image\/"},"sameAs":["http:\/\/facebook.com\/vandravagen","https:\/\/x.com\/fadertomas","http:\/\/www.facebook.com\/svenskakyrkaniulricehamn"]},{"@type":"Person","@id":"https:\/\/blogg.svenskakyrkan.se\/vandravagen\/#\/schema\/person\/25da02d4f76b137d04291711e2c9fc16","name":"Tomas Jarvid","image":{"@type":"ImageObject","inLanguage":"sv-SE","@id":"https:\/\/blogg.svenskakyrkan.se\/vandravagen\/#\/schema\/person\/image\/","url":"https:\/\/secure.gravatar.com\/avatar\/7fa71899795e8f540f615a1f5ab25255dc27aa40f05ee7ddd21aac521e01bf50?s=96&d=identicon&r=g","contentUrl":"https:\/\/secure.gravatar.com\/avatar\/7fa71899795e8f540f615a1f5ab25255dc27aa40f05ee7ddd21aac521e01bf50?s=96&d=identicon&r=g","caption":"Tomas Jarvid"},"description":"Jag bor i Ulricehamn i V\u00e4sterg\u00f6tland och \u00e4r f\u00f6rsamlingspr\u00e4st i Svenska Kyrkan f\u00f6r Dalstorps f\u00f6rsamling i Kinds pastorat. P\u00e5 den h\u00e4r bloggen skriver jag ner tankar om vandringen som kristen.","sameAs":["http:\/\/www.vandravagen.se"],"url":"https:\/\/blogg.svenskakyrkan.se\/vandravagen\/author\/vandravagen\/"}]}},"author_meta":{"ID":"392","user_nicename":"vandravagen","user_url":"http:\/\/www.vandravagen.se","user_registered":"2014-05-19 05:44:52","display_name":"Tomas Jarvid","first_name":"Tomas","last_name":"Jarvid","avatar":"https:\/\/secure.gravatar.com\/avatar\/7fa71899795e8f540f615a1f5ab25255dc27aa40f05ee7ddd21aac521e01bf50?s=96&d=identicon&r=g"},"featured_image":["https:\/\/blogg.svenskakyrkan.se\/vandravagen\/files\/2022\/01\/IMG_4379-1024x706.jpg",1024,706,true],"bloginfo":{"name":"Vandra V\u00e4gen","url":"https:\/\/blogg.svenskakyrkan.se\/vandravagen"},"_links":{"self":[{"href":"https:\/\/blogg.svenskakyrkan.se\/vandravagen\/wp-json\/wp\/v2\/posts\/8809","targetHints":{"allow":["GET"]}}],"collection":[{"href":"https:\/\/blogg.svenskakyrkan.se\/vandravagen\/wp-json\/wp\/v2\/posts"}],"about":[{"href":"https:\/\/blogg.svenskakyrkan.se\/vandravagen\/wp-json\/wp\/v2\/types\/post"}],"author":[{"embeddable":true,"href":"https:\/\/blogg.svenskakyrkan.se\/vandravagen\/wp-json\/wp\/v2\/users\/392"}],"replies":[{"embeddable":true,"href":"https:\/\/blogg.svenskakyrkan.se\/vandravagen\/wp-json\/wp\/v2\/comments?post=8809"}],"version-history":[{"count":2,"href":"https:\/\/blogg.svenskakyrkan.se\/vandravagen\/wp-json\/wp\/v2\/posts\/8809\/revisions"}],"predecessor-version":[{"id":8812,"href":"https:\/\/blogg.svenskakyrkan.se\/vandravagen\/wp-json\/wp\/v2\/posts\/8809\/revisions\/8812"}],"wp:featuredmedia":[{"embeddable":true,"href":"https:\/\/blogg.svenskakyrkan.se\/vandravagen\/wp-json\/wp\/v2\/media\/8811"}],"wp:attachment":[{"href":"https:\/\/blogg.svenskakyrkan.se\/vandravagen\/wp-json\/wp\/v2\/media?parent=8809"}],"wp:term":[{"taxonomy":"category","embeddable":true,"href":"https:\/\/blogg.svenskakyrkan.se\/vandravagen\/wp-json\/wp\/v2\/categories?post=8809"},{"taxonomy":"post_tag","embeddable":true,"href":"https:\/\/blogg.svenskakyrkan.se\/vandravagen\/wp-json\/wp\/v2\/tags?post=8809"}],"curies":[{"name":"wp","href":"https:\/\/api.w.org\/{rel}","templated":true}]}}