{"id":8813,"date":"2022-01-27T09:12:00","date_gmt":"2022-01-27T08:12:00","guid":{"rendered":"https:\/\/blogg.svenskakyrkan.se\/vandravagen\/?p=8813"},"modified":"2022-01-27T09:12:02","modified_gmt":"2022-01-27T08:12:02","slug":"en-prast-laser-till-slut-hermas-herden","status":"publish","type":"post","link":"https:\/\/blogg.svenskakyrkan.se\/vandravagen\/2022\/01\/27\/en-prast-laser-till-slut-hermas-herden\/","title":{"rendered":"En pr\u00e4st l\u00e4ser till slut Hermas herden"},"content":{"rendered":"\n\n\n<div class=\"wp-block-image\"><figure class=\"aligncenter size-large\"><img loading=\"lazy\" decoding=\"async\" width=\"207\" height=\"292\" src=\"https:\/\/blogg.svenskakyrkan.se\/vandravagen\/files\/2022\/01\/207px-Good_shepherd_02b_close.jpg\" alt=\"\" class=\"wp-image-8814\" \/><figcaption>En herde men detta \u00e4r v\u00e4l snarare den gode herden som bild f\u00f6r Kristus!<\/figcaption><\/figure><\/div>\n\n\n\n<p>Jag skrev f\u00f6r ett tag sedan om &#8221;<a href=\"https:\/\/blogg.svenskakyrkan.se\/vandravagen\/2022\/01\/20\/en-kyrka-som-blir-yngre-med-aren\/\">En kyrka som blir yngre med \u00e5ren<\/a>&#8221; om en syn fr\u00e5n den gamla texten &#8221;Hermas herden&#8221; som med god marginal \u00e4r den st\u00f6rsta skriften i &#8221;de apostoliska f\u00e4derna&#8221; som jag ju bloggar mig l\u00e5ngsamt igenom h\u00e4r. Kolla g\u00e4rna mer under den etiketten p\u00e5 bloggen. <\/p>\n\n\n\n<p>Nu har jag l\u00e4st ut hela skriften p\u00e5 inte mindre \u00e4n 114 kapitel. Det \u00e4r en skrift som hade mycket anseende hos en del i den tidiga kyrkan och hos andra var ganska illa sedd. Sj\u00e4lv kan jag ju s\u00e4ga att det \u00e4r sk\u00f6nt att inte beh\u00f6va se den som kanonisk bibeltext n\u00e4r man l\u00e4ser f\u00f6r det \u00e4r ett ganska blandat intryck jag f\u00e5r. Det \u00e4r mycket som \u00e4r fascinerande (och b\u00e4st tycker jag om just det d\u00e4r med kyrkan som blir yngre) och annat som \u00e4r m\u00e4rkligt och framf\u00f6rallt v\u00e4ldigt omst\u00e4ndigt.<\/p>\n\n\n\n<p>Boken presenterar Hermas som en f\u00f6re detta slav som nu \u00e4r n\u00e5gon slags kristen ledare och kanske har en familj (jag \u00e4r lite os\u00e4ker p\u00e5 om talet att f\u00f6rmana sina &#8221;barn&#8221; handlar om egna barn eller f\u00f6rsamlingen). Herden \u00e4r en gestalt som dyker upp senare och visar honom olika syner. Boken rymmer b\u00e5de olika budord och en rad visioner. Tonvikten ligger p\u00e5 det moraliska och i att g\u00f6ra bot f\u00f6r sina synder. Flera av synerna \u00e4r i sig v\u00e4ldigt intressanta, som den d\u00e4r Gud bygger ett v\u00e4ldigt torn av levande stenar som \u00e4r kyrkan. Det \u00e4r bara lite knepigt att fokuset hamnar s\u00e5 mycket p\u00e5 alla stenar som p\u00e5 olika s\u00e4tt inte duger i bygget och vilka som kan bli tillfixade och sedan funka igen senare. Detta \u00e4r typiskt f\u00f6r det moraliska intresset och det \u00e4r, m\u00e5ste man ju s\u00e4ga, inte s\u00e5 v\u00e4rst lutherskt om man \u00e4r van vid mer av n\u00e5den allena.<\/p>\n\n\n\n<p>En annan syn som var fin var den med almen och vinrankan. Almen b\u00e4r ju ingen frukt (det g\u00f6r den men det \u00e4r ju sm\u00e5 pluttar som m\u00e4nniskor inte brukar \u00e4ta) men kan st\u00f6tta en vinranka som kl\u00e4ttrar p\u00e5 den. P\u00e5 s\u00e5 s\u00e4tt s\u00e4gs det kan de rika i f\u00f6rsamlingen som ofta inte b\u00e4r frukt s\u00e5 v\u00e4rst i sitt kristna liv eftersom de \u00e4r s\u00e5 splittrade och uppfyllda av sina aff\u00e4rer (Hermas varnar f\u00f6rst\u00e5s mycket f\u00f6r rikedomens faror) st\u00f6tta de fattigare som de antar \u00e4r desto b\u00e4ttre och mer helhj\u00e4rtade i sitt kristna liv och s\u00e5 hj\u00e4lps de \u00e4nd\u00e5 \u00e5t s\u00e5 att det blir mycket frukt alltsomallt. Man kan s\u00e4kert ha inv\u00e4ndningar mot en del h\u00e4r med men jag tycker det var fint. Jag associerar till hur v\u00e5r rika kyrka beh\u00f6ver vara i st\u00e4ndigt kontakt med fattigare systerskyrkor och m\u00e4nniskor i n\u00f6d f\u00f6r att inte helt tappa greppet.<\/p>\n\n\n\n<p>En stor sak i Hermas herden \u00e4r talet om &#8221;tveh\u00e5gsenheten&#8221;. Jag tror det g\u00e5r ihop med det m\u00e5nga kyrkof\u00e4der t\u00e4nkte sig om att f\u00e5 ett &#8221;odelat hj\u00e4rta&#8221; utan inre splittring. H\u00e4r tycker jag jag kan k\u00e4nna mig drabbad sj\u00e4lv. Det vore sk\u00f6nt att avvisa de h\u00e4r sakerna som orimliga (f\u00f6r vem r\u00e5r v\u00e4l f\u00f6r att man \u00e4r lite kluven) men det \u00e4r ju ocks\u00e5 sant att vi lever som splittrade m\u00e4nniskor i en splittrad tid och att det g\u00f6r livet sv\u00e5rt. Och s\u00e4kert \u00e4r det d\u00e4rf\u00f6r ocks\u00e5 som kyrkan b\u00e4r d\u00e5ligt med frukt.<\/p>\n\n\n\n<p>Det finns ocks\u00e5 en f\u00f6rvaltaraspekt. Gud har anf\u00f6rtrott oss v\u00e5ra sj\u00e4lar och v\u00e5ra liv och s\u00e5 blir fr\u00e5gan i vilket skick vi kommer tillbaka med dem till honom. \u00c4ven detta skildras p\u00e5 ett s\u00e4tt som kanske \u00e4r sv\u00e5rt att g\u00e5 med p\u00e5 men  grund och botten \u00e4r det mycket viktigt att fundera p\u00e5.<\/p>\n\n\n\n<p>Jag kan inte h\u00e5lla p\u00e5 och g\u00e5 igenom allt f\u00f6rst\u00e5s f\u00f6r det \u00e4r ju en tjock bok som sagt. L\u00e4s den g\u00e4rna om du \u00e4r intresserad av att kliva in i de f\u00f6rsta kristnas v\u00e4rld.<\/p>\n\n\n\n<p>Till slut m\u00e5ste jag ju citera det st\u00e4lle som mest knyter an till denna bloggs namn! I budet om r\u00e4ttf\u00e4rdigheten st\u00e5r det:<\/p>\n\n\n\n<blockquote class=\"wp-block-quote is-layout-flow wp-block-quote-is-layout-flow\"><p>Men de som g\u00e5r den raka v\u00e4gen vandrar p\u00e5 j\u00e4mn mark utan att snubbla. Du ser allts\u00e5 att det \u00e4r b\u00e4ttre att vandra p\u00e5 den v\u00e4gen. Jag sade: &#8221;<strong>Jag vill vandra p\u00e5 den v\u00e4gen<\/strong>&#8221;. &#8221;Du skall vandra p\u00e5 den&#8221;, sa han, &#8221;och var och en som av allt hj\u00e4rta v\u00e4nder om till Herren skall vandra p\u00e5 den.<\/p><cite>Hermas herden 35<\/cite><\/blockquote>\n","protected":false},"excerpt":{"rendered":"<p>Jag skrev f\u00f6r ett tag sedan om &#8221;En kyrka som blir yngre med \u00e5ren&#8221; om en syn fr\u00e5n den gamla texten &#8221;Hermas herden&#8221; som med god marginal \u00e4r den st\u00f6rsta skriften i &#8221;de apostoliska f\u00e4derna&#8221; som jag ju bloggar mig l\u00e5ngsamt igenom h\u00e4r. Kolla g\u00e4rna mer under den etiketten p\u00e5 bloggen. Nu har jag l\u00e4st [&hellip;]<\/p>\n","protected":false},"author":392,"featured_media":8814,"comment_status":"open","ping_status":"open","sticky":false,"template":"","format":"standard","meta":{"_acf_changed":false,"footnotes":""},"categories":[83862],"tags":[],"class_list":["post-8813","post","type-post","status-publish","format-standard","has-post-thumbnail","hentry","category-apostoliska-faderna"],"acf":[],"yoast_head":"<!-- This site is optimized with the Yoast SEO plugin v27.1.1 - https:\/\/yoast.com\/product\/yoast-seo-wordpress\/ -->\n<title>En pr\u00e4st l\u00e4ser till slut Hermas herden - Vandra V\u00e4gen<\/title>\n<meta name=\"robots\" content=\"index, follow, max-snippet:-1, max-image-preview:large, max-video-preview:-1\" \/>\n<link rel=\"canonical\" href=\"https:\/\/blogg.svenskakyrkan.se\/vandravagen\/2022\/01\/27\/en-prast-laser-till-slut-hermas-herden\/\" \/>\n<meta property=\"og:locale\" content=\"sv_SE\" \/>\n<meta property=\"og:type\" content=\"article\" \/>\n<meta property=\"og:title\" content=\"En pr\u00e4st l\u00e4ser till slut Hermas herden - Vandra V\u00e4gen\" \/>\n<meta property=\"og:description\" content=\"Jag skrev f\u00f6r ett tag sedan om &#8221;En kyrka som blir yngre med \u00e5ren&#8221; om en syn fr\u00e5n den gamla texten &#8221;Hermas herden&#8221; som med god marginal \u00e4r den st\u00f6rsta skriften i &#8221;de apostoliska f\u00e4derna&#8221; som jag ju bloggar mig l\u00e5ngsamt igenom h\u00e4r. Kolla g\u00e4rna mer under den etiketten p\u00e5 bloggen. Nu har jag l\u00e4st [&hellip;]\" \/>\n<meta property=\"og:url\" content=\"https:\/\/blogg.svenskakyrkan.se\/vandravagen\/2022\/01\/27\/en-prast-laser-till-slut-hermas-herden\/\" \/>\n<meta property=\"og:site_name\" content=\"Vandra V\u00e4gen\" \/>\n<meta property=\"article:publisher\" content=\"http:\/\/facebook.com\/vandravagen\" \/>\n<meta property=\"article:published_time\" content=\"2022-01-27T08:12:00+00:00\" \/>\n<meta property=\"article:modified_time\" content=\"2022-01-27T08:12:02+00:00\" \/>\n<meta property=\"og:image\" content=\"https:\/\/blogg.svenskakyrkan.se\/vandravagen\/files\/2022\/01\/207px-Good_shepherd_02b_close.jpg\" \/>\n\t<meta property=\"og:image:width\" content=\"207\" \/>\n\t<meta property=\"og:image:height\" content=\"292\" \/>\n\t<meta property=\"og:image:type\" content=\"image\/jpeg\" \/>\n<meta name=\"author\" content=\"Tomas Jarvid\" \/>\n<meta name=\"twitter:card\" content=\"summary_large_image\" \/>\n<meta name=\"twitter:creator\" content=\"@fadertomas\" \/>\n<meta name=\"twitter:site\" content=\"@fadertomas\" \/>\n<meta name=\"twitter:label1\" content=\"Skriven av\" \/>\n\t<meta name=\"twitter:data1\" content=\"Tomas Jarvid\" \/>\n\t<meta name=\"twitter:label2\" content=\"Ber\u00e4knad l\u00e4stid\" \/>\n\t<meta name=\"twitter:data2\" content=\"4 minuter\" \/>\n<script type=\"application\/ld+json\" class=\"yoast-schema-graph\">{\"@context\":\"https:\/\/schema.org\",\"@graph\":[{\"@type\":\"Article\",\"@id\":\"https:\/\/blogg.svenskakyrkan.se\/vandravagen\/2022\/01\/27\/en-prast-laser-till-slut-hermas-herden\/#article\",\"isPartOf\":{\"@id\":\"https:\/\/blogg.svenskakyrkan.se\/vandravagen\/2022\/01\/27\/en-prast-laser-till-slut-hermas-herden\/\"},\"author\":{\"name\":\"Tomas Jarvid\",\"@id\":\"https:\/\/blogg.svenskakyrkan.se\/vandravagen\/#\/schema\/person\/25da02d4f76b137d04291711e2c9fc16\"},\"headline\":\"En pr\u00e4st l\u00e4ser till slut Hermas herden\",\"datePublished\":\"2022-01-27T08:12:00+00:00\",\"dateModified\":\"2022-01-27T08:12:02+00:00\",\"mainEntityOfPage\":{\"@id\":\"https:\/\/blogg.svenskakyrkan.se\/vandravagen\/2022\/01\/27\/en-prast-laser-till-slut-hermas-herden\/\"},\"wordCount\":848,\"commentCount\":0,\"publisher\":{\"@id\":\"https:\/\/blogg.svenskakyrkan.se\/vandravagen\/#organization\"},\"image\":{\"@id\":\"https:\/\/blogg.svenskakyrkan.se\/vandravagen\/2022\/01\/27\/en-prast-laser-till-slut-hermas-herden\/#primaryimage\"},\"thumbnailUrl\":\"https:\/\/blogg.svenskakyrkan.se\/vandravagen\/files\/2022\/01\/207px-Good_shepherd_02b_close.jpg\",\"articleSection\":[\"apostoliska f\u00e4derna\"],\"inLanguage\":\"sv-SE\",\"potentialAction\":[{\"@type\":\"CommentAction\",\"name\":\"Comment\",\"target\":[\"https:\/\/blogg.svenskakyrkan.se\/vandravagen\/2022\/01\/27\/en-prast-laser-till-slut-hermas-herden\/#respond\"]}]},{\"@type\":\"WebPage\",\"@id\":\"https:\/\/blogg.svenskakyrkan.se\/vandravagen\/2022\/01\/27\/en-prast-laser-till-slut-hermas-herden\/\",\"url\":\"https:\/\/blogg.svenskakyrkan.se\/vandravagen\/2022\/01\/27\/en-prast-laser-till-slut-hermas-herden\/\",\"name\":\"En pr\u00e4st l\u00e4ser till slut Hermas herden - Vandra V\u00e4gen\",\"isPartOf\":{\"@id\":\"https:\/\/blogg.svenskakyrkan.se\/vandravagen\/#website\"},\"primaryImageOfPage\":{\"@id\":\"https:\/\/blogg.svenskakyrkan.se\/vandravagen\/2022\/01\/27\/en-prast-laser-till-slut-hermas-herden\/#primaryimage\"},\"image\":{\"@id\":\"https:\/\/blogg.svenskakyrkan.se\/vandravagen\/2022\/01\/27\/en-prast-laser-till-slut-hermas-herden\/#primaryimage\"},\"thumbnailUrl\":\"https:\/\/blogg.svenskakyrkan.se\/vandravagen\/files\/2022\/01\/207px-Good_shepherd_02b_close.jpg\",\"datePublished\":\"2022-01-27T08:12:00+00:00\",\"dateModified\":\"2022-01-27T08:12:02+00:00\",\"breadcrumb\":{\"@id\":\"https:\/\/blogg.svenskakyrkan.se\/vandravagen\/2022\/01\/27\/en-prast-laser-till-slut-hermas-herden\/#breadcrumb\"},\"inLanguage\":\"sv-SE\",\"potentialAction\":[{\"@type\":\"ReadAction\",\"target\":[\"https:\/\/blogg.svenskakyrkan.se\/vandravagen\/2022\/01\/27\/en-prast-laser-till-slut-hermas-herden\/\"]}]},{\"@type\":\"ImageObject\",\"inLanguage\":\"sv-SE\",\"@id\":\"https:\/\/blogg.svenskakyrkan.se\/vandravagen\/2022\/01\/27\/en-prast-laser-till-slut-hermas-herden\/#primaryimage\",\"url\":\"https:\/\/blogg.svenskakyrkan.se\/vandravagen\/files\/2022\/01\/207px-Good_shepherd_02b_close.jpg\",\"contentUrl\":\"https:\/\/blogg.svenskakyrkan.se\/vandravagen\/files\/2022\/01\/207px-Good_shepherd_02b_close.jpg\",\"width\":207,\"height\":292},{\"@type\":\"BreadcrumbList\",\"@id\":\"https:\/\/blogg.svenskakyrkan.se\/vandravagen\/2022\/01\/27\/en-prast-laser-till-slut-hermas-herden\/#breadcrumb\",\"itemListElement\":[{\"@type\":\"ListItem\",\"position\":1,\"name\":\"Hem\",\"item\":\"https:\/\/blogg.svenskakyrkan.se\/vandravagen\/\"},{\"@type\":\"ListItem\",\"position\":2,\"name\":\"En pr\u00e4st l\u00e4ser till slut Hermas herden\"}]},{\"@type\":\"WebSite\",\"@id\":\"https:\/\/blogg.svenskakyrkan.se\/vandravagen\/#website\",\"url\":\"https:\/\/blogg.svenskakyrkan.se\/vandravagen\/\",\"name\":\"Vandra V\u00e4gen\",\"description\":\"-Mot en tro f\u00f6r hela livet\",\"publisher\":{\"@id\":\"https:\/\/blogg.svenskakyrkan.se\/vandravagen\/#organization\"},\"potentialAction\":[{\"@type\":\"SearchAction\",\"target\":{\"@type\":\"EntryPoint\",\"urlTemplate\":\"https:\/\/blogg.svenskakyrkan.se\/vandravagen\/?s={search_term_string}\"},\"query-input\":{\"@type\":\"PropertyValueSpecification\",\"valueRequired\":true,\"valueName\":\"search_term_string\"}}],\"inLanguage\":\"sv-SE\"},{\"@type\":\"Organization\",\"@id\":\"https:\/\/blogg.svenskakyrkan.se\/vandravagen\/#organization\",\"name\":\"ulricehamns pastorat\",\"alternateName\":\"ulricehamns pastorat\",\"url\":\"https:\/\/blogg.svenskakyrkan.se\/vandravagen\/\",\"logo\":{\"@type\":\"ImageObject\",\"inLanguage\":\"sv-SE\",\"@id\":\"https:\/\/blogg.svenskakyrkan.se\/vandravagen\/#\/schema\/logo\/image\/\",\"url\":\"https:\/\/blogg.svenskakyrkan.se\/vandravagen\/files\/2023\/05\/Ulr_logo_RGB.png\",\"contentUrl\":\"https:\/\/blogg.svenskakyrkan.se\/vandravagen\/files\/2023\/05\/Ulr_logo_RGB.png\",\"width\":205,\"height\":77,\"caption\":\"ulricehamns pastorat\"},\"image\":{\"@id\":\"https:\/\/blogg.svenskakyrkan.se\/vandravagen\/#\/schema\/logo\/image\/\"},\"sameAs\":[\"http:\/\/facebook.com\/vandravagen\",\"https:\/\/x.com\/fadertomas\",\"http:\/\/www.facebook.com\/svenskakyrkaniulricehamn\"]},{\"@type\":\"Person\",\"@id\":\"https:\/\/blogg.svenskakyrkan.se\/vandravagen\/#\/schema\/person\/25da02d4f76b137d04291711e2c9fc16\",\"name\":\"Tomas Jarvid\",\"image\":{\"@type\":\"ImageObject\",\"inLanguage\":\"sv-SE\",\"@id\":\"https:\/\/blogg.svenskakyrkan.se\/vandravagen\/#\/schema\/person\/image\/\",\"url\":\"https:\/\/secure.gravatar.com\/avatar\/7fa71899795e8f540f615a1f5ab25255dc27aa40f05ee7ddd21aac521e01bf50?s=96&d=identicon&r=g\",\"contentUrl\":\"https:\/\/secure.gravatar.com\/avatar\/7fa71899795e8f540f615a1f5ab25255dc27aa40f05ee7ddd21aac521e01bf50?s=96&d=identicon&r=g\",\"caption\":\"Tomas Jarvid\"},\"description\":\"Jag bor i Ulricehamn i V\u00e4sterg\u00f6tland och \u00e4r f\u00f6rsamlingspr\u00e4st i Svenska Kyrkan f\u00f6r Dalstorps f\u00f6rsamling i Kinds pastorat. P\u00e5 den h\u00e4r bloggen skriver jag ner tankar om vandringen som kristen.\",\"sameAs\":[\"http:\/\/www.vandravagen.se\"],\"url\":\"https:\/\/blogg.svenskakyrkan.se\/vandravagen\/author\/vandravagen\/\"}]}<\/script>\n<!-- \/ Yoast SEO plugin. -->","yoast_head_json":{"title":"En pr\u00e4st l\u00e4ser till slut Hermas herden - Vandra V\u00e4gen","robots":{"index":"index","follow":"follow","max-snippet":"max-snippet:-1","max-image-preview":"max-image-preview:large","max-video-preview":"max-video-preview:-1"},"canonical":"https:\/\/blogg.svenskakyrkan.se\/vandravagen\/2022\/01\/27\/en-prast-laser-till-slut-hermas-herden\/","og_locale":"sv_SE","og_type":"article","og_title":"En pr\u00e4st l\u00e4ser till slut Hermas herden - Vandra V\u00e4gen","og_description":"Jag skrev f\u00f6r ett tag sedan om &#8221;En kyrka som blir yngre med \u00e5ren&#8221; om en syn fr\u00e5n den gamla texten &#8221;Hermas herden&#8221; som med god marginal \u00e4r den st\u00f6rsta skriften i &#8221;de apostoliska f\u00e4derna&#8221; som jag ju bloggar mig l\u00e5ngsamt igenom h\u00e4r. Kolla g\u00e4rna mer under den etiketten p\u00e5 bloggen. Nu har jag l\u00e4st [&hellip;]","og_url":"https:\/\/blogg.svenskakyrkan.se\/vandravagen\/2022\/01\/27\/en-prast-laser-till-slut-hermas-herden\/","og_site_name":"Vandra V\u00e4gen","article_publisher":"http:\/\/facebook.com\/vandravagen","article_published_time":"2022-01-27T08:12:00+00:00","article_modified_time":"2022-01-27T08:12:02+00:00","og_image":[{"width":207,"height":292,"url":"https:\/\/blogg.svenskakyrkan.se\/vandravagen\/files\/2022\/01\/207px-Good_shepherd_02b_close.jpg","type":"image\/jpeg"}],"author":"Tomas Jarvid","twitter_card":"summary_large_image","twitter_creator":"@fadertomas","twitter_site":"@fadertomas","twitter_misc":{"Skriven av":"Tomas Jarvid","Ber\u00e4knad l\u00e4stid":"4 minuter"},"schema":{"@context":"https:\/\/schema.org","@graph":[{"@type":"Article","@id":"https:\/\/blogg.svenskakyrkan.se\/vandravagen\/2022\/01\/27\/en-prast-laser-till-slut-hermas-herden\/#article","isPartOf":{"@id":"https:\/\/blogg.svenskakyrkan.se\/vandravagen\/2022\/01\/27\/en-prast-laser-till-slut-hermas-herden\/"},"author":{"name":"Tomas Jarvid","@id":"https:\/\/blogg.svenskakyrkan.se\/vandravagen\/#\/schema\/person\/25da02d4f76b137d04291711e2c9fc16"},"headline":"En pr\u00e4st l\u00e4ser till slut Hermas herden","datePublished":"2022-01-27T08:12:00+00:00","dateModified":"2022-01-27T08:12:02+00:00","mainEntityOfPage":{"@id":"https:\/\/blogg.svenskakyrkan.se\/vandravagen\/2022\/01\/27\/en-prast-laser-till-slut-hermas-herden\/"},"wordCount":848,"commentCount":0,"publisher":{"@id":"https:\/\/blogg.svenskakyrkan.se\/vandravagen\/#organization"},"image":{"@id":"https:\/\/blogg.svenskakyrkan.se\/vandravagen\/2022\/01\/27\/en-prast-laser-till-slut-hermas-herden\/#primaryimage"},"thumbnailUrl":"https:\/\/blogg.svenskakyrkan.se\/vandravagen\/files\/2022\/01\/207px-Good_shepherd_02b_close.jpg","articleSection":["apostoliska f\u00e4derna"],"inLanguage":"sv-SE","potentialAction":[{"@type":"CommentAction","name":"Comment","target":["https:\/\/blogg.svenskakyrkan.se\/vandravagen\/2022\/01\/27\/en-prast-laser-till-slut-hermas-herden\/#respond"]}]},{"@type":"WebPage","@id":"https:\/\/blogg.svenskakyrkan.se\/vandravagen\/2022\/01\/27\/en-prast-laser-till-slut-hermas-herden\/","url":"https:\/\/blogg.svenskakyrkan.se\/vandravagen\/2022\/01\/27\/en-prast-laser-till-slut-hermas-herden\/","name":"En pr\u00e4st l\u00e4ser till slut Hermas herden - Vandra V\u00e4gen","isPartOf":{"@id":"https:\/\/blogg.svenskakyrkan.se\/vandravagen\/#website"},"primaryImageOfPage":{"@id":"https:\/\/blogg.svenskakyrkan.se\/vandravagen\/2022\/01\/27\/en-prast-laser-till-slut-hermas-herden\/#primaryimage"},"image":{"@id":"https:\/\/blogg.svenskakyrkan.se\/vandravagen\/2022\/01\/27\/en-prast-laser-till-slut-hermas-herden\/#primaryimage"},"thumbnailUrl":"https:\/\/blogg.svenskakyrkan.se\/vandravagen\/files\/2022\/01\/207px-Good_shepherd_02b_close.jpg","datePublished":"2022-01-27T08:12:00+00:00","dateModified":"2022-01-27T08:12:02+00:00","breadcrumb":{"@id":"https:\/\/blogg.svenskakyrkan.se\/vandravagen\/2022\/01\/27\/en-prast-laser-till-slut-hermas-herden\/#breadcrumb"},"inLanguage":"sv-SE","potentialAction":[{"@type":"ReadAction","target":["https:\/\/blogg.svenskakyrkan.se\/vandravagen\/2022\/01\/27\/en-prast-laser-till-slut-hermas-herden\/"]}]},{"@type":"ImageObject","inLanguage":"sv-SE","@id":"https:\/\/blogg.svenskakyrkan.se\/vandravagen\/2022\/01\/27\/en-prast-laser-till-slut-hermas-herden\/#primaryimage","url":"https:\/\/blogg.svenskakyrkan.se\/vandravagen\/files\/2022\/01\/207px-Good_shepherd_02b_close.jpg","contentUrl":"https:\/\/blogg.svenskakyrkan.se\/vandravagen\/files\/2022\/01\/207px-Good_shepherd_02b_close.jpg","width":207,"height":292},{"@type":"BreadcrumbList","@id":"https:\/\/blogg.svenskakyrkan.se\/vandravagen\/2022\/01\/27\/en-prast-laser-till-slut-hermas-herden\/#breadcrumb","itemListElement":[{"@type":"ListItem","position":1,"name":"Hem","item":"https:\/\/blogg.svenskakyrkan.se\/vandravagen\/"},{"@type":"ListItem","position":2,"name":"En pr\u00e4st l\u00e4ser till slut Hermas herden"}]},{"@type":"WebSite","@id":"https:\/\/blogg.svenskakyrkan.se\/vandravagen\/#website","url":"https:\/\/blogg.svenskakyrkan.se\/vandravagen\/","name":"Vandra V\u00e4gen","description":"-Mot en tro f\u00f6r hela livet","publisher":{"@id":"https:\/\/blogg.svenskakyrkan.se\/vandravagen\/#organization"},"potentialAction":[{"@type":"SearchAction","target":{"@type":"EntryPoint","urlTemplate":"https:\/\/blogg.svenskakyrkan.se\/vandravagen\/?s={search_term_string}"},"query-input":{"@type":"PropertyValueSpecification","valueRequired":true,"valueName":"search_term_string"}}],"inLanguage":"sv-SE"},{"@type":"Organization","@id":"https:\/\/blogg.svenskakyrkan.se\/vandravagen\/#organization","name":"ulricehamns pastorat","alternateName":"ulricehamns pastorat","url":"https:\/\/blogg.svenskakyrkan.se\/vandravagen\/","logo":{"@type":"ImageObject","inLanguage":"sv-SE","@id":"https:\/\/blogg.svenskakyrkan.se\/vandravagen\/#\/schema\/logo\/image\/","url":"https:\/\/blogg.svenskakyrkan.se\/vandravagen\/files\/2023\/05\/Ulr_logo_RGB.png","contentUrl":"https:\/\/blogg.svenskakyrkan.se\/vandravagen\/files\/2023\/05\/Ulr_logo_RGB.png","width":205,"height":77,"caption":"ulricehamns pastorat"},"image":{"@id":"https:\/\/blogg.svenskakyrkan.se\/vandravagen\/#\/schema\/logo\/image\/"},"sameAs":["http:\/\/facebook.com\/vandravagen","https:\/\/x.com\/fadertomas","http:\/\/www.facebook.com\/svenskakyrkaniulricehamn"]},{"@type":"Person","@id":"https:\/\/blogg.svenskakyrkan.se\/vandravagen\/#\/schema\/person\/25da02d4f76b137d04291711e2c9fc16","name":"Tomas Jarvid","image":{"@type":"ImageObject","inLanguage":"sv-SE","@id":"https:\/\/blogg.svenskakyrkan.se\/vandravagen\/#\/schema\/person\/image\/","url":"https:\/\/secure.gravatar.com\/avatar\/7fa71899795e8f540f615a1f5ab25255dc27aa40f05ee7ddd21aac521e01bf50?s=96&d=identicon&r=g","contentUrl":"https:\/\/secure.gravatar.com\/avatar\/7fa71899795e8f540f615a1f5ab25255dc27aa40f05ee7ddd21aac521e01bf50?s=96&d=identicon&r=g","caption":"Tomas Jarvid"},"description":"Jag bor i Ulricehamn i V\u00e4sterg\u00f6tland och \u00e4r f\u00f6rsamlingspr\u00e4st i Svenska Kyrkan f\u00f6r Dalstorps f\u00f6rsamling i Kinds pastorat. P\u00e5 den h\u00e4r bloggen skriver jag ner tankar om vandringen som kristen.","sameAs":["http:\/\/www.vandravagen.se"],"url":"https:\/\/blogg.svenskakyrkan.se\/vandravagen\/author\/vandravagen\/"}]}},"author_meta":{"ID":"392","user_nicename":"vandravagen","user_url":"http:\/\/www.vandravagen.se","user_registered":"2014-05-19 05:44:52","display_name":"Tomas Jarvid","first_name":"Tomas","last_name":"Jarvid","avatar":"https:\/\/secure.gravatar.com\/avatar\/7fa71899795e8f540f615a1f5ab25255dc27aa40f05ee7ddd21aac521e01bf50?s=96&d=identicon&r=g"},"featured_image":["https:\/\/blogg.svenskakyrkan.se\/vandravagen\/files\/2022\/01\/207px-Good_shepherd_02b_close.jpg",207,292,false],"bloginfo":{"name":"Vandra V\u00e4gen","url":"https:\/\/blogg.svenskakyrkan.se\/vandravagen"},"_links":{"self":[{"href":"https:\/\/blogg.svenskakyrkan.se\/vandravagen\/wp-json\/wp\/v2\/posts\/8813","targetHints":{"allow":["GET"]}}],"collection":[{"href":"https:\/\/blogg.svenskakyrkan.se\/vandravagen\/wp-json\/wp\/v2\/posts"}],"about":[{"href":"https:\/\/blogg.svenskakyrkan.se\/vandravagen\/wp-json\/wp\/v2\/types\/post"}],"author":[{"embeddable":true,"href":"https:\/\/blogg.svenskakyrkan.se\/vandravagen\/wp-json\/wp\/v2\/users\/392"}],"replies":[{"embeddable":true,"href":"https:\/\/blogg.svenskakyrkan.se\/vandravagen\/wp-json\/wp\/v2\/comments?post=8813"}],"version-history":[{"count":1,"href":"https:\/\/blogg.svenskakyrkan.se\/vandravagen\/wp-json\/wp\/v2\/posts\/8813\/revisions"}],"predecessor-version":[{"id":8815,"href":"https:\/\/blogg.svenskakyrkan.se\/vandravagen\/wp-json\/wp\/v2\/posts\/8813\/revisions\/8815"}],"wp:featuredmedia":[{"embeddable":true,"href":"https:\/\/blogg.svenskakyrkan.se\/vandravagen\/wp-json\/wp\/v2\/media\/8814"}],"wp:attachment":[{"href":"https:\/\/blogg.svenskakyrkan.se\/vandravagen\/wp-json\/wp\/v2\/media?parent=8813"}],"wp:term":[{"taxonomy":"category","embeddable":true,"href":"https:\/\/blogg.svenskakyrkan.se\/vandravagen\/wp-json\/wp\/v2\/categories?post=8813"},{"taxonomy":"post_tag","embeddable":true,"href":"https:\/\/blogg.svenskakyrkan.se\/vandravagen\/wp-json\/wp\/v2\/tags?post=8813"}],"curies":[{"name":"wp","href":"https:\/\/api.w.org\/{rel}","templated":true}]}}