{"id":8836,"date":"2022-02-14T07:00:00","date_gmt":"2022-02-14T06:00:00","guid":{"rendered":"https:\/\/blogg.svenskakyrkan.se\/vandravagen\/?p=8836"},"modified":"2022-02-13T22:27:02","modified_gmt":"2022-02-13T21:27:02","slug":"jona-som-de-bada-forlorade-sonerna","status":"publish","type":"post","link":"https:\/\/blogg.svenskakyrkan.se\/vandravagen\/2022\/02\/14\/jona-som-de-bada-forlorade-sonerna\/","title":{"rendered":"Jona som de b\u00e5da f\u00f6rlorade s\u00f6nerna"},"content":{"rendered":"\n\n\n<figure class=\"wp-block-image size-large is-style-default\"><img loading=\"lazy\" decoding=\"async\" width=\"700\" height=\"488\" src=\"https:\/\/blogg.svenskakyrkan.se\/vandravagen\/files\/2022\/02\/IMG_8475.jpg\" alt=\"\" class=\"wp-image-8837\" srcset=\"https:\/\/blogg.svenskakyrkan.se\/vandravagen\/files\/2022\/02\/IMG_8475.jpg 700w, https:\/\/blogg.svenskakyrkan.se\/vandravagen\/files\/2022\/02\/IMG_8475-300x209.jpg 300w\" sizes=\"auto, (max-width: 700px) 100vw, 700px\" \/><figcaption>Inte Jonas stora fisk (v\u00e4l?) men en riktigt sor en som n\u00e5gon f\u00e5ngade en g\u00e5ng.<\/figcaption><\/figure>\n\n\n\n<p>Ig\u00e5r predikade jag i Finnekumla kyrka och i Marb\u00e4cks kyrka och h\u00f6ll denna predikan. Jag tyckte jag gjort ett litet bibelfynd som jag g\u00e4rna delade med f\u00f6rsamlingen och med dig. Hoppas det blir till gl\u00e4dje! Extra roligt var att tillsammans med en predikan om Jona spelade och sj\u00f6ng Mikael Ryde v\u00e4l valda bitar ur sin Jonamusikal.<\/p>\n\n\n\n<p><strong>Septuagesima 2022: Jona som de tv\u00e5 f\u00f6rlorade s\u00f6nerna<\/strong><\/p>\n\n\n\n<p>Jag fick kasta halva mitt utkast till dagens predikan f\u00f6r jag gjorde en h\u00e4ftig uppt\u00e4ckt i bibeln som jag vill ber\u00e4tta f\u00f6r er.&nbsp;<\/p>\n\n\n\n<p>Idag har vi lyssnat till boken om Jona i gamla testamentet. Jona \u00e4r ju en ganska legendartad figur f\u00f6r det h\u00e4nder s\u00e5 m\u00e4rkliga saker i boken om honom men Jona n\u00e4mns ocks\u00e5 p\u00e5 andra st\u00e4llen i bibeln s\u00e5 p\u00e5 ett eller annat s\u00e4tt har profeten Jona funnits, och efter vad som s\u00e4gs bodde han inte l\u00e5ngt ifr\u00e5n Nasaret d\u00e4r Jesus v\u00e4xte upp. Och det var ju visserligen 700 \u00e5r f\u00f6re Jesu tid men det verkar ju som att Jona var en av de bibliska gestalter som Jesus hade t\u00e4nkt p\u00e5 mest, han talar en hel del om Jona och det kanske \u00e4r rimligt om de var fr\u00e5n samma trakt. Jesus l\u00e4ste ocks\u00e5 mycket i Jesaja och i psaltaren och i Daniels bok f\u00f6r han h\u00e4nvisar ofta till dem.&nbsp;<\/p>\n\n\n\n<p>Jonaboken ser v\u00e4ldigt enkel och kanske larvig ut p\u00e5 ytan och den hamnar g\u00e4rna i barnbiblarna men det \u00e4r en v\u00e4ldigt sofistikerad och genomarbetad bok i sina f\u00e5 kapitel. Det vi f\u00e5tt h\u00f6ra idag \u00e4r slutet som ofta blir bortklippt i barnbiblarna. Jag f\u00e5r tro att ni k\u00e4nner till resten av ber\u00e4ttelsen, Jona har f\u00e5tt en kallelse att predika i Nineve men vill inte utan drar iv\u00e4g s\u00e5 l\u00e5ngt han kan \u00e5t andra h\u00e5llet \u00f6ver havet. Han blir stoppad p\u00e5 v\u00e4gen av en storm och blir kastad i havet till sin d\u00f6d men blir r\u00e4ddad av en stor fisk och ber till Gud i fiskens mage, p\u00e5 tredje dagen blir han uppspottad p\u00e5 land, och det h\u00e4r \u00e4r ju n\u00e5got Jesus tar upp, p\u00e5 samma s\u00e4tt ska han uppst\u00e5 fr\u00e5n de d\u00f6da. Och s\u00e5 predikar han i Nineve. Han lyckas med n\u00e5got INGEN annan profet i bibeln lyckas med, hela staden lyssnar p\u00e5 honom och \u00e5ngrar sin ondska. MEN nu efter\u00e5t \u00e4r han allts\u00e5 inte n\u00f6jd utan surar utanf\u00f6r.<\/p>\n\n\n\n<p>Det var n\u00e4mligen s\u00e5 fr\u00e5n b\u00f6rjan att Jona inte ville att Nineve skulle f\u00e5 n\u00e5gon chans att omv\u00e4nda sig. Han vet ju at Gud \u00e4r god och barmh\u00e4rtig, han citerar bibelns mest citerade vers h\u00e4r. Gud \u00e4r sen till vrede och rik p\u00e5 k\u00e4rlek och i sitt hat mot de onda \u00e4r det helt tv\u00e4rtom med Jona.<\/p>\n\n\n\n<p>Jag tror det kan v\u00e4nda saker uppochner f\u00f6r hur m\u00e5nga kanske t\u00e4nker sig Gud. Gud \u00e4r godare och barmh\u00e4rtigare \u00e4n vi tror och det \u00e4r snarare vi m\u00e4nniskor som vill varandra ont. Att Gud \u00e4lskar mig tycker jag f\u00f6rst\u00e5s \u00e4r bra men vad s\u00e4ger jag n\u00e4r det betyder att Gud ocks\u00e5 \u00e4lskar de jag inte alls tycker om? Blir jag som Jona d\u00e5 och v\u00e4grar f\u00f6rl\u00e5ta dem som Gud redan f\u00f6rl\u00e5tit?<\/p>\n\n\n\n<p>Om man ser p\u00e5 evangelietexten s\u00e5 \u00e4r ju Jona Guds tj\u00e4nare men nu vill han inte g\u00e5 med p\u00e5 att det \u00e4r Gud som best\u00e4mmer, han vill att Gud ska g\u00f6ra som Jona vill!<\/p>\n\n\n\n<p>Nu till min uppt\u00e4ckt. I torsdags pratade vi med konfirmanderna om Jesus liknelser. Och d\u00e5 har man f\u00f6rst\u00e5s med liknelsen om den f\u00f6rlorade sonen. Jag brukar t\u00e4nka att det kanske \u00e4r den viktigaste ber\u00e4ttelsen f\u00f6r alla att k\u00e4nna till f\u00f6r d\u00e4r f\u00e5r vi kanske den viktigaste bilden f\u00f6r hurdan Gud \u00e4r, att Gud \u00e4r som pappan som \u00e4lskar oss som sina barn och att inget vi g\u00f6r kan \u00e4ndra p\u00e5 det. Han lockar oss hem med sin heliga Ande och han springer oss till m\u00f6tes n\u00e4r vi v\u00e4nder hem igen. Har man inte h\u00f6rt den s\u00e5 \u00e4r det nog sv\u00e5rt att f\u00f6rst\u00e5 vad den kristna tron alls handlar om. En sak som sl\u00e5r en n\u00e4r man \u00e5terber\u00e4ttar historien \u00e4r f\u00f6rresten hur m\u00e4rkligt det \u00e4r att fadern g\u00e5r med p\u00e5 det sonen ber om. Men s\u00e5dan \u00e4r ocks\u00e5 v\u00e5r Gud. Vi \u00e4r fria m\u00e4nniskor och Gud vill inte tvinga n\u00e5gon. Gud vill ha v\u00e5r k\u00e4rlek och v\u00e5rt samarbete och s\u00e5dant kan man ju inte tvinga fram, en f\u00f6r\u00e4lder kan inte heller tvinga fram s\u00e5dant i sina barn.<\/p>\n\n\n\n<p>N\u00e4r vi nu har b\u00e5de tjuriga Jona och den f\u00f6rlorade sonen i tankarna samtidigt s\u00e5 kan man se likheterna. Hemmasonen som v\u00e4grar komma in \u00e4r v\u00e4l \u00e4nd\u00e5 v\u00e4ldigt lik Jona som sitter och \u00e4r arg att Gud f\u00f6rl\u00e4t Nineve? Och gr\u00e4ver man vidare finns det fler likheter. Jona liknar ocks\u00e5 den f\u00f6rlorade sonen som l\u00e4mnar sin tj\u00e4nst hos fadern och drar iv\u00e4g f\u00f6r att best\u00e4mma sj\u00e4lv vad han ska g\u00f6ra. Han v\u00e4nder inte om n\u00e4r han sitter i mis\u00e4ren bland grisarna men i el\u00e4ndet i fiskens mage. Och hela inramningen till liknelsen handlar faktiskt om detta att Jesus motst\u00e5ndare klagar \u00f6ver att han s\u00f6ker upp syndare och leder dem r\u00e4tt. S\u00e5 jag skulle i mitt eget huvud t\u00e4nka att Jesus modellerat sin liknelse p\u00e5 Jonaber\u00e4ttelsen, och som vi ska se kanske till och med \u00e5h\u00f6rarna m\u00e4rkte det. De kunde ju sin bibel b\u00e4ttre \u00e4n du och jag.<\/p>\n\n\n\n<p>F\u00f6r oss har ju liknelsen om den f\u00f6rlorade sonen kommit att handla om den \u201df\u00f6rlorade\u201d men n\u00e4r Jesus ber\u00e4ttade den var det mycket riktat mot de d\u00e4r sura r\u00e4ttf\u00e4rdiga hemmas\u00f6nerna som inte tyckte de beh\u00f6vde omv\u00e4nda sig och anv\u00e4nde sin fromhet f\u00f6r att framh\u00e4va sig sj\u00e4lva.<\/p>\n\n\n\n<p>Man kan ocks\u00e5 t\u00e4nka att det \u00e4r staden Nineve sj\u00e4lv som spelar rollen av den f\u00f6rlorade sonen. Nineve som \u00e4r l\u00e5ngt borta fr\u00e5n Guds vilja. Om Jesu \u00e5h\u00f6rare h\u00f6rde n\u00e5got av Jonahistorien bakom Jesu liknelse kanske de t\u00e4nkte s\u00e5? Den yngste sonen v\u00e4nder ju till slut hem av sig sj\u00e4lv men Nineve beh\u00f6ver ju n\u00e5gon som kommer till dem. \u00c4r det inte s\u00e5 d\u00e5 att de inte bara liknar hemmasonen utan ocks\u00e5 liknar sure Jona. Vad BORDE egentligen den \u00e4ldste sonen gjort i Jesu liknelse? Svaret \u00e4r nog att han borde g\u00e5tt ut och h\u00e4mtat hem sin bror? Och n\u00e4r de ser att Jesus \u00e4r den \u00e4ldste sonen som han borde varit, som g\u00e5r ut och h\u00e4mtar hem syndarna till sig ser de ont p\u00e5 det. F\u00f6r att avrunda detta s\u00e5 slutar faktiskt liknelsen och Jonaboken b\u00e5da med en fr\u00e5ga.&nbsp;<\/p>\n\n\n\n<p>Gud fr\u00e5gar Jona om han verkligen har r\u00e4tt att vara vred? Borde han inte gl\u00e4dja sig \u00f6ver omv\u00e4ndelsen? Och andemeningen i liknelsen \u00e4r samma; ser du inte att din bror \u00e4r tillbaka? Fr\u00e5gan blir h\u00e4ngande i luften och \u00e4r de sista orden i ber\u00e4ttelserna. Det \u00e4r nog f\u00f6r att det blir upp till oss som lyssnar att svara p\u00e5 dem. Om Gud \u00e4lskar och f\u00f6rl\u00e5ter den som v\u00e4nder hem, till och med s\u00f6ker upp de f\u00f6rlorade, vad ska d\u00e5 jag g\u00f6ra?<\/p>\n\n\n\n<p>S\u00e5 t\u00e4nkte jag om Jona och om Jesu liknelse. Och om nu n\u00e5gon t\u00e4nker att st\u00e4mmer det h\u00e4r verkligen? Och spelar det i s\u00e5 fall n\u00e5gon roll? S\u00e5 \u00e4r svaret att ingen kan veta vad Jesus blev inspirerad av, det \u00e4r bara gissningar och det g\u00f6r nog inte s\u00e5 stor skillnad heller f\u00f6r innb\u00f6rden i de b\u00e5da ber\u00e4ttelserna fanns ju d\u00e4r redan \u00e4nd\u00e5 men jag t\u00e4nker det kan vara bra med s\u00e5dana h\u00e4r tankeexperiment och lite fria fantasier i bibell\u00e4sningen. Pl\u00f6tsligt k\u00e4nns det som att man kommit n\u00e4ra Jesus tankar, en m\u00e4nniska med favoritb\u00f6cker och som levde med bibeln och hade en genial egen vision av vad det handlade om.<\/p>\n\n\n\n<p>F\u00f6r att nu inte smita undan kommer n\u00e5gra ord om evangeliet ocks\u00e5. Tj\u00e4naren i liknelsen \u00e4r tv\u00e4rtom \u00e4n Jona, han finner sig i att han \u00e4r just tj\u00e4nare och saboterar inte det hans m\u00e4stare s\u00e4ger \u00e5t honom att g\u00f6ra. Jag tror det skulle bli mycket mer l\u00e4ttsm\u00e4lt bara vi inte f\u00e4ster oss s\u00e5 mycket vid ordet \u201d<strong>odugliga<\/strong>\u201d men det g\u00f6r man ju g\u00e4rna. Det st\u00e5r att vi ska s\u00e4ga till oss sj\u00e4lva att vi \u00e4r odugliga tj\u00e4nare som bara gjort det vi \u00e4r skyldiga att g\u00f6ra. Och det \u00e4r nog TJ\u00c4NARE vi ska l\u00e4gga tonvikten p\u00e5. \u201dVi \u00e4r tj\u00e4nare som bara gjort det vi \u00e4r skyldiga att g\u00f6ra\u201d. Vi f\u00e5r inte behandla Gud som att han \u00e4r tj\u00e4nare \u00e5t oss, och mest t\u00e4nka p\u00e5 att manipulera Gud f\u00f6r att MIN VILJA SKE, lite en variant p\u00e5 Jona.<\/p>\n\n\n\n<p>M\u00e5nga m\u00e4nniskor och s\u00e4kert flera h\u00e4r inne s\u00e4ger r\u00e4tt hemska saker till sig sj\u00e4lva hela tiden. Liksom v\u00e4ser \u201didiot\u201d till sig sj\u00e4lva n\u00e4r vi tycker vi sagt n\u00e5got dumt. Och det \u00e4r inte n\u00e5gon bra vana. M\u00e5nga skulle nog aldrig s\u00e4ga s\u00e5 till n\u00e5gon bekant som r\u00e5kar klanta sig lite, d\u00e5 \u00e4r vi mer f\u00f6rst\u00e5ende. Bibeltexten s\u00e4ger allts\u00e5 INTE till oss att vi ska racka ner p\u00e5 oss sj\u00e4lva. Ibland kan det ske ett olyckligt \u00e4ktenskap mellan kristen f\u00f6rkunnelse och d\u00e5lig sj\u00e4lvk\u00e4nsla f\u00f6r det \u00e4r ju s\u00e5 att vi alla \u00e4r syndare men vi \u00e4r \u00e4lskade syndare.&nbsp; Ska man se n\u00e5got gott i detta ordet \u201dodugliga\u201d s\u00e5 syftar det v\u00e4l p\u00e5 att vi borde str\u00e4va efter att g\u00f6ra mer \u00e4n minimum men str\u00e4ngt taget \u00e4r det inga stord\u00e5d som herren beg\u00e4r i liknelsen. Det \u00e4r olika hush\u00e5llsuppgifter med mat och disk och s\u00e5. Det \u00e4r nog s\u00e5 f\u00f6r oss ocks\u00e5 att det \u00e4r i det enkla och vardagliga vi ska g\u00f6ra tj\u00e4nst \u00e5r v\u00e5r Herre. Det \u00e4r trofastheten som \u00e4r grejen.<\/p>\n\n\n\n<p>Ordet tj\u00e4nare \u00e4r nog inte s\u00e5 l\u00e4ttsm\u00e4lt i v\u00e5ra j\u00e4mlika tider. Jag vill se det som att det \u00e4r en g\u00e5va f\u00f6r oss \u00e4ven detta att Gud vill ta oss i sin tj\u00e4nst. Gud som \u00e4r s\u00e5 stor vill att vi ska vara hans s\u00e4ndebud d\u00e4r vi \u00e4r och g\u00f6ra gott mot varandra och bidra till det goda i v\u00e4rlden. Det \u00e4r ju enormt meningsfullt, att v\u00e5ra liv f\u00e5r tj\u00e4na ett st\u00f6rre syfte, det \u00e4r gott.&nbsp;<\/p>\n\n\n\n<p>Vi f\u00e5r inte behandla Gud som att han \u00e4r tj\u00e4nare \u00e5t oss, och mest t\u00e4nka p\u00e5 att manipulera Gud f\u00f6r att MIN VILJA SKE, lite som Jona som inte ville g\u00e5 med p\u00e5 att Guds vilja skulle ske.<\/p>\n\n\n\n<p>Evangeliet idag \u00e4r b\u00e5de att Gud gjort oss till sina, vill ta oss i bruk i sitt rike och anv\u00e4nda oss f\u00f6r det goda. Och att han sedan har mycket t\u00e5lamod med sina tj\u00e4nare n\u00e4r de \u00e4r som tjurskalliga barn. F\u00f6r han har gjort oss till sina barn.<\/p>\n","protected":false},"excerpt":{"rendered":"<p>Ig\u00e5r predikade jag i Finnekumla kyrka och i Marb\u00e4cks kyrka och h\u00f6ll denna predikan. Jag tyckte jag gjort ett litet bibelfynd som jag g\u00e4rna delade med f\u00f6rsamlingen och med dig. Hoppas det blir till gl\u00e4dje! Extra roligt var att tillsammans med en predikan om Jona spelade och sj\u00f6ng Mikael Ryde v\u00e4l valda bitar ur sin [&hellip;]<\/p>\n","protected":false},"author":392,"featured_media":8837,"comment_status":"open","ping_status":"open","sticky":false,"template":"","format":"standard","meta":{"_acf_changed":false,"footnotes":""},"categories":[14252,81118,8298,114,77554],"tags":[],"class_list":["post-8836","post","type-post","status-publish","format-standard","has-post-thumbnail","hentry","category-bibel","category-bibelbocker","category-bibeln","category-predikan","category-vara-manniska"],"acf":[],"yoast_head":"<!-- This site is optimized with the Yoast SEO plugin v27.1.1 - https:\/\/yoast.com\/product\/yoast-seo-wordpress\/ -->\n<title>Jona som de b\u00e5da f\u00f6rlorade s\u00f6nerna - Vandra V\u00e4gen<\/title>\n<meta name=\"robots\" content=\"index, follow, max-snippet:-1, max-image-preview:large, max-video-preview:-1\" \/>\n<link rel=\"canonical\" href=\"https:\/\/blogg.svenskakyrkan.se\/vandravagen\/2022\/02\/14\/jona-som-de-bada-forlorade-sonerna\/\" \/>\n<meta property=\"og:locale\" content=\"sv_SE\" \/>\n<meta property=\"og:type\" content=\"article\" \/>\n<meta property=\"og:title\" content=\"Jona som de b\u00e5da f\u00f6rlorade s\u00f6nerna - Vandra V\u00e4gen\" \/>\n<meta property=\"og:description\" content=\"Ig\u00e5r predikade jag i Finnekumla kyrka och i Marb\u00e4cks kyrka och h\u00f6ll denna predikan. Jag tyckte jag gjort ett litet bibelfynd som jag g\u00e4rna delade med f\u00f6rsamlingen och med dig. Hoppas det blir till gl\u00e4dje! Extra roligt var att tillsammans med en predikan om Jona spelade och sj\u00f6ng Mikael Ryde v\u00e4l valda bitar ur sin [&hellip;]\" \/>\n<meta property=\"og:url\" content=\"https:\/\/blogg.svenskakyrkan.se\/vandravagen\/2022\/02\/14\/jona-som-de-bada-forlorade-sonerna\/\" \/>\n<meta property=\"og:site_name\" content=\"Vandra V\u00e4gen\" \/>\n<meta property=\"article:publisher\" content=\"http:\/\/facebook.com\/vandravagen\" \/>\n<meta property=\"article:published_time\" content=\"2022-02-14T06:00:00+00:00\" \/>\n<meta property=\"og:image\" content=\"https:\/\/blogg.svenskakyrkan.se\/vandravagen\/files\/2022\/02\/IMG_8475.jpg\" \/>\n\t<meta property=\"og:image:width\" content=\"700\" \/>\n\t<meta property=\"og:image:height\" content=\"488\" \/>\n\t<meta property=\"og:image:type\" content=\"image\/jpeg\" \/>\n<meta name=\"author\" content=\"Tomas Jarvid\" \/>\n<meta name=\"twitter:card\" content=\"summary_large_image\" \/>\n<meta name=\"twitter:creator\" content=\"@fadertomas\" \/>\n<meta name=\"twitter:site\" content=\"@fadertomas\" \/>\n<meta name=\"twitter:label1\" content=\"Skriven av\" \/>\n\t<meta name=\"twitter:data1\" content=\"Tomas Jarvid\" \/>\n\t<meta name=\"twitter:label2\" content=\"Ber\u00e4knad l\u00e4stid\" \/>\n\t<meta name=\"twitter:data2\" content=\"10 minuter\" \/>\n<script type=\"application\/ld+json\" class=\"yoast-schema-graph\">{\"@context\":\"https:\/\/schema.org\",\"@graph\":[{\"@type\":\"Article\",\"@id\":\"https:\/\/blogg.svenskakyrkan.se\/vandravagen\/2022\/02\/14\/jona-som-de-bada-forlorade-sonerna\/#article\",\"isPartOf\":{\"@id\":\"https:\/\/blogg.svenskakyrkan.se\/vandravagen\/2022\/02\/14\/jona-som-de-bada-forlorade-sonerna\/\"},\"author\":{\"name\":\"Tomas Jarvid\",\"@id\":\"https:\/\/blogg.svenskakyrkan.se\/vandravagen\/#\/schema\/person\/25da02d4f76b137d04291711e2c9fc16\"},\"headline\":\"Jona som de b\u00e5da f\u00f6rlorade s\u00f6nerna\",\"datePublished\":\"2022-02-14T06:00:00+00:00\",\"mainEntityOfPage\":{\"@id\":\"https:\/\/blogg.svenskakyrkan.se\/vandravagen\/2022\/02\/14\/jona-som-de-bada-forlorade-sonerna\/\"},\"wordCount\":2056,\"commentCount\":6,\"publisher\":{\"@id\":\"https:\/\/blogg.svenskakyrkan.se\/vandravagen\/#organization\"},\"image\":{\"@id\":\"https:\/\/blogg.svenskakyrkan.se\/vandravagen\/2022\/02\/14\/jona-som-de-bada-forlorade-sonerna\/#primaryimage\"},\"thumbnailUrl\":\"https:\/\/blogg.svenskakyrkan.se\/vandravagen\/files\/2022\/02\/IMG_8475.jpg\",\"articleSection\":[\"bibel\",\"bibelb\u00f6cker\",\"Bibeln\",\"predikan\",\"vara m\u00e4nniska\"],\"inLanguage\":\"sv-SE\",\"potentialAction\":[{\"@type\":\"CommentAction\",\"name\":\"Comment\",\"target\":[\"https:\/\/blogg.svenskakyrkan.se\/vandravagen\/2022\/02\/14\/jona-som-de-bada-forlorade-sonerna\/#respond\"]}]},{\"@type\":\"WebPage\",\"@id\":\"https:\/\/blogg.svenskakyrkan.se\/vandravagen\/2022\/02\/14\/jona-som-de-bada-forlorade-sonerna\/\",\"url\":\"https:\/\/blogg.svenskakyrkan.se\/vandravagen\/2022\/02\/14\/jona-som-de-bada-forlorade-sonerna\/\",\"name\":\"Jona som de b\u00e5da f\u00f6rlorade s\u00f6nerna - Vandra V\u00e4gen\",\"isPartOf\":{\"@id\":\"https:\/\/blogg.svenskakyrkan.se\/vandravagen\/#website\"},\"primaryImageOfPage\":{\"@id\":\"https:\/\/blogg.svenskakyrkan.se\/vandravagen\/2022\/02\/14\/jona-som-de-bada-forlorade-sonerna\/#primaryimage\"},\"image\":{\"@id\":\"https:\/\/blogg.svenskakyrkan.se\/vandravagen\/2022\/02\/14\/jona-som-de-bada-forlorade-sonerna\/#primaryimage\"},\"thumbnailUrl\":\"https:\/\/blogg.svenskakyrkan.se\/vandravagen\/files\/2022\/02\/IMG_8475.jpg\",\"datePublished\":\"2022-02-14T06:00:00+00:00\",\"breadcrumb\":{\"@id\":\"https:\/\/blogg.svenskakyrkan.se\/vandravagen\/2022\/02\/14\/jona-som-de-bada-forlorade-sonerna\/#breadcrumb\"},\"inLanguage\":\"sv-SE\",\"potentialAction\":[{\"@type\":\"ReadAction\",\"target\":[\"https:\/\/blogg.svenskakyrkan.se\/vandravagen\/2022\/02\/14\/jona-som-de-bada-forlorade-sonerna\/\"]}]},{\"@type\":\"ImageObject\",\"inLanguage\":\"sv-SE\",\"@id\":\"https:\/\/blogg.svenskakyrkan.se\/vandravagen\/2022\/02\/14\/jona-som-de-bada-forlorade-sonerna\/#primaryimage\",\"url\":\"https:\/\/blogg.svenskakyrkan.se\/vandravagen\/files\/2022\/02\/IMG_8475.jpg\",\"contentUrl\":\"https:\/\/blogg.svenskakyrkan.se\/vandravagen\/files\/2022\/02\/IMG_8475.jpg\",\"width\":700,\"height\":488},{\"@type\":\"BreadcrumbList\",\"@id\":\"https:\/\/blogg.svenskakyrkan.se\/vandravagen\/2022\/02\/14\/jona-som-de-bada-forlorade-sonerna\/#breadcrumb\",\"itemListElement\":[{\"@type\":\"ListItem\",\"position\":1,\"name\":\"Hem\",\"item\":\"https:\/\/blogg.svenskakyrkan.se\/vandravagen\/\"},{\"@type\":\"ListItem\",\"position\":2,\"name\":\"Jona som de b\u00e5da f\u00f6rlorade s\u00f6nerna\"}]},{\"@type\":\"WebSite\",\"@id\":\"https:\/\/blogg.svenskakyrkan.se\/vandravagen\/#website\",\"url\":\"https:\/\/blogg.svenskakyrkan.se\/vandravagen\/\",\"name\":\"Vandra V\u00e4gen\",\"description\":\"-Mot en tro f\u00f6r hela livet\",\"publisher\":{\"@id\":\"https:\/\/blogg.svenskakyrkan.se\/vandravagen\/#organization\"},\"potentialAction\":[{\"@type\":\"SearchAction\",\"target\":{\"@type\":\"EntryPoint\",\"urlTemplate\":\"https:\/\/blogg.svenskakyrkan.se\/vandravagen\/?s={search_term_string}\"},\"query-input\":{\"@type\":\"PropertyValueSpecification\",\"valueRequired\":true,\"valueName\":\"search_term_string\"}}],\"inLanguage\":\"sv-SE\"},{\"@type\":\"Organization\",\"@id\":\"https:\/\/blogg.svenskakyrkan.se\/vandravagen\/#organization\",\"name\":\"ulricehamns pastorat\",\"alternateName\":\"ulricehamns pastorat\",\"url\":\"https:\/\/blogg.svenskakyrkan.se\/vandravagen\/\",\"logo\":{\"@type\":\"ImageObject\",\"inLanguage\":\"sv-SE\",\"@id\":\"https:\/\/blogg.svenskakyrkan.se\/vandravagen\/#\/schema\/logo\/image\/\",\"url\":\"https:\/\/blogg.svenskakyrkan.se\/vandravagen\/files\/2023\/05\/Ulr_logo_RGB.png\",\"contentUrl\":\"https:\/\/blogg.svenskakyrkan.se\/vandravagen\/files\/2023\/05\/Ulr_logo_RGB.png\",\"width\":205,\"height\":77,\"caption\":\"ulricehamns pastorat\"},\"image\":{\"@id\":\"https:\/\/blogg.svenskakyrkan.se\/vandravagen\/#\/schema\/logo\/image\/\"},\"sameAs\":[\"http:\/\/facebook.com\/vandravagen\",\"https:\/\/x.com\/fadertomas\",\"http:\/\/www.facebook.com\/svenskakyrkaniulricehamn\"]},{\"@type\":\"Person\",\"@id\":\"https:\/\/blogg.svenskakyrkan.se\/vandravagen\/#\/schema\/person\/25da02d4f76b137d04291711e2c9fc16\",\"name\":\"Tomas Jarvid\",\"image\":{\"@type\":\"ImageObject\",\"inLanguage\":\"sv-SE\",\"@id\":\"https:\/\/blogg.svenskakyrkan.se\/vandravagen\/#\/schema\/person\/image\/\",\"url\":\"https:\/\/secure.gravatar.com\/avatar\/7fa71899795e8f540f615a1f5ab25255dc27aa40f05ee7ddd21aac521e01bf50?s=96&d=identicon&r=g\",\"contentUrl\":\"https:\/\/secure.gravatar.com\/avatar\/7fa71899795e8f540f615a1f5ab25255dc27aa40f05ee7ddd21aac521e01bf50?s=96&d=identicon&r=g\",\"caption\":\"Tomas Jarvid\"},\"description\":\"Jag bor i Ulricehamn i V\u00e4sterg\u00f6tland och \u00e4r f\u00f6rsamlingspr\u00e4st i Svenska Kyrkan f\u00f6r Dalstorps f\u00f6rsamling i Kinds pastorat. P\u00e5 den h\u00e4r bloggen skriver jag ner tankar om vandringen som kristen.\",\"sameAs\":[\"http:\/\/www.vandravagen.se\"],\"url\":\"https:\/\/blogg.svenskakyrkan.se\/vandravagen\/author\/vandravagen\/\"}]}<\/script>\n<!-- \/ Yoast SEO plugin. -->","yoast_head_json":{"title":"Jona som de b\u00e5da f\u00f6rlorade s\u00f6nerna - Vandra V\u00e4gen","robots":{"index":"index","follow":"follow","max-snippet":"max-snippet:-1","max-image-preview":"max-image-preview:large","max-video-preview":"max-video-preview:-1"},"canonical":"https:\/\/blogg.svenskakyrkan.se\/vandravagen\/2022\/02\/14\/jona-som-de-bada-forlorade-sonerna\/","og_locale":"sv_SE","og_type":"article","og_title":"Jona som de b\u00e5da f\u00f6rlorade s\u00f6nerna - Vandra V\u00e4gen","og_description":"Ig\u00e5r predikade jag i Finnekumla kyrka och i Marb\u00e4cks kyrka och h\u00f6ll denna predikan. Jag tyckte jag gjort ett litet bibelfynd som jag g\u00e4rna delade med f\u00f6rsamlingen och med dig. Hoppas det blir till gl\u00e4dje! Extra roligt var att tillsammans med en predikan om Jona spelade och sj\u00f6ng Mikael Ryde v\u00e4l valda bitar ur sin [&hellip;]","og_url":"https:\/\/blogg.svenskakyrkan.se\/vandravagen\/2022\/02\/14\/jona-som-de-bada-forlorade-sonerna\/","og_site_name":"Vandra V\u00e4gen","article_publisher":"http:\/\/facebook.com\/vandravagen","article_published_time":"2022-02-14T06:00:00+00:00","og_image":[{"width":700,"height":488,"url":"https:\/\/blogg.svenskakyrkan.se\/vandravagen\/files\/2022\/02\/IMG_8475.jpg","type":"image\/jpeg"}],"author":"Tomas Jarvid","twitter_card":"summary_large_image","twitter_creator":"@fadertomas","twitter_site":"@fadertomas","twitter_misc":{"Skriven av":"Tomas Jarvid","Ber\u00e4knad l\u00e4stid":"10 minuter"},"schema":{"@context":"https:\/\/schema.org","@graph":[{"@type":"Article","@id":"https:\/\/blogg.svenskakyrkan.se\/vandravagen\/2022\/02\/14\/jona-som-de-bada-forlorade-sonerna\/#article","isPartOf":{"@id":"https:\/\/blogg.svenskakyrkan.se\/vandravagen\/2022\/02\/14\/jona-som-de-bada-forlorade-sonerna\/"},"author":{"name":"Tomas Jarvid","@id":"https:\/\/blogg.svenskakyrkan.se\/vandravagen\/#\/schema\/person\/25da02d4f76b137d04291711e2c9fc16"},"headline":"Jona som de b\u00e5da f\u00f6rlorade s\u00f6nerna","datePublished":"2022-02-14T06:00:00+00:00","mainEntityOfPage":{"@id":"https:\/\/blogg.svenskakyrkan.se\/vandravagen\/2022\/02\/14\/jona-som-de-bada-forlorade-sonerna\/"},"wordCount":2056,"commentCount":6,"publisher":{"@id":"https:\/\/blogg.svenskakyrkan.se\/vandravagen\/#organization"},"image":{"@id":"https:\/\/blogg.svenskakyrkan.se\/vandravagen\/2022\/02\/14\/jona-som-de-bada-forlorade-sonerna\/#primaryimage"},"thumbnailUrl":"https:\/\/blogg.svenskakyrkan.se\/vandravagen\/files\/2022\/02\/IMG_8475.jpg","articleSection":["bibel","bibelb\u00f6cker","Bibeln","predikan","vara m\u00e4nniska"],"inLanguage":"sv-SE","potentialAction":[{"@type":"CommentAction","name":"Comment","target":["https:\/\/blogg.svenskakyrkan.se\/vandravagen\/2022\/02\/14\/jona-som-de-bada-forlorade-sonerna\/#respond"]}]},{"@type":"WebPage","@id":"https:\/\/blogg.svenskakyrkan.se\/vandravagen\/2022\/02\/14\/jona-som-de-bada-forlorade-sonerna\/","url":"https:\/\/blogg.svenskakyrkan.se\/vandravagen\/2022\/02\/14\/jona-som-de-bada-forlorade-sonerna\/","name":"Jona som de b\u00e5da f\u00f6rlorade s\u00f6nerna - Vandra V\u00e4gen","isPartOf":{"@id":"https:\/\/blogg.svenskakyrkan.se\/vandravagen\/#website"},"primaryImageOfPage":{"@id":"https:\/\/blogg.svenskakyrkan.se\/vandravagen\/2022\/02\/14\/jona-som-de-bada-forlorade-sonerna\/#primaryimage"},"image":{"@id":"https:\/\/blogg.svenskakyrkan.se\/vandravagen\/2022\/02\/14\/jona-som-de-bada-forlorade-sonerna\/#primaryimage"},"thumbnailUrl":"https:\/\/blogg.svenskakyrkan.se\/vandravagen\/files\/2022\/02\/IMG_8475.jpg","datePublished":"2022-02-14T06:00:00+00:00","breadcrumb":{"@id":"https:\/\/blogg.svenskakyrkan.se\/vandravagen\/2022\/02\/14\/jona-som-de-bada-forlorade-sonerna\/#breadcrumb"},"inLanguage":"sv-SE","potentialAction":[{"@type":"ReadAction","target":["https:\/\/blogg.svenskakyrkan.se\/vandravagen\/2022\/02\/14\/jona-som-de-bada-forlorade-sonerna\/"]}]},{"@type":"ImageObject","inLanguage":"sv-SE","@id":"https:\/\/blogg.svenskakyrkan.se\/vandravagen\/2022\/02\/14\/jona-som-de-bada-forlorade-sonerna\/#primaryimage","url":"https:\/\/blogg.svenskakyrkan.se\/vandravagen\/files\/2022\/02\/IMG_8475.jpg","contentUrl":"https:\/\/blogg.svenskakyrkan.se\/vandravagen\/files\/2022\/02\/IMG_8475.jpg","width":700,"height":488},{"@type":"BreadcrumbList","@id":"https:\/\/blogg.svenskakyrkan.se\/vandravagen\/2022\/02\/14\/jona-som-de-bada-forlorade-sonerna\/#breadcrumb","itemListElement":[{"@type":"ListItem","position":1,"name":"Hem","item":"https:\/\/blogg.svenskakyrkan.se\/vandravagen\/"},{"@type":"ListItem","position":2,"name":"Jona som de b\u00e5da f\u00f6rlorade s\u00f6nerna"}]},{"@type":"WebSite","@id":"https:\/\/blogg.svenskakyrkan.se\/vandravagen\/#website","url":"https:\/\/blogg.svenskakyrkan.se\/vandravagen\/","name":"Vandra V\u00e4gen","description":"-Mot en tro f\u00f6r hela livet","publisher":{"@id":"https:\/\/blogg.svenskakyrkan.se\/vandravagen\/#organization"},"potentialAction":[{"@type":"SearchAction","target":{"@type":"EntryPoint","urlTemplate":"https:\/\/blogg.svenskakyrkan.se\/vandravagen\/?s={search_term_string}"},"query-input":{"@type":"PropertyValueSpecification","valueRequired":true,"valueName":"search_term_string"}}],"inLanguage":"sv-SE"},{"@type":"Organization","@id":"https:\/\/blogg.svenskakyrkan.se\/vandravagen\/#organization","name":"ulricehamns pastorat","alternateName":"ulricehamns pastorat","url":"https:\/\/blogg.svenskakyrkan.se\/vandravagen\/","logo":{"@type":"ImageObject","inLanguage":"sv-SE","@id":"https:\/\/blogg.svenskakyrkan.se\/vandravagen\/#\/schema\/logo\/image\/","url":"https:\/\/blogg.svenskakyrkan.se\/vandravagen\/files\/2023\/05\/Ulr_logo_RGB.png","contentUrl":"https:\/\/blogg.svenskakyrkan.se\/vandravagen\/files\/2023\/05\/Ulr_logo_RGB.png","width":205,"height":77,"caption":"ulricehamns pastorat"},"image":{"@id":"https:\/\/blogg.svenskakyrkan.se\/vandravagen\/#\/schema\/logo\/image\/"},"sameAs":["http:\/\/facebook.com\/vandravagen","https:\/\/x.com\/fadertomas","http:\/\/www.facebook.com\/svenskakyrkaniulricehamn"]},{"@type":"Person","@id":"https:\/\/blogg.svenskakyrkan.se\/vandravagen\/#\/schema\/person\/25da02d4f76b137d04291711e2c9fc16","name":"Tomas Jarvid","image":{"@type":"ImageObject","inLanguage":"sv-SE","@id":"https:\/\/blogg.svenskakyrkan.se\/vandravagen\/#\/schema\/person\/image\/","url":"https:\/\/secure.gravatar.com\/avatar\/7fa71899795e8f540f615a1f5ab25255dc27aa40f05ee7ddd21aac521e01bf50?s=96&d=identicon&r=g","contentUrl":"https:\/\/secure.gravatar.com\/avatar\/7fa71899795e8f540f615a1f5ab25255dc27aa40f05ee7ddd21aac521e01bf50?s=96&d=identicon&r=g","caption":"Tomas Jarvid"},"description":"Jag bor i Ulricehamn i V\u00e4sterg\u00f6tland och \u00e4r f\u00f6rsamlingspr\u00e4st i Svenska Kyrkan f\u00f6r Dalstorps f\u00f6rsamling i Kinds pastorat. P\u00e5 den h\u00e4r bloggen skriver jag ner tankar om vandringen som kristen.","sameAs":["http:\/\/www.vandravagen.se"],"url":"https:\/\/blogg.svenskakyrkan.se\/vandravagen\/author\/vandravagen\/"}]}},"author_meta":{"ID":"392","user_nicename":"vandravagen","user_url":"http:\/\/www.vandravagen.se","user_registered":"2014-05-19 05:44:52","display_name":"Tomas Jarvid","first_name":"Tomas","last_name":"Jarvid","avatar":"https:\/\/secure.gravatar.com\/avatar\/7fa71899795e8f540f615a1f5ab25255dc27aa40f05ee7ddd21aac521e01bf50?s=96&d=identicon&r=g"},"featured_image":["https:\/\/blogg.svenskakyrkan.se\/vandravagen\/files\/2022\/02\/IMG_8475.jpg",700,488,false],"bloginfo":{"name":"Vandra V\u00e4gen","url":"https:\/\/blogg.svenskakyrkan.se\/vandravagen"},"_links":{"self":[{"href":"https:\/\/blogg.svenskakyrkan.se\/vandravagen\/wp-json\/wp\/v2\/posts\/8836","targetHints":{"allow":["GET"]}}],"collection":[{"href":"https:\/\/blogg.svenskakyrkan.se\/vandravagen\/wp-json\/wp\/v2\/posts"}],"about":[{"href":"https:\/\/blogg.svenskakyrkan.se\/vandravagen\/wp-json\/wp\/v2\/types\/post"}],"author":[{"embeddable":true,"href":"https:\/\/blogg.svenskakyrkan.se\/vandravagen\/wp-json\/wp\/v2\/users\/392"}],"replies":[{"embeddable":true,"href":"https:\/\/blogg.svenskakyrkan.se\/vandravagen\/wp-json\/wp\/v2\/comments?post=8836"}],"version-history":[{"count":1,"href":"https:\/\/blogg.svenskakyrkan.se\/vandravagen\/wp-json\/wp\/v2\/posts\/8836\/revisions"}],"predecessor-version":[{"id":8838,"href":"https:\/\/blogg.svenskakyrkan.se\/vandravagen\/wp-json\/wp\/v2\/posts\/8836\/revisions\/8838"}],"wp:featuredmedia":[{"embeddable":true,"href":"https:\/\/blogg.svenskakyrkan.se\/vandravagen\/wp-json\/wp\/v2\/media\/8837"}],"wp:attachment":[{"href":"https:\/\/blogg.svenskakyrkan.se\/vandravagen\/wp-json\/wp\/v2\/media?parent=8836"}],"wp:term":[{"taxonomy":"category","embeddable":true,"href":"https:\/\/blogg.svenskakyrkan.se\/vandravagen\/wp-json\/wp\/v2\/categories?post=8836"},{"taxonomy":"post_tag","embeddable":true,"href":"https:\/\/blogg.svenskakyrkan.se\/vandravagen\/wp-json\/wp\/v2\/tags?post=8836"}],"curies":[{"name":"wp","href":"https:\/\/api.w.org\/{rel}","templated":true}]}}