{"id":8860,"date":"2022-02-27T07:00:00","date_gmt":"2022-02-27T06:00:00","guid":{"rendered":"https:\/\/blogg.svenskakyrkan.se\/vandravagen\/?p=8860"},"modified":"2022-02-26T23:47:31","modified_gmt":"2022-02-26T22:47:31","slug":"9-blandade-tankar-pa-sondagen-128","status":"publish","type":"post","link":"https:\/\/blogg.svenskakyrkan.se\/vandravagen\/2022\/02\/27\/9-blandade-tankar-pa-sondagen-128\/","title":{"rendered":"9 blandade tankar p\u00e5 s\u00f6ndagen"},"content":{"rendered":"\n\n\n<figure class=\"wp-block-image size-large\"><img loading=\"lazy\" decoding=\"async\" width=\"1024\" height=\"1231\" src=\"https:\/\/blogg.svenskakyrkan.se\/vandravagen\/files\/2022\/02\/1000262-1604659647-2-1024x1231.jpg\" alt=\"\" class=\"wp-image-8862\" srcset=\"https:\/\/blogg.svenskakyrkan.se\/vandravagen\/files\/2022\/02\/1000262-1604659647-2-1024x1231.jpg 1024w, https:\/\/blogg.svenskakyrkan.se\/vandravagen\/files\/2022\/02\/1000262-1604659647-2-300x361.jpg 300w, https:\/\/blogg.svenskakyrkan.se\/vandravagen\/files\/2022\/02\/1000262-1604659647-2-768x924.jpg 768w, https:\/\/blogg.svenskakyrkan.se\/vandravagen\/files\/2022\/02\/1000262-1604659647-2-1277x1536.jpg 1277w, https:\/\/blogg.svenskakyrkan.se\/vandravagen\/files\/2022\/02\/1000262-1604659647-2-1703x2048.jpg 1703w, https:\/\/blogg.svenskakyrkan.se\/vandravagen\/files\/2022\/02\/1000262-1604659647-2-1200x1443.jpg 1200w, https:\/\/blogg.svenskakyrkan.se\/vandravagen\/files\/2022\/02\/1000262-1604659647-2.jpg 1871w\" sizes=\"auto, (max-width: 1024px) 100vw, 1024px\" \/><figcaption>N\u00e5gra greker kommer f\u00f6r att se Jesus (kanske \u00e4r det dem vi ser till h\u00f6ger i lustiga hattar?)<\/figcaption><\/figure>\n\n\n\n<ol class=\"wp-block-list\"><li>Glad s\u00f6ndag k\u00e4ra l\u00e4sare! Vare sig det nu \u00e4r en s\u00e5dan eller inte s\u00e5 \u00f6nskar jag er en i alla fall. Det \u00e4r ju allvarliga tider i v\u00e4rlden som ju ingen missat.<\/li><li>Som alla andra h\u00e5ller jag p\u00e5 och f\u00f6rs\u00f6ker sm\u00e4lta det som h\u00e4nder i Ukraina. Jag har sett m\u00e5nga andra pr\u00e4ster och andra vara snabba att l\u00e4gga upp b\u00f6ner och annat. Jag \u00e4r l\u00e5ngsam med s\u00e5na saker tror jag. Eller s\u00e5 \u00e4r det att orden inte riktigt r\u00e4cker till. Det k\u00e4nns lite som b\u00f6rjan p\u00e5 pandemin p\u00e5 nytt. In i ok\u00e4nd terr\u00e4ng.<\/li><li>Av alla saker man kan h\u00e4nga upp sig p\u00e5 s\u00e5 har jag \u00e5terv\u00e4nt i tankarna m\u00e5nga g\u00e5nger till den d\u00e4r patriarken i Moskva som v\u00e4lsignade den ryska arm\u00e9n. Det \u00e4r s\u00e5 h\u00e5rresande d\u00e5ligt f\u00f6rst\u00e5s, jag predikade f\u00f6r inte s\u00e5 l\u00e4nge sedan om vad man kan och inte kan g\u00f6ra &#8221;i Jesu namn&#8221; och man kan f\u00f6rst\u00e5s bara g\u00f6ra s\u00e5dant som Jesus sj\u00e4lv skulle kunna vara med p\u00e5. <\/li><li>Jag s\u00e5g en pr\u00e4st v\u00e4lsigna n\u00e5gons nyk\u00f6pta revolver en g\u00e5ng p\u00e5 Filippinerna. Har alltid undrat hur den v\u00e4lsignelsen var formulerad.<\/li><li>Pr\u00e4stlivet tuffar annars p\u00e5 f\u00f6r min del. Jag tr\u00e4ffar sorgehus och brudpar och har firat m\u00e4ssa f\u00f6r f\u00f6rsta g\u00e5ngen i G\u00e4llstads kyrka. Kalendern b\u00f6rjar fyllas med uppgifter nu n\u00e4r jag hunnit vara i tj\u00e4nst ett tag.<\/li><li>Ig\u00e5r var vi med familjen p\u00e5 utst\u00e4llning p\u00e5 textilmuseet i Bor\u00e5s. Det var fint och bra och kanske framf\u00f6rallt en stor k\u00e4nsla att det \u00e4r m\u00f6jligt att g\u00f6ra utflykter till annat \u00e4n till skogen med familjen nu n\u00e4r verksamheter fungerar mer normalt igen.<\/li><li>Idag \u00e4r det fastlagss\u00f6ndagen. Det k\u00e4nns rimligt att fira allvarliga fastegudstj\u00e4nster och tala om hur vi st\u00e5r emot det onda nu n\u00e4r det gjort sig p\u00e5mint p\u00e5 nya s\u00e4tt. I &#8221;litanian&#8221; ber vi om skydd mot krig och v\u00e4rldsbrand och jag funderar p\u00e5 om jag kan hitta fler gamla b\u00f6ner i krigstid i n\u00e5gon \u00e4ldre handbok h\u00e4r hemma. Det \u00e4r \u00f6dmjukande att t\u00e4nka att v\u00e5ra anf\u00e4der i samma kyrka faktiskt ofta levde med krigets fasor och hot \u00e4ven om vi nu vant oss vid att s\u00e5dant inte har med Sverige att g\u00f6ra.<\/li><li>Jag predikar inte idag men jag har en gammal predikan jag tycker har en hel del bra, om &#8221;<a href=\"https:\/\/blogg.svenskakyrkan.se\/vandravagen\/2016\/02\/08\/drottning-esters-stund\/\">drottning Esters stund<\/a>&#8221; och om Jesus stund ocks\u00e5 f\u00f6rst\u00e5s, samma texter som l\u00e4ses denna s\u00f6ndag i v\u00e5ra kyrkor.<\/li><li>Hur har du det idag? Skriv en rad och ber\u00e4tta! Eller om det \u00e4r s\u00e5 att du vill skriva av dig n\u00e5gra tankar som du inte vill alla ska se \u00e4r du alltid v\u00e4lkommen att skriva till tomas.jarvid@svenskakyrkan.se<\/li><\/ol>\n","protected":false},"excerpt":{"rendered":"<p>Glad s\u00f6ndag k\u00e4ra l\u00e4sare! Vare sig det nu \u00e4r en s\u00e5dan eller inte s\u00e5 \u00f6nskar jag er en i alla fall. Det \u00e4r ju allvarliga tider i v\u00e4rlden som ju ingen missat. Som alla andra h\u00e5ller jag p\u00e5 och f\u00f6rs\u00f6ker sm\u00e4lta det som h\u00e4nder i Ukraina. Jag har sett m\u00e5nga andra pr\u00e4ster och andra vara [&hellip;]<\/p>\n","protected":false},"author":392,"featured_media":8862,"comment_status":"open","ping_status":"open","sticky":false,"template":"","format":"standard","meta":{"_acf_changed":false,"footnotes":""},"categories":[9],"tags":[],"class_list":["post-8860","post","type-post","status-publish","format-standard","has-post-thumbnail","hentry","category-okategoriserade"],"acf":[],"yoast_head":"<!-- This site is optimized with the Yoast SEO plugin v27.1.1 - https:\/\/yoast.com\/product\/yoast-seo-wordpress\/ -->\n<title>9 blandade tankar p\u00e5 s\u00f6ndagen - Vandra V\u00e4gen<\/title>\n<meta name=\"robots\" content=\"index, follow, max-snippet:-1, max-image-preview:large, max-video-preview:-1\" \/>\n<link rel=\"canonical\" href=\"https:\/\/blogg.svenskakyrkan.se\/vandravagen\/2022\/02\/27\/9-blandade-tankar-pa-sondagen-128\/\" \/>\n<meta property=\"og:locale\" content=\"sv_SE\" \/>\n<meta property=\"og:type\" content=\"article\" \/>\n<meta property=\"og:title\" content=\"9 blandade tankar p\u00e5 s\u00f6ndagen - Vandra V\u00e4gen\" \/>\n<meta property=\"og:description\" content=\"Glad s\u00f6ndag k\u00e4ra l\u00e4sare! Vare sig det nu \u00e4r en s\u00e5dan eller inte s\u00e5 \u00f6nskar jag er en i alla fall. Det \u00e4r ju allvarliga tider i v\u00e4rlden som ju ingen missat. Som alla andra h\u00e5ller jag p\u00e5 och f\u00f6rs\u00f6ker sm\u00e4lta det som h\u00e4nder i Ukraina. Jag har sett m\u00e5nga andra pr\u00e4ster och andra vara [&hellip;]\" \/>\n<meta property=\"og:url\" content=\"https:\/\/blogg.svenskakyrkan.se\/vandravagen\/2022\/02\/27\/9-blandade-tankar-pa-sondagen-128\/\" \/>\n<meta property=\"og:site_name\" content=\"Vandra V\u00e4gen\" \/>\n<meta property=\"article:publisher\" content=\"http:\/\/facebook.com\/vandravagen\" \/>\n<meta property=\"article:published_time\" content=\"2022-02-27T06:00:00+00:00\" \/>\n<meta property=\"og:image\" content=\"https:\/\/blogg.svenskakyrkan.se\/vandravagen\/files\/2022\/02\/1000262-1604659647-2.jpg\" \/>\n\t<meta property=\"og:image:width\" content=\"1871\" \/>\n\t<meta property=\"og:image:height\" content=\"2250\" \/>\n\t<meta property=\"og:image:type\" content=\"image\/jpeg\" \/>\n<meta name=\"author\" content=\"Tomas Jarvid\" \/>\n<meta name=\"twitter:card\" content=\"summary_large_image\" \/>\n<meta name=\"twitter:creator\" content=\"@fadertomas\" \/>\n<meta name=\"twitter:site\" content=\"@fadertomas\" \/>\n<meta name=\"twitter:label1\" content=\"Skriven av\" \/>\n\t<meta name=\"twitter:data1\" content=\"Tomas Jarvid\" \/>\n\t<meta name=\"twitter:label2\" content=\"Ber\u00e4knad l\u00e4stid\" \/>\n\t<meta name=\"twitter:data2\" content=\"3 minuter\" \/>\n<script type=\"application\/ld+json\" class=\"yoast-schema-graph\">{\"@context\":\"https:\/\/schema.org\",\"@graph\":[{\"@type\":\"Article\",\"@id\":\"https:\/\/blogg.svenskakyrkan.se\/vandravagen\/2022\/02\/27\/9-blandade-tankar-pa-sondagen-128\/#article\",\"isPartOf\":{\"@id\":\"https:\/\/blogg.svenskakyrkan.se\/vandravagen\/2022\/02\/27\/9-blandade-tankar-pa-sondagen-128\/\"},\"author\":{\"name\":\"Tomas Jarvid\",\"@id\":\"https:\/\/blogg.svenskakyrkan.se\/vandravagen\/#\/schema\/person\/25da02d4f76b137d04291711e2c9fc16\"},\"headline\":\"9 blandade tankar p\u00e5 s\u00f6ndagen\",\"datePublished\":\"2022-02-27T06:00:00+00:00\",\"mainEntityOfPage\":{\"@id\":\"https:\/\/blogg.svenskakyrkan.se\/vandravagen\/2022\/02\/27\/9-blandade-tankar-pa-sondagen-128\/\"},\"wordCount\":544,\"commentCount\":3,\"publisher\":{\"@id\":\"https:\/\/blogg.svenskakyrkan.se\/vandravagen\/#organization\"},\"image\":{\"@id\":\"https:\/\/blogg.svenskakyrkan.se\/vandravagen\/2022\/02\/27\/9-blandade-tankar-pa-sondagen-128\/#primaryimage\"},\"thumbnailUrl\":\"https:\/\/blogg.svenskakyrkan.se\/vandravagen\/files\/2022\/02\/1000262-1604659647-2.jpg\",\"inLanguage\":\"sv-SE\",\"potentialAction\":[{\"@type\":\"CommentAction\",\"name\":\"Comment\",\"target\":[\"https:\/\/blogg.svenskakyrkan.se\/vandravagen\/2022\/02\/27\/9-blandade-tankar-pa-sondagen-128\/#respond\"]}]},{\"@type\":\"WebPage\",\"@id\":\"https:\/\/blogg.svenskakyrkan.se\/vandravagen\/2022\/02\/27\/9-blandade-tankar-pa-sondagen-128\/\",\"url\":\"https:\/\/blogg.svenskakyrkan.se\/vandravagen\/2022\/02\/27\/9-blandade-tankar-pa-sondagen-128\/\",\"name\":\"9 blandade tankar p\u00e5 s\u00f6ndagen - Vandra V\u00e4gen\",\"isPartOf\":{\"@id\":\"https:\/\/blogg.svenskakyrkan.se\/vandravagen\/#website\"},\"primaryImageOfPage\":{\"@id\":\"https:\/\/blogg.svenskakyrkan.se\/vandravagen\/2022\/02\/27\/9-blandade-tankar-pa-sondagen-128\/#primaryimage\"},\"image\":{\"@id\":\"https:\/\/blogg.svenskakyrkan.se\/vandravagen\/2022\/02\/27\/9-blandade-tankar-pa-sondagen-128\/#primaryimage\"},\"thumbnailUrl\":\"https:\/\/blogg.svenskakyrkan.se\/vandravagen\/files\/2022\/02\/1000262-1604659647-2.jpg\",\"datePublished\":\"2022-02-27T06:00:00+00:00\",\"breadcrumb\":{\"@id\":\"https:\/\/blogg.svenskakyrkan.se\/vandravagen\/2022\/02\/27\/9-blandade-tankar-pa-sondagen-128\/#breadcrumb\"},\"inLanguage\":\"sv-SE\",\"potentialAction\":[{\"@type\":\"ReadAction\",\"target\":[\"https:\/\/blogg.svenskakyrkan.se\/vandravagen\/2022\/02\/27\/9-blandade-tankar-pa-sondagen-128\/\"]}]},{\"@type\":\"ImageObject\",\"inLanguage\":\"sv-SE\",\"@id\":\"https:\/\/blogg.svenskakyrkan.se\/vandravagen\/2022\/02\/27\/9-blandade-tankar-pa-sondagen-128\/#primaryimage\",\"url\":\"https:\/\/blogg.svenskakyrkan.se\/vandravagen\/files\/2022\/02\/1000262-1604659647-2.jpg\",\"contentUrl\":\"https:\/\/blogg.svenskakyrkan.se\/vandravagen\/files\/2022\/02\/1000262-1604659647-2.jpg\",\"width\":1871,\"height\":2250},{\"@type\":\"BreadcrumbList\",\"@id\":\"https:\/\/blogg.svenskakyrkan.se\/vandravagen\/2022\/02\/27\/9-blandade-tankar-pa-sondagen-128\/#breadcrumb\",\"itemListElement\":[{\"@type\":\"ListItem\",\"position\":1,\"name\":\"Hem\",\"item\":\"https:\/\/blogg.svenskakyrkan.se\/vandravagen\/\"},{\"@type\":\"ListItem\",\"position\":2,\"name\":\"9 blandade tankar p\u00e5 s\u00f6ndagen\"}]},{\"@type\":\"WebSite\",\"@id\":\"https:\/\/blogg.svenskakyrkan.se\/vandravagen\/#website\",\"url\":\"https:\/\/blogg.svenskakyrkan.se\/vandravagen\/\",\"name\":\"Vandra V\u00e4gen\",\"description\":\"-Mot en tro f\u00f6r hela livet\",\"publisher\":{\"@id\":\"https:\/\/blogg.svenskakyrkan.se\/vandravagen\/#organization\"},\"potentialAction\":[{\"@type\":\"SearchAction\",\"target\":{\"@type\":\"EntryPoint\",\"urlTemplate\":\"https:\/\/blogg.svenskakyrkan.se\/vandravagen\/?s={search_term_string}\"},\"query-input\":{\"@type\":\"PropertyValueSpecification\",\"valueRequired\":true,\"valueName\":\"search_term_string\"}}],\"inLanguage\":\"sv-SE\"},{\"@type\":\"Organization\",\"@id\":\"https:\/\/blogg.svenskakyrkan.se\/vandravagen\/#organization\",\"name\":\"ulricehamns pastorat\",\"alternateName\":\"ulricehamns pastorat\",\"url\":\"https:\/\/blogg.svenskakyrkan.se\/vandravagen\/\",\"logo\":{\"@type\":\"ImageObject\",\"inLanguage\":\"sv-SE\",\"@id\":\"https:\/\/blogg.svenskakyrkan.se\/vandravagen\/#\/schema\/logo\/image\/\",\"url\":\"https:\/\/blogg.svenskakyrkan.se\/vandravagen\/files\/2023\/05\/Ulr_logo_RGB.png\",\"contentUrl\":\"https:\/\/blogg.svenskakyrkan.se\/vandravagen\/files\/2023\/05\/Ulr_logo_RGB.png\",\"width\":205,\"height\":77,\"caption\":\"ulricehamns pastorat\"},\"image\":{\"@id\":\"https:\/\/blogg.svenskakyrkan.se\/vandravagen\/#\/schema\/logo\/image\/\"},\"sameAs\":[\"http:\/\/facebook.com\/vandravagen\",\"https:\/\/x.com\/fadertomas\",\"http:\/\/www.facebook.com\/svenskakyrkaniulricehamn\"]},{\"@type\":\"Person\",\"@id\":\"https:\/\/blogg.svenskakyrkan.se\/vandravagen\/#\/schema\/person\/25da02d4f76b137d04291711e2c9fc16\",\"name\":\"Tomas Jarvid\",\"image\":{\"@type\":\"ImageObject\",\"inLanguage\":\"sv-SE\",\"@id\":\"https:\/\/blogg.svenskakyrkan.se\/vandravagen\/#\/schema\/person\/image\/\",\"url\":\"https:\/\/secure.gravatar.com\/avatar\/7fa71899795e8f540f615a1f5ab25255dc27aa40f05ee7ddd21aac521e01bf50?s=96&d=identicon&r=g\",\"contentUrl\":\"https:\/\/secure.gravatar.com\/avatar\/7fa71899795e8f540f615a1f5ab25255dc27aa40f05ee7ddd21aac521e01bf50?s=96&d=identicon&r=g\",\"caption\":\"Tomas Jarvid\"},\"description\":\"Jag bor i Ulricehamn i V\u00e4sterg\u00f6tland och \u00e4r f\u00f6rsamlingspr\u00e4st i Svenska Kyrkan f\u00f6r Dalstorps f\u00f6rsamling i Kinds pastorat. P\u00e5 den h\u00e4r bloggen skriver jag ner tankar om vandringen som kristen.\",\"sameAs\":[\"http:\/\/www.vandravagen.se\"],\"url\":\"https:\/\/blogg.svenskakyrkan.se\/vandravagen\/author\/vandravagen\/\"}]}<\/script>\n<!-- \/ Yoast SEO plugin. -->","yoast_head_json":{"title":"9 blandade tankar p\u00e5 s\u00f6ndagen - Vandra V\u00e4gen","robots":{"index":"index","follow":"follow","max-snippet":"max-snippet:-1","max-image-preview":"max-image-preview:large","max-video-preview":"max-video-preview:-1"},"canonical":"https:\/\/blogg.svenskakyrkan.se\/vandravagen\/2022\/02\/27\/9-blandade-tankar-pa-sondagen-128\/","og_locale":"sv_SE","og_type":"article","og_title":"9 blandade tankar p\u00e5 s\u00f6ndagen - Vandra V\u00e4gen","og_description":"Glad s\u00f6ndag k\u00e4ra l\u00e4sare! Vare sig det nu \u00e4r en s\u00e5dan eller inte s\u00e5 \u00f6nskar jag er en i alla fall. Det \u00e4r ju allvarliga tider i v\u00e4rlden som ju ingen missat. Som alla andra h\u00e5ller jag p\u00e5 och f\u00f6rs\u00f6ker sm\u00e4lta det som h\u00e4nder i Ukraina. Jag har sett m\u00e5nga andra pr\u00e4ster och andra vara [&hellip;]","og_url":"https:\/\/blogg.svenskakyrkan.se\/vandravagen\/2022\/02\/27\/9-blandade-tankar-pa-sondagen-128\/","og_site_name":"Vandra V\u00e4gen","article_publisher":"http:\/\/facebook.com\/vandravagen","article_published_time":"2022-02-27T06:00:00+00:00","og_image":[{"width":1871,"height":2250,"url":"https:\/\/blogg.svenskakyrkan.se\/vandravagen\/files\/2022\/02\/1000262-1604659647-2.jpg","type":"image\/jpeg"}],"author":"Tomas Jarvid","twitter_card":"summary_large_image","twitter_creator":"@fadertomas","twitter_site":"@fadertomas","twitter_misc":{"Skriven av":"Tomas Jarvid","Ber\u00e4knad l\u00e4stid":"3 minuter"},"schema":{"@context":"https:\/\/schema.org","@graph":[{"@type":"Article","@id":"https:\/\/blogg.svenskakyrkan.se\/vandravagen\/2022\/02\/27\/9-blandade-tankar-pa-sondagen-128\/#article","isPartOf":{"@id":"https:\/\/blogg.svenskakyrkan.se\/vandravagen\/2022\/02\/27\/9-blandade-tankar-pa-sondagen-128\/"},"author":{"name":"Tomas Jarvid","@id":"https:\/\/blogg.svenskakyrkan.se\/vandravagen\/#\/schema\/person\/25da02d4f76b137d04291711e2c9fc16"},"headline":"9 blandade tankar p\u00e5 s\u00f6ndagen","datePublished":"2022-02-27T06:00:00+00:00","mainEntityOfPage":{"@id":"https:\/\/blogg.svenskakyrkan.se\/vandravagen\/2022\/02\/27\/9-blandade-tankar-pa-sondagen-128\/"},"wordCount":544,"commentCount":3,"publisher":{"@id":"https:\/\/blogg.svenskakyrkan.se\/vandravagen\/#organization"},"image":{"@id":"https:\/\/blogg.svenskakyrkan.se\/vandravagen\/2022\/02\/27\/9-blandade-tankar-pa-sondagen-128\/#primaryimage"},"thumbnailUrl":"https:\/\/blogg.svenskakyrkan.se\/vandravagen\/files\/2022\/02\/1000262-1604659647-2.jpg","inLanguage":"sv-SE","potentialAction":[{"@type":"CommentAction","name":"Comment","target":["https:\/\/blogg.svenskakyrkan.se\/vandravagen\/2022\/02\/27\/9-blandade-tankar-pa-sondagen-128\/#respond"]}]},{"@type":"WebPage","@id":"https:\/\/blogg.svenskakyrkan.se\/vandravagen\/2022\/02\/27\/9-blandade-tankar-pa-sondagen-128\/","url":"https:\/\/blogg.svenskakyrkan.se\/vandravagen\/2022\/02\/27\/9-blandade-tankar-pa-sondagen-128\/","name":"9 blandade tankar p\u00e5 s\u00f6ndagen - Vandra V\u00e4gen","isPartOf":{"@id":"https:\/\/blogg.svenskakyrkan.se\/vandravagen\/#website"},"primaryImageOfPage":{"@id":"https:\/\/blogg.svenskakyrkan.se\/vandravagen\/2022\/02\/27\/9-blandade-tankar-pa-sondagen-128\/#primaryimage"},"image":{"@id":"https:\/\/blogg.svenskakyrkan.se\/vandravagen\/2022\/02\/27\/9-blandade-tankar-pa-sondagen-128\/#primaryimage"},"thumbnailUrl":"https:\/\/blogg.svenskakyrkan.se\/vandravagen\/files\/2022\/02\/1000262-1604659647-2.jpg","datePublished":"2022-02-27T06:00:00+00:00","breadcrumb":{"@id":"https:\/\/blogg.svenskakyrkan.se\/vandravagen\/2022\/02\/27\/9-blandade-tankar-pa-sondagen-128\/#breadcrumb"},"inLanguage":"sv-SE","potentialAction":[{"@type":"ReadAction","target":["https:\/\/blogg.svenskakyrkan.se\/vandravagen\/2022\/02\/27\/9-blandade-tankar-pa-sondagen-128\/"]}]},{"@type":"ImageObject","inLanguage":"sv-SE","@id":"https:\/\/blogg.svenskakyrkan.se\/vandravagen\/2022\/02\/27\/9-blandade-tankar-pa-sondagen-128\/#primaryimage","url":"https:\/\/blogg.svenskakyrkan.se\/vandravagen\/files\/2022\/02\/1000262-1604659647-2.jpg","contentUrl":"https:\/\/blogg.svenskakyrkan.se\/vandravagen\/files\/2022\/02\/1000262-1604659647-2.jpg","width":1871,"height":2250},{"@type":"BreadcrumbList","@id":"https:\/\/blogg.svenskakyrkan.se\/vandravagen\/2022\/02\/27\/9-blandade-tankar-pa-sondagen-128\/#breadcrumb","itemListElement":[{"@type":"ListItem","position":1,"name":"Hem","item":"https:\/\/blogg.svenskakyrkan.se\/vandravagen\/"},{"@type":"ListItem","position":2,"name":"9 blandade tankar p\u00e5 s\u00f6ndagen"}]},{"@type":"WebSite","@id":"https:\/\/blogg.svenskakyrkan.se\/vandravagen\/#website","url":"https:\/\/blogg.svenskakyrkan.se\/vandravagen\/","name":"Vandra V\u00e4gen","description":"-Mot en tro f\u00f6r hela livet","publisher":{"@id":"https:\/\/blogg.svenskakyrkan.se\/vandravagen\/#organization"},"potentialAction":[{"@type":"SearchAction","target":{"@type":"EntryPoint","urlTemplate":"https:\/\/blogg.svenskakyrkan.se\/vandravagen\/?s={search_term_string}"},"query-input":{"@type":"PropertyValueSpecification","valueRequired":true,"valueName":"search_term_string"}}],"inLanguage":"sv-SE"},{"@type":"Organization","@id":"https:\/\/blogg.svenskakyrkan.se\/vandravagen\/#organization","name":"ulricehamns pastorat","alternateName":"ulricehamns pastorat","url":"https:\/\/blogg.svenskakyrkan.se\/vandravagen\/","logo":{"@type":"ImageObject","inLanguage":"sv-SE","@id":"https:\/\/blogg.svenskakyrkan.se\/vandravagen\/#\/schema\/logo\/image\/","url":"https:\/\/blogg.svenskakyrkan.se\/vandravagen\/files\/2023\/05\/Ulr_logo_RGB.png","contentUrl":"https:\/\/blogg.svenskakyrkan.se\/vandravagen\/files\/2023\/05\/Ulr_logo_RGB.png","width":205,"height":77,"caption":"ulricehamns pastorat"},"image":{"@id":"https:\/\/blogg.svenskakyrkan.se\/vandravagen\/#\/schema\/logo\/image\/"},"sameAs":["http:\/\/facebook.com\/vandravagen","https:\/\/x.com\/fadertomas","http:\/\/www.facebook.com\/svenskakyrkaniulricehamn"]},{"@type":"Person","@id":"https:\/\/blogg.svenskakyrkan.se\/vandravagen\/#\/schema\/person\/25da02d4f76b137d04291711e2c9fc16","name":"Tomas Jarvid","image":{"@type":"ImageObject","inLanguage":"sv-SE","@id":"https:\/\/blogg.svenskakyrkan.se\/vandravagen\/#\/schema\/person\/image\/","url":"https:\/\/secure.gravatar.com\/avatar\/7fa71899795e8f540f615a1f5ab25255dc27aa40f05ee7ddd21aac521e01bf50?s=96&d=identicon&r=g","contentUrl":"https:\/\/secure.gravatar.com\/avatar\/7fa71899795e8f540f615a1f5ab25255dc27aa40f05ee7ddd21aac521e01bf50?s=96&d=identicon&r=g","caption":"Tomas Jarvid"},"description":"Jag bor i Ulricehamn i V\u00e4sterg\u00f6tland och \u00e4r f\u00f6rsamlingspr\u00e4st i Svenska Kyrkan f\u00f6r Dalstorps f\u00f6rsamling i Kinds pastorat. P\u00e5 den h\u00e4r bloggen skriver jag ner tankar om vandringen som kristen.","sameAs":["http:\/\/www.vandravagen.se"],"url":"https:\/\/blogg.svenskakyrkan.se\/vandravagen\/author\/vandravagen\/"}]}},"author_meta":{"ID":"392","user_nicename":"vandravagen","user_url":"http:\/\/www.vandravagen.se","user_registered":"2014-05-19 05:44:52","display_name":"Tomas Jarvid","first_name":"Tomas","last_name":"Jarvid","avatar":"https:\/\/secure.gravatar.com\/avatar\/7fa71899795e8f540f615a1f5ab25255dc27aa40f05ee7ddd21aac521e01bf50?s=96&d=identicon&r=g"},"featured_image":["https:\/\/blogg.svenskakyrkan.se\/vandravagen\/files\/2022\/02\/1000262-1604659647-2-1024x1231.jpg",1024,1231,true],"bloginfo":{"name":"Vandra V\u00e4gen","url":"https:\/\/blogg.svenskakyrkan.se\/vandravagen"},"_links":{"self":[{"href":"https:\/\/blogg.svenskakyrkan.se\/vandravagen\/wp-json\/wp\/v2\/posts\/8860","targetHints":{"allow":["GET"]}}],"collection":[{"href":"https:\/\/blogg.svenskakyrkan.se\/vandravagen\/wp-json\/wp\/v2\/posts"}],"about":[{"href":"https:\/\/blogg.svenskakyrkan.se\/vandravagen\/wp-json\/wp\/v2\/types\/post"}],"author":[{"embeddable":true,"href":"https:\/\/blogg.svenskakyrkan.se\/vandravagen\/wp-json\/wp\/v2\/users\/392"}],"replies":[{"embeddable":true,"href":"https:\/\/blogg.svenskakyrkan.se\/vandravagen\/wp-json\/wp\/v2\/comments?post=8860"}],"version-history":[{"count":1,"href":"https:\/\/blogg.svenskakyrkan.se\/vandravagen\/wp-json\/wp\/v2\/posts\/8860\/revisions"}],"predecessor-version":[{"id":8863,"href":"https:\/\/blogg.svenskakyrkan.se\/vandravagen\/wp-json\/wp\/v2\/posts\/8860\/revisions\/8863"}],"wp:featuredmedia":[{"embeddable":true,"href":"https:\/\/blogg.svenskakyrkan.se\/vandravagen\/wp-json\/wp\/v2\/media\/8862"}],"wp:attachment":[{"href":"https:\/\/blogg.svenskakyrkan.se\/vandravagen\/wp-json\/wp\/v2\/media?parent=8860"}],"wp:term":[{"taxonomy":"category","embeddable":true,"href":"https:\/\/blogg.svenskakyrkan.se\/vandravagen\/wp-json\/wp\/v2\/categories?post=8860"},{"taxonomy":"post_tag","embeddable":true,"href":"https:\/\/blogg.svenskakyrkan.se\/vandravagen\/wp-json\/wp\/v2\/tags?post=8860"}],"curies":[{"name":"wp","href":"https:\/\/api.w.org\/{rel}","templated":true}]}}