{"id":8892,"date":"2022-03-24T07:00:00","date_gmt":"2022-03-24T06:00:00","guid":{"rendered":"https:\/\/blogg.svenskakyrkan.se\/vandravagen\/?p=8892"},"modified":"2022-03-23T09:36:53","modified_gmt":"2022-03-23T08:36:53","slug":"hur-det-ar-och-hur-det-borde-vara","status":"publish","type":"post","link":"https:\/\/blogg.svenskakyrkan.se\/vandravagen\/2022\/03\/24\/hur-det-ar-och-hur-det-borde-vara\/","title":{"rendered":"Hur det \u00e4r och hur det borde vara"},"content":{"rendered":"\n\n\n<figure class=\"wp-block-image size-large\"><img loading=\"lazy\" decoding=\"async\" width=\"750\" height=\"786\" src=\"https:\/\/blogg.svenskakyrkan.se\/vandravagen\/files\/2022\/03\/IMG_9381.jpg\" alt=\"\" class=\"wp-image-8893\" srcset=\"https:\/\/blogg.svenskakyrkan.se\/vandravagen\/files\/2022\/03\/IMG_9381.jpg 750w, https:\/\/blogg.svenskakyrkan.se\/vandravagen\/files\/2022\/03\/IMG_9381-300x314.jpg 300w\" sizes=\"auto, (max-width: 750px) 100vw, 750px\" \/><figcaption>Grisar i skogen, kanske f\u00f6re syndafallet?<\/figcaption><\/figure>\n\n\n\n<p>Syndafallet skiljer mellan hur det \u00e4r och hur det borde vara<\/p>\n\n\n\n<p>Jag lyssnar p\u00e5 \u00e4nnu en bok om biblisk teologi och slogs av en sak vad g\u00e4ller ber\u00e4ttelsen om \u201dsyndafallet\u201d d\u00e4r Adam och Eva \u00e4ter av frukten och deras liv inte l\u00e4ngre \u00e4r sig likt. Jag brukar t\u00e4nka att deras ovilja att leva efter Guds vilja ger olika konsekvenser. Till exempel s\u00e4ger Gud till Eva: \u201d<strong>Din man ska du \u00e5tr\u00e5 och han ska r\u00e5da \u00f6ver dig<\/strong>\u201d. Vill man kan man se det som patriarkatets b\u00f6rjan.<\/p>\n\n\n\n<p>Po\u00e4ngen med hela ber\u00e4ttelsen \u00e4r att det finns mycket i v\u00e4rlden vi lever i som INTE \u00e4r som Gud skulle vilja att det var utan beror p\u00e5 syndens f\u00f6ljder.<\/p>\n\n\n\n<p>Inom filosofin finns det n\u00e5got som kallas det \u201dontologiska felslutet\u201d och det best\u00e5r i att man menar att om n\u00e5got \u00e4r p\u00e5 ett visst s\u00e4tt s\u00e5 \u00e4r det ocks\u00e5 meningen att det ska vara s\u00e5. Exempelvis: \u201dkvinnor \u00e4r underordnade m\u00e4n i samh\u00e4llet och s\u00e5 har det alltid varit <strong>s\u00e5 d\u00e5 \u00e4r det s\u00e5 det ska vara<\/strong>\u201d. Eller tusen andra exempel p\u00e5 saker som missgynnar eller skadar n\u00e5gon grupp eller person men det liksom bara \u00e4r s\u00e5 det alltid varit. Kyrkan har i en del tider ocks\u00e5 varit fr\u00e4msta f\u00f6respr\u00e5kare f\u00f6r att h\u00e5lla p\u00e5 gamla ordningar men i en del tider har det varit tv\u00e4rtom. N\u00e4r frikyrkligheten var ung var den en kraft till social f\u00f6r\u00e4ndring i samh\u00e4llet och demokratisering.<\/p>\n\n\n\n<p>Och som bibeltroende borde det inte vara n\u00e5gra problem att se att mycket av de r\u00e5dande ordningarna i v\u00e4rlden \u00e4r d\u00e5liga och f\u00f6rtryckande och m\u00e5ste \u00e4ndras f\u00f6r att fr\u00e4mja att Guds goda vilja f\u00e5r r\u00e5da i v\u00e4rlden. <\/p>\n\n\n\n<p>N\u00e4r moderna m\u00e4nniskor l\u00e4ser de h\u00e4r gamla bibeltexterna \u00e4r det l\u00e4tt att genast fastna i fr\u00e5gor om hur det \u00e4r med den historiska sanningen i ber\u00e4ttelserna. Jag skulle absolut s\u00e4ga att f\u00f6rfattarna menade att det verkligen funnits en ursprungligt god ordning som blivit skadad och att det d\u00e4rf\u00f6r p\u00e5 n\u00e5got s\u00e4tt \u00e4r fr\u00e5ga om ett f\u00f6re och efter i tiden. Samtidigt \u00e4r ber\u00e4ttelsen ocks\u00e5 d\u00e4r f\u00f6r att f\u00f6rklara v\u00e4rlden vi lever i idag, som till exempel det jag beskrivit ovan. <\/p>\n\n\n\n<p> Om du \u00e4r en som tycker syndafallsber\u00e4ttelsen med allt den inneh\u00e5ller av talande ormar och annat \u00e4r sv\u00e5r att ta p\u00e5 allvar s\u00e5 kanske det h\u00e4r kan vara ett konstruktivt s\u00e4tt att se det? Att den hj\u00e4lper oss skilja mellan v\u00e4rlden Gud skapat och att det finns mycket ont som sker i den.<\/p>\n","protected":false},"excerpt":{"rendered":"<p>Syndafallet skiljer mellan hur det \u00e4r och hur det borde vara Jag lyssnar p\u00e5 \u00e4nnu en bok om biblisk teologi och slogs av en sak vad g\u00e4ller ber\u00e4ttelsen om \u201dsyndafallet\u201d d\u00e4r Adam och Eva \u00e4ter av frukten och deras liv inte l\u00e4ngre \u00e4r sig likt. Jag brukar t\u00e4nka att deras ovilja att leva efter Guds [&hellip;]<\/p>\n","protected":false},"author":392,"featured_media":8893,"comment_status":"open","ping_status":"open","sticky":false,"template":"","format":"standard","meta":{"_acf_changed":false,"footnotes":""},"categories":[14252,81118,8298,81117,117],"tags":[],"class_list":["post-8892","post","type-post","status-publish","format-standard","has-post-thumbnail","hentry","category-bibel","category-bibelbocker","category-bibeln","category-skapelseteologi","category-teologi"],"acf":[],"yoast_head":"<!-- This site is optimized with the Yoast SEO plugin v27.1.1 - https:\/\/yoast.com\/product\/yoast-seo-wordpress\/ -->\n<title>Hur det \u00e4r och hur det borde vara - Vandra V\u00e4gen<\/title>\n<meta name=\"robots\" content=\"index, follow, max-snippet:-1, max-image-preview:large, max-video-preview:-1\" \/>\n<link rel=\"canonical\" href=\"https:\/\/blogg.svenskakyrkan.se\/vandravagen\/2022\/03\/24\/hur-det-ar-och-hur-det-borde-vara\/\" \/>\n<meta property=\"og:locale\" content=\"sv_SE\" \/>\n<meta property=\"og:type\" content=\"article\" \/>\n<meta property=\"og:title\" content=\"Hur det \u00e4r och hur det borde vara - Vandra V\u00e4gen\" \/>\n<meta property=\"og:description\" content=\"Syndafallet skiljer mellan hur det \u00e4r och hur det borde vara Jag lyssnar p\u00e5 \u00e4nnu en bok om biblisk teologi och slogs av en sak vad g\u00e4ller ber\u00e4ttelsen om \u201dsyndafallet\u201d d\u00e4r Adam och Eva \u00e4ter av frukten och deras liv inte l\u00e4ngre \u00e4r sig likt. Jag brukar t\u00e4nka att deras ovilja att leva efter Guds [&hellip;]\" \/>\n<meta property=\"og:url\" content=\"https:\/\/blogg.svenskakyrkan.se\/vandravagen\/2022\/03\/24\/hur-det-ar-och-hur-det-borde-vara\/\" \/>\n<meta property=\"og:site_name\" content=\"Vandra V\u00e4gen\" \/>\n<meta property=\"article:publisher\" content=\"http:\/\/facebook.com\/vandravagen\" \/>\n<meta property=\"article:published_time\" content=\"2022-03-24T06:00:00+00:00\" \/>\n<meta property=\"og:image\" content=\"https:\/\/blogg.svenskakyrkan.se\/vandravagen\/files\/2022\/03\/IMG_9381.jpg\" \/>\n\t<meta property=\"og:image:width\" content=\"750\" \/>\n\t<meta property=\"og:image:height\" content=\"786\" \/>\n\t<meta property=\"og:image:type\" content=\"image\/jpeg\" \/>\n<meta name=\"author\" content=\"Tomas Jarvid\" \/>\n<meta name=\"twitter:card\" content=\"summary_large_image\" \/>\n<meta name=\"twitter:creator\" content=\"@fadertomas\" \/>\n<meta name=\"twitter:site\" content=\"@fadertomas\" \/>\n<meta name=\"twitter:label1\" content=\"Skriven av\" \/>\n\t<meta name=\"twitter:data1\" content=\"Tomas Jarvid\" \/>\n\t<meta name=\"twitter:label2\" content=\"Ber\u00e4knad l\u00e4stid\" \/>\n\t<meta name=\"twitter:data2\" content=\"2 minuter\" \/>\n<script type=\"application\/ld+json\" class=\"yoast-schema-graph\">{\"@context\":\"https:\/\/schema.org\",\"@graph\":[{\"@type\":\"Article\",\"@id\":\"https:\/\/blogg.svenskakyrkan.se\/vandravagen\/2022\/03\/24\/hur-det-ar-och-hur-det-borde-vara\/#article\",\"isPartOf\":{\"@id\":\"https:\/\/blogg.svenskakyrkan.se\/vandravagen\/2022\/03\/24\/hur-det-ar-och-hur-det-borde-vara\/\"},\"author\":{\"name\":\"Tomas Jarvid\",\"@id\":\"https:\/\/blogg.svenskakyrkan.se\/vandravagen\/#\/schema\/person\/25da02d4f76b137d04291711e2c9fc16\"},\"headline\":\"Hur det \u00e4r och hur det borde vara\",\"datePublished\":\"2022-03-24T06:00:00+00:00\",\"mainEntityOfPage\":{\"@id\":\"https:\/\/blogg.svenskakyrkan.se\/vandravagen\/2022\/03\/24\/hur-det-ar-och-hur-det-borde-vara\/\"},\"wordCount\":485,\"commentCount\":1,\"publisher\":{\"@id\":\"https:\/\/blogg.svenskakyrkan.se\/vandravagen\/#organization\"},\"image\":{\"@id\":\"https:\/\/blogg.svenskakyrkan.se\/vandravagen\/2022\/03\/24\/hur-det-ar-och-hur-det-borde-vara\/#primaryimage\"},\"thumbnailUrl\":\"https:\/\/blogg.svenskakyrkan.se\/vandravagen\/files\/2022\/03\/IMG_9381.jpg\",\"articleSection\":[\"bibel\",\"bibelb\u00f6cker\",\"Bibeln\",\"skapelseteologi\",\"Teologi\"],\"inLanguage\":\"sv-SE\",\"potentialAction\":[{\"@type\":\"CommentAction\",\"name\":\"Comment\",\"target\":[\"https:\/\/blogg.svenskakyrkan.se\/vandravagen\/2022\/03\/24\/hur-det-ar-och-hur-det-borde-vara\/#respond\"]}]},{\"@type\":\"WebPage\",\"@id\":\"https:\/\/blogg.svenskakyrkan.se\/vandravagen\/2022\/03\/24\/hur-det-ar-och-hur-det-borde-vara\/\",\"url\":\"https:\/\/blogg.svenskakyrkan.se\/vandravagen\/2022\/03\/24\/hur-det-ar-och-hur-det-borde-vara\/\",\"name\":\"Hur det \u00e4r och hur det borde vara - Vandra V\u00e4gen\",\"isPartOf\":{\"@id\":\"https:\/\/blogg.svenskakyrkan.se\/vandravagen\/#website\"},\"primaryImageOfPage\":{\"@id\":\"https:\/\/blogg.svenskakyrkan.se\/vandravagen\/2022\/03\/24\/hur-det-ar-och-hur-det-borde-vara\/#primaryimage\"},\"image\":{\"@id\":\"https:\/\/blogg.svenskakyrkan.se\/vandravagen\/2022\/03\/24\/hur-det-ar-och-hur-det-borde-vara\/#primaryimage\"},\"thumbnailUrl\":\"https:\/\/blogg.svenskakyrkan.se\/vandravagen\/files\/2022\/03\/IMG_9381.jpg\",\"datePublished\":\"2022-03-24T06:00:00+00:00\",\"breadcrumb\":{\"@id\":\"https:\/\/blogg.svenskakyrkan.se\/vandravagen\/2022\/03\/24\/hur-det-ar-och-hur-det-borde-vara\/#breadcrumb\"},\"inLanguage\":\"sv-SE\",\"potentialAction\":[{\"@type\":\"ReadAction\",\"target\":[\"https:\/\/blogg.svenskakyrkan.se\/vandravagen\/2022\/03\/24\/hur-det-ar-och-hur-det-borde-vara\/\"]}]},{\"@type\":\"ImageObject\",\"inLanguage\":\"sv-SE\",\"@id\":\"https:\/\/blogg.svenskakyrkan.se\/vandravagen\/2022\/03\/24\/hur-det-ar-och-hur-det-borde-vara\/#primaryimage\",\"url\":\"https:\/\/blogg.svenskakyrkan.se\/vandravagen\/files\/2022\/03\/IMG_9381.jpg\",\"contentUrl\":\"https:\/\/blogg.svenskakyrkan.se\/vandravagen\/files\/2022\/03\/IMG_9381.jpg\",\"width\":750,\"height\":786},{\"@type\":\"BreadcrumbList\",\"@id\":\"https:\/\/blogg.svenskakyrkan.se\/vandravagen\/2022\/03\/24\/hur-det-ar-och-hur-det-borde-vara\/#breadcrumb\",\"itemListElement\":[{\"@type\":\"ListItem\",\"position\":1,\"name\":\"Hem\",\"item\":\"https:\/\/blogg.svenskakyrkan.se\/vandravagen\/\"},{\"@type\":\"ListItem\",\"position\":2,\"name\":\"Hur det \u00e4r och hur det borde vara\"}]},{\"@type\":\"WebSite\",\"@id\":\"https:\/\/blogg.svenskakyrkan.se\/vandravagen\/#website\",\"url\":\"https:\/\/blogg.svenskakyrkan.se\/vandravagen\/\",\"name\":\"Vandra V\u00e4gen\",\"description\":\"-Mot en tro f\u00f6r hela livet\",\"publisher\":{\"@id\":\"https:\/\/blogg.svenskakyrkan.se\/vandravagen\/#organization\"},\"potentialAction\":[{\"@type\":\"SearchAction\",\"target\":{\"@type\":\"EntryPoint\",\"urlTemplate\":\"https:\/\/blogg.svenskakyrkan.se\/vandravagen\/?s={search_term_string}\"},\"query-input\":{\"@type\":\"PropertyValueSpecification\",\"valueRequired\":true,\"valueName\":\"search_term_string\"}}],\"inLanguage\":\"sv-SE\"},{\"@type\":\"Organization\",\"@id\":\"https:\/\/blogg.svenskakyrkan.se\/vandravagen\/#organization\",\"name\":\"ulricehamns pastorat\",\"alternateName\":\"ulricehamns pastorat\",\"url\":\"https:\/\/blogg.svenskakyrkan.se\/vandravagen\/\",\"logo\":{\"@type\":\"ImageObject\",\"inLanguage\":\"sv-SE\",\"@id\":\"https:\/\/blogg.svenskakyrkan.se\/vandravagen\/#\/schema\/logo\/image\/\",\"url\":\"https:\/\/blogg.svenskakyrkan.se\/vandravagen\/files\/2023\/05\/Ulr_logo_RGB.png\",\"contentUrl\":\"https:\/\/blogg.svenskakyrkan.se\/vandravagen\/files\/2023\/05\/Ulr_logo_RGB.png\",\"width\":205,\"height\":77,\"caption\":\"ulricehamns pastorat\"},\"image\":{\"@id\":\"https:\/\/blogg.svenskakyrkan.se\/vandravagen\/#\/schema\/logo\/image\/\"},\"sameAs\":[\"http:\/\/facebook.com\/vandravagen\",\"https:\/\/x.com\/fadertomas\",\"http:\/\/www.facebook.com\/svenskakyrkaniulricehamn\"]},{\"@type\":\"Person\",\"@id\":\"https:\/\/blogg.svenskakyrkan.se\/vandravagen\/#\/schema\/person\/25da02d4f76b137d04291711e2c9fc16\",\"name\":\"Tomas Jarvid\",\"image\":{\"@type\":\"ImageObject\",\"inLanguage\":\"sv-SE\",\"@id\":\"https:\/\/blogg.svenskakyrkan.se\/vandravagen\/#\/schema\/person\/image\/\",\"url\":\"https:\/\/secure.gravatar.com\/avatar\/7fa71899795e8f540f615a1f5ab25255dc27aa40f05ee7ddd21aac521e01bf50?s=96&d=identicon&r=g\",\"contentUrl\":\"https:\/\/secure.gravatar.com\/avatar\/7fa71899795e8f540f615a1f5ab25255dc27aa40f05ee7ddd21aac521e01bf50?s=96&d=identicon&r=g\",\"caption\":\"Tomas Jarvid\"},\"description\":\"Jag bor i Ulricehamn i V\u00e4sterg\u00f6tland och \u00e4r f\u00f6rsamlingspr\u00e4st i Svenska Kyrkan f\u00f6r Dalstorps f\u00f6rsamling i Kinds pastorat. P\u00e5 den h\u00e4r bloggen skriver jag ner tankar om vandringen som kristen.\",\"sameAs\":[\"http:\/\/www.vandravagen.se\"],\"url\":\"https:\/\/blogg.svenskakyrkan.se\/vandravagen\/author\/vandravagen\/\"}]}<\/script>\n<!-- \/ Yoast SEO plugin. -->","yoast_head_json":{"title":"Hur det \u00e4r och hur det borde vara - Vandra V\u00e4gen","robots":{"index":"index","follow":"follow","max-snippet":"max-snippet:-1","max-image-preview":"max-image-preview:large","max-video-preview":"max-video-preview:-1"},"canonical":"https:\/\/blogg.svenskakyrkan.se\/vandravagen\/2022\/03\/24\/hur-det-ar-och-hur-det-borde-vara\/","og_locale":"sv_SE","og_type":"article","og_title":"Hur det \u00e4r och hur det borde vara - Vandra V\u00e4gen","og_description":"Syndafallet skiljer mellan hur det \u00e4r och hur det borde vara Jag lyssnar p\u00e5 \u00e4nnu en bok om biblisk teologi och slogs av en sak vad g\u00e4ller ber\u00e4ttelsen om \u201dsyndafallet\u201d d\u00e4r Adam och Eva \u00e4ter av frukten och deras liv inte l\u00e4ngre \u00e4r sig likt. Jag brukar t\u00e4nka att deras ovilja att leva efter Guds [&hellip;]","og_url":"https:\/\/blogg.svenskakyrkan.se\/vandravagen\/2022\/03\/24\/hur-det-ar-och-hur-det-borde-vara\/","og_site_name":"Vandra V\u00e4gen","article_publisher":"http:\/\/facebook.com\/vandravagen","article_published_time":"2022-03-24T06:00:00+00:00","og_image":[{"width":750,"height":786,"url":"https:\/\/blogg.svenskakyrkan.se\/vandravagen\/files\/2022\/03\/IMG_9381.jpg","type":"image\/jpeg"}],"author":"Tomas Jarvid","twitter_card":"summary_large_image","twitter_creator":"@fadertomas","twitter_site":"@fadertomas","twitter_misc":{"Skriven av":"Tomas Jarvid","Ber\u00e4knad l\u00e4stid":"2 minuter"},"schema":{"@context":"https:\/\/schema.org","@graph":[{"@type":"Article","@id":"https:\/\/blogg.svenskakyrkan.se\/vandravagen\/2022\/03\/24\/hur-det-ar-och-hur-det-borde-vara\/#article","isPartOf":{"@id":"https:\/\/blogg.svenskakyrkan.se\/vandravagen\/2022\/03\/24\/hur-det-ar-och-hur-det-borde-vara\/"},"author":{"name":"Tomas Jarvid","@id":"https:\/\/blogg.svenskakyrkan.se\/vandravagen\/#\/schema\/person\/25da02d4f76b137d04291711e2c9fc16"},"headline":"Hur det \u00e4r och hur det borde vara","datePublished":"2022-03-24T06:00:00+00:00","mainEntityOfPage":{"@id":"https:\/\/blogg.svenskakyrkan.se\/vandravagen\/2022\/03\/24\/hur-det-ar-och-hur-det-borde-vara\/"},"wordCount":485,"commentCount":1,"publisher":{"@id":"https:\/\/blogg.svenskakyrkan.se\/vandravagen\/#organization"},"image":{"@id":"https:\/\/blogg.svenskakyrkan.se\/vandravagen\/2022\/03\/24\/hur-det-ar-och-hur-det-borde-vara\/#primaryimage"},"thumbnailUrl":"https:\/\/blogg.svenskakyrkan.se\/vandravagen\/files\/2022\/03\/IMG_9381.jpg","articleSection":["bibel","bibelb\u00f6cker","Bibeln","skapelseteologi","Teologi"],"inLanguage":"sv-SE","potentialAction":[{"@type":"CommentAction","name":"Comment","target":["https:\/\/blogg.svenskakyrkan.se\/vandravagen\/2022\/03\/24\/hur-det-ar-och-hur-det-borde-vara\/#respond"]}]},{"@type":"WebPage","@id":"https:\/\/blogg.svenskakyrkan.se\/vandravagen\/2022\/03\/24\/hur-det-ar-och-hur-det-borde-vara\/","url":"https:\/\/blogg.svenskakyrkan.se\/vandravagen\/2022\/03\/24\/hur-det-ar-och-hur-det-borde-vara\/","name":"Hur det \u00e4r och hur det borde vara - Vandra V\u00e4gen","isPartOf":{"@id":"https:\/\/blogg.svenskakyrkan.se\/vandravagen\/#website"},"primaryImageOfPage":{"@id":"https:\/\/blogg.svenskakyrkan.se\/vandravagen\/2022\/03\/24\/hur-det-ar-och-hur-det-borde-vara\/#primaryimage"},"image":{"@id":"https:\/\/blogg.svenskakyrkan.se\/vandravagen\/2022\/03\/24\/hur-det-ar-och-hur-det-borde-vara\/#primaryimage"},"thumbnailUrl":"https:\/\/blogg.svenskakyrkan.se\/vandravagen\/files\/2022\/03\/IMG_9381.jpg","datePublished":"2022-03-24T06:00:00+00:00","breadcrumb":{"@id":"https:\/\/blogg.svenskakyrkan.se\/vandravagen\/2022\/03\/24\/hur-det-ar-och-hur-det-borde-vara\/#breadcrumb"},"inLanguage":"sv-SE","potentialAction":[{"@type":"ReadAction","target":["https:\/\/blogg.svenskakyrkan.se\/vandravagen\/2022\/03\/24\/hur-det-ar-och-hur-det-borde-vara\/"]}]},{"@type":"ImageObject","inLanguage":"sv-SE","@id":"https:\/\/blogg.svenskakyrkan.se\/vandravagen\/2022\/03\/24\/hur-det-ar-och-hur-det-borde-vara\/#primaryimage","url":"https:\/\/blogg.svenskakyrkan.se\/vandravagen\/files\/2022\/03\/IMG_9381.jpg","contentUrl":"https:\/\/blogg.svenskakyrkan.se\/vandravagen\/files\/2022\/03\/IMG_9381.jpg","width":750,"height":786},{"@type":"BreadcrumbList","@id":"https:\/\/blogg.svenskakyrkan.se\/vandravagen\/2022\/03\/24\/hur-det-ar-och-hur-det-borde-vara\/#breadcrumb","itemListElement":[{"@type":"ListItem","position":1,"name":"Hem","item":"https:\/\/blogg.svenskakyrkan.se\/vandravagen\/"},{"@type":"ListItem","position":2,"name":"Hur det \u00e4r och hur det borde vara"}]},{"@type":"WebSite","@id":"https:\/\/blogg.svenskakyrkan.se\/vandravagen\/#website","url":"https:\/\/blogg.svenskakyrkan.se\/vandravagen\/","name":"Vandra V\u00e4gen","description":"-Mot en tro f\u00f6r hela livet","publisher":{"@id":"https:\/\/blogg.svenskakyrkan.se\/vandravagen\/#organization"},"potentialAction":[{"@type":"SearchAction","target":{"@type":"EntryPoint","urlTemplate":"https:\/\/blogg.svenskakyrkan.se\/vandravagen\/?s={search_term_string}"},"query-input":{"@type":"PropertyValueSpecification","valueRequired":true,"valueName":"search_term_string"}}],"inLanguage":"sv-SE"},{"@type":"Organization","@id":"https:\/\/blogg.svenskakyrkan.se\/vandravagen\/#organization","name":"ulricehamns pastorat","alternateName":"ulricehamns pastorat","url":"https:\/\/blogg.svenskakyrkan.se\/vandravagen\/","logo":{"@type":"ImageObject","inLanguage":"sv-SE","@id":"https:\/\/blogg.svenskakyrkan.se\/vandravagen\/#\/schema\/logo\/image\/","url":"https:\/\/blogg.svenskakyrkan.se\/vandravagen\/files\/2023\/05\/Ulr_logo_RGB.png","contentUrl":"https:\/\/blogg.svenskakyrkan.se\/vandravagen\/files\/2023\/05\/Ulr_logo_RGB.png","width":205,"height":77,"caption":"ulricehamns pastorat"},"image":{"@id":"https:\/\/blogg.svenskakyrkan.se\/vandravagen\/#\/schema\/logo\/image\/"},"sameAs":["http:\/\/facebook.com\/vandravagen","https:\/\/x.com\/fadertomas","http:\/\/www.facebook.com\/svenskakyrkaniulricehamn"]},{"@type":"Person","@id":"https:\/\/blogg.svenskakyrkan.se\/vandravagen\/#\/schema\/person\/25da02d4f76b137d04291711e2c9fc16","name":"Tomas Jarvid","image":{"@type":"ImageObject","inLanguage":"sv-SE","@id":"https:\/\/blogg.svenskakyrkan.se\/vandravagen\/#\/schema\/person\/image\/","url":"https:\/\/secure.gravatar.com\/avatar\/7fa71899795e8f540f615a1f5ab25255dc27aa40f05ee7ddd21aac521e01bf50?s=96&d=identicon&r=g","contentUrl":"https:\/\/secure.gravatar.com\/avatar\/7fa71899795e8f540f615a1f5ab25255dc27aa40f05ee7ddd21aac521e01bf50?s=96&d=identicon&r=g","caption":"Tomas Jarvid"},"description":"Jag bor i Ulricehamn i V\u00e4sterg\u00f6tland och \u00e4r f\u00f6rsamlingspr\u00e4st i Svenska Kyrkan f\u00f6r Dalstorps f\u00f6rsamling i Kinds pastorat. P\u00e5 den h\u00e4r bloggen skriver jag ner tankar om vandringen som kristen.","sameAs":["http:\/\/www.vandravagen.se"],"url":"https:\/\/blogg.svenskakyrkan.se\/vandravagen\/author\/vandravagen\/"}]}},"author_meta":{"ID":"392","user_nicename":"vandravagen","user_url":"http:\/\/www.vandravagen.se","user_registered":"2014-05-19 05:44:52","display_name":"Tomas Jarvid","first_name":"Tomas","last_name":"Jarvid","avatar":"https:\/\/secure.gravatar.com\/avatar\/7fa71899795e8f540f615a1f5ab25255dc27aa40f05ee7ddd21aac521e01bf50?s=96&d=identicon&r=g"},"featured_image":["https:\/\/blogg.svenskakyrkan.se\/vandravagen\/files\/2022\/03\/IMG_9381.jpg",750,786,false],"bloginfo":{"name":"Vandra V\u00e4gen","url":"https:\/\/blogg.svenskakyrkan.se\/vandravagen"},"_links":{"self":[{"href":"https:\/\/blogg.svenskakyrkan.se\/vandravagen\/wp-json\/wp\/v2\/posts\/8892","targetHints":{"allow":["GET"]}}],"collection":[{"href":"https:\/\/blogg.svenskakyrkan.se\/vandravagen\/wp-json\/wp\/v2\/posts"}],"about":[{"href":"https:\/\/blogg.svenskakyrkan.se\/vandravagen\/wp-json\/wp\/v2\/types\/post"}],"author":[{"embeddable":true,"href":"https:\/\/blogg.svenskakyrkan.se\/vandravagen\/wp-json\/wp\/v2\/users\/392"}],"replies":[{"embeddable":true,"href":"https:\/\/blogg.svenskakyrkan.se\/vandravagen\/wp-json\/wp\/v2\/comments?post=8892"}],"version-history":[{"count":1,"href":"https:\/\/blogg.svenskakyrkan.se\/vandravagen\/wp-json\/wp\/v2\/posts\/8892\/revisions"}],"predecessor-version":[{"id":8894,"href":"https:\/\/blogg.svenskakyrkan.se\/vandravagen\/wp-json\/wp\/v2\/posts\/8892\/revisions\/8894"}],"wp:featuredmedia":[{"embeddable":true,"href":"https:\/\/blogg.svenskakyrkan.se\/vandravagen\/wp-json\/wp\/v2\/media\/8893"}],"wp:attachment":[{"href":"https:\/\/blogg.svenskakyrkan.se\/vandravagen\/wp-json\/wp\/v2\/media?parent=8892"}],"wp:term":[{"taxonomy":"category","embeddable":true,"href":"https:\/\/blogg.svenskakyrkan.se\/vandravagen\/wp-json\/wp\/v2\/categories?post=8892"},{"taxonomy":"post_tag","embeddable":true,"href":"https:\/\/blogg.svenskakyrkan.se\/vandravagen\/wp-json\/wp\/v2\/tags?post=8892"}],"curies":[{"name":"wp","href":"https:\/\/api.w.org\/{rel}","templated":true}]}}