{"id":890,"date":"2012-11-08T09:46:00","date_gmt":"2012-11-08T08:46:00","guid":{"rendered":"http:\/\/blogg.svenskakyrkan.se\/vandravagen\/2012\/11\/08\/varldshistoriens-storsta-beteendeexperiment-internetporr\/"},"modified":"2012-11-08T09:46:00","modified_gmt":"2012-11-08T08:46:00","slug":"varldshistoriens-storsta-beteendeexperiment-internetporr","status":"publish","type":"post","link":"https:\/\/blogg.svenskakyrkan.se\/vandravagen\/2012\/11\/08\/varldshistoriens-storsta-beteendeexperiment-internetporr\/","title":{"rendered":"V\u00e4rldshistoriens st\u00f6rsta beteendeexperiment; internetporr"},"content":{"rendered":"<div><\/div>\n<div><\/div>\n<div><\/div>\n<div>Efter ett tips s\u00e5g jag (och en halv miljon andra) den h\u00e4r TED-f\u00f6rel\u00e4sningen som visade sig handla om internetporr och hur den p\u00e5verkar livet f\u00f6r sina konsumenter.<\/div>\n<div><\/div>\n<div>Det \u00e4r p\u00e5 engelska f\u00f6rst\u00e5s s\u00e5 jag hoppas ni kan lyssna, speciellt kanske ni som l\u00e4ser detta och sj\u00e4lva tittar p\u00e5 porr eller \u00e4r sj\u00e4lav\u00e5rdare eller arbetar med ungdomar p\u00e5 ett eller annat s\u00e4tt. Det h\u00e4r \u00e4r en v\u00e4ldigt omskakande redog\u00f6relse som presenterar forskning (s\u00e5 jag slipper ta fram moraliserande pekpinnar h\u00e4r, det h\u00e4r g\u00f6r nog starkare verkan \u00e4nd\u00e5) om vad som h\u00e4nder med en hel generation som vuxit upp med porrsurfande. Forskarna har haft sv\u00e5rt att hitta en kontrollgrupp till forskningen eftersom de inte hittade tillr\u00e4ckligt m\u00e5nga unga m\u00e4n som <i>inte<\/i> tittade p\u00e5 internetporr.<\/div>\n<div><\/div>\n<div>Effekterna \u00e4r klassiska beroendebeteenden men ocks\u00e5 sv\u00e5righeter med verkliga sexuella relationer och potens, \u00e4ven bland unga personer.<\/div>\n<div><\/div>\n<div>Ett ljus i m\u00f6rkret \u00e4r att det finns en v\u00e4xande skara unga m\u00e4n som sj\u00e4lva tvingat sig att sluta, och upplever att de f\u00e5tt en helt ny livskvalit\u00e9.\u00a0<\/div>\n<div><\/div>\n<div>Om du k\u00e4nner igen dig i problemen och inte vet vad du ska g\u00f6ra s\u00e5 s\u00f6k hj\u00e4lp. Det \u00e4r det som g\u00e4ller om man ska klara sig ur missbruk. Om du inte vet vart du ska v\u00e4nda dig kan du v\u00e4l h\u00f6ra av dig till mig s\u00e5 kan vi unders\u00f6ka vidare vart man kan g\u00e5.<\/div>\n","protected":false},"excerpt":{"rendered":"<p>Efter ett tips s\u00e5g jag (och en halv miljon andra) den h\u00e4r TED-f\u00f6rel\u00e4sningen som visade sig handla om internetporr och hur den p\u00e5verkar livet f\u00f6r sina konsumenter. Det \u00e4r p\u00e5 engelska f\u00f6rst\u00e5s s\u00e5 jag hoppas ni kan lyssna, speciellt kanske ni som l\u00e4ser detta och sj\u00e4lva tittar p\u00e5 porr eller \u00e4r sj\u00e4lav\u00e5rdare eller arbetar med [&hellip;]<\/p>\n","protected":false},"author":392,"featured_media":0,"comment_status":"open","ping_status":"open","sticky":false,"template":"","format":"standard","meta":{"_acf_changed":false,"footnotes":""},"categories":[77554,46705],"tags":[],"class_list":["post-890","post","type-post","status-publish","format-standard","hentry","category-vara-manniska","category-video"],"acf":[],"yoast_head":"<!-- This site is optimized with the Yoast SEO plugin v27.1.1 - https:\/\/yoast.com\/product\/yoast-seo-wordpress\/ -->\n<title>V\u00e4rldshistoriens st\u00f6rsta beteendeexperiment; internetporr - Vandra V\u00e4gen<\/title>\n<meta name=\"robots\" content=\"index, follow, max-snippet:-1, max-image-preview:large, max-video-preview:-1\" \/>\n<link rel=\"canonical\" href=\"https:\/\/blogg.svenskakyrkan.se\/vandravagen\/2012\/11\/08\/varldshistoriens-storsta-beteendeexperiment-internetporr\/\" \/>\n<meta property=\"og:locale\" content=\"sv_SE\" \/>\n<meta property=\"og:type\" content=\"article\" \/>\n<meta property=\"og:title\" content=\"V\u00e4rldshistoriens st\u00f6rsta beteendeexperiment; internetporr - Vandra V\u00e4gen\" \/>\n<meta property=\"og:description\" content=\"Efter ett tips s\u00e5g jag (och en halv miljon andra) den h\u00e4r TED-f\u00f6rel\u00e4sningen som visade sig handla om internetporr och hur den p\u00e5verkar livet f\u00f6r sina konsumenter. Det \u00e4r p\u00e5 engelska f\u00f6rst\u00e5s s\u00e5 jag hoppas ni kan lyssna, speciellt kanske ni som l\u00e4ser detta och sj\u00e4lva tittar p\u00e5 porr eller \u00e4r sj\u00e4lav\u00e5rdare eller arbetar med [&hellip;]\" \/>\n<meta property=\"og:url\" content=\"https:\/\/blogg.svenskakyrkan.se\/vandravagen\/2012\/11\/08\/varldshistoriens-storsta-beteendeexperiment-internetporr\/\" \/>\n<meta property=\"og:site_name\" content=\"Vandra V\u00e4gen\" \/>\n<meta property=\"article:publisher\" content=\"http:\/\/facebook.com\/vandravagen\" \/>\n<meta property=\"article:published_time\" content=\"2012-11-08T08:46:00+00:00\" \/>\n<meta name=\"author\" content=\"Tomas Jarvid\" \/>\n<meta name=\"twitter:card\" content=\"summary_large_image\" \/>\n<meta name=\"twitter:creator\" content=\"@fadertomas\" \/>\n<meta name=\"twitter:site\" content=\"@fadertomas\" \/>\n<meta name=\"twitter:label1\" content=\"Skriven av\" \/>\n\t<meta name=\"twitter:data1\" content=\"Tomas Jarvid\" \/>\n\t<meta name=\"twitter:label2\" content=\"Ber\u00e4knad l\u00e4stid\" \/>\n\t<meta name=\"twitter:data2\" content=\"1 minut\" \/>\n<script type=\"application\/ld+json\" class=\"yoast-schema-graph\">{\"@context\":\"https:\/\/schema.org\",\"@graph\":[{\"@type\":\"Article\",\"@id\":\"https:\/\/blogg.svenskakyrkan.se\/vandravagen\/2012\/11\/08\/varldshistoriens-storsta-beteendeexperiment-internetporr\/#article\",\"isPartOf\":{\"@id\":\"https:\/\/blogg.svenskakyrkan.se\/vandravagen\/2012\/11\/08\/varldshistoriens-storsta-beteendeexperiment-internetporr\/\"},\"author\":{\"name\":\"Tomas Jarvid\",\"@id\":\"https:\/\/blogg.svenskakyrkan.se\/vandravagen\/#\/schema\/person\/25da02d4f76b137d04291711e2c9fc16\"},\"headline\":\"V\u00e4rldshistoriens st\u00f6rsta beteendeexperiment; internetporr\",\"datePublished\":\"2012-11-08T08:46:00+00:00\",\"mainEntityOfPage\":{\"@id\":\"https:\/\/blogg.svenskakyrkan.se\/vandravagen\/2012\/11\/08\/varldshistoriens-storsta-beteendeexperiment-internetporr\/\"},\"wordCount\":267,\"commentCount\":0,\"publisher\":{\"@id\":\"https:\/\/blogg.svenskakyrkan.se\/vandravagen\/#organization\"},\"articleSection\":[\"vara m\u00e4nniska\",\"video\"],\"inLanguage\":\"sv-SE\",\"potentialAction\":[{\"@type\":\"CommentAction\",\"name\":\"Comment\",\"target\":[\"https:\/\/blogg.svenskakyrkan.se\/vandravagen\/2012\/11\/08\/varldshistoriens-storsta-beteendeexperiment-internetporr\/#respond\"]}]},{\"@type\":\"WebPage\",\"@id\":\"https:\/\/blogg.svenskakyrkan.se\/vandravagen\/2012\/11\/08\/varldshistoriens-storsta-beteendeexperiment-internetporr\/\",\"url\":\"https:\/\/blogg.svenskakyrkan.se\/vandravagen\/2012\/11\/08\/varldshistoriens-storsta-beteendeexperiment-internetporr\/\",\"name\":\"V\u00e4rldshistoriens st\u00f6rsta beteendeexperiment; internetporr - Vandra V\u00e4gen\",\"isPartOf\":{\"@id\":\"https:\/\/blogg.svenskakyrkan.se\/vandravagen\/#website\"},\"datePublished\":\"2012-11-08T08:46:00+00:00\",\"breadcrumb\":{\"@id\":\"https:\/\/blogg.svenskakyrkan.se\/vandravagen\/2012\/11\/08\/varldshistoriens-storsta-beteendeexperiment-internetporr\/#breadcrumb\"},\"inLanguage\":\"sv-SE\",\"potentialAction\":[{\"@type\":\"ReadAction\",\"target\":[\"https:\/\/blogg.svenskakyrkan.se\/vandravagen\/2012\/11\/08\/varldshistoriens-storsta-beteendeexperiment-internetporr\/\"]}]},{\"@type\":\"BreadcrumbList\",\"@id\":\"https:\/\/blogg.svenskakyrkan.se\/vandravagen\/2012\/11\/08\/varldshistoriens-storsta-beteendeexperiment-internetporr\/#breadcrumb\",\"itemListElement\":[{\"@type\":\"ListItem\",\"position\":1,\"name\":\"Hem\",\"item\":\"https:\/\/blogg.svenskakyrkan.se\/vandravagen\/\"},{\"@type\":\"ListItem\",\"position\":2,\"name\":\"V\u00e4rldshistoriens st\u00f6rsta beteendeexperiment; internetporr\"}]},{\"@type\":\"WebSite\",\"@id\":\"https:\/\/blogg.svenskakyrkan.se\/vandravagen\/#website\",\"url\":\"https:\/\/blogg.svenskakyrkan.se\/vandravagen\/\",\"name\":\"Vandra V\u00e4gen\",\"description\":\"-Mot en tro f\u00f6r hela livet\",\"publisher\":{\"@id\":\"https:\/\/blogg.svenskakyrkan.se\/vandravagen\/#organization\"},\"potentialAction\":[{\"@type\":\"SearchAction\",\"target\":{\"@type\":\"EntryPoint\",\"urlTemplate\":\"https:\/\/blogg.svenskakyrkan.se\/vandravagen\/?s={search_term_string}\"},\"query-input\":{\"@type\":\"PropertyValueSpecification\",\"valueRequired\":true,\"valueName\":\"search_term_string\"}}],\"inLanguage\":\"sv-SE\"},{\"@type\":\"Organization\",\"@id\":\"https:\/\/blogg.svenskakyrkan.se\/vandravagen\/#organization\",\"name\":\"ulricehamns pastorat\",\"alternateName\":\"ulricehamns pastorat\",\"url\":\"https:\/\/blogg.svenskakyrkan.se\/vandravagen\/\",\"logo\":{\"@type\":\"ImageObject\",\"inLanguage\":\"sv-SE\",\"@id\":\"https:\/\/blogg.svenskakyrkan.se\/vandravagen\/#\/schema\/logo\/image\/\",\"url\":\"https:\/\/blogg.svenskakyrkan.se\/vandravagen\/files\/2023\/05\/Ulr_logo_RGB.png\",\"contentUrl\":\"https:\/\/blogg.svenskakyrkan.se\/vandravagen\/files\/2023\/05\/Ulr_logo_RGB.png\",\"width\":205,\"height\":77,\"caption\":\"ulricehamns pastorat\"},\"image\":{\"@id\":\"https:\/\/blogg.svenskakyrkan.se\/vandravagen\/#\/schema\/logo\/image\/\"},\"sameAs\":[\"http:\/\/facebook.com\/vandravagen\",\"https:\/\/x.com\/fadertomas\",\"http:\/\/www.facebook.com\/svenskakyrkaniulricehamn\"]},{\"@type\":\"Person\",\"@id\":\"https:\/\/blogg.svenskakyrkan.se\/vandravagen\/#\/schema\/person\/25da02d4f76b137d04291711e2c9fc16\",\"name\":\"Tomas Jarvid\",\"image\":{\"@type\":\"ImageObject\",\"inLanguage\":\"sv-SE\",\"@id\":\"https:\/\/blogg.svenskakyrkan.se\/vandravagen\/#\/schema\/person\/image\/\",\"url\":\"https:\/\/secure.gravatar.com\/avatar\/7fa71899795e8f540f615a1f5ab25255dc27aa40f05ee7ddd21aac521e01bf50?s=96&d=identicon&r=g\",\"contentUrl\":\"https:\/\/secure.gravatar.com\/avatar\/7fa71899795e8f540f615a1f5ab25255dc27aa40f05ee7ddd21aac521e01bf50?s=96&d=identicon&r=g\",\"caption\":\"Tomas Jarvid\"},\"description\":\"Jag bor i Ulricehamn i V\u00e4sterg\u00f6tland och \u00e4r f\u00f6rsamlingspr\u00e4st i Svenska Kyrkan f\u00f6r Dalstorps f\u00f6rsamling i Kinds pastorat. P\u00e5 den h\u00e4r bloggen skriver jag ner tankar om vandringen som kristen.\",\"sameAs\":[\"http:\/\/www.vandravagen.se\"],\"url\":\"https:\/\/blogg.svenskakyrkan.se\/vandravagen\/author\/vandravagen\/\"}]}<\/script>\n<!-- \/ Yoast SEO plugin. -->","yoast_head_json":{"title":"V\u00e4rldshistoriens st\u00f6rsta beteendeexperiment; internetporr - Vandra V\u00e4gen","robots":{"index":"index","follow":"follow","max-snippet":"max-snippet:-1","max-image-preview":"max-image-preview:large","max-video-preview":"max-video-preview:-1"},"canonical":"https:\/\/blogg.svenskakyrkan.se\/vandravagen\/2012\/11\/08\/varldshistoriens-storsta-beteendeexperiment-internetporr\/","og_locale":"sv_SE","og_type":"article","og_title":"V\u00e4rldshistoriens st\u00f6rsta beteendeexperiment; internetporr - Vandra V\u00e4gen","og_description":"Efter ett tips s\u00e5g jag (och en halv miljon andra) den h\u00e4r TED-f\u00f6rel\u00e4sningen som visade sig handla om internetporr och hur den p\u00e5verkar livet f\u00f6r sina konsumenter. Det \u00e4r p\u00e5 engelska f\u00f6rst\u00e5s s\u00e5 jag hoppas ni kan lyssna, speciellt kanske ni som l\u00e4ser detta och sj\u00e4lva tittar p\u00e5 porr eller \u00e4r sj\u00e4lav\u00e5rdare eller arbetar med [&hellip;]","og_url":"https:\/\/blogg.svenskakyrkan.se\/vandravagen\/2012\/11\/08\/varldshistoriens-storsta-beteendeexperiment-internetporr\/","og_site_name":"Vandra V\u00e4gen","article_publisher":"http:\/\/facebook.com\/vandravagen","article_published_time":"2012-11-08T08:46:00+00:00","author":"Tomas Jarvid","twitter_card":"summary_large_image","twitter_creator":"@fadertomas","twitter_site":"@fadertomas","twitter_misc":{"Skriven av":"Tomas Jarvid","Ber\u00e4knad l\u00e4stid":"1 minut"},"schema":{"@context":"https:\/\/schema.org","@graph":[{"@type":"Article","@id":"https:\/\/blogg.svenskakyrkan.se\/vandravagen\/2012\/11\/08\/varldshistoriens-storsta-beteendeexperiment-internetporr\/#article","isPartOf":{"@id":"https:\/\/blogg.svenskakyrkan.se\/vandravagen\/2012\/11\/08\/varldshistoriens-storsta-beteendeexperiment-internetporr\/"},"author":{"name":"Tomas Jarvid","@id":"https:\/\/blogg.svenskakyrkan.se\/vandravagen\/#\/schema\/person\/25da02d4f76b137d04291711e2c9fc16"},"headline":"V\u00e4rldshistoriens st\u00f6rsta beteendeexperiment; internetporr","datePublished":"2012-11-08T08:46:00+00:00","mainEntityOfPage":{"@id":"https:\/\/blogg.svenskakyrkan.se\/vandravagen\/2012\/11\/08\/varldshistoriens-storsta-beteendeexperiment-internetporr\/"},"wordCount":267,"commentCount":0,"publisher":{"@id":"https:\/\/blogg.svenskakyrkan.se\/vandravagen\/#organization"},"articleSection":["vara m\u00e4nniska","video"],"inLanguage":"sv-SE","potentialAction":[{"@type":"CommentAction","name":"Comment","target":["https:\/\/blogg.svenskakyrkan.se\/vandravagen\/2012\/11\/08\/varldshistoriens-storsta-beteendeexperiment-internetporr\/#respond"]}]},{"@type":"WebPage","@id":"https:\/\/blogg.svenskakyrkan.se\/vandravagen\/2012\/11\/08\/varldshistoriens-storsta-beteendeexperiment-internetporr\/","url":"https:\/\/blogg.svenskakyrkan.se\/vandravagen\/2012\/11\/08\/varldshistoriens-storsta-beteendeexperiment-internetporr\/","name":"V\u00e4rldshistoriens st\u00f6rsta beteendeexperiment; internetporr - Vandra V\u00e4gen","isPartOf":{"@id":"https:\/\/blogg.svenskakyrkan.se\/vandravagen\/#website"},"datePublished":"2012-11-08T08:46:00+00:00","breadcrumb":{"@id":"https:\/\/blogg.svenskakyrkan.se\/vandravagen\/2012\/11\/08\/varldshistoriens-storsta-beteendeexperiment-internetporr\/#breadcrumb"},"inLanguage":"sv-SE","potentialAction":[{"@type":"ReadAction","target":["https:\/\/blogg.svenskakyrkan.se\/vandravagen\/2012\/11\/08\/varldshistoriens-storsta-beteendeexperiment-internetporr\/"]}]},{"@type":"BreadcrumbList","@id":"https:\/\/blogg.svenskakyrkan.se\/vandravagen\/2012\/11\/08\/varldshistoriens-storsta-beteendeexperiment-internetporr\/#breadcrumb","itemListElement":[{"@type":"ListItem","position":1,"name":"Hem","item":"https:\/\/blogg.svenskakyrkan.se\/vandravagen\/"},{"@type":"ListItem","position":2,"name":"V\u00e4rldshistoriens st\u00f6rsta beteendeexperiment; internetporr"}]},{"@type":"WebSite","@id":"https:\/\/blogg.svenskakyrkan.se\/vandravagen\/#website","url":"https:\/\/blogg.svenskakyrkan.se\/vandravagen\/","name":"Vandra V\u00e4gen","description":"-Mot en tro f\u00f6r hela livet","publisher":{"@id":"https:\/\/blogg.svenskakyrkan.se\/vandravagen\/#organization"},"potentialAction":[{"@type":"SearchAction","target":{"@type":"EntryPoint","urlTemplate":"https:\/\/blogg.svenskakyrkan.se\/vandravagen\/?s={search_term_string}"},"query-input":{"@type":"PropertyValueSpecification","valueRequired":true,"valueName":"search_term_string"}}],"inLanguage":"sv-SE"},{"@type":"Organization","@id":"https:\/\/blogg.svenskakyrkan.se\/vandravagen\/#organization","name":"ulricehamns pastorat","alternateName":"ulricehamns pastorat","url":"https:\/\/blogg.svenskakyrkan.se\/vandravagen\/","logo":{"@type":"ImageObject","inLanguage":"sv-SE","@id":"https:\/\/blogg.svenskakyrkan.se\/vandravagen\/#\/schema\/logo\/image\/","url":"https:\/\/blogg.svenskakyrkan.se\/vandravagen\/files\/2023\/05\/Ulr_logo_RGB.png","contentUrl":"https:\/\/blogg.svenskakyrkan.se\/vandravagen\/files\/2023\/05\/Ulr_logo_RGB.png","width":205,"height":77,"caption":"ulricehamns pastorat"},"image":{"@id":"https:\/\/blogg.svenskakyrkan.se\/vandravagen\/#\/schema\/logo\/image\/"},"sameAs":["http:\/\/facebook.com\/vandravagen","https:\/\/x.com\/fadertomas","http:\/\/www.facebook.com\/svenskakyrkaniulricehamn"]},{"@type":"Person","@id":"https:\/\/blogg.svenskakyrkan.se\/vandravagen\/#\/schema\/person\/25da02d4f76b137d04291711e2c9fc16","name":"Tomas Jarvid","image":{"@type":"ImageObject","inLanguage":"sv-SE","@id":"https:\/\/blogg.svenskakyrkan.se\/vandravagen\/#\/schema\/person\/image\/","url":"https:\/\/secure.gravatar.com\/avatar\/7fa71899795e8f540f615a1f5ab25255dc27aa40f05ee7ddd21aac521e01bf50?s=96&d=identicon&r=g","contentUrl":"https:\/\/secure.gravatar.com\/avatar\/7fa71899795e8f540f615a1f5ab25255dc27aa40f05ee7ddd21aac521e01bf50?s=96&d=identicon&r=g","caption":"Tomas Jarvid"},"description":"Jag bor i Ulricehamn i V\u00e4sterg\u00f6tland och \u00e4r f\u00f6rsamlingspr\u00e4st i Svenska Kyrkan f\u00f6r Dalstorps f\u00f6rsamling i Kinds pastorat. P\u00e5 den h\u00e4r bloggen skriver jag ner tankar om vandringen som kristen.","sameAs":["http:\/\/www.vandravagen.se"],"url":"https:\/\/blogg.svenskakyrkan.se\/vandravagen\/author\/vandravagen\/"}]}},"author_meta":{"ID":"392","user_nicename":"vandravagen","user_url":"http:\/\/www.vandravagen.se","user_registered":"2014-05-19 05:44:52","display_name":"Tomas Jarvid","first_name":"Tomas","last_name":"Jarvid","avatar":"https:\/\/secure.gravatar.com\/avatar\/7fa71899795e8f540f615a1f5ab25255dc27aa40f05ee7ddd21aac521e01bf50?s=96&d=identicon&r=g"},"featured_image":false,"bloginfo":{"name":"Vandra V\u00e4gen","url":"https:\/\/blogg.svenskakyrkan.se\/vandravagen"},"_links":{"self":[{"href":"https:\/\/blogg.svenskakyrkan.se\/vandravagen\/wp-json\/wp\/v2\/posts\/890","targetHints":{"allow":["GET"]}}],"collection":[{"href":"https:\/\/blogg.svenskakyrkan.se\/vandravagen\/wp-json\/wp\/v2\/posts"}],"about":[{"href":"https:\/\/blogg.svenskakyrkan.se\/vandravagen\/wp-json\/wp\/v2\/types\/post"}],"author":[{"embeddable":true,"href":"https:\/\/blogg.svenskakyrkan.se\/vandravagen\/wp-json\/wp\/v2\/users\/392"}],"replies":[{"embeddable":true,"href":"https:\/\/blogg.svenskakyrkan.se\/vandravagen\/wp-json\/wp\/v2\/comments?post=890"}],"version-history":[{"count":0,"href":"https:\/\/blogg.svenskakyrkan.se\/vandravagen\/wp-json\/wp\/v2\/posts\/890\/revisions"}],"wp:attachment":[{"href":"https:\/\/blogg.svenskakyrkan.se\/vandravagen\/wp-json\/wp\/v2\/media?parent=890"}],"wp:term":[{"taxonomy":"category","embeddable":true,"href":"https:\/\/blogg.svenskakyrkan.se\/vandravagen\/wp-json\/wp\/v2\/categories?post=890"},{"taxonomy":"post_tag","embeddable":true,"href":"https:\/\/blogg.svenskakyrkan.se\/vandravagen\/wp-json\/wp\/v2\/tags?post=890"}],"curies":[{"name":"wp","href":"https:\/\/api.w.org\/{rel}","templated":true}]}}