{"id":8903,"date":"2022-04-05T13:42:59","date_gmt":"2022-04-05T11:42:59","guid":{"rendered":"https:\/\/blogg.svenskakyrkan.se\/vandravagen\/?p=8903"},"modified":"2022-04-05T13:43:00","modified_gmt":"2022-04-05T11:43:00","slug":"vi-som-arrenderar-guds-vingard","status":"publish","type":"post","link":"https:\/\/blogg.svenskakyrkan.se\/vandravagen\/2022\/04\/05\/vi-som-arrenderar-guds-vingard\/","title":{"rendered":"Vi som arrenderar Guds ving\u00e5rd"},"content":{"rendered":"\n\n\n<figure class=\"wp-block-image size-large\"><img loading=\"lazy\" decoding=\"async\" width=\"750\" height=\"665\" src=\"https:\/\/blogg.svenskakyrkan.se\/vandravagen\/files\/2022\/04\/IMG_0186.jpg\" alt=\"\" class=\"wp-image-8905\" srcset=\"https:\/\/blogg.svenskakyrkan.se\/vandravagen\/files\/2022\/04\/IMG_0186.jpg 750w, https:\/\/blogg.svenskakyrkan.se\/vandravagen\/files\/2022\/04\/IMG_0186-300x266.jpg 300w\" sizes=\"auto, (max-width: 750px) 100vw, 750px\" \/><figcaption>Kanske inte n\u00e5gon ving\u00e5rd detta utan mer jaktmetoder fr\u00e5n medeltiden men det var i alla fall gr\u00f6nt!<\/figcaption><\/figure>\n\n\n\n<p>H\u00e4r \u00e4r predikan jag h\u00f6ll i f\u00f6rrg\u00e5r i G\u00e4llstad och s\u00f6dra S\u00e4ms kyrka p\u00e5 \u00e5sundengudstj\u00e4nsten d\u00e4r. Hoppas det blir till gl\u00e4dje f\u00f6r dig!<\/p>\n\n\n\n<p><strong>Femte s\u00f6ndagen i fastan 2022 F\u00f6rsonaren<\/strong><\/p>\n\n\n\n<p>N\u00e4r Jesus ber\u00e4ttar om ving\u00e5rden s\u00e5 tror nog alla i b\u00f6rjan att han ska citera en k\u00e4nd bild fr\u00e5n deras bibel; en man planterade en ving\u00e5rd, h\u00f6gg ut ett presskar och satte upp ett vakttorn (antar att det \u00e4r s\u00e5 man g\u00f6r n\u00e4r man ska ha en ving\u00e5rd). S\u00e5 b\u00f6rjade Jesaja en profetia fr\u00e5n Gud. Och \u00e4garen v\u00e4ntade sig att det skulle bli goda druvor men de blev d\u00e5liga. Det var en bild f\u00f6r hur israels folk skulle b\u00e4ra god frukt och vara ett gott och r\u00e4ttvist samh\u00e4lle och f\u00f6lja sin Gud men ist\u00e4llet blev det sur frukt i ving\u00e5rden.<\/p>\n\n\n\n<p>Men Jesus ber\u00e4ttar inte s\u00e5, han \u00f6verraskar med att anv\u00e4nda den h\u00e4r k\u00e4nda liknelsen f\u00f6r att tala om n\u00e5got annat. Han s\u00e4ger att ving\u00e5rds\u00e4garen reste bort, l\u00e5ngt bort, och arrendatorer fick sk\u00f6ta g\u00e5rden \u00e5t honom mot avkastning. Men de som sk\u00f6tte ving\u00e5rden gjorde det illa. De misshandlade eller till och med d\u00f6dade tj\u00e4narna som kom f\u00f6r att h\u00e4mta hem avkastningen. Och de som var ledare f\u00f6r folket och lyssnade p\u00e5 Jesus b\u00f6rjade nog redan koka av ilska inombords f\u00f6r om ving\u00e5rden var folket s\u00e5 var det ju de som var arrendatorerna. De d\u00e4r tj\u00e4narna som kommit var profeterna som Gud s\u00e4nt f\u00f6r att se efter folket men som de v\u00e4grat lyssna p\u00e5. Och Jesus s\u00e4ger att \u00e4garen till slut skickade sin egen son, kanske inte ett helt smart beslut, och d\u00e5 t\u00e4nkte de \u201dvi sl\u00e5r ihj\u00e4l honom s\u00e5 f\u00e5r vi arvet\u201d. Hur kunde de t\u00e4nka s\u00e5? Kanske blir det rimligt om de t\u00e4nker att om nu sonen kommer betyder det att \u00e4garen \u00e4r d\u00f6d och det inte finns n\u00e5gon annan arvinge.<\/p>\n\n\n\n<p>Allt det h\u00e4r k\u00e4nns kanske inte helt aktuellt f\u00f6r oss idag men v\u00e4nta lite nu h\u00e4r. Kanske g\u00f6r det det? Bibeln b\u00f6rjar med att s\u00e4ga att vi alla \u00e4r en slags arbetare i ving\u00e5rden. Gud s\u00e4tter Adam och Eva till att ta hand om den h\u00e4r v\u00e4rlden, namnge djuren, gl\u00e4dja sig \u00e5t det vackra och bruka jorden, kanske inte jobba p\u00e5 avkastning till Gud men \u00e4nd\u00e5 h\u00f6ja den f\u00f6rsta frukten av sk\u00f6rden mot Gud och tacka f\u00f6r att allt i grunden kommer fr\u00e5n Gud. S\u00e5 att de kommer ih\u00e5g att deras liv beror av Guds g\u00e5vor. Som f\u00f6rvaltare p\u00e5 jorden men inte som h\u00e4rskare.<\/p>\n\n\n\n<p>Sen g\u00e5r det illa med det och riktigt hur illa ser vi nu i v\u00e5ra dagar. M\u00e4nniskan som fick bruka jorden, missbrukar f\u00f6rtroendet och f\u00f6rbrukar ist\u00e4llet p\u00e5 ett helt oh\u00e5llbart s\u00e4tt. Man kan inte anv\u00e4nda det vi f\u00e5tt ansvar f\u00f6r hur som helst, det skulle ju anv\u00e4ndas i linje med Guds vilja. Man kan inte anv\u00e4nda resurserna det f\u00f6r att anfalla sin granne eller f\u00f6rst\u00f6ra klimatet f\u00f6r vinstintresse. Det har vi inte mandat till. Vi kanske g\u00e4rna t\u00e4nker som i liknelsen att \u00e4garen, Gud, \u00e4r d\u00f6d och d\u00e5 g\u00f6r vi vad vi vill med det h\u00e4r. Vi beh\u00f6ver inte st\u00e5 ansvariga f\u00f6r n\u00e5gon. Det blir f\u00f6rst\u00e5s v\u00e4ldigt tydligt hos verkligt m\u00e4ktiga m\u00e4nniskor som p\u00e5verkar miljoner med sina val men det \u00e4r ocks\u00e5 ett s\u00e4tt att t\u00e4nka och se p\u00e5 v\u00e5r plats i v\u00e4rlden som har p\u00e5verkat oss allihop.<\/p>\n\n\n\n<p>Gud s\u00e4nde sin son f\u00f6r att vi skulle lyssna p\u00e5 honom och v\u00e4nda om till Guds v\u00e4gar. N\u00e4r Jesus ber\u00e4ttar liknelsen har han ridit in i Jerusalem p\u00e5 \u00e5snan, han f\u00f6rutsp\u00e5r h\u00e4r faktiskt sin d\u00f6d. Han s\u00e4ger indirekt att \u201djag \u00e4r Guds son men ni kommer d\u00f6da mig\u201d. &nbsp;Och sen forts\u00e4tter han med vad som enligt vanlig logik borde h\u00e4nda sen: ving\u00e5rdens \u00e4gare straffar arrendatorerna.<\/p>\n\n\n\n<p>Det finns ett till s\u00e4tt som den h\u00e4r texten \u00e4r lite sv\u00e5r att tala om och det \u00e4r f\u00f6r att den anv\u00e4nts p\u00e5 ett antisemitiskt s\u00e4tt genom tiderna. Att judarna inte tog emot Jesus och d\u00e4rf\u00f6r blev de f\u00f6rkastade som Guds folk och hade en dom \u00f6ver sig. Det \u00e4r viktigt att s\u00e4ga att Gud inte \u00f6verger sitt folk utan h\u00e5ller sina l\u00f6ften oavsett vad m\u00e4nniskor g\u00f6r och att det \u00e4r b\u00e4ttre f\u00f6r oss att se p\u00e5 bj\u00e4lkarna i v\u00e5ra egna \u00f6gon ist\u00e4llet f\u00f6r att hitta fel hos andra. B\u00e4ttre att t\u00e4nka att vi alla \u00e4r de d\u00e4r arrendatorerna som inte vill att Jesus ska komma och ifr\u00e5gas\u00e4tta v\u00e5rt s\u00e4tt att leva.<\/p>\n\n\n\n<p>Jesus f\u00f6rutser sin d\u00f6d men faktiskt s\u00e4ger han n\u00e5got mer. Stenen som husbyggarna ratade, den ni inte vill bygga era liv med, har i alla fall blivit en h\u00f6rnsten. En grundsten f\u00f6r det nya som Gud bygger fast ni k\u00e4mpar emot. Jesus kommer bli d\u00f6dad men det kommer inte vara slutet. Det \u00e4r ett citat ut psaltaren och forts\u00e4tter:<\/p>\n\n\n\n<p><strong>Stenen som husbyggarna ratade har blivit en h\u00f6rnsten. Detta \u00e4r Herrens eget verk, det st\u00e5r f\u00f6r v\u00e5ra \u00f6gon som ett under. Detta \u00e4r dagen d\u00e5 Herren grep in. L\u00e5t oss jubla och vara glada. Herre hj\u00e4lp oss! Herre ge framg\u00e5ng! V\u00e4lsignad \u00e4r den som kommer i Herrens namn.<\/strong><\/p>\n\n\n\n<p>Det \u00e4r f\u00f6rresten samma psalm som de sjunger n\u00e4r Jesus rider in i Jerusalem p\u00e5 \u00e5snan. Herre hj\u00e4lp oss blir\u2026 Hosianna! Mitt i motst\u00e5ndet finns det ocks\u00e5 det i oss som l\u00e4ngtar efter n\u00e5got annat, att Gud ska f\u00f6rvandla den h\u00e4r v\u00e4rlden som blivit s\u00e5 hemsk d\u00e5 vi haft hand om den.<\/p>\n\n\n\n<p>S\u00e5 om nu v\u00e5rt s\u00e4tt att h\u00e4rska \u00f6ver jorden och missbruka och f\u00f6rbruka den kommit till v\u00e4gs \u00e4nde och det inte verkar g\u00e5 att \u00e4ndra p\u00e5 s\u00e5 har vi h\u00e4r en ov\u00e4ntad h\u00e4ndelse, det g\u00e5r inte att h\u00e5lla Gud d\u00f6d.<\/p>\n\n\n\n<p>V\u00e5r \u00f6verskrift idag \u00e4r f\u00f6rsonaren. Jesus \u00e4r den som f\u00f6rsonar och r\u00e4ddar. Jag tycker mer om att tala om det Jesus g\u00f6r som f\u00f6rsoning \u00e4n att det \u201dbara\u201d handlar om syndernas f\u00f6rl\u00e5telse f\u00f6r det h\u00e4r \u00e4r mycket mer \u00e4n s\u00e5. P\u00e5 engelska heter f\u00f6rsoning \u201datonement\u201d eller \u201dat-one-ment\u201d, att g\u00f6ra n\u00e5got till ett igen, att g\u00f6ra fiender sams, att laga det trasiga och splittrade, att hela s\u00e5r. Jesus g\u00f6r allt detta.<\/p>\n\n\n\n<p>Det finns m\u00e5nga s\u00e4tt att f\u00f6rklara mysteriet med vad Jesus egentligen g\u00f6r p\u00e5 korset, jag tycker ofta det \u00e4r lite som att f\u00f6rs\u00f6ka ta tag i vatten f\u00f6r det \u00e4r ocks\u00e5 ett mysterium och det sista ordet blir liksom aldrig sagt. En sak \u00e4r s\u00e4ker: Jesus g\u00f6r saker i v\u00e5rt st\u00e4lle, det vi inte sj\u00e4lva kan.<\/p>\n\n\n\n<p>Idag har vi h\u00f6rt om Abraham som f\u00e5r h\u00f6ra att han ska offra Isak. Rent ber\u00e4ttarm\u00e4ssigt \u00e4r det ju ett m\u00e4sterverk, de g\u00e5r d\u00e4r mot Moria och vi v\u00e4ntar p\u00e5 hur l\u00e5ngt Gud ska l\u00e5ta det h\u00e4r g\u00e5. Och Isak f\u00e5r sj\u00e4lv b\u00e4ra veden och det \u00e4r verkligen v\u00e4ldigt hemskt alltihop. Ber\u00e4ttelsen om Abraham \u00e4r en ber\u00e4ttelse som \u00e4r v\u00e4ldigt dragen till sin spets om att lita p\u00e5 Gud och lyda Gud. Men i slut\u00e4ndan stoppar Guds \u00e4ngel Abraham. Abraham har sagt, utan att veta sj\u00e4lv hur r\u00e4tt han har, att \u201dGud ska sj\u00e4lv utse offret\u201d och s\u00e5 blir det en bagge ist\u00e4llet. F\u00f6r kristna har man ofta t\u00e4nkt p\u00e5 Jesus, Guds lamm som offrar sig f\u00f6r oss. Vill man kan man ocks\u00e5 t\u00e4nka att Jesus \u00e4r som Isak, han b\u00e4r sj\u00e4lv sitt tr\u00e4, inte ved men ett kors. Han \u00e4r \u201dden ende sonen, den \u00e4lskade\u201d. Framf\u00f6rallt ger de platsen ett namn \u201dberget d\u00e4r Herren blir sedd\u201d. Den platsen har senare identifierats med Sions berg i Jerusalem. Det \u00e4r d\u00e4r, p\u00e5 korset som Herren kommer att bli sedd och vi verkligen f\u00e5r f\u00f6rst\u00e5 vem Gud \u00e4r. Som ger sig sj\u00e4lv som f\u00f6rsoning.<\/p>\n\n\n\n<p>Och vi f\u00e5r l\u00e4gga m\u00e4rke till att det inte blir som i Jesus liknelse, han ber\u00e4ttar utifr\u00e5n hur en m\u00e4nniska hade gjort men Gud \u00e4r inte s\u00e5dan. Det blir inte omedelbar h\u00e4mnd fr\u00e5n ving\u00e5rds\u00e4garen utan Jesus uppst\u00e5r fr\u00e5n de d\u00f6da. Det finns hopp f\u00f6r d\u00e5liga arrendatorer ocks\u00e5. Jesus visar att fr\u00e5n Guds sida \u00e4r det \u00f6ppet f\u00f6r f\u00f6rsoning, han tar bort allt som st\u00e5r i v\u00e4gen, han tar initiativet, han visar sig ocks\u00e5 starkare \u00e4n ondskans makter d\u00e5 han uppst\u00e5r. Vi st\u00e5r fria p\u00e5 nytt att tillh\u00f6ra honom, till och med om vi f\u00f6rut var hans fiender. Och han \u00e4r f\u00f6rebilden f\u00f6r ett annat s\u00e4tt att leva.<\/p>\n\n\n\n<p>F\u00f6rsoningen \u00e4r att vi f\u00e5r ha ett r\u00e4tt f\u00f6rh\u00e5llande till Gud. Han g\u00f6r helt det som \u00e4r trasigt. Jag k\u00e4nner mig ofta v\u00e4ldigt modf\u00e4lld \u00f6ver hur illa det g\u00e5r med m\u00e4nniskans f\u00f6rvaltande av v\u00e4rlden vi bor i men jag dr\u00f6mmer om att vi ska sk\u00f6ta den p\u00e5 ett nytt s\u00e4tt, som m\u00e4nniskor som ansvarar inf\u00f6r ving\u00e5rdens \u00e4gare. Och n\u00e4r det verkar om\u00f6jligt kan det inte vara mer om\u00f6jligt \u00e4n att en som var d\u00f6d lever igen, \u00e4r det m\u00f6jligt \u00e4r ingenting om\u00f6jligt f\u00f6r Gud. <\/p>\n","protected":false},"excerpt":{"rendered":"<p>H\u00e4r \u00e4r predikan jag h\u00f6ll i f\u00f6rrg\u00e5r i G\u00e4llstad och s\u00f6dra S\u00e4ms kyrka p\u00e5 \u00e5sundengudstj\u00e4nsten d\u00e4r. Hoppas det blir till gl\u00e4dje f\u00f6r dig! Femte s\u00f6ndagen i fastan 2022 F\u00f6rsonaren N\u00e4r Jesus ber\u00e4ttar om ving\u00e5rden s\u00e5 tror nog alla i b\u00f6rjan att han ska citera en k\u00e4nd bild fr\u00e5n deras bibel; en man planterade en ving\u00e5rd, [&hellip;]<\/p>\n","protected":false},"author":392,"featured_media":0,"comment_status":"open","ping_status":"open","sticky":false,"template":"","format":"standard","meta":{"_acf_changed":false,"footnotes":""},"categories":[9],"tags":[],"class_list":["post-8903","post","type-post","status-publish","format-standard","hentry","category-okategoriserade"],"acf":[],"yoast_head":"<!-- This site is optimized with the Yoast SEO plugin v27.1.1 - https:\/\/yoast.com\/product\/yoast-seo-wordpress\/ -->\n<title>Vi som arrenderar Guds ving\u00e5rd - Vandra V\u00e4gen<\/title>\n<meta name=\"robots\" content=\"index, follow, max-snippet:-1, max-image-preview:large, max-video-preview:-1\" \/>\n<link rel=\"canonical\" href=\"https:\/\/blogg.svenskakyrkan.se\/vandravagen\/2022\/04\/05\/vi-som-arrenderar-guds-vingard\/\" \/>\n<meta property=\"og:locale\" content=\"sv_SE\" \/>\n<meta property=\"og:type\" content=\"article\" \/>\n<meta property=\"og:title\" content=\"Vi som arrenderar Guds ving\u00e5rd - Vandra V\u00e4gen\" \/>\n<meta property=\"og:description\" content=\"H\u00e4r \u00e4r predikan jag h\u00f6ll i f\u00f6rrg\u00e5r i G\u00e4llstad och s\u00f6dra S\u00e4ms kyrka p\u00e5 \u00e5sundengudstj\u00e4nsten d\u00e4r. Hoppas det blir till gl\u00e4dje f\u00f6r dig! Femte s\u00f6ndagen i fastan 2022 F\u00f6rsonaren N\u00e4r Jesus ber\u00e4ttar om ving\u00e5rden s\u00e5 tror nog alla i b\u00f6rjan att han ska citera en k\u00e4nd bild fr\u00e5n deras bibel; en man planterade en ving\u00e5rd, [&hellip;]\" \/>\n<meta property=\"og:url\" content=\"https:\/\/blogg.svenskakyrkan.se\/vandravagen\/2022\/04\/05\/vi-som-arrenderar-guds-vingard\/\" \/>\n<meta property=\"og:site_name\" content=\"Vandra V\u00e4gen\" \/>\n<meta property=\"article:publisher\" content=\"http:\/\/facebook.com\/vandravagen\" \/>\n<meta property=\"article:published_time\" content=\"2022-04-05T11:42:59+00:00\" \/>\n<meta property=\"article:modified_time\" content=\"2022-04-05T11:43:00+00:00\" \/>\n<meta property=\"og:image\" content=\"https:\/\/blogg.svenskakyrkan.se\/vandravagen\/files\/2022\/04\/IMG_0186.jpg\" \/>\n<meta name=\"author\" content=\"Tomas Jarvid\" \/>\n<meta name=\"twitter:card\" content=\"summary_large_image\" \/>\n<meta name=\"twitter:creator\" content=\"@fadertomas\" \/>\n<meta name=\"twitter:site\" content=\"@fadertomas\" \/>\n<meta name=\"twitter:label1\" content=\"Skriven av\" \/>\n\t<meta name=\"twitter:data1\" content=\"Tomas Jarvid\" \/>\n\t<meta name=\"twitter:label2\" content=\"Ber\u00e4knad l\u00e4stid\" \/>\n\t<meta name=\"twitter:data2\" content=\"9 minuter\" \/>\n<script type=\"application\/ld+json\" class=\"yoast-schema-graph\">{\"@context\":\"https:\/\/schema.org\",\"@graph\":[{\"@type\":\"Article\",\"@id\":\"https:\/\/blogg.svenskakyrkan.se\/vandravagen\/2022\/04\/05\/vi-som-arrenderar-guds-vingard\/#article\",\"isPartOf\":{\"@id\":\"https:\/\/blogg.svenskakyrkan.se\/vandravagen\/2022\/04\/05\/vi-som-arrenderar-guds-vingard\/\"},\"author\":{\"name\":\"Tomas Jarvid\",\"@id\":\"https:\/\/blogg.svenskakyrkan.se\/vandravagen\/#\/schema\/person\/25da02d4f76b137d04291711e2c9fc16\"},\"headline\":\"Vi som arrenderar Guds ving\u00e5rd\",\"datePublished\":\"2022-04-05T11:42:59+00:00\",\"dateModified\":\"2022-04-05T11:43:00+00:00\",\"mainEntityOfPage\":{\"@id\":\"https:\/\/blogg.svenskakyrkan.se\/vandravagen\/2022\/04\/05\/vi-som-arrenderar-guds-vingard\/\"},\"wordCount\":1781,\"commentCount\":6,\"publisher\":{\"@id\":\"https:\/\/blogg.svenskakyrkan.se\/vandravagen\/#organization\"},\"image\":{\"@id\":\"https:\/\/blogg.svenskakyrkan.se\/vandravagen\/2022\/04\/05\/vi-som-arrenderar-guds-vingard\/#primaryimage\"},\"thumbnailUrl\":\"https:\/\/blogg.svenskakyrkan.se\/vandravagen\/files\/2022\/04\/IMG_0186.jpg\",\"inLanguage\":\"sv-SE\",\"potentialAction\":[{\"@type\":\"CommentAction\",\"name\":\"Comment\",\"target\":[\"https:\/\/blogg.svenskakyrkan.se\/vandravagen\/2022\/04\/05\/vi-som-arrenderar-guds-vingard\/#respond\"]}]},{\"@type\":\"WebPage\",\"@id\":\"https:\/\/blogg.svenskakyrkan.se\/vandravagen\/2022\/04\/05\/vi-som-arrenderar-guds-vingard\/\",\"url\":\"https:\/\/blogg.svenskakyrkan.se\/vandravagen\/2022\/04\/05\/vi-som-arrenderar-guds-vingard\/\",\"name\":\"Vi som arrenderar Guds ving\u00e5rd - Vandra V\u00e4gen\",\"isPartOf\":{\"@id\":\"https:\/\/blogg.svenskakyrkan.se\/vandravagen\/#website\"},\"primaryImageOfPage\":{\"@id\":\"https:\/\/blogg.svenskakyrkan.se\/vandravagen\/2022\/04\/05\/vi-som-arrenderar-guds-vingard\/#primaryimage\"},\"image\":{\"@id\":\"https:\/\/blogg.svenskakyrkan.se\/vandravagen\/2022\/04\/05\/vi-som-arrenderar-guds-vingard\/#primaryimage\"},\"thumbnailUrl\":\"https:\/\/blogg.svenskakyrkan.se\/vandravagen\/files\/2022\/04\/IMG_0186.jpg\",\"datePublished\":\"2022-04-05T11:42:59+00:00\",\"dateModified\":\"2022-04-05T11:43:00+00:00\",\"breadcrumb\":{\"@id\":\"https:\/\/blogg.svenskakyrkan.se\/vandravagen\/2022\/04\/05\/vi-som-arrenderar-guds-vingard\/#breadcrumb\"},\"inLanguage\":\"sv-SE\",\"potentialAction\":[{\"@type\":\"ReadAction\",\"target\":[\"https:\/\/blogg.svenskakyrkan.se\/vandravagen\/2022\/04\/05\/vi-som-arrenderar-guds-vingard\/\"]}]},{\"@type\":\"ImageObject\",\"inLanguage\":\"sv-SE\",\"@id\":\"https:\/\/blogg.svenskakyrkan.se\/vandravagen\/2022\/04\/05\/vi-som-arrenderar-guds-vingard\/#primaryimage\",\"url\":\"https:\/\/blogg.svenskakyrkan.se\/vandravagen\/files\/2022\/04\/IMG_0186.jpg\",\"contentUrl\":\"https:\/\/blogg.svenskakyrkan.se\/vandravagen\/files\/2022\/04\/IMG_0186.jpg\"},{\"@type\":\"BreadcrumbList\",\"@id\":\"https:\/\/blogg.svenskakyrkan.se\/vandravagen\/2022\/04\/05\/vi-som-arrenderar-guds-vingard\/#breadcrumb\",\"itemListElement\":[{\"@type\":\"ListItem\",\"position\":1,\"name\":\"Hem\",\"item\":\"https:\/\/blogg.svenskakyrkan.se\/vandravagen\/\"},{\"@type\":\"ListItem\",\"position\":2,\"name\":\"Vi som arrenderar Guds ving\u00e5rd\"}]},{\"@type\":\"WebSite\",\"@id\":\"https:\/\/blogg.svenskakyrkan.se\/vandravagen\/#website\",\"url\":\"https:\/\/blogg.svenskakyrkan.se\/vandravagen\/\",\"name\":\"Vandra V\u00e4gen\",\"description\":\"-Mot en tro f\u00f6r hela livet\",\"publisher\":{\"@id\":\"https:\/\/blogg.svenskakyrkan.se\/vandravagen\/#organization\"},\"potentialAction\":[{\"@type\":\"SearchAction\",\"target\":{\"@type\":\"EntryPoint\",\"urlTemplate\":\"https:\/\/blogg.svenskakyrkan.se\/vandravagen\/?s={search_term_string}\"},\"query-input\":{\"@type\":\"PropertyValueSpecification\",\"valueRequired\":true,\"valueName\":\"search_term_string\"}}],\"inLanguage\":\"sv-SE\"},{\"@type\":\"Organization\",\"@id\":\"https:\/\/blogg.svenskakyrkan.se\/vandravagen\/#organization\",\"name\":\"ulricehamns pastorat\",\"alternateName\":\"ulricehamns pastorat\",\"url\":\"https:\/\/blogg.svenskakyrkan.se\/vandravagen\/\",\"logo\":{\"@type\":\"ImageObject\",\"inLanguage\":\"sv-SE\",\"@id\":\"https:\/\/blogg.svenskakyrkan.se\/vandravagen\/#\/schema\/logo\/image\/\",\"url\":\"https:\/\/blogg.svenskakyrkan.se\/vandravagen\/files\/2023\/05\/Ulr_logo_RGB.png\",\"contentUrl\":\"https:\/\/blogg.svenskakyrkan.se\/vandravagen\/files\/2023\/05\/Ulr_logo_RGB.png\",\"width\":205,\"height\":77,\"caption\":\"ulricehamns pastorat\"},\"image\":{\"@id\":\"https:\/\/blogg.svenskakyrkan.se\/vandravagen\/#\/schema\/logo\/image\/\"},\"sameAs\":[\"http:\/\/facebook.com\/vandravagen\",\"https:\/\/x.com\/fadertomas\",\"http:\/\/www.facebook.com\/svenskakyrkaniulricehamn\"]},{\"@type\":\"Person\",\"@id\":\"https:\/\/blogg.svenskakyrkan.se\/vandravagen\/#\/schema\/person\/25da02d4f76b137d04291711e2c9fc16\",\"name\":\"Tomas Jarvid\",\"image\":{\"@type\":\"ImageObject\",\"inLanguage\":\"sv-SE\",\"@id\":\"https:\/\/blogg.svenskakyrkan.se\/vandravagen\/#\/schema\/person\/image\/\",\"url\":\"https:\/\/secure.gravatar.com\/avatar\/7fa71899795e8f540f615a1f5ab25255dc27aa40f05ee7ddd21aac521e01bf50?s=96&d=identicon&r=g\",\"contentUrl\":\"https:\/\/secure.gravatar.com\/avatar\/7fa71899795e8f540f615a1f5ab25255dc27aa40f05ee7ddd21aac521e01bf50?s=96&d=identicon&r=g\",\"caption\":\"Tomas Jarvid\"},\"description\":\"Jag bor i Ulricehamn i V\u00e4sterg\u00f6tland och \u00e4r f\u00f6rsamlingspr\u00e4st i Svenska Kyrkan f\u00f6r Dalstorps f\u00f6rsamling i Kinds pastorat. P\u00e5 den h\u00e4r bloggen skriver jag ner tankar om vandringen som kristen.\",\"sameAs\":[\"http:\/\/www.vandravagen.se\"],\"url\":\"https:\/\/blogg.svenskakyrkan.se\/vandravagen\/author\/vandravagen\/\"}]}<\/script>\n<!-- \/ Yoast SEO plugin. -->","yoast_head_json":{"title":"Vi som arrenderar Guds ving\u00e5rd - Vandra V\u00e4gen","robots":{"index":"index","follow":"follow","max-snippet":"max-snippet:-1","max-image-preview":"max-image-preview:large","max-video-preview":"max-video-preview:-1"},"canonical":"https:\/\/blogg.svenskakyrkan.se\/vandravagen\/2022\/04\/05\/vi-som-arrenderar-guds-vingard\/","og_locale":"sv_SE","og_type":"article","og_title":"Vi som arrenderar Guds ving\u00e5rd - Vandra V\u00e4gen","og_description":"H\u00e4r \u00e4r predikan jag h\u00f6ll i f\u00f6rrg\u00e5r i G\u00e4llstad och s\u00f6dra S\u00e4ms kyrka p\u00e5 \u00e5sundengudstj\u00e4nsten d\u00e4r. Hoppas det blir till gl\u00e4dje f\u00f6r dig! Femte s\u00f6ndagen i fastan 2022 F\u00f6rsonaren N\u00e4r Jesus ber\u00e4ttar om ving\u00e5rden s\u00e5 tror nog alla i b\u00f6rjan att han ska citera en k\u00e4nd bild fr\u00e5n deras bibel; en man planterade en ving\u00e5rd, [&hellip;]","og_url":"https:\/\/blogg.svenskakyrkan.se\/vandravagen\/2022\/04\/05\/vi-som-arrenderar-guds-vingard\/","og_site_name":"Vandra V\u00e4gen","article_publisher":"http:\/\/facebook.com\/vandravagen","article_published_time":"2022-04-05T11:42:59+00:00","article_modified_time":"2022-04-05T11:43:00+00:00","og_image":[{"url":"https:\/\/blogg.svenskakyrkan.se\/vandravagen\/files\/2022\/04\/IMG_0186.jpg","type":"","width":"","height":""}],"author":"Tomas Jarvid","twitter_card":"summary_large_image","twitter_creator":"@fadertomas","twitter_site":"@fadertomas","twitter_misc":{"Skriven av":"Tomas Jarvid","Ber\u00e4knad l\u00e4stid":"9 minuter"},"schema":{"@context":"https:\/\/schema.org","@graph":[{"@type":"Article","@id":"https:\/\/blogg.svenskakyrkan.se\/vandravagen\/2022\/04\/05\/vi-som-arrenderar-guds-vingard\/#article","isPartOf":{"@id":"https:\/\/blogg.svenskakyrkan.se\/vandravagen\/2022\/04\/05\/vi-som-arrenderar-guds-vingard\/"},"author":{"name":"Tomas Jarvid","@id":"https:\/\/blogg.svenskakyrkan.se\/vandravagen\/#\/schema\/person\/25da02d4f76b137d04291711e2c9fc16"},"headline":"Vi som arrenderar Guds ving\u00e5rd","datePublished":"2022-04-05T11:42:59+00:00","dateModified":"2022-04-05T11:43:00+00:00","mainEntityOfPage":{"@id":"https:\/\/blogg.svenskakyrkan.se\/vandravagen\/2022\/04\/05\/vi-som-arrenderar-guds-vingard\/"},"wordCount":1781,"commentCount":6,"publisher":{"@id":"https:\/\/blogg.svenskakyrkan.se\/vandravagen\/#organization"},"image":{"@id":"https:\/\/blogg.svenskakyrkan.se\/vandravagen\/2022\/04\/05\/vi-som-arrenderar-guds-vingard\/#primaryimage"},"thumbnailUrl":"https:\/\/blogg.svenskakyrkan.se\/vandravagen\/files\/2022\/04\/IMG_0186.jpg","inLanguage":"sv-SE","potentialAction":[{"@type":"CommentAction","name":"Comment","target":["https:\/\/blogg.svenskakyrkan.se\/vandravagen\/2022\/04\/05\/vi-som-arrenderar-guds-vingard\/#respond"]}]},{"@type":"WebPage","@id":"https:\/\/blogg.svenskakyrkan.se\/vandravagen\/2022\/04\/05\/vi-som-arrenderar-guds-vingard\/","url":"https:\/\/blogg.svenskakyrkan.se\/vandravagen\/2022\/04\/05\/vi-som-arrenderar-guds-vingard\/","name":"Vi som arrenderar Guds ving\u00e5rd - Vandra V\u00e4gen","isPartOf":{"@id":"https:\/\/blogg.svenskakyrkan.se\/vandravagen\/#website"},"primaryImageOfPage":{"@id":"https:\/\/blogg.svenskakyrkan.se\/vandravagen\/2022\/04\/05\/vi-som-arrenderar-guds-vingard\/#primaryimage"},"image":{"@id":"https:\/\/blogg.svenskakyrkan.se\/vandravagen\/2022\/04\/05\/vi-som-arrenderar-guds-vingard\/#primaryimage"},"thumbnailUrl":"https:\/\/blogg.svenskakyrkan.se\/vandravagen\/files\/2022\/04\/IMG_0186.jpg","datePublished":"2022-04-05T11:42:59+00:00","dateModified":"2022-04-05T11:43:00+00:00","breadcrumb":{"@id":"https:\/\/blogg.svenskakyrkan.se\/vandravagen\/2022\/04\/05\/vi-som-arrenderar-guds-vingard\/#breadcrumb"},"inLanguage":"sv-SE","potentialAction":[{"@type":"ReadAction","target":["https:\/\/blogg.svenskakyrkan.se\/vandravagen\/2022\/04\/05\/vi-som-arrenderar-guds-vingard\/"]}]},{"@type":"ImageObject","inLanguage":"sv-SE","@id":"https:\/\/blogg.svenskakyrkan.se\/vandravagen\/2022\/04\/05\/vi-som-arrenderar-guds-vingard\/#primaryimage","url":"https:\/\/blogg.svenskakyrkan.se\/vandravagen\/files\/2022\/04\/IMG_0186.jpg","contentUrl":"https:\/\/blogg.svenskakyrkan.se\/vandravagen\/files\/2022\/04\/IMG_0186.jpg"},{"@type":"BreadcrumbList","@id":"https:\/\/blogg.svenskakyrkan.se\/vandravagen\/2022\/04\/05\/vi-som-arrenderar-guds-vingard\/#breadcrumb","itemListElement":[{"@type":"ListItem","position":1,"name":"Hem","item":"https:\/\/blogg.svenskakyrkan.se\/vandravagen\/"},{"@type":"ListItem","position":2,"name":"Vi som arrenderar Guds ving\u00e5rd"}]},{"@type":"WebSite","@id":"https:\/\/blogg.svenskakyrkan.se\/vandravagen\/#website","url":"https:\/\/blogg.svenskakyrkan.se\/vandravagen\/","name":"Vandra V\u00e4gen","description":"-Mot en tro f\u00f6r hela livet","publisher":{"@id":"https:\/\/blogg.svenskakyrkan.se\/vandravagen\/#organization"},"potentialAction":[{"@type":"SearchAction","target":{"@type":"EntryPoint","urlTemplate":"https:\/\/blogg.svenskakyrkan.se\/vandravagen\/?s={search_term_string}"},"query-input":{"@type":"PropertyValueSpecification","valueRequired":true,"valueName":"search_term_string"}}],"inLanguage":"sv-SE"},{"@type":"Organization","@id":"https:\/\/blogg.svenskakyrkan.se\/vandravagen\/#organization","name":"ulricehamns pastorat","alternateName":"ulricehamns pastorat","url":"https:\/\/blogg.svenskakyrkan.se\/vandravagen\/","logo":{"@type":"ImageObject","inLanguage":"sv-SE","@id":"https:\/\/blogg.svenskakyrkan.se\/vandravagen\/#\/schema\/logo\/image\/","url":"https:\/\/blogg.svenskakyrkan.se\/vandravagen\/files\/2023\/05\/Ulr_logo_RGB.png","contentUrl":"https:\/\/blogg.svenskakyrkan.se\/vandravagen\/files\/2023\/05\/Ulr_logo_RGB.png","width":205,"height":77,"caption":"ulricehamns pastorat"},"image":{"@id":"https:\/\/blogg.svenskakyrkan.se\/vandravagen\/#\/schema\/logo\/image\/"},"sameAs":["http:\/\/facebook.com\/vandravagen","https:\/\/x.com\/fadertomas","http:\/\/www.facebook.com\/svenskakyrkaniulricehamn"]},{"@type":"Person","@id":"https:\/\/blogg.svenskakyrkan.se\/vandravagen\/#\/schema\/person\/25da02d4f76b137d04291711e2c9fc16","name":"Tomas Jarvid","image":{"@type":"ImageObject","inLanguage":"sv-SE","@id":"https:\/\/blogg.svenskakyrkan.se\/vandravagen\/#\/schema\/person\/image\/","url":"https:\/\/secure.gravatar.com\/avatar\/7fa71899795e8f540f615a1f5ab25255dc27aa40f05ee7ddd21aac521e01bf50?s=96&d=identicon&r=g","contentUrl":"https:\/\/secure.gravatar.com\/avatar\/7fa71899795e8f540f615a1f5ab25255dc27aa40f05ee7ddd21aac521e01bf50?s=96&d=identicon&r=g","caption":"Tomas Jarvid"},"description":"Jag bor i Ulricehamn i V\u00e4sterg\u00f6tland och \u00e4r f\u00f6rsamlingspr\u00e4st i Svenska Kyrkan f\u00f6r Dalstorps f\u00f6rsamling i Kinds pastorat. P\u00e5 den h\u00e4r bloggen skriver jag ner tankar om vandringen som kristen.","sameAs":["http:\/\/www.vandravagen.se"],"url":"https:\/\/blogg.svenskakyrkan.se\/vandravagen\/author\/vandravagen\/"}]}},"author_meta":{"ID":"392","user_nicename":"vandravagen","user_url":"http:\/\/www.vandravagen.se","user_registered":"2014-05-19 05:44:52","display_name":"Tomas Jarvid","first_name":"Tomas","last_name":"Jarvid","avatar":"https:\/\/secure.gravatar.com\/avatar\/7fa71899795e8f540f615a1f5ab25255dc27aa40f05ee7ddd21aac521e01bf50?s=96&d=identicon&r=g"},"featured_image":false,"bloginfo":{"name":"Vandra V\u00e4gen","url":"https:\/\/blogg.svenskakyrkan.se\/vandravagen"},"_links":{"self":[{"href":"https:\/\/blogg.svenskakyrkan.se\/vandravagen\/wp-json\/wp\/v2\/posts\/8903","targetHints":{"allow":["GET"]}}],"collection":[{"href":"https:\/\/blogg.svenskakyrkan.se\/vandravagen\/wp-json\/wp\/v2\/posts"}],"about":[{"href":"https:\/\/blogg.svenskakyrkan.se\/vandravagen\/wp-json\/wp\/v2\/types\/post"}],"author":[{"embeddable":true,"href":"https:\/\/blogg.svenskakyrkan.se\/vandravagen\/wp-json\/wp\/v2\/users\/392"}],"replies":[{"embeddable":true,"href":"https:\/\/blogg.svenskakyrkan.se\/vandravagen\/wp-json\/wp\/v2\/comments?post=8903"}],"version-history":[{"count":2,"href":"https:\/\/blogg.svenskakyrkan.se\/vandravagen\/wp-json\/wp\/v2\/posts\/8903\/revisions"}],"predecessor-version":[{"id":8906,"href":"https:\/\/blogg.svenskakyrkan.se\/vandravagen\/wp-json\/wp\/v2\/posts\/8903\/revisions\/8906"}],"wp:attachment":[{"href":"https:\/\/blogg.svenskakyrkan.se\/vandravagen\/wp-json\/wp\/v2\/media?parent=8903"}],"wp:term":[{"taxonomy":"category","embeddable":true,"href":"https:\/\/blogg.svenskakyrkan.se\/vandravagen\/wp-json\/wp\/v2\/categories?post=8903"},{"taxonomy":"post_tag","embeddable":true,"href":"https:\/\/blogg.svenskakyrkan.se\/vandravagen\/wp-json\/wp\/v2\/tags?post=8903"}],"curies":[{"name":"wp","href":"https:\/\/api.w.org\/{rel}","templated":true}]}}