{"id":8918,"date":"2022-04-15T14:30:16","date_gmt":"2022-04-15T12:30:16","guid":{"rendered":"https:\/\/blogg.svenskakyrkan.se\/vandravagen\/?p=8918"},"modified":"2022-04-15T14:30:17","modified_gmt":"2022-04-15T12:30:17","slug":"allt-pa-ett-enda-dygn","status":"publish","type":"post","link":"https:\/\/blogg.svenskakyrkan.se\/vandravagen\/2022\/04\/15\/allt-pa-ett-enda-dygn\/","title":{"rendered":"Allt p\u00e5 ett enda dygn"},"content":{"rendered":"\n\n\n<figure class=\"wp-block-image size-large\"><img loading=\"lazy\" decoding=\"async\" width=\"750\" height=\"386\" src=\"https:\/\/blogg.svenskakyrkan.se\/vandravagen\/files\/2022\/04\/IMG_0359.jpg\" alt=\"\" class=\"wp-image-8920\" srcset=\"https:\/\/blogg.svenskakyrkan.se\/vandravagen\/files\/2022\/04\/IMG_0359.jpg 750w, https:\/\/blogg.svenskakyrkan.se\/vandravagen\/files\/2022\/04\/IMG_0359-300x154.jpg 300w\" sizes=\"auto, (max-width: 750px) 100vw, 750px\" \/><figcaption>Judas f\u00e5r 30 silverpengar f\u00f6r att f\u00f6rr\u00e5da sin v\u00e4n.<\/figcaption><\/figure>\n\n\n\n<p>Ig\u00e5r predikade jag f\u00f6r f\u00f6rsta g\u00e5ngen p\u00e5 sk\u00e4rtorsdag i \u00c5sundens f\u00f6rsamling och det \u00e4r f\u00f6rst\u00e5s en speciellt fin dag. Jag r\u00e5kade dock l\u00e4mna mitt predikopapper i Tv\u00e4rred s\u00e5 jag fick predika fr\u00e5n mobilen i Finnekumla. Det var inte att rekommendera f\u00f6r det \u00e4r sv\u00e5rt att se riktigt var man \u00e4r i texten. H\u00e4r \u00e4r hur som helst predikan, hoppas den \u00e4r till gl\u00e4dje f\u00f6r dig!<\/p>\n\n\n\n<p><\/p>\n\n\n\n<p><strong>Sk\u00e4rtorsdagen 2022, 18.00 i Tv\u00e4rred och 19.30 i Finnekumla, Det nya f\u00f6rbundet<\/strong><\/p>\n\n\n\n<p>P\u00e5 kv\u00e4llen samlade Jesus och l\u00e4rjungarna sig till p\u00e5skm\u00e5ltid. I bibeln r\u00e4knar de tid lite annorlunda \u00e4n vi ofta g\u00f6r. Vi har ju best\u00e4mt att dygnet b\u00f6rjar 12 p\u00e5 natten och p\u00e5g\u00e5r till n\u00e4sta natt men de r\u00e4knade det som att klockan 18 p\u00e5 kv\u00e4llen s\u00e5 b\u00f6rjade n\u00e4sta dag. S\u00e5 g\u00f6r judar nu ocks\u00e5 s\u00e5 sabbatsdagen l\u00f6rdag b\u00f6rjar redan p\u00e5 fredag kv\u00e4ll och str\u00e4ngt taget \u00e4r detta en gammal ordning i Sverige ocks\u00e5, h\u00e4r har vi f\u00f6rklaringen till v\u00e5r lite m\u00e4rkliga sed att fira jul p\u00e5 julaftonskv\u00e4llen och p\u00e5sk p\u00e5 p\u00e5skafton.<\/p>\n\n\n\n<p>Sak samma, kan man s\u00e4ga, men just ikv\u00e4ll n\u00e4r vi \u00e4r samlade kring Jesus p\u00e5skm\u00e5ltid med l\u00e4rjungarna s\u00e5 spelar det faktiskt roll. Den dag som b\u00f6rjar nu p\u00e5 torsdagens kv\u00e4ll \u00e4r ju redan samma dygn som l\u00e5ngfredagen. Vi \u00e4r vana att se det lite mer som separata dagar och h\u00e4ndelser men allt h\u00e4nger egentligen ihop. P\u00e5 samma dygn \u00e4ter de m\u00e5ltiden, Jesus v\u00e5ndas i \u00e5ngest i Getsemane tr\u00e4dg\u00e5rd, blir f\u00f6rr\u00e5dd av sin v\u00e4n, \u00f6vergiven av andra v\u00e4nner, slagen h\u00e5nad och d\u00f6dad. N\u00e4r det b\u00f6rjar n\u00e4rma sig 24 timmar f\u00e5r hans modigaste v\u00e4nner br\u00e5ttom att ta ner honom fr\u00e5n korset f\u00f6r en snabb begravning innan sabbaten b\u00f6rjar. Allt detta \u00e4r ett enda l\u00e5ngt skeende d\u00e4r man f\u00f6rst\u00e5s kan se p\u00e5 varje del f\u00f6r sig men g\u00e4rna ocks\u00e5 kan se p\u00e5 helheten. Allt detta var del i hans lidande. Vi kanske k\u00e4nner igen oss i olika delar, det kroppsliga lidandet, ensamheten, skammen, r\u00e4dslan f\u00f6r d\u00f6den, kanske olika i olika tider i v\u00e5ra liv.<\/p>\n\n\n\n<p>Men det h\u00e4r \u00e4r en gl\u00e4djens kv\u00e4ll. Jesus \u00e4r glad att samla de sina kring sig. S\u00e5 var det och s\u00e5 \u00e4r det. Denna m\u00e5ltid \u00e4r starten och faktiskt ocks\u00e5 nyckeln som f\u00f6rklarar vad det \u00e4r som h\u00e4nder i p\u00e5sken. Jesus tar br\u00f6det och vinet och tackar Gud f\u00f6r dem, f\u00f6ljer ordningarna f\u00f6r m\u00e5ltiden som han gjort hela sitt liv men s\u00e5 l\u00e4gger han till saker! Detta \u00e4r min kropp och mitt blod, jag ska brytas och bl\u00f6da f\u00f6r er skull snart. Den vanliga betydelsen i m\u00e5ltiden med hur folket varit slavar under den grymme Farao men blev befriade av Gud genom Mose finns kvar d\u00e4r men h\u00e4r l\u00e4ggs det till n\u00e5got. Br\u00f6det som var osyrat f\u00f6r att folket fick bryta upp i s\u00e5dan hast \u00e4r nu ocks\u00e5 Jesus sj\u00e4lv och det som ska ske med honom. Det osyrade st\u00e5r ocks\u00e5 f\u00f6r en som \u00e4r utan ont upps\u00e5t och synd. En g\u00e5ng delade Mose r\u00f6da havet med sin stav men nu s\u00e4ger Jesus att hans kropp kommer bli delad som det h\u00e4r br\u00f6det och det kommer att \u00f6ppna en v\u00e4g genom d\u00f6d till liv, \u00e4ven f\u00f6r oss. En v\u00e4g \u00f6ppnas till liv i frihet d\u00e5 som nu men Jesus ger sig p\u00e5 \u00e4nnu st\u00f6rre fiender. Synden och ondskan och d\u00f6den.<\/p>\n\n\n\n<p>Jag tror att \u00e4ven om Jesus har starkare tro \u00e4n vi s\u00e5 kunde inte ens han veta om han skulle \u201dlanda mjukt\u201d. Inte ens han kunde veta att det skulle bli en forts\u00e4ttning. Men han antyder ett hopp och en framtid, han s\u00e4ger att han kommer smaka det nya vinet i Guds rike. Nattvarden som vi firar \u00e4r inte bara ett minne av den sista m\u00e5ltiden utan ocks\u00e5 av den f\u00f6rsta, n\u00e4r Jesus p\u00e5 nytt var tillsammans med sina f\u00f6rv\u00e5nade v\u00e4nner och br\u00f6t br\u00f6det. V\u00e5r kristna nattvard \u00e4r inte bara maten f\u00f6re utt\u00e5get ur Egypten utan ocks\u00e5 jublet efter att ha blivit r\u00e4ddade genom havet och v\u00e5r \u00e5terkommande manna p\u00e5 \u00f6kenf\u00e4rden livet ofta \u00e4r.<\/p>\n\n\n\n<p>I v\u00e5r text fr\u00e5n Lukas st\u00e5r det inget om n\u00e4r Jesus tv\u00e4ttar f\u00f6tterna men samma \u00e4mnen finns med. L\u00e4rjungarna br\u00e5kar om vem som \u00e4r st\u00f6rst, f\u00e5r det att handla om dem, det \u00e4r pinsamt att likna dem men nog \u00e4r vi ofta upptagna med oss sj\u00e4lva p\u00e5 samma s\u00e4tt. Jesus f\u00f6rklarar att om han \u00e4r deras tj\u00e4nare (och de ska snart f\u00f6rst\u00e5 hur mycket), s\u00e5 ska de ocks\u00e5 vara tj\u00e4nare \u00e5t varandra. Jesus nattvard speglar allt som ska komma av hans k\u00e4rlek till m\u00e4nniskorna och skapelsen. Om vi ska kalla oss hans l\u00e4rjungar beh\u00f6ver vi f\u00f6rst\u00e5s f\u00f6rs\u00f6ka sl\u00e4ppa \u201dmig\u201d och \u201dmitt\u201d vi ocks\u00e5 och se vad vi kan ge.<\/p>\n\n\n\n<p>Det har sagts att v\u00e5r altarring \u00e4r halv f\u00f6r att den forts\u00e4tter ut kring jorden och forts\u00e4tter in i Guds verklighet. N\u00e4r vi b\u00f6jer kn\u00e4 d\u00e4r inte bara minns vi det som h\u00e4nde d\u00e5, vi \u00e4r p\u00e5 ett mystiskt s\u00e4tt med vid samma m\u00e5ltid. \u00c4ven vi f\u00f6r h\u00f6ra om Kristi kropp och blod f\u00f6r v\u00e5r skull. P\u00e5sken \u00e4r nu. Jesus finns med oss i v\u00e5rt lidande. Jesus ger hopp f\u00f6r morgondagen f\u00f6r vi vet ju ocks\u00e5 att Jesus d\u00f6d inte kommer att vara slutet.<\/p>\n\n\n\n<p><\/p>\n\n\n\n<p>.<\/p>\n","protected":false},"excerpt":{"rendered":"<p>Ig\u00e5r predikade jag f\u00f6r f\u00f6rsta g\u00e5ngen p\u00e5 sk\u00e4rtorsdag i \u00c5sundens f\u00f6rsamling och det \u00e4r f\u00f6rst\u00e5s en speciellt fin dag. Jag r\u00e5kade dock l\u00e4mna mitt predikopapper i Tv\u00e4rred s\u00e5 jag fick predika fr\u00e5n mobilen i Finnekumla. Det var inte att rekommendera f\u00f6r det \u00e4r sv\u00e5rt att se riktigt var man \u00e4r i texten. H\u00e4r \u00e4r hur [&hellip;]<\/p>\n","protected":false},"author":392,"featured_media":0,"comment_status":"open","ping_status":"open","sticky":false,"template":"","format":"standard","meta":{"_acf_changed":false,"footnotes":""},"categories":[9],"tags":[],"class_list":["post-8918","post","type-post","status-publish","format-standard","hentry","category-okategoriserade"],"acf":[],"yoast_head":"<!-- This site is optimized with the Yoast SEO plugin v27.1.1 - https:\/\/yoast.com\/product\/yoast-seo-wordpress\/ -->\n<title>Allt p\u00e5 ett enda dygn - Vandra V\u00e4gen<\/title>\n<meta name=\"robots\" content=\"index, follow, max-snippet:-1, max-image-preview:large, max-video-preview:-1\" \/>\n<link rel=\"canonical\" href=\"https:\/\/blogg.svenskakyrkan.se\/vandravagen\/2022\/04\/15\/allt-pa-ett-enda-dygn\/\" \/>\n<meta property=\"og:locale\" content=\"sv_SE\" \/>\n<meta property=\"og:type\" content=\"article\" \/>\n<meta property=\"og:title\" content=\"Allt p\u00e5 ett enda dygn - Vandra V\u00e4gen\" \/>\n<meta property=\"og:description\" content=\"Ig\u00e5r predikade jag f\u00f6r f\u00f6rsta g\u00e5ngen p\u00e5 sk\u00e4rtorsdag i \u00c5sundens f\u00f6rsamling och det \u00e4r f\u00f6rst\u00e5s en speciellt fin dag. Jag r\u00e5kade dock l\u00e4mna mitt predikopapper i Tv\u00e4rred s\u00e5 jag fick predika fr\u00e5n mobilen i Finnekumla. Det var inte att rekommendera f\u00f6r det \u00e4r sv\u00e5rt att se riktigt var man \u00e4r i texten. H\u00e4r \u00e4r hur [&hellip;]\" \/>\n<meta property=\"og:url\" content=\"https:\/\/blogg.svenskakyrkan.se\/vandravagen\/2022\/04\/15\/allt-pa-ett-enda-dygn\/\" \/>\n<meta property=\"og:site_name\" content=\"Vandra V\u00e4gen\" \/>\n<meta property=\"article:publisher\" content=\"http:\/\/facebook.com\/vandravagen\" \/>\n<meta property=\"article:published_time\" content=\"2022-04-15T12:30:16+00:00\" \/>\n<meta property=\"article:modified_time\" content=\"2022-04-15T12:30:17+00:00\" \/>\n<meta property=\"og:image\" content=\"https:\/\/blogg.svenskakyrkan.se\/vandravagen\/files\/2022\/04\/IMG_0359.jpg\" \/>\n<meta name=\"author\" content=\"Tomas Jarvid\" \/>\n<meta name=\"twitter:card\" content=\"summary_large_image\" \/>\n<meta name=\"twitter:creator\" content=\"@fadertomas\" \/>\n<meta name=\"twitter:site\" content=\"@fadertomas\" \/>\n<meta name=\"twitter:label1\" content=\"Skriven av\" \/>\n\t<meta name=\"twitter:data1\" content=\"Tomas Jarvid\" \/>\n\t<meta name=\"twitter:label2\" content=\"Ber\u00e4knad l\u00e4stid\" \/>\n\t<meta name=\"twitter:data2\" content=\"5 minuter\" \/>\n<script type=\"application\/ld+json\" class=\"yoast-schema-graph\">{\"@context\":\"https:\/\/schema.org\",\"@graph\":[{\"@type\":\"Article\",\"@id\":\"https:\/\/blogg.svenskakyrkan.se\/vandravagen\/2022\/04\/15\/allt-pa-ett-enda-dygn\/#article\",\"isPartOf\":{\"@id\":\"https:\/\/blogg.svenskakyrkan.se\/vandravagen\/2022\/04\/15\/allt-pa-ett-enda-dygn\/\"},\"author\":{\"name\":\"Tomas Jarvid\",\"@id\":\"https:\/\/blogg.svenskakyrkan.se\/vandravagen\/#\/schema\/person\/25da02d4f76b137d04291711e2c9fc16\"},\"headline\":\"Allt p\u00e5 ett enda dygn\",\"datePublished\":\"2022-04-15T12:30:16+00:00\",\"dateModified\":\"2022-04-15T12:30:17+00:00\",\"mainEntityOfPage\":{\"@id\":\"https:\/\/blogg.svenskakyrkan.se\/vandravagen\/2022\/04\/15\/allt-pa-ett-enda-dygn\/\"},\"wordCount\":1044,\"commentCount\":6,\"publisher\":{\"@id\":\"https:\/\/blogg.svenskakyrkan.se\/vandravagen\/#organization\"},\"image\":{\"@id\":\"https:\/\/blogg.svenskakyrkan.se\/vandravagen\/2022\/04\/15\/allt-pa-ett-enda-dygn\/#primaryimage\"},\"thumbnailUrl\":\"https:\/\/blogg.svenskakyrkan.se\/vandravagen\/files\/2022\/04\/IMG_0359.jpg\",\"inLanguage\":\"sv-SE\",\"potentialAction\":[{\"@type\":\"CommentAction\",\"name\":\"Comment\",\"target\":[\"https:\/\/blogg.svenskakyrkan.se\/vandravagen\/2022\/04\/15\/allt-pa-ett-enda-dygn\/#respond\"]}]},{\"@type\":\"WebPage\",\"@id\":\"https:\/\/blogg.svenskakyrkan.se\/vandravagen\/2022\/04\/15\/allt-pa-ett-enda-dygn\/\",\"url\":\"https:\/\/blogg.svenskakyrkan.se\/vandravagen\/2022\/04\/15\/allt-pa-ett-enda-dygn\/\",\"name\":\"Allt p\u00e5 ett enda dygn - Vandra V\u00e4gen\",\"isPartOf\":{\"@id\":\"https:\/\/blogg.svenskakyrkan.se\/vandravagen\/#website\"},\"primaryImageOfPage\":{\"@id\":\"https:\/\/blogg.svenskakyrkan.se\/vandravagen\/2022\/04\/15\/allt-pa-ett-enda-dygn\/#primaryimage\"},\"image\":{\"@id\":\"https:\/\/blogg.svenskakyrkan.se\/vandravagen\/2022\/04\/15\/allt-pa-ett-enda-dygn\/#primaryimage\"},\"thumbnailUrl\":\"https:\/\/blogg.svenskakyrkan.se\/vandravagen\/files\/2022\/04\/IMG_0359.jpg\",\"datePublished\":\"2022-04-15T12:30:16+00:00\",\"dateModified\":\"2022-04-15T12:30:17+00:00\",\"breadcrumb\":{\"@id\":\"https:\/\/blogg.svenskakyrkan.se\/vandravagen\/2022\/04\/15\/allt-pa-ett-enda-dygn\/#breadcrumb\"},\"inLanguage\":\"sv-SE\",\"potentialAction\":[{\"@type\":\"ReadAction\",\"target\":[\"https:\/\/blogg.svenskakyrkan.se\/vandravagen\/2022\/04\/15\/allt-pa-ett-enda-dygn\/\"]}]},{\"@type\":\"ImageObject\",\"inLanguage\":\"sv-SE\",\"@id\":\"https:\/\/blogg.svenskakyrkan.se\/vandravagen\/2022\/04\/15\/allt-pa-ett-enda-dygn\/#primaryimage\",\"url\":\"https:\/\/blogg.svenskakyrkan.se\/vandravagen\/files\/2022\/04\/IMG_0359.jpg\",\"contentUrl\":\"https:\/\/blogg.svenskakyrkan.se\/vandravagen\/files\/2022\/04\/IMG_0359.jpg\"},{\"@type\":\"BreadcrumbList\",\"@id\":\"https:\/\/blogg.svenskakyrkan.se\/vandravagen\/2022\/04\/15\/allt-pa-ett-enda-dygn\/#breadcrumb\",\"itemListElement\":[{\"@type\":\"ListItem\",\"position\":1,\"name\":\"Hem\",\"item\":\"https:\/\/blogg.svenskakyrkan.se\/vandravagen\/\"},{\"@type\":\"ListItem\",\"position\":2,\"name\":\"Allt p\u00e5 ett enda dygn\"}]},{\"@type\":\"WebSite\",\"@id\":\"https:\/\/blogg.svenskakyrkan.se\/vandravagen\/#website\",\"url\":\"https:\/\/blogg.svenskakyrkan.se\/vandravagen\/\",\"name\":\"Vandra V\u00e4gen\",\"description\":\"-Mot en tro f\u00f6r hela livet\",\"publisher\":{\"@id\":\"https:\/\/blogg.svenskakyrkan.se\/vandravagen\/#organization\"},\"potentialAction\":[{\"@type\":\"SearchAction\",\"target\":{\"@type\":\"EntryPoint\",\"urlTemplate\":\"https:\/\/blogg.svenskakyrkan.se\/vandravagen\/?s={search_term_string}\"},\"query-input\":{\"@type\":\"PropertyValueSpecification\",\"valueRequired\":true,\"valueName\":\"search_term_string\"}}],\"inLanguage\":\"sv-SE\"},{\"@type\":\"Organization\",\"@id\":\"https:\/\/blogg.svenskakyrkan.se\/vandravagen\/#organization\",\"name\":\"ulricehamns pastorat\",\"alternateName\":\"ulricehamns pastorat\",\"url\":\"https:\/\/blogg.svenskakyrkan.se\/vandravagen\/\",\"logo\":{\"@type\":\"ImageObject\",\"inLanguage\":\"sv-SE\",\"@id\":\"https:\/\/blogg.svenskakyrkan.se\/vandravagen\/#\/schema\/logo\/image\/\",\"url\":\"https:\/\/blogg.svenskakyrkan.se\/vandravagen\/files\/2023\/05\/Ulr_logo_RGB.png\",\"contentUrl\":\"https:\/\/blogg.svenskakyrkan.se\/vandravagen\/files\/2023\/05\/Ulr_logo_RGB.png\",\"width\":205,\"height\":77,\"caption\":\"ulricehamns pastorat\"},\"image\":{\"@id\":\"https:\/\/blogg.svenskakyrkan.se\/vandravagen\/#\/schema\/logo\/image\/\"},\"sameAs\":[\"http:\/\/facebook.com\/vandravagen\",\"https:\/\/x.com\/fadertomas\",\"http:\/\/www.facebook.com\/svenskakyrkaniulricehamn\"]},{\"@type\":\"Person\",\"@id\":\"https:\/\/blogg.svenskakyrkan.se\/vandravagen\/#\/schema\/person\/25da02d4f76b137d04291711e2c9fc16\",\"name\":\"Tomas Jarvid\",\"image\":{\"@type\":\"ImageObject\",\"inLanguage\":\"sv-SE\",\"@id\":\"https:\/\/blogg.svenskakyrkan.se\/vandravagen\/#\/schema\/person\/image\/\",\"url\":\"https:\/\/secure.gravatar.com\/avatar\/7fa71899795e8f540f615a1f5ab25255dc27aa40f05ee7ddd21aac521e01bf50?s=96&d=identicon&r=g\",\"contentUrl\":\"https:\/\/secure.gravatar.com\/avatar\/7fa71899795e8f540f615a1f5ab25255dc27aa40f05ee7ddd21aac521e01bf50?s=96&d=identicon&r=g\",\"caption\":\"Tomas Jarvid\"},\"description\":\"Jag bor i Ulricehamn i V\u00e4sterg\u00f6tland och \u00e4r f\u00f6rsamlingspr\u00e4st i Svenska Kyrkan f\u00f6r Dalstorps f\u00f6rsamling i Kinds pastorat. P\u00e5 den h\u00e4r bloggen skriver jag ner tankar om vandringen som kristen.\",\"sameAs\":[\"http:\/\/www.vandravagen.se\"],\"url\":\"https:\/\/blogg.svenskakyrkan.se\/vandravagen\/author\/vandravagen\/\"}]}<\/script>\n<!-- \/ Yoast SEO plugin. -->","yoast_head_json":{"title":"Allt p\u00e5 ett enda dygn - Vandra V\u00e4gen","robots":{"index":"index","follow":"follow","max-snippet":"max-snippet:-1","max-image-preview":"max-image-preview:large","max-video-preview":"max-video-preview:-1"},"canonical":"https:\/\/blogg.svenskakyrkan.se\/vandravagen\/2022\/04\/15\/allt-pa-ett-enda-dygn\/","og_locale":"sv_SE","og_type":"article","og_title":"Allt p\u00e5 ett enda dygn - Vandra V\u00e4gen","og_description":"Ig\u00e5r predikade jag f\u00f6r f\u00f6rsta g\u00e5ngen p\u00e5 sk\u00e4rtorsdag i \u00c5sundens f\u00f6rsamling och det \u00e4r f\u00f6rst\u00e5s en speciellt fin dag. Jag r\u00e5kade dock l\u00e4mna mitt predikopapper i Tv\u00e4rred s\u00e5 jag fick predika fr\u00e5n mobilen i Finnekumla. Det var inte att rekommendera f\u00f6r det \u00e4r sv\u00e5rt att se riktigt var man \u00e4r i texten. H\u00e4r \u00e4r hur [&hellip;]","og_url":"https:\/\/blogg.svenskakyrkan.se\/vandravagen\/2022\/04\/15\/allt-pa-ett-enda-dygn\/","og_site_name":"Vandra V\u00e4gen","article_publisher":"http:\/\/facebook.com\/vandravagen","article_published_time":"2022-04-15T12:30:16+00:00","article_modified_time":"2022-04-15T12:30:17+00:00","og_image":[{"url":"https:\/\/blogg.svenskakyrkan.se\/vandravagen\/files\/2022\/04\/IMG_0359.jpg","type":"","width":"","height":""}],"author":"Tomas Jarvid","twitter_card":"summary_large_image","twitter_creator":"@fadertomas","twitter_site":"@fadertomas","twitter_misc":{"Skriven av":"Tomas Jarvid","Ber\u00e4knad l\u00e4stid":"5 minuter"},"schema":{"@context":"https:\/\/schema.org","@graph":[{"@type":"Article","@id":"https:\/\/blogg.svenskakyrkan.se\/vandravagen\/2022\/04\/15\/allt-pa-ett-enda-dygn\/#article","isPartOf":{"@id":"https:\/\/blogg.svenskakyrkan.se\/vandravagen\/2022\/04\/15\/allt-pa-ett-enda-dygn\/"},"author":{"name":"Tomas Jarvid","@id":"https:\/\/blogg.svenskakyrkan.se\/vandravagen\/#\/schema\/person\/25da02d4f76b137d04291711e2c9fc16"},"headline":"Allt p\u00e5 ett enda dygn","datePublished":"2022-04-15T12:30:16+00:00","dateModified":"2022-04-15T12:30:17+00:00","mainEntityOfPage":{"@id":"https:\/\/blogg.svenskakyrkan.se\/vandravagen\/2022\/04\/15\/allt-pa-ett-enda-dygn\/"},"wordCount":1044,"commentCount":6,"publisher":{"@id":"https:\/\/blogg.svenskakyrkan.se\/vandravagen\/#organization"},"image":{"@id":"https:\/\/blogg.svenskakyrkan.se\/vandravagen\/2022\/04\/15\/allt-pa-ett-enda-dygn\/#primaryimage"},"thumbnailUrl":"https:\/\/blogg.svenskakyrkan.se\/vandravagen\/files\/2022\/04\/IMG_0359.jpg","inLanguage":"sv-SE","potentialAction":[{"@type":"CommentAction","name":"Comment","target":["https:\/\/blogg.svenskakyrkan.se\/vandravagen\/2022\/04\/15\/allt-pa-ett-enda-dygn\/#respond"]}]},{"@type":"WebPage","@id":"https:\/\/blogg.svenskakyrkan.se\/vandravagen\/2022\/04\/15\/allt-pa-ett-enda-dygn\/","url":"https:\/\/blogg.svenskakyrkan.se\/vandravagen\/2022\/04\/15\/allt-pa-ett-enda-dygn\/","name":"Allt p\u00e5 ett enda dygn - Vandra V\u00e4gen","isPartOf":{"@id":"https:\/\/blogg.svenskakyrkan.se\/vandravagen\/#website"},"primaryImageOfPage":{"@id":"https:\/\/blogg.svenskakyrkan.se\/vandravagen\/2022\/04\/15\/allt-pa-ett-enda-dygn\/#primaryimage"},"image":{"@id":"https:\/\/blogg.svenskakyrkan.se\/vandravagen\/2022\/04\/15\/allt-pa-ett-enda-dygn\/#primaryimage"},"thumbnailUrl":"https:\/\/blogg.svenskakyrkan.se\/vandravagen\/files\/2022\/04\/IMG_0359.jpg","datePublished":"2022-04-15T12:30:16+00:00","dateModified":"2022-04-15T12:30:17+00:00","breadcrumb":{"@id":"https:\/\/blogg.svenskakyrkan.se\/vandravagen\/2022\/04\/15\/allt-pa-ett-enda-dygn\/#breadcrumb"},"inLanguage":"sv-SE","potentialAction":[{"@type":"ReadAction","target":["https:\/\/blogg.svenskakyrkan.se\/vandravagen\/2022\/04\/15\/allt-pa-ett-enda-dygn\/"]}]},{"@type":"ImageObject","inLanguage":"sv-SE","@id":"https:\/\/blogg.svenskakyrkan.se\/vandravagen\/2022\/04\/15\/allt-pa-ett-enda-dygn\/#primaryimage","url":"https:\/\/blogg.svenskakyrkan.se\/vandravagen\/files\/2022\/04\/IMG_0359.jpg","contentUrl":"https:\/\/blogg.svenskakyrkan.se\/vandravagen\/files\/2022\/04\/IMG_0359.jpg"},{"@type":"BreadcrumbList","@id":"https:\/\/blogg.svenskakyrkan.se\/vandravagen\/2022\/04\/15\/allt-pa-ett-enda-dygn\/#breadcrumb","itemListElement":[{"@type":"ListItem","position":1,"name":"Hem","item":"https:\/\/blogg.svenskakyrkan.se\/vandravagen\/"},{"@type":"ListItem","position":2,"name":"Allt p\u00e5 ett enda dygn"}]},{"@type":"WebSite","@id":"https:\/\/blogg.svenskakyrkan.se\/vandravagen\/#website","url":"https:\/\/blogg.svenskakyrkan.se\/vandravagen\/","name":"Vandra V\u00e4gen","description":"-Mot en tro f\u00f6r hela livet","publisher":{"@id":"https:\/\/blogg.svenskakyrkan.se\/vandravagen\/#organization"},"potentialAction":[{"@type":"SearchAction","target":{"@type":"EntryPoint","urlTemplate":"https:\/\/blogg.svenskakyrkan.se\/vandravagen\/?s={search_term_string}"},"query-input":{"@type":"PropertyValueSpecification","valueRequired":true,"valueName":"search_term_string"}}],"inLanguage":"sv-SE"},{"@type":"Organization","@id":"https:\/\/blogg.svenskakyrkan.se\/vandravagen\/#organization","name":"ulricehamns pastorat","alternateName":"ulricehamns pastorat","url":"https:\/\/blogg.svenskakyrkan.se\/vandravagen\/","logo":{"@type":"ImageObject","inLanguage":"sv-SE","@id":"https:\/\/blogg.svenskakyrkan.se\/vandravagen\/#\/schema\/logo\/image\/","url":"https:\/\/blogg.svenskakyrkan.se\/vandravagen\/files\/2023\/05\/Ulr_logo_RGB.png","contentUrl":"https:\/\/blogg.svenskakyrkan.se\/vandravagen\/files\/2023\/05\/Ulr_logo_RGB.png","width":205,"height":77,"caption":"ulricehamns pastorat"},"image":{"@id":"https:\/\/blogg.svenskakyrkan.se\/vandravagen\/#\/schema\/logo\/image\/"},"sameAs":["http:\/\/facebook.com\/vandravagen","https:\/\/x.com\/fadertomas","http:\/\/www.facebook.com\/svenskakyrkaniulricehamn"]},{"@type":"Person","@id":"https:\/\/blogg.svenskakyrkan.se\/vandravagen\/#\/schema\/person\/25da02d4f76b137d04291711e2c9fc16","name":"Tomas Jarvid","image":{"@type":"ImageObject","inLanguage":"sv-SE","@id":"https:\/\/blogg.svenskakyrkan.se\/vandravagen\/#\/schema\/person\/image\/","url":"https:\/\/secure.gravatar.com\/avatar\/7fa71899795e8f540f615a1f5ab25255dc27aa40f05ee7ddd21aac521e01bf50?s=96&d=identicon&r=g","contentUrl":"https:\/\/secure.gravatar.com\/avatar\/7fa71899795e8f540f615a1f5ab25255dc27aa40f05ee7ddd21aac521e01bf50?s=96&d=identicon&r=g","caption":"Tomas Jarvid"},"description":"Jag bor i Ulricehamn i V\u00e4sterg\u00f6tland och \u00e4r f\u00f6rsamlingspr\u00e4st i Svenska Kyrkan f\u00f6r Dalstorps f\u00f6rsamling i Kinds pastorat. P\u00e5 den h\u00e4r bloggen skriver jag ner tankar om vandringen som kristen.","sameAs":["http:\/\/www.vandravagen.se"],"url":"https:\/\/blogg.svenskakyrkan.se\/vandravagen\/author\/vandravagen\/"}]}},"author_meta":{"ID":"392","user_nicename":"vandravagen","user_url":"http:\/\/www.vandravagen.se","user_registered":"2014-05-19 05:44:52","display_name":"Tomas Jarvid","first_name":"Tomas","last_name":"Jarvid","avatar":"https:\/\/secure.gravatar.com\/avatar\/7fa71899795e8f540f615a1f5ab25255dc27aa40f05ee7ddd21aac521e01bf50?s=96&d=identicon&r=g"},"featured_image":false,"bloginfo":{"name":"Vandra V\u00e4gen","url":"https:\/\/blogg.svenskakyrkan.se\/vandravagen"},"_links":{"self":[{"href":"https:\/\/blogg.svenskakyrkan.se\/vandravagen\/wp-json\/wp\/v2\/posts\/8918","targetHints":{"allow":["GET"]}}],"collection":[{"href":"https:\/\/blogg.svenskakyrkan.se\/vandravagen\/wp-json\/wp\/v2\/posts"}],"about":[{"href":"https:\/\/blogg.svenskakyrkan.se\/vandravagen\/wp-json\/wp\/v2\/types\/post"}],"author":[{"embeddable":true,"href":"https:\/\/blogg.svenskakyrkan.se\/vandravagen\/wp-json\/wp\/v2\/users\/392"}],"replies":[{"embeddable":true,"href":"https:\/\/blogg.svenskakyrkan.se\/vandravagen\/wp-json\/wp\/v2\/comments?post=8918"}],"version-history":[{"count":2,"href":"https:\/\/blogg.svenskakyrkan.se\/vandravagen\/wp-json\/wp\/v2\/posts\/8918\/revisions"}],"predecessor-version":[{"id":8921,"href":"https:\/\/blogg.svenskakyrkan.se\/vandravagen\/wp-json\/wp\/v2\/posts\/8918\/revisions\/8921"}],"wp:attachment":[{"href":"https:\/\/blogg.svenskakyrkan.se\/vandravagen\/wp-json\/wp\/v2\/media?parent=8918"}],"wp:term":[{"taxonomy":"category","embeddable":true,"href":"https:\/\/blogg.svenskakyrkan.se\/vandravagen\/wp-json\/wp\/v2\/categories?post=8918"},{"taxonomy":"post_tag","embeddable":true,"href":"https:\/\/blogg.svenskakyrkan.se\/vandravagen\/wp-json\/wp\/v2\/tags?post=8918"}],"curies":[{"name":"wp","href":"https:\/\/api.w.org\/{rel}","templated":true}]}}