{"id":8928,"date":"2022-05-06T10:53:20","date_gmt":"2022-05-06T08:53:20","guid":{"rendered":"https:\/\/blogg.svenskakyrkan.se\/vandravagen\/?p=8928"},"modified":"2022-05-06T10:53:22","modified_gmt":"2022-05-06T08:53:22","slug":"pask-varje-vecka","status":"publish","type":"post","link":"https:\/\/blogg.svenskakyrkan.se\/vandravagen\/2022\/05\/06\/pask-varje-vecka\/","title":{"rendered":"P\u00e5sk varje vecka"},"content":{"rendered":"\n\n\n<figure class=\"wp-block-image size-large is-resized\"><img loading=\"lazy\" decoding=\"async\" src=\"https:\/\/blogg.svenskakyrkan.se\/vandravagen\/files\/2022\/05\/IMG_6266.jpg\" alt=\"\" class=\"wp-image-8943\" width=\"582\" height=\"474\" srcset=\"https:\/\/blogg.svenskakyrkan.se\/vandravagen\/files\/2022\/05\/IMG_6266.jpg 400w, https:\/\/blogg.svenskakyrkan.se\/vandravagen\/files\/2022\/05\/IMG_6266-300x245.jpg 300w\" sizes=\"auto, (max-width: 582px) 100vw, 582px\" \/><figcaption>Jesus livgivande blod rinner ner i nattvardskalken. Varje m\u00e4ssa \u00e4r ett p\u00e5skfirande!<\/figcaption><\/figure>\n\n\n\n<p>Det h\u00e4r \u00e4r fr\u00e5n b\u00f6rjan en text jag skrivit f\u00f6r v\u00e5r pastoratstidning kyrkbacken inf\u00f6r p\u00e5sken men jag tycker gott det kan vara h\u00e4r p\u00e5 bloggen ocks\u00e5!<\/p>\n\n\n\n<p>P\u00e5sk varje vecka<\/p>\n\n\n\n<p>Kyrkan firade p\u00e5sk en g\u00e5ng i veckan l\u00e5ngt innan vi gjorde det en g\u00e5ng om \u00e5ret. Det var dagen efter sabbaten som Jesus uppstod fr\u00e5n de d\u00f6da och d\u00e4rf\u00f6r \u00e4r det \u00e4nda sedan dess v\u00e5r viktigaste gudstj\u00e4nstdag. Vore det inte f\u00f6r p\u00e5skens h\u00e4ndelser skulle det f\u00f6rst\u00e5s inte finnas n\u00e5gon kyrka \u00f6ver huvud taget. Det ber\u00e4ttas om de f\u00f6rsta kristna att de samlades mycket tidigt p\u00e5 s\u00f6ndagsmorgnarna och bad. Sj\u00e4lva soluppg\u00e5ngen fick vara en m\u00e4ktig bild av Jesus som uppstod och kom med ljus och det nya livet.<\/p>\n\n\n\n<p>Vi n\u00e4rmar oss p\u00e5skhelgen med alla dess s\u00e4rskilda gudstj\u00e4nster. Resten av \u00e5ret m\u00e4rks annars detta med p\u00e5sken kanske tydligast i nattvardsfirandet. L\u00e5t oss f\u00f6r en stund l\u00e5ta det vara en nyckel till att f\u00f6rst\u00e5 p\u00e5skens h\u00e4ndelser. Vi ska se p\u00e5 den sista och den f\u00f6rsta m\u00e5ltiden!<\/p>\n\n\n\n<p>Det sista Jesus gjorde tillsammans med l\u00e4rjungarna f\u00f6re sin d\u00f6d var att fira p\u00e5skm\u00e5ltid. P\u00e5skm\u00e5ltiden var v\u00e4lbekant f\u00f6r dem allihop. B\u00e5de Jesus och hans l\u00e4rjungar var judar och hade firat p\u00e5sk hela sitt liv f\u00f6r att minnas hur Gud befriade dem ur slaveriet i Egypten. Allt borde f\u00f6ljt den vanliga seden men redan innan m\u00e5ltiden riktigt b\u00f6rjat avvek Jesus fr\u00e5n det vanliga. &nbsp;Jesus lade ner sin mantel och tog upp en handduk f\u00f6r att sedan sj\u00e4lv b\u00f6rja tv\u00e4tta l\u00e4rjungarnas f\u00f6tter. Att tv\u00e4tta f\u00f6tter var en slavuppgift och l\u00e4rjungarna protesterade f\u00f6rst\u00e5s men Jesus var best\u00e4md. Han tv\u00e4ttade allas f\u00f6tter och tog sedan upp sin mantel igen. Det \u00e4r en ber\u00e4ttelse som visar oss att ocks\u00e5 vi ska tj\u00e4na varandra men det \u00e4r ocks\u00e5 faktiskt en nyckel till att f\u00f6rst\u00e5 p\u00e5sken.<\/p>\n\n\n\n<p>Samma ord som anv\u00e4nds f\u00f6r att Jesus l\u00e4gger ner sin mantel och sedan tar upp den igen anv\u00e4nds ocks\u00e5 f\u00f6r n\u00e4r Jesus l\u00e4gger ner sitt liv f\u00f6r v\u00e4rldens skull. Han ger sitt liv och blir allas tj\u00e4nare som ger rening fr\u00e5n synden och f\u00e5r sedan sitt liv tillbaka och besegrar d\u00f6den.<\/p>\n\n\n\n<p>M\u00e5ltiden forts\u00e4tter med att Jesus helt enligt seden tar br\u00f6d och vin och ber tackb\u00f6ner \u00f6ver dem. D\u00e5 &nbsp;\u00f6verraskar han l\u00e4rjungarna p\u00e5 nytt genom att pl\u00f6tsligt s\u00e4ga att br\u00f6det och vinet \u00e4r hans egen kropp och hans eget blod. P\u00e5 samma s\u00e4tt som br\u00f6det blir s\u00f6nderbrutet och vinet blir t\u00f6mt s\u00e5 ska hans kropp snart brytas s\u00f6nder och hans blod rinna f\u00f6r alla m\u00e4nniskor skull.<\/p>\n\n\n\n<p>Det var den sista m\u00e5ltiden med l\u00e4rjungarna. Det g\u00e5r sedan som Jesus sagt. Han blir gripen och korsf\u00e4st. Det sker som en f\u00f6ljd av att hans anspr\u00e5k p\u00e5 att vara Guds Messias krockar med den r\u00e5dande maktens intressen. Till det fogar Jesus \u00e4nnu en f\u00f6rklaring. Hans d\u00f6d \u00e4r n\u00e5got han g\u00e5r igenom av egen vilja f\u00f6r att r\u00e4dda alla.<\/p>\n\n\n\n<p>Det kommer ocks\u00e5 en f\u00f6rsta m\u00e5ltid. I flera ber\u00e4ttelser om det som h\u00e4nder efter Jesus uppst\u00e5ndelse \u00e4ter han p\u00e5 nytt med l\u00e4rjungarna. I en av dem sl\u00e5r han f\u00f6lje med n\u00e5gra sorgsna l\u00e4rjungar p\u00e5 v\u00e4g ut fr\u00e5n Jerusalem utan att de k\u00e4nner igen honom. D\u00e5 han sedan bryter br\u00f6d med dem p\u00e5 kv\u00e4llen ser de att det \u00e4r han. Han f\u00f6rsvinner ifr\u00e5n dem och de springer iv\u00e4g f\u00f6r att ber\u00e4tta f\u00f6r sina v\u00e4nner vad de varit med om.<\/p>\n\n\n\n<p>Kanske \u00e4r det s\u00e5 det \u00e4r f\u00f6r oss n\u00e4r vi firar nattvard i v\u00e5ra gudstj\u00e4nster idag? Vi f\u00e5r samlas kring bordet och h\u00f6ra Jesus ord om att han dog f\u00f6r v\u00e5r skull och vi f\u00e5r g\u00f6ra det utifr\u00e5n att han uppst\u00e5tt och segrat \u00f6ver ondska och d\u00f6d. N\u00e4r vi samlas kring hans bord \u00e4r han mitt ibland oss. Ibland kanske vi ocks\u00e5 upplever hans n\u00e4rhet p\u00e5 ett s\u00e4rskilt s\u00e4tt d\u00e4r, ibland g\u00f6r vi det kanske inte men d\u00e5 har vi \u00e4nd\u00e5 f\u00e5tt p\u00e5minna oss om dessa grundbultar i v\u00e5r tro.<\/p>\n\n\n\n<p>Precis som i Jesus sista och f\u00f6rsta m\u00e5ltider s\u00e5 \u00e4r vi ocks\u00e5 flera som \u00e4r samlade. Ibland v\u00e4ldigt m\u00e5nga, ibland v\u00e4ldigt f\u00e5. Det f\u00e5r p\u00e5minna oss om att vi h\u00f6r ihop med varandra. \u201dNi delar n\u00e5den med mig\u201d skrev Paulus. S\u00e5 f\u00e5r vi se p\u00e5 varandra kring bordet och d\u00e4rf\u00f6r vill vi bjuda med s\u00e5 m\u00e5nga som m\u00f6jligt dit.<\/p>\n","protected":false},"excerpt":{"rendered":"<p>Det h\u00e4r \u00e4r fr\u00e5n b\u00f6rjan en text jag skrivit f\u00f6r v\u00e5r pastoratstidning kyrkbacken inf\u00f6r p\u00e5sken men jag tycker gott det kan vara h\u00e4r p\u00e5 bloggen ocks\u00e5! P\u00e5sk varje vecka Kyrkan firade p\u00e5sk en g\u00e5ng i veckan l\u00e5ngt innan vi gjorde det en g\u00e5ng om \u00e5ret. Det var dagen efter sabbaten som Jesus uppstod fr\u00e5n de [&hellip;]<\/p>\n","protected":false},"author":392,"featured_media":8943,"comment_status":"open","ping_status":"open","sticky":false,"template":"","format":"standard","meta":{"_acf_changed":false,"footnotes":""},"categories":[8265,33574,8252,7964,117],"tags":[83867,83868,83869,83866,83871,83870],"class_list":["post-8928","post","type-post","status-publish","format-standard","has-post-thumbnail","hentry","category-gudstjanst","category-kyrkan","category-kyrkoaret","category-pask","category-teologi","tag-gudstjanst","tag-massa","tag-nattvard","tag-pask","tag-pask-i-gudstjansten","tag-pask-varje-vecka"],"acf":[],"yoast_head":"<!-- This site is optimized with the Yoast SEO plugin v27.1.1 - https:\/\/yoast.com\/product\/yoast-seo-wordpress\/ -->\n<title>P\u00e5sk varje vecka - Vandra V\u00e4gen<\/title>\n<meta name=\"robots\" content=\"index, follow, max-snippet:-1, max-image-preview:large, max-video-preview:-1\" \/>\n<link rel=\"canonical\" href=\"https:\/\/blogg.svenskakyrkan.se\/vandravagen\/2022\/05\/06\/pask-varje-vecka\/\" \/>\n<meta property=\"og:locale\" content=\"sv_SE\" \/>\n<meta property=\"og:type\" content=\"article\" \/>\n<meta property=\"og:title\" content=\"P\u00e5sk varje vecka - Vandra V\u00e4gen\" \/>\n<meta property=\"og:description\" content=\"Det h\u00e4r \u00e4r fr\u00e5n b\u00f6rjan en text jag skrivit f\u00f6r v\u00e5r pastoratstidning kyrkbacken inf\u00f6r p\u00e5sken men jag tycker gott det kan vara h\u00e4r p\u00e5 bloggen ocks\u00e5! P\u00e5sk varje vecka Kyrkan firade p\u00e5sk en g\u00e5ng i veckan l\u00e5ngt innan vi gjorde det en g\u00e5ng om \u00e5ret. Det var dagen efter sabbaten som Jesus uppstod fr\u00e5n de [&hellip;]\" \/>\n<meta property=\"og:url\" content=\"https:\/\/blogg.svenskakyrkan.se\/vandravagen\/2022\/05\/06\/pask-varje-vecka\/\" \/>\n<meta property=\"og:site_name\" content=\"Vandra V\u00e4gen\" \/>\n<meta property=\"article:publisher\" content=\"http:\/\/facebook.com\/vandravagen\" \/>\n<meta property=\"article:published_time\" content=\"2022-05-06T08:53:20+00:00\" \/>\n<meta property=\"article:modified_time\" content=\"2022-05-06T08:53:22+00:00\" \/>\n<meta property=\"og:image\" content=\"https:\/\/blogg.svenskakyrkan.se\/vandravagen\/files\/2022\/05\/IMG_6266.jpg\" \/>\n\t<meta property=\"og:image:width\" content=\"400\" \/>\n\t<meta property=\"og:image:height\" content=\"326\" \/>\n\t<meta property=\"og:image:type\" content=\"image\/jpeg\" \/>\n<meta name=\"author\" content=\"Tomas Jarvid\" \/>\n<meta name=\"twitter:card\" content=\"summary_large_image\" \/>\n<meta name=\"twitter:creator\" content=\"@fadertomas\" \/>\n<meta name=\"twitter:site\" content=\"@fadertomas\" \/>\n<meta name=\"twitter:label1\" content=\"Skriven av\" \/>\n\t<meta name=\"twitter:data1\" content=\"Tomas Jarvid\" \/>\n\t<meta name=\"twitter:label2\" content=\"Ber\u00e4knad l\u00e4stid\" \/>\n\t<meta name=\"twitter:data2\" content=\"4 minuter\" \/>\n<script type=\"application\/ld+json\" class=\"yoast-schema-graph\">{\"@context\":\"https:\/\/schema.org\",\"@graph\":[{\"@type\":\"Article\",\"@id\":\"https:\/\/blogg.svenskakyrkan.se\/vandravagen\/2022\/05\/06\/pask-varje-vecka\/#article\",\"isPartOf\":{\"@id\":\"https:\/\/blogg.svenskakyrkan.se\/vandravagen\/2022\/05\/06\/pask-varje-vecka\/\"},\"author\":{\"name\":\"Tomas Jarvid\",\"@id\":\"https:\/\/blogg.svenskakyrkan.se\/vandravagen\/#\/schema\/person\/25da02d4f76b137d04291711e2c9fc16\"},\"headline\":\"P\u00e5sk varje vecka\",\"datePublished\":\"2022-05-06T08:53:20+00:00\",\"dateModified\":\"2022-05-06T08:53:22+00:00\",\"mainEntityOfPage\":{\"@id\":\"https:\/\/blogg.svenskakyrkan.se\/vandravagen\/2022\/05\/06\/pask-varje-vecka\/\"},\"wordCount\":892,\"commentCount\":0,\"publisher\":{\"@id\":\"https:\/\/blogg.svenskakyrkan.se\/vandravagen\/#organization\"},\"image\":{\"@id\":\"https:\/\/blogg.svenskakyrkan.se\/vandravagen\/2022\/05\/06\/pask-varje-vecka\/#primaryimage\"},\"thumbnailUrl\":\"https:\/\/blogg.svenskakyrkan.se\/vandravagen\/files\/2022\/05\/IMG_6266.jpg\",\"keywords\":[\"gudstj\u00e4nst\",\"m\u00e4ssa\",\"nattvard\",\"p\u00e5sk\",\"p\u00e5sk i gudstj\u00e4nsten\",\"p\u00e5sk varje vecka\"],\"articleSection\":[\"Gudstj\u00e4nst\",\"kyrkan\",\"kyrko\u00e5ret\",\"p\u00e5sk\",\"Teologi\"],\"inLanguage\":\"sv-SE\",\"potentialAction\":[{\"@type\":\"CommentAction\",\"name\":\"Comment\",\"target\":[\"https:\/\/blogg.svenskakyrkan.se\/vandravagen\/2022\/05\/06\/pask-varje-vecka\/#respond\"]}]},{\"@type\":\"WebPage\",\"@id\":\"https:\/\/blogg.svenskakyrkan.se\/vandravagen\/2022\/05\/06\/pask-varje-vecka\/\",\"url\":\"https:\/\/blogg.svenskakyrkan.se\/vandravagen\/2022\/05\/06\/pask-varje-vecka\/\",\"name\":\"P\u00e5sk varje vecka - Vandra V\u00e4gen\",\"isPartOf\":{\"@id\":\"https:\/\/blogg.svenskakyrkan.se\/vandravagen\/#website\"},\"primaryImageOfPage\":{\"@id\":\"https:\/\/blogg.svenskakyrkan.se\/vandravagen\/2022\/05\/06\/pask-varje-vecka\/#primaryimage\"},\"image\":{\"@id\":\"https:\/\/blogg.svenskakyrkan.se\/vandravagen\/2022\/05\/06\/pask-varje-vecka\/#primaryimage\"},\"thumbnailUrl\":\"https:\/\/blogg.svenskakyrkan.se\/vandravagen\/files\/2022\/05\/IMG_6266.jpg\",\"datePublished\":\"2022-05-06T08:53:20+00:00\",\"dateModified\":\"2022-05-06T08:53:22+00:00\",\"breadcrumb\":{\"@id\":\"https:\/\/blogg.svenskakyrkan.se\/vandravagen\/2022\/05\/06\/pask-varje-vecka\/#breadcrumb\"},\"inLanguage\":\"sv-SE\",\"potentialAction\":[{\"@type\":\"ReadAction\",\"target\":[\"https:\/\/blogg.svenskakyrkan.se\/vandravagen\/2022\/05\/06\/pask-varje-vecka\/\"]}]},{\"@type\":\"ImageObject\",\"inLanguage\":\"sv-SE\",\"@id\":\"https:\/\/blogg.svenskakyrkan.se\/vandravagen\/2022\/05\/06\/pask-varje-vecka\/#primaryimage\",\"url\":\"https:\/\/blogg.svenskakyrkan.se\/vandravagen\/files\/2022\/05\/IMG_6266.jpg\",\"contentUrl\":\"https:\/\/blogg.svenskakyrkan.se\/vandravagen\/files\/2022\/05\/IMG_6266.jpg\",\"width\":400,\"height\":326},{\"@type\":\"BreadcrumbList\",\"@id\":\"https:\/\/blogg.svenskakyrkan.se\/vandravagen\/2022\/05\/06\/pask-varje-vecka\/#breadcrumb\",\"itemListElement\":[{\"@type\":\"ListItem\",\"position\":1,\"name\":\"Hem\",\"item\":\"https:\/\/blogg.svenskakyrkan.se\/vandravagen\/\"},{\"@type\":\"ListItem\",\"position\":2,\"name\":\"gudstj\u00e4nst\",\"item\":\"https:\/\/blogg.svenskakyrkan.se\/vandravagen\/tag\/gudstjanst\/\"},{\"@type\":\"ListItem\",\"position\":3,\"name\":\"P\u00e5sk varje vecka\"}]},{\"@type\":\"WebSite\",\"@id\":\"https:\/\/blogg.svenskakyrkan.se\/vandravagen\/#website\",\"url\":\"https:\/\/blogg.svenskakyrkan.se\/vandravagen\/\",\"name\":\"Vandra V\u00e4gen\",\"description\":\"-Mot en tro f\u00f6r hela livet\",\"publisher\":{\"@id\":\"https:\/\/blogg.svenskakyrkan.se\/vandravagen\/#organization\"},\"potentialAction\":[{\"@type\":\"SearchAction\",\"target\":{\"@type\":\"EntryPoint\",\"urlTemplate\":\"https:\/\/blogg.svenskakyrkan.se\/vandravagen\/?s={search_term_string}\"},\"query-input\":{\"@type\":\"PropertyValueSpecification\",\"valueRequired\":true,\"valueName\":\"search_term_string\"}}],\"inLanguage\":\"sv-SE\"},{\"@type\":\"Organization\",\"@id\":\"https:\/\/blogg.svenskakyrkan.se\/vandravagen\/#organization\",\"name\":\"ulricehamns pastorat\",\"alternateName\":\"ulricehamns pastorat\",\"url\":\"https:\/\/blogg.svenskakyrkan.se\/vandravagen\/\",\"logo\":{\"@type\":\"ImageObject\",\"inLanguage\":\"sv-SE\",\"@id\":\"https:\/\/blogg.svenskakyrkan.se\/vandravagen\/#\/schema\/logo\/image\/\",\"url\":\"https:\/\/blogg.svenskakyrkan.se\/vandravagen\/files\/2023\/05\/Ulr_logo_RGB.png\",\"contentUrl\":\"https:\/\/blogg.svenskakyrkan.se\/vandravagen\/files\/2023\/05\/Ulr_logo_RGB.png\",\"width\":205,\"height\":77,\"caption\":\"ulricehamns pastorat\"},\"image\":{\"@id\":\"https:\/\/blogg.svenskakyrkan.se\/vandravagen\/#\/schema\/logo\/image\/\"},\"sameAs\":[\"http:\/\/facebook.com\/vandravagen\",\"https:\/\/x.com\/fadertomas\",\"http:\/\/www.facebook.com\/svenskakyrkaniulricehamn\"]},{\"@type\":\"Person\",\"@id\":\"https:\/\/blogg.svenskakyrkan.se\/vandravagen\/#\/schema\/person\/25da02d4f76b137d04291711e2c9fc16\",\"name\":\"Tomas Jarvid\",\"image\":{\"@type\":\"ImageObject\",\"inLanguage\":\"sv-SE\",\"@id\":\"https:\/\/blogg.svenskakyrkan.se\/vandravagen\/#\/schema\/person\/image\/\",\"url\":\"https:\/\/secure.gravatar.com\/avatar\/7fa71899795e8f540f615a1f5ab25255dc27aa40f05ee7ddd21aac521e01bf50?s=96&d=identicon&r=g\",\"contentUrl\":\"https:\/\/secure.gravatar.com\/avatar\/7fa71899795e8f540f615a1f5ab25255dc27aa40f05ee7ddd21aac521e01bf50?s=96&d=identicon&r=g\",\"caption\":\"Tomas Jarvid\"},\"description\":\"Jag bor i Ulricehamn i V\u00e4sterg\u00f6tland och \u00e4r f\u00f6rsamlingspr\u00e4st i Svenska Kyrkan f\u00f6r Dalstorps f\u00f6rsamling i Kinds pastorat. P\u00e5 den h\u00e4r bloggen skriver jag ner tankar om vandringen som kristen.\",\"sameAs\":[\"http:\/\/www.vandravagen.se\"],\"url\":\"https:\/\/blogg.svenskakyrkan.se\/vandravagen\/author\/vandravagen\/\"}]}<\/script>\n<!-- \/ Yoast SEO plugin. -->","yoast_head_json":{"title":"P\u00e5sk varje vecka - Vandra V\u00e4gen","robots":{"index":"index","follow":"follow","max-snippet":"max-snippet:-1","max-image-preview":"max-image-preview:large","max-video-preview":"max-video-preview:-1"},"canonical":"https:\/\/blogg.svenskakyrkan.se\/vandravagen\/2022\/05\/06\/pask-varje-vecka\/","og_locale":"sv_SE","og_type":"article","og_title":"P\u00e5sk varje vecka - Vandra V\u00e4gen","og_description":"Det h\u00e4r \u00e4r fr\u00e5n b\u00f6rjan en text jag skrivit f\u00f6r v\u00e5r pastoratstidning kyrkbacken inf\u00f6r p\u00e5sken men jag tycker gott det kan vara h\u00e4r p\u00e5 bloggen ocks\u00e5! P\u00e5sk varje vecka Kyrkan firade p\u00e5sk en g\u00e5ng i veckan l\u00e5ngt innan vi gjorde det en g\u00e5ng om \u00e5ret. Det var dagen efter sabbaten som Jesus uppstod fr\u00e5n de [&hellip;]","og_url":"https:\/\/blogg.svenskakyrkan.se\/vandravagen\/2022\/05\/06\/pask-varje-vecka\/","og_site_name":"Vandra V\u00e4gen","article_publisher":"http:\/\/facebook.com\/vandravagen","article_published_time":"2022-05-06T08:53:20+00:00","article_modified_time":"2022-05-06T08:53:22+00:00","og_image":[{"width":400,"height":326,"url":"https:\/\/blogg.svenskakyrkan.se\/vandravagen\/files\/2022\/05\/IMG_6266.jpg","type":"image\/jpeg"}],"author":"Tomas Jarvid","twitter_card":"summary_large_image","twitter_creator":"@fadertomas","twitter_site":"@fadertomas","twitter_misc":{"Skriven av":"Tomas Jarvid","Ber\u00e4knad l\u00e4stid":"4 minuter"},"schema":{"@context":"https:\/\/schema.org","@graph":[{"@type":"Article","@id":"https:\/\/blogg.svenskakyrkan.se\/vandravagen\/2022\/05\/06\/pask-varje-vecka\/#article","isPartOf":{"@id":"https:\/\/blogg.svenskakyrkan.se\/vandravagen\/2022\/05\/06\/pask-varje-vecka\/"},"author":{"name":"Tomas Jarvid","@id":"https:\/\/blogg.svenskakyrkan.se\/vandravagen\/#\/schema\/person\/25da02d4f76b137d04291711e2c9fc16"},"headline":"P\u00e5sk varje vecka","datePublished":"2022-05-06T08:53:20+00:00","dateModified":"2022-05-06T08:53:22+00:00","mainEntityOfPage":{"@id":"https:\/\/blogg.svenskakyrkan.se\/vandravagen\/2022\/05\/06\/pask-varje-vecka\/"},"wordCount":892,"commentCount":0,"publisher":{"@id":"https:\/\/blogg.svenskakyrkan.se\/vandravagen\/#organization"},"image":{"@id":"https:\/\/blogg.svenskakyrkan.se\/vandravagen\/2022\/05\/06\/pask-varje-vecka\/#primaryimage"},"thumbnailUrl":"https:\/\/blogg.svenskakyrkan.se\/vandravagen\/files\/2022\/05\/IMG_6266.jpg","keywords":["gudstj\u00e4nst","m\u00e4ssa","nattvard","p\u00e5sk","p\u00e5sk i gudstj\u00e4nsten","p\u00e5sk varje vecka"],"articleSection":["Gudstj\u00e4nst","kyrkan","kyrko\u00e5ret","p\u00e5sk","Teologi"],"inLanguage":"sv-SE","potentialAction":[{"@type":"CommentAction","name":"Comment","target":["https:\/\/blogg.svenskakyrkan.se\/vandravagen\/2022\/05\/06\/pask-varje-vecka\/#respond"]}]},{"@type":"WebPage","@id":"https:\/\/blogg.svenskakyrkan.se\/vandravagen\/2022\/05\/06\/pask-varje-vecka\/","url":"https:\/\/blogg.svenskakyrkan.se\/vandravagen\/2022\/05\/06\/pask-varje-vecka\/","name":"P\u00e5sk varje vecka - Vandra V\u00e4gen","isPartOf":{"@id":"https:\/\/blogg.svenskakyrkan.se\/vandravagen\/#website"},"primaryImageOfPage":{"@id":"https:\/\/blogg.svenskakyrkan.se\/vandravagen\/2022\/05\/06\/pask-varje-vecka\/#primaryimage"},"image":{"@id":"https:\/\/blogg.svenskakyrkan.se\/vandravagen\/2022\/05\/06\/pask-varje-vecka\/#primaryimage"},"thumbnailUrl":"https:\/\/blogg.svenskakyrkan.se\/vandravagen\/files\/2022\/05\/IMG_6266.jpg","datePublished":"2022-05-06T08:53:20+00:00","dateModified":"2022-05-06T08:53:22+00:00","breadcrumb":{"@id":"https:\/\/blogg.svenskakyrkan.se\/vandravagen\/2022\/05\/06\/pask-varje-vecka\/#breadcrumb"},"inLanguage":"sv-SE","potentialAction":[{"@type":"ReadAction","target":["https:\/\/blogg.svenskakyrkan.se\/vandravagen\/2022\/05\/06\/pask-varje-vecka\/"]}]},{"@type":"ImageObject","inLanguage":"sv-SE","@id":"https:\/\/blogg.svenskakyrkan.se\/vandravagen\/2022\/05\/06\/pask-varje-vecka\/#primaryimage","url":"https:\/\/blogg.svenskakyrkan.se\/vandravagen\/files\/2022\/05\/IMG_6266.jpg","contentUrl":"https:\/\/blogg.svenskakyrkan.se\/vandravagen\/files\/2022\/05\/IMG_6266.jpg","width":400,"height":326},{"@type":"BreadcrumbList","@id":"https:\/\/blogg.svenskakyrkan.se\/vandravagen\/2022\/05\/06\/pask-varje-vecka\/#breadcrumb","itemListElement":[{"@type":"ListItem","position":1,"name":"Hem","item":"https:\/\/blogg.svenskakyrkan.se\/vandravagen\/"},{"@type":"ListItem","position":2,"name":"gudstj\u00e4nst","item":"https:\/\/blogg.svenskakyrkan.se\/vandravagen\/tag\/gudstjanst\/"},{"@type":"ListItem","position":3,"name":"P\u00e5sk varje vecka"}]},{"@type":"WebSite","@id":"https:\/\/blogg.svenskakyrkan.se\/vandravagen\/#website","url":"https:\/\/blogg.svenskakyrkan.se\/vandravagen\/","name":"Vandra V\u00e4gen","description":"-Mot en tro f\u00f6r hela livet","publisher":{"@id":"https:\/\/blogg.svenskakyrkan.se\/vandravagen\/#organization"},"potentialAction":[{"@type":"SearchAction","target":{"@type":"EntryPoint","urlTemplate":"https:\/\/blogg.svenskakyrkan.se\/vandravagen\/?s={search_term_string}"},"query-input":{"@type":"PropertyValueSpecification","valueRequired":true,"valueName":"search_term_string"}}],"inLanguage":"sv-SE"},{"@type":"Organization","@id":"https:\/\/blogg.svenskakyrkan.se\/vandravagen\/#organization","name":"ulricehamns pastorat","alternateName":"ulricehamns pastorat","url":"https:\/\/blogg.svenskakyrkan.se\/vandravagen\/","logo":{"@type":"ImageObject","inLanguage":"sv-SE","@id":"https:\/\/blogg.svenskakyrkan.se\/vandravagen\/#\/schema\/logo\/image\/","url":"https:\/\/blogg.svenskakyrkan.se\/vandravagen\/files\/2023\/05\/Ulr_logo_RGB.png","contentUrl":"https:\/\/blogg.svenskakyrkan.se\/vandravagen\/files\/2023\/05\/Ulr_logo_RGB.png","width":205,"height":77,"caption":"ulricehamns pastorat"},"image":{"@id":"https:\/\/blogg.svenskakyrkan.se\/vandravagen\/#\/schema\/logo\/image\/"},"sameAs":["http:\/\/facebook.com\/vandravagen","https:\/\/x.com\/fadertomas","http:\/\/www.facebook.com\/svenskakyrkaniulricehamn"]},{"@type":"Person","@id":"https:\/\/blogg.svenskakyrkan.se\/vandravagen\/#\/schema\/person\/25da02d4f76b137d04291711e2c9fc16","name":"Tomas Jarvid","image":{"@type":"ImageObject","inLanguage":"sv-SE","@id":"https:\/\/blogg.svenskakyrkan.se\/vandravagen\/#\/schema\/person\/image\/","url":"https:\/\/secure.gravatar.com\/avatar\/7fa71899795e8f540f615a1f5ab25255dc27aa40f05ee7ddd21aac521e01bf50?s=96&d=identicon&r=g","contentUrl":"https:\/\/secure.gravatar.com\/avatar\/7fa71899795e8f540f615a1f5ab25255dc27aa40f05ee7ddd21aac521e01bf50?s=96&d=identicon&r=g","caption":"Tomas Jarvid"},"description":"Jag bor i Ulricehamn i V\u00e4sterg\u00f6tland och \u00e4r f\u00f6rsamlingspr\u00e4st i Svenska Kyrkan f\u00f6r Dalstorps f\u00f6rsamling i Kinds pastorat. P\u00e5 den h\u00e4r bloggen skriver jag ner tankar om vandringen som kristen.","sameAs":["http:\/\/www.vandravagen.se"],"url":"https:\/\/blogg.svenskakyrkan.se\/vandravagen\/author\/vandravagen\/"}]}},"author_meta":{"ID":"392","user_nicename":"vandravagen","user_url":"http:\/\/www.vandravagen.se","user_registered":"2014-05-19 05:44:52","display_name":"Tomas Jarvid","first_name":"Tomas","last_name":"Jarvid","avatar":"https:\/\/secure.gravatar.com\/avatar\/7fa71899795e8f540f615a1f5ab25255dc27aa40f05ee7ddd21aac521e01bf50?s=96&d=identicon&r=g"},"featured_image":["https:\/\/blogg.svenskakyrkan.se\/vandravagen\/files\/2022\/05\/IMG_6266.jpg",400,326,false],"bloginfo":{"name":"Vandra V\u00e4gen","url":"https:\/\/blogg.svenskakyrkan.se\/vandravagen"},"_links":{"self":[{"href":"https:\/\/blogg.svenskakyrkan.se\/vandravagen\/wp-json\/wp\/v2\/posts\/8928","targetHints":{"allow":["GET"]}}],"collection":[{"href":"https:\/\/blogg.svenskakyrkan.se\/vandravagen\/wp-json\/wp\/v2\/posts"}],"about":[{"href":"https:\/\/blogg.svenskakyrkan.se\/vandravagen\/wp-json\/wp\/v2\/types\/post"}],"author":[{"embeddable":true,"href":"https:\/\/blogg.svenskakyrkan.se\/vandravagen\/wp-json\/wp\/v2\/users\/392"}],"replies":[{"embeddable":true,"href":"https:\/\/blogg.svenskakyrkan.se\/vandravagen\/wp-json\/wp\/v2\/comments?post=8928"}],"version-history":[{"count":4,"href":"https:\/\/blogg.svenskakyrkan.se\/vandravagen\/wp-json\/wp\/v2\/posts\/8928\/revisions"}],"predecessor-version":[{"id":8949,"href":"https:\/\/blogg.svenskakyrkan.se\/vandravagen\/wp-json\/wp\/v2\/posts\/8928\/revisions\/8949"}],"wp:featuredmedia":[{"embeddable":true,"href":"https:\/\/blogg.svenskakyrkan.se\/vandravagen\/wp-json\/wp\/v2\/media\/8943"}],"wp:attachment":[{"href":"https:\/\/blogg.svenskakyrkan.se\/vandravagen\/wp-json\/wp\/v2\/media?parent=8928"}],"wp:term":[{"taxonomy":"category","embeddable":true,"href":"https:\/\/blogg.svenskakyrkan.se\/vandravagen\/wp-json\/wp\/v2\/categories?post=8928"},{"taxonomy":"post_tag","embeddable":true,"href":"https:\/\/blogg.svenskakyrkan.se\/vandravagen\/wp-json\/wp\/v2\/tags?post=8928"}],"curies":[{"name":"wp","href":"https:\/\/api.w.org\/{rel}","templated":true}]}}