{"id":8947,"date":"2023-01-20T09:34:38","date_gmt":"2023-01-20T08:34:38","guid":{"rendered":"https:\/\/blogg.svenskakyrkan.se\/vandravagen\/?p=8947"},"modified":"2023-01-20T09:34:40","modified_gmt":"2023-01-20T08:34:40","slug":"den-aldsta-bevarade-urkristna-predikan","status":"publish","type":"post","link":"https:\/\/blogg.svenskakyrkan.se\/vandravagen\/2023\/01\/20\/den-aldsta-bevarade-urkristna-predikan\/","title":{"rendered":"Den \u00e4ldsta bevarade urkristna predikan"},"content":{"rendered":"\n\n\n<figure class=\"wp-block-image size-large\"><img loading=\"lazy\" decoding=\"async\" width=\"1024\" height=\"768\" src=\"https:\/\/blogg.svenskakyrkan.se\/vandravagen\/files\/2023\/01\/IMG_1972-1024x768.jpg\" alt=\"\" class=\"wp-image-9259\" srcset=\"https:\/\/blogg.svenskakyrkan.se\/vandravagen\/files\/2023\/01\/IMG_1972-1024x768.jpg 1024w, https:\/\/blogg.svenskakyrkan.se\/vandravagen\/files\/2023\/01\/IMG_1972-300x225.jpg 300w, https:\/\/blogg.svenskakyrkan.se\/vandravagen\/files\/2023\/01\/IMG_1972-768x576.jpg 768w, https:\/\/blogg.svenskakyrkan.se\/vandravagen\/files\/2023\/01\/IMG_1972-1536x1152.jpg 1536w, https:\/\/blogg.svenskakyrkan.se\/vandravagen\/files\/2023\/01\/IMG_1972-2048x1536.jpg 2048w, https:\/\/blogg.svenskakyrkan.se\/vandravagen\/files\/2023\/01\/IMG_1972-1200x900.jpg 1200w\" sizes=\"auto, (max-width: 1024px) 100vw, 1024px\" \/><figcaption class=\"wp-element-caption\">Clemens! Jag sa Clemens och inte clementin! Det h\u00e4r \u00e4r f\u00f6rresten en apelsin.<\/figcaption><\/figure>\n\n\n\n<h2 class=\"wp-block-heading\">Andra Clemensbrevet<\/h2>\n\n\n\n<p>F\u00f6rra g\u00e5ngen i den h\u00e4r om\u00e5ttligt popul\u00e4ra serien om de apostoliska f\u00e4dernas skrifter<a href=\"https:\/\/blogg.svenskakyrkan.se\/vandravagen\/2022\/05\/12\/nar-polykarpos-blev-martyr-for-sin-tro\/\" title=\"\"> tittade vi p\u00e5 en ny sorts text, skildringen av ett martyrium.<\/a> Idag har vi ett brev som egentligen inte \u00e4r ett brev utan den \u00e4ldsta bevarade kristna predikan (homilia).<\/p>\n\n\n\n<p><strong>F\u00f6rfattare \u00e4r Clemens av Rom<\/strong>, en ansedd ledare i fornkyrkan.<\/p>\n\n\n\n<h2 class=\"wp-block-heading\">Den \u00e4ldsta urkristna predikan<\/h2>\n\n\n\n<p>Generellt k\u00e4nns det som en spretig predikan men vi vet ju inte heller situationen den \u00e4r riktad till. Det kanske var glasklart f\u00f6r \u00e5h\u00f6rarna varf\u00f6r han tog upp de saker han tar upp.<\/p>\n\n\n\n<p>Det b\u00f6rjar med en p\u00e5minnelse till \u00e5h\u00f6raren om att Gud \u00e4r den som helt och h\u00e5llet r\u00e4ddat oss fr\u00e5n det onda, sj\u00e4lva var vi hj\u00e4lpl\u00f6sa.<\/p>\n\n\n\n<p>\u201dHur stora n\u00e5deg\u00e5vor har vi inte att tacka honom f\u00f6r? Han sk\u00e4nkte oss ljuset; som en fader kallade han oss s\u00f6ner, n\u00e4r vi h\u00f6ll p\u00e5 att g\u00e5 under r\u00e4ddade han oss. \u2026 Hela v\u00e5rt liv var ingenting annat \u00e4n d\u00f6d. N\u00e4r vi var insvepta i m\u00f6rker och synen hindrades av en s\u00e5dan tjocka fick vi v\u00e5r syn, och genom hans vilja blev vi fria fr\u00e5n den vilja som omgav oss\u201d. \u2026 Han kallade oss n\u00e4r vi inte fanns till och ville att vi skulle bli till fr\u00e5n att inte ha funnits till\u201d.<\/p>\n\n\n\n<p>Senare n\u00e4mns ocks\u00e5 att vi \u00e4r befriade fr\u00e5n att tillh\u00f6ra och beh\u00f6va offra till avgudarna.<\/p>\n\n\n\n<p><strong>Det \u00e4r n\u00e5gra olika bilder som blandas<\/strong> av vad Jesus gjort f\u00f6r oss och den retoriska fr\u00e5gan som h\u00e4nger i luften \u00e4r: kan vi n\u00e5gonsin b\u00e4ra s\u00e5 mycket frukt i v\u00e5r tro att det v\u00e4ger upp vad han gjort f\u00f6r oss. Vi \u00e4r alltid i <strong>tacksamhetsskuld<\/strong>.<\/p>\n\n\n\n<p>V\u00e5rt gensvar ska vara att bek\u00e4nna oss till Jesus och att d\u00e5 inte bara g\u00f6ra det med vad vi s\u00e4ger med l\u00e4pparna utan med hur vi lever v\u00e5ra liv.<\/p>\n\n\n\n<h2 class=\"wp-block-heading\">Citat ur texten<\/h2>\n\n\n\n<p>\u201dL\u00e5t oss d\u00e4rf\u00f6r, br\u00f6der, bek\u00e4nna honom med g\u00e4rningarna genom att \u00e4lska varandra, inte beg\u00e5 otukt, inte heller f\u00f6rtala varandra eller f\u00f6rivra oss, utan vara beh\u00e4rskade, barmh\u00e4rtiga och goda. Och vi \u00e4r skyldiga att lida med varandra och inte vara giriga. Med s\u00e5na g\u00e4rningar bek\u00e4nner vi honom men inte med motsatsen. Och vi f\u00e5r inte frukta m\u00e4nniskor mer \u00e4n Gud.\u201d<\/p>\n\n\n\n<p>Det \u00e4r f\u00f6rmanande och b\u00e5de kamp och kanske martyrium \u00e4r att v\u00e4nta men det framh\u00e5lls ocks\u00e5 som n\u00e5got v\u00e4ldigt gott f\u00f6r oss. Han skriver:<\/p>\n\n\n\n<p>\u201dTy om vi g\u00f6r Kristi vilja ska vi finna vila\u201d.<\/p>\n\n\n\n<p>Och<\/p>\n\n\n\n<p>\u201dOm vi \u00e4r ivriga att g\u00f6ra det goda s\u00e5 skall friden f\u00f6lja oss. Den kan d\u00e4rf\u00f6r inte finnas hos dem som styrs av m\u00e4nniskofruktan och f\u00f6redrar njutningen h\u00e4r framf\u00f6r l\u00f6ftet om det tillkommande\u201d<\/p>\n\n\n\n<p>Lite ov\u00e4ntat citerar Clemens ett stycke fr\u00e5n Thomasevangeliet som tydligen hade viss status d\u00e4r han verkade.<\/p>\n\n\n\n<p>Det forts\u00e4tter med mer om hur det kristna livet ska levas. \u00c4nnu en bra oneliner s\u00e4ger att \u201d S\u00e5som din kropp \u00e4r synlig, s\u00e5 skall din sj\u00e4l vara synlig i goda g\u00e4rningar\u201d.<\/p>\n\n\n\n<p>Motsatsen till att leva efter Guds vilja \u00e4r att bidra till att Guds namn bli sm\u00e4dat bland de icketroende och det h\u00e4r tycker jag \u00e4r ett stycke att ta med sig r\u00e4tt in i v\u00e5r nutid:<\/p>\n\n\n\n<p>\u201dHur sm\u00e4das det? Genom att ni inte g\u00f6r vad jag vill. Ty n\u00e4r hedningarna f\u00e5r h\u00f6ra Guds ord genom oss <strong>beundrar de dem; de \u00e4r sk\u00f6na och m\u00e4ktiga<\/strong>. Men n\u00e4r de sedan m\u00e4rker att v\u00e5ra g\u00e4rningar inte svarar mot de ord vi talar v\u00e4nder de sig bort och h\u00e4dar genom att s\u00e4ga att det \u00e4r sagor och bedr\u00e4geri. Ty de h\u00f6r av oss att Gud s\u00e4ger <em>Skall ni ha tack f\u00f6r att ni \u00e4lskar dem som \u00e4lskar er? Tack f\u00e5r ni om ni \u00e4lskar era fiender och dem som hatar er.<\/em>\u00a0 N\u00e4r de f\u00e5r h\u00f6ra detta blir de h\u00e4pna \u00f6ver den otroliga godheten. Men n\u00e4r de m\u00e4rker <strong>att vi inte \u00e4lskar dem som hatar oss , och inte ens de som \u00e4lskar oss<\/strong>, s\u00e5 skrattar de ut oss och namnet f\u00f6rsm\u00e4das\u201d.<\/p>\n\n\n\n<h2 class=\"wp-block-heading\">Inte bara from n\u00e4r pr\u00e4sten ser<\/h2>\n\n\n\n<p>Sedan talar pr\u00e4sten i Clemens och han s\u00e4ger att man minsann inte bara ska se from ut n\u00e4r man lyssnar p\u00e5 pr\u00e4sten utan d\u00e5 man g\u00e5r hem ocks\u00e5! Och om de \u00e4r tacksamma mot honom f\u00f6r hans arbete kan de ju tacka genom att ocks\u00e5 f\u00f6lja det han s\u00e4ger.<\/p>\n\n\n\n<p>Slutligen s\u00e4ger han att om n\u00e5gon st\u00f6r sig p\u00e5 att de verkar g\u00e5 bra f\u00f6r hedningarna som inte tror medan de troende hela tiden \u00e4r ansatta s\u00e5 \u00e4r det f\u00f6r att de ju f\u00f6r sin del \u00e4nnu inte f\u00e5tt ut sin l\u00f6n utan fortfarande v\u00e4ntar p\u00e5 den.<\/p>\n\n\n\n<p>Som predikant k\u00e4nns det fint att l\u00e4sa och begrunda denna \u00e4ldsta predikan och n\u00e4r man tittat lite n\u00e4rmare p\u00e5 den k\u00e4nns den som ett riktigt bra budskap \u00e4ven till mig idag. En del \u00e4r f\u00f6rst\u00e5s r\u00e4tt h\u00e5rt formulerat s\u00e5 att jag inte skulle s\u00e4ga s\u00e5 i v\u00e5ra kyrkor idag direkt men den \u00e4r ju ocks\u00e5 skriven i en annan tid. Kanske f\u00e5r inspireras av den n\u00e5gon g\u00e5ng.<\/p>\n","protected":false},"excerpt":{"rendered":"<p>Andra Clemensbrevet F\u00f6rra g\u00e5ngen i den h\u00e4r om\u00e5ttligt popul\u00e4ra serien om de apostoliska f\u00e4dernas skrifter tittade vi p\u00e5 en ny sorts text, skildringen av ett martyrium. Idag har vi ett brev som egentligen inte \u00e4r ett brev utan den \u00e4ldsta bevarade kristna predikan (homilia). F\u00f6rfattare \u00e4r Clemens av Rom, en ansedd ledare i fornkyrkan. Den [&hellip;]<\/p>\n","protected":false},"author":392,"featured_media":9259,"comment_status":"open","ping_status":"open","sticky":false,"template":"","format":"standard","meta":{"_acf_changed":false,"footnotes":""},"categories":[83862,9,114],"tags":[84135,83881,84133,84134,84136,83878,83880,83879,83901,83890,83875,83889],"class_list":["post-8947","post","type-post","status-publish","format-standard","has-post-thumbnail","hentry","category-apostoliska-faderna","category-okategoriserade","category-predikan","tag-andra-clemensbrevet","tag-apostoliska-faderna","tag-clemens","tag-clemensbrevet","tag-homilia","tag-jesus","tag-kristen","tag-kristen-tro","tag-kyrka","tag-kyrkan","tag-predikan","tag-urkyrkan"],"acf":[],"yoast_head":"<!-- This site is optimized with the Yoast SEO plugin v27.1.1 - https:\/\/yoast.com\/product\/yoast-seo-wordpress\/ -->\n<title>Den \u00e4ldsta bevarade urkristna predikan - Vandra V\u00e4gen<\/title>\n<meta name=\"robots\" content=\"index, follow, max-snippet:-1, max-image-preview:large, max-video-preview:-1\" \/>\n<link rel=\"canonical\" href=\"https:\/\/blogg.svenskakyrkan.se\/vandravagen\/2023\/01\/20\/den-aldsta-bevarade-urkristna-predikan\/\" \/>\n<meta property=\"og:locale\" content=\"sv_SE\" \/>\n<meta property=\"og:type\" content=\"article\" \/>\n<meta property=\"og:title\" content=\"Den \u00e4ldsta bevarade urkristna predikan - Vandra V\u00e4gen\" \/>\n<meta property=\"og:description\" content=\"Andra Clemensbrevet F\u00f6rra g\u00e5ngen i den h\u00e4r om\u00e5ttligt popul\u00e4ra serien om de apostoliska f\u00e4dernas skrifter tittade vi p\u00e5 en ny sorts text, skildringen av ett martyrium. Idag har vi ett brev som egentligen inte \u00e4r ett brev utan den \u00e4ldsta bevarade kristna predikan (homilia). F\u00f6rfattare \u00e4r Clemens av Rom, en ansedd ledare i fornkyrkan. Den [&hellip;]\" \/>\n<meta property=\"og:url\" content=\"https:\/\/blogg.svenskakyrkan.se\/vandravagen\/2023\/01\/20\/den-aldsta-bevarade-urkristna-predikan\/\" \/>\n<meta property=\"og:site_name\" content=\"Vandra V\u00e4gen\" \/>\n<meta property=\"article:publisher\" content=\"http:\/\/facebook.com\/vandravagen\" \/>\n<meta property=\"article:published_time\" content=\"2023-01-20T08:34:38+00:00\" \/>\n<meta property=\"article:modified_time\" content=\"2023-01-20T08:34:40+00:00\" \/>\n<meta property=\"og:image\" content=\"https:\/\/blogg.svenskakyrkan.se\/vandravagen\/files\/2023\/01\/IMG_1972-scaled.jpg\" \/>\n\t<meta property=\"og:image:width\" content=\"2560\" \/>\n\t<meta property=\"og:image:height\" content=\"1920\" \/>\n\t<meta property=\"og:image:type\" content=\"image\/jpeg\" \/>\n<meta name=\"author\" content=\"Tomas Jarvid\" \/>\n<meta name=\"twitter:card\" content=\"summary_large_image\" \/>\n<meta name=\"twitter:creator\" content=\"@fadertomas\" \/>\n<meta name=\"twitter:site\" content=\"@fadertomas\" \/>\n<meta name=\"twitter:label1\" content=\"Skriven av\" \/>\n\t<meta name=\"twitter:data1\" content=\"Tomas Jarvid\" \/>\n\t<meta name=\"twitter:label2\" content=\"Ber\u00e4knad l\u00e4stid\" \/>\n\t<meta name=\"twitter:data2\" content=\"5 minuter\" \/>\n<script type=\"application\/ld+json\" class=\"yoast-schema-graph\">{\"@context\":\"https:\/\/schema.org\",\"@graph\":[{\"@type\":\"Article\",\"@id\":\"https:\/\/blogg.svenskakyrkan.se\/vandravagen\/2023\/01\/20\/den-aldsta-bevarade-urkristna-predikan\/#article\",\"isPartOf\":{\"@id\":\"https:\/\/blogg.svenskakyrkan.se\/vandravagen\/2023\/01\/20\/den-aldsta-bevarade-urkristna-predikan\/\"},\"author\":{\"name\":\"Tomas Jarvid\",\"@id\":\"https:\/\/blogg.svenskakyrkan.se\/vandravagen\/#\/schema\/person\/25da02d4f76b137d04291711e2c9fc16\"},\"headline\":\"Den \u00e4ldsta bevarade urkristna predikan\",\"datePublished\":\"2023-01-20T08:34:38+00:00\",\"dateModified\":\"2023-01-20T08:34:40+00:00\",\"mainEntityOfPage\":{\"@id\":\"https:\/\/blogg.svenskakyrkan.se\/vandravagen\/2023\/01\/20\/den-aldsta-bevarade-urkristna-predikan\/\"},\"wordCount\":988,\"commentCount\":0,\"publisher\":{\"@id\":\"https:\/\/blogg.svenskakyrkan.se\/vandravagen\/#organization\"},\"image\":{\"@id\":\"https:\/\/blogg.svenskakyrkan.se\/vandravagen\/2023\/01\/20\/den-aldsta-bevarade-urkristna-predikan\/#primaryimage\"},\"thumbnailUrl\":\"https:\/\/blogg.svenskakyrkan.se\/vandravagen\/files\/2023\/01\/IMG_1972-scaled.jpg\",\"keywords\":[\"andra clemensbrevet\",\"apostoliska f\u00e4derna\",\"clemens\",\"clemensbrevet\",\"homilia\",\"Jesus\",\"kristen\",\"kristen tro\",\"kyrka\",\"kyrkan\",\"predikan\",\"urkyrkan\"],\"articleSection\":{\"0\":\"apostoliska f\u00e4derna\",\"2\":\"predikan\"},\"inLanguage\":\"sv-SE\",\"potentialAction\":[{\"@type\":\"CommentAction\",\"name\":\"Comment\",\"target\":[\"https:\/\/blogg.svenskakyrkan.se\/vandravagen\/2023\/01\/20\/den-aldsta-bevarade-urkristna-predikan\/#respond\"]}]},{\"@type\":\"WebPage\",\"@id\":\"https:\/\/blogg.svenskakyrkan.se\/vandravagen\/2023\/01\/20\/den-aldsta-bevarade-urkristna-predikan\/\",\"url\":\"https:\/\/blogg.svenskakyrkan.se\/vandravagen\/2023\/01\/20\/den-aldsta-bevarade-urkristna-predikan\/\",\"name\":\"Den \u00e4ldsta bevarade urkristna predikan - Vandra V\u00e4gen\",\"isPartOf\":{\"@id\":\"https:\/\/blogg.svenskakyrkan.se\/vandravagen\/#website\"},\"primaryImageOfPage\":{\"@id\":\"https:\/\/blogg.svenskakyrkan.se\/vandravagen\/2023\/01\/20\/den-aldsta-bevarade-urkristna-predikan\/#primaryimage\"},\"image\":{\"@id\":\"https:\/\/blogg.svenskakyrkan.se\/vandravagen\/2023\/01\/20\/den-aldsta-bevarade-urkristna-predikan\/#primaryimage\"},\"thumbnailUrl\":\"https:\/\/blogg.svenskakyrkan.se\/vandravagen\/files\/2023\/01\/IMG_1972-scaled.jpg\",\"datePublished\":\"2023-01-20T08:34:38+00:00\",\"dateModified\":\"2023-01-20T08:34:40+00:00\",\"breadcrumb\":{\"@id\":\"https:\/\/blogg.svenskakyrkan.se\/vandravagen\/2023\/01\/20\/den-aldsta-bevarade-urkristna-predikan\/#breadcrumb\"},\"inLanguage\":\"sv-SE\",\"potentialAction\":[{\"@type\":\"ReadAction\",\"target\":[\"https:\/\/blogg.svenskakyrkan.se\/vandravagen\/2023\/01\/20\/den-aldsta-bevarade-urkristna-predikan\/\"]}]},{\"@type\":\"ImageObject\",\"inLanguage\":\"sv-SE\",\"@id\":\"https:\/\/blogg.svenskakyrkan.se\/vandravagen\/2023\/01\/20\/den-aldsta-bevarade-urkristna-predikan\/#primaryimage\",\"url\":\"https:\/\/blogg.svenskakyrkan.se\/vandravagen\/files\/2023\/01\/IMG_1972-scaled.jpg\",\"contentUrl\":\"https:\/\/blogg.svenskakyrkan.se\/vandravagen\/files\/2023\/01\/IMG_1972-scaled.jpg\",\"width\":2560,\"height\":1920},{\"@type\":\"BreadcrumbList\",\"@id\":\"https:\/\/blogg.svenskakyrkan.se\/vandravagen\/2023\/01\/20\/den-aldsta-bevarade-urkristna-predikan\/#breadcrumb\",\"itemListElement\":[{\"@type\":\"ListItem\",\"position\":1,\"name\":\"Hem\",\"item\":\"https:\/\/blogg.svenskakyrkan.se\/vandravagen\/\"},{\"@type\":\"ListItem\",\"position\":2,\"name\":\"andra clemensbrevet\",\"item\":\"https:\/\/blogg.svenskakyrkan.se\/vandravagen\/tag\/andra-clemensbrevet\/\"},{\"@type\":\"ListItem\",\"position\":3,\"name\":\"Den \u00e4ldsta bevarade urkristna predikan\"}]},{\"@type\":\"WebSite\",\"@id\":\"https:\/\/blogg.svenskakyrkan.se\/vandravagen\/#website\",\"url\":\"https:\/\/blogg.svenskakyrkan.se\/vandravagen\/\",\"name\":\"Vandra V\u00e4gen\",\"description\":\"-Mot en tro f\u00f6r hela livet\",\"publisher\":{\"@id\":\"https:\/\/blogg.svenskakyrkan.se\/vandravagen\/#organization\"},\"potentialAction\":[{\"@type\":\"SearchAction\",\"target\":{\"@type\":\"EntryPoint\",\"urlTemplate\":\"https:\/\/blogg.svenskakyrkan.se\/vandravagen\/?s={search_term_string}\"},\"query-input\":{\"@type\":\"PropertyValueSpecification\",\"valueRequired\":true,\"valueName\":\"search_term_string\"}}],\"inLanguage\":\"sv-SE\"},{\"@type\":\"Organization\",\"@id\":\"https:\/\/blogg.svenskakyrkan.se\/vandravagen\/#organization\",\"name\":\"ulricehamns pastorat\",\"alternateName\":\"ulricehamns pastorat\",\"url\":\"https:\/\/blogg.svenskakyrkan.se\/vandravagen\/\",\"logo\":{\"@type\":\"ImageObject\",\"inLanguage\":\"sv-SE\",\"@id\":\"https:\/\/blogg.svenskakyrkan.se\/vandravagen\/#\/schema\/logo\/image\/\",\"url\":\"https:\/\/blogg.svenskakyrkan.se\/vandravagen\/files\/2023\/05\/Ulr_logo_RGB.png\",\"contentUrl\":\"https:\/\/blogg.svenskakyrkan.se\/vandravagen\/files\/2023\/05\/Ulr_logo_RGB.png\",\"width\":205,\"height\":77,\"caption\":\"ulricehamns pastorat\"},\"image\":{\"@id\":\"https:\/\/blogg.svenskakyrkan.se\/vandravagen\/#\/schema\/logo\/image\/\"},\"sameAs\":[\"http:\/\/facebook.com\/vandravagen\",\"https:\/\/x.com\/fadertomas\",\"http:\/\/www.facebook.com\/svenskakyrkaniulricehamn\"]},{\"@type\":\"Person\",\"@id\":\"https:\/\/blogg.svenskakyrkan.se\/vandravagen\/#\/schema\/person\/25da02d4f76b137d04291711e2c9fc16\",\"name\":\"Tomas Jarvid\",\"image\":{\"@type\":\"ImageObject\",\"inLanguage\":\"sv-SE\",\"@id\":\"https:\/\/blogg.svenskakyrkan.se\/vandravagen\/#\/schema\/person\/image\/\",\"url\":\"https:\/\/secure.gravatar.com\/avatar\/7fa71899795e8f540f615a1f5ab25255dc27aa40f05ee7ddd21aac521e01bf50?s=96&d=identicon&r=g\",\"contentUrl\":\"https:\/\/secure.gravatar.com\/avatar\/7fa71899795e8f540f615a1f5ab25255dc27aa40f05ee7ddd21aac521e01bf50?s=96&d=identicon&r=g\",\"caption\":\"Tomas Jarvid\"},\"description\":\"Jag bor i Ulricehamn i V\u00e4sterg\u00f6tland och \u00e4r f\u00f6rsamlingspr\u00e4st i Svenska Kyrkan f\u00f6r Dalstorps f\u00f6rsamling i Kinds pastorat. P\u00e5 den h\u00e4r bloggen skriver jag ner tankar om vandringen som kristen.\",\"sameAs\":[\"http:\/\/www.vandravagen.se\"],\"url\":\"https:\/\/blogg.svenskakyrkan.se\/vandravagen\/author\/vandravagen\/\"}]}<\/script>\n<!-- \/ Yoast SEO plugin. -->","yoast_head_json":{"title":"Den \u00e4ldsta bevarade urkristna predikan - Vandra V\u00e4gen","robots":{"index":"index","follow":"follow","max-snippet":"max-snippet:-1","max-image-preview":"max-image-preview:large","max-video-preview":"max-video-preview:-1"},"canonical":"https:\/\/blogg.svenskakyrkan.se\/vandravagen\/2023\/01\/20\/den-aldsta-bevarade-urkristna-predikan\/","og_locale":"sv_SE","og_type":"article","og_title":"Den \u00e4ldsta bevarade urkristna predikan - Vandra V\u00e4gen","og_description":"Andra Clemensbrevet F\u00f6rra g\u00e5ngen i den h\u00e4r om\u00e5ttligt popul\u00e4ra serien om de apostoliska f\u00e4dernas skrifter tittade vi p\u00e5 en ny sorts text, skildringen av ett martyrium. Idag har vi ett brev som egentligen inte \u00e4r ett brev utan den \u00e4ldsta bevarade kristna predikan (homilia). F\u00f6rfattare \u00e4r Clemens av Rom, en ansedd ledare i fornkyrkan. Den [&hellip;]","og_url":"https:\/\/blogg.svenskakyrkan.se\/vandravagen\/2023\/01\/20\/den-aldsta-bevarade-urkristna-predikan\/","og_site_name":"Vandra V\u00e4gen","article_publisher":"http:\/\/facebook.com\/vandravagen","article_published_time":"2023-01-20T08:34:38+00:00","article_modified_time":"2023-01-20T08:34:40+00:00","og_image":[{"width":2560,"height":1920,"url":"https:\/\/blogg.svenskakyrkan.se\/vandravagen\/files\/2023\/01\/IMG_1972-scaled.jpg","type":"image\/jpeg"}],"author":"Tomas Jarvid","twitter_card":"summary_large_image","twitter_creator":"@fadertomas","twitter_site":"@fadertomas","twitter_misc":{"Skriven av":"Tomas Jarvid","Ber\u00e4knad l\u00e4stid":"5 minuter"},"schema":{"@context":"https:\/\/schema.org","@graph":[{"@type":"Article","@id":"https:\/\/blogg.svenskakyrkan.se\/vandravagen\/2023\/01\/20\/den-aldsta-bevarade-urkristna-predikan\/#article","isPartOf":{"@id":"https:\/\/blogg.svenskakyrkan.se\/vandravagen\/2023\/01\/20\/den-aldsta-bevarade-urkristna-predikan\/"},"author":{"name":"Tomas Jarvid","@id":"https:\/\/blogg.svenskakyrkan.se\/vandravagen\/#\/schema\/person\/25da02d4f76b137d04291711e2c9fc16"},"headline":"Den \u00e4ldsta bevarade urkristna predikan","datePublished":"2023-01-20T08:34:38+00:00","dateModified":"2023-01-20T08:34:40+00:00","mainEntityOfPage":{"@id":"https:\/\/blogg.svenskakyrkan.se\/vandravagen\/2023\/01\/20\/den-aldsta-bevarade-urkristna-predikan\/"},"wordCount":988,"commentCount":0,"publisher":{"@id":"https:\/\/blogg.svenskakyrkan.se\/vandravagen\/#organization"},"image":{"@id":"https:\/\/blogg.svenskakyrkan.se\/vandravagen\/2023\/01\/20\/den-aldsta-bevarade-urkristna-predikan\/#primaryimage"},"thumbnailUrl":"https:\/\/blogg.svenskakyrkan.se\/vandravagen\/files\/2023\/01\/IMG_1972-scaled.jpg","keywords":["andra clemensbrevet","apostoliska f\u00e4derna","clemens","clemensbrevet","homilia","Jesus","kristen","kristen tro","kyrka","kyrkan","predikan","urkyrkan"],"articleSection":{"0":"apostoliska f\u00e4derna","2":"predikan"},"inLanguage":"sv-SE","potentialAction":[{"@type":"CommentAction","name":"Comment","target":["https:\/\/blogg.svenskakyrkan.se\/vandravagen\/2023\/01\/20\/den-aldsta-bevarade-urkristna-predikan\/#respond"]}]},{"@type":"WebPage","@id":"https:\/\/blogg.svenskakyrkan.se\/vandravagen\/2023\/01\/20\/den-aldsta-bevarade-urkristna-predikan\/","url":"https:\/\/blogg.svenskakyrkan.se\/vandravagen\/2023\/01\/20\/den-aldsta-bevarade-urkristna-predikan\/","name":"Den \u00e4ldsta bevarade urkristna predikan - Vandra V\u00e4gen","isPartOf":{"@id":"https:\/\/blogg.svenskakyrkan.se\/vandravagen\/#website"},"primaryImageOfPage":{"@id":"https:\/\/blogg.svenskakyrkan.se\/vandravagen\/2023\/01\/20\/den-aldsta-bevarade-urkristna-predikan\/#primaryimage"},"image":{"@id":"https:\/\/blogg.svenskakyrkan.se\/vandravagen\/2023\/01\/20\/den-aldsta-bevarade-urkristna-predikan\/#primaryimage"},"thumbnailUrl":"https:\/\/blogg.svenskakyrkan.se\/vandravagen\/files\/2023\/01\/IMG_1972-scaled.jpg","datePublished":"2023-01-20T08:34:38+00:00","dateModified":"2023-01-20T08:34:40+00:00","breadcrumb":{"@id":"https:\/\/blogg.svenskakyrkan.se\/vandravagen\/2023\/01\/20\/den-aldsta-bevarade-urkristna-predikan\/#breadcrumb"},"inLanguage":"sv-SE","potentialAction":[{"@type":"ReadAction","target":["https:\/\/blogg.svenskakyrkan.se\/vandravagen\/2023\/01\/20\/den-aldsta-bevarade-urkristna-predikan\/"]}]},{"@type":"ImageObject","inLanguage":"sv-SE","@id":"https:\/\/blogg.svenskakyrkan.se\/vandravagen\/2023\/01\/20\/den-aldsta-bevarade-urkristna-predikan\/#primaryimage","url":"https:\/\/blogg.svenskakyrkan.se\/vandravagen\/files\/2023\/01\/IMG_1972-scaled.jpg","contentUrl":"https:\/\/blogg.svenskakyrkan.se\/vandravagen\/files\/2023\/01\/IMG_1972-scaled.jpg","width":2560,"height":1920},{"@type":"BreadcrumbList","@id":"https:\/\/blogg.svenskakyrkan.se\/vandravagen\/2023\/01\/20\/den-aldsta-bevarade-urkristna-predikan\/#breadcrumb","itemListElement":[{"@type":"ListItem","position":1,"name":"Hem","item":"https:\/\/blogg.svenskakyrkan.se\/vandravagen\/"},{"@type":"ListItem","position":2,"name":"andra clemensbrevet","item":"https:\/\/blogg.svenskakyrkan.se\/vandravagen\/tag\/andra-clemensbrevet\/"},{"@type":"ListItem","position":3,"name":"Den \u00e4ldsta bevarade urkristna predikan"}]},{"@type":"WebSite","@id":"https:\/\/blogg.svenskakyrkan.se\/vandravagen\/#website","url":"https:\/\/blogg.svenskakyrkan.se\/vandravagen\/","name":"Vandra V\u00e4gen","description":"-Mot en tro f\u00f6r hela livet","publisher":{"@id":"https:\/\/blogg.svenskakyrkan.se\/vandravagen\/#organization"},"potentialAction":[{"@type":"SearchAction","target":{"@type":"EntryPoint","urlTemplate":"https:\/\/blogg.svenskakyrkan.se\/vandravagen\/?s={search_term_string}"},"query-input":{"@type":"PropertyValueSpecification","valueRequired":true,"valueName":"search_term_string"}}],"inLanguage":"sv-SE"},{"@type":"Organization","@id":"https:\/\/blogg.svenskakyrkan.se\/vandravagen\/#organization","name":"ulricehamns pastorat","alternateName":"ulricehamns pastorat","url":"https:\/\/blogg.svenskakyrkan.se\/vandravagen\/","logo":{"@type":"ImageObject","inLanguage":"sv-SE","@id":"https:\/\/blogg.svenskakyrkan.se\/vandravagen\/#\/schema\/logo\/image\/","url":"https:\/\/blogg.svenskakyrkan.se\/vandravagen\/files\/2023\/05\/Ulr_logo_RGB.png","contentUrl":"https:\/\/blogg.svenskakyrkan.se\/vandravagen\/files\/2023\/05\/Ulr_logo_RGB.png","width":205,"height":77,"caption":"ulricehamns pastorat"},"image":{"@id":"https:\/\/blogg.svenskakyrkan.se\/vandravagen\/#\/schema\/logo\/image\/"},"sameAs":["http:\/\/facebook.com\/vandravagen","https:\/\/x.com\/fadertomas","http:\/\/www.facebook.com\/svenskakyrkaniulricehamn"]},{"@type":"Person","@id":"https:\/\/blogg.svenskakyrkan.se\/vandravagen\/#\/schema\/person\/25da02d4f76b137d04291711e2c9fc16","name":"Tomas Jarvid","image":{"@type":"ImageObject","inLanguage":"sv-SE","@id":"https:\/\/blogg.svenskakyrkan.se\/vandravagen\/#\/schema\/person\/image\/","url":"https:\/\/secure.gravatar.com\/avatar\/7fa71899795e8f540f615a1f5ab25255dc27aa40f05ee7ddd21aac521e01bf50?s=96&d=identicon&r=g","contentUrl":"https:\/\/secure.gravatar.com\/avatar\/7fa71899795e8f540f615a1f5ab25255dc27aa40f05ee7ddd21aac521e01bf50?s=96&d=identicon&r=g","caption":"Tomas Jarvid"},"description":"Jag bor i Ulricehamn i V\u00e4sterg\u00f6tland och \u00e4r f\u00f6rsamlingspr\u00e4st i Svenska Kyrkan f\u00f6r Dalstorps f\u00f6rsamling i Kinds pastorat. P\u00e5 den h\u00e4r bloggen skriver jag ner tankar om vandringen som kristen.","sameAs":["http:\/\/www.vandravagen.se"],"url":"https:\/\/blogg.svenskakyrkan.se\/vandravagen\/author\/vandravagen\/"}]}},"author_meta":{"ID":"392","user_nicename":"vandravagen","user_url":"http:\/\/www.vandravagen.se","user_registered":"2014-05-19 05:44:52","display_name":"Tomas Jarvid","first_name":"Tomas","last_name":"Jarvid","avatar":"https:\/\/secure.gravatar.com\/avatar\/7fa71899795e8f540f615a1f5ab25255dc27aa40f05ee7ddd21aac521e01bf50?s=96&d=identicon&r=g"},"featured_image":["https:\/\/blogg.svenskakyrkan.se\/vandravagen\/files\/2023\/01\/IMG_1972-1024x768.jpg",1024,768,true],"bloginfo":{"name":"Vandra V\u00e4gen","url":"https:\/\/blogg.svenskakyrkan.se\/vandravagen"},"_links":{"self":[{"href":"https:\/\/blogg.svenskakyrkan.se\/vandravagen\/wp-json\/wp\/v2\/posts\/8947","targetHints":{"allow":["GET"]}}],"collection":[{"href":"https:\/\/blogg.svenskakyrkan.se\/vandravagen\/wp-json\/wp\/v2\/posts"}],"about":[{"href":"https:\/\/blogg.svenskakyrkan.se\/vandravagen\/wp-json\/wp\/v2\/types\/post"}],"author":[{"embeddable":true,"href":"https:\/\/blogg.svenskakyrkan.se\/vandravagen\/wp-json\/wp\/v2\/users\/392"}],"replies":[{"embeddable":true,"href":"https:\/\/blogg.svenskakyrkan.se\/vandravagen\/wp-json\/wp\/v2\/comments?post=8947"}],"version-history":[{"count":2,"href":"https:\/\/blogg.svenskakyrkan.se\/vandravagen\/wp-json\/wp\/v2\/posts\/8947\/revisions"}],"predecessor-version":[{"id":9260,"href":"https:\/\/blogg.svenskakyrkan.se\/vandravagen\/wp-json\/wp\/v2\/posts\/8947\/revisions\/9260"}],"wp:featuredmedia":[{"embeddable":true,"href":"https:\/\/blogg.svenskakyrkan.se\/vandravagen\/wp-json\/wp\/v2\/media\/9259"}],"wp:attachment":[{"href":"https:\/\/blogg.svenskakyrkan.se\/vandravagen\/wp-json\/wp\/v2\/media?parent=8947"}],"wp:term":[{"taxonomy":"category","embeddable":true,"href":"https:\/\/blogg.svenskakyrkan.se\/vandravagen\/wp-json\/wp\/v2\/categories?post=8947"},{"taxonomy":"post_tag","embeddable":true,"href":"https:\/\/blogg.svenskakyrkan.se\/vandravagen\/wp-json\/wp\/v2\/tags?post=8947"}],"curies":[{"name":"wp","href":"https:\/\/api.w.org\/{rel}","templated":true}]}}