{"id":8998,"date":"2022-06-11T19:58:09","date_gmt":"2022-06-11T17:58:09","guid":{"rendered":"https:\/\/blogg.svenskakyrkan.se\/vandravagen\/?p=8998"},"modified":"2022-06-11T19:58:11","modified_gmt":"2022-06-11T17:58:11","slug":"att-ta-med-ett-helt-trad-till-skolavslutningen","status":"publish","type":"post","link":"https:\/\/blogg.svenskakyrkan.se\/vandravagen\/2022\/06\/11\/att-ta-med-ett-helt-trad-till-skolavslutningen\/","title":{"rendered":"Att ta med ett helt tr\u00e4d till skolavslutningen"},"content":{"rendered":"\n\n\n<figure class=\"wp-block-image size-large\"><img loading=\"lazy\" decoding=\"async\" width=\"1024\" height=\"1365\" src=\"https:\/\/blogg.svenskakyrkan.se\/vandravagen\/files\/2022\/06\/IMG_0637-1024x1365.jpg\" alt=\"\" class=\"wp-image-8999\" srcset=\"https:\/\/blogg.svenskakyrkan.se\/vandravagen\/files\/2022\/06\/IMG_0637-1024x1365.jpg 1024w, https:\/\/blogg.svenskakyrkan.se\/vandravagen\/files\/2022\/06\/IMG_0637-300x400.jpg 300w, https:\/\/blogg.svenskakyrkan.se\/vandravagen\/files\/2022\/06\/IMG_0637-768x1024.jpg 768w, https:\/\/blogg.svenskakyrkan.se\/vandravagen\/files\/2022\/06\/IMG_0637-1152x1536.jpg 1152w, https:\/\/blogg.svenskakyrkan.se\/vandravagen\/files\/2022\/06\/IMG_0637-1200x1600.jpg 1200w, https:\/\/blogg.svenskakyrkan.se\/vandravagen\/files\/2022\/06\/IMG_0637-rotated.jpg 1512w\" sizes=\"auto, (max-width: 1024px) 100vw, 1024px\" \/><figcaption>Jag och mitt tr\u00e4d efter sista skolavslutningen. Notera de kraftiga r\u00f6tterna och den m\u00e4ktiga kronan. Men ett helt tr\u00e4d \u00e4r det!<\/figcaption><\/figure>\n\n\n\n<h2 class=\"wp-block-heading\">Ett helt tr\u00e4d<\/h2>\n\n\n\n<p>Hej jag heter Tomas Jarvid och det \u00e4r f\u00f6rsta g\u00e5ngen jag \u00e4r p\u00e5 skolavslutning h\u00e4r s\u00e5 det k\u00e4nns lite pirrigt.<\/p>\n\n\n\n<p>Det \u00e4r ju bra n\u00e4r man ska h\u00e5lla tal att ha med sig n\u00e5got att visa upp, och idag har jag faktiskt med mig ETT HELT TR\u00c4D! Otroligt! (tar fram ett v\u00e4ldigt smalt lite tr\u00e4d)<\/p>\n\n\n\n<p>Vet ni n\u00e5got riktigt stort och tjockt tr\u00e4d ni brukar passera? D\u00e5 kan man t\u00e4nka att det d\u00e4r tr\u00e4det stod h\u00e4r n\u00e4r min pappa var liten ocks\u00e5, eller f\u00f6r hundra \u00e5r sedan, kanske flera hundra \u00e5r sedan! De tar det r\u00e4tt lugnt tr\u00e4den f\u00f6r de g\u00e5r i alla fall ingenstans, men jag tycker de \u00e4r v\u00e4ldigt sp\u00e4nnande eftersom de blir s\u00e5 stora och gamla om de f\u00e5r vara ifred.<\/p>\n\n\n\n<p>Kan ni m\u00e5nga sorters tr\u00e4d? och s\u00e5 den sv\u00e5raste och enklaste fr\u00e5gan av alla, vad \u00e4r ett tr\u00e4d gjort av?<\/p>\n\n\n\n<h2 class=\"wp-block-heading\">Vad \u00e4r tr\u00e4d gjorda av?<\/h2>\n\n\n\n<p>Tr\u00e4 s\u00e5klart. Men vad \u00e4r tr\u00e4 gjort av? Man kunde ju tro att tr\u00e4det har s\u00e5 m\u00e4ktiga r\u00f6tter och \u00e4ter liksom i sig en massa \u00e4mnen fr\u00e5n jorden men s\u00e5 \u00e4r det faktiskt inte. Det kommer en massa vatten d\u00e4rifr\u00e5n och s\u00e5 sugs det upp genom hela tr\u00e4dstammen som ett stort sugr\u00f6r och ut i varje litet blad och d\u00e5 kan de med hj\u00e4lp av energin fr\u00e5n solen binda kol fr\u00e5n koldioxiden i luften. Och g\u00f6ra tr\u00e4 AV LUFTEN! S\u00e5 det d\u00e4r stora tr\u00e4det \u00e4r gjort av luften som \u00e4r runt det! Det \u00e4r v\u00e4l otroligt, det mest tjocka och starka \u00e4r gjort av det allra tunnaste. S\u00e5 tr\u00e4det har liksom dubbla r\u00f6tter p\u00e5 ett s\u00e4tt, r\u00f6tter i jorden och s\u00e5 grenar det ut sig mot himlen och suger i sig annat i den \u00e4nden. Det str\u00e4cker sig b\u00e5de l\u00e5ngt ner i jorden och h\u00f6gt mot himlen. En vacker bild av livet.<\/p>\n\n\n\n<p>Mest ber\u00e4ttar jag det h\u00e4r f\u00f6r att jag tycker det \u00e4r s\u00e5 h\u00e4ftigt. Det \u00e4r ju samma ocks\u00e5 med en potatis eller s\u00e5, den har ocks\u00e5 blivit till genom att bladet sugit i sig kol och solsken.<\/p>\n\n\n\n<p>Allt det d\u00e4r g\u00e5r ju av sig sj\u00e4lvt f\u00f6r tr\u00e4det. Bara det f\u00e5r vatten och sol och vara ifred s\u00e5 v\u00e4xer det.<\/p>\n\n\n\n<h2 class=\"wp-block-heading\">M\u00e4nniskor \u00e4r som tr\u00e4d<\/h2>\n\n\n\n<p>Och vi m\u00e4nniskor liknar ocks\u00e5 tr\u00e4d. \u00c4r det h\u00e4r ett helt tr\u00e4d f\u00f6rresten? Klart att det \u00e4r, det \u00e4r ju ett litet tr\u00e4d men ett helt tr\u00e4d. Och ett barn \u00e4r en hel m\u00e4nniska fr\u00e5n b\u00f6rjan och \u00e4r s\u00e5 v\u00e4rdefull och det \u00e4r samma med oss. Bara vi f\u00e5r det vi beh\u00f6ver, mat och syre och k\u00e4rlek och v\u00e4nner och springa runt och s\u00e5, &nbsp;s\u00e5 v\u00e4xer vi och blir starka alldeles automatiskt. Tr\u00e4det har alltihop i sig fr\u00e5n b\u00f6rjan, redan som litet fr\u00f6, och vi med.<\/p>\n\n\n\n<p>I sommar hoppas jag ni f\u00e5r sitta under ett tr\u00e4d och k\u00e4nna att: det d\u00e4r tr\u00e4det har inte br\u00e5ttom, och inte jag heller. En av d\u00e4r sakerna ett litet busfr\u00f6 beh\u00f6ver f\u00f6r att v\u00e4xa till ett stort tr\u00e4d \u00e4r ju att f\u00e5 vila och leka och k\u00e4nna sig fri.<\/p>\n\n\n\n<p>Och s\u00e5 f\u00e5r jag \u00f6nska er alla ett s\u00e5 fint sommarlov det bara kan bli fr\u00e5n f\u00f6rsamlingen h\u00e4r. Jag vill ocks\u00e5 h\u00e4lsa s\u00e4rskilt till den som kanske \u00e4r orolig f\u00f6r sommaren p\u00e5 ett eller annat s\u00e4tt och inte tror att det kommer bli en bra sommar. D\u00e5 \u00f6nskar jag s\u00e4rskilt att din sommar ska bli s\u00e5 bra det bara g\u00e5r.<\/p>\n","protected":false},"excerpt":{"rendered":"<p>Ett helt tr\u00e4d Hej jag heter Tomas Jarvid och det \u00e4r f\u00f6rsta g\u00e5ngen jag \u00e4r p\u00e5 skolavslutning h\u00e4r s\u00e5 det k\u00e4nns lite pirrigt. Det \u00e4r ju bra n\u00e4r man ska h\u00e5lla tal att ha med sig n\u00e5got att visa upp, och idag har jag faktiskt med mig ETT HELT TR\u00c4D! Otroligt! (tar fram ett v\u00e4ldigt [&hellip;]<\/p>\n","protected":false},"author":392,"featured_media":8999,"comment_status":"open","ping_status":"open","sticky":false,"template":"","format":"standard","meta":{"_acf_changed":false,"footnotes":""},"categories":[80016],"tags":[83890,83917,83915,83918,83916],"class_list":["post-8998","post","type-post","status-publish","format-standard","has-post-thumbnail","hentry","category-tal","tag-kyrkan","tag-prast","tag-skolavslutning","tag-tal","tag-trad"],"acf":[],"yoast_head":"<!-- This site is optimized with the Yoast SEO plugin v27.1.1 - https:\/\/yoast.com\/product\/yoast-seo-wordpress\/ -->\n<title>Att ta med ett helt tr\u00e4d till skolavslutningen - Vandra V\u00e4gen<\/title>\n<meta name=\"robots\" content=\"index, follow, max-snippet:-1, max-image-preview:large, max-video-preview:-1\" \/>\n<link rel=\"canonical\" href=\"https:\/\/blogg.svenskakyrkan.se\/vandravagen\/2022\/06\/11\/att-ta-med-ett-helt-trad-till-skolavslutningen\/\" \/>\n<meta property=\"og:locale\" content=\"sv_SE\" \/>\n<meta property=\"og:type\" content=\"article\" \/>\n<meta property=\"og:title\" content=\"Att ta med ett helt tr\u00e4d till skolavslutningen - Vandra V\u00e4gen\" \/>\n<meta property=\"og:description\" content=\"Ett helt tr\u00e4d Hej jag heter Tomas Jarvid och det \u00e4r f\u00f6rsta g\u00e5ngen jag \u00e4r p\u00e5 skolavslutning h\u00e4r s\u00e5 det k\u00e4nns lite pirrigt. Det \u00e4r ju bra n\u00e4r man ska h\u00e5lla tal att ha med sig n\u00e5got att visa upp, och idag har jag faktiskt med mig ETT HELT TR\u00c4D! Otroligt! (tar fram ett v\u00e4ldigt [&hellip;]\" \/>\n<meta property=\"og:url\" content=\"https:\/\/blogg.svenskakyrkan.se\/vandravagen\/2022\/06\/11\/att-ta-med-ett-helt-trad-till-skolavslutningen\/\" \/>\n<meta property=\"og:site_name\" content=\"Vandra V\u00e4gen\" \/>\n<meta property=\"article:publisher\" content=\"http:\/\/facebook.com\/vandravagen\" \/>\n<meta property=\"article:published_time\" content=\"2022-06-11T17:58:09+00:00\" \/>\n<meta property=\"article:modified_time\" content=\"2022-06-11T17:58:11+00:00\" \/>\n<meta property=\"og:image\" content=\"https:\/\/blogg.svenskakyrkan.se\/vandravagen\/files\/2022\/06\/IMG_0637-rotated.jpg\" \/>\n\t<meta property=\"og:image:width\" content=\"1512\" \/>\n\t<meta property=\"og:image:height\" content=\"2016\" \/>\n\t<meta property=\"og:image:type\" content=\"image\/jpeg\" \/>\n<meta name=\"author\" content=\"Tomas Jarvid\" \/>\n<meta name=\"twitter:card\" content=\"summary_large_image\" \/>\n<meta name=\"twitter:creator\" content=\"@fadertomas\" \/>\n<meta name=\"twitter:site\" content=\"@fadertomas\" \/>\n<meta name=\"twitter:label1\" content=\"Skriven av\" \/>\n\t<meta name=\"twitter:data1\" content=\"Tomas Jarvid\" \/>\n\t<meta name=\"twitter:label2\" content=\"Ber\u00e4knad l\u00e4stid\" \/>\n\t<meta name=\"twitter:data2\" content=\"3 minuter\" \/>\n<script type=\"application\/ld+json\" class=\"yoast-schema-graph\">{\"@context\":\"https:\/\/schema.org\",\"@graph\":[{\"@type\":\"Article\",\"@id\":\"https:\/\/blogg.svenskakyrkan.se\/vandravagen\/2022\/06\/11\/att-ta-med-ett-helt-trad-till-skolavslutningen\/#article\",\"isPartOf\":{\"@id\":\"https:\/\/blogg.svenskakyrkan.se\/vandravagen\/2022\/06\/11\/att-ta-med-ett-helt-trad-till-skolavslutningen\/\"},\"author\":{\"name\":\"Tomas Jarvid\",\"@id\":\"https:\/\/blogg.svenskakyrkan.se\/vandravagen\/#\/schema\/person\/25da02d4f76b137d04291711e2c9fc16\"},\"headline\":\"Att ta med ett helt tr\u00e4d till skolavslutningen\",\"datePublished\":\"2022-06-11T17:58:09+00:00\",\"dateModified\":\"2022-06-11T17:58:11+00:00\",\"mainEntityOfPage\":{\"@id\":\"https:\/\/blogg.svenskakyrkan.se\/vandravagen\/2022\/06\/11\/att-ta-med-ett-helt-trad-till-skolavslutningen\/\"},\"wordCount\":707,\"commentCount\":0,\"publisher\":{\"@id\":\"https:\/\/blogg.svenskakyrkan.se\/vandravagen\/#organization\"},\"image\":{\"@id\":\"https:\/\/blogg.svenskakyrkan.se\/vandravagen\/2022\/06\/11\/att-ta-med-ett-helt-trad-till-skolavslutningen\/#primaryimage\"},\"thumbnailUrl\":\"https:\/\/blogg.svenskakyrkan.se\/vandravagen\/files\/2022\/06\/IMG_0637-rotated.jpg\",\"keywords\":[\"kyrkan\",\"pr\u00e4st\",\"skolavslutning\",\"tal\",\"tr\u00e4d\"],\"articleSection\":[\"tal\"],\"inLanguage\":\"sv-SE\",\"potentialAction\":[{\"@type\":\"CommentAction\",\"name\":\"Comment\",\"target\":[\"https:\/\/blogg.svenskakyrkan.se\/vandravagen\/2022\/06\/11\/att-ta-med-ett-helt-trad-till-skolavslutningen\/#respond\"]}]},{\"@type\":\"WebPage\",\"@id\":\"https:\/\/blogg.svenskakyrkan.se\/vandravagen\/2022\/06\/11\/att-ta-med-ett-helt-trad-till-skolavslutningen\/\",\"url\":\"https:\/\/blogg.svenskakyrkan.se\/vandravagen\/2022\/06\/11\/att-ta-med-ett-helt-trad-till-skolavslutningen\/\",\"name\":\"Att ta med ett helt tr\u00e4d till skolavslutningen - Vandra V\u00e4gen\",\"isPartOf\":{\"@id\":\"https:\/\/blogg.svenskakyrkan.se\/vandravagen\/#website\"},\"primaryImageOfPage\":{\"@id\":\"https:\/\/blogg.svenskakyrkan.se\/vandravagen\/2022\/06\/11\/att-ta-med-ett-helt-trad-till-skolavslutningen\/#primaryimage\"},\"image\":{\"@id\":\"https:\/\/blogg.svenskakyrkan.se\/vandravagen\/2022\/06\/11\/att-ta-med-ett-helt-trad-till-skolavslutningen\/#primaryimage\"},\"thumbnailUrl\":\"https:\/\/blogg.svenskakyrkan.se\/vandravagen\/files\/2022\/06\/IMG_0637-rotated.jpg\",\"datePublished\":\"2022-06-11T17:58:09+00:00\",\"dateModified\":\"2022-06-11T17:58:11+00:00\",\"breadcrumb\":{\"@id\":\"https:\/\/blogg.svenskakyrkan.se\/vandravagen\/2022\/06\/11\/att-ta-med-ett-helt-trad-till-skolavslutningen\/#breadcrumb\"},\"inLanguage\":\"sv-SE\",\"potentialAction\":[{\"@type\":\"ReadAction\",\"target\":[\"https:\/\/blogg.svenskakyrkan.se\/vandravagen\/2022\/06\/11\/att-ta-med-ett-helt-trad-till-skolavslutningen\/\"]}]},{\"@type\":\"ImageObject\",\"inLanguage\":\"sv-SE\",\"@id\":\"https:\/\/blogg.svenskakyrkan.se\/vandravagen\/2022\/06\/11\/att-ta-med-ett-helt-trad-till-skolavslutningen\/#primaryimage\",\"url\":\"https:\/\/blogg.svenskakyrkan.se\/vandravagen\/files\/2022\/06\/IMG_0637-rotated.jpg\",\"contentUrl\":\"https:\/\/blogg.svenskakyrkan.se\/vandravagen\/files\/2022\/06\/IMG_0637-rotated.jpg\",\"width\":1512,\"height\":2016},{\"@type\":\"BreadcrumbList\",\"@id\":\"https:\/\/blogg.svenskakyrkan.se\/vandravagen\/2022\/06\/11\/att-ta-med-ett-helt-trad-till-skolavslutningen\/#breadcrumb\",\"itemListElement\":[{\"@type\":\"ListItem\",\"position\":1,\"name\":\"Hem\",\"item\":\"https:\/\/blogg.svenskakyrkan.se\/vandravagen\/\"},{\"@type\":\"ListItem\",\"position\":2,\"name\":\"kyrkan\",\"item\":\"https:\/\/blogg.svenskakyrkan.se\/vandravagen\/tag\/kyrkan\/\"},{\"@type\":\"ListItem\",\"position\":3,\"name\":\"Att ta med ett helt tr\u00e4d till skolavslutningen\"}]},{\"@type\":\"WebSite\",\"@id\":\"https:\/\/blogg.svenskakyrkan.se\/vandravagen\/#website\",\"url\":\"https:\/\/blogg.svenskakyrkan.se\/vandravagen\/\",\"name\":\"Vandra V\u00e4gen\",\"description\":\"-Mot en tro f\u00f6r hela livet\",\"publisher\":{\"@id\":\"https:\/\/blogg.svenskakyrkan.se\/vandravagen\/#organization\"},\"potentialAction\":[{\"@type\":\"SearchAction\",\"target\":{\"@type\":\"EntryPoint\",\"urlTemplate\":\"https:\/\/blogg.svenskakyrkan.se\/vandravagen\/?s={search_term_string}\"},\"query-input\":{\"@type\":\"PropertyValueSpecification\",\"valueRequired\":true,\"valueName\":\"search_term_string\"}}],\"inLanguage\":\"sv-SE\"},{\"@type\":\"Organization\",\"@id\":\"https:\/\/blogg.svenskakyrkan.se\/vandravagen\/#organization\",\"name\":\"ulricehamns pastorat\",\"alternateName\":\"ulricehamns pastorat\",\"url\":\"https:\/\/blogg.svenskakyrkan.se\/vandravagen\/\",\"logo\":{\"@type\":\"ImageObject\",\"inLanguage\":\"sv-SE\",\"@id\":\"https:\/\/blogg.svenskakyrkan.se\/vandravagen\/#\/schema\/logo\/image\/\",\"url\":\"https:\/\/blogg.svenskakyrkan.se\/vandravagen\/files\/2023\/05\/Ulr_logo_RGB.png\",\"contentUrl\":\"https:\/\/blogg.svenskakyrkan.se\/vandravagen\/files\/2023\/05\/Ulr_logo_RGB.png\",\"width\":205,\"height\":77,\"caption\":\"ulricehamns pastorat\"},\"image\":{\"@id\":\"https:\/\/blogg.svenskakyrkan.se\/vandravagen\/#\/schema\/logo\/image\/\"},\"sameAs\":[\"http:\/\/facebook.com\/vandravagen\",\"https:\/\/x.com\/fadertomas\",\"http:\/\/www.facebook.com\/svenskakyrkaniulricehamn\"]},{\"@type\":\"Person\",\"@id\":\"https:\/\/blogg.svenskakyrkan.se\/vandravagen\/#\/schema\/person\/25da02d4f76b137d04291711e2c9fc16\",\"name\":\"Tomas Jarvid\",\"image\":{\"@type\":\"ImageObject\",\"inLanguage\":\"sv-SE\",\"@id\":\"https:\/\/blogg.svenskakyrkan.se\/vandravagen\/#\/schema\/person\/image\/\",\"url\":\"https:\/\/secure.gravatar.com\/avatar\/7fa71899795e8f540f615a1f5ab25255dc27aa40f05ee7ddd21aac521e01bf50?s=96&d=identicon&r=g\",\"contentUrl\":\"https:\/\/secure.gravatar.com\/avatar\/7fa71899795e8f540f615a1f5ab25255dc27aa40f05ee7ddd21aac521e01bf50?s=96&d=identicon&r=g\",\"caption\":\"Tomas Jarvid\"},\"description\":\"Jag bor i Ulricehamn i V\u00e4sterg\u00f6tland och \u00e4r f\u00f6rsamlingspr\u00e4st i Svenska Kyrkan f\u00f6r Dalstorps f\u00f6rsamling i Kinds pastorat. P\u00e5 den h\u00e4r bloggen skriver jag ner tankar om vandringen som kristen.\",\"sameAs\":[\"http:\/\/www.vandravagen.se\"],\"url\":\"https:\/\/blogg.svenskakyrkan.se\/vandravagen\/author\/vandravagen\/\"}]}<\/script>\n<!-- \/ Yoast SEO plugin. -->","yoast_head_json":{"title":"Att ta med ett helt tr\u00e4d till skolavslutningen - Vandra V\u00e4gen","robots":{"index":"index","follow":"follow","max-snippet":"max-snippet:-1","max-image-preview":"max-image-preview:large","max-video-preview":"max-video-preview:-1"},"canonical":"https:\/\/blogg.svenskakyrkan.se\/vandravagen\/2022\/06\/11\/att-ta-med-ett-helt-trad-till-skolavslutningen\/","og_locale":"sv_SE","og_type":"article","og_title":"Att ta med ett helt tr\u00e4d till skolavslutningen - Vandra V\u00e4gen","og_description":"Ett helt tr\u00e4d Hej jag heter Tomas Jarvid och det \u00e4r f\u00f6rsta g\u00e5ngen jag \u00e4r p\u00e5 skolavslutning h\u00e4r s\u00e5 det k\u00e4nns lite pirrigt. Det \u00e4r ju bra n\u00e4r man ska h\u00e5lla tal att ha med sig n\u00e5got att visa upp, och idag har jag faktiskt med mig ETT HELT TR\u00c4D! Otroligt! (tar fram ett v\u00e4ldigt [&hellip;]","og_url":"https:\/\/blogg.svenskakyrkan.se\/vandravagen\/2022\/06\/11\/att-ta-med-ett-helt-trad-till-skolavslutningen\/","og_site_name":"Vandra V\u00e4gen","article_publisher":"http:\/\/facebook.com\/vandravagen","article_published_time":"2022-06-11T17:58:09+00:00","article_modified_time":"2022-06-11T17:58:11+00:00","og_image":[{"width":1512,"height":2016,"url":"https:\/\/blogg.svenskakyrkan.se\/vandravagen\/files\/2022\/06\/IMG_0637-rotated.jpg","type":"image\/jpeg"}],"author":"Tomas Jarvid","twitter_card":"summary_large_image","twitter_creator":"@fadertomas","twitter_site":"@fadertomas","twitter_misc":{"Skriven av":"Tomas Jarvid","Ber\u00e4knad l\u00e4stid":"3 minuter"},"schema":{"@context":"https:\/\/schema.org","@graph":[{"@type":"Article","@id":"https:\/\/blogg.svenskakyrkan.se\/vandravagen\/2022\/06\/11\/att-ta-med-ett-helt-trad-till-skolavslutningen\/#article","isPartOf":{"@id":"https:\/\/blogg.svenskakyrkan.se\/vandravagen\/2022\/06\/11\/att-ta-med-ett-helt-trad-till-skolavslutningen\/"},"author":{"name":"Tomas Jarvid","@id":"https:\/\/blogg.svenskakyrkan.se\/vandravagen\/#\/schema\/person\/25da02d4f76b137d04291711e2c9fc16"},"headline":"Att ta med ett helt tr\u00e4d till skolavslutningen","datePublished":"2022-06-11T17:58:09+00:00","dateModified":"2022-06-11T17:58:11+00:00","mainEntityOfPage":{"@id":"https:\/\/blogg.svenskakyrkan.se\/vandravagen\/2022\/06\/11\/att-ta-med-ett-helt-trad-till-skolavslutningen\/"},"wordCount":707,"commentCount":0,"publisher":{"@id":"https:\/\/blogg.svenskakyrkan.se\/vandravagen\/#organization"},"image":{"@id":"https:\/\/blogg.svenskakyrkan.se\/vandravagen\/2022\/06\/11\/att-ta-med-ett-helt-trad-till-skolavslutningen\/#primaryimage"},"thumbnailUrl":"https:\/\/blogg.svenskakyrkan.se\/vandravagen\/files\/2022\/06\/IMG_0637-rotated.jpg","keywords":["kyrkan","pr\u00e4st","skolavslutning","tal","tr\u00e4d"],"articleSection":["tal"],"inLanguage":"sv-SE","potentialAction":[{"@type":"CommentAction","name":"Comment","target":["https:\/\/blogg.svenskakyrkan.se\/vandravagen\/2022\/06\/11\/att-ta-med-ett-helt-trad-till-skolavslutningen\/#respond"]}]},{"@type":"WebPage","@id":"https:\/\/blogg.svenskakyrkan.se\/vandravagen\/2022\/06\/11\/att-ta-med-ett-helt-trad-till-skolavslutningen\/","url":"https:\/\/blogg.svenskakyrkan.se\/vandravagen\/2022\/06\/11\/att-ta-med-ett-helt-trad-till-skolavslutningen\/","name":"Att ta med ett helt tr\u00e4d till skolavslutningen - Vandra V\u00e4gen","isPartOf":{"@id":"https:\/\/blogg.svenskakyrkan.se\/vandravagen\/#website"},"primaryImageOfPage":{"@id":"https:\/\/blogg.svenskakyrkan.se\/vandravagen\/2022\/06\/11\/att-ta-med-ett-helt-trad-till-skolavslutningen\/#primaryimage"},"image":{"@id":"https:\/\/blogg.svenskakyrkan.se\/vandravagen\/2022\/06\/11\/att-ta-med-ett-helt-trad-till-skolavslutningen\/#primaryimage"},"thumbnailUrl":"https:\/\/blogg.svenskakyrkan.se\/vandravagen\/files\/2022\/06\/IMG_0637-rotated.jpg","datePublished":"2022-06-11T17:58:09+00:00","dateModified":"2022-06-11T17:58:11+00:00","breadcrumb":{"@id":"https:\/\/blogg.svenskakyrkan.se\/vandravagen\/2022\/06\/11\/att-ta-med-ett-helt-trad-till-skolavslutningen\/#breadcrumb"},"inLanguage":"sv-SE","potentialAction":[{"@type":"ReadAction","target":["https:\/\/blogg.svenskakyrkan.se\/vandravagen\/2022\/06\/11\/att-ta-med-ett-helt-trad-till-skolavslutningen\/"]}]},{"@type":"ImageObject","inLanguage":"sv-SE","@id":"https:\/\/blogg.svenskakyrkan.se\/vandravagen\/2022\/06\/11\/att-ta-med-ett-helt-trad-till-skolavslutningen\/#primaryimage","url":"https:\/\/blogg.svenskakyrkan.se\/vandravagen\/files\/2022\/06\/IMG_0637-rotated.jpg","contentUrl":"https:\/\/blogg.svenskakyrkan.se\/vandravagen\/files\/2022\/06\/IMG_0637-rotated.jpg","width":1512,"height":2016},{"@type":"BreadcrumbList","@id":"https:\/\/blogg.svenskakyrkan.se\/vandravagen\/2022\/06\/11\/att-ta-med-ett-helt-trad-till-skolavslutningen\/#breadcrumb","itemListElement":[{"@type":"ListItem","position":1,"name":"Hem","item":"https:\/\/blogg.svenskakyrkan.se\/vandravagen\/"},{"@type":"ListItem","position":2,"name":"kyrkan","item":"https:\/\/blogg.svenskakyrkan.se\/vandravagen\/tag\/kyrkan\/"},{"@type":"ListItem","position":3,"name":"Att ta med ett helt tr\u00e4d till skolavslutningen"}]},{"@type":"WebSite","@id":"https:\/\/blogg.svenskakyrkan.se\/vandravagen\/#website","url":"https:\/\/blogg.svenskakyrkan.se\/vandravagen\/","name":"Vandra V\u00e4gen","description":"-Mot en tro f\u00f6r hela livet","publisher":{"@id":"https:\/\/blogg.svenskakyrkan.se\/vandravagen\/#organization"},"potentialAction":[{"@type":"SearchAction","target":{"@type":"EntryPoint","urlTemplate":"https:\/\/blogg.svenskakyrkan.se\/vandravagen\/?s={search_term_string}"},"query-input":{"@type":"PropertyValueSpecification","valueRequired":true,"valueName":"search_term_string"}}],"inLanguage":"sv-SE"},{"@type":"Organization","@id":"https:\/\/blogg.svenskakyrkan.se\/vandravagen\/#organization","name":"ulricehamns pastorat","alternateName":"ulricehamns pastorat","url":"https:\/\/blogg.svenskakyrkan.se\/vandravagen\/","logo":{"@type":"ImageObject","inLanguage":"sv-SE","@id":"https:\/\/blogg.svenskakyrkan.se\/vandravagen\/#\/schema\/logo\/image\/","url":"https:\/\/blogg.svenskakyrkan.se\/vandravagen\/files\/2023\/05\/Ulr_logo_RGB.png","contentUrl":"https:\/\/blogg.svenskakyrkan.se\/vandravagen\/files\/2023\/05\/Ulr_logo_RGB.png","width":205,"height":77,"caption":"ulricehamns pastorat"},"image":{"@id":"https:\/\/blogg.svenskakyrkan.se\/vandravagen\/#\/schema\/logo\/image\/"},"sameAs":["http:\/\/facebook.com\/vandravagen","https:\/\/x.com\/fadertomas","http:\/\/www.facebook.com\/svenskakyrkaniulricehamn"]},{"@type":"Person","@id":"https:\/\/blogg.svenskakyrkan.se\/vandravagen\/#\/schema\/person\/25da02d4f76b137d04291711e2c9fc16","name":"Tomas Jarvid","image":{"@type":"ImageObject","inLanguage":"sv-SE","@id":"https:\/\/blogg.svenskakyrkan.se\/vandravagen\/#\/schema\/person\/image\/","url":"https:\/\/secure.gravatar.com\/avatar\/7fa71899795e8f540f615a1f5ab25255dc27aa40f05ee7ddd21aac521e01bf50?s=96&d=identicon&r=g","contentUrl":"https:\/\/secure.gravatar.com\/avatar\/7fa71899795e8f540f615a1f5ab25255dc27aa40f05ee7ddd21aac521e01bf50?s=96&d=identicon&r=g","caption":"Tomas Jarvid"},"description":"Jag bor i Ulricehamn i V\u00e4sterg\u00f6tland och \u00e4r f\u00f6rsamlingspr\u00e4st i Svenska Kyrkan f\u00f6r Dalstorps f\u00f6rsamling i Kinds pastorat. P\u00e5 den h\u00e4r bloggen skriver jag ner tankar om vandringen som kristen.","sameAs":["http:\/\/www.vandravagen.se"],"url":"https:\/\/blogg.svenskakyrkan.se\/vandravagen\/author\/vandravagen\/"}]}},"author_meta":{"ID":"392","user_nicename":"vandravagen","user_url":"http:\/\/www.vandravagen.se","user_registered":"2014-05-19 05:44:52","display_name":"Tomas Jarvid","first_name":"Tomas","last_name":"Jarvid","avatar":"https:\/\/secure.gravatar.com\/avatar\/7fa71899795e8f540f615a1f5ab25255dc27aa40f05ee7ddd21aac521e01bf50?s=96&d=identicon&r=g"},"featured_image":["https:\/\/blogg.svenskakyrkan.se\/vandravagen\/files\/2022\/06\/IMG_0637-1024x1365.jpg",1024,1365,true],"bloginfo":{"name":"Vandra V\u00e4gen","url":"https:\/\/blogg.svenskakyrkan.se\/vandravagen"},"_links":{"self":[{"href":"https:\/\/blogg.svenskakyrkan.se\/vandravagen\/wp-json\/wp\/v2\/posts\/8998","targetHints":{"allow":["GET"]}}],"collection":[{"href":"https:\/\/blogg.svenskakyrkan.se\/vandravagen\/wp-json\/wp\/v2\/posts"}],"about":[{"href":"https:\/\/blogg.svenskakyrkan.se\/vandravagen\/wp-json\/wp\/v2\/types\/post"}],"author":[{"embeddable":true,"href":"https:\/\/blogg.svenskakyrkan.se\/vandravagen\/wp-json\/wp\/v2\/users\/392"}],"replies":[{"embeddable":true,"href":"https:\/\/blogg.svenskakyrkan.se\/vandravagen\/wp-json\/wp\/v2\/comments?post=8998"}],"version-history":[{"count":1,"href":"https:\/\/blogg.svenskakyrkan.se\/vandravagen\/wp-json\/wp\/v2\/posts\/8998\/revisions"}],"predecessor-version":[{"id":9000,"href":"https:\/\/blogg.svenskakyrkan.se\/vandravagen\/wp-json\/wp\/v2\/posts\/8998\/revisions\/9000"}],"wp:featuredmedia":[{"embeddable":true,"href":"https:\/\/blogg.svenskakyrkan.se\/vandravagen\/wp-json\/wp\/v2\/media\/8999"}],"wp:attachment":[{"href":"https:\/\/blogg.svenskakyrkan.se\/vandravagen\/wp-json\/wp\/v2\/media?parent=8998"}],"wp:term":[{"taxonomy":"category","embeddable":true,"href":"https:\/\/blogg.svenskakyrkan.se\/vandravagen\/wp-json\/wp\/v2\/categories?post=8998"},{"taxonomy":"post_tag","embeddable":true,"href":"https:\/\/blogg.svenskakyrkan.se\/vandravagen\/wp-json\/wp\/v2\/tags?post=8998"}],"curies":[{"name":"wp","href":"https:\/\/api.w.org\/{rel}","templated":true}]}}