{"id":9001,"date":"2022-06-12T07:00:00","date_gmt":"2022-06-12T05:00:00","guid":{"rendered":"https:\/\/blogg.svenskakyrkan.se\/vandravagen\/?p=9001"},"modified":"2022-06-11T23:56:30","modified_gmt":"2022-06-11T21:56:30","slug":"9-blandade-tankar-pa-sondagen-135","status":"publish","type":"post","link":"https:\/\/blogg.svenskakyrkan.se\/vandravagen\/2022\/06\/12\/9-blandade-tankar-pa-sondagen-135\/","title":{"rendered":"9 blandade tankar p\u00e5 s\u00f6ndagen"},"content":{"rendered":"\n\n\n<figure class=\"wp-block-image size-large\"><img loading=\"lazy\" decoding=\"async\" width=\"1024\" height=\"528\" src=\"https:\/\/blogg.svenskakyrkan.se\/vandravagen\/files\/2022\/06\/IMG_0646-1024x528.jpg\" alt=\"\" class=\"wp-image-9002\" srcset=\"https:\/\/blogg.svenskakyrkan.se\/vandravagen\/files\/2022\/06\/IMG_0646-1024x528.jpg 1024w, https:\/\/blogg.svenskakyrkan.se\/vandravagen\/files\/2022\/06\/IMG_0646-300x155.jpg 300w, https:\/\/blogg.svenskakyrkan.se\/vandravagen\/files\/2022\/06\/IMG_0646-768x396.jpg 768w, https:\/\/blogg.svenskakyrkan.se\/vandravagen\/files\/2022\/06\/IMG_0646-1536x792.jpg 1536w, https:\/\/blogg.svenskakyrkan.se\/vandravagen\/files\/2022\/06\/IMG_0646-2048x1055.jpg 2048w, https:\/\/blogg.svenskakyrkan.se\/vandravagen\/files\/2022\/06\/IMG_0646-1200x618.jpg 1200w\" sizes=\"auto, (max-width: 1024px) 100vw, 1024px\" \/><figcaption>Fr\u00e5n kyrkan p\u00e5 Helsj\u00f6n. V\u00e4ldigt fint st\u00e4lle. <\/figcaption><\/figure>\n\n\n\n<ol class=\"wp-block-list\"><li>Glad s\u00f6ndag k\u00e4ra l\u00e4sare!<\/li><li>Idag \u00e4r det heliga trefaldighets dag. Trefaldighet \u00e4r egentligen ett s\u00e4mre s\u00e4tt att s\u00e4ga kyrkans tro att Gud \u00e4r treenig. Allts\u00e5 en Gud som rymmer tre personer, Fadern Sonen och Anden. En paradox och ett mysterium som f\u00e5r p\u00e5minna oss att vi aldrig fullt upp kan f\u00e5 grepp om Gud.<\/li><li>Jag \u00e4r p\u00e5 konfirmandl\u00e4ger som start p\u00e5 sommarkonfirnandernas veckor fram till konfirmationerna i b\u00f6rjan av juli. Vi \u00e4r p\u00e5 Helsj\u00f6ns folkh\u00f6gskola d\u00e4r jag aldrig varit f\u00f6rut. Fint st\u00e4lle. <\/li><li>Ocks\u00e5 roligt att bo p\u00e5 elevrum p\u00e5 folkh\u00f6gskola. Jag gick sj\u00e4lv p\u00e5 folkh\u00f6gskola i tv\u00e5 \u00e5r efter gymnasiet och det \u00e4r verkligen fina minnen d\u00e4rifr\u00e5n. <\/li><li>Idag har vi f\u00f6rst\u00e5s morgonb\u00f6n och middagsb\u00f6n och aftonb\u00f6n som sig b\u00f6r p\u00e5 konfirmandl\u00e4ger men eftersom l\u00e4gret denna g\u00e5ng (pga sommarlov) str\u00e4cker sig l\u00f6rdag-m\u00e5ndag s\u00e5 har vi faktiskt den avslutande f\u00f6rmiddagsgudstj\u00e4nsten imorgon innan vi \u00e5ker hem. F\u00f6rsta g\u00e5ngen jag firar s\u00f6ndagens gudstj\u00e4nst p\u00e5 m\u00e5ndagen.<\/li><li>Vi ska ocks\u00e5 ha dop innan vi \u00e5ker hem och det k\u00e4nns ocks\u00e5 v\u00e4ldigt fint.<\/li><li>\u00d6verlag k\u00e4nns det som att det \u00e4r m\u00e5nga som &#8221;tar ikapp&#8221; med dop nu som inte tidigare blivit av. Ofta p\u00e5 grund av coronapandemin. Om du som l\u00e4ser detta inte blivit d\u00f6pt och undrar om det g\u00e5r bra att bli det som 2-\u00e5ring eller 22-\u00e5ring eller 82-\u00e5ring s\u00e5 \u00e4r svaret f\u00f6rst\u00e5s att man alltid \u00e4r v\u00e4lkommen att bli d\u00f6pt. Skriv till mig om du undrar hur du ska ta steg mot det!<\/li><li>Det \u00e4r sommarlov f\u00f6r m\u00e5nga nu. Jag var p\u00e5 fina skolavslutningar i kyrkorna i G\u00e4llstad och Marb\u00e4ck och det \u00e4r som alltid k\u00e4nslosamma tillf\u00e4llen men fina barn som sjunger och annat. Lokalt i kommunen har det varit ovanligt mycket debatt om skolavslutningarna sedan m\u00e5nga skolor valt att ha avslutningarna p\u00e5 skolg\u00e5rden eller p\u00e5 annat s\u00e4tt. Sj\u00e4lv tycker jag att det \u00e4r sk\u00f6nt att skolavslutningarna bara \u00e4r en del av det goda samarbetet med v\u00e5ra skolor.<\/li><li>Hur har du det nu? Skriv g\u00e4rna en rad och ber\u00e4tta!<\/li><\/ol>\n","protected":false},"excerpt":{"rendered":"<p>Glad s\u00f6ndag k\u00e4ra l\u00e4sare! Idag \u00e4r det heliga trefaldighets dag. Trefaldighet \u00e4r egentligen ett s\u00e4mre s\u00e4tt att s\u00e4ga kyrkans tro att Gud \u00e4r treenig. Allts\u00e5 en Gud som rymmer tre personer, Fadern Sonen och Anden. En paradox och ett mysterium som f\u00e5r p\u00e5minna oss att vi aldrig fullt upp kan f\u00e5 grepp om Gud. Jag [&hellip;]<\/p>\n","protected":false},"author":392,"featured_media":9002,"comment_status":"open","ping_status":"open","sticky":false,"template":"","format":"standard","meta":{"_acf_changed":false,"footnotes":""},"categories":[9],"tags":[83919,83920,83921],"class_list":["post-9001","post","type-post","status-publish","format-standard","has-post-thumbnail","hentry","category-okategoriserade","tag-helsjon","tag-konfirmander","tag-lager"],"acf":[],"yoast_head":"<!-- This site is optimized with the Yoast SEO plugin v27.1.1 - https:\/\/yoast.com\/product\/yoast-seo-wordpress\/ -->\n<title>9 blandade tankar p\u00e5 s\u00f6ndagen - Vandra V\u00e4gen<\/title>\n<meta name=\"robots\" content=\"index, follow, max-snippet:-1, max-image-preview:large, max-video-preview:-1\" \/>\n<link rel=\"canonical\" href=\"https:\/\/blogg.svenskakyrkan.se\/vandravagen\/2022\/06\/12\/9-blandade-tankar-pa-sondagen-135\/\" \/>\n<meta property=\"og:locale\" content=\"sv_SE\" \/>\n<meta property=\"og:type\" content=\"article\" \/>\n<meta property=\"og:title\" content=\"9 blandade tankar p\u00e5 s\u00f6ndagen - Vandra V\u00e4gen\" \/>\n<meta property=\"og:description\" content=\"Glad s\u00f6ndag k\u00e4ra l\u00e4sare! Idag \u00e4r det heliga trefaldighets dag. Trefaldighet \u00e4r egentligen ett s\u00e4mre s\u00e4tt att s\u00e4ga kyrkans tro att Gud \u00e4r treenig. Allts\u00e5 en Gud som rymmer tre personer, Fadern Sonen och Anden. En paradox och ett mysterium som f\u00e5r p\u00e5minna oss att vi aldrig fullt upp kan f\u00e5 grepp om Gud. Jag [&hellip;]\" \/>\n<meta property=\"og:url\" content=\"https:\/\/blogg.svenskakyrkan.se\/vandravagen\/2022\/06\/12\/9-blandade-tankar-pa-sondagen-135\/\" \/>\n<meta property=\"og:site_name\" content=\"Vandra V\u00e4gen\" \/>\n<meta property=\"article:publisher\" content=\"http:\/\/facebook.com\/vandravagen\" \/>\n<meta property=\"article:published_time\" content=\"2022-06-12T05:00:00+00:00\" \/>\n<meta property=\"og:image\" content=\"https:\/\/blogg.svenskakyrkan.se\/vandravagen\/files\/2022\/06\/IMG_0646.jpg\" \/>\n\t<meta property=\"og:image:width\" content=\"2282\" \/>\n\t<meta property=\"og:image:height\" content=\"1176\" \/>\n\t<meta property=\"og:image:type\" content=\"image\/jpeg\" \/>\n<meta name=\"author\" content=\"Tomas Jarvid\" \/>\n<meta name=\"twitter:card\" content=\"summary_large_image\" \/>\n<meta name=\"twitter:creator\" content=\"@fadertomas\" \/>\n<meta name=\"twitter:site\" content=\"@fadertomas\" \/>\n<meta name=\"twitter:label1\" content=\"Skriven av\" \/>\n\t<meta name=\"twitter:data1\" content=\"Tomas Jarvid\" \/>\n\t<meta name=\"twitter:label2\" content=\"Ber\u00e4knad l\u00e4stid\" \/>\n\t<meta name=\"twitter:data2\" content=\"2 minuter\" \/>\n<script type=\"application\/ld+json\" class=\"yoast-schema-graph\">{\"@context\":\"https:\/\/schema.org\",\"@graph\":[{\"@type\":\"Article\",\"@id\":\"https:\/\/blogg.svenskakyrkan.se\/vandravagen\/2022\/06\/12\/9-blandade-tankar-pa-sondagen-135\/#article\",\"isPartOf\":{\"@id\":\"https:\/\/blogg.svenskakyrkan.se\/vandravagen\/2022\/06\/12\/9-blandade-tankar-pa-sondagen-135\/\"},\"author\":{\"name\":\"Tomas Jarvid\",\"@id\":\"https:\/\/blogg.svenskakyrkan.se\/vandravagen\/#\/schema\/person\/25da02d4f76b137d04291711e2c9fc16\"},\"headline\":\"9 blandade tankar p\u00e5 s\u00f6ndagen\",\"datePublished\":\"2022-06-12T05:00:00+00:00\",\"mainEntityOfPage\":{\"@id\":\"https:\/\/blogg.svenskakyrkan.se\/vandravagen\/2022\/06\/12\/9-blandade-tankar-pa-sondagen-135\/\"},\"wordCount\":407,\"commentCount\":4,\"publisher\":{\"@id\":\"https:\/\/blogg.svenskakyrkan.se\/vandravagen\/#organization\"},\"image\":{\"@id\":\"https:\/\/blogg.svenskakyrkan.se\/vandravagen\/2022\/06\/12\/9-blandade-tankar-pa-sondagen-135\/#primaryimage\"},\"thumbnailUrl\":\"https:\/\/blogg.svenskakyrkan.se\/vandravagen\/files\/2022\/06\/IMG_0646.jpg\",\"keywords\":[\"helsj\u00f6n\",\"konfirmander\",\"l\u00e4ger\"],\"inLanguage\":\"sv-SE\",\"potentialAction\":[{\"@type\":\"CommentAction\",\"name\":\"Comment\",\"target\":[\"https:\/\/blogg.svenskakyrkan.se\/vandravagen\/2022\/06\/12\/9-blandade-tankar-pa-sondagen-135\/#respond\"]}]},{\"@type\":\"WebPage\",\"@id\":\"https:\/\/blogg.svenskakyrkan.se\/vandravagen\/2022\/06\/12\/9-blandade-tankar-pa-sondagen-135\/\",\"url\":\"https:\/\/blogg.svenskakyrkan.se\/vandravagen\/2022\/06\/12\/9-blandade-tankar-pa-sondagen-135\/\",\"name\":\"9 blandade tankar p\u00e5 s\u00f6ndagen - Vandra V\u00e4gen\",\"isPartOf\":{\"@id\":\"https:\/\/blogg.svenskakyrkan.se\/vandravagen\/#website\"},\"primaryImageOfPage\":{\"@id\":\"https:\/\/blogg.svenskakyrkan.se\/vandravagen\/2022\/06\/12\/9-blandade-tankar-pa-sondagen-135\/#primaryimage\"},\"image\":{\"@id\":\"https:\/\/blogg.svenskakyrkan.se\/vandravagen\/2022\/06\/12\/9-blandade-tankar-pa-sondagen-135\/#primaryimage\"},\"thumbnailUrl\":\"https:\/\/blogg.svenskakyrkan.se\/vandravagen\/files\/2022\/06\/IMG_0646.jpg\",\"datePublished\":\"2022-06-12T05:00:00+00:00\",\"breadcrumb\":{\"@id\":\"https:\/\/blogg.svenskakyrkan.se\/vandravagen\/2022\/06\/12\/9-blandade-tankar-pa-sondagen-135\/#breadcrumb\"},\"inLanguage\":\"sv-SE\",\"potentialAction\":[{\"@type\":\"ReadAction\",\"target\":[\"https:\/\/blogg.svenskakyrkan.se\/vandravagen\/2022\/06\/12\/9-blandade-tankar-pa-sondagen-135\/\"]}]},{\"@type\":\"ImageObject\",\"inLanguage\":\"sv-SE\",\"@id\":\"https:\/\/blogg.svenskakyrkan.se\/vandravagen\/2022\/06\/12\/9-blandade-tankar-pa-sondagen-135\/#primaryimage\",\"url\":\"https:\/\/blogg.svenskakyrkan.se\/vandravagen\/files\/2022\/06\/IMG_0646.jpg\",\"contentUrl\":\"https:\/\/blogg.svenskakyrkan.se\/vandravagen\/files\/2022\/06\/IMG_0646.jpg\",\"width\":2282,\"height\":1176},{\"@type\":\"BreadcrumbList\",\"@id\":\"https:\/\/blogg.svenskakyrkan.se\/vandravagen\/2022\/06\/12\/9-blandade-tankar-pa-sondagen-135\/#breadcrumb\",\"itemListElement\":[{\"@type\":\"ListItem\",\"position\":1,\"name\":\"Hem\",\"item\":\"https:\/\/blogg.svenskakyrkan.se\/vandravagen\/\"},{\"@type\":\"ListItem\",\"position\":2,\"name\":\"helsj\u00f6n\",\"item\":\"https:\/\/blogg.svenskakyrkan.se\/vandravagen\/tag\/helsjon\/\"},{\"@type\":\"ListItem\",\"position\":3,\"name\":\"9 blandade tankar p\u00e5 s\u00f6ndagen\"}]},{\"@type\":\"WebSite\",\"@id\":\"https:\/\/blogg.svenskakyrkan.se\/vandravagen\/#website\",\"url\":\"https:\/\/blogg.svenskakyrkan.se\/vandravagen\/\",\"name\":\"Vandra V\u00e4gen\",\"description\":\"-Mot en tro f\u00f6r hela livet\",\"publisher\":{\"@id\":\"https:\/\/blogg.svenskakyrkan.se\/vandravagen\/#organization\"},\"potentialAction\":[{\"@type\":\"SearchAction\",\"target\":{\"@type\":\"EntryPoint\",\"urlTemplate\":\"https:\/\/blogg.svenskakyrkan.se\/vandravagen\/?s={search_term_string}\"},\"query-input\":{\"@type\":\"PropertyValueSpecification\",\"valueRequired\":true,\"valueName\":\"search_term_string\"}}],\"inLanguage\":\"sv-SE\"},{\"@type\":\"Organization\",\"@id\":\"https:\/\/blogg.svenskakyrkan.se\/vandravagen\/#organization\",\"name\":\"ulricehamns pastorat\",\"alternateName\":\"ulricehamns pastorat\",\"url\":\"https:\/\/blogg.svenskakyrkan.se\/vandravagen\/\",\"logo\":{\"@type\":\"ImageObject\",\"inLanguage\":\"sv-SE\",\"@id\":\"https:\/\/blogg.svenskakyrkan.se\/vandravagen\/#\/schema\/logo\/image\/\",\"url\":\"https:\/\/blogg.svenskakyrkan.se\/vandravagen\/files\/2023\/05\/Ulr_logo_RGB.png\",\"contentUrl\":\"https:\/\/blogg.svenskakyrkan.se\/vandravagen\/files\/2023\/05\/Ulr_logo_RGB.png\",\"width\":205,\"height\":77,\"caption\":\"ulricehamns pastorat\"},\"image\":{\"@id\":\"https:\/\/blogg.svenskakyrkan.se\/vandravagen\/#\/schema\/logo\/image\/\"},\"sameAs\":[\"http:\/\/facebook.com\/vandravagen\",\"https:\/\/x.com\/fadertomas\",\"http:\/\/www.facebook.com\/svenskakyrkaniulricehamn\"]},{\"@type\":\"Person\",\"@id\":\"https:\/\/blogg.svenskakyrkan.se\/vandravagen\/#\/schema\/person\/25da02d4f76b137d04291711e2c9fc16\",\"name\":\"Tomas Jarvid\",\"image\":{\"@type\":\"ImageObject\",\"inLanguage\":\"sv-SE\",\"@id\":\"https:\/\/blogg.svenskakyrkan.se\/vandravagen\/#\/schema\/person\/image\/\",\"url\":\"https:\/\/secure.gravatar.com\/avatar\/7fa71899795e8f540f615a1f5ab25255dc27aa40f05ee7ddd21aac521e01bf50?s=96&d=identicon&r=g\",\"contentUrl\":\"https:\/\/secure.gravatar.com\/avatar\/7fa71899795e8f540f615a1f5ab25255dc27aa40f05ee7ddd21aac521e01bf50?s=96&d=identicon&r=g\",\"caption\":\"Tomas Jarvid\"},\"description\":\"Jag bor i Ulricehamn i V\u00e4sterg\u00f6tland och \u00e4r f\u00f6rsamlingspr\u00e4st i Svenska Kyrkan f\u00f6r Dalstorps f\u00f6rsamling i Kinds pastorat. P\u00e5 den h\u00e4r bloggen skriver jag ner tankar om vandringen som kristen.\",\"sameAs\":[\"http:\/\/www.vandravagen.se\"],\"url\":\"https:\/\/blogg.svenskakyrkan.se\/vandravagen\/author\/vandravagen\/\"}]}<\/script>\n<!-- \/ Yoast SEO plugin. -->","yoast_head_json":{"title":"9 blandade tankar p\u00e5 s\u00f6ndagen - Vandra V\u00e4gen","robots":{"index":"index","follow":"follow","max-snippet":"max-snippet:-1","max-image-preview":"max-image-preview:large","max-video-preview":"max-video-preview:-1"},"canonical":"https:\/\/blogg.svenskakyrkan.se\/vandravagen\/2022\/06\/12\/9-blandade-tankar-pa-sondagen-135\/","og_locale":"sv_SE","og_type":"article","og_title":"9 blandade tankar p\u00e5 s\u00f6ndagen - Vandra V\u00e4gen","og_description":"Glad s\u00f6ndag k\u00e4ra l\u00e4sare! Idag \u00e4r det heliga trefaldighets dag. Trefaldighet \u00e4r egentligen ett s\u00e4mre s\u00e4tt att s\u00e4ga kyrkans tro att Gud \u00e4r treenig. Allts\u00e5 en Gud som rymmer tre personer, Fadern Sonen och Anden. En paradox och ett mysterium som f\u00e5r p\u00e5minna oss att vi aldrig fullt upp kan f\u00e5 grepp om Gud. Jag [&hellip;]","og_url":"https:\/\/blogg.svenskakyrkan.se\/vandravagen\/2022\/06\/12\/9-blandade-tankar-pa-sondagen-135\/","og_site_name":"Vandra V\u00e4gen","article_publisher":"http:\/\/facebook.com\/vandravagen","article_published_time":"2022-06-12T05:00:00+00:00","og_image":[{"width":2282,"height":1176,"url":"https:\/\/blogg.svenskakyrkan.se\/vandravagen\/files\/2022\/06\/IMG_0646.jpg","type":"image\/jpeg"}],"author":"Tomas Jarvid","twitter_card":"summary_large_image","twitter_creator":"@fadertomas","twitter_site":"@fadertomas","twitter_misc":{"Skriven av":"Tomas Jarvid","Ber\u00e4knad l\u00e4stid":"2 minuter"},"schema":{"@context":"https:\/\/schema.org","@graph":[{"@type":"Article","@id":"https:\/\/blogg.svenskakyrkan.se\/vandravagen\/2022\/06\/12\/9-blandade-tankar-pa-sondagen-135\/#article","isPartOf":{"@id":"https:\/\/blogg.svenskakyrkan.se\/vandravagen\/2022\/06\/12\/9-blandade-tankar-pa-sondagen-135\/"},"author":{"name":"Tomas Jarvid","@id":"https:\/\/blogg.svenskakyrkan.se\/vandravagen\/#\/schema\/person\/25da02d4f76b137d04291711e2c9fc16"},"headline":"9 blandade tankar p\u00e5 s\u00f6ndagen","datePublished":"2022-06-12T05:00:00+00:00","mainEntityOfPage":{"@id":"https:\/\/blogg.svenskakyrkan.se\/vandravagen\/2022\/06\/12\/9-blandade-tankar-pa-sondagen-135\/"},"wordCount":407,"commentCount":4,"publisher":{"@id":"https:\/\/blogg.svenskakyrkan.se\/vandravagen\/#organization"},"image":{"@id":"https:\/\/blogg.svenskakyrkan.se\/vandravagen\/2022\/06\/12\/9-blandade-tankar-pa-sondagen-135\/#primaryimage"},"thumbnailUrl":"https:\/\/blogg.svenskakyrkan.se\/vandravagen\/files\/2022\/06\/IMG_0646.jpg","keywords":["helsj\u00f6n","konfirmander","l\u00e4ger"],"inLanguage":"sv-SE","potentialAction":[{"@type":"CommentAction","name":"Comment","target":["https:\/\/blogg.svenskakyrkan.se\/vandravagen\/2022\/06\/12\/9-blandade-tankar-pa-sondagen-135\/#respond"]}]},{"@type":"WebPage","@id":"https:\/\/blogg.svenskakyrkan.se\/vandravagen\/2022\/06\/12\/9-blandade-tankar-pa-sondagen-135\/","url":"https:\/\/blogg.svenskakyrkan.se\/vandravagen\/2022\/06\/12\/9-blandade-tankar-pa-sondagen-135\/","name":"9 blandade tankar p\u00e5 s\u00f6ndagen - Vandra V\u00e4gen","isPartOf":{"@id":"https:\/\/blogg.svenskakyrkan.se\/vandravagen\/#website"},"primaryImageOfPage":{"@id":"https:\/\/blogg.svenskakyrkan.se\/vandravagen\/2022\/06\/12\/9-blandade-tankar-pa-sondagen-135\/#primaryimage"},"image":{"@id":"https:\/\/blogg.svenskakyrkan.se\/vandravagen\/2022\/06\/12\/9-blandade-tankar-pa-sondagen-135\/#primaryimage"},"thumbnailUrl":"https:\/\/blogg.svenskakyrkan.se\/vandravagen\/files\/2022\/06\/IMG_0646.jpg","datePublished":"2022-06-12T05:00:00+00:00","breadcrumb":{"@id":"https:\/\/blogg.svenskakyrkan.se\/vandravagen\/2022\/06\/12\/9-blandade-tankar-pa-sondagen-135\/#breadcrumb"},"inLanguage":"sv-SE","potentialAction":[{"@type":"ReadAction","target":["https:\/\/blogg.svenskakyrkan.se\/vandravagen\/2022\/06\/12\/9-blandade-tankar-pa-sondagen-135\/"]}]},{"@type":"ImageObject","inLanguage":"sv-SE","@id":"https:\/\/blogg.svenskakyrkan.se\/vandravagen\/2022\/06\/12\/9-blandade-tankar-pa-sondagen-135\/#primaryimage","url":"https:\/\/blogg.svenskakyrkan.se\/vandravagen\/files\/2022\/06\/IMG_0646.jpg","contentUrl":"https:\/\/blogg.svenskakyrkan.se\/vandravagen\/files\/2022\/06\/IMG_0646.jpg","width":2282,"height":1176},{"@type":"BreadcrumbList","@id":"https:\/\/blogg.svenskakyrkan.se\/vandravagen\/2022\/06\/12\/9-blandade-tankar-pa-sondagen-135\/#breadcrumb","itemListElement":[{"@type":"ListItem","position":1,"name":"Hem","item":"https:\/\/blogg.svenskakyrkan.se\/vandravagen\/"},{"@type":"ListItem","position":2,"name":"helsj\u00f6n","item":"https:\/\/blogg.svenskakyrkan.se\/vandravagen\/tag\/helsjon\/"},{"@type":"ListItem","position":3,"name":"9 blandade tankar p\u00e5 s\u00f6ndagen"}]},{"@type":"WebSite","@id":"https:\/\/blogg.svenskakyrkan.se\/vandravagen\/#website","url":"https:\/\/blogg.svenskakyrkan.se\/vandravagen\/","name":"Vandra V\u00e4gen","description":"-Mot en tro f\u00f6r hela livet","publisher":{"@id":"https:\/\/blogg.svenskakyrkan.se\/vandravagen\/#organization"},"potentialAction":[{"@type":"SearchAction","target":{"@type":"EntryPoint","urlTemplate":"https:\/\/blogg.svenskakyrkan.se\/vandravagen\/?s={search_term_string}"},"query-input":{"@type":"PropertyValueSpecification","valueRequired":true,"valueName":"search_term_string"}}],"inLanguage":"sv-SE"},{"@type":"Organization","@id":"https:\/\/blogg.svenskakyrkan.se\/vandravagen\/#organization","name":"ulricehamns pastorat","alternateName":"ulricehamns pastorat","url":"https:\/\/blogg.svenskakyrkan.se\/vandravagen\/","logo":{"@type":"ImageObject","inLanguage":"sv-SE","@id":"https:\/\/blogg.svenskakyrkan.se\/vandravagen\/#\/schema\/logo\/image\/","url":"https:\/\/blogg.svenskakyrkan.se\/vandravagen\/files\/2023\/05\/Ulr_logo_RGB.png","contentUrl":"https:\/\/blogg.svenskakyrkan.se\/vandravagen\/files\/2023\/05\/Ulr_logo_RGB.png","width":205,"height":77,"caption":"ulricehamns pastorat"},"image":{"@id":"https:\/\/blogg.svenskakyrkan.se\/vandravagen\/#\/schema\/logo\/image\/"},"sameAs":["http:\/\/facebook.com\/vandravagen","https:\/\/x.com\/fadertomas","http:\/\/www.facebook.com\/svenskakyrkaniulricehamn"]},{"@type":"Person","@id":"https:\/\/blogg.svenskakyrkan.se\/vandravagen\/#\/schema\/person\/25da02d4f76b137d04291711e2c9fc16","name":"Tomas Jarvid","image":{"@type":"ImageObject","inLanguage":"sv-SE","@id":"https:\/\/blogg.svenskakyrkan.se\/vandravagen\/#\/schema\/person\/image\/","url":"https:\/\/secure.gravatar.com\/avatar\/7fa71899795e8f540f615a1f5ab25255dc27aa40f05ee7ddd21aac521e01bf50?s=96&d=identicon&r=g","contentUrl":"https:\/\/secure.gravatar.com\/avatar\/7fa71899795e8f540f615a1f5ab25255dc27aa40f05ee7ddd21aac521e01bf50?s=96&d=identicon&r=g","caption":"Tomas Jarvid"},"description":"Jag bor i Ulricehamn i V\u00e4sterg\u00f6tland och \u00e4r f\u00f6rsamlingspr\u00e4st i Svenska Kyrkan f\u00f6r Dalstorps f\u00f6rsamling i Kinds pastorat. P\u00e5 den h\u00e4r bloggen skriver jag ner tankar om vandringen som kristen.","sameAs":["http:\/\/www.vandravagen.se"],"url":"https:\/\/blogg.svenskakyrkan.se\/vandravagen\/author\/vandravagen\/"}]}},"author_meta":{"ID":"392","user_nicename":"vandravagen","user_url":"http:\/\/www.vandravagen.se","user_registered":"2014-05-19 05:44:52","display_name":"Tomas Jarvid","first_name":"Tomas","last_name":"Jarvid","avatar":"https:\/\/secure.gravatar.com\/avatar\/7fa71899795e8f540f615a1f5ab25255dc27aa40f05ee7ddd21aac521e01bf50?s=96&d=identicon&r=g"},"featured_image":["https:\/\/blogg.svenskakyrkan.se\/vandravagen\/files\/2022\/06\/IMG_0646-1024x528.jpg",1024,528,true],"bloginfo":{"name":"Vandra V\u00e4gen","url":"https:\/\/blogg.svenskakyrkan.se\/vandravagen"},"_links":{"self":[{"href":"https:\/\/blogg.svenskakyrkan.se\/vandravagen\/wp-json\/wp\/v2\/posts\/9001","targetHints":{"allow":["GET"]}}],"collection":[{"href":"https:\/\/blogg.svenskakyrkan.se\/vandravagen\/wp-json\/wp\/v2\/posts"}],"about":[{"href":"https:\/\/blogg.svenskakyrkan.se\/vandravagen\/wp-json\/wp\/v2\/types\/post"}],"author":[{"embeddable":true,"href":"https:\/\/blogg.svenskakyrkan.se\/vandravagen\/wp-json\/wp\/v2\/users\/392"}],"replies":[{"embeddable":true,"href":"https:\/\/blogg.svenskakyrkan.se\/vandravagen\/wp-json\/wp\/v2\/comments?post=9001"}],"version-history":[{"count":1,"href":"https:\/\/blogg.svenskakyrkan.se\/vandravagen\/wp-json\/wp\/v2\/posts\/9001\/revisions"}],"predecessor-version":[{"id":9003,"href":"https:\/\/blogg.svenskakyrkan.se\/vandravagen\/wp-json\/wp\/v2\/posts\/9001\/revisions\/9003"}],"wp:featuredmedia":[{"embeddable":true,"href":"https:\/\/blogg.svenskakyrkan.se\/vandravagen\/wp-json\/wp\/v2\/media\/9002"}],"wp:attachment":[{"href":"https:\/\/blogg.svenskakyrkan.se\/vandravagen\/wp-json\/wp\/v2\/media?parent=9001"}],"wp:term":[{"taxonomy":"category","embeddable":true,"href":"https:\/\/blogg.svenskakyrkan.se\/vandravagen\/wp-json\/wp\/v2\/categories?post=9001"},{"taxonomy":"post_tag","embeddable":true,"href":"https:\/\/blogg.svenskakyrkan.se\/vandravagen\/wp-json\/wp\/v2\/tags?post=9001"}],"curies":[{"name":"wp","href":"https:\/\/api.w.org\/{rel}","templated":true}]}}