{"id":9012,"date":"2022-06-26T07:00:00","date_gmt":"2022-06-26T05:00:00","guid":{"rendered":"https:\/\/blogg.svenskakyrkan.se\/vandravagen\/?p=9012"},"modified":"2022-06-25T23:32:42","modified_gmt":"2022-06-25T21:32:42","slug":"10-blandade-tankar-pa-sondagen-71","status":"publish","type":"post","link":"https:\/\/blogg.svenskakyrkan.se\/vandravagen\/2022\/06\/26\/10-blandade-tankar-pa-sondagen-71\/","title":{"rendered":"10 blandade tankar p\u00e5 s\u00f6ndagen"},"content":{"rendered":"\n\n\n<figure class=\"wp-block-image size-large\"><img loading=\"lazy\" decoding=\"async\" width=\"1024\" height=\"740\" src=\"https:\/\/blogg.svenskakyrkan.se\/vandravagen\/files\/2022\/06\/John_the_Baptist-Caravaggio_Galleria_Nazionale_dArte_Antica-1024x740.jpg\" alt=\"\" class=\"wp-image-9013\" srcset=\"https:\/\/blogg.svenskakyrkan.se\/vandravagen\/files\/2022\/06\/John_the_Baptist-Caravaggio_Galleria_Nazionale_dArte_Antica-1024x740.jpg 1024w, https:\/\/blogg.svenskakyrkan.se\/vandravagen\/files\/2022\/06\/John_the_Baptist-Caravaggio_Galleria_Nazionale_dArte_Antica-300x217.jpg 300w, https:\/\/blogg.svenskakyrkan.se\/vandravagen\/files\/2022\/06\/John_the_Baptist-Caravaggio_Galleria_Nazionale_dArte_Antica-768x555.jpg 768w, https:\/\/blogg.svenskakyrkan.se\/vandravagen\/files\/2022\/06\/John_the_Baptist-Caravaggio_Galleria_Nazionale_dArte_Antica.jpg 1200w\" sizes=\"auto, (max-width: 1024px) 100vw, 1024px\" \/><figcaption>Johannes d\u00f6paren enligt Caravaggio. Som vanligt fantastiskt m\u00e5lat men jag tycker inte han ser tillr\u00e4ckligt vild ut?!<\/figcaption><\/figure>\n\n\n\n<ol class=\"wp-block-list\"><li>Glad s\u00f6ndag k\u00e4ra l\u00e4sare!<\/li><li>Idag \u00e4r det s\u00f6ndagen efter midsommar och Johannes d\u00f6parens dag. Jag ska inte predika idag eftersom jag gjorde det ig\u00e5r men jag ska faktiskt blogga snart om n\u00e5got nytt jag l\u00e4rt mig om Johannes d\u00f6paren.<\/li><li>Man firar Johannes nu f\u00f6r att han ska ha f\u00f6tts lite f\u00f6re Jesus. Jag \u00e4r lite oklar \u00f6ver om man kan ha n\u00e5got sk\u00e4l att peka ut exakt 6 m\u00e5nader som tiden mellan deras f\u00f6dslar. N\u00e5n som vet?<\/li><li>Ig\u00e5r ledde jag f\u00f6r f\u00f6rsta g\u00e5ngen en gudstj\u00e4nst i Tv\u00e4rreds kyrkoruin d\u00e4r jag aldrig varit f\u00f6rut. Det var fint d\u00e4r och roligt att l\u00e4ra k\u00e4nna bygden och folket d\u00e4r lite mer. Vi fortsatte \u00e4ven Tv\u00e4rredsdagen med att h\u00e4nga p\u00e5 G\u00e4rdsbo kvarn och v\u00e4nta p\u00e5 att v\u00e5ffelserveringen skulle \u00f6ppna.<\/li><li>Dagens andra gudstj\u00e4nst blev inte helt som jag t\u00e4nkt eftersom jag tog fel p\u00e5 tiden. Pl\u00f6tsligt ringde de fr\u00e5n Gr\u00f6nah\u00f6g och undrade var jag var. Som tur \u00e4r \u00e4r de v\u00e4ldigt r\u00e5diga d\u00e4r s\u00e5 medan jag k\u00f6rde dit inledde de gudstj\u00e4nsten p\u00e5 egen hand. Jag kom fram lagom till att predika. Predikan kommer f\u00f6r \u00f6vrigt p\u00e5 bloggen imorgon. Skapelsen \u00e4r temat.<\/li><li>Det har varit riktigt varma dagar h\u00e4r (som \u00f6verallt?). Blir nog dagliga bad med barnen ett tag fram\u00f6ver.<\/li><li>N\u00e4sta vecka \u00e4r sjudagarsvecka med final i konfirmationsgudstj\u00e4nster p\u00e5 l\u00f6rdagen och gudstj\u00e4nst och dop p\u00e5 s\u00f6ndagen. Sedan nalkas semestern. Det \u00e4r alltid vemodigt att avsluta en konfirmandtid. Det \u00e4r ju just d\u00e5 man tycker man b\u00f6rjar k\u00e4nna ungdomarna. Sista dagarna f\u00e5r vi \u00e4gna \u00e5t att f\u00f6rbereda sj\u00e4lva konfirmationsgudstj\u00e4nsterna.<\/li><li>Det verkar som att vi kan lyckas odla fram en hel del gr\u00f6nt \u00e4ven i \u00e5r. Tonvikt p\u00e5 k\u00e5l. Mitt barnjag fnyser lite \u00e5t mig att vi b\u00f6rjat att \u00e4ven odla (lite) potatis vilket k\u00e4nns roligt.<\/li><li>F\u00f6rra \u00e5ret var m\u00e5let 10 t\u00e4ltn\u00e4tter med familjen och vi var nog \u00e5tminstone n\u00e4ra att n\u00e5 det. F\u00f6rslag p\u00e5 en rolig vandring med fyra barn i skiftande storlek? <\/li><li>Hur har du det idag? Skriv g\u00e4rna en rad och ber\u00e4tta!<\/li><\/ol>\n","protected":false},"excerpt":{"rendered":"<p>Glad s\u00f6ndag k\u00e4ra l\u00e4sare! Idag \u00e4r det s\u00f6ndagen efter midsommar och Johannes d\u00f6parens dag. Jag ska inte predika idag eftersom jag gjorde det ig\u00e5r men jag ska faktiskt blogga snart om n\u00e5got nytt jag l\u00e4rt mig om Johannes d\u00f6paren. Man firar Johannes nu f\u00f6r att han ska ha f\u00f6tts lite f\u00f6re Jesus. Jag \u00e4r lite [&hellip;]<\/p>\n","protected":false},"author":392,"featured_media":9013,"comment_status":"open","ping_status":"open","sticky":false,"template":"","format":"standard","meta":{"_acf_changed":false,"footnotes":""},"categories":[9],"tags":[],"class_list":["post-9012","post","type-post","status-publish","format-standard","has-post-thumbnail","hentry","category-okategoriserade"],"acf":[],"yoast_head":"<!-- This site is optimized with the Yoast SEO plugin v27.1.1 - https:\/\/yoast.com\/product\/yoast-seo-wordpress\/ -->\n<title>10 blandade tankar p\u00e5 s\u00f6ndagen - Vandra V\u00e4gen<\/title>\n<meta name=\"robots\" content=\"index, follow, max-snippet:-1, max-image-preview:large, max-video-preview:-1\" \/>\n<link rel=\"canonical\" href=\"https:\/\/blogg.svenskakyrkan.se\/vandravagen\/2022\/06\/26\/10-blandade-tankar-pa-sondagen-71\/\" \/>\n<meta property=\"og:locale\" content=\"sv_SE\" \/>\n<meta property=\"og:type\" content=\"article\" \/>\n<meta property=\"og:title\" content=\"10 blandade tankar p\u00e5 s\u00f6ndagen - Vandra V\u00e4gen\" \/>\n<meta property=\"og:description\" content=\"Glad s\u00f6ndag k\u00e4ra l\u00e4sare! Idag \u00e4r det s\u00f6ndagen efter midsommar och Johannes d\u00f6parens dag. Jag ska inte predika idag eftersom jag gjorde det ig\u00e5r men jag ska faktiskt blogga snart om n\u00e5got nytt jag l\u00e4rt mig om Johannes d\u00f6paren. Man firar Johannes nu f\u00f6r att han ska ha f\u00f6tts lite f\u00f6re Jesus. Jag \u00e4r lite [&hellip;]\" \/>\n<meta property=\"og:url\" content=\"https:\/\/blogg.svenskakyrkan.se\/vandravagen\/2022\/06\/26\/10-blandade-tankar-pa-sondagen-71\/\" \/>\n<meta property=\"og:site_name\" content=\"Vandra V\u00e4gen\" \/>\n<meta property=\"article:publisher\" content=\"http:\/\/facebook.com\/vandravagen\" \/>\n<meta property=\"article:published_time\" content=\"2022-06-26T05:00:00+00:00\" \/>\n<meta property=\"og:image\" content=\"https:\/\/blogg.svenskakyrkan.se\/vandravagen\/files\/2022\/06\/John_the_Baptist-Caravaggio_Galleria_Nazionale_dArte_Antica.jpg\" \/>\n\t<meta property=\"og:image:width\" content=\"1200\" \/>\n\t<meta property=\"og:image:height\" content=\"867\" \/>\n\t<meta property=\"og:image:type\" content=\"image\/jpeg\" \/>\n<meta name=\"author\" content=\"Tomas Jarvid\" \/>\n<meta name=\"twitter:card\" content=\"summary_large_image\" \/>\n<meta name=\"twitter:creator\" content=\"@fadertomas\" \/>\n<meta name=\"twitter:site\" content=\"@fadertomas\" \/>\n<meta name=\"twitter:label1\" content=\"Skriven av\" \/>\n\t<meta name=\"twitter:data1\" content=\"Tomas Jarvid\" \/>\n\t<meta name=\"twitter:label2\" content=\"Ber\u00e4knad l\u00e4stid\" \/>\n\t<meta name=\"twitter:data2\" content=\"2 minuter\" \/>\n<script type=\"application\/ld+json\" class=\"yoast-schema-graph\">{\"@context\":\"https:\/\/schema.org\",\"@graph\":[{\"@type\":\"Article\",\"@id\":\"https:\/\/blogg.svenskakyrkan.se\/vandravagen\/2022\/06\/26\/10-blandade-tankar-pa-sondagen-71\/#article\",\"isPartOf\":{\"@id\":\"https:\/\/blogg.svenskakyrkan.se\/vandravagen\/2022\/06\/26\/10-blandade-tankar-pa-sondagen-71\/\"},\"author\":{\"name\":\"Tomas Jarvid\",\"@id\":\"https:\/\/blogg.svenskakyrkan.se\/vandravagen\/#\/schema\/person\/25da02d4f76b137d04291711e2c9fc16\"},\"headline\":\"10 blandade tankar p\u00e5 s\u00f6ndagen\",\"datePublished\":\"2022-06-26T05:00:00+00:00\",\"mainEntityOfPage\":{\"@id\":\"https:\/\/blogg.svenskakyrkan.se\/vandravagen\/2022\/06\/26\/10-blandade-tankar-pa-sondagen-71\/\"},\"wordCount\":421,\"commentCount\":6,\"publisher\":{\"@id\":\"https:\/\/blogg.svenskakyrkan.se\/vandravagen\/#organization\"},\"image\":{\"@id\":\"https:\/\/blogg.svenskakyrkan.se\/vandravagen\/2022\/06\/26\/10-blandade-tankar-pa-sondagen-71\/#primaryimage\"},\"thumbnailUrl\":\"https:\/\/blogg.svenskakyrkan.se\/vandravagen\/files\/2022\/06\/John_the_Baptist-Caravaggio_Galleria_Nazionale_dArte_Antica.jpg\",\"inLanguage\":\"sv-SE\",\"potentialAction\":[{\"@type\":\"CommentAction\",\"name\":\"Comment\",\"target\":[\"https:\/\/blogg.svenskakyrkan.se\/vandravagen\/2022\/06\/26\/10-blandade-tankar-pa-sondagen-71\/#respond\"]}]},{\"@type\":\"WebPage\",\"@id\":\"https:\/\/blogg.svenskakyrkan.se\/vandravagen\/2022\/06\/26\/10-blandade-tankar-pa-sondagen-71\/\",\"url\":\"https:\/\/blogg.svenskakyrkan.se\/vandravagen\/2022\/06\/26\/10-blandade-tankar-pa-sondagen-71\/\",\"name\":\"10 blandade tankar p\u00e5 s\u00f6ndagen - Vandra V\u00e4gen\",\"isPartOf\":{\"@id\":\"https:\/\/blogg.svenskakyrkan.se\/vandravagen\/#website\"},\"primaryImageOfPage\":{\"@id\":\"https:\/\/blogg.svenskakyrkan.se\/vandravagen\/2022\/06\/26\/10-blandade-tankar-pa-sondagen-71\/#primaryimage\"},\"image\":{\"@id\":\"https:\/\/blogg.svenskakyrkan.se\/vandravagen\/2022\/06\/26\/10-blandade-tankar-pa-sondagen-71\/#primaryimage\"},\"thumbnailUrl\":\"https:\/\/blogg.svenskakyrkan.se\/vandravagen\/files\/2022\/06\/John_the_Baptist-Caravaggio_Galleria_Nazionale_dArte_Antica.jpg\",\"datePublished\":\"2022-06-26T05:00:00+00:00\",\"breadcrumb\":{\"@id\":\"https:\/\/blogg.svenskakyrkan.se\/vandravagen\/2022\/06\/26\/10-blandade-tankar-pa-sondagen-71\/#breadcrumb\"},\"inLanguage\":\"sv-SE\",\"potentialAction\":[{\"@type\":\"ReadAction\",\"target\":[\"https:\/\/blogg.svenskakyrkan.se\/vandravagen\/2022\/06\/26\/10-blandade-tankar-pa-sondagen-71\/\"]}]},{\"@type\":\"ImageObject\",\"inLanguage\":\"sv-SE\",\"@id\":\"https:\/\/blogg.svenskakyrkan.se\/vandravagen\/2022\/06\/26\/10-blandade-tankar-pa-sondagen-71\/#primaryimage\",\"url\":\"https:\/\/blogg.svenskakyrkan.se\/vandravagen\/files\/2022\/06\/John_the_Baptist-Caravaggio_Galleria_Nazionale_dArte_Antica.jpg\",\"contentUrl\":\"https:\/\/blogg.svenskakyrkan.se\/vandravagen\/files\/2022\/06\/John_the_Baptist-Caravaggio_Galleria_Nazionale_dArte_Antica.jpg\",\"width\":1200,\"height\":867},{\"@type\":\"BreadcrumbList\",\"@id\":\"https:\/\/blogg.svenskakyrkan.se\/vandravagen\/2022\/06\/26\/10-blandade-tankar-pa-sondagen-71\/#breadcrumb\",\"itemListElement\":[{\"@type\":\"ListItem\",\"position\":1,\"name\":\"Hem\",\"item\":\"https:\/\/blogg.svenskakyrkan.se\/vandravagen\/\"},{\"@type\":\"ListItem\",\"position\":2,\"name\":\"10 blandade tankar p\u00e5 s\u00f6ndagen\"}]},{\"@type\":\"WebSite\",\"@id\":\"https:\/\/blogg.svenskakyrkan.se\/vandravagen\/#website\",\"url\":\"https:\/\/blogg.svenskakyrkan.se\/vandravagen\/\",\"name\":\"Vandra V\u00e4gen\",\"description\":\"-Mot en tro f\u00f6r hela livet\",\"publisher\":{\"@id\":\"https:\/\/blogg.svenskakyrkan.se\/vandravagen\/#organization\"},\"potentialAction\":[{\"@type\":\"SearchAction\",\"target\":{\"@type\":\"EntryPoint\",\"urlTemplate\":\"https:\/\/blogg.svenskakyrkan.se\/vandravagen\/?s={search_term_string}\"},\"query-input\":{\"@type\":\"PropertyValueSpecification\",\"valueRequired\":true,\"valueName\":\"search_term_string\"}}],\"inLanguage\":\"sv-SE\"},{\"@type\":\"Organization\",\"@id\":\"https:\/\/blogg.svenskakyrkan.se\/vandravagen\/#organization\",\"name\":\"ulricehamns pastorat\",\"alternateName\":\"ulricehamns pastorat\",\"url\":\"https:\/\/blogg.svenskakyrkan.se\/vandravagen\/\",\"logo\":{\"@type\":\"ImageObject\",\"inLanguage\":\"sv-SE\",\"@id\":\"https:\/\/blogg.svenskakyrkan.se\/vandravagen\/#\/schema\/logo\/image\/\",\"url\":\"https:\/\/blogg.svenskakyrkan.se\/vandravagen\/files\/2023\/05\/Ulr_logo_RGB.png\",\"contentUrl\":\"https:\/\/blogg.svenskakyrkan.se\/vandravagen\/files\/2023\/05\/Ulr_logo_RGB.png\",\"width\":205,\"height\":77,\"caption\":\"ulricehamns pastorat\"},\"image\":{\"@id\":\"https:\/\/blogg.svenskakyrkan.se\/vandravagen\/#\/schema\/logo\/image\/\"},\"sameAs\":[\"http:\/\/facebook.com\/vandravagen\",\"https:\/\/x.com\/fadertomas\",\"http:\/\/www.facebook.com\/svenskakyrkaniulricehamn\"]},{\"@type\":\"Person\",\"@id\":\"https:\/\/blogg.svenskakyrkan.se\/vandravagen\/#\/schema\/person\/25da02d4f76b137d04291711e2c9fc16\",\"name\":\"Tomas Jarvid\",\"image\":{\"@type\":\"ImageObject\",\"inLanguage\":\"sv-SE\",\"@id\":\"https:\/\/blogg.svenskakyrkan.se\/vandravagen\/#\/schema\/person\/image\/\",\"url\":\"https:\/\/secure.gravatar.com\/avatar\/7fa71899795e8f540f615a1f5ab25255dc27aa40f05ee7ddd21aac521e01bf50?s=96&d=identicon&r=g\",\"contentUrl\":\"https:\/\/secure.gravatar.com\/avatar\/7fa71899795e8f540f615a1f5ab25255dc27aa40f05ee7ddd21aac521e01bf50?s=96&d=identicon&r=g\",\"caption\":\"Tomas Jarvid\"},\"description\":\"Jag bor i Ulricehamn i V\u00e4sterg\u00f6tland och \u00e4r f\u00f6rsamlingspr\u00e4st i Svenska Kyrkan f\u00f6r Dalstorps f\u00f6rsamling i Kinds pastorat. P\u00e5 den h\u00e4r bloggen skriver jag ner tankar om vandringen som kristen.\",\"sameAs\":[\"http:\/\/www.vandravagen.se\"],\"url\":\"https:\/\/blogg.svenskakyrkan.se\/vandravagen\/author\/vandravagen\/\"}]}<\/script>\n<!-- \/ Yoast SEO plugin. -->","yoast_head_json":{"title":"10 blandade tankar p\u00e5 s\u00f6ndagen - Vandra V\u00e4gen","robots":{"index":"index","follow":"follow","max-snippet":"max-snippet:-1","max-image-preview":"max-image-preview:large","max-video-preview":"max-video-preview:-1"},"canonical":"https:\/\/blogg.svenskakyrkan.se\/vandravagen\/2022\/06\/26\/10-blandade-tankar-pa-sondagen-71\/","og_locale":"sv_SE","og_type":"article","og_title":"10 blandade tankar p\u00e5 s\u00f6ndagen - Vandra V\u00e4gen","og_description":"Glad s\u00f6ndag k\u00e4ra l\u00e4sare! Idag \u00e4r det s\u00f6ndagen efter midsommar och Johannes d\u00f6parens dag. Jag ska inte predika idag eftersom jag gjorde det ig\u00e5r men jag ska faktiskt blogga snart om n\u00e5got nytt jag l\u00e4rt mig om Johannes d\u00f6paren. Man firar Johannes nu f\u00f6r att han ska ha f\u00f6tts lite f\u00f6re Jesus. Jag \u00e4r lite [&hellip;]","og_url":"https:\/\/blogg.svenskakyrkan.se\/vandravagen\/2022\/06\/26\/10-blandade-tankar-pa-sondagen-71\/","og_site_name":"Vandra V\u00e4gen","article_publisher":"http:\/\/facebook.com\/vandravagen","article_published_time":"2022-06-26T05:00:00+00:00","og_image":[{"width":1200,"height":867,"url":"https:\/\/blogg.svenskakyrkan.se\/vandravagen\/files\/2022\/06\/John_the_Baptist-Caravaggio_Galleria_Nazionale_dArte_Antica.jpg","type":"image\/jpeg"}],"author":"Tomas Jarvid","twitter_card":"summary_large_image","twitter_creator":"@fadertomas","twitter_site":"@fadertomas","twitter_misc":{"Skriven av":"Tomas Jarvid","Ber\u00e4knad l\u00e4stid":"2 minuter"},"schema":{"@context":"https:\/\/schema.org","@graph":[{"@type":"Article","@id":"https:\/\/blogg.svenskakyrkan.se\/vandravagen\/2022\/06\/26\/10-blandade-tankar-pa-sondagen-71\/#article","isPartOf":{"@id":"https:\/\/blogg.svenskakyrkan.se\/vandravagen\/2022\/06\/26\/10-blandade-tankar-pa-sondagen-71\/"},"author":{"name":"Tomas Jarvid","@id":"https:\/\/blogg.svenskakyrkan.se\/vandravagen\/#\/schema\/person\/25da02d4f76b137d04291711e2c9fc16"},"headline":"10 blandade tankar p\u00e5 s\u00f6ndagen","datePublished":"2022-06-26T05:00:00+00:00","mainEntityOfPage":{"@id":"https:\/\/blogg.svenskakyrkan.se\/vandravagen\/2022\/06\/26\/10-blandade-tankar-pa-sondagen-71\/"},"wordCount":421,"commentCount":6,"publisher":{"@id":"https:\/\/blogg.svenskakyrkan.se\/vandravagen\/#organization"},"image":{"@id":"https:\/\/blogg.svenskakyrkan.se\/vandravagen\/2022\/06\/26\/10-blandade-tankar-pa-sondagen-71\/#primaryimage"},"thumbnailUrl":"https:\/\/blogg.svenskakyrkan.se\/vandravagen\/files\/2022\/06\/John_the_Baptist-Caravaggio_Galleria_Nazionale_dArte_Antica.jpg","inLanguage":"sv-SE","potentialAction":[{"@type":"CommentAction","name":"Comment","target":["https:\/\/blogg.svenskakyrkan.se\/vandravagen\/2022\/06\/26\/10-blandade-tankar-pa-sondagen-71\/#respond"]}]},{"@type":"WebPage","@id":"https:\/\/blogg.svenskakyrkan.se\/vandravagen\/2022\/06\/26\/10-blandade-tankar-pa-sondagen-71\/","url":"https:\/\/blogg.svenskakyrkan.se\/vandravagen\/2022\/06\/26\/10-blandade-tankar-pa-sondagen-71\/","name":"10 blandade tankar p\u00e5 s\u00f6ndagen - Vandra V\u00e4gen","isPartOf":{"@id":"https:\/\/blogg.svenskakyrkan.se\/vandravagen\/#website"},"primaryImageOfPage":{"@id":"https:\/\/blogg.svenskakyrkan.se\/vandravagen\/2022\/06\/26\/10-blandade-tankar-pa-sondagen-71\/#primaryimage"},"image":{"@id":"https:\/\/blogg.svenskakyrkan.se\/vandravagen\/2022\/06\/26\/10-blandade-tankar-pa-sondagen-71\/#primaryimage"},"thumbnailUrl":"https:\/\/blogg.svenskakyrkan.se\/vandravagen\/files\/2022\/06\/John_the_Baptist-Caravaggio_Galleria_Nazionale_dArte_Antica.jpg","datePublished":"2022-06-26T05:00:00+00:00","breadcrumb":{"@id":"https:\/\/blogg.svenskakyrkan.se\/vandravagen\/2022\/06\/26\/10-blandade-tankar-pa-sondagen-71\/#breadcrumb"},"inLanguage":"sv-SE","potentialAction":[{"@type":"ReadAction","target":["https:\/\/blogg.svenskakyrkan.se\/vandravagen\/2022\/06\/26\/10-blandade-tankar-pa-sondagen-71\/"]}]},{"@type":"ImageObject","inLanguage":"sv-SE","@id":"https:\/\/blogg.svenskakyrkan.se\/vandravagen\/2022\/06\/26\/10-blandade-tankar-pa-sondagen-71\/#primaryimage","url":"https:\/\/blogg.svenskakyrkan.se\/vandravagen\/files\/2022\/06\/John_the_Baptist-Caravaggio_Galleria_Nazionale_dArte_Antica.jpg","contentUrl":"https:\/\/blogg.svenskakyrkan.se\/vandravagen\/files\/2022\/06\/John_the_Baptist-Caravaggio_Galleria_Nazionale_dArte_Antica.jpg","width":1200,"height":867},{"@type":"BreadcrumbList","@id":"https:\/\/blogg.svenskakyrkan.se\/vandravagen\/2022\/06\/26\/10-blandade-tankar-pa-sondagen-71\/#breadcrumb","itemListElement":[{"@type":"ListItem","position":1,"name":"Hem","item":"https:\/\/blogg.svenskakyrkan.se\/vandravagen\/"},{"@type":"ListItem","position":2,"name":"10 blandade tankar p\u00e5 s\u00f6ndagen"}]},{"@type":"WebSite","@id":"https:\/\/blogg.svenskakyrkan.se\/vandravagen\/#website","url":"https:\/\/blogg.svenskakyrkan.se\/vandravagen\/","name":"Vandra V\u00e4gen","description":"-Mot en tro f\u00f6r hela livet","publisher":{"@id":"https:\/\/blogg.svenskakyrkan.se\/vandravagen\/#organization"},"potentialAction":[{"@type":"SearchAction","target":{"@type":"EntryPoint","urlTemplate":"https:\/\/blogg.svenskakyrkan.se\/vandravagen\/?s={search_term_string}"},"query-input":{"@type":"PropertyValueSpecification","valueRequired":true,"valueName":"search_term_string"}}],"inLanguage":"sv-SE"},{"@type":"Organization","@id":"https:\/\/blogg.svenskakyrkan.se\/vandravagen\/#organization","name":"ulricehamns pastorat","alternateName":"ulricehamns pastorat","url":"https:\/\/blogg.svenskakyrkan.se\/vandravagen\/","logo":{"@type":"ImageObject","inLanguage":"sv-SE","@id":"https:\/\/blogg.svenskakyrkan.se\/vandravagen\/#\/schema\/logo\/image\/","url":"https:\/\/blogg.svenskakyrkan.se\/vandravagen\/files\/2023\/05\/Ulr_logo_RGB.png","contentUrl":"https:\/\/blogg.svenskakyrkan.se\/vandravagen\/files\/2023\/05\/Ulr_logo_RGB.png","width":205,"height":77,"caption":"ulricehamns pastorat"},"image":{"@id":"https:\/\/blogg.svenskakyrkan.se\/vandravagen\/#\/schema\/logo\/image\/"},"sameAs":["http:\/\/facebook.com\/vandravagen","https:\/\/x.com\/fadertomas","http:\/\/www.facebook.com\/svenskakyrkaniulricehamn"]},{"@type":"Person","@id":"https:\/\/blogg.svenskakyrkan.se\/vandravagen\/#\/schema\/person\/25da02d4f76b137d04291711e2c9fc16","name":"Tomas Jarvid","image":{"@type":"ImageObject","inLanguage":"sv-SE","@id":"https:\/\/blogg.svenskakyrkan.se\/vandravagen\/#\/schema\/person\/image\/","url":"https:\/\/secure.gravatar.com\/avatar\/7fa71899795e8f540f615a1f5ab25255dc27aa40f05ee7ddd21aac521e01bf50?s=96&d=identicon&r=g","contentUrl":"https:\/\/secure.gravatar.com\/avatar\/7fa71899795e8f540f615a1f5ab25255dc27aa40f05ee7ddd21aac521e01bf50?s=96&d=identicon&r=g","caption":"Tomas Jarvid"},"description":"Jag bor i Ulricehamn i V\u00e4sterg\u00f6tland och \u00e4r f\u00f6rsamlingspr\u00e4st i Svenska Kyrkan f\u00f6r Dalstorps f\u00f6rsamling i Kinds pastorat. P\u00e5 den h\u00e4r bloggen skriver jag ner tankar om vandringen som kristen.","sameAs":["http:\/\/www.vandravagen.se"],"url":"https:\/\/blogg.svenskakyrkan.se\/vandravagen\/author\/vandravagen\/"}]}},"author_meta":{"ID":"392","user_nicename":"vandravagen","user_url":"http:\/\/www.vandravagen.se","user_registered":"2014-05-19 05:44:52","display_name":"Tomas Jarvid","first_name":"Tomas","last_name":"Jarvid","avatar":"https:\/\/secure.gravatar.com\/avatar\/7fa71899795e8f540f615a1f5ab25255dc27aa40f05ee7ddd21aac521e01bf50?s=96&d=identicon&r=g"},"featured_image":["https:\/\/blogg.svenskakyrkan.se\/vandravagen\/files\/2022\/06\/John_the_Baptist-Caravaggio_Galleria_Nazionale_dArte_Antica-1024x740.jpg",1024,740,true],"bloginfo":{"name":"Vandra V\u00e4gen","url":"https:\/\/blogg.svenskakyrkan.se\/vandravagen"},"_links":{"self":[{"href":"https:\/\/blogg.svenskakyrkan.se\/vandravagen\/wp-json\/wp\/v2\/posts\/9012","targetHints":{"allow":["GET"]}}],"collection":[{"href":"https:\/\/blogg.svenskakyrkan.se\/vandravagen\/wp-json\/wp\/v2\/posts"}],"about":[{"href":"https:\/\/blogg.svenskakyrkan.se\/vandravagen\/wp-json\/wp\/v2\/types\/post"}],"author":[{"embeddable":true,"href":"https:\/\/blogg.svenskakyrkan.se\/vandravagen\/wp-json\/wp\/v2\/users\/392"}],"replies":[{"embeddable":true,"href":"https:\/\/blogg.svenskakyrkan.se\/vandravagen\/wp-json\/wp\/v2\/comments?post=9012"}],"version-history":[{"count":1,"href":"https:\/\/blogg.svenskakyrkan.se\/vandravagen\/wp-json\/wp\/v2\/posts\/9012\/revisions"}],"predecessor-version":[{"id":9014,"href":"https:\/\/blogg.svenskakyrkan.se\/vandravagen\/wp-json\/wp\/v2\/posts\/9012\/revisions\/9014"}],"wp:featuredmedia":[{"embeddable":true,"href":"https:\/\/blogg.svenskakyrkan.se\/vandravagen\/wp-json\/wp\/v2\/media\/9013"}],"wp:attachment":[{"href":"https:\/\/blogg.svenskakyrkan.se\/vandravagen\/wp-json\/wp\/v2\/media?parent=9012"}],"wp:term":[{"taxonomy":"category","embeddable":true,"href":"https:\/\/blogg.svenskakyrkan.se\/vandravagen\/wp-json\/wp\/v2\/categories?post=9012"},{"taxonomy":"post_tag","embeddable":true,"href":"https:\/\/blogg.svenskakyrkan.se\/vandravagen\/wp-json\/wp\/v2\/tags?post=9012"}],"curies":[{"name":"wp","href":"https:\/\/api.w.org\/{rel}","templated":true}]}}