{"id":9015,"date":"2022-06-28T07:00:09","date_gmt":"2022-06-28T05:00:09","guid":{"rendered":"https:\/\/blogg.svenskakyrkan.se\/vandravagen\/?p=9015"},"modified":"2022-06-28T07:00:11","modified_gmt":"2022-06-28T05:00:11","slug":"var-plats-i-skapelsen","status":"publish","type":"post","link":"https:\/\/blogg.svenskakyrkan.se\/vandravagen\/2022\/06\/28\/var-plats-i-skapelsen\/","title":{"rendered":"V\u00e5r plats i skapelsen"},"content":{"rendered":"\n\n\n<figure class=\"wp-block-image size-large\"><img loading=\"lazy\" decoding=\"async\" width=\"750\" height=\"747\" src=\"https:\/\/blogg.svenskakyrkan.se\/vandravagen\/files\/2022\/06\/jnj.jpg\" alt=\"\" class=\"wp-image-9017\" srcset=\"https:\/\/blogg.svenskakyrkan.se\/vandravagen\/files\/2022\/06\/jnj.jpg 750w, https:\/\/blogg.svenskakyrkan.se\/vandravagen\/files\/2022\/06\/jnj-300x299.jpg 300w, https:\/\/blogg.svenskakyrkan.se\/vandravagen\/files\/2022\/06\/jnj-150x150.jpg 150w\" sizes=\"auto, (max-width: 750px) 100vw, 750px\" \/><figcaption>Lejon och sol. Delar av skapelsen.<\/figcaption><\/figure>\n\n\n\n<h2 class=\"wp-block-heading\">L\u00f6rdagens gudstj\u00e4nster<\/h2>\n\n\n\n<p>I l\u00f6rdags ledde jag tv\u00e5 gudstj\u00e4nster, en i Tv\u00e4rreds kyrkoruin (d\u00e4rav detta med en kyrka utan v\u00e4ggar ) och en i Gr\u00f6nah\u00f6gs kyrka (som jag blev sen till och blev r\u00e4ddad av f\u00f6rsamlingen som b\u00f6rjade utan mig). Att predika om skapelsen \u00e4r ju n\u00e5got vi borde g\u00f6ra oftare s\u00e5 hoppas den h\u00e4r \u00e4r till gl\u00e4dje f\u00f6r dig ocks\u00e5.<\/p>\n\n\n\n<h2 class=\"wp-block-heading\">V\u00e5r plats i skapelsen<\/h2>\n\n\n\n<p>Vi \u00e4r h\u00e4r i en kyrka utan v\u00e4ggar. Med himlen som tak och i den fria luften omgivna av gr\u00f6nskan. \u00c5 m\u00e5nga s\u00e4tt \u00e4r det v\u00e4l den finaste kyrka man kan ha. Inte s\u00e5 praktisk f\u00f6rst\u00e5s om det regnar\u2026 N\u00e4r de en g\u00e5ng skulle inviga templet i Jerusalem p\u00e5 Salomos tid s\u00e5 st\u00e5r det att Salomo utbrister att \u201dGud bor inte i tempel gjorda av m\u00e4nniskohand. Himlarnas himmel rymmer honom inte\u201d. Och \u00e4nd\u00e5 kommer Gud m\u00e4ktigt n\u00e4ra i hus som \u00e4r byggda f\u00f6r b\u00f6n. Str\u00e4ngt taget best\u00e5r f\u00f6rst\u00e5s ocks\u00e5 de h\u00e4r v\u00e4ggarna av Guds skapelse, lite bearbetade f\u00f6rst\u00e5s. Och \u00e4ven vi skapade varelser som kommer ur Guds hand. Vi \u00e4r p\u00e5 v\u00e5rt s\u00e4tt tempel som inte \u00e4r gjorda av m\u00e4nniskohand vi med.<\/p>\n\n\n\n<h2 class=\"wp-block-heading\">Heliga platser<\/h2>\n\n\n\n<p>Den kristna tron hade fr\u00e5n f\u00f6rsta b\u00f6rjan egentligen inte n\u00e5gra heliga platser. Jorden \u00e4r Herrens med allt den rymmer, och \u00e4ven den uppst\u00e5ndne Jesus fanns och finns n\u00e4rvarande \u00f6verallt. Och n\u00e4r man samlades och br\u00f6t br\u00f6det blev det tydligt att han finns n\u00e4ra oss h\u00e4r och nu. Det var fint n\u00e4r de hittade de gamla kristna gravarna i Varnhem och hittade ett litet litet resealtare som en pr\u00e4st var begravd med. Som var till f\u00f6r att kunna fira gudstj\u00e4nst var som helst. Var vi \u00e4n \u00e4r finns Gud d\u00e4r. Det \u00e4r sj\u00e4lvklart f\u00f6r oss f\u00f6rst\u00e5s men v\u00e4rt att fundera \u00f6ver.<\/p>\n\n\n\n<p>\u00c4nd\u00e5 finns det f\u00f6rst\u00e5s platser d\u00e4r Gud \u00e4r l\u00e4ttare att ana. Kanske av personliga sk\u00e4l, kanske f\u00f6r att vi vet att m\u00e4nniskor bett h\u00e4r s\u00e5 l\u00e4nge och det \u00f6ppnar v\u00e5ra sinnen p\u00e5 n\u00e5got s\u00e4tt. De gamla kelterna p\u00e5 Irland talade om s\u00e5dana platser som \u201dtunna platser\u201d, platser d\u00e4r det \u00e4r n\u00e4ra mellan himmel och jord. Vi f\u00e5r vara uppm\u00e4rksamma p\u00e5 s\u00e5dana platser och vara r\u00e4dda om dem.<\/p>\n\n\n\n<p>N\u00e4r vi nu f\u00f6rundrats en stund \u00f6ver hur fint det \u00e4r att vi f\u00e5r leva i Guds v\u00e4rld blir det lite allvarligare. Jag fick ett citat ur en dikt av amerikanen Wendell Barry. Jag vet att det finns m\u00e5nga syskon i Equmenia h\u00e4r som l\u00e4st mycket av honom. Han skriver i en dikt att <strong>\u201dDet finns inga ickeheliga (eller neutrala kanske) platser, det finns bara heliga platser och sk\u00e4ndade platser.\u201d<\/strong> P\u00e5 en plats som denna \u00e4r det inte s\u00e5 sv\u00e5rt att ana heligheten. Vi kanske ocks\u00e5 kan t\u00e4nka oss platser d\u00e4r m\u00e4nniskor gjort s\u00e5 att det \u00e4r mycket sv\u00e5rt att ana heligheten d\u00e4r.<\/p>\n\n\n\n<h2 class=\"wp-block-heading\">Guds n\u00e4rvaro i skapelsen<\/h2>\n\n\n\n<p>Job s\u00e4ger att vi ska fr\u00e5ga djuren, f\u00e5glarna, krypen och fiskarna och att de alla vet att de \u00e4r Guds verk. Underf\u00f6rst\u00e5tt \u00e4r det konstigt att m\u00e4nniskan s\u00e5 l\u00e4tt gl\u00f6mmer det. Jesus s\u00e4ger n\u00e4stan likadant som Job, han har v\u00e4l l\u00e4st Job kan man tro. Han p\u00e5minner oss f\u00f6r att vi l\u00e4tt gl\u00f6mmer. Vi borde kunna p\u00e5minnas om Gud n\u00e4r vi ser blommorna och f\u00e5glarna och se v\u00e5r del i det stora hela.<\/p>\n\n\n\n<p>\u00c4ven Paulus l\u00e5nga tal handlar om det. Att p\u00e5minna om att vare sig vi k\u00e4nner till Gud eller inte s\u00e5 finns Gud d\u00e4r, det \u00e4r i honom vi lever, r\u00f6r oss och \u00e4r till. Han kanske \u00e4r en ok\u00e4nd Gud f\u00f6r m\u00e5nga men ingen av oss \u00e4r ok\u00e4nd f\u00f6r Gud.<\/p>\n\n\n\n<h2 class=\"wp-block-heading\">V\u00e5rt stora, stora sl\u00e4kttr\u00e4d<\/h2>\n\n\n\n<p>N\u00e4r temat \u00e4r skapelsen s\u00e5 t\u00e4nker jag p\u00e5 sl\u00e4kttr\u00e4d. Visste ni f\u00f6rresten att sl\u00e4kttr\u00e4d \u00e4r en uppfinning fr\u00e5n bibeln? Det st\u00e5r ju d\u00e4r att Jesus ska vara som ett skott ur Davids gamla stubbe. Och d\u00e4rf\u00f6r blev det popul\u00e4rt i kristen kultur att rita upp sin sl\u00e4kt som en massa grenar fr\u00e5n en och samma stam. Det d\u00e4r med Jesus som ett rotskott, en kung av Davids \u00e4tt n\u00e4r det inte borde finnas n\u00e5gon s\u00e5dan mer, det har vi ocks\u00e5 framme p\u00e5 b\u00e5da sidorna om altaret i nya Tv\u00e4rreds kyrka. Det f\u00e5r ni titta efter n\u00e4sta g\u00e5ng.<\/p>\n\n\n\n<p>Hursomhelst \u00e4r ju ett sl\u00e4kttr\u00e4d s\u00e5dant att om man backar tillr\u00e4ckligt l\u00e5ngt \u00e4r man sl\u00e4kt. Jag har l\u00e4rt mig att man inte m\u00e5ste backa s\u00e5 v\u00e4rst l\u00e5ngt i tiden f\u00f6r att hitta v\u00e5ra gemensamma anm\u00f6drar och f\u00e4der. M\u00e4nniskorna som levde f\u00f6r 10000 \u00e5r sedan, kanske \u00e4nnu mindre, \u00e4r antingen inte f\u00f6rf\u00e4der till n\u00e5gon alls idag eftersom sl\u00e4ktet d\u00f6tt ut p\u00e5 v\u00e4gen. Eller s\u00e5 \u00e4r de f\u00f6rf\u00e4der och m\u00f6drar till alla nu levande m\u00e4nniskor. En enda m\u00e4nsklighet. Vi h\u00f6r alla ihop.<\/p>\n\n\n\n<p>Men inte nog med det, vi kan forts\u00e4tta l\u00e5ngt bak\u00e5t. N\u00e5gonstans skilde de f\u00f6rsta m\u00e4nniskorna av sig fr\u00e5n gemensamma f\u00f6rf\u00e4der med n\u00e5gon slags primat, l\u00e4ngre tillbaka skilde vi av oss fr\u00e5n det allra f\u00f6rsta d\u00e4ggdjuret medan dinosaurierna gick h\u00e4r. N\u00e5gon g\u00e5ng skilde vi av oss fr\u00e5n kr\u00e4ldjur, insekter, n\u00e5gon g\u00e5ng i v\u00e4rldens l\u00e5nga historia blev det skillnad p\u00e5 djur och v\u00e4xter. Och s\u00e5 kan man h\u00e5lla p\u00e5 \u00e4nd\u00e5 tills vi st\u00e5r vid det som vetenskapen fortfarande inte riktigt har grepp om, hur gick det till n\u00e4r liv uppstod? Vi \u00e4r del av samma v\u00e4v som allt som omger oss. Med v\u00f6rdnad r\u00e4knar vi alla v\u00e5rt ursprung hos Gud.<\/p>\n\n\n\n<h2 class=\"wp-block-heading\">Vi och naturen<\/h2>\n\n\n\n<p>Tron p\u00e5 Gud som skapare inneb\u00e4r att vi ocks\u00e5 \u00e4r en del av skapelsen. Vi kanske ofta t\u00e4nker oss \u201dnaturen\u201d som det som inte \u00e4r vi men det \u00e4r att lura oss och den l\u00f6gnen har blivit v\u00e4ldigt farlig f\u00f6r mycket av livet p\u00e5 jorden. Det finns inga ickeheliga platser. Bara heliga platser, och sk\u00e4ndade platser.<\/p>\n\n\n\n<p>Det st\u00e5r s\u00e5 illa till med v\u00e5r v\u00e4rld. S\u00e5 m\u00e5nga platser sk\u00e4ndas f\u00f6r att man inte ser deras v\u00e4rde. Samma med djur och m\u00e4nniskor. De far illa f\u00f6r att vi inte ser dem f\u00f6r vad de \u00e4r i Guds \u00f6gon.<\/p>\n\n\n\n<h2 class=\"wp-block-heading\">Att ta vara p\u00e5 det viktigaste i livet<\/h2>\n\n\n\n<p>Vi har sommarkonfirmander inne i stan nu och man f\u00e5r fundera tillsammans om livet. Min kollega Anna Hultin ber\u00e4ttade att hon pratat med n\u00e5gra konfirmander. Vi var p\u00e5 kyrkog\u00e5rden och tittade p\u00e5 gravar och hade olika samtalsfr\u00e5gor. En av fr\u00e5ga var \u201dvad skulle du g\u00f6ra om du fick en livshotande sjukdom?\u201d Det finns ju r\u00e4tt mycket larv om det i samtiden, man kan ha en \u201dbucketlist\u201d med saker man ska hinna med att g\u00f6ra i livet innan man d\u00f6r. H\u00e4ftiga saker som imponerar f\u00f6rst\u00e5s. S\u00e4kert ofta ganska egotrippade. Men det var inte s\u00e5dana saker de sa. De sa att man vill ju vara med sin familj, de man tycker om. Verkligen ta vara p\u00e5 tiden man har tillsammans. Anna b\u00f6rjade s\u00e4ga \u201dmen t\u00e4nk om\u2026\u201d men en konfirmand fattade galoppen och fyllde ivrigt i \u201dt\u00e4nk om man kan g\u00f6ra det \u00c4VEN om man inte har en livshotande sjukdom?!\u201d.<\/p>\n\n\n\n<p>Det var ju vackert! Och f\u00f6r v\u00e5r del kan det vara en stor visdom i hur vi kan leva i den h\u00e4r v\u00e4rlden och leva gott utan att f\u00f6rst\u00f6ra den. Att vara med sina n\u00e4ra och k\u00e4ra \u00e4r skonsamt f\u00f6r planeten samtidigt som det faktiskt \u00e4r det som ger mest lycka. Att stanna upp i en hage och ta sig tid att f\u00f6rs\u00f6ka se hur tunn det \u00e4r h\u00e4r mellan himmel och jord \u00e4r ocks\u00e5 b\u00e5de billigt och skonsamt och kan vara en avg\u00f6rande viktig h\u00e4ndelse!<\/p>\n\n\n\n<p>Det \u00e4r sv\u00e5rt, f\u00f6r pl\u00f6tsligt \u00e4r vi tillbaka i samh\u00e4llet och det \u00e4r s\u00e5 mycket det g\u00e4ller att \u00e4ga och g\u00f6ra f\u00f6r att inte k\u00e4nna sig som en nolla. Vi m\u00e5ste vara m\u00e5nga som hj\u00e4lps \u00e5t att inte se det s\u00e5! Ingen \u00e4r en nolla oavsett. De \u00e4r alla Guds skapelse som g\u00e5r omkring, du \u00e4r det!<\/p>\n\n\n\n<p>Vi \u00e4r i en kyrka utan v\u00e4ggar. Hela v\u00e4rlden tillh\u00f6r Herren. Amen.<\/p>\n","protected":false},"excerpt":{"rendered":"<p>L\u00f6rdagens gudstj\u00e4nster I l\u00f6rdags ledde jag tv\u00e5 gudstj\u00e4nster, en i Tv\u00e4rreds kyrkoruin (d\u00e4rav detta med en kyrka utan v\u00e4ggar ) och en i Gr\u00f6nah\u00f6gs kyrka (som jag blev sen till och blev r\u00e4ddad av f\u00f6rsamlingen som b\u00f6rjade utan mig). Att predika om skapelsen \u00e4r ju n\u00e5got vi borde g\u00f6ra oftare s\u00e5 hoppas den h\u00e4r \u00e4r [&hellip;]<\/p>\n","protected":false},"author":392,"featured_media":9017,"comment_status":"open","ping_status":"open","sticky":false,"template":"","format":"standard","meta":{"_acf_changed":false,"footnotes":""},"categories":[114,33562,81117,83864],"tags":[83880,83901,83923,83875,83922,83924,83925],"class_list":["post-9015","post","type-post","status-publish","format-standard","has-post-thumbnail","hentry","category-predikan","category-skapelsen","category-skapelseteologi","category-vetenskap","tag-kristen","tag-kyrka","tag-naturen","tag-predikan","tag-skapelsen","tag-slakttrad","tag-tvarreds-kyrkoruin"],"acf":[],"yoast_head":"<!-- This site is optimized with the Yoast SEO plugin v27.1.1 - https:\/\/yoast.com\/product\/yoast-seo-wordpress\/ -->\n<title>V\u00e5r plats i skapelsen - Vandra V\u00e4gen<\/title>\n<meta name=\"robots\" content=\"index, follow, max-snippet:-1, max-image-preview:large, max-video-preview:-1\" \/>\n<link rel=\"canonical\" href=\"https:\/\/blogg.svenskakyrkan.se\/vandravagen\/2022\/06\/28\/var-plats-i-skapelsen\/\" \/>\n<meta property=\"og:locale\" content=\"sv_SE\" \/>\n<meta property=\"og:type\" content=\"article\" \/>\n<meta property=\"og:title\" content=\"V\u00e5r plats i skapelsen - Vandra V\u00e4gen\" \/>\n<meta property=\"og:description\" content=\"L\u00f6rdagens gudstj\u00e4nster I l\u00f6rdags ledde jag tv\u00e5 gudstj\u00e4nster, en i Tv\u00e4rreds kyrkoruin (d\u00e4rav detta med en kyrka utan v\u00e4ggar ) och en i Gr\u00f6nah\u00f6gs kyrka (som jag blev sen till och blev r\u00e4ddad av f\u00f6rsamlingen som b\u00f6rjade utan mig). Att predika om skapelsen \u00e4r ju n\u00e5got vi borde g\u00f6ra oftare s\u00e5 hoppas den h\u00e4r \u00e4r [&hellip;]\" \/>\n<meta property=\"og:url\" content=\"https:\/\/blogg.svenskakyrkan.se\/vandravagen\/2022\/06\/28\/var-plats-i-skapelsen\/\" \/>\n<meta property=\"og:site_name\" content=\"Vandra V\u00e4gen\" \/>\n<meta property=\"article:publisher\" content=\"http:\/\/facebook.com\/vandravagen\" \/>\n<meta property=\"article:published_time\" content=\"2022-06-28T05:00:09+00:00\" \/>\n<meta property=\"article:modified_time\" content=\"2022-06-28T05:00:11+00:00\" \/>\n<meta property=\"og:image\" content=\"https:\/\/blogg.svenskakyrkan.se\/vandravagen\/files\/2022\/06\/jnj.jpg\" \/>\n\t<meta property=\"og:image:width\" content=\"750\" \/>\n\t<meta property=\"og:image:height\" content=\"747\" \/>\n\t<meta property=\"og:image:type\" content=\"image\/jpeg\" \/>\n<meta name=\"author\" content=\"Tomas Jarvid\" \/>\n<meta name=\"twitter:card\" content=\"summary_large_image\" \/>\n<meta name=\"twitter:creator\" content=\"@fadertomas\" \/>\n<meta name=\"twitter:site\" content=\"@fadertomas\" \/>\n<meta name=\"twitter:label1\" content=\"Skriven av\" \/>\n\t<meta name=\"twitter:data1\" content=\"Tomas Jarvid\" \/>\n\t<meta name=\"twitter:label2\" content=\"Ber\u00e4knad l\u00e4stid\" \/>\n\t<meta name=\"twitter:data2\" content=\"8 minuter\" \/>\n<script type=\"application\/ld+json\" class=\"yoast-schema-graph\">{\"@context\":\"https:\/\/schema.org\",\"@graph\":[{\"@type\":\"Article\",\"@id\":\"https:\/\/blogg.svenskakyrkan.se\/vandravagen\/2022\/06\/28\/var-plats-i-skapelsen\/#article\",\"isPartOf\":{\"@id\":\"https:\/\/blogg.svenskakyrkan.se\/vandravagen\/2022\/06\/28\/var-plats-i-skapelsen\/\"},\"author\":{\"name\":\"Tomas Jarvid\",\"@id\":\"https:\/\/blogg.svenskakyrkan.se\/vandravagen\/#\/schema\/person\/25da02d4f76b137d04291711e2c9fc16\"},\"headline\":\"V\u00e5r plats i skapelsen\",\"datePublished\":\"2022-06-28T05:00:09+00:00\",\"dateModified\":\"2022-06-28T05:00:11+00:00\",\"mainEntityOfPage\":{\"@id\":\"https:\/\/blogg.svenskakyrkan.se\/vandravagen\/2022\/06\/28\/var-plats-i-skapelsen\/\"},\"wordCount\":1573,\"commentCount\":4,\"publisher\":{\"@id\":\"https:\/\/blogg.svenskakyrkan.se\/vandravagen\/#organization\"},\"image\":{\"@id\":\"https:\/\/blogg.svenskakyrkan.se\/vandravagen\/2022\/06\/28\/var-plats-i-skapelsen\/#primaryimage\"},\"thumbnailUrl\":\"https:\/\/blogg.svenskakyrkan.se\/vandravagen\/files\/2022\/06\/jnj.jpg\",\"keywords\":[\"kristen\",\"kyrka\",\"naturen\",\"predikan\",\"skapelsen\",\"sl\u00e4kttr\u00e4d\",\"tv\u00e4rreds kyrkoruin\"],\"articleSection\":[\"predikan\",\"skapelsen\",\"skapelseteologi\",\"vetenskap\"],\"inLanguage\":\"sv-SE\",\"potentialAction\":[{\"@type\":\"CommentAction\",\"name\":\"Comment\",\"target\":[\"https:\/\/blogg.svenskakyrkan.se\/vandravagen\/2022\/06\/28\/var-plats-i-skapelsen\/#respond\"]}]},{\"@type\":\"WebPage\",\"@id\":\"https:\/\/blogg.svenskakyrkan.se\/vandravagen\/2022\/06\/28\/var-plats-i-skapelsen\/\",\"url\":\"https:\/\/blogg.svenskakyrkan.se\/vandravagen\/2022\/06\/28\/var-plats-i-skapelsen\/\",\"name\":\"V\u00e5r plats i skapelsen - Vandra V\u00e4gen\",\"isPartOf\":{\"@id\":\"https:\/\/blogg.svenskakyrkan.se\/vandravagen\/#website\"},\"primaryImageOfPage\":{\"@id\":\"https:\/\/blogg.svenskakyrkan.se\/vandravagen\/2022\/06\/28\/var-plats-i-skapelsen\/#primaryimage\"},\"image\":{\"@id\":\"https:\/\/blogg.svenskakyrkan.se\/vandravagen\/2022\/06\/28\/var-plats-i-skapelsen\/#primaryimage\"},\"thumbnailUrl\":\"https:\/\/blogg.svenskakyrkan.se\/vandravagen\/files\/2022\/06\/jnj.jpg\",\"datePublished\":\"2022-06-28T05:00:09+00:00\",\"dateModified\":\"2022-06-28T05:00:11+00:00\",\"breadcrumb\":{\"@id\":\"https:\/\/blogg.svenskakyrkan.se\/vandravagen\/2022\/06\/28\/var-plats-i-skapelsen\/#breadcrumb\"},\"inLanguage\":\"sv-SE\",\"potentialAction\":[{\"@type\":\"ReadAction\",\"target\":[\"https:\/\/blogg.svenskakyrkan.se\/vandravagen\/2022\/06\/28\/var-plats-i-skapelsen\/\"]}]},{\"@type\":\"ImageObject\",\"inLanguage\":\"sv-SE\",\"@id\":\"https:\/\/blogg.svenskakyrkan.se\/vandravagen\/2022\/06\/28\/var-plats-i-skapelsen\/#primaryimage\",\"url\":\"https:\/\/blogg.svenskakyrkan.se\/vandravagen\/files\/2022\/06\/jnj.jpg\",\"contentUrl\":\"https:\/\/blogg.svenskakyrkan.se\/vandravagen\/files\/2022\/06\/jnj.jpg\",\"width\":750,\"height\":747},{\"@type\":\"BreadcrumbList\",\"@id\":\"https:\/\/blogg.svenskakyrkan.se\/vandravagen\/2022\/06\/28\/var-plats-i-skapelsen\/#breadcrumb\",\"itemListElement\":[{\"@type\":\"ListItem\",\"position\":1,\"name\":\"Hem\",\"item\":\"https:\/\/blogg.svenskakyrkan.se\/vandravagen\/\"},{\"@type\":\"ListItem\",\"position\":2,\"name\":\"kristen\",\"item\":\"https:\/\/blogg.svenskakyrkan.se\/vandravagen\/tag\/kristen\/\"},{\"@type\":\"ListItem\",\"position\":3,\"name\":\"V\u00e5r plats i skapelsen\"}]},{\"@type\":\"WebSite\",\"@id\":\"https:\/\/blogg.svenskakyrkan.se\/vandravagen\/#website\",\"url\":\"https:\/\/blogg.svenskakyrkan.se\/vandravagen\/\",\"name\":\"Vandra V\u00e4gen\",\"description\":\"-Mot en tro f\u00f6r hela livet\",\"publisher\":{\"@id\":\"https:\/\/blogg.svenskakyrkan.se\/vandravagen\/#organization\"},\"potentialAction\":[{\"@type\":\"SearchAction\",\"target\":{\"@type\":\"EntryPoint\",\"urlTemplate\":\"https:\/\/blogg.svenskakyrkan.se\/vandravagen\/?s={search_term_string}\"},\"query-input\":{\"@type\":\"PropertyValueSpecification\",\"valueRequired\":true,\"valueName\":\"search_term_string\"}}],\"inLanguage\":\"sv-SE\"},{\"@type\":\"Organization\",\"@id\":\"https:\/\/blogg.svenskakyrkan.se\/vandravagen\/#organization\",\"name\":\"ulricehamns pastorat\",\"alternateName\":\"ulricehamns pastorat\",\"url\":\"https:\/\/blogg.svenskakyrkan.se\/vandravagen\/\",\"logo\":{\"@type\":\"ImageObject\",\"inLanguage\":\"sv-SE\",\"@id\":\"https:\/\/blogg.svenskakyrkan.se\/vandravagen\/#\/schema\/logo\/image\/\",\"url\":\"https:\/\/blogg.svenskakyrkan.se\/vandravagen\/files\/2023\/05\/Ulr_logo_RGB.png\",\"contentUrl\":\"https:\/\/blogg.svenskakyrkan.se\/vandravagen\/files\/2023\/05\/Ulr_logo_RGB.png\",\"width\":205,\"height\":77,\"caption\":\"ulricehamns pastorat\"},\"image\":{\"@id\":\"https:\/\/blogg.svenskakyrkan.se\/vandravagen\/#\/schema\/logo\/image\/\"},\"sameAs\":[\"http:\/\/facebook.com\/vandravagen\",\"https:\/\/x.com\/fadertomas\",\"http:\/\/www.facebook.com\/svenskakyrkaniulricehamn\"]},{\"@type\":\"Person\",\"@id\":\"https:\/\/blogg.svenskakyrkan.se\/vandravagen\/#\/schema\/person\/25da02d4f76b137d04291711e2c9fc16\",\"name\":\"Tomas Jarvid\",\"image\":{\"@type\":\"ImageObject\",\"inLanguage\":\"sv-SE\",\"@id\":\"https:\/\/blogg.svenskakyrkan.se\/vandravagen\/#\/schema\/person\/image\/\",\"url\":\"https:\/\/secure.gravatar.com\/avatar\/7fa71899795e8f540f615a1f5ab25255dc27aa40f05ee7ddd21aac521e01bf50?s=96&d=identicon&r=g\",\"contentUrl\":\"https:\/\/secure.gravatar.com\/avatar\/7fa71899795e8f540f615a1f5ab25255dc27aa40f05ee7ddd21aac521e01bf50?s=96&d=identicon&r=g\",\"caption\":\"Tomas Jarvid\"},\"description\":\"Jag bor i Ulricehamn i V\u00e4sterg\u00f6tland och \u00e4r f\u00f6rsamlingspr\u00e4st i Svenska Kyrkan f\u00f6r Dalstorps f\u00f6rsamling i Kinds pastorat. P\u00e5 den h\u00e4r bloggen skriver jag ner tankar om vandringen som kristen.\",\"sameAs\":[\"http:\/\/www.vandravagen.se\"],\"url\":\"https:\/\/blogg.svenskakyrkan.se\/vandravagen\/author\/vandravagen\/\"}]}<\/script>\n<!-- \/ Yoast SEO plugin. -->","yoast_head_json":{"title":"V\u00e5r plats i skapelsen - Vandra V\u00e4gen","robots":{"index":"index","follow":"follow","max-snippet":"max-snippet:-1","max-image-preview":"max-image-preview:large","max-video-preview":"max-video-preview:-1"},"canonical":"https:\/\/blogg.svenskakyrkan.se\/vandravagen\/2022\/06\/28\/var-plats-i-skapelsen\/","og_locale":"sv_SE","og_type":"article","og_title":"V\u00e5r plats i skapelsen - Vandra V\u00e4gen","og_description":"L\u00f6rdagens gudstj\u00e4nster I l\u00f6rdags ledde jag tv\u00e5 gudstj\u00e4nster, en i Tv\u00e4rreds kyrkoruin (d\u00e4rav detta med en kyrka utan v\u00e4ggar ) och en i Gr\u00f6nah\u00f6gs kyrka (som jag blev sen till och blev r\u00e4ddad av f\u00f6rsamlingen som b\u00f6rjade utan mig). Att predika om skapelsen \u00e4r ju n\u00e5got vi borde g\u00f6ra oftare s\u00e5 hoppas den h\u00e4r \u00e4r [&hellip;]","og_url":"https:\/\/blogg.svenskakyrkan.se\/vandravagen\/2022\/06\/28\/var-plats-i-skapelsen\/","og_site_name":"Vandra V\u00e4gen","article_publisher":"http:\/\/facebook.com\/vandravagen","article_published_time":"2022-06-28T05:00:09+00:00","article_modified_time":"2022-06-28T05:00:11+00:00","og_image":[{"width":750,"height":747,"url":"https:\/\/blogg.svenskakyrkan.se\/vandravagen\/files\/2022\/06\/jnj.jpg","type":"image\/jpeg"}],"author":"Tomas Jarvid","twitter_card":"summary_large_image","twitter_creator":"@fadertomas","twitter_site":"@fadertomas","twitter_misc":{"Skriven av":"Tomas Jarvid","Ber\u00e4knad l\u00e4stid":"8 minuter"},"schema":{"@context":"https:\/\/schema.org","@graph":[{"@type":"Article","@id":"https:\/\/blogg.svenskakyrkan.se\/vandravagen\/2022\/06\/28\/var-plats-i-skapelsen\/#article","isPartOf":{"@id":"https:\/\/blogg.svenskakyrkan.se\/vandravagen\/2022\/06\/28\/var-plats-i-skapelsen\/"},"author":{"name":"Tomas Jarvid","@id":"https:\/\/blogg.svenskakyrkan.se\/vandravagen\/#\/schema\/person\/25da02d4f76b137d04291711e2c9fc16"},"headline":"V\u00e5r plats i skapelsen","datePublished":"2022-06-28T05:00:09+00:00","dateModified":"2022-06-28T05:00:11+00:00","mainEntityOfPage":{"@id":"https:\/\/blogg.svenskakyrkan.se\/vandravagen\/2022\/06\/28\/var-plats-i-skapelsen\/"},"wordCount":1573,"commentCount":4,"publisher":{"@id":"https:\/\/blogg.svenskakyrkan.se\/vandravagen\/#organization"},"image":{"@id":"https:\/\/blogg.svenskakyrkan.se\/vandravagen\/2022\/06\/28\/var-plats-i-skapelsen\/#primaryimage"},"thumbnailUrl":"https:\/\/blogg.svenskakyrkan.se\/vandravagen\/files\/2022\/06\/jnj.jpg","keywords":["kristen","kyrka","naturen","predikan","skapelsen","sl\u00e4kttr\u00e4d","tv\u00e4rreds kyrkoruin"],"articleSection":["predikan","skapelsen","skapelseteologi","vetenskap"],"inLanguage":"sv-SE","potentialAction":[{"@type":"CommentAction","name":"Comment","target":["https:\/\/blogg.svenskakyrkan.se\/vandravagen\/2022\/06\/28\/var-plats-i-skapelsen\/#respond"]}]},{"@type":"WebPage","@id":"https:\/\/blogg.svenskakyrkan.se\/vandravagen\/2022\/06\/28\/var-plats-i-skapelsen\/","url":"https:\/\/blogg.svenskakyrkan.se\/vandravagen\/2022\/06\/28\/var-plats-i-skapelsen\/","name":"V\u00e5r plats i skapelsen - Vandra V\u00e4gen","isPartOf":{"@id":"https:\/\/blogg.svenskakyrkan.se\/vandravagen\/#website"},"primaryImageOfPage":{"@id":"https:\/\/blogg.svenskakyrkan.se\/vandravagen\/2022\/06\/28\/var-plats-i-skapelsen\/#primaryimage"},"image":{"@id":"https:\/\/blogg.svenskakyrkan.se\/vandravagen\/2022\/06\/28\/var-plats-i-skapelsen\/#primaryimage"},"thumbnailUrl":"https:\/\/blogg.svenskakyrkan.se\/vandravagen\/files\/2022\/06\/jnj.jpg","datePublished":"2022-06-28T05:00:09+00:00","dateModified":"2022-06-28T05:00:11+00:00","breadcrumb":{"@id":"https:\/\/blogg.svenskakyrkan.se\/vandravagen\/2022\/06\/28\/var-plats-i-skapelsen\/#breadcrumb"},"inLanguage":"sv-SE","potentialAction":[{"@type":"ReadAction","target":["https:\/\/blogg.svenskakyrkan.se\/vandravagen\/2022\/06\/28\/var-plats-i-skapelsen\/"]}]},{"@type":"ImageObject","inLanguage":"sv-SE","@id":"https:\/\/blogg.svenskakyrkan.se\/vandravagen\/2022\/06\/28\/var-plats-i-skapelsen\/#primaryimage","url":"https:\/\/blogg.svenskakyrkan.se\/vandravagen\/files\/2022\/06\/jnj.jpg","contentUrl":"https:\/\/blogg.svenskakyrkan.se\/vandravagen\/files\/2022\/06\/jnj.jpg","width":750,"height":747},{"@type":"BreadcrumbList","@id":"https:\/\/blogg.svenskakyrkan.se\/vandravagen\/2022\/06\/28\/var-plats-i-skapelsen\/#breadcrumb","itemListElement":[{"@type":"ListItem","position":1,"name":"Hem","item":"https:\/\/blogg.svenskakyrkan.se\/vandravagen\/"},{"@type":"ListItem","position":2,"name":"kristen","item":"https:\/\/blogg.svenskakyrkan.se\/vandravagen\/tag\/kristen\/"},{"@type":"ListItem","position":3,"name":"V\u00e5r plats i skapelsen"}]},{"@type":"WebSite","@id":"https:\/\/blogg.svenskakyrkan.se\/vandravagen\/#website","url":"https:\/\/blogg.svenskakyrkan.se\/vandravagen\/","name":"Vandra V\u00e4gen","description":"-Mot en tro f\u00f6r hela livet","publisher":{"@id":"https:\/\/blogg.svenskakyrkan.se\/vandravagen\/#organization"},"potentialAction":[{"@type":"SearchAction","target":{"@type":"EntryPoint","urlTemplate":"https:\/\/blogg.svenskakyrkan.se\/vandravagen\/?s={search_term_string}"},"query-input":{"@type":"PropertyValueSpecification","valueRequired":true,"valueName":"search_term_string"}}],"inLanguage":"sv-SE"},{"@type":"Organization","@id":"https:\/\/blogg.svenskakyrkan.se\/vandravagen\/#organization","name":"ulricehamns pastorat","alternateName":"ulricehamns pastorat","url":"https:\/\/blogg.svenskakyrkan.se\/vandravagen\/","logo":{"@type":"ImageObject","inLanguage":"sv-SE","@id":"https:\/\/blogg.svenskakyrkan.se\/vandravagen\/#\/schema\/logo\/image\/","url":"https:\/\/blogg.svenskakyrkan.se\/vandravagen\/files\/2023\/05\/Ulr_logo_RGB.png","contentUrl":"https:\/\/blogg.svenskakyrkan.se\/vandravagen\/files\/2023\/05\/Ulr_logo_RGB.png","width":205,"height":77,"caption":"ulricehamns pastorat"},"image":{"@id":"https:\/\/blogg.svenskakyrkan.se\/vandravagen\/#\/schema\/logo\/image\/"},"sameAs":["http:\/\/facebook.com\/vandravagen","https:\/\/x.com\/fadertomas","http:\/\/www.facebook.com\/svenskakyrkaniulricehamn"]},{"@type":"Person","@id":"https:\/\/blogg.svenskakyrkan.se\/vandravagen\/#\/schema\/person\/25da02d4f76b137d04291711e2c9fc16","name":"Tomas Jarvid","image":{"@type":"ImageObject","inLanguage":"sv-SE","@id":"https:\/\/blogg.svenskakyrkan.se\/vandravagen\/#\/schema\/person\/image\/","url":"https:\/\/secure.gravatar.com\/avatar\/7fa71899795e8f540f615a1f5ab25255dc27aa40f05ee7ddd21aac521e01bf50?s=96&d=identicon&r=g","contentUrl":"https:\/\/secure.gravatar.com\/avatar\/7fa71899795e8f540f615a1f5ab25255dc27aa40f05ee7ddd21aac521e01bf50?s=96&d=identicon&r=g","caption":"Tomas Jarvid"},"description":"Jag bor i Ulricehamn i V\u00e4sterg\u00f6tland och \u00e4r f\u00f6rsamlingspr\u00e4st i Svenska Kyrkan f\u00f6r Dalstorps f\u00f6rsamling i Kinds pastorat. P\u00e5 den h\u00e4r bloggen skriver jag ner tankar om vandringen som kristen.","sameAs":["http:\/\/www.vandravagen.se"],"url":"https:\/\/blogg.svenskakyrkan.se\/vandravagen\/author\/vandravagen\/"}]}},"author_meta":{"ID":"392","user_nicename":"vandravagen","user_url":"http:\/\/www.vandravagen.se","user_registered":"2014-05-19 05:44:52","display_name":"Tomas Jarvid","first_name":"Tomas","last_name":"Jarvid","avatar":"https:\/\/secure.gravatar.com\/avatar\/7fa71899795e8f540f615a1f5ab25255dc27aa40f05ee7ddd21aac521e01bf50?s=96&d=identicon&r=g"},"featured_image":["https:\/\/blogg.svenskakyrkan.se\/vandravagen\/files\/2022\/06\/jnj.jpg",750,747,false],"bloginfo":{"name":"Vandra V\u00e4gen","url":"https:\/\/blogg.svenskakyrkan.se\/vandravagen"},"_links":{"self":[{"href":"https:\/\/blogg.svenskakyrkan.se\/vandravagen\/wp-json\/wp\/v2\/posts\/9015","targetHints":{"allow":["GET"]}}],"collection":[{"href":"https:\/\/blogg.svenskakyrkan.se\/vandravagen\/wp-json\/wp\/v2\/posts"}],"about":[{"href":"https:\/\/blogg.svenskakyrkan.se\/vandravagen\/wp-json\/wp\/v2\/types\/post"}],"author":[{"embeddable":true,"href":"https:\/\/blogg.svenskakyrkan.se\/vandravagen\/wp-json\/wp\/v2\/users\/392"}],"replies":[{"embeddable":true,"href":"https:\/\/blogg.svenskakyrkan.se\/vandravagen\/wp-json\/wp\/v2\/comments?post=9015"}],"version-history":[{"count":2,"href":"https:\/\/blogg.svenskakyrkan.se\/vandravagen\/wp-json\/wp\/v2\/posts\/9015\/revisions"}],"predecessor-version":[{"id":9018,"href":"https:\/\/blogg.svenskakyrkan.se\/vandravagen\/wp-json\/wp\/v2\/posts\/9015\/revisions\/9018"}],"wp:featuredmedia":[{"embeddable":true,"href":"https:\/\/blogg.svenskakyrkan.se\/vandravagen\/wp-json\/wp\/v2\/media\/9017"}],"wp:attachment":[{"href":"https:\/\/blogg.svenskakyrkan.se\/vandravagen\/wp-json\/wp\/v2\/media?parent=9015"}],"wp:term":[{"taxonomy":"category","embeddable":true,"href":"https:\/\/blogg.svenskakyrkan.se\/vandravagen\/wp-json\/wp\/v2\/categories?post=9015"},{"taxonomy":"post_tag","embeddable":true,"href":"https:\/\/blogg.svenskakyrkan.se\/vandravagen\/wp-json\/wp\/v2\/tags?post=9015"}],"curies":[{"name":"wp","href":"https:\/\/api.w.org\/{rel}","templated":true}]}}