{"id":9029,"date":"2022-07-12T07:00:00","date_gmt":"2022-07-12T05:00:00","guid":{"rendered":"https:\/\/blogg.svenskakyrkan.se\/vandravagen\/?p=9029"},"modified":"2022-07-11T23:38:31","modified_gmt":"2022-07-11T21:38:31","slug":"9-blandade-tankar-pa-tisdagen-4","status":"publish","type":"post","link":"https:\/\/blogg.svenskakyrkan.se\/vandravagen\/2022\/07\/12\/9-blandade-tankar-pa-tisdagen-4\/","title":{"rendered":"9 blandade tankar p\u00e5 tisdagen"},"content":{"rendered":"\n\n\n<figure class=\"wp-block-image size-large\"><img loading=\"lazy\" decoding=\"async\" width=\"550\" height=\"485\" src=\"https:\/\/blogg.svenskakyrkan.se\/vandravagen\/files\/2022\/07\/Seaside-Holidays-Resources-Victorian-ice-cream-seller.jpg\" alt=\"\" class=\"wp-image-9030\" srcset=\"https:\/\/blogg.svenskakyrkan.se\/vandravagen\/files\/2022\/07\/Seaside-Holidays-Resources-Victorian-ice-cream-seller.jpg 550w, https:\/\/blogg.svenskakyrkan.se\/vandravagen\/files\/2022\/07\/Seaside-Holidays-Resources-Victorian-ice-cream-seller-300x265.jpg 300w\" sizes=\"auto, (max-width: 550px) 100vw, 550px\" \/><figcaption>Glassvagn fr\u00e5n f\u00f6rr.<\/figcaption><\/figure>\n\n\n\n<ol class=\"wp-block-list\"><li>Glad s\u00f6ndag k\u00e4ra l\u00e4sare!<\/li><li>Dagvillheten har b\u00f6rjat komma nu en bit in p\u00e5 semestern och det har g\u00e5tt r\u00e4tt l\u00e5ng tid efter s\u00f6ndag utan blandade tankar men h\u00e4r \u00e4r vi nu.<\/li><li>Vi har fortsatt v\u00e5r familjetradition att \u00f6vernatta p\u00e5 sm\u00e5 \u00f6ar med hj\u00e4lp av kanoten. Detta var fj\u00e4rde \u00f6n i ordningen och hela familjen var med men paddlingsstr\u00e4ckan var v\u00e4ldigt kort med tanke p\u00e5 att det var lillens f\u00f6rsta paddeltur att tala om s\u00e5 man visste ju inte helt hur det skulle g\u00e5. Och tur att det var kort f\u00f6rresten f\u00f6r numera f\u00e5r vi frakta \u00f6ver oss i omg\u00e5ngar, vi har vuxit ur enkanotslivet verkar det.<\/li><li>Lillen tyckte i alla fall om att \u00e5ka kanot s\u00e5 d\u00e5 kan man ju pusta ut.<\/li><li>Kanotens mystiska l\u00e4cka finns visst kvar. Och det \u00e4r en del spikar som b\u00f6rjar krypa ut och duken \u00e4r inte lika sp\u00e4nd som f\u00f6rr men s\u00e5 har jag ocks\u00e5 kommit p\u00e5 att kanoten fyller 20 \u00e5r n\u00e4sta \u00e4r s\u00e5 den \u00e4r \u00e4nd\u00e5 i bra form f\u00f6r sin \u00e5lder.<\/li><li>Undrar hur det g\u00e5r med bl\u00e5b\u00e4r d\u00e4r ute i skogarna?<\/li><li>Det \u00e4r lite ont om saker att ber\u00e4tta nu tycker jag. Jag trampade fel lite med foten n\u00e4r jag sprang f\u00f6r n\u00e5gra dagar sen men nu \u00e4r den lite b\u00e4ttre. K\u00e4nner sj\u00e4lv vilken tunn story det d\u00e4r var.<\/li><li>Jag s\u00f6kte p\u00e5 v\u00e4ldigt gamla semesterbilder p\u00e5 n\u00e4tet (upphovsr\u00e4tten ni vet, det \u00e4r d\u00e4rf\u00f6r jag alltid har s\u00e5 gamla konstiga bilder som ingen kan ha r\u00e4tten till) och h\u00e4r \u00e4r en fin gammal viktoriansk glassvagn!<\/li><li>Hur har du det nu i sommaren? Skriv en rad och ber\u00e4tta!<\/li><\/ol>\n","protected":false},"excerpt":{"rendered":"<p>Glad s\u00f6ndag k\u00e4ra l\u00e4sare! Dagvillheten har b\u00f6rjat komma nu en bit in p\u00e5 semestern och det har g\u00e5tt r\u00e4tt l\u00e5ng tid efter s\u00f6ndag utan blandade tankar men h\u00e4r \u00e4r vi nu. Vi har fortsatt v\u00e5r familjetradition att \u00f6vernatta p\u00e5 sm\u00e5 \u00f6ar med hj\u00e4lp av kanoten. Detta var fj\u00e4rde \u00f6n i ordningen och hela familjen var [&hellip;]<\/p>\n","protected":false},"author":392,"featured_media":9030,"comment_status":"open","ping_status":"open","sticky":false,"template":"","format":"standard","meta":{"_acf_changed":false,"footnotes":""},"categories":[9],"tags":[],"class_list":["post-9029","post","type-post","status-publish","format-standard","has-post-thumbnail","hentry","category-okategoriserade"],"acf":[],"yoast_head":"<!-- This site is optimized with the Yoast SEO plugin v27.1.1 - https:\/\/yoast.com\/product\/yoast-seo-wordpress\/ -->\n<title>9 blandade tankar p\u00e5 tisdagen - Vandra V\u00e4gen<\/title>\n<meta name=\"robots\" content=\"index, follow, max-snippet:-1, max-image-preview:large, max-video-preview:-1\" \/>\n<link rel=\"canonical\" href=\"https:\/\/blogg.svenskakyrkan.se\/vandravagen\/2022\/07\/12\/9-blandade-tankar-pa-tisdagen-4\/\" \/>\n<meta property=\"og:locale\" content=\"sv_SE\" \/>\n<meta property=\"og:type\" content=\"article\" \/>\n<meta property=\"og:title\" content=\"9 blandade tankar p\u00e5 tisdagen - Vandra V\u00e4gen\" \/>\n<meta property=\"og:description\" content=\"Glad s\u00f6ndag k\u00e4ra l\u00e4sare! Dagvillheten har b\u00f6rjat komma nu en bit in p\u00e5 semestern och det har g\u00e5tt r\u00e4tt l\u00e5ng tid efter s\u00f6ndag utan blandade tankar men h\u00e4r \u00e4r vi nu. Vi har fortsatt v\u00e5r familjetradition att \u00f6vernatta p\u00e5 sm\u00e5 \u00f6ar med hj\u00e4lp av kanoten. Detta var fj\u00e4rde \u00f6n i ordningen och hela familjen var [&hellip;]\" \/>\n<meta property=\"og:url\" content=\"https:\/\/blogg.svenskakyrkan.se\/vandravagen\/2022\/07\/12\/9-blandade-tankar-pa-tisdagen-4\/\" \/>\n<meta property=\"og:site_name\" content=\"Vandra V\u00e4gen\" \/>\n<meta property=\"article:publisher\" content=\"http:\/\/facebook.com\/vandravagen\" \/>\n<meta property=\"article:published_time\" content=\"2022-07-12T05:00:00+00:00\" \/>\n<meta property=\"og:image\" content=\"https:\/\/blogg.svenskakyrkan.se\/vandravagen\/files\/2022\/07\/Seaside-Holidays-Resources-Victorian-ice-cream-seller.jpg\" \/>\n\t<meta property=\"og:image:width\" content=\"550\" \/>\n\t<meta property=\"og:image:height\" content=\"485\" \/>\n\t<meta property=\"og:image:type\" content=\"image\/jpeg\" \/>\n<meta name=\"author\" content=\"Tomas Jarvid\" \/>\n<meta name=\"twitter:card\" content=\"summary_large_image\" \/>\n<meta name=\"twitter:creator\" content=\"@fadertomas\" \/>\n<meta name=\"twitter:site\" content=\"@fadertomas\" \/>\n<meta name=\"twitter:label1\" content=\"Skriven av\" \/>\n\t<meta name=\"twitter:data1\" content=\"Tomas Jarvid\" \/>\n\t<meta name=\"twitter:label2\" content=\"Ber\u00e4knad l\u00e4stid\" \/>\n\t<meta name=\"twitter:data2\" content=\"2 minuter\" \/>\n<script type=\"application\/ld+json\" class=\"yoast-schema-graph\">{\"@context\":\"https:\/\/schema.org\",\"@graph\":[{\"@type\":\"Article\",\"@id\":\"https:\/\/blogg.svenskakyrkan.se\/vandravagen\/2022\/07\/12\/9-blandade-tankar-pa-tisdagen-4\/#article\",\"isPartOf\":{\"@id\":\"https:\/\/blogg.svenskakyrkan.se\/vandravagen\/2022\/07\/12\/9-blandade-tankar-pa-tisdagen-4\/\"},\"author\":{\"name\":\"Tomas Jarvid\",\"@id\":\"https:\/\/blogg.svenskakyrkan.se\/vandravagen\/#\/schema\/person\/25da02d4f76b137d04291711e2c9fc16\"},\"headline\":\"9 blandade tankar p\u00e5 tisdagen\",\"datePublished\":\"2022-07-12T05:00:00+00:00\",\"mainEntityOfPage\":{\"@id\":\"https:\/\/blogg.svenskakyrkan.se\/vandravagen\/2022\/07\/12\/9-blandade-tankar-pa-tisdagen-4\/\"},\"wordCount\":319,\"commentCount\":3,\"publisher\":{\"@id\":\"https:\/\/blogg.svenskakyrkan.se\/vandravagen\/#organization\"},\"image\":{\"@id\":\"https:\/\/blogg.svenskakyrkan.se\/vandravagen\/2022\/07\/12\/9-blandade-tankar-pa-tisdagen-4\/#primaryimage\"},\"thumbnailUrl\":\"https:\/\/blogg.svenskakyrkan.se\/vandravagen\/files\/2022\/07\/Seaside-Holidays-Resources-Victorian-ice-cream-seller.jpg\",\"inLanguage\":\"sv-SE\",\"potentialAction\":[{\"@type\":\"CommentAction\",\"name\":\"Comment\",\"target\":[\"https:\/\/blogg.svenskakyrkan.se\/vandravagen\/2022\/07\/12\/9-blandade-tankar-pa-tisdagen-4\/#respond\"]}]},{\"@type\":\"WebPage\",\"@id\":\"https:\/\/blogg.svenskakyrkan.se\/vandravagen\/2022\/07\/12\/9-blandade-tankar-pa-tisdagen-4\/\",\"url\":\"https:\/\/blogg.svenskakyrkan.se\/vandravagen\/2022\/07\/12\/9-blandade-tankar-pa-tisdagen-4\/\",\"name\":\"9 blandade tankar p\u00e5 tisdagen - Vandra V\u00e4gen\",\"isPartOf\":{\"@id\":\"https:\/\/blogg.svenskakyrkan.se\/vandravagen\/#website\"},\"primaryImageOfPage\":{\"@id\":\"https:\/\/blogg.svenskakyrkan.se\/vandravagen\/2022\/07\/12\/9-blandade-tankar-pa-tisdagen-4\/#primaryimage\"},\"image\":{\"@id\":\"https:\/\/blogg.svenskakyrkan.se\/vandravagen\/2022\/07\/12\/9-blandade-tankar-pa-tisdagen-4\/#primaryimage\"},\"thumbnailUrl\":\"https:\/\/blogg.svenskakyrkan.se\/vandravagen\/files\/2022\/07\/Seaside-Holidays-Resources-Victorian-ice-cream-seller.jpg\",\"datePublished\":\"2022-07-12T05:00:00+00:00\",\"breadcrumb\":{\"@id\":\"https:\/\/blogg.svenskakyrkan.se\/vandravagen\/2022\/07\/12\/9-blandade-tankar-pa-tisdagen-4\/#breadcrumb\"},\"inLanguage\":\"sv-SE\",\"potentialAction\":[{\"@type\":\"ReadAction\",\"target\":[\"https:\/\/blogg.svenskakyrkan.se\/vandravagen\/2022\/07\/12\/9-blandade-tankar-pa-tisdagen-4\/\"]}]},{\"@type\":\"ImageObject\",\"inLanguage\":\"sv-SE\",\"@id\":\"https:\/\/blogg.svenskakyrkan.se\/vandravagen\/2022\/07\/12\/9-blandade-tankar-pa-tisdagen-4\/#primaryimage\",\"url\":\"https:\/\/blogg.svenskakyrkan.se\/vandravagen\/files\/2022\/07\/Seaside-Holidays-Resources-Victorian-ice-cream-seller.jpg\",\"contentUrl\":\"https:\/\/blogg.svenskakyrkan.se\/vandravagen\/files\/2022\/07\/Seaside-Holidays-Resources-Victorian-ice-cream-seller.jpg\",\"width\":550,\"height\":485},{\"@type\":\"BreadcrumbList\",\"@id\":\"https:\/\/blogg.svenskakyrkan.se\/vandravagen\/2022\/07\/12\/9-blandade-tankar-pa-tisdagen-4\/#breadcrumb\",\"itemListElement\":[{\"@type\":\"ListItem\",\"position\":1,\"name\":\"Hem\",\"item\":\"https:\/\/blogg.svenskakyrkan.se\/vandravagen\/\"},{\"@type\":\"ListItem\",\"position\":2,\"name\":\"9 blandade tankar p\u00e5 tisdagen\"}]},{\"@type\":\"WebSite\",\"@id\":\"https:\/\/blogg.svenskakyrkan.se\/vandravagen\/#website\",\"url\":\"https:\/\/blogg.svenskakyrkan.se\/vandravagen\/\",\"name\":\"Vandra V\u00e4gen\",\"description\":\"-Mot en tro f\u00f6r hela livet\",\"publisher\":{\"@id\":\"https:\/\/blogg.svenskakyrkan.se\/vandravagen\/#organization\"},\"potentialAction\":[{\"@type\":\"SearchAction\",\"target\":{\"@type\":\"EntryPoint\",\"urlTemplate\":\"https:\/\/blogg.svenskakyrkan.se\/vandravagen\/?s={search_term_string}\"},\"query-input\":{\"@type\":\"PropertyValueSpecification\",\"valueRequired\":true,\"valueName\":\"search_term_string\"}}],\"inLanguage\":\"sv-SE\"},{\"@type\":\"Organization\",\"@id\":\"https:\/\/blogg.svenskakyrkan.se\/vandravagen\/#organization\",\"name\":\"ulricehamns pastorat\",\"alternateName\":\"ulricehamns pastorat\",\"url\":\"https:\/\/blogg.svenskakyrkan.se\/vandravagen\/\",\"logo\":{\"@type\":\"ImageObject\",\"inLanguage\":\"sv-SE\",\"@id\":\"https:\/\/blogg.svenskakyrkan.se\/vandravagen\/#\/schema\/logo\/image\/\",\"url\":\"https:\/\/blogg.svenskakyrkan.se\/vandravagen\/files\/2023\/05\/Ulr_logo_RGB.png\",\"contentUrl\":\"https:\/\/blogg.svenskakyrkan.se\/vandravagen\/files\/2023\/05\/Ulr_logo_RGB.png\",\"width\":205,\"height\":77,\"caption\":\"ulricehamns pastorat\"},\"image\":{\"@id\":\"https:\/\/blogg.svenskakyrkan.se\/vandravagen\/#\/schema\/logo\/image\/\"},\"sameAs\":[\"http:\/\/facebook.com\/vandravagen\",\"https:\/\/x.com\/fadertomas\",\"http:\/\/www.facebook.com\/svenskakyrkaniulricehamn\"]},{\"@type\":\"Person\",\"@id\":\"https:\/\/blogg.svenskakyrkan.se\/vandravagen\/#\/schema\/person\/25da02d4f76b137d04291711e2c9fc16\",\"name\":\"Tomas Jarvid\",\"image\":{\"@type\":\"ImageObject\",\"inLanguage\":\"sv-SE\",\"@id\":\"https:\/\/blogg.svenskakyrkan.se\/vandravagen\/#\/schema\/person\/image\/\",\"url\":\"https:\/\/secure.gravatar.com\/avatar\/7fa71899795e8f540f615a1f5ab25255dc27aa40f05ee7ddd21aac521e01bf50?s=96&d=identicon&r=g\",\"contentUrl\":\"https:\/\/secure.gravatar.com\/avatar\/7fa71899795e8f540f615a1f5ab25255dc27aa40f05ee7ddd21aac521e01bf50?s=96&d=identicon&r=g\",\"caption\":\"Tomas Jarvid\"},\"description\":\"Jag bor i Ulricehamn i V\u00e4sterg\u00f6tland och \u00e4r f\u00f6rsamlingspr\u00e4st i Svenska Kyrkan f\u00f6r Dalstorps f\u00f6rsamling i Kinds pastorat. P\u00e5 den h\u00e4r bloggen skriver jag ner tankar om vandringen som kristen.\",\"sameAs\":[\"http:\/\/www.vandravagen.se\"],\"url\":\"https:\/\/blogg.svenskakyrkan.se\/vandravagen\/author\/vandravagen\/\"}]}<\/script>\n<!-- \/ Yoast SEO plugin. -->","yoast_head_json":{"title":"9 blandade tankar p\u00e5 tisdagen - Vandra V\u00e4gen","robots":{"index":"index","follow":"follow","max-snippet":"max-snippet:-1","max-image-preview":"max-image-preview:large","max-video-preview":"max-video-preview:-1"},"canonical":"https:\/\/blogg.svenskakyrkan.se\/vandravagen\/2022\/07\/12\/9-blandade-tankar-pa-tisdagen-4\/","og_locale":"sv_SE","og_type":"article","og_title":"9 blandade tankar p\u00e5 tisdagen - Vandra V\u00e4gen","og_description":"Glad s\u00f6ndag k\u00e4ra l\u00e4sare! Dagvillheten har b\u00f6rjat komma nu en bit in p\u00e5 semestern och det har g\u00e5tt r\u00e4tt l\u00e5ng tid efter s\u00f6ndag utan blandade tankar men h\u00e4r \u00e4r vi nu. Vi har fortsatt v\u00e5r familjetradition att \u00f6vernatta p\u00e5 sm\u00e5 \u00f6ar med hj\u00e4lp av kanoten. Detta var fj\u00e4rde \u00f6n i ordningen och hela familjen var [&hellip;]","og_url":"https:\/\/blogg.svenskakyrkan.se\/vandravagen\/2022\/07\/12\/9-blandade-tankar-pa-tisdagen-4\/","og_site_name":"Vandra V\u00e4gen","article_publisher":"http:\/\/facebook.com\/vandravagen","article_published_time":"2022-07-12T05:00:00+00:00","og_image":[{"width":550,"height":485,"url":"https:\/\/blogg.svenskakyrkan.se\/vandravagen\/files\/2022\/07\/Seaside-Holidays-Resources-Victorian-ice-cream-seller.jpg","type":"image\/jpeg"}],"author":"Tomas Jarvid","twitter_card":"summary_large_image","twitter_creator":"@fadertomas","twitter_site":"@fadertomas","twitter_misc":{"Skriven av":"Tomas Jarvid","Ber\u00e4knad l\u00e4stid":"2 minuter"},"schema":{"@context":"https:\/\/schema.org","@graph":[{"@type":"Article","@id":"https:\/\/blogg.svenskakyrkan.se\/vandravagen\/2022\/07\/12\/9-blandade-tankar-pa-tisdagen-4\/#article","isPartOf":{"@id":"https:\/\/blogg.svenskakyrkan.se\/vandravagen\/2022\/07\/12\/9-blandade-tankar-pa-tisdagen-4\/"},"author":{"name":"Tomas Jarvid","@id":"https:\/\/blogg.svenskakyrkan.se\/vandravagen\/#\/schema\/person\/25da02d4f76b137d04291711e2c9fc16"},"headline":"9 blandade tankar p\u00e5 tisdagen","datePublished":"2022-07-12T05:00:00+00:00","mainEntityOfPage":{"@id":"https:\/\/blogg.svenskakyrkan.se\/vandravagen\/2022\/07\/12\/9-blandade-tankar-pa-tisdagen-4\/"},"wordCount":319,"commentCount":3,"publisher":{"@id":"https:\/\/blogg.svenskakyrkan.se\/vandravagen\/#organization"},"image":{"@id":"https:\/\/blogg.svenskakyrkan.se\/vandravagen\/2022\/07\/12\/9-blandade-tankar-pa-tisdagen-4\/#primaryimage"},"thumbnailUrl":"https:\/\/blogg.svenskakyrkan.se\/vandravagen\/files\/2022\/07\/Seaside-Holidays-Resources-Victorian-ice-cream-seller.jpg","inLanguage":"sv-SE","potentialAction":[{"@type":"CommentAction","name":"Comment","target":["https:\/\/blogg.svenskakyrkan.se\/vandravagen\/2022\/07\/12\/9-blandade-tankar-pa-tisdagen-4\/#respond"]}]},{"@type":"WebPage","@id":"https:\/\/blogg.svenskakyrkan.se\/vandravagen\/2022\/07\/12\/9-blandade-tankar-pa-tisdagen-4\/","url":"https:\/\/blogg.svenskakyrkan.se\/vandravagen\/2022\/07\/12\/9-blandade-tankar-pa-tisdagen-4\/","name":"9 blandade tankar p\u00e5 tisdagen - Vandra V\u00e4gen","isPartOf":{"@id":"https:\/\/blogg.svenskakyrkan.se\/vandravagen\/#website"},"primaryImageOfPage":{"@id":"https:\/\/blogg.svenskakyrkan.se\/vandravagen\/2022\/07\/12\/9-blandade-tankar-pa-tisdagen-4\/#primaryimage"},"image":{"@id":"https:\/\/blogg.svenskakyrkan.se\/vandravagen\/2022\/07\/12\/9-blandade-tankar-pa-tisdagen-4\/#primaryimage"},"thumbnailUrl":"https:\/\/blogg.svenskakyrkan.se\/vandravagen\/files\/2022\/07\/Seaside-Holidays-Resources-Victorian-ice-cream-seller.jpg","datePublished":"2022-07-12T05:00:00+00:00","breadcrumb":{"@id":"https:\/\/blogg.svenskakyrkan.se\/vandravagen\/2022\/07\/12\/9-blandade-tankar-pa-tisdagen-4\/#breadcrumb"},"inLanguage":"sv-SE","potentialAction":[{"@type":"ReadAction","target":["https:\/\/blogg.svenskakyrkan.se\/vandravagen\/2022\/07\/12\/9-blandade-tankar-pa-tisdagen-4\/"]}]},{"@type":"ImageObject","inLanguage":"sv-SE","@id":"https:\/\/blogg.svenskakyrkan.se\/vandravagen\/2022\/07\/12\/9-blandade-tankar-pa-tisdagen-4\/#primaryimage","url":"https:\/\/blogg.svenskakyrkan.se\/vandravagen\/files\/2022\/07\/Seaside-Holidays-Resources-Victorian-ice-cream-seller.jpg","contentUrl":"https:\/\/blogg.svenskakyrkan.se\/vandravagen\/files\/2022\/07\/Seaside-Holidays-Resources-Victorian-ice-cream-seller.jpg","width":550,"height":485},{"@type":"BreadcrumbList","@id":"https:\/\/blogg.svenskakyrkan.se\/vandravagen\/2022\/07\/12\/9-blandade-tankar-pa-tisdagen-4\/#breadcrumb","itemListElement":[{"@type":"ListItem","position":1,"name":"Hem","item":"https:\/\/blogg.svenskakyrkan.se\/vandravagen\/"},{"@type":"ListItem","position":2,"name":"9 blandade tankar p\u00e5 tisdagen"}]},{"@type":"WebSite","@id":"https:\/\/blogg.svenskakyrkan.se\/vandravagen\/#website","url":"https:\/\/blogg.svenskakyrkan.se\/vandravagen\/","name":"Vandra V\u00e4gen","description":"-Mot en tro f\u00f6r hela livet","publisher":{"@id":"https:\/\/blogg.svenskakyrkan.se\/vandravagen\/#organization"},"potentialAction":[{"@type":"SearchAction","target":{"@type":"EntryPoint","urlTemplate":"https:\/\/blogg.svenskakyrkan.se\/vandravagen\/?s={search_term_string}"},"query-input":{"@type":"PropertyValueSpecification","valueRequired":true,"valueName":"search_term_string"}}],"inLanguage":"sv-SE"},{"@type":"Organization","@id":"https:\/\/blogg.svenskakyrkan.se\/vandravagen\/#organization","name":"ulricehamns pastorat","alternateName":"ulricehamns pastorat","url":"https:\/\/blogg.svenskakyrkan.se\/vandravagen\/","logo":{"@type":"ImageObject","inLanguage":"sv-SE","@id":"https:\/\/blogg.svenskakyrkan.se\/vandravagen\/#\/schema\/logo\/image\/","url":"https:\/\/blogg.svenskakyrkan.se\/vandravagen\/files\/2023\/05\/Ulr_logo_RGB.png","contentUrl":"https:\/\/blogg.svenskakyrkan.se\/vandravagen\/files\/2023\/05\/Ulr_logo_RGB.png","width":205,"height":77,"caption":"ulricehamns pastorat"},"image":{"@id":"https:\/\/blogg.svenskakyrkan.se\/vandravagen\/#\/schema\/logo\/image\/"},"sameAs":["http:\/\/facebook.com\/vandravagen","https:\/\/x.com\/fadertomas","http:\/\/www.facebook.com\/svenskakyrkaniulricehamn"]},{"@type":"Person","@id":"https:\/\/blogg.svenskakyrkan.se\/vandravagen\/#\/schema\/person\/25da02d4f76b137d04291711e2c9fc16","name":"Tomas Jarvid","image":{"@type":"ImageObject","inLanguage":"sv-SE","@id":"https:\/\/blogg.svenskakyrkan.se\/vandravagen\/#\/schema\/person\/image\/","url":"https:\/\/secure.gravatar.com\/avatar\/7fa71899795e8f540f615a1f5ab25255dc27aa40f05ee7ddd21aac521e01bf50?s=96&d=identicon&r=g","contentUrl":"https:\/\/secure.gravatar.com\/avatar\/7fa71899795e8f540f615a1f5ab25255dc27aa40f05ee7ddd21aac521e01bf50?s=96&d=identicon&r=g","caption":"Tomas Jarvid"},"description":"Jag bor i Ulricehamn i V\u00e4sterg\u00f6tland och \u00e4r f\u00f6rsamlingspr\u00e4st i Svenska Kyrkan f\u00f6r Dalstorps f\u00f6rsamling i Kinds pastorat. P\u00e5 den h\u00e4r bloggen skriver jag ner tankar om vandringen som kristen.","sameAs":["http:\/\/www.vandravagen.se"],"url":"https:\/\/blogg.svenskakyrkan.se\/vandravagen\/author\/vandravagen\/"}]}},"author_meta":{"ID":"392","user_nicename":"vandravagen","user_url":"http:\/\/www.vandravagen.se","user_registered":"2014-05-19 05:44:52","display_name":"Tomas Jarvid","first_name":"Tomas","last_name":"Jarvid","avatar":"https:\/\/secure.gravatar.com\/avatar\/7fa71899795e8f540f615a1f5ab25255dc27aa40f05ee7ddd21aac521e01bf50?s=96&d=identicon&r=g"},"featured_image":["https:\/\/blogg.svenskakyrkan.se\/vandravagen\/files\/2022\/07\/Seaside-Holidays-Resources-Victorian-ice-cream-seller.jpg",550,485,false],"bloginfo":{"name":"Vandra V\u00e4gen","url":"https:\/\/blogg.svenskakyrkan.se\/vandravagen"},"_links":{"self":[{"href":"https:\/\/blogg.svenskakyrkan.se\/vandravagen\/wp-json\/wp\/v2\/posts\/9029","targetHints":{"allow":["GET"]}}],"collection":[{"href":"https:\/\/blogg.svenskakyrkan.se\/vandravagen\/wp-json\/wp\/v2\/posts"}],"about":[{"href":"https:\/\/blogg.svenskakyrkan.se\/vandravagen\/wp-json\/wp\/v2\/types\/post"}],"author":[{"embeddable":true,"href":"https:\/\/blogg.svenskakyrkan.se\/vandravagen\/wp-json\/wp\/v2\/users\/392"}],"replies":[{"embeddable":true,"href":"https:\/\/blogg.svenskakyrkan.se\/vandravagen\/wp-json\/wp\/v2\/comments?post=9029"}],"version-history":[{"count":1,"href":"https:\/\/blogg.svenskakyrkan.se\/vandravagen\/wp-json\/wp\/v2\/posts\/9029\/revisions"}],"predecessor-version":[{"id":9031,"href":"https:\/\/blogg.svenskakyrkan.se\/vandravagen\/wp-json\/wp\/v2\/posts\/9029\/revisions\/9031"}],"wp:featuredmedia":[{"embeddable":true,"href":"https:\/\/blogg.svenskakyrkan.se\/vandravagen\/wp-json\/wp\/v2\/media\/9030"}],"wp:attachment":[{"href":"https:\/\/blogg.svenskakyrkan.se\/vandravagen\/wp-json\/wp\/v2\/media?parent=9029"}],"wp:term":[{"taxonomy":"category","embeddable":true,"href":"https:\/\/blogg.svenskakyrkan.se\/vandravagen\/wp-json\/wp\/v2\/categories?post=9029"},{"taxonomy":"post_tag","embeddable":true,"href":"https:\/\/blogg.svenskakyrkan.se\/vandravagen\/wp-json\/wp\/v2\/tags?post=9029"}],"curies":[{"name":"wp","href":"https:\/\/api.w.org\/{rel}","templated":true}]}}